{"id":67762,"date":"2026-04-04T07:00:00","date_gmt":"2026-04-04T10:00:00","guid":{"rendered":"http:\/\/patagoniambiental.com.ar\/info\/?p=67762"},"modified":"2026-04-05T00:18:34","modified_gmt":"2026-04-05T03:18:34","slug":"arbustos-bondadosos-las-jarillas","status":"publish","type":"post","link":"https:\/\/patagoniambiental.com.ar\/info\/arbustos-bondadosos-las-jarillas\/","title":{"rendered":"El Secreto Mejor Guardado del Monte Neuquino: Las Jarillas que Curan, Orientan y Perfuman la Patagonia"},"content":{"rendered":"\n<!--more-->\n\n\n\n<p>\ud83c\udf3f <\/p>\n\n\n\n<p>Neuquen, Provincia de Neuquen, 19 de marzo de 2026. En el coraz\u00f3n del Monte patag\u00f3nico, all\u00ed donde el viento golpea con fuerza y la lluvia es un privilegio estacional, crece silenciosamente una de las especies m\u00e1s resilientes y fascinantes de la flora argentina: las jarillas. En tiempos donde la biodiversidad, las plantas medicinales y el turismo natural despiertan cada vez mayor inter\u00e9s en Google, este arbusto nativo vuelve a ocupar un lugar central en las b\u00fasquedas relacionadas con \u201cpropiedades de la jarilla\u201d, \u201cjarilla macho y hembra diferencias\u201d y \u201cplantas medicinales de Neuqu\u00e9n\u201d.<\/p>\n\n\n\n<p>Pero lo que muchos no saben es que detr\u00e1s de su aroma inconfundible tras la lluvia de verano, existe una historia bot\u00e1nica, cultural y medicinal que combina saberes ancestrales, ciencia moderna y una sorprendente capacidad de adaptaci\u00f3n al clima extremo de la Patagonia argentina.<\/p>\n\n\n\n<p>Hoy te contamos por qu\u00e9 la jarilla es considerada uno de los arbustos m\u00e1s nobles del ecosistema neuquino, qu\u00e9 tipos existen, cu\u00e1les son sus usos medicinales comprobados, c\u00f3mo identificarlas en el campo y por qu\u00e9 su presencia en las bardas y jarillales es clave para el equilibrio ambiental de la regi\u00f3n.<\/p>\n\n\n\n<p>\ud83c\udf0e <strong>La Jarilla en el Monte Patag\u00f3nico: Un Arbusto Adaptado al Clima Extremo<\/strong><\/p>\n\n\n\n<p>La jarilla es uno de los arbustos caracter\u00edsticos del Monte, una ecorregi\u00f3n que se extiende por el oeste argentino y que en la provincia de Neuqu\u00e9n forma parte esencial del paisaje de bardas y planicies \u00e1ridas. Este ecosistema se caracteriza por su baja precipitaci\u00f3n anual, suelos arcillosos, temperaturas extremas entre estaciones y una fuerte exposici\u00f3n solar.<\/p>\n\n\n\n<p>En este contexto hostil, la jarilla ha desarrollado adaptaciones sorprendentes que le permiten sobrevivir donde otras especies no podr\u00edan. Sus hojas peque\u00f1as, cubiertas por una capa de resina arom\u00e1tica, reducen al m\u00ednimo la p\u00e9rdida de agua por evaporaci\u00f3n. Este mecanismo natural la convierte en una especie modelo de estudio dentro de la bot\u00e1nica aplicada a climas \u00e1ridos y semi\u00e1ridos.<\/p>\n\n\n\n<p>Adem\u00e1s, su sistema radicular profundo le permite aprovechar las escasas lluvias, consolidando su presencia en los llamados \u201cjarillales\u201d, formaciones vegetales dominadas por esta especie que cumplen una funci\u00f3n ecol\u00f3gica fundamental: proteger el suelo de la erosi\u00f3n y servir de refugio para fauna local.<\/p>\n\n\n\n<p>\ud83c\udf31 <strong>Tipos de Jarillas en Neuqu\u00e9n: Diferencias Entre Jarilla Macho, Hembra y Crespa<\/strong><\/p>\n\n\n\n<p>En la regi\u00f3n conviven principalmente tres especies del g\u00e9nero Larrea, todas pertenecientes a la familia Zygophyllaceae. Aunque popularmente se las conoce como jarilla macho y jarilla hembra, esta denominaci\u00f3n no responde a una diferenciaci\u00f3n sexual real, ya que todas las jarillas poseen flores hermafroditas.<\/p>\n\n\n\n<p>\ud83c\udf3f 1. <strong>Jarilla Hembra \u2013 Larrea divaricata<\/strong><\/p>\n\n\n\n<p>La jarilla hembra (Larrea divaricata) se reconoce f\u00e1cilmente por sus hojas compuestas por dos fol\u00edolos bien diferenciados, lo que genera una peque\u00f1a divisi\u00f3n visible en el centro. Es una de las especies m\u00e1s extendidas en el centro y norte de la Patagonia y puede alcanzar hasta tres metros de altura en condiciones favorables.<\/p>\n\n\n\n<p>En t\u00e9rminos ecol\u00f3gicos, cumple un rol fundamental como estabilizadora de suelos arcillosos e inundables. Su floraci\u00f3n amarilla intensa no solo aporta belleza al paisaje sino que atrae insectos polinizadores esenciales para el equilibrio del ecosistema.<\/p>\n\n\n\n<p>\ud83c\udf3f 2. <strong>Jarilla Macho \u2013 Larrea cuneifolia<\/strong><\/p>\n\n\n\n<p><\/p>\n\n\n\n<p>La jarilla macho (Larrea cuneifolia) presenta hojas cuyos fol\u00edolos est\u00e1n casi unidos hasta el extremo, lo que la diferencia visualmente de la hembra. Popularmente tambi\u00e9n es conocida como \u201cla orientadora\u201d o \u201cplanta br\u00fajula\u201d, ya que sus ramas tienden a crecer en un plano norte-sur, fen\u00f3meno que hist\u00f3ricamente fue utilizado como referencia por pobladores rurales en d\u00edas nublados.<\/p>\n\n\n\n<p>Esta particularidad bot\u00e1nica ha despertado curiosidad tanto en estudios cient\u00edficos como en b\u00fasquedas online relacionadas con \u201cplanta que indica el norte\u201d o \u201cjarilla br\u00fajula Patagonia\u201d.<\/p>\n\n\n\n<p>\ud83c\udf3f 3. <strong>Jarilla Crespa o de R\u00edo \u2013 Larrea nitida<\/strong><\/p>\n\n\n\n<p>La jarilla crespa o de r\u00edo (Larrea nitida) suele encontrarse en zonas m\u00e1s h\u00famedas dentro del Monte, particularmente cerca de cursos de agua temporarios. Se distingue por su aspecto m\u00e1s brillante y follaje ligeramente m\u00e1s denso. Aunque menos conocida que las anteriores, tambi\u00e9n forma parte de los jarillales y posee propiedades medicinales similares.<\/p>\n\n\n\n<p>\ud83c\udf3c <strong>Propiedades Medicinales de la Jarilla: Usos Ancestrales y Actualidad<\/strong><\/p>\n\n\n\n<p>Las b\u00fasquedas sobre \u201cpara qu\u00e9 sirve la jarilla\u201d han crecido considerablemente en los \u00faltimos a\u00f1os, especialmente dentro del inter\u00e9s global por las plantas medicinales argentinas.<\/p>\n\n\n\n<p>Los saberes ancestrales de pueblos originarios y comunidades rurales han utilizado la jarilla durante generaciones por sus propiedades antiinflamatorias, antimicrobianas y cicatrizantes. En forma de crema o ung\u00fcento, se emplea tradicionalmente para aliviar dolores articulares y musculares. Tambi\u00e9n se prepara en infusi\u00f3n para lavado capilar, atribuy\u00e9ndosele beneficios para estimular el crecimiento del cabello y fortalecer el cuero cabelludo.<\/p>\n\n\n\n<p>Diversos estudios fitoqu\u00edmicos han identificado en el g\u00e9nero Larrea compuestos antioxidantes y fen\u00f3licos, lo que explica parte de su actividad biol\u00f3gica. No obstante, siempre se recomienda el asesoramiento profesional antes de su uso medicinal, especialmente en embarazadas o personas con tratamientos m\u00e9dicos.<\/p>\n\n\n\n<p>\ud83c\udf27\ufe0f <strong>El Inconfundible Aroma a Jarilla Despu\u00e9s de la Lluvia<\/strong><\/p>\n\n\n\n<p>Uno de los fen\u00f3menos m\u00e1s buscados por turistas y curiosos es el famoso \u201color a tierra mojada\u201d que en la Patagonia adquiere un matiz especial gracias a la resina de la jarilla. Tras una lluvia intensa de verano, el aire se impregna de un aroma fresco, levemente dulce y terroso que muchos describen como uno de los perfumes naturales m\u00e1s caracter\u00edsticos del sur argentino.<\/p>\n\n\n\n<p>Este aroma se libera cuando las gotas impactan sobre la resina acumulada en las hojas, generando una experiencia sensorial \u00fanica. Caminar por las bardas neuquinas despu\u00e9s de una tormenta no es solo un paseo: es una vivencia que conecta paisaje, memoria y naturaleza.<\/p>\n\n\n\n<p>\ud83c\udf3f <strong>Jarilla y Biodiversidad: Importancia Ambiental en Neuqu\u00e9n<\/strong><\/p>\n\n\n\n<p>M\u00e1s all\u00e1 de su valor medicinal y cultural, la jarilla es clave en la conservaci\u00f3n del ecosistema del Monte. Sus ra\u00edces ayudan a fijar el suelo, evitando procesos de desertificaci\u00f3n. Adem\u00e1s, proporciona refugio y alimento a aves, insectos y peque\u00f1os mam\u00edferos.<\/p>\n\n\n\n<p>En espacios urbanos como el Parque Norte de la ciudad de Neuqu\u00e9n, es posible observar ejemplares de jarilla macho y hembra, lo que convierte al lugar en un aula abierta para educaci\u00f3n ambiental y turismo sostenible.<\/p>\n\n\n\n<p>\ud83c\udf0e <strong>Turismo Natural y Educaci\u00f3n Ambiental en la Patagonia<\/strong><\/p>\n\n\n\n<p>La valorizaci\u00f3n de especies nativas como la jarilla forma parte de una tendencia creciente en Argentina hacia el turismo de naturaleza responsable. Cada vez m\u00e1s visitantes buscan experiencias aut\u00e9nticas relacionadas con la flora aut\u00f3ctona, el senderismo interpretativo y la biodiversidad regional.<\/p>\n\n\n\n<p>Incorporar se\u00f1al\u00e9tica educativa, recorridos guiados y contenido digital optimizado sobre jarillas y jarillales no solo fortalece la identidad local, sino que tambi\u00e9n posiciona a Neuqu\u00e9n como referente en conservaci\u00f3n ambiental y divulgaci\u00f3n cient\u00edfica.<\/p>\n\n\n\n<p>\ud83d\udd0e<\/p>\n\n\n\n<p><\/p>\n","protected":false},"excerpt":{"rendered":"","protected":false},"author":6,"featured_media":67763,"comment_status":"open","ping_status":"open","sticky":false,"template":"","format":"standard","meta":{"site-sidebar-layout":"default","site-content-layout":"","ast-site-content-layout":"default","site-content-style":"default","site-sidebar-style":"default","ast-global-header-display":"","ast-banner-title-visibility":"","ast-main-header-display":"","ast-hfb-above-header-display":"","ast-hfb-below-header-display":"","ast-hfb-mobile-header-display":"","site-post-title":"","ast-breadcrumbs-content":"","ast-featured-img":"","footer-sml-layout":"","ast-disable-related-posts":"","theme-transparent-header-meta":"","adv-header-id-meta":"","stick-header-meta":"","header-above-stick-meta":"","header-main-stick-meta":"","header-below-stick-meta":"","astra-migrate-meta-layouts":"default","ast-page-background-enabled":"default","ast-page-background-meta":{"desktop":{"background-color":"var(--ast-global-color-5)","background-image":"","background-repeat":"repeat","background-position":"center center","background-size":"auto","background-attachment":"scroll","background-type":"","background-media":"","overlay-type":"","overlay-color":"","overlay-opacity":"","overlay-gradient":""},"tablet":{"background-color":"","background-image":"","background-repeat":"repeat","background-position":"center center","background-size":"auto","background-attachment":"scroll","background-type":"","background-media":"","overlay-type":"","overlay-color":"","overlay-opacity":"","overlay-gradient":""},"mobile":{"background-color":"","background-image":"","background-repeat":"repeat","background-position":"center center","background-size":"auto","background-attachment":"scroll","background-type":"","background-media":"","overlay-type":"","overlay-color":"","overlay-opacity":"","overlay-gradient":""}},"ast-content-background-meta":{"desktop":{"background-color":"var(--ast-global-color-4)","background-image":"","background-repeat":"repeat","background-position":"center center","background-size":"auto","background-attachment":"scroll","background-type":"","background-media":"","overlay-type":"","overlay-color":"","overlay-opacity":"","overlay-gradient":""},"tablet":{"background-color":"var(--ast-global-color-4)","background-image":"","background-repeat":"repeat","background-position":"center center","background-size":"auto","background-attachment":"scroll","background-type":"","background-media":"","overlay-type":"","overlay-color":"","overlay-opacity":"","overlay-gradient":""},"mobile":{"background-color":"var(--ast-global-color-4)","background-image":"","background-repeat":"repeat","background-position":"center center","background-size":"auto","background-attachment":"scroll","background-type":"","background-media":"","overlay-type":"","overlay-color":"","overlay-opacity":"","overlay-gradient":""}},"footnotes":""},"categories":[3448,1],"tags":[],"class_list":["post-67762","post","type-post","status-publish","format-standard","has-post-thumbnail","hentry","category-biodiversidad","category-noticias"],"yoast_head":"<!-- This site is optimized with the Yoast SEO Premium plugin v23.0 (Yoast SEO v27.5) - https:\/\/yoast.com\/product\/yoast-seo-premium-wordpress\/ -->\n<title>El Secreto Mejor Guardado del Monte Neuquino: Las Jarillas que Curan, Orientan y Perfuman la Patagonia En el coraz\u00f3n del Monte patag\u00f3nico, all\u00ed donde el viento golpea con fuerza y la lluvia es un privilegio estacional, crece silenciosamente<\/title>\n<meta name=\"description\" content=\"En el coraz\u00f3n del Monte patag\u00f3nico, all\u00ed donde el viento golpea con fuerza y la lluvia es un privilegio estacional, crece silenciosamente\" \/>\n<meta name=\"robots\" content=\"index, follow, max-snippet:-1, max-image-preview:large, max-video-preview:-1\" \/>\n<link rel=\"canonical\" href=\"https:\/\/patagoniambiental.com.ar\/info\/arbustos-bondadosos-las-jarillas\/\" \/>\n<meta property=\"og:locale\" content=\"es_ES\" \/>\n<meta property=\"og:type\" content=\"article\" \/>\n<meta property=\"og:title\" content=\"El Secreto Mejor Guardado del Monte Neuquino: Las Jarillas que Curan, Orientan y Perfuman la Patagonia\" \/>\n<meta property=\"og:description\" content=\"En el coraz\u00f3n del Monte patag\u00f3nico, all\u00ed donde el viento golpea con fuerza y la lluvia es un privilegio estacional, crece silenciosamente\" \/>\n<meta property=\"og:url\" content=\"https:\/\/patagoniambiental.com.ar\/info\/arbustos-bondadosos-las-jarillas\/\" \/>\n<meta property=\"og:site_name\" content=\"Patagonia Ambiental\" \/>\n<meta property=\"article:publisher\" content=\"https:\/\/www.facebook.com\/patagonia.ambiental\" \/>\n<meta property=\"article:published_time\" content=\"2026-04-04T10:00:00+00:00\" \/>\n<meta property=\"article:modified_time\" content=\"2026-04-05T03:18:34+00:00\" \/>\n<meta property=\"og:image\" content=\"https:\/\/patagoniambiental.com.ar\/info\/wp-content\/uploads\/2020\/08\/jarillas.jpg\" \/>\n\t<meta property=\"og:image:width\" content=\"1051\" \/>\n\t<meta property=\"og:image:height\" content=\"350\" \/>\n\t<meta property=\"og:image:type\" content=\"image\/jpeg\" \/>\n<meta name=\"author\" content=\"BRAIAN ESTEVEZ\" \/>\n<meta name=\"twitter:card\" content=\"summary_large_image\" \/>\n<meta name=\"twitter:creator\" content=\"@PatAmb\" \/>\n<meta name=\"twitter:site\" content=\"@PatAmb\" \/>\n<script type=\"application\/ld+json\" class=\"yoast-schema-graph\">{\"@context\":\"https:\\\/\\\/schema.org\",\"@graph\":[{\"@type\":\"Article\",\"@id\":\"https:\\\/\\\/patagoniambiental.com.ar\\\/info\\\/arbustos-bondadosos-las-jarillas\\\/#article\",\"isPartOf\":{\"@id\":\"https:\\\/\\\/patagoniambiental.com.ar\\\/info\\\/arbustos-bondadosos-las-jarillas\\\/\"},\"author\":{\"name\":\"BRAIAN ESTEVEZ\",\"@id\":\"https:\\\/\\\/patagoniambiental.com.ar\\\/info\\\/#\\\/schema\\\/person\\\/e5af09d700b2e82cb10c6b8800e0c691\"},\"headline\":\"El Secreto Mejor Guardado del Monte Neuquino: Las Jarillas que Curan, Orientan y Perfuman la Patagonia\",\"datePublished\":\"2026-04-04T10:00:00+00:00\",\"dateModified\":\"2026-04-05T03:18:34+00:00\",\"mainEntityOfPage\":{\"@id\":\"https:\\\/\\\/patagoniambiental.com.ar\\\/info\\\/arbustos-bondadosos-las-jarillas\\\/\"},\"wordCount\":1183,\"commentCount\":0,\"publisher\":{\"@id\":\"https:\\\/\\\/patagoniambiental.com.ar\\\/info\\\/#organization\"},\"image\":{\"@id\":\"https:\\\/\\\/patagoniambiental.com.ar\\\/info\\\/arbustos-bondadosos-las-jarillas\\\/#primaryimage\"},\"thumbnailUrl\":\"https:\\\/\\\/patagoniambiental.com.ar\\\/info\\\/wp-content\\\/uploads\\\/2020\\\/08\\\/jarillas.jpg\",\"articleSection\":[\"Biodiversidad\",\"Noticias\"],\"inLanguage\":\"es\",\"potentialAction\":[{\"@type\":\"CommentAction\",\"name\":\"Comment\",\"target\":[\"https:\\\/\\\/patagoniambiental.com.ar\\\/info\\\/arbustos-bondadosos-las-jarillas\\\/#respond\"]}]},{\"@type\":\"WebPage\",\"@id\":\"https:\\\/\\\/patagoniambiental.com.ar\\\/info\\\/arbustos-bondadosos-las-jarillas\\\/\",\"url\":\"https:\\\/\\\/patagoniambiental.com.ar\\\/info\\\/arbustos-bondadosos-las-jarillas\\\/\",\"name\":\"El Secreto Mejor Guardado del Monte Neuquino: Las Jarillas que Curan, Orientan y Perfuman la Patagonia En el coraz\u00f3n del Monte patag\u00f3nico, all\u00ed donde el viento golpea con fuerza y la lluvia es un privilegio estacional, crece silenciosamente\",\"isPartOf\":{\"@id\":\"https:\\\/\\\/patagoniambiental.com.ar\\\/info\\\/#website\"},\"primaryImageOfPage\":{\"@id\":\"https:\\\/\\\/patagoniambiental.com.ar\\\/info\\\/arbustos-bondadosos-las-jarillas\\\/#primaryimage\"},\"image\":{\"@id\":\"https:\\\/\\\/patagoniambiental.com.ar\\\/info\\\/arbustos-bondadosos-las-jarillas\\\/#primaryimage\"},\"thumbnailUrl\":\"https:\\\/\\\/patagoniambiental.com.ar\\\/info\\\/wp-content\\\/uploads\\\/2020\\\/08\\\/jarillas.jpg\",\"datePublished\":\"2026-04-04T10:00:00+00:00\",\"dateModified\":\"2026-04-05T03:18:34+00:00\",\"description\":\"En el coraz\u00f3n del Monte patag\u00f3nico, all\u00ed donde el viento golpea con fuerza y la lluvia es un privilegio estacional, crece silenciosamente\",\"breadcrumb\":{\"@id\":\"https:\\\/\\\/patagoniambiental.com.ar\\\/info\\\/arbustos-bondadosos-las-jarillas\\\/#breadcrumb\"},\"inLanguage\":\"es\",\"potentialAction\":[{\"@type\":\"ReadAction\",\"target\":[\"https:\\\/\\\/patagoniambiental.com.ar\\\/info\\\/arbustos-bondadosos-las-jarillas\\\/\"]}]},{\"@type\":\"ImageObject\",\"inLanguage\":\"es\",\"@id\":\"https:\\\/\\\/patagoniambiental.com.ar\\\/info\\\/arbustos-bondadosos-las-jarillas\\\/#primaryimage\",\"url\":\"https:\\\/\\\/patagoniambiental.com.ar\\\/info\\\/wp-content\\\/uploads\\\/2020\\\/08\\\/jarillas.jpg\",\"contentUrl\":\"https:\\\/\\\/patagoniambiental.com.ar\\\/info\\\/wp-content\\\/uploads\\\/2020\\\/08\\\/jarillas.jpg\",\"width\":1051,\"height\":350},{\"@type\":\"BreadcrumbList\",\"@id\":\"https:\\\/\\\/patagoniambiental.com.ar\\\/info\\\/arbustos-bondadosos-las-jarillas\\\/#breadcrumb\",\"itemListElement\":[{\"@type\":\"ListItem\",\"position\":1,\"name\":\"Inicio\",\"item\":\"https:\\\/\\\/patagoniambiental.com.ar\\\/info\\\/\"},{\"@type\":\"ListItem\",\"position\":2,\"name\":\"El Secreto Mejor Guardado del Monte Neuquino: Las Jarillas que Curan, Orientan y Perfuman la Patagonia\"}]},{\"@type\":\"WebSite\",\"@id\":\"https:\\\/\\\/patagoniambiental.com.ar\\\/info\\\/#website\",\"url\":\"https:\\\/\\\/patagoniambiental.com.ar\\\/info\\\/\",\"name\":\"Patagonia Ambiental\",\"description\":\"Monitoreo y an\u00e1lisis de la situaci\u00f3n geopol\u00edtica en el mundo y su implicancia en la Patagonia\",\"publisher\":{\"@id\":\"https:\\\/\\\/patagoniambiental.com.ar\\\/info\\\/#organization\"},\"potentialAction\":[{\"@type\":\"SearchAction\",\"target\":{\"@type\":\"EntryPoint\",\"urlTemplate\":\"https:\\\/\\\/patagoniambiental.com.ar\\\/info\\\/?s={search_term_string}\"},\"query-input\":{\"@type\":\"PropertyValueSpecification\",\"valueRequired\":true,\"valueName\":\"search_term_string\"}}],\"inLanguage\":\"es\"},{\"@type\":\"Organization\",\"@id\":\"https:\\\/\\\/patagoniambiental.com.ar\\\/info\\\/#organization\",\"name\":\"Patagonia Ambiental\",\"url\":\"https:\\\/\\\/patagoniambiental.com.ar\\\/info\\\/\",\"logo\":{\"@type\":\"ImageObject\",\"inLanguage\":\"es\",\"@id\":\"https:\\\/\\\/patagoniambiental.com.ar\\\/info\\\/#\\\/schema\\\/logo\\\/image\\\/\",\"url\":\"https:\\\/\\\/patagoniambiental.com.ar\\\/info\\\/wp-content\\\/uploads\\\/2025\\\/05\\\/LOGO-PATAGONIA-AMBIENTAL.png\",\"contentUrl\":\"https:\\\/\\\/patagoniambiental.com.ar\\\/info\\\/wp-content\\\/uploads\\\/2025\\\/05\\\/LOGO-PATAGONIA-AMBIENTAL.png\",\"width\":433,\"height\":250,\"caption\":\"Patagonia Ambiental\"},\"image\":{\"@id\":\"https:\\\/\\\/patagoniambiental.com.ar\\\/info\\\/#\\\/schema\\\/logo\\\/image\\\/\"},\"sameAs\":[\"https:\\\/\\\/www.facebook.com\\\/patagonia.ambiental\",\"https:\\\/\\\/x.com\\\/PatAmb\"]},{\"@type\":\"Person\",\"@id\":\"https:\\\/\\\/patagoniambiental.com.ar\\\/info\\\/#\\\/schema\\\/person\\\/e5af09d700b2e82cb10c6b8800e0c691\",\"name\":\"BRAIAN ESTEVEZ\",\"sameAs\":[\"http:\\\/\\\/www.patagoniambiental.com.ar\"]}]}<\/script>\n<!-- \/ Yoast SEO Premium plugin. -->","yoast_head_json":{"title":"El Secreto Mejor Guardado del Monte Neuquino: Las Jarillas que Curan, Orientan y Perfuman la Patagonia En el coraz\u00f3n del Monte patag\u00f3nico, all\u00ed donde el viento golpea con fuerza y la lluvia es un privilegio estacional, crece silenciosamente","description":"En el coraz\u00f3n del Monte patag\u00f3nico, all\u00ed donde el viento golpea con fuerza y la lluvia es un privilegio estacional, crece silenciosamente","robots":{"index":"index","follow":"follow","max-snippet":"max-snippet:-1","max-image-preview":"max-image-preview:large","max-video-preview":"max-video-preview:-1"},"canonical":"https:\/\/patagoniambiental.com.ar\/info\/arbustos-bondadosos-las-jarillas\/","og_locale":"es_ES","og_type":"article","og_title":"El Secreto Mejor Guardado del Monte Neuquino: Las Jarillas que Curan, Orientan y Perfuman la Patagonia","og_description":"En el coraz\u00f3n del Monte patag\u00f3nico, all\u00ed donde el viento golpea con fuerza y la lluvia es un privilegio estacional, crece silenciosamente","og_url":"https:\/\/patagoniambiental.com.ar\/info\/arbustos-bondadosos-las-jarillas\/","og_site_name":"Patagonia Ambiental","article_publisher":"https:\/\/www.facebook.com\/patagonia.ambiental","article_published_time":"2026-04-04T10:00:00+00:00","article_modified_time":"2026-04-05T03:18:34+00:00","og_image":[{"width":1051,"height":350,"url":"https:\/\/patagoniambiental.com.ar\/info\/wp-content\/uploads\/2020\/08\/jarillas.jpg","type":"image\/jpeg"}],"author":"BRAIAN ESTEVEZ","twitter_card":"summary_large_image","twitter_creator":"@PatAmb","twitter_site":"@PatAmb","schema":{"@context":"https:\/\/schema.org","@graph":[{"@type":"Article","@id":"https:\/\/patagoniambiental.com.ar\/info\/arbustos-bondadosos-las-jarillas\/#article","isPartOf":{"@id":"https:\/\/patagoniambiental.com.ar\/info\/arbustos-bondadosos-las-jarillas\/"},"author":{"name":"BRAIAN ESTEVEZ","@id":"https:\/\/patagoniambiental.com.ar\/info\/#\/schema\/person\/e5af09d700b2e82cb10c6b8800e0c691"},"headline":"El Secreto Mejor Guardado del Monte Neuquino: Las Jarillas que Curan, Orientan y Perfuman la Patagonia","datePublished":"2026-04-04T10:00:00+00:00","dateModified":"2026-04-05T03:18:34+00:00","mainEntityOfPage":{"@id":"https:\/\/patagoniambiental.com.ar\/info\/arbustos-bondadosos-las-jarillas\/"},"wordCount":1183,"commentCount":0,"publisher":{"@id":"https:\/\/patagoniambiental.com.ar\/info\/#organization"},"image":{"@id":"https:\/\/patagoniambiental.com.ar\/info\/arbustos-bondadosos-las-jarillas\/#primaryimage"},"thumbnailUrl":"https:\/\/patagoniambiental.com.ar\/info\/wp-content\/uploads\/2020\/08\/jarillas.jpg","articleSection":["Biodiversidad","Noticias"],"inLanguage":"es","potentialAction":[{"@type":"CommentAction","name":"Comment","target":["https:\/\/patagoniambiental.com.ar\/info\/arbustos-bondadosos-las-jarillas\/#respond"]}]},{"@type":"WebPage","@id":"https:\/\/patagoniambiental.com.ar\/info\/arbustos-bondadosos-las-jarillas\/","url":"https:\/\/patagoniambiental.com.ar\/info\/arbustos-bondadosos-las-jarillas\/","name":"El Secreto Mejor Guardado del Monte Neuquino: Las Jarillas que Curan, Orientan y Perfuman la Patagonia En el coraz\u00f3n del Monte patag\u00f3nico, all\u00ed donde el viento golpea con fuerza y la lluvia es un privilegio estacional, crece silenciosamente","isPartOf":{"@id":"https:\/\/patagoniambiental.com.ar\/info\/#website"},"primaryImageOfPage":{"@id":"https:\/\/patagoniambiental.com.ar\/info\/arbustos-bondadosos-las-jarillas\/#primaryimage"},"image":{"@id":"https:\/\/patagoniambiental.com.ar\/info\/arbustos-bondadosos-las-jarillas\/#primaryimage"},"thumbnailUrl":"https:\/\/patagoniambiental.com.ar\/info\/wp-content\/uploads\/2020\/08\/jarillas.jpg","datePublished":"2026-04-04T10:00:00+00:00","dateModified":"2026-04-05T03:18:34+00:00","description":"En el coraz\u00f3n del Monte patag\u00f3nico, all\u00ed donde el viento golpea con fuerza y la lluvia es un privilegio estacional, crece silenciosamente","breadcrumb":{"@id":"https:\/\/patagoniambiental.com.ar\/info\/arbustos-bondadosos-las-jarillas\/#breadcrumb"},"inLanguage":"es","potentialAction":[{"@type":"ReadAction","target":["https:\/\/patagoniambiental.com.ar\/info\/arbustos-bondadosos-las-jarillas\/"]}]},{"@type":"ImageObject","inLanguage":"es","@id":"https:\/\/patagoniambiental.com.ar\/info\/arbustos-bondadosos-las-jarillas\/#primaryimage","url":"https:\/\/patagoniambiental.com.ar\/info\/wp-content\/uploads\/2020\/08\/jarillas.jpg","contentUrl":"https:\/\/patagoniambiental.com.ar\/info\/wp-content\/uploads\/2020\/08\/jarillas.jpg","width":1051,"height":350},{"@type":"BreadcrumbList","@id":"https:\/\/patagoniambiental.com.ar\/info\/arbustos-bondadosos-las-jarillas\/#breadcrumb","itemListElement":[{"@type":"ListItem","position":1,"name":"Inicio","item":"https:\/\/patagoniambiental.com.ar\/info\/"},{"@type":"ListItem","position":2,"name":"El Secreto Mejor Guardado del Monte Neuquino: Las Jarillas que Curan, Orientan y Perfuman la Patagonia"}]},{"@type":"WebSite","@id":"https:\/\/patagoniambiental.com.ar\/info\/#website","url":"https:\/\/patagoniambiental.com.ar\/info\/","name":"Patagonia Ambiental","description":"Monitoreo y an\u00e1lisis de la situaci\u00f3n geopol\u00edtica en el mundo y su implicancia en la Patagonia","publisher":{"@id":"https:\/\/patagoniambiental.com.ar\/info\/#organization"},"potentialAction":[{"@type":"SearchAction","target":{"@type":"EntryPoint","urlTemplate":"https:\/\/patagoniambiental.com.ar\/info\/?s={search_term_string}"},"query-input":{"@type":"PropertyValueSpecification","valueRequired":true,"valueName":"search_term_string"}}],"inLanguage":"es"},{"@type":"Organization","@id":"https:\/\/patagoniambiental.com.ar\/info\/#organization","name":"Patagonia Ambiental","url":"https:\/\/patagoniambiental.com.ar\/info\/","logo":{"@type":"ImageObject","inLanguage":"es","@id":"https:\/\/patagoniambiental.com.ar\/info\/#\/schema\/logo\/image\/","url":"https:\/\/patagoniambiental.com.ar\/info\/wp-content\/uploads\/2025\/05\/LOGO-PATAGONIA-AMBIENTAL.png","contentUrl":"https:\/\/patagoniambiental.com.ar\/info\/wp-content\/uploads\/2025\/05\/LOGO-PATAGONIA-AMBIENTAL.png","width":433,"height":250,"caption":"Patagonia Ambiental"},"image":{"@id":"https:\/\/patagoniambiental.com.ar\/info\/#\/schema\/logo\/image\/"},"sameAs":["https:\/\/www.facebook.com\/patagonia.ambiental","https:\/\/x.com\/PatAmb"]},{"@type":"Person","@id":"https:\/\/patagoniambiental.com.ar\/info\/#\/schema\/person\/e5af09d700b2e82cb10c6b8800e0c691","name":"BRAIAN ESTEVEZ","sameAs":["http:\/\/www.patagoniambiental.com.ar"]}]}},"_links":{"self":[{"href":"https:\/\/patagoniambiental.com.ar\/info\/wp-json\/wp\/v2\/posts\/67762","targetHints":{"allow":["GET"]}}],"collection":[{"href":"https:\/\/patagoniambiental.com.ar\/info\/wp-json\/wp\/v2\/posts"}],"about":[{"href":"https:\/\/patagoniambiental.com.ar\/info\/wp-json\/wp\/v2\/types\/post"}],"author":[{"embeddable":true,"href":"https:\/\/patagoniambiental.com.ar\/info\/wp-json\/wp\/v2\/users\/6"}],"replies":[{"embeddable":true,"href":"https:\/\/patagoniambiental.com.ar\/info\/wp-json\/wp\/v2\/comments?post=67762"}],"version-history":[{"count":1,"href":"https:\/\/patagoniambiental.com.ar\/info\/wp-json\/wp\/v2\/posts\/67762\/revisions"}],"predecessor-version":[{"id":100732,"href":"https:\/\/patagoniambiental.com.ar\/info\/wp-json\/wp\/v2\/posts\/67762\/revisions\/100732"}],"wp:featuredmedia":[{"embeddable":true,"href":"https:\/\/patagoniambiental.com.ar\/info\/wp-json\/wp\/v2\/media\/67763"}],"wp:attachment":[{"href":"https:\/\/patagoniambiental.com.ar\/info\/wp-json\/wp\/v2\/media?parent=67762"}],"wp:term":[{"taxonomy":"category","embeddable":true,"href":"https:\/\/patagoniambiental.com.ar\/info\/wp-json\/wp\/v2\/categories?post=67762"},{"taxonomy":"post_tag","embeddable":true,"href":"https:\/\/patagoniambiental.com.ar\/info\/wp-json\/wp\/v2\/tags?post=67762"}],"curies":[{"name":"wp","href":"https:\/\/api.w.org\/{rel}","templated":true}]}}