{"id":6795,"date":"2015-01-05T16:00:40","date_gmt":"2015-01-05T19:00:40","guid":{"rendered":"http:\/\/patagoniambiental.com.ar\/?p=6795"},"modified":"2015-01-05T16:00:40","modified_gmt":"2015-01-05T19:00:40","slug":"aguas-rionegrinas-concreto-importantes-obras-para-bariloche-durante-2014","status":"publish","type":"post","link":"https:\/\/patagoniambiental.com.ar\/info\/aguas-rionegrinas-concreto-importantes-obras-para-bariloche-durante-2014\/","title":{"rendered":"Aguas Rionegrinas concret\u00f3 importantes obras para Bariloche durante 2014"},"content":{"rendered":"<p style=\"text-align: justify\">Viedma &#8211; La empresa estatal Aguas Rionegrinas concret\u00f3, en el a\u00f1o 2014, distintas obras en San Carlos de Bariloche con el fin de mejorar el servicio de agua potable.<!--more--><\/p>\n<p style=\"text-align: justify\">\n<p style=\"text-align: justify\">Los trabajos se realizaron en distintos barrios de la ciudad, con el objetivo de mejorar la presi\u00f3n y la llegada del recurso en sectores que no contaban con el servicio.<\/p>\n<p style=\"text-align: justify\">\n<p style=\"text-align: justify\">El presidente de Aguas Rionegrinas, Roger Garc\u00eda, adelant\u00f3 que los trabajos tendr\u00e1n continuidad en 2015, ya que \u201cla idea es mejorar a\u00fan m\u00e1s la manera en que brindamos el servicio en la ciudad\u201d.<\/p>\n<p style=\"text-align: justify\">\n<p style=\"text-align: justify\">Asimismo record\u00f3 que \u201cno es un dato menor que la empresa estatal presta el servicio de agua potable y cloacas a 40 localidades y 32 parajes de la provincia, para abastecer de este elemento vital a m\u00e1s de 552 mil habitantes de zonas urbanas y rurales. Es por ello que trabajamos para mejorar el servicio d\u00eda a d\u00eda\u201d, tal como afirm\u00f3.<\/p>\n<p style=\"text-align: justify\">\n<p style=\"text-align: justify\">Algunas de las obras concretadas por Aguas Rionegrinas fueron la colocaci\u00f3n y puesta en funcionamiento de un filtro ultrar\u00e1pido en el barrio Jard\u00edn Bot\u00e1nico con capacidad de producci\u00f3n de 200m3\/h.<\/p>\n<p style=\"text-align: justify\">\n<p style=\"text-align: justify\">Se realiz\u00f3 la obra de vinculaci\u00f3n en el barrio 34 Hect\u00e1reas y Frutillar Alto, donde se coloc\u00f3 una ca\u00f1er\u00eda de vinculaci\u00f3n, un tramo de reemplazo y aumento de di\u00e1metro del acueducto que transporta agua para aumentar el caudal.<\/p>\n<p style=\"text-align: justify\">\n<p style=\"text-align: justify\">Adem\u00e1s, se construy\u00f3 y coloc\u00f3 un grupo presurizador de velocidad variable y presi\u00f3n constante para reemplazo con aumento de capacidad del existente para mejorar la prestaci\u00f3n en la zona este de la ciudad. Y se colocaron 3 v\u00e1lvulas reguladoras de presi\u00f3n en el Barrio Cipresales.<\/p>\n<p style=\"text-align: justify\">\n<p style=\"text-align: justify\">Vale mencionar que dichos trabajos fueron financiados, realizados y llevados a cabo completamente por Aguas Rionegrinas.<\/p>\n<p style=\"text-align: justify\">\n<p style=\"text-align: justify\">Por otro lado, la empresa supervis\u00f3 trabajos de obras realizadas por distintas empresas tales como: la instalaci\u00f3n de la 5\u00ba bomba en la Toma del Lago, para aumentar el caudal producido.<\/p>\n<p style=\"text-align: justify\">\n<p style=\"text-align: justify\">La restituci\u00f3n del sistema de Agua en el kil\u00f3metro 23 y los barrios Suyai y Lago Moreno 2. Se trata de la construcci\u00f3n de un nuevo m\u00f3dulo de toma, ca\u00f1er\u00eda de impulsi\u00f3n, provisi\u00f3n de una planta potabilizadora, construcci\u00f3n de una nueva cisterna de 100m3 y ejecuci\u00f3n de 5000m de redes de agua.<\/p>\n<p style=\"text-align: justify\">\n<p style=\"text-align: justify\">Adem\u00e1s, se realiz\u00f3 la adecuaci\u00f3n del sistema de agua potable en el barrio Villa Lago Gutierrez. La reconstrucci\u00f3n y acondicionamiento de la obra de toma y decantadores del sistema de provisi\u00f3n de agua del arroyo \u00d1ireco.<\/p>\n","protected":false},"excerpt":{"rendered":"<p>Viedma &#8211; La empresa estatal Aguas Rionegrinas concret\u00f3, en el a\u00f1o 2014, distintas obras en San Carlos de Bariloche con [&hellip;]<\/p>\n","protected":false},"author":2,"featured_media":6796,"comment_status":"closed","ping_status":"closed","sticky":false,"template":"","format":"standard","meta":{"site-sidebar-layout":"default","site-content-layout":"","ast-site-content-layout":"default","site-content-style":"default","site-sidebar-style":"default","ast-global-header-display":"","ast-banner-title-visibility":"","ast-main-header-display":"","ast-hfb-above-header-display":"","ast-hfb-below-header-display":"","ast-hfb-mobile-header-display":"","site-post-title":"","ast-breadcrumbs-content":"","ast-featured-img":"","footer-sml-layout":"","ast-disable-related-posts":"","theme-transparent-header-meta":"","adv-header-id-meta":"","stick-header-meta":"","header-above-stick-meta":"","header-main-stick-meta":"","header-below-stick-meta":"","astra-migrate-meta-layouts":"default","ast-page-background-enabled":"default","ast-page-background-meta":{"desktop":{"background-color":"var(--ast-global-color-5)","background-image":"","background-repeat":"repeat","background-position":"center center","background-size":"auto","background-attachment":"scroll","background-type":"","background-media":"","overlay-type":"","overlay-color":"","overlay-opacity":"","overlay-gradient":""},"tablet":{"background-color":"","background-image":"","background-repeat":"repeat","background-position":"center center","background-size":"auto","background-attachment":"scroll","background-type":"","background-media":"","overlay-type":"","overlay-color":"","overlay-opacity":"","overlay-gradient":""},"mobile":{"background-color":"","background-image":"","background-repeat":"repeat","background-position":"center center","background-size":"auto","background-attachment":"scroll","background-type":"","background-media":"","overlay-type":"","overlay-color":"","overlay-opacity":"","overlay-gradient":""}},"ast-content-background-meta":{"desktop":{"background-color":"var(--ast-global-color-4)","background-image":"","background-repeat":"repeat","background-position":"center center","background-size":"auto","background-attachment":"scroll","background-type":"","background-media":"","overlay-type":"","overlay-color":"","overlay-opacity":"","overlay-gradient":""},"tablet":{"background-color":"var(--ast-global-color-4)","background-image":"","background-repeat":"repeat","background-position":"center center","background-size":"auto","background-attachment":"scroll","background-type":"","background-media":"","overlay-type":"","overlay-color":"","overlay-opacity":"","overlay-gradient":""},"mobile":{"background-color":"var(--ast-global-color-4)","background-image":"","background-repeat":"repeat","background-position":"center center","background-size":"auto","background-attachment":"scroll","background-type":"","background-media":"","overlay-type":"","overlay-color":"","overlay-opacity":"","overlay-gradient":""}},"footnotes":""},"categories":[1,13,14],"tags":[2057,1820,806,1179,2058],"class_list":["post-6795","post","type-post","status-publish","format-standard","has-post-thumbnail","hentry","category-noticias","category-provinciales","category-rio-negro","tag-2057","tag-aguas-rionegrinas","tag-bariloche","tag-obras","tag-roger-garcia"],"yoast_head":"<!-- This site is optimized with the Yoast SEO Premium plugin v23.0 (Yoast SEO v27.5) - https:\/\/yoast.com\/product\/yoast-seo-premium-wordpress\/ -->\n<title>Aguas Rionegrinas concret\u00f3 importantes obras para Bariloche durante 2014<\/title>\n<meta name=\"robots\" content=\"index, follow, max-snippet:-1, max-image-preview:large, max-video-preview:-1\" \/>\n<link rel=\"canonical\" href=\"https:\/\/patagoniambiental.com.ar\/info\/aguas-rionegrinas-concreto-importantes-obras-para-bariloche-durante-2014\/\" \/>\n<meta property=\"og:locale\" content=\"es_ES\" \/>\n<meta property=\"og:type\" content=\"article\" \/>\n<meta property=\"og:title\" content=\"Aguas Rionegrinas concret\u00f3 importantes obras para Bariloche durante 2014\" \/>\n<meta property=\"og:description\" content=\"Viedma &#8211; La empresa estatal Aguas Rionegrinas concret\u00f3, en el a\u00f1o 2014, distintas obras en San Carlos de Bariloche con [&hellip;]\" \/>\n<meta property=\"og:url\" content=\"https:\/\/patagoniambiental.com.ar\/info\/aguas-rionegrinas-concreto-importantes-obras-para-bariloche-durante-2014\/\" \/>\n<meta property=\"og:site_name\" content=\"Patagonia Ambiental\" \/>\n<meta property=\"article:publisher\" content=\"https:\/\/www.facebook.com\/patagonia.ambiental\" \/>\n<meta property=\"article:author\" content=\"https:\/\/www.facebook.com\/share\/1C1V8Gv9BX\/?mibextid=qi2Omg\" \/>\n<meta property=\"article:published_time\" content=\"2015-01-05T19:00:40+00:00\" \/>\n<meta name=\"author\" content=\"Patagonia Ambiental\" \/>\n<meta name=\"twitter:card\" content=\"summary_large_image\" \/>\n<meta name=\"twitter:creator\" content=\"@PatAmb\" \/>\n<meta name=\"twitter:site\" content=\"@PatAmb\" \/>\n<script type=\"application\/ld+json\" class=\"yoast-schema-graph\">{\"@context\":\"https:\\\/\\\/schema.org\",\"@graph\":[{\"@type\":\"Article\",\"@id\":\"https:\\\/\\\/patagoniambiental.com.ar\\\/info\\\/aguas-rionegrinas-concreto-importantes-obras-para-bariloche-durante-2014\\\/#article\",\"isPartOf\":{\"@id\":\"https:\\\/\\\/patagoniambiental.com.ar\\\/info\\\/aguas-rionegrinas-concreto-importantes-obras-para-bariloche-durante-2014\\\/\"},\"author\":{\"name\":\"Patagonia Ambiental\",\"@id\":\"https:\\\/\\\/patagoniambiental.com.ar\\\/info\\\/#\\\/schema\\\/person\\\/db12bff64bbcbf6a253710bf0ea37b5d\"},\"headline\":\"Aguas Rionegrinas concret\u00f3 importantes obras para Bariloche durante 2014\",\"datePublished\":\"2015-01-05T19:00:40+00:00\",\"mainEntityOfPage\":{\"@id\":\"https:\\\/\\\/patagoniambiental.com.ar\\\/info\\\/aguas-rionegrinas-concreto-importantes-obras-para-bariloche-durante-2014\\\/\"},\"wordCount\":440,\"publisher\":{\"@id\":\"https:\\\/\\\/patagoniambiental.com.ar\\\/info\\\/#organization\"},\"image\":{\"@id\":\"https:\\\/\\\/patagoniambiental.com.ar\\\/info\\\/aguas-rionegrinas-concreto-importantes-obras-para-bariloche-durante-2014\\\/#primaryimage\"},\"thumbnailUrl\":\"\",\"keywords\":[\"2014\",\"Aguas rionegrinas\",\"Bariloche\",\"obras\",\"roger garc\u00eda\"],\"articleSection\":[\"Noticias\",\"Provinciales\",\"R\u00edo Negro\"],\"inLanguage\":\"es\"},{\"@type\":\"WebPage\",\"@id\":\"https:\\\/\\\/patagoniambiental.com.ar\\\/info\\\/aguas-rionegrinas-concreto-importantes-obras-para-bariloche-durante-2014\\\/\",\"url\":\"https:\\\/\\\/patagoniambiental.com.ar\\\/info\\\/aguas-rionegrinas-concreto-importantes-obras-para-bariloche-durante-2014\\\/\",\"name\":\"Aguas Rionegrinas concret\u00f3 importantes obras para Bariloche durante 2014\",\"isPartOf\":{\"@id\":\"https:\\\/\\\/patagoniambiental.com.ar\\\/info\\\/#website\"},\"primaryImageOfPage\":{\"@id\":\"https:\\\/\\\/patagoniambiental.com.ar\\\/info\\\/aguas-rionegrinas-concreto-importantes-obras-para-bariloche-durante-2014\\\/#primaryimage\"},\"image\":{\"@id\":\"https:\\\/\\\/patagoniambiental.com.ar\\\/info\\\/aguas-rionegrinas-concreto-importantes-obras-para-bariloche-durante-2014\\\/#primaryimage\"},\"thumbnailUrl\":\"\",\"datePublished\":\"2015-01-05T19:00:40+00:00\",\"breadcrumb\":{\"@id\":\"https:\\\/\\\/patagoniambiental.com.ar\\\/info\\\/aguas-rionegrinas-concreto-importantes-obras-para-bariloche-durante-2014\\\/#breadcrumb\"},\"inLanguage\":\"es\",\"potentialAction\":[{\"@type\":\"ReadAction\",\"target\":[\"https:\\\/\\\/patagoniambiental.com.ar\\\/info\\\/aguas-rionegrinas-concreto-importantes-obras-para-bariloche-durante-2014\\\/\"]}]},{\"@type\":\"ImageObject\",\"inLanguage\":\"es\",\"@id\":\"https:\\\/\\\/patagoniambiental.com.ar\\\/info\\\/aguas-rionegrinas-concreto-importantes-obras-para-bariloche-durante-2014\\\/#primaryimage\",\"url\":\"\",\"contentUrl\":\"\"},{\"@type\":\"BreadcrumbList\",\"@id\":\"https:\\\/\\\/patagoniambiental.com.ar\\\/info\\\/aguas-rionegrinas-concreto-importantes-obras-para-bariloche-durante-2014\\\/#breadcrumb\",\"itemListElement\":[{\"@type\":\"ListItem\",\"position\":1,\"name\":\"Inicio\",\"item\":\"https:\\\/\\\/patagoniambiental.com.ar\\\/info\\\/\"},{\"@type\":\"ListItem\",\"position\":2,\"name\":\"Aguas Rionegrinas concret\u00f3 importantes obras para Bariloche durante 2014\"}]},{\"@type\":\"WebSite\",\"@id\":\"https:\\\/\\\/patagoniambiental.com.ar\\\/info\\\/#website\",\"url\":\"https:\\\/\\\/patagoniambiental.com.ar\\\/info\\\/\",\"name\":\"Patagonia Ambiental\",\"description\":\"Monitoreo y an\u00e1lisis de la situaci\u00f3n geopol\u00edtica en el mundo y su implicancia en la Patagonia\",\"publisher\":{\"@id\":\"https:\\\/\\\/patagoniambiental.com.ar\\\/info\\\/#organization\"},\"potentialAction\":[{\"@type\":\"SearchAction\",\"target\":{\"@type\":\"EntryPoint\",\"urlTemplate\":\"https:\\\/\\\/patagoniambiental.com.ar\\\/info\\\/?s={search_term_string}\"},\"query-input\":{\"@type\":\"PropertyValueSpecification\",\"valueRequired\":true,\"valueName\":\"search_term_string\"}}],\"inLanguage\":\"es\"},{\"@type\":\"Organization\",\"@id\":\"https:\\\/\\\/patagoniambiental.com.ar\\\/info\\\/#organization\",\"name\":\"Patagonia Ambiental\",\"url\":\"https:\\\/\\\/patagoniambiental.com.ar\\\/info\\\/\",\"logo\":{\"@type\":\"ImageObject\",\"inLanguage\":\"es\",\"@id\":\"https:\\\/\\\/patagoniambiental.com.ar\\\/info\\\/#\\\/schema\\\/logo\\\/image\\\/\",\"url\":\"https:\\\/\\\/patagoniambiental.com.ar\\\/info\\\/wp-content\\\/uploads\\\/2025\\\/05\\\/LOGO-PATAGONIA-AMBIENTAL.png\",\"contentUrl\":\"https:\\\/\\\/patagoniambiental.com.ar\\\/info\\\/wp-content\\\/uploads\\\/2025\\\/05\\\/LOGO-PATAGONIA-AMBIENTAL.png\",\"width\":433,\"height\":250,\"caption\":\"Patagonia Ambiental\"},\"image\":{\"@id\":\"https:\\\/\\\/patagoniambiental.com.ar\\\/info\\\/#\\\/schema\\\/logo\\\/image\\\/\"},\"sameAs\":[\"https:\\\/\\\/www.facebook.com\\\/patagonia.ambiental\",\"https:\\\/\\\/x.com\\\/PatAmb\"]},{\"@type\":\"Person\",\"@id\":\"https:\\\/\\\/patagoniambiental.com.ar\\\/info\\\/#\\\/schema\\\/person\\\/db12bff64bbcbf6a253710bf0ea37b5d\",\"name\":\"Patagonia Ambiental\",\"description\":\"Andr\u00e9s Nievas T\u00e9cnico en manejo ambiental, consultor Ambiental y escritor para medios locales e internacionales sobre temas de geopolitica y medio ambiente.\",\"sameAs\":[\"http:\\\/\\\/www.patagoniambiental.com.ar\",\"https:\\\/\\\/www.facebook.com\\\/share\\\/1C1V8Gv9BX\\\/?mibextid=qi2Omg\",\"@patagoniambiental\",\"https:\\\/\\\/youtube.com\\\/@patagoniaambiental2023?si=BLt58t0wuXquxlYZ\"]}]}<\/script>\n<!-- \/ Yoast SEO Premium plugin. -->","yoast_head_json":{"title":"Aguas Rionegrinas concret\u00f3 importantes obras para Bariloche durante 2014","robots":{"index":"index","follow":"follow","max-snippet":"max-snippet:-1","max-image-preview":"max-image-preview:large","max-video-preview":"max-video-preview:-1"},"canonical":"https:\/\/patagoniambiental.com.ar\/info\/aguas-rionegrinas-concreto-importantes-obras-para-bariloche-durante-2014\/","og_locale":"es_ES","og_type":"article","og_title":"Aguas Rionegrinas concret\u00f3 importantes obras para Bariloche durante 2014","og_description":"Viedma &#8211; La empresa estatal Aguas Rionegrinas concret\u00f3, en el a\u00f1o 2014, distintas obras en San Carlos de Bariloche con [&hellip;]","og_url":"https:\/\/patagoniambiental.com.ar\/info\/aguas-rionegrinas-concreto-importantes-obras-para-bariloche-durante-2014\/","og_site_name":"Patagonia Ambiental","article_publisher":"https:\/\/www.facebook.com\/patagonia.ambiental","article_author":"https:\/\/www.facebook.com\/share\/1C1V8Gv9BX\/?mibextid=qi2Omg","article_published_time":"2015-01-05T19:00:40+00:00","author":"Patagonia Ambiental","twitter_card":"summary_large_image","twitter_creator":"@PatAmb","twitter_site":"@PatAmb","schema":{"@context":"https:\/\/schema.org","@graph":[{"@type":"Article","@id":"https:\/\/patagoniambiental.com.ar\/info\/aguas-rionegrinas-concreto-importantes-obras-para-bariloche-durante-2014\/#article","isPartOf":{"@id":"https:\/\/patagoniambiental.com.ar\/info\/aguas-rionegrinas-concreto-importantes-obras-para-bariloche-durante-2014\/"},"author":{"name":"Patagonia Ambiental","@id":"https:\/\/patagoniambiental.com.ar\/info\/#\/schema\/person\/db12bff64bbcbf6a253710bf0ea37b5d"},"headline":"Aguas Rionegrinas concret\u00f3 importantes obras para Bariloche durante 2014","datePublished":"2015-01-05T19:00:40+00:00","mainEntityOfPage":{"@id":"https:\/\/patagoniambiental.com.ar\/info\/aguas-rionegrinas-concreto-importantes-obras-para-bariloche-durante-2014\/"},"wordCount":440,"publisher":{"@id":"https:\/\/patagoniambiental.com.ar\/info\/#organization"},"image":{"@id":"https:\/\/patagoniambiental.com.ar\/info\/aguas-rionegrinas-concreto-importantes-obras-para-bariloche-durante-2014\/#primaryimage"},"thumbnailUrl":"","keywords":["2014","Aguas rionegrinas","Bariloche","obras","roger garc\u00eda"],"articleSection":["Noticias","Provinciales","R\u00edo Negro"],"inLanguage":"es"},{"@type":"WebPage","@id":"https:\/\/patagoniambiental.com.ar\/info\/aguas-rionegrinas-concreto-importantes-obras-para-bariloche-durante-2014\/","url":"https:\/\/patagoniambiental.com.ar\/info\/aguas-rionegrinas-concreto-importantes-obras-para-bariloche-durante-2014\/","name":"Aguas Rionegrinas concret\u00f3 importantes obras para Bariloche durante 2014","isPartOf":{"@id":"https:\/\/patagoniambiental.com.ar\/info\/#website"},"primaryImageOfPage":{"@id":"https:\/\/patagoniambiental.com.ar\/info\/aguas-rionegrinas-concreto-importantes-obras-para-bariloche-durante-2014\/#primaryimage"},"image":{"@id":"https:\/\/patagoniambiental.com.ar\/info\/aguas-rionegrinas-concreto-importantes-obras-para-bariloche-durante-2014\/#primaryimage"},"thumbnailUrl":"","datePublished":"2015-01-05T19:00:40+00:00","breadcrumb":{"@id":"https:\/\/patagoniambiental.com.ar\/info\/aguas-rionegrinas-concreto-importantes-obras-para-bariloche-durante-2014\/#breadcrumb"},"inLanguage":"es","potentialAction":[{"@type":"ReadAction","target":["https:\/\/patagoniambiental.com.ar\/info\/aguas-rionegrinas-concreto-importantes-obras-para-bariloche-durante-2014\/"]}]},{"@type":"ImageObject","inLanguage":"es","@id":"https:\/\/patagoniambiental.com.ar\/info\/aguas-rionegrinas-concreto-importantes-obras-para-bariloche-durante-2014\/#primaryimage","url":"","contentUrl":""},{"@type":"BreadcrumbList","@id":"https:\/\/patagoniambiental.com.ar\/info\/aguas-rionegrinas-concreto-importantes-obras-para-bariloche-durante-2014\/#breadcrumb","itemListElement":[{"@type":"ListItem","position":1,"name":"Inicio","item":"https:\/\/patagoniambiental.com.ar\/info\/"},{"@type":"ListItem","position":2,"name":"Aguas Rionegrinas concret\u00f3 importantes obras para Bariloche durante 2014"}]},{"@type":"WebSite","@id":"https:\/\/patagoniambiental.com.ar\/info\/#website","url":"https:\/\/patagoniambiental.com.ar\/info\/","name":"Patagonia Ambiental","description":"Monitoreo y an\u00e1lisis de la situaci\u00f3n geopol\u00edtica en el mundo y su implicancia en la Patagonia","publisher":{"@id":"https:\/\/patagoniambiental.com.ar\/info\/#organization"},"potentialAction":[{"@type":"SearchAction","target":{"@type":"EntryPoint","urlTemplate":"https:\/\/patagoniambiental.com.ar\/info\/?s={search_term_string}"},"query-input":{"@type":"PropertyValueSpecification","valueRequired":true,"valueName":"search_term_string"}}],"inLanguage":"es"},{"@type":"Organization","@id":"https:\/\/patagoniambiental.com.ar\/info\/#organization","name":"Patagonia Ambiental","url":"https:\/\/patagoniambiental.com.ar\/info\/","logo":{"@type":"ImageObject","inLanguage":"es","@id":"https:\/\/patagoniambiental.com.ar\/info\/#\/schema\/logo\/image\/","url":"https:\/\/patagoniambiental.com.ar\/info\/wp-content\/uploads\/2025\/05\/LOGO-PATAGONIA-AMBIENTAL.png","contentUrl":"https:\/\/patagoniambiental.com.ar\/info\/wp-content\/uploads\/2025\/05\/LOGO-PATAGONIA-AMBIENTAL.png","width":433,"height":250,"caption":"Patagonia Ambiental"},"image":{"@id":"https:\/\/patagoniambiental.com.ar\/info\/#\/schema\/logo\/image\/"},"sameAs":["https:\/\/www.facebook.com\/patagonia.ambiental","https:\/\/x.com\/PatAmb"]},{"@type":"Person","@id":"https:\/\/patagoniambiental.com.ar\/info\/#\/schema\/person\/db12bff64bbcbf6a253710bf0ea37b5d","name":"Patagonia Ambiental","description":"Andr\u00e9s Nievas T\u00e9cnico en manejo ambiental, consultor Ambiental y escritor para medios locales e internacionales sobre temas de geopolitica y medio ambiente.","sameAs":["http:\/\/www.patagoniambiental.com.ar","https:\/\/www.facebook.com\/share\/1C1V8Gv9BX\/?mibextid=qi2Omg","@patagoniambiental","https:\/\/youtube.com\/@patagoniaambiental2023?si=BLt58t0wuXquxlYZ"]}]}},"_links":{"self":[{"href":"https:\/\/patagoniambiental.com.ar\/info\/wp-json\/wp\/v2\/posts\/6795","targetHints":{"allow":["GET"]}}],"collection":[{"href":"https:\/\/patagoniambiental.com.ar\/info\/wp-json\/wp\/v2\/posts"}],"about":[{"href":"https:\/\/patagoniambiental.com.ar\/info\/wp-json\/wp\/v2\/types\/post"}],"author":[{"embeddable":true,"href":"https:\/\/patagoniambiental.com.ar\/info\/wp-json\/wp\/v2\/users\/2"}],"replies":[{"embeddable":true,"href":"https:\/\/patagoniambiental.com.ar\/info\/wp-json\/wp\/v2\/comments?post=6795"}],"version-history":[{"count":0,"href":"https:\/\/patagoniambiental.com.ar\/info\/wp-json\/wp\/v2\/posts\/6795\/revisions"}],"wp:featuredmedia":[{"embeddable":true,"href":"https:\/\/patagoniambiental.com.ar\/info\/wp-json\/"}],"wp:attachment":[{"href":"https:\/\/patagoniambiental.com.ar\/info\/wp-json\/wp\/v2\/media?parent=6795"}],"wp:term":[{"taxonomy":"category","embeddable":true,"href":"https:\/\/patagoniambiental.com.ar\/info\/wp-json\/wp\/v2\/categories?post=6795"},{"taxonomy":"post_tag","embeddable":true,"href":"https:\/\/patagoniambiental.com.ar\/info\/wp-json\/wp\/v2\/tags?post=6795"}],"curies":[{"name":"wp","href":"https:\/\/api.w.org\/{rel}","templated":true}]}}