{"id":67970,"date":"2020-10-29T07:00:05","date_gmt":"2020-10-29T10:00:05","guid":{"rendered":"http:\/\/patagoniambiental.com.ar\/info\/?p=67970"},"modified":"2020-10-28T22:43:13","modified_gmt":"2020-10-29T01:43:13","slug":"desde-viedma-un-nuevo-emprendimiento-turistico-promociona-la-costa-atlantica-rionegrina","status":"publish","type":"post","link":"https:\/\/patagoniambiental.com.ar\/info\/desde-viedma-un-nuevo-emprendimiento-turistico-promociona-la-costa-atlantica-rionegrina\/","title":{"rendered":"Se hizo el Primer Viaje Virtual de la Comarca Viedma-Carmen de Patagones y Camino de La Costa atl\u00e1ntica rionegrina"},"content":{"rendered":"<p>Viedma.-Una de las actividades m\u00e1s perjudicadas por la pandemia fue el Turismo en todo el pa\u00eds pero hay quienes pudieron ver una oportunidad en medio de la crisis y apostar por la costa atl\u00e1ntica rionegrina.<\/p>\n<p><!--more--><\/p>\n<p>Hern\u00e1n Maturi est\u00e1 radicado en Viedma desde fines del 2019 y es parte de un equipo de emprendedores en el \u00e1rea de turismo, creadores de <strong>Patagonia Atl\u00e1ntica <\/strong>e impulsores de este Primer Viaje Virtual para darse a conocer.<\/p>\n<p>En este momento complejo que atraviesa el mundo por el COVID-19, \u201cViajar\u201d sin salir del hogar es posible gracias a la tecnolog\u00eda como las plataformas para reuniones. Este martes 27 de octubre se realiz\u00f3 en la ciudad de Viedma el <strong>Primer Viaje Virtual de la Comarca Viedma-Carmen de Patagones y camino de la costa atl\u00e1ntica rionegrina.<\/strong> El evento se llev\u00f3 a cabo a trav\u00e9s de la plataforma zoom y gratuito y cont\u00f3 con la participaci\u00f3n de unas 60 personas entre locales y de fuera de la zona.<\/p>\n<figure id=\"attachment_69288\" aria-describedby=\"caption-attachment-69288\" style=\"width: 425px\" class=\"wp-caption alignleft\"><img fetchpriority=\"high\" decoding=\"async\" class=\" wp-image-69288\" src=\"https:\/\/patagoniambiental.com.ar\/info\/wp-content\/uploads\/2020\/10\/23-1.jpg\" alt=\"\" width=\"425\" height=\"422\" srcset=\"https:\/\/patagoniambiental.com.ar\/info\/wp-content\/uploads\/2020\/10\/23-1.jpg 535w, https:\/\/patagoniambiental.com.ar\/info\/wp-content\/uploads\/2020\/10\/23-1-150x150.jpg 150w\" sizes=\"(max-width: 425px) 100vw, 425px\" \/><figcaption id=\"caption-attachment-69288\" class=\"wp-caption-text\">El faro m\u00e1s antiguo de Argentina<\/figcaption><\/figure>\n<p>Con esta actividad, que se seguir\u00e1n haciendo, \u00a0se busca potenciar los atractivos tur\u00edsticos de la zona y que los turistas que a\u00fan no conocen puedan hacerlo y descubrir de forma virtual y organizar su pr\u00f3ximo destino de vacaciones o escapadas de findesemana y que por las restricciones que impone la pandemia no pueden hacerlo ahora.<\/p>\n<p>La organizaci\u00f3n estuvo a cargo de la <strong>Agencia Izaba Viajes y Turismo<\/strong> de la ciudad de Bah\u00eda Blanca y de <strong>Patagonia Atl\u00e1ntica<\/strong>, su unidad de negocio promotora del turismo de la ciudad de Viedma a cargo esta ultima de un grupo de emprendedores del sector.\u00a0 El viaje virtual fue presentado por Mauricio Failla, bi\u00f3logo y gu\u00eda tur\u00edstico, gran conocedor de la zona y oriundo de C\u00f3rdoba que vive con su familia en Viedma hace varios a\u00f1os.<\/p>\n<p>Acompa\u00f1aron la actividad: <strong>Hotel Casa Crespo de Carmen de Patagones, Alta Patagonia Apart de Viedma y Puerto Patagonia \u00a0del Balneario El C\u00f3ndor<\/strong>. Al final de la actividad, entre quienes participaron, se sortearon 3 estad\u00edas, una en cada complejo hotelero que apoyo este evento y un tour de avistaje de fauna del bi\u00f3logo que estuvo a cargo de presentar los destinos en este recorrido virtual.<\/p>\n<p>&nbsp;<\/p>\n<p><strong>\u00bfQu\u00e9 es Patagonia Atl\u00e1ntica?<\/strong><\/p>\n<p>Somos un grupo de emprendedores de la ciudad de Viedma, algunos del rubro tur\u00edstico y otros no, que a fines del a\u00f1o 2019 empezamos a dise\u00f1ar un proyecto tur\u00edstico para posicionar a la comarca Viedma-Patagones como la entrada a la Patagonia y su costa atl\u00e1ntica mediante el turismo receptivo con sus playas y a nivel pa\u00eds y del mundo. Esto lo hicimos con el apoyo de la agencia de viajes de la ciudad de Bah\u00eda Blanca, Izaba viajes como empresa madre quien realizara la comercializaci\u00f3n y nosotros seremos promotores. A trav\u00e9s de ellos hemos comenzado con l<img decoding=\"async\" class=\"attachment-266x266 alignleft\" src=\"https:\/\/patagoniambiental.com.ar\/info\/wp-content\/uploads\/2020\/08\/pp-320x320.jpg\" sizes=\"(max-width: 266px) 100vw, 266px\" srcset=\"https:\/\/patagoniambiental.com.ar\/info\/wp-content\/uploads\/2020\/08\/pp-320x320.jpg 320w, https:\/\/patagoniambiental.com.ar\/info\/wp-content\/uploads\/2020\/08\/pp-320x320-150x150.jpg 150w, https:\/\/patagoniambiental.com.ar\/info\/wp-content\/uploads\/2020\/08\/pp-320x320-160x160.jpg 160w\" alt=\"\" width=\"216\" height=\"216\" \/>a comercializaci\u00f3n de varios productos, uno de ellos es el Eclipse de Sol del 14 de diciembre del corriente a\u00f1o.<\/p>\n<p>Tuvimos por un lado decidimos ampliar nuestro trabajo y luego y a partir del mes de marzo se sum\u00f3 la pandemia que nos afect\u00f3 como a la mayor\u00eda de la poblaci\u00f3n. Antes de que comenzara la pandemia realizamos recorridas por diferentes lugares de la zona, hicimos relevamientos fotogr\u00e1ficos los cuales se pueden ver en nuestro instagram. \u00a0En medio de la paralizaci\u00f3n de actividades econ\u00f3micas empezamos a delinear lo que denominamos \u201cPatagonia Atl\u00e1ntica\u201d nombre de nuestro emprendimiento, dise\u00f1ar productos en referencia a la zona geogr\u00e1fica.<\/p>\n<p>&nbsp;<\/p>\n<p><strong>\u00bfQu\u00e9 zonas van a impulsar con el turismo?<\/strong><\/p>\n<p><strong>\u00a0<\/strong>Cuando uno escucha hablar del turismo en la provincia de Rio Negro por lo general se ven los destinos ya consolidados que son la cordillera de los Andes y Las Grutas por lo que nosotros nos enfocaremos en otros destinos complementarios. En principio vamos a impulsar el turismo en la comarca Viedma-Patagones como punto de entrada a la Patagonia. A Viedma-Patagones se accede desde la ciudad de Bah\u00eda Blanca por la Ruta Nacional N\u00b0 3 y a 1 hora de avi\u00f3n desde capital federal. Las playas ubicadas entre\u00a0 el balneario El C\u00f3ndor y Las grutas que son: El balneario El C\u00f3ndor a unos 30 km de la ciudad de Viedma al cual se accede desde la ruta provincial n\u00b0 1, Bajada de Picoto, El Espig\u00f3n, Playa Bonita, Balneario la Lober\u00eda, \u00c1rea natural Protegida Punta Bermeja, la ensenada, Bah\u00eda Rosas, bah\u00eda Creek, Pozo salado, Puerto San Antonio y Las grutas<\/p>\n<figure id=\"attachment_69291\" aria-describedby=\"caption-attachment-69291\" style=\"width: 395px\" class=\"wp-caption alignleft\"><img decoding=\"async\" class=\"wp-image-69291\" src=\"https:\/\/patagoniambiental.com.ar\/info\/wp-content\/uploads\/2020\/10\/P-Atlantica-4-1-600x400.jpg\" alt=\"\" width=\"395\" height=\"264\" \/><figcaption id=\"caption-attachment-69291\" class=\"wp-caption-text\">Vista de las extensas playas del Balneario El C\u00f3ndor<\/figcaption><\/figure>\n<p><strong>\u00bfC\u00f3mo ser\u00e1 en la zona que promocionan el regreso a la actividad tur\u00edstica por la pandemia del COVID-19?<\/strong><\/p>\n<p>Debido a que la empresa aerol\u00edneas argentinas est\u00e1 analizando postergar los vuelos paralizados por la pandemia dentro del pa\u00eds en principio apuntaremos al turismo interno.<\/p>\n<p>Y adem\u00e1s la provincia y municipios est\u00e1n desarrollando protocolos para todas las actividades tur\u00edsticas tanto en hospedajes como en actividades en lugares p\u00fablicos y privados hasta que la vacuna para el COVID-19 este disponible.<\/p>\n<p>&nbsp;<\/p>\n<p>&nbsp;<\/p>\n<p><strong>\u00bfQu\u00e9 lugares recomiendan visitar de la costa atl\u00e1ntica y que actividades y atractivos naturales hay para los turistas?<\/strong><\/p>\n<p>Empezando por Viedma-Patagones estas ciudades hermanas que comparten una historia y el Rio Negro\u00a0 tienen mucha historia para conocer y actividades para realizar como las cuevas que se pueden visitar en distintas partes de la ciudad que fueron construidas por los primeros pobladores que vinieron tra\u00eddos por la Corona de Espa\u00f1a para fundar el Fuerte del Carmen en el Siglo XVIII. El 7 de marzo de cada a\u00f1o se celebra la Fiesta del 7 de marzo que se conmemora a los h\u00e9roes que combatieron contra la invasi\u00f3n de la marina imperial de Brasil del 7 de marzo de 1827 en el Cerro de la Caballada.<\/p>\n<figure id=\"attachment_69286\" aria-describedby=\"caption-attachment-69286\" style=\"width: 390px\" class=\"wp-caption alignleft\"><img loading=\"lazy\" decoding=\"async\" class=\"wp-image-69286\" src=\"https:\/\/patagoniambiental.com.ar\/info\/wp-content\/uploads\/2020\/10\/Sin-t\u00edtulo-24.jpg\" alt=\"\" width=\"390\" height=\"408\" \/><figcaption id=\"caption-attachment-69286\" class=\"wp-caption-text\">Cerro de la Caballada.<\/figcaption><\/figure>\n<p>Se puede disfrutar del rio negro con varias zonas habilitadas como balneario con fogones, alquiler de kayack y paseos en catamar\u00e1n. Otras fiestas que se llevan a cabo son la regata Internacional del Rio negro en el mes de enero y la Fiesta Provincial del Rio Negro que se realiza en el mes de febrero.<\/p>\n<p>A quienes les guste la pr\u00e1ctica de la pesca pueden ir a \u201cEl Pescadero\u201d que es donde se une el rio negro con el mar a unos 3 km del balneario El C\u00f3ndor, al espig\u00f3n, La ensenada, bah\u00eda Rosas y Bah\u00eda Creek. En todas las playas pr\u00e1cticamente se pesca pero en esas est\u00e1 m\u00e1s marcado.<\/p>\n<p>El Balneario El C\u00f3ndor, conocido como La Boca entre los habitantes locales, es ideal para ir con toda la familia y amigos ya que cuenta con diversos servicios de hospedajes, gastronom\u00eda, en enero se realiza la Fiesta del mar y del Acampante con artistas nacionales, paseos de artesanos y en temporada de verano se hacen actividades recreativas para todas las edades. En el C\u00f3ndor para quien le guste el avistaje de aves pueden visitar la Colonia de Loros Barranqueros m\u00e1s grande del planeta, la cual es visitada por cient\u00edficos de todo el mundo para su estudio. Adem\u00e1s se realizan visitas guiadas para avistaje de aves en diferentes puntos organizadas por la municipalidad. Pueden visitar el Faro m\u00e1s antiguo de la Patagonia y el monumento y parque tem\u00e1tico en homenaje a nuestros h\u00e9roes de Malvinas que se ubica arriba del inicio de los acantilados en la villa tur\u00edstica y al mirador de Ceferino Namuncura. Otras de las actividades destacadas que se pueden practicar en El C\u00f3ndor son Kitesurf y parapentismo. Los amantes del surf tienen su espacio exclusivo en Playa Bonita.<\/p>\n<figure id=\"attachment_69284\" aria-describedby=\"caption-attachment-69284\" style=\"width: 378px\" class=\"wp-caption alignleft\"><img loading=\"lazy\" decoding=\"async\" class=\"wp-image-69284\" src=\"https:\/\/patagoniambiental.com.ar\/info\/wp-content\/uploads\/2020\/10\/Sin-t\u00edtulo-23.jpg\" alt=\"\" width=\"378\" height=\"346\" \/><figcaption id=\"caption-attachment-69284\" class=\"wp-caption-text\">Mauricio Failla en un recorrido tur\u00edstico mostrando las huellas f\u00f3siles cerca de los acantilados del Balneario El C\u00f3ndor.<\/figcaption><\/figure>\n<p>La playa de la Lober\u00eda tambi\u00e9n es un buen destino para ir en familia o amigos. Cuenta con servicio de restaurante ubicado arriba del acantilado con una vista hermosa del mar, estacionamiento, ba\u00f1os y bajada a la playa.<\/p>\n<p>Se puede observar en la playa unos piletones naturales que se cubren cuando sube la marea.<\/p>\n<p>Hay un hostel y un camping y casas en alquiler y este a\u00f1o la naturaleza nos brinda un espect\u00e1culo \u00fanico y de trascendencia internacional con epicentro en la Lober\u00eda. Se trata del Eclipse Solar del 14 de diciembre para el cual se estima que vendr\u00e1n entre turistas del extranjero y locales unas 500.000 personas. Caminando por la playa hacia mano derecha, se encuentra el \u00a0Anfiteatro, donde los habitantes del lugar y testimonios de visitantes indican que es un lugar de gran concentraci\u00f3n energ\u00e9tica\u00a0y manifestaci\u00f3nes de fen\u00f3menos paranormales.<\/p>\n<p>A quien le interese conocer c\u00f3mo se cuida el medio ambiente puede visitar la primer \u00e1rea natural protegida de la costa atl\u00e1ntica, Punta Bermeja que se ubica a unos 33 km del balneario El C\u00f3ndor o a 3 km de la Playa La Lober\u00eda. Cuenta con un sector de senderos para realizar avistaje de fauna con la asistencia de los Guardias Ambientales. All\u00ed tenemos la reserva de lobos marinos de un pelo m\u00e1s grande de Sudam\u00e9rica y tiene adem\u00e1s un centro interpretativo con maquetas de la fauna que podemos encontrar en la zona.<\/p>\n<p>Siguiendo por el camino de la costa llegamos a Bah\u00eda Creek es una peque\u00f1a villa tur\u00edstica con extensas playas y aguas de tonos azules con hermosas vistas del mar desde los acantilados. Hay un hostel para quien desee hospedarse, se puede practicar Samboard en los enormes m\u00e9danos que all\u00ed existen y pesca.<\/p>\n<p>Pozo salado es ideal para ir en pareja para disfrutar de sus extensas playas con aguas transparente casi v\u00edrgenes y como no hay servicios no concurre tantos turistas como en el C\u00f3ndor. En Pozo Salado se encuentra el \u00c1rea Natural Protegida \u201cCaleta de los Loros\u201d con presencia de los Guardias Ambientales que la custodian.<\/p>\n<p><strong>\u00a0<\/strong><\/p>\n<p><strong>\u00bfTienen informaci\u00f3n de contacto, redes sociales, para las personas quienes usen esas herramientas puedan seguirlos?<\/strong><\/p>\n<p>Si. Tenemos instagram donde pueden encontrarnos como: <em>Patagonia Atl\u00e1ntica<\/em> y desde all\u00ed mostramos los distintos productos que comenzaremos a ofrecer al turismo. Nuestro mail adonde pueden contactarnos es\u00a0<a href=\"mailto:patagoniaatlantica@izabaviajesyturismo.com\">patagoniaatlantica@izabaviajesyturismo.com<\/a> y la web de la empresa que nos apoya es izabaviajesyturismo.com. En Facebook pueden encontrarnos como: Patagonia Atl\u00e1ntica<\/p>\n<figure id=\"attachment_69289\" aria-describedby=\"caption-attachment-69289\" style=\"width: 367px\" class=\"wp-caption alignleft\"><img loading=\"lazy\" decoding=\"async\" class=\"wp-image-69289\" src=\"https:\/\/patagoniambiental.com.ar\/info\/wp-content\/uploads\/2020\/10\/234.jpg\" alt=\"\" width=\"367\" height=\"345\" \/><figcaption id=\"caption-attachment-69289\" class=\"wp-caption-text\">Playa de La Lober\u00eda<\/figcaption><\/figure>\n<p>&nbsp;<\/p>\n<p><strong>\u00bfQu\u00e9 les dir\u00eda a aquellos turistas que a\u00fan no conocen esta zona para que la elijan en sus pr\u00f3ximas vacaciones?<\/strong><\/p>\n<p>Les decimos que vengan a conocer este rinc\u00f3n de la Patagonia con much\u00edsimas playas extensas y de belleza imponente y para todos los gustos porque es un lugar que hoy en d\u00eda no es tan conocido respecto de otros destinos de la provincia y tiene un patrimonio natural, hist\u00f3rico y religioso muy rico. La ventaja que posee en este momento particular de la pandemia son sus extensas playas donde el distanciamiento social se puede cumplir sin problemas.<\/p>\n<p>&nbsp;<\/p>\n<p>Much\u00edsimas Gracias Patagonia Atl\u00e1ntica<\/p>\n","protected":false},"excerpt":{"rendered":"<p>Viedma.-Una de las actividades m\u00e1s perjudicadas por la pandemia fue el Turismo en todo el pa\u00eds pero hay quienes pudieron [&hellip;]<\/p>\n","protected":false},"author":6,"featured_media":69285,"comment_status":"open","ping_status":"open","sticky":false,"template":"","format":"standard","meta":{"site-sidebar-layout":"default","site-content-layout":"","ast-site-content-layout":"default","site-content-style":"default","site-sidebar-style":"default","ast-global-header-display":"","ast-banner-title-visibility":"","ast-main-header-display":"","ast-hfb-above-header-display":"","ast-hfb-below-header-display":"","ast-hfb-mobile-header-display":"","site-post-title":"","ast-breadcrumbs-content":"","ast-featured-img":"","footer-sml-layout":"","ast-disable-related-posts":"","theme-transparent-header-meta":"","adv-header-id-meta":"","stick-header-meta":"","header-above-stick-meta":"","header-main-stick-meta":"","header-below-stick-meta":"","astra-migrate-meta-layouts":"default","ast-page-background-enabled":"default","ast-page-background-meta":{"desktop":{"background-color":"var(--ast-global-color-5)","background-image":"","background-repeat":"repeat","background-position":"center center","background-size":"auto","background-attachment":"scroll","background-type":"","background-media":"","overlay-type":"","overlay-color":"","overlay-opacity":"","overlay-gradient":""},"tablet":{"background-color":"","background-image":"","background-repeat":"repeat","background-position":"center center","background-size":"auto","background-attachment":"scroll","background-type":"","background-media":"","overlay-type":"","overlay-color":"","overlay-opacity":"","overlay-gradient":""},"mobile":{"background-color":"","background-image":"","background-repeat":"repeat","background-position":"center center","background-size":"auto","background-attachment":"scroll","background-type":"","background-media":"","overlay-type":"","overlay-color":"","overlay-opacity":"","overlay-gradient":""}},"ast-content-background-meta":{"desktop":{"background-color":"var(--ast-global-color-4)","background-image":"","background-repeat":"repeat","background-position":"center center","background-size":"auto","background-attachment":"scroll","background-type":"","background-media":"","overlay-type":"","overlay-color":"","overlay-opacity":"","overlay-gradient":""},"tablet":{"background-color":"var(--ast-global-color-4)","background-image":"","background-repeat":"repeat","background-position":"center center","background-size":"auto","background-attachment":"scroll","background-type":"","background-media":"","overlay-type":"","overlay-color":"","overlay-opacity":"","overlay-gradient":""},"mobile":{"background-color":"var(--ast-global-color-4)","background-image":"","background-repeat":"repeat","background-position":"center center","background-size":"auto","background-attachment":"scroll","background-type":"","background-media":"","overlay-type":"","overlay-color":"","overlay-opacity":"","overlay-gradient":""}},"footnotes":""},"categories":[12,51,1,10],"tags":[],"class_list":["post-67970","post","type-post","status-publish","format-standard","has-post-thumbnail","hentry","category-agenda-ambiental","category-entrevistas","category-noticias","category-rotador"],"yoast_head":"<!-- This site is optimized with the Yoast SEO Premium plugin v23.0 (Yoast SEO v27.5) - https:\/\/yoast.com\/product\/yoast-seo-premium-wordpress\/ -->\n<title>Se hizo el Primer Viaje Virtual de la Comarca Viedma-Carmen de Patagones y Camino de La Costa atl\u00e1ntica rionegrina<\/title>\n<meta name=\"robots\" content=\"index, follow, max-snippet:-1, max-image-preview:large, max-video-preview:-1\" \/>\n<link rel=\"canonical\" href=\"https:\/\/patagoniambiental.com.ar\/info\/desde-viedma-un-nuevo-emprendimiento-turistico-promociona-la-costa-atlantica-rionegrina\/\" \/>\n<meta property=\"og:locale\" content=\"es_ES\" \/>\n<meta property=\"og:type\" content=\"article\" \/>\n<meta property=\"og:title\" content=\"Se hizo el Primer Viaje Virtual de la Comarca Viedma-Carmen de Patagones y Camino de La Costa atl\u00e1ntica rionegrina\" \/>\n<meta property=\"og:description\" content=\"Viedma.-Una de las actividades m\u00e1s perjudicadas por la pandemia fue el Turismo en todo el pa\u00eds pero hay quienes pudieron [&hellip;]\" \/>\n<meta property=\"og:url\" content=\"https:\/\/patagoniambiental.com.ar\/info\/desde-viedma-un-nuevo-emprendimiento-turistico-promociona-la-costa-atlantica-rionegrina\/\" \/>\n<meta property=\"og:site_name\" content=\"Patagonia Ambiental\" \/>\n<meta property=\"article:publisher\" content=\"https:\/\/www.facebook.com\/patagonia.ambiental\" \/>\n<meta property=\"article:published_time\" content=\"2020-10-29T10:00:05+00:00\" \/>\n<meta property=\"og:image\" content=\"https:\/\/patagoniambiental.com.ar\/info\/wp-content\/uploads\/2020\/10\/wwee.jpg\" \/>\n\t<meta property=\"og:image:width\" content=\"404\" \/>\n\t<meta property=\"og:image:height\" content=\"531\" \/>\n\t<meta property=\"og:image:type\" content=\"image\/jpeg\" \/>\n<meta name=\"author\" content=\"BRAIAN ESTEVEZ\" \/>\n<meta name=\"twitter:card\" content=\"summary_large_image\" \/>\n<meta name=\"twitter:creator\" content=\"@PatAmb\" \/>\n<meta name=\"twitter:site\" content=\"@PatAmb\" \/>\n<script type=\"application\/ld+json\" class=\"yoast-schema-graph\">{\"@context\":\"https:\\\/\\\/schema.org\",\"@graph\":[{\"@type\":\"Article\",\"@id\":\"https:\\\/\\\/patagoniambiental.com.ar\\\/info\\\/desde-viedma-un-nuevo-emprendimiento-turistico-promociona-la-costa-atlantica-rionegrina\\\/#article\",\"isPartOf\":{\"@id\":\"https:\\\/\\\/patagoniambiental.com.ar\\\/info\\\/desde-viedma-un-nuevo-emprendimiento-turistico-promociona-la-costa-atlantica-rionegrina\\\/\"},\"author\":{\"name\":\"BRAIAN ESTEVEZ\",\"@id\":\"https:\\\/\\\/patagoniambiental.com.ar\\\/info\\\/#\\\/schema\\\/person\\\/e5af09d700b2e82cb10c6b8800e0c691\"},\"headline\":\"Se hizo el Primer Viaje Virtual de la Comarca Viedma-Carmen de Patagones y Camino de La Costa atl\u00e1ntica rionegrina\",\"datePublished\":\"2020-10-29T10:00:05+00:00\",\"mainEntityOfPage\":{\"@id\":\"https:\\\/\\\/patagoniambiental.com.ar\\\/info\\\/desde-viedma-un-nuevo-emprendimiento-turistico-promociona-la-costa-atlantica-rionegrina\\\/\"},\"wordCount\":1925,\"commentCount\":0,\"publisher\":{\"@id\":\"https:\\\/\\\/patagoniambiental.com.ar\\\/info\\\/#organization\"},\"image\":{\"@id\":\"https:\\\/\\\/patagoniambiental.com.ar\\\/info\\\/desde-viedma-un-nuevo-emprendimiento-turistico-promociona-la-costa-atlantica-rionegrina\\\/#primaryimage\"},\"thumbnailUrl\":\"https:\\\/\\\/patagoniambiental.com.ar\\\/info\\\/wp-content\\\/uploads\\\/2020\\\/10\\\/wwee.jpg\",\"articleSection\":[\"Agenda Ambiental\",\"Entrevistas\",\"Noticias\",\"Rotador\"],\"inLanguage\":\"es\",\"potentialAction\":[{\"@type\":\"CommentAction\",\"name\":\"Comment\",\"target\":[\"https:\\\/\\\/patagoniambiental.com.ar\\\/info\\\/desde-viedma-un-nuevo-emprendimiento-turistico-promociona-la-costa-atlantica-rionegrina\\\/#respond\"]}]},{\"@type\":\"WebPage\",\"@id\":\"https:\\\/\\\/patagoniambiental.com.ar\\\/info\\\/desde-viedma-un-nuevo-emprendimiento-turistico-promociona-la-costa-atlantica-rionegrina\\\/\",\"url\":\"https:\\\/\\\/patagoniambiental.com.ar\\\/info\\\/desde-viedma-un-nuevo-emprendimiento-turistico-promociona-la-costa-atlantica-rionegrina\\\/\",\"name\":\"Se hizo el Primer Viaje Virtual de la Comarca Viedma-Carmen de Patagones y Camino de La Costa atl\u00e1ntica rionegrina\",\"isPartOf\":{\"@id\":\"https:\\\/\\\/patagoniambiental.com.ar\\\/info\\\/#website\"},\"primaryImageOfPage\":{\"@id\":\"https:\\\/\\\/patagoniambiental.com.ar\\\/info\\\/desde-viedma-un-nuevo-emprendimiento-turistico-promociona-la-costa-atlantica-rionegrina\\\/#primaryimage\"},\"image\":{\"@id\":\"https:\\\/\\\/patagoniambiental.com.ar\\\/info\\\/desde-viedma-un-nuevo-emprendimiento-turistico-promociona-la-costa-atlantica-rionegrina\\\/#primaryimage\"},\"thumbnailUrl\":\"https:\\\/\\\/patagoniambiental.com.ar\\\/info\\\/wp-content\\\/uploads\\\/2020\\\/10\\\/wwee.jpg\",\"datePublished\":\"2020-10-29T10:00:05+00:00\",\"breadcrumb\":{\"@id\":\"https:\\\/\\\/patagoniambiental.com.ar\\\/info\\\/desde-viedma-un-nuevo-emprendimiento-turistico-promociona-la-costa-atlantica-rionegrina\\\/#breadcrumb\"},\"inLanguage\":\"es\",\"potentialAction\":[{\"@type\":\"ReadAction\",\"target\":[\"https:\\\/\\\/patagoniambiental.com.ar\\\/info\\\/desde-viedma-un-nuevo-emprendimiento-turistico-promociona-la-costa-atlantica-rionegrina\\\/\"]}]},{\"@type\":\"ImageObject\",\"inLanguage\":\"es\",\"@id\":\"https:\\\/\\\/patagoniambiental.com.ar\\\/info\\\/desde-viedma-un-nuevo-emprendimiento-turistico-promociona-la-costa-atlantica-rionegrina\\\/#primaryimage\",\"url\":\"https:\\\/\\\/patagoniambiental.com.ar\\\/info\\\/wp-content\\\/uploads\\\/2020\\\/10\\\/wwee.jpg\",\"contentUrl\":\"https:\\\/\\\/patagoniambiental.com.ar\\\/info\\\/wp-content\\\/uploads\\\/2020\\\/10\\\/wwee.jpg\",\"width\":404,\"height\":531,\"caption\":\"Mauricio Failla realizando la presentaci\u00f3n del viaje virtual\"},{\"@type\":\"BreadcrumbList\",\"@id\":\"https:\\\/\\\/patagoniambiental.com.ar\\\/info\\\/desde-viedma-un-nuevo-emprendimiento-turistico-promociona-la-costa-atlantica-rionegrina\\\/#breadcrumb\",\"itemListElement\":[{\"@type\":\"ListItem\",\"position\":1,\"name\":\"Inicio\",\"item\":\"https:\\\/\\\/patagoniambiental.com.ar\\\/info\\\/\"},{\"@type\":\"ListItem\",\"position\":2,\"name\":\"Se hizo el Primer Viaje Virtual de la Comarca Viedma-Carmen de Patagones y Camino de La Costa atl\u00e1ntica rionegrina\"}]},{\"@type\":\"WebSite\",\"@id\":\"https:\\\/\\\/patagoniambiental.com.ar\\\/info\\\/#website\",\"url\":\"https:\\\/\\\/patagoniambiental.com.ar\\\/info\\\/\",\"name\":\"Patagonia Ambiental\",\"description\":\"Monitoreo y an\u00e1lisis de la situaci\u00f3n geopol\u00edtica en el mundo y su implicancia en la Patagonia\",\"publisher\":{\"@id\":\"https:\\\/\\\/patagoniambiental.com.ar\\\/info\\\/#organization\"},\"potentialAction\":[{\"@type\":\"SearchAction\",\"target\":{\"@type\":\"EntryPoint\",\"urlTemplate\":\"https:\\\/\\\/patagoniambiental.com.ar\\\/info\\\/?s={search_term_string}\"},\"query-input\":{\"@type\":\"PropertyValueSpecification\",\"valueRequired\":true,\"valueName\":\"search_term_string\"}}],\"inLanguage\":\"es\"},{\"@type\":\"Organization\",\"@id\":\"https:\\\/\\\/patagoniambiental.com.ar\\\/info\\\/#organization\",\"name\":\"Patagonia Ambiental\",\"url\":\"https:\\\/\\\/patagoniambiental.com.ar\\\/info\\\/\",\"logo\":{\"@type\":\"ImageObject\",\"inLanguage\":\"es\",\"@id\":\"https:\\\/\\\/patagoniambiental.com.ar\\\/info\\\/#\\\/schema\\\/logo\\\/image\\\/\",\"url\":\"https:\\\/\\\/patagoniambiental.com.ar\\\/info\\\/wp-content\\\/uploads\\\/2025\\\/05\\\/LOGO-PATAGONIA-AMBIENTAL.png\",\"contentUrl\":\"https:\\\/\\\/patagoniambiental.com.ar\\\/info\\\/wp-content\\\/uploads\\\/2025\\\/05\\\/LOGO-PATAGONIA-AMBIENTAL.png\",\"width\":433,\"height\":250,\"caption\":\"Patagonia Ambiental\"},\"image\":{\"@id\":\"https:\\\/\\\/patagoniambiental.com.ar\\\/info\\\/#\\\/schema\\\/logo\\\/image\\\/\"},\"sameAs\":[\"https:\\\/\\\/www.facebook.com\\\/patagonia.ambiental\",\"https:\\\/\\\/x.com\\\/PatAmb\"]},{\"@type\":\"Person\",\"@id\":\"https:\\\/\\\/patagoniambiental.com.ar\\\/info\\\/#\\\/schema\\\/person\\\/e5af09d700b2e82cb10c6b8800e0c691\",\"name\":\"BRAIAN ESTEVEZ\",\"sameAs\":[\"http:\\\/\\\/www.patagoniambiental.com.ar\"]}]}<\/script>\n<!-- \/ Yoast SEO Premium plugin. -->","yoast_head_json":{"title":"Se hizo el Primer Viaje Virtual de la Comarca Viedma-Carmen de Patagones y Camino de La Costa atl\u00e1ntica rionegrina","robots":{"index":"index","follow":"follow","max-snippet":"max-snippet:-1","max-image-preview":"max-image-preview:large","max-video-preview":"max-video-preview:-1"},"canonical":"https:\/\/patagoniambiental.com.ar\/info\/desde-viedma-un-nuevo-emprendimiento-turistico-promociona-la-costa-atlantica-rionegrina\/","og_locale":"es_ES","og_type":"article","og_title":"Se hizo el Primer Viaje Virtual de la Comarca Viedma-Carmen de Patagones y Camino de La Costa atl\u00e1ntica rionegrina","og_description":"Viedma.-Una de las actividades m\u00e1s perjudicadas por la pandemia fue el Turismo en todo el pa\u00eds pero hay quienes pudieron [&hellip;]","og_url":"https:\/\/patagoniambiental.com.ar\/info\/desde-viedma-un-nuevo-emprendimiento-turistico-promociona-la-costa-atlantica-rionegrina\/","og_site_name":"Patagonia Ambiental","article_publisher":"https:\/\/www.facebook.com\/patagonia.ambiental","article_published_time":"2020-10-29T10:00:05+00:00","og_image":[{"width":404,"height":531,"url":"https:\/\/patagoniambiental.com.ar\/info\/wp-content\/uploads\/2020\/10\/wwee.jpg","type":"image\/jpeg"}],"author":"BRAIAN ESTEVEZ","twitter_card":"summary_large_image","twitter_creator":"@PatAmb","twitter_site":"@PatAmb","schema":{"@context":"https:\/\/schema.org","@graph":[{"@type":"Article","@id":"https:\/\/patagoniambiental.com.ar\/info\/desde-viedma-un-nuevo-emprendimiento-turistico-promociona-la-costa-atlantica-rionegrina\/#article","isPartOf":{"@id":"https:\/\/patagoniambiental.com.ar\/info\/desde-viedma-un-nuevo-emprendimiento-turistico-promociona-la-costa-atlantica-rionegrina\/"},"author":{"name":"BRAIAN ESTEVEZ","@id":"https:\/\/patagoniambiental.com.ar\/info\/#\/schema\/person\/e5af09d700b2e82cb10c6b8800e0c691"},"headline":"Se hizo el Primer Viaje Virtual de la Comarca Viedma-Carmen de Patagones y Camino de La Costa atl\u00e1ntica rionegrina","datePublished":"2020-10-29T10:00:05+00:00","mainEntityOfPage":{"@id":"https:\/\/patagoniambiental.com.ar\/info\/desde-viedma-un-nuevo-emprendimiento-turistico-promociona-la-costa-atlantica-rionegrina\/"},"wordCount":1925,"commentCount":0,"publisher":{"@id":"https:\/\/patagoniambiental.com.ar\/info\/#organization"},"image":{"@id":"https:\/\/patagoniambiental.com.ar\/info\/desde-viedma-un-nuevo-emprendimiento-turistico-promociona-la-costa-atlantica-rionegrina\/#primaryimage"},"thumbnailUrl":"https:\/\/patagoniambiental.com.ar\/info\/wp-content\/uploads\/2020\/10\/wwee.jpg","articleSection":["Agenda Ambiental","Entrevistas","Noticias","Rotador"],"inLanguage":"es","potentialAction":[{"@type":"CommentAction","name":"Comment","target":["https:\/\/patagoniambiental.com.ar\/info\/desde-viedma-un-nuevo-emprendimiento-turistico-promociona-la-costa-atlantica-rionegrina\/#respond"]}]},{"@type":"WebPage","@id":"https:\/\/patagoniambiental.com.ar\/info\/desde-viedma-un-nuevo-emprendimiento-turistico-promociona-la-costa-atlantica-rionegrina\/","url":"https:\/\/patagoniambiental.com.ar\/info\/desde-viedma-un-nuevo-emprendimiento-turistico-promociona-la-costa-atlantica-rionegrina\/","name":"Se hizo el Primer Viaje Virtual de la Comarca Viedma-Carmen de Patagones y Camino de La Costa atl\u00e1ntica rionegrina","isPartOf":{"@id":"https:\/\/patagoniambiental.com.ar\/info\/#website"},"primaryImageOfPage":{"@id":"https:\/\/patagoniambiental.com.ar\/info\/desde-viedma-un-nuevo-emprendimiento-turistico-promociona-la-costa-atlantica-rionegrina\/#primaryimage"},"image":{"@id":"https:\/\/patagoniambiental.com.ar\/info\/desde-viedma-un-nuevo-emprendimiento-turistico-promociona-la-costa-atlantica-rionegrina\/#primaryimage"},"thumbnailUrl":"https:\/\/patagoniambiental.com.ar\/info\/wp-content\/uploads\/2020\/10\/wwee.jpg","datePublished":"2020-10-29T10:00:05+00:00","breadcrumb":{"@id":"https:\/\/patagoniambiental.com.ar\/info\/desde-viedma-un-nuevo-emprendimiento-turistico-promociona-la-costa-atlantica-rionegrina\/#breadcrumb"},"inLanguage":"es","potentialAction":[{"@type":"ReadAction","target":["https:\/\/patagoniambiental.com.ar\/info\/desde-viedma-un-nuevo-emprendimiento-turistico-promociona-la-costa-atlantica-rionegrina\/"]}]},{"@type":"ImageObject","inLanguage":"es","@id":"https:\/\/patagoniambiental.com.ar\/info\/desde-viedma-un-nuevo-emprendimiento-turistico-promociona-la-costa-atlantica-rionegrina\/#primaryimage","url":"https:\/\/patagoniambiental.com.ar\/info\/wp-content\/uploads\/2020\/10\/wwee.jpg","contentUrl":"https:\/\/patagoniambiental.com.ar\/info\/wp-content\/uploads\/2020\/10\/wwee.jpg","width":404,"height":531,"caption":"Mauricio Failla realizando la presentaci\u00f3n del viaje virtual"},{"@type":"BreadcrumbList","@id":"https:\/\/patagoniambiental.com.ar\/info\/desde-viedma-un-nuevo-emprendimiento-turistico-promociona-la-costa-atlantica-rionegrina\/#breadcrumb","itemListElement":[{"@type":"ListItem","position":1,"name":"Inicio","item":"https:\/\/patagoniambiental.com.ar\/info\/"},{"@type":"ListItem","position":2,"name":"Se hizo el Primer Viaje Virtual de la Comarca Viedma-Carmen de Patagones y Camino de La Costa atl\u00e1ntica rionegrina"}]},{"@type":"WebSite","@id":"https:\/\/patagoniambiental.com.ar\/info\/#website","url":"https:\/\/patagoniambiental.com.ar\/info\/","name":"Patagonia Ambiental","description":"Monitoreo y an\u00e1lisis de la situaci\u00f3n geopol\u00edtica en el mundo y su implicancia en la Patagonia","publisher":{"@id":"https:\/\/patagoniambiental.com.ar\/info\/#organization"},"potentialAction":[{"@type":"SearchAction","target":{"@type":"EntryPoint","urlTemplate":"https:\/\/patagoniambiental.com.ar\/info\/?s={search_term_string}"},"query-input":{"@type":"PropertyValueSpecification","valueRequired":true,"valueName":"search_term_string"}}],"inLanguage":"es"},{"@type":"Organization","@id":"https:\/\/patagoniambiental.com.ar\/info\/#organization","name":"Patagonia Ambiental","url":"https:\/\/patagoniambiental.com.ar\/info\/","logo":{"@type":"ImageObject","inLanguage":"es","@id":"https:\/\/patagoniambiental.com.ar\/info\/#\/schema\/logo\/image\/","url":"https:\/\/patagoniambiental.com.ar\/info\/wp-content\/uploads\/2025\/05\/LOGO-PATAGONIA-AMBIENTAL.png","contentUrl":"https:\/\/patagoniambiental.com.ar\/info\/wp-content\/uploads\/2025\/05\/LOGO-PATAGONIA-AMBIENTAL.png","width":433,"height":250,"caption":"Patagonia Ambiental"},"image":{"@id":"https:\/\/patagoniambiental.com.ar\/info\/#\/schema\/logo\/image\/"},"sameAs":["https:\/\/www.facebook.com\/patagonia.ambiental","https:\/\/x.com\/PatAmb"]},{"@type":"Person","@id":"https:\/\/patagoniambiental.com.ar\/info\/#\/schema\/person\/e5af09d700b2e82cb10c6b8800e0c691","name":"BRAIAN ESTEVEZ","sameAs":["http:\/\/www.patagoniambiental.com.ar"]}]}},"_links":{"self":[{"href":"https:\/\/patagoniambiental.com.ar\/info\/wp-json\/wp\/v2\/posts\/67970","targetHints":{"allow":["GET"]}}],"collection":[{"href":"https:\/\/patagoniambiental.com.ar\/info\/wp-json\/wp\/v2\/posts"}],"about":[{"href":"https:\/\/patagoniambiental.com.ar\/info\/wp-json\/wp\/v2\/types\/post"}],"author":[{"embeddable":true,"href":"https:\/\/patagoniambiental.com.ar\/info\/wp-json\/wp\/v2\/users\/6"}],"replies":[{"embeddable":true,"href":"https:\/\/patagoniambiental.com.ar\/info\/wp-json\/wp\/v2\/comments?post=67970"}],"version-history":[{"count":0,"href":"https:\/\/patagoniambiental.com.ar\/info\/wp-json\/wp\/v2\/posts\/67970\/revisions"}],"wp:featuredmedia":[{"embeddable":true,"href":"https:\/\/patagoniambiental.com.ar\/info\/wp-json\/wp\/v2\/media\/69285"}],"wp:attachment":[{"href":"https:\/\/patagoniambiental.com.ar\/info\/wp-json\/wp\/v2\/media?parent=67970"}],"wp:term":[{"taxonomy":"category","embeddable":true,"href":"https:\/\/patagoniambiental.com.ar\/info\/wp-json\/wp\/v2\/categories?post=67970"},{"taxonomy":"post_tag","embeddable":true,"href":"https:\/\/patagoniambiental.com.ar\/info\/wp-json\/wp\/v2\/tags?post=67970"}],"curies":[{"name":"wp","href":"https:\/\/api.w.org\/{rel}","templated":true}]}}