{"id":68002,"date":"2020-08-25T19:00:12","date_gmt":"2020-08-25T22:00:12","guid":{"rendered":"http:\/\/patagoniambiental.com.ar\/info\/?p=68002"},"modified":"2020-08-26T08:20:40","modified_gmt":"2020-08-26T11:20:40","slug":"primera-licenciada-en-agroecologia-del-pais","status":"publish","type":"post","link":"https:\/\/patagoniambiental.com.ar\/info\/primera-licenciada-en-agroecologia-del-pais\/","title":{"rendered":"Primera licenciada en Agroecolog\u00eda del pa\u00eds"},"content":{"rendered":"<div>\n<p class=\"x_gmail-Normal1\" style=\"text-align: left;\" align=\"center\"><i><span lang=\"ES-AR\">Bariloche, 25 de agosto de 2020<\/span><\/i><span lang=\"ES-AR\">.-<\/span><i>Egres\u00f3 en la Universidad Nacional de R\u00edo Negro, la \u00fanica instituci\u00f3n de educaci\u00f3n superior del pa\u00eds que ofrece la carrera.<\/i><\/p>\n<p align=\"center\"><!--more--><\/p>\n<p class=\"x_gmail-cuerpoa\"><span lang=\"ES-AR\">\u00a0<\/span><span lang=\"ES-AR\">Agustina Mardon\u00e9s se recibi\u00f3 esta semana de manera virtual debido a la pandemia de COVID19 pero, en su caso, la noticia es otra: es la primera egresada del pa\u00eds de la Licenciatura en Agroecolog\u00eda, una carrera que la Universidad Nacional de R\u00edo Negro (UNRN) dicta desde 2014 en El Bols\u00f3n, uno de los mejores entornos para la disciplina.<\/span><\/p>\n<p><img fetchpriority=\"high\" decoding=\"async\" class=\" wp-image-68003 alignleft\" src=\"https:\/\/patagoniambiental.com.ar\/info\/wp-content\/uploads\/2020\/08\/Agustina-Mardon\u00e9s-UNRN-Sede-Andina-600x338.jpeg\" alt=\"\" width=\"309\" height=\"174\" \/><\/p>\n<p class=\"x_gmail-cuerpoa\"><span lang=\"ES-AR\">Nacida hace 28 a\u00f1os en Cutral Co, provincia de Neuqu\u00e9n, Agustina cuenta c\u00f3mo lleg\u00f3 a estudiar Agroecolog\u00eda para, sin saberlo, convertirse en la primera licenciada de esta disciplina. La flamante egresada, que ya cuenta con su propio emprendimiento de fitocosm\u00e9tica agroecol\u00f3gica (Solar Bot\u00e1nicos), explica tambi\u00e9n qu\u00e9 significa su carrera: \u201cLa agroecolog\u00eda, en este presente de alimentaci\u00f3n con ultraprocesados y verduras tratadas con agrot\u00f3xicos que se acumulan el cuerpo, es un grito de vida\u201d, asegura.<\/span><\/p>\n<p class=\"x_gmail-cuerpoa\"><b><span lang=\"ES-AR\">\u00a0<\/span><\/b><\/p>\n<p class=\"x_gmail-cuerpoa\"><b><span lang=\"ES-AR\">\u00bfC\u00f3mo preparaste tu trabajo final? \u00bfDe qu\u00e9 trata?<\/span><\/b><\/p>\n<p class=\"x_gmail-cuerpoa\"><span lang=\"ES-AR\">B\u00e1sicamente consisti\u00f3 en un ensayo que tuvo como objetivo evaluar qu\u00e9 impacto ten\u00eda sobre cultivos de r\u00facula y acelga un fermento hecho a base de microorganismos presentes en los suelos de los bosques de la comarca (El Bols\u00f3n). Este biofermento se llama biol. El trabajo final fue una integraci\u00f3n de m\u00faltiples disciplinas, fue dif\u00edcil. No s\u00f3lo por el contenido te\u00f3rico y metodol\u00f3gico, sino por el contexto en el cual se realiz\u00f3. 2018 y 2019 fueron a\u00f1os en los que el contexto pol\u00edtico-econ\u00f3mico no acompa\u00f1aba en absoluto a la ciencia y la investigaci\u00f3n.<\/span><\/p>\n<p class=\"x_gmail-cuerpoa\"><span lang=\"ES-AR\">\u00a0<\/span><\/p>\n<p class=\"x_gmail-cuerpoa\"><b><span lang=\"ES-AR\">La UNRN se adapt\u00f3 a estos tiempos de pandemia para garantizar cursadas, ex\u00e1menes y defensas de tesinas en forma virtual. Fue tu caso, \u00bfno?<\/span><\/b><\/p>\n<p class=\"x_gmail-cuerpoa\"><span lang=\"ES-AR\">S\u00ed, present\u00e9 el trabajo en la Universidad junto a mi directora, la directora de carrera y uno de los jurados. Si bien est\u00e1bamos en aulas separadas (de acuerdo al protocolo de la UNRN frente al COVID19), se sent\u00eda la cercan\u00eda y calidez humana que hizo que todo sea tranquilo en el contexto virtual.<\/span><\/p>\n<p class=\"x_gmail-cuerpoa\"><span lang=\"ES-AR\">\u00a0<\/span><\/p>\n<p class=\"x_gmail-cuerpoa\"><b><span lang=\"ES-AR\">\u00bfC\u00f3mo fue que elegiste la carrera? \u00bfqu\u00e9 te llev\u00f3 a mudarte de Cutral Co a El Bols\u00f3n a estudiar en la UNRN?<\/span><\/b><\/p>\n<p class=\"x_gmail-cuerpoa\"><span lang=\"ES-AR\">Buscaba estudiar algo que tuviera alg\u00fan principio de la permacultura; as\u00ed empec\u00e9 en 2011, en la Tecnicatura en Producci\u00f3n Vegetal Org\u00e1nica (que la Sede Andina de la UNRN tambi\u00e9n dicta en El Bols\u00f3n). La monta\u00f1a siempre me gust\u00f3 mucho, soy de la estepa, y cuando vi que esta carrera estaba ac\u00e1 no lo dud\u00e9.<\/span><\/p>\n<p class=\"x_gmail-cuerpoa\"><span lang=\"ES-AR\">\u00a0<\/span><\/p>\n<p class=\"x_gmail-cuerpoa\"><b><span lang=\"ES-AR\">Ya ten\u00e9s experiencia en Agroecolog\u00eda en El Bols\u00f3n. \u00bfCre\u00e9s que el lugar es especialmente adecuado para cursar esta carrera?<\/span><\/b><\/p>\n<p class=\"x_gmail-cuerpoa\"><span lang=\"ES-AR\">Definitivamente es un lugar donde cursar agroecolog\u00eda, pues ac\u00e1 culturalmente existe esa b\u00fasqueda y tambi\u00e9n se la vive. Existen m\u00faltiples espacios de intercambio de saberes en relaci\u00f3n a la tierra y a las plantas, que nutren otros aspectos que la visi\u00f3n acad\u00e9mica no da. Me dedico hace m\u00e1s de 5 a\u00f1os al cultivo de plantas arom\u00e1ticas y medicinales, revalorizando pr\u00e1cticas y saberes de ac\u00e1, en relaci\u00f3n al cultivo y a preparados herbarios.<\/span><\/p>\n<p class=\"x_gmail-cuerpoa\"><b><span lang=\"ES-AR\">\u00a0<\/span><\/b><\/p>\n<p class=\"x_gmail-cuerpoa\"><b><span lang=\"ES-AR\">\u00bfQu\u00e9 pens\u00e1s que aportan a nuestro pa\u00eds en este momento la agroecolog\u00eda como disciplina, en general, y vos como profesional, en particular?<\/span><\/b><\/p>\n<p class=\"x_gmail-cuerpoa\"><span lang=\"ES-AR\">La agroecolog\u00eda nace en respuesta de un sistema productivo que destruye ambiente y vidas. Deschava la mentira de la \u00abalimentaci\u00f3n del mundo\u00bb que trajo la revoluci\u00f3n verde y su paquete tecnol\u00f3gico. La agroecolog\u00eda, en este presente de alimentaci\u00f3n con ultraprocesados y verduras tratadas con agrot\u00f3xicos que se acumulan el cuerpo, es un grito de vida. Investiga detalladamente los procesos e interacciones biol\u00f3gicas en los agrosistemas, diversific\u00e1ndolos y complejiz\u00e1ndolos. Con esto busca promover pr\u00e1cticas agr\u00edcolas aut\u00f3nomas, basadas en recursos locales, que sostengan o aumenten la biodiversidad y sean sustentables en el tiempo. Creo que ya vengo trabajando en esto hace tiempo, siempre orientado m\u00e1s a plantas arom\u00e1ticas y medicinales.<\/span><\/p>\n<p class=\"x_gmail-cuerpoa\"><b><span lang=\"ES-AR\">\u00a0<\/span><\/b><\/p>\n<p class=\"x_gmail-cuerpoa\"><b><span lang=\"ES-AR\">\u00bfQu\u00e9 le dir\u00edas a los y las estudiantes que est\u00e1n eligiendo una carrera y Agroecolog\u00eda de la UNRN est\u00e1 entre sus opciones?<\/span><\/b><\/p>\n<p class=\"x_gmail-cuerpoa\"><span lang=\"ES-AR\">Una carrera universitaria siempre abre la cabeza, as\u00ed que, ya que lo consideren como opci\u00f3n, es un mont\u00f3n. La Licenciatura en Agroecolog\u00eda aporta, adem\u00e1s, a desarrollar un pensamiento cr\u00edtico y eso es \u00fatil para la vida. Es una carrera multidisciplinaria, muchas materias de las ciencias exactas y tambi\u00e9n de las sociales, es en s\u00ed una fusi\u00f3n. Como un pro total, es el lugar en el que se dicta, donde hay posibilidad de ver muchas experiencias productivas y de relacionarse con la tierra.<\/span><\/p>\n<p class=\"x_gmail-cuerpoa\"><span lang=\"ES-AR\">\u00a0<\/span><\/p>\n<p class=\"x_gmail-cuerpoa\"><b><span lang=\"ES-AR\">Estudiar Agroecolog\u00eda en la Comarca Andina<\/span><\/b><\/p>\n<p class=\"x_gmail-cuerpoa\"><span lang=\"ES-AR\">Cada a\u00f1o, la UNRN recibe en la Sede Andina en El Bols\u00f3n a estudiantes de distintos puntos del pa\u00eds (Neuqu\u00e9n, Chubut, Santa Cruz, Misiones, Santa Fe o Buenos Aires) e incluso de pa\u00edses de la regi\u00f3n, como Chile, Brasil o Colombia.<\/span><\/p>\n<p class=\"x_gmail-cuerpoa\"><span lang=\"ES-AR\">La zona presenta condiciones agroecol\u00f3gicas particulares que son muy diferentes a otras de otros pa\u00edses en los que se ha desarrollado la agroecolog\u00eda. El clima cordillerano presenta un desaf\u00edo en este sentido. Las particularidades sociales tambi\u00e9n hacen interesante esta zona para la disciplina. \u201cLa conciencia en el consumo, la voluntad de asociarse para producir y comercializar, la preocupaci\u00f3n por el consumo local, la certificaci\u00f3n participativa de los productos, temas recurrentes en la Comarca, son parte del cambio de paradigma propuesto por la Agroecolog\u00eda, en el cual la sustentabilidad ambiental econ\u00f3mica y social son eje\u201d, explica Christine Danklmaier, directora de la carrera, quien agrega, adem\u00e1s, que se est\u00e1 gestionando un campo experimental para aplicar los conocimientos adquiridos en la cursada.<\/span><\/p>\n<p class=\"x_gmail-cuerpoa\"><span lang=\"ES-AR\">La Universidad se prepara para recibir nuevos estudiantes. La inscripci\u00f3n 2021 inicia en octubre.<\/span><\/p>\n<\/div>\n<p>&nbsp;<\/p>\n<div><i>\u00a0<\/i><\/div>\n<p>&#8212;<\/p>\n<div class=\"x_gmail_signature\" dir=\"ltr\">\n<div dir=\"ltr\">\n<div>\n<div dir=\"ltr\">\n<div>\n<div dir=\"ltr\">\n<div dir=\"ltr\">\n<div dir=\"ltr\">\n<div dir=\"ltr\">\n<div dir=\"ltr\">\n<div dir=\"ltr\">\n<div dir=\"ltr\">\n<div dir=\"ltr\">\n<div dir=\"ltr\">\n<div>\n<div><span style=\"font-family: trebuchet ms, sans-serif;\">Departamento de Comunicaci\u00f3n<\/span><\/div>\n<div><span style=\"font-family: trebuchet ms, sans-serif;\">Universidad Nacional de R\u00edo Negro &#8211; Sede Andina\u00a0<\/span><\/div>\n<div><span style=\"font-family: trebuchet ms, sans-serif;\">Mitre 630 1\u00ba \u00abB\u00bb &#8211; San Carlos de Bariloche<\/span><\/div>\n<div><span style=\"font-family: trebuchet ms, sans-serif;\">(0294) 474 6118<\/span><\/div>\n<div><span style=\"font-family: trebuchet ms, sans-serif;\"><a href=\"mailto:comunicacion.andina@unrn.edu.ar\" target=\"_blank\" rel=\"noopener noreferrer\" data-auth=\"NotApplicable\">comunicacion.andina@unrn.edu.ar<\/a><\/span><\/div>\n<div><span style=\"font-family: trebuchet ms, sans-serif;\"><a href=\"http:\/\/www.unrn.edu.ar\/\" target=\"_blank\" rel=\"noopener noreferrer\" data-auth=\"NotApplicable\">www.unrn.edu.ar<\/a><\/span><\/div>\n<div><span style=\"font-family: trebuchet ms, sans-serif;\">Facebook: @<a href=\"https:\/\/www.facebook.com\/unrnsedeandina\" target=\"_blank\" rel=\"noopener noreferrer\" data-auth=\"NotApplicable\">unrnsedeandina<\/a><br \/>\n<\/span><\/div>\n<div><span style=\"font-family: trebuchet ms, sans-serif;\">Twitter: @unrnsedeandina<\/span><\/div>\n<div><span style=\"font-family: trebuchet ms, sans-serif;\">\u00a0<\/span><\/div>\n<div><span style=\"font-family: trebuchet ms, sans-serif;\">Instagram: Instagram\/@unrionegro<\/span><\/div>\n<div><span style=\"font-family: trebuchet ms, sans-serif;\"><a href=\"http:\/\/www.unrn.tv\/\" target=\"_blank\" rel=\"noopener noreferrer\" data-auth=\"NotApplicable\">www.unrn.tv<\/a><br \/>\n<\/span><\/div>\n<div><span style=\"font-family: trebuchet ms, sans-serif;\">www.raund.media<\/span><\/div>\n<\/div>\n<div><\/div>\n<div><\/div>\n<\/div>\n<\/div>\n<\/div>\n<\/div>\n<\/div>\n<\/div>\n<\/div>\n<\/div>\n<\/div>\n<\/div>\n<\/div>\n<\/div>\n<\/div>\n<\/div>\n","protected":false},"excerpt":{"rendered":"<p>Bariloche, 25 de agosto de 2020.-Egres\u00f3 en la Universidad Nacional de R\u00edo Negro, la \u00fanica instituci\u00f3n de educaci\u00f3n superior del [&hellip;]<\/p>\n","protected":false},"author":6,"featured_media":68003,"comment_status":"open","ping_status":"open","sticky":false,"template":"","format":"standard","meta":{"site-sidebar-layout":"default","site-content-layout":"","ast-site-content-layout":"default","site-content-style":"default","site-sidebar-style":"default","ast-global-header-display":"","ast-banner-title-visibility":"","ast-main-header-display":"","ast-hfb-above-header-display":"","ast-hfb-below-header-display":"","ast-hfb-mobile-header-display":"","site-post-title":"","ast-breadcrumbs-content":"","ast-featured-img":"","footer-sml-layout":"","ast-disable-related-posts":"","theme-transparent-header-meta":"","adv-header-id-meta":"","stick-header-meta":"","header-above-stick-meta":"","header-main-stick-meta":"","header-below-stick-meta":"","astra-migrate-meta-layouts":"default","ast-page-background-enabled":"default","ast-page-background-meta":{"desktop":{"background-color":"var(--ast-global-color-5)","background-image":"","background-repeat":"repeat","background-position":"center center","background-size":"auto","background-attachment":"scroll","background-type":"","background-media":"","overlay-type":"","overlay-color":"","overlay-opacity":"","overlay-gradient":""},"tablet":{"background-color":"","background-image":"","background-repeat":"repeat","background-position":"center center","background-size":"auto","background-attachment":"scroll","background-type":"","background-media":"","overlay-type":"","overlay-color":"","overlay-opacity":"","overlay-gradient":""},"mobile":{"background-color":"","background-image":"","background-repeat":"repeat","background-position":"center center","background-size":"auto","background-attachment":"scroll","background-type":"","background-media":"","overlay-type":"","overlay-color":"","overlay-opacity":"","overlay-gradient":""}},"ast-content-background-meta":{"desktop":{"background-color":"var(--ast-global-color-4)","background-image":"","background-repeat":"repeat","background-position":"center center","background-size":"auto","background-attachment":"scroll","background-type":"","background-media":"","overlay-type":"","overlay-color":"","overlay-opacity":"","overlay-gradient":""},"tablet":{"background-color":"var(--ast-global-color-4)","background-image":"","background-repeat":"repeat","background-position":"center center","background-size":"auto","background-attachment":"scroll","background-type":"","background-media":"","overlay-type":"","overlay-color":"","overlay-opacity":"","overlay-gradient":""},"mobile":{"background-color":"var(--ast-global-color-4)","background-image":"","background-repeat":"repeat","background-position":"center center","background-size":"auto","background-attachment":"scroll","background-type":"","background-media":"","overlay-type":"","overlay-color":"","overlay-opacity":"","overlay-gradient":""}},"footnotes":""},"categories":[51,1,13,14],"tags":[],"class_list":["post-68002","post","type-post","status-publish","format-standard","has-post-thumbnail","hentry","category-entrevistas","category-noticias","category-provinciales","category-rio-negro"],"yoast_head":"<!-- This site is optimized with the Yoast SEO Premium plugin v23.0 (Yoast SEO v27.5) - https:\/\/yoast.com\/product\/yoast-seo-premium-wordpress\/ -->\n<title>Primera licenciada en Agroecolog\u00eda del pa\u00eds<\/title>\n<meta name=\"robots\" content=\"index, follow, max-snippet:-1, max-image-preview:large, max-video-preview:-1\" \/>\n<link rel=\"canonical\" href=\"https:\/\/patagoniambiental.com.ar\/info\/primera-licenciada-en-agroecologia-del-pais\/\" \/>\n<meta property=\"og:locale\" content=\"es_ES\" \/>\n<meta property=\"og:type\" content=\"article\" \/>\n<meta property=\"og:title\" content=\"Primera licenciada en Agroecolog\u00eda del pa\u00eds\" \/>\n<meta property=\"og:description\" content=\"Bariloche, 25 de agosto de 2020.-Egres\u00f3 en la Universidad Nacional de R\u00edo Negro, la \u00fanica instituci\u00f3n de educaci\u00f3n superior del [&hellip;]\" \/>\n<meta property=\"og:url\" content=\"https:\/\/patagoniambiental.com.ar\/info\/primera-licenciada-en-agroecologia-del-pais\/\" \/>\n<meta property=\"og:site_name\" content=\"Patagonia Ambiental\" \/>\n<meta property=\"article:publisher\" content=\"https:\/\/www.facebook.com\/patagonia.ambiental\" \/>\n<meta property=\"article:published_time\" content=\"2020-08-25T22:00:12+00:00\" \/>\n<meta property=\"article:modified_time\" content=\"2020-08-26T11:20:40+00:00\" \/>\n<meta property=\"og:image\" content=\"https:\/\/patagoniambiental.com.ar\/info\/wp-content\/uploads\/2020\/08\/Agustina-Mardon\u00e9s-UNRN-Sede-Andina.jpeg\" \/>\n\t<meta property=\"og:image:width\" content=\"1280\" \/>\n\t<meta property=\"og:image:height\" content=\"720\" \/>\n\t<meta property=\"og:image:type\" content=\"image\/jpeg\" \/>\n<meta name=\"author\" content=\"BRAIAN ESTEVEZ\" \/>\n<meta name=\"twitter:card\" content=\"summary_large_image\" \/>\n<meta name=\"twitter:creator\" content=\"@PatAmb\" \/>\n<meta name=\"twitter:site\" content=\"@PatAmb\" \/>\n<script type=\"application\/ld+json\" class=\"yoast-schema-graph\">{\"@context\":\"https:\\\/\\\/schema.org\",\"@graph\":[{\"@type\":\"Article\",\"@id\":\"https:\\\/\\\/patagoniambiental.com.ar\\\/info\\\/primera-licenciada-en-agroecologia-del-pais\\\/#article\",\"isPartOf\":{\"@id\":\"https:\\\/\\\/patagoniambiental.com.ar\\\/info\\\/primera-licenciada-en-agroecologia-del-pais\\\/\"},\"author\":{\"name\":\"BRAIAN ESTEVEZ\",\"@id\":\"https:\\\/\\\/patagoniambiental.com.ar\\\/info\\\/#\\\/schema\\\/person\\\/e5af09d700b2e82cb10c6b8800e0c691\"},\"headline\":\"Primera licenciada en Agroecolog\u00eda del pa\u00eds\",\"datePublished\":\"2020-08-25T22:00:12+00:00\",\"dateModified\":\"2020-08-26T11:20:40+00:00\",\"mainEntityOfPage\":{\"@id\":\"https:\\\/\\\/patagoniambiental.com.ar\\\/info\\\/primera-licenciada-en-agroecologia-del-pais\\\/\"},\"wordCount\":1070,\"commentCount\":0,\"publisher\":{\"@id\":\"https:\\\/\\\/patagoniambiental.com.ar\\\/info\\\/#organization\"},\"image\":{\"@id\":\"https:\\\/\\\/patagoniambiental.com.ar\\\/info\\\/primera-licenciada-en-agroecologia-del-pais\\\/#primaryimage\"},\"thumbnailUrl\":\"https:\\\/\\\/patagoniambiental.com.ar\\\/info\\\/wp-content\\\/uploads\\\/2020\\\/08\\\/Agustina-Mardon\u00e9s-UNRN-Sede-Andina.jpeg\",\"articleSection\":[\"Entrevistas\",\"Noticias\",\"Provinciales\",\"R\u00edo Negro\"],\"inLanguage\":\"es\",\"potentialAction\":[{\"@type\":\"CommentAction\",\"name\":\"Comment\",\"target\":[\"https:\\\/\\\/patagoniambiental.com.ar\\\/info\\\/primera-licenciada-en-agroecologia-del-pais\\\/#respond\"]}]},{\"@type\":\"WebPage\",\"@id\":\"https:\\\/\\\/patagoniambiental.com.ar\\\/info\\\/primera-licenciada-en-agroecologia-del-pais\\\/\",\"url\":\"https:\\\/\\\/patagoniambiental.com.ar\\\/info\\\/primera-licenciada-en-agroecologia-del-pais\\\/\",\"name\":\"Primera licenciada en Agroecolog\u00eda del pa\u00eds\",\"isPartOf\":{\"@id\":\"https:\\\/\\\/patagoniambiental.com.ar\\\/info\\\/#website\"},\"primaryImageOfPage\":{\"@id\":\"https:\\\/\\\/patagoniambiental.com.ar\\\/info\\\/primera-licenciada-en-agroecologia-del-pais\\\/#primaryimage\"},\"image\":{\"@id\":\"https:\\\/\\\/patagoniambiental.com.ar\\\/info\\\/primera-licenciada-en-agroecologia-del-pais\\\/#primaryimage\"},\"thumbnailUrl\":\"https:\\\/\\\/patagoniambiental.com.ar\\\/info\\\/wp-content\\\/uploads\\\/2020\\\/08\\\/Agustina-Mardon\u00e9s-UNRN-Sede-Andina.jpeg\",\"datePublished\":\"2020-08-25T22:00:12+00:00\",\"dateModified\":\"2020-08-26T11:20:40+00:00\",\"breadcrumb\":{\"@id\":\"https:\\\/\\\/patagoniambiental.com.ar\\\/info\\\/primera-licenciada-en-agroecologia-del-pais\\\/#breadcrumb\"},\"inLanguage\":\"es\",\"potentialAction\":[{\"@type\":\"ReadAction\",\"target\":[\"https:\\\/\\\/patagoniambiental.com.ar\\\/info\\\/primera-licenciada-en-agroecologia-del-pais\\\/\"]}]},{\"@type\":\"ImageObject\",\"inLanguage\":\"es\",\"@id\":\"https:\\\/\\\/patagoniambiental.com.ar\\\/info\\\/primera-licenciada-en-agroecologia-del-pais\\\/#primaryimage\",\"url\":\"https:\\\/\\\/patagoniambiental.com.ar\\\/info\\\/wp-content\\\/uploads\\\/2020\\\/08\\\/Agustina-Mardon\u00e9s-UNRN-Sede-Andina.jpeg\",\"contentUrl\":\"https:\\\/\\\/patagoniambiental.com.ar\\\/info\\\/wp-content\\\/uploads\\\/2020\\\/08\\\/Agustina-Mardon\u00e9s-UNRN-Sede-Andina.jpeg\",\"width\":1067,\"height\":600},{\"@type\":\"BreadcrumbList\",\"@id\":\"https:\\\/\\\/patagoniambiental.com.ar\\\/info\\\/primera-licenciada-en-agroecologia-del-pais\\\/#breadcrumb\",\"itemListElement\":[{\"@type\":\"ListItem\",\"position\":1,\"name\":\"Inicio\",\"item\":\"https:\\\/\\\/patagoniambiental.com.ar\\\/info\\\/\"},{\"@type\":\"ListItem\",\"position\":2,\"name\":\"Primera licenciada en Agroecolog\u00eda del pa\u00eds\"}]},{\"@type\":\"WebSite\",\"@id\":\"https:\\\/\\\/patagoniambiental.com.ar\\\/info\\\/#website\",\"url\":\"https:\\\/\\\/patagoniambiental.com.ar\\\/info\\\/\",\"name\":\"Patagonia Ambiental\",\"description\":\"Monitoreo y an\u00e1lisis de la situaci\u00f3n geopol\u00edtica en el mundo y su implicancia en la Patagonia\",\"publisher\":{\"@id\":\"https:\\\/\\\/patagoniambiental.com.ar\\\/info\\\/#organization\"},\"potentialAction\":[{\"@type\":\"SearchAction\",\"target\":{\"@type\":\"EntryPoint\",\"urlTemplate\":\"https:\\\/\\\/patagoniambiental.com.ar\\\/info\\\/?s={search_term_string}\"},\"query-input\":{\"@type\":\"PropertyValueSpecification\",\"valueRequired\":true,\"valueName\":\"search_term_string\"}}],\"inLanguage\":\"es\"},{\"@type\":\"Organization\",\"@id\":\"https:\\\/\\\/patagoniambiental.com.ar\\\/info\\\/#organization\",\"name\":\"Patagonia Ambiental\",\"url\":\"https:\\\/\\\/patagoniambiental.com.ar\\\/info\\\/\",\"logo\":{\"@type\":\"ImageObject\",\"inLanguage\":\"es\",\"@id\":\"https:\\\/\\\/patagoniambiental.com.ar\\\/info\\\/#\\\/schema\\\/logo\\\/image\\\/\",\"url\":\"https:\\\/\\\/patagoniambiental.com.ar\\\/info\\\/wp-content\\\/uploads\\\/2025\\\/05\\\/LOGO-PATAGONIA-AMBIENTAL.png\",\"contentUrl\":\"https:\\\/\\\/patagoniambiental.com.ar\\\/info\\\/wp-content\\\/uploads\\\/2025\\\/05\\\/LOGO-PATAGONIA-AMBIENTAL.png\",\"width\":433,\"height\":250,\"caption\":\"Patagonia Ambiental\"},\"image\":{\"@id\":\"https:\\\/\\\/patagoniambiental.com.ar\\\/info\\\/#\\\/schema\\\/logo\\\/image\\\/\"},\"sameAs\":[\"https:\\\/\\\/www.facebook.com\\\/patagonia.ambiental\",\"https:\\\/\\\/x.com\\\/PatAmb\"]},{\"@type\":\"Person\",\"@id\":\"https:\\\/\\\/patagoniambiental.com.ar\\\/info\\\/#\\\/schema\\\/person\\\/e5af09d700b2e82cb10c6b8800e0c691\",\"name\":\"BRAIAN ESTEVEZ\",\"sameAs\":[\"http:\\\/\\\/www.patagoniambiental.com.ar\"]}]}<\/script>\n<!-- \/ Yoast SEO Premium plugin. -->","yoast_head_json":{"title":"Primera licenciada en Agroecolog\u00eda del pa\u00eds","robots":{"index":"index","follow":"follow","max-snippet":"max-snippet:-1","max-image-preview":"max-image-preview:large","max-video-preview":"max-video-preview:-1"},"canonical":"https:\/\/patagoniambiental.com.ar\/info\/primera-licenciada-en-agroecologia-del-pais\/","og_locale":"es_ES","og_type":"article","og_title":"Primera licenciada en Agroecolog\u00eda del pa\u00eds","og_description":"Bariloche, 25 de agosto de 2020.-Egres\u00f3 en la Universidad Nacional de R\u00edo Negro, la \u00fanica instituci\u00f3n de educaci\u00f3n superior del [&hellip;]","og_url":"https:\/\/patagoniambiental.com.ar\/info\/primera-licenciada-en-agroecologia-del-pais\/","og_site_name":"Patagonia Ambiental","article_publisher":"https:\/\/www.facebook.com\/patagonia.ambiental","article_published_time":"2020-08-25T22:00:12+00:00","article_modified_time":"2020-08-26T11:20:40+00:00","og_image":[{"width":1280,"height":720,"url":"https:\/\/patagoniambiental.com.ar\/info\/wp-content\/uploads\/2020\/08\/Agustina-Mardon\u00e9s-UNRN-Sede-Andina.jpeg","type":"image\/jpeg"}],"author":"BRAIAN ESTEVEZ","twitter_card":"summary_large_image","twitter_creator":"@PatAmb","twitter_site":"@PatAmb","schema":{"@context":"https:\/\/schema.org","@graph":[{"@type":"Article","@id":"https:\/\/patagoniambiental.com.ar\/info\/primera-licenciada-en-agroecologia-del-pais\/#article","isPartOf":{"@id":"https:\/\/patagoniambiental.com.ar\/info\/primera-licenciada-en-agroecologia-del-pais\/"},"author":{"name":"BRAIAN ESTEVEZ","@id":"https:\/\/patagoniambiental.com.ar\/info\/#\/schema\/person\/e5af09d700b2e82cb10c6b8800e0c691"},"headline":"Primera licenciada en Agroecolog\u00eda del pa\u00eds","datePublished":"2020-08-25T22:00:12+00:00","dateModified":"2020-08-26T11:20:40+00:00","mainEntityOfPage":{"@id":"https:\/\/patagoniambiental.com.ar\/info\/primera-licenciada-en-agroecologia-del-pais\/"},"wordCount":1070,"commentCount":0,"publisher":{"@id":"https:\/\/patagoniambiental.com.ar\/info\/#organization"},"image":{"@id":"https:\/\/patagoniambiental.com.ar\/info\/primera-licenciada-en-agroecologia-del-pais\/#primaryimage"},"thumbnailUrl":"https:\/\/patagoniambiental.com.ar\/info\/wp-content\/uploads\/2020\/08\/Agustina-Mardon\u00e9s-UNRN-Sede-Andina.jpeg","articleSection":["Entrevistas","Noticias","Provinciales","R\u00edo Negro"],"inLanguage":"es","potentialAction":[{"@type":"CommentAction","name":"Comment","target":["https:\/\/patagoniambiental.com.ar\/info\/primera-licenciada-en-agroecologia-del-pais\/#respond"]}]},{"@type":"WebPage","@id":"https:\/\/patagoniambiental.com.ar\/info\/primera-licenciada-en-agroecologia-del-pais\/","url":"https:\/\/patagoniambiental.com.ar\/info\/primera-licenciada-en-agroecologia-del-pais\/","name":"Primera licenciada en Agroecolog\u00eda del pa\u00eds","isPartOf":{"@id":"https:\/\/patagoniambiental.com.ar\/info\/#website"},"primaryImageOfPage":{"@id":"https:\/\/patagoniambiental.com.ar\/info\/primera-licenciada-en-agroecologia-del-pais\/#primaryimage"},"image":{"@id":"https:\/\/patagoniambiental.com.ar\/info\/primera-licenciada-en-agroecologia-del-pais\/#primaryimage"},"thumbnailUrl":"https:\/\/patagoniambiental.com.ar\/info\/wp-content\/uploads\/2020\/08\/Agustina-Mardon\u00e9s-UNRN-Sede-Andina.jpeg","datePublished":"2020-08-25T22:00:12+00:00","dateModified":"2020-08-26T11:20:40+00:00","breadcrumb":{"@id":"https:\/\/patagoniambiental.com.ar\/info\/primera-licenciada-en-agroecologia-del-pais\/#breadcrumb"},"inLanguage":"es","potentialAction":[{"@type":"ReadAction","target":["https:\/\/patagoniambiental.com.ar\/info\/primera-licenciada-en-agroecologia-del-pais\/"]}]},{"@type":"ImageObject","inLanguage":"es","@id":"https:\/\/patagoniambiental.com.ar\/info\/primera-licenciada-en-agroecologia-del-pais\/#primaryimage","url":"https:\/\/patagoniambiental.com.ar\/info\/wp-content\/uploads\/2020\/08\/Agustina-Mardon\u00e9s-UNRN-Sede-Andina.jpeg","contentUrl":"https:\/\/patagoniambiental.com.ar\/info\/wp-content\/uploads\/2020\/08\/Agustina-Mardon\u00e9s-UNRN-Sede-Andina.jpeg","width":1067,"height":600},{"@type":"BreadcrumbList","@id":"https:\/\/patagoniambiental.com.ar\/info\/primera-licenciada-en-agroecologia-del-pais\/#breadcrumb","itemListElement":[{"@type":"ListItem","position":1,"name":"Inicio","item":"https:\/\/patagoniambiental.com.ar\/info\/"},{"@type":"ListItem","position":2,"name":"Primera licenciada en Agroecolog\u00eda del pa\u00eds"}]},{"@type":"WebSite","@id":"https:\/\/patagoniambiental.com.ar\/info\/#website","url":"https:\/\/patagoniambiental.com.ar\/info\/","name":"Patagonia Ambiental","description":"Monitoreo y an\u00e1lisis de la situaci\u00f3n geopol\u00edtica en el mundo y su implicancia en la Patagonia","publisher":{"@id":"https:\/\/patagoniambiental.com.ar\/info\/#organization"},"potentialAction":[{"@type":"SearchAction","target":{"@type":"EntryPoint","urlTemplate":"https:\/\/patagoniambiental.com.ar\/info\/?s={search_term_string}"},"query-input":{"@type":"PropertyValueSpecification","valueRequired":true,"valueName":"search_term_string"}}],"inLanguage":"es"},{"@type":"Organization","@id":"https:\/\/patagoniambiental.com.ar\/info\/#organization","name":"Patagonia Ambiental","url":"https:\/\/patagoniambiental.com.ar\/info\/","logo":{"@type":"ImageObject","inLanguage":"es","@id":"https:\/\/patagoniambiental.com.ar\/info\/#\/schema\/logo\/image\/","url":"https:\/\/patagoniambiental.com.ar\/info\/wp-content\/uploads\/2025\/05\/LOGO-PATAGONIA-AMBIENTAL.png","contentUrl":"https:\/\/patagoniambiental.com.ar\/info\/wp-content\/uploads\/2025\/05\/LOGO-PATAGONIA-AMBIENTAL.png","width":433,"height":250,"caption":"Patagonia Ambiental"},"image":{"@id":"https:\/\/patagoniambiental.com.ar\/info\/#\/schema\/logo\/image\/"},"sameAs":["https:\/\/www.facebook.com\/patagonia.ambiental","https:\/\/x.com\/PatAmb"]},{"@type":"Person","@id":"https:\/\/patagoniambiental.com.ar\/info\/#\/schema\/person\/e5af09d700b2e82cb10c6b8800e0c691","name":"BRAIAN ESTEVEZ","sameAs":["http:\/\/www.patagoniambiental.com.ar"]}]}},"_links":{"self":[{"href":"https:\/\/patagoniambiental.com.ar\/info\/wp-json\/wp\/v2\/posts\/68002","targetHints":{"allow":["GET"]}}],"collection":[{"href":"https:\/\/patagoniambiental.com.ar\/info\/wp-json\/wp\/v2\/posts"}],"about":[{"href":"https:\/\/patagoniambiental.com.ar\/info\/wp-json\/wp\/v2\/types\/post"}],"author":[{"embeddable":true,"href":"https:\/\/patagoniambiental.com.ar\/info\/wp-json\/wp\/v2\/users\/6"}],"replies":[{"embeddable":true,"href":"https:\/\/patagoniambiental.com.ar\/info\/wp-json\/wp\/v2\/comments?post=68002"}],"version-history":[{"count":0,"href":"https:\/\/patagoniambiental.com.ar\/info\/wp-json\/wp\/v2\/posts\/68002\/revisions"}],"wp:featuredmedia":[{"embeddable":true,"href":"https:\/\/patagoniambiental.com.ar\/info\/wp-json\/wp\/v2\/media\/68003"}],"wp:attachment":[{"href":"https:\/\/patagoniambiental.com.ar\/info\/wp-json\/wp\/v2\/media?parent=68002"}],"wp:term":[{"taxonomy":"category","embeddable":true,"href":"https:\/\/patagoniambiental.com.ar\/info\/wp-json\/wp\/v2\/categories?post=68002"},{"taxonomy":"post_tag","embeddable":true,"href":"https:\/\/patagoniambiental.com.ar\/info\/wp-json\/wp\/v2\/tags?post=68002"}],"curies":[{"name":"wp","href":"https:\/\/api.w.org\/{rel}","templated":true}]}}