{"id":68260,"date":"2020-09-10T07:00:13","date_gmt":"2020-09-10T10:00:13","guid":{"rendered":"http:\/\/patagoniambiental.com.ar\/info\/?p=68260"},"modified":"2020-09-10T08:45:39","modified_gmt":"2020-09-10T11:45:39","slug":"con-latas-y-botellas-una-arquitecta-construye-termotanques-solares","status":"publish","type":"post","link":"https:\/\/patagoniambiental.com.ar\/info\/con-latas-y-botellas-una-arquitecta-construye-termotanques-solares\/","title":{"rendered":"Con latas y botellas, una arquitecta construye termotanques solares"},"content":{"rendered":"<div class=\"row\">\n<div class=\"col-12 col-lg-8\">\n<section class=\"note-detail-head\" data-type=\"article\">\n<div class=\"info-wrapper\">\n<p class=\"preview\">El dispositivo ser\u00e1 instalado en un merendero del oeste. Est\u00e1n destinados a aquellas familias que no tienen acceso al agua caliente.<\/p>\n<p><!--more--><\/p>\n<div class=\"row no-gutters align-items-center author-and-share-wrapper\">\n<div class=\"col col-lg-6 d-block\">\n<div class=\"author-wrapper d-flex flex-row align-items-center\">\n<div class=\"author-image rounded-circle with-image mr-3\"><a href=\"https:\/\/www.lmneuquen.com\/perfil\/1142-ailin-trepiana\" rel=\"\u201dnofollow\u201d\"><img decoding=\"async\" class=\"rounded-circle \" src=\"https:\/\/media.lmneuquen.com\/adjuntos\/195\/autores\/002\/138\/0002138331.jpg\" width=\"42\" height=\"42\" \/><\/a><\/div>\n<div class=\"d-flex flex-column\"><span class=\"author-name d-none d-md-inline-block d-lg-inline-block\">Por\u00a0<b><a href=\"https:\/\/www.lmneuquen.com\/perfil\/1142-ailin-trepiana\">Ail\u00edn Trepiana<\/a><\/b><\/span><span class=\"author-email d-inline-block mt-1\"><a href=\"mailto:trepianaa@lmneuquen.com.ar\">trepianaa@lmneuquen.com.ar<\/a><\/span><\/div>\n<\/div>\n<\/div>\n<div class=\"col col-lg-6 text-right\">\n<ul class=\"share-buttons d-flex align-items-center justify-content-end\">\n<li class=\"share-btn d-flex align-items-center fb-share\"><\/li>\n<li class=\"share-btn d-flex align-items-center tw-share\"><\/li>\n<li class=\"share-btn d-flex align-items-center wt-share\"><\/li>\n<li class=\"share-btn d-flex align-items-center email-share\"><\/li>\n<\/ul>\n<\/div>\n<\/div>\n<\/div>\n<\/section>\n<article id=\"article-post\" class=\"cat-rojo\">\n<div class=\"head-image thumb-wrap relative\">\n<div id=\"content-gallery\">\n<div id=\"fotogaleria-Object_4304_2439\" class=\"gallery\">\n<div class=\"image itemGallery classid655779\">\n<p><img fetchpriority=\"high\" decoding=\"async\" class=\"img-fluid\" title=\"Con latas y botellas, una arquitecta construye termotanques solares\" src=\"https:\/\/media.lmneuquen.com\/adjuntos\/195\/imagenes\/005\/233\/0005233907.jpg\" alt=\"Con latas y botellas, una arquitecta construye termotanques solares\" width=\"770\" height=\"433\" \/><\/p>\n<div class=\"gallery-header\"><\/div>\n<div class=\"pieFoto\"><em class=\"font-weight-bold float-right \">Agust\u00edn Mart\u00ednez<\/em><\/div>\n<\/div>\n<\/div>\n<\/div>\n<\/div>\n<\/article>\n<section class=\"body-content\" data-twitter-link=\"https:\/\/twitter.com\/intent\/tweet?url=https:\/\/www.lmneuquen.com\/c730548&amp;v\u00eda=lmneuquen&amp;related=Lmneuquen.com&amp;text=\">Abrir la ducha y que salga\u00a0<a class=\"agrupador\" href=\"https:\/\/www.lmneuquen.com\/agua-a11338\" rel=\"11338\">agua<\/a>\u00a0caliente es un privilegio que tienen s\u00f3lo algunas personas. En los barrios m\u00e1s postergados de Neuqu\u00e9n, las familias no tienen gas natural, por lo que calientan el agua en ollas o comparten los ba\u00f1os. A la par, las posibilidades para reciclar y reutilizar son infinitas, y cuando esos procesos se hacen de forma colectiva y para un bien com\u00fan, tienen doble valor.<\/section>\n<div class=\"banner-wrapper\">\n<div class=\"banner-libre\">\n<p>&nbsp;<\/p>\n<div id=\"eplAdDivNotasIN\"><\/div>\n<p>&nbsp;<\/p>\n<\/div>\n<\/div>\n<section class=\"body-content\" data-twitter-link=\"https:\/\/twitter.com\/intent\/tweet?url=https:\/\/www.lmneuquen.com\/c730548&amp;v\u00eda=lmneuquen&amp;related=Lmneuquen.com&amp;text=\">Por esas dos grandes razones, una arquitecta impuls\u00f3 un proyecto para que las familias puedan tener agua caliente, a partir de la\u00a0<strong><a class=\"agrupador\" href=\"https:\/\/www.lmneuquen.com\/construccion-a1243\" rel=\"1243\">construcci\u00f3n<\/a><\/strong>\u00a0de \u201ccolectores solares\u201d, fabricados con latas, botellas de pl\u00e1stico y cajas de Tetra Brick.<\/section>\n<section class=\"body-content\" data-twitter-link=\"https:\/\/twitter.com\/intent\/tweet?url=https:\/\/www.lmneuquen.com\/c730548&amp;v\u00eda=lmneuquen&amp;related=Lmneuquen.com&amp;text=\">Sumando Energ\u00edas es una Organizaci\u00f3n No Gubernamental (ONG) de Buenos Aires, aunque fundada por el rionegrino Pablo Casta\u00f1o, que se dedica a la construcci\u00f3n de estos dispositivos para que sean utilizados por familias de los barrios m\u00e1s necesitados, que no tienen acceso a agua caliente.Desde Neuqu\u00e9n, Milena Fern\u00e1ndez Oddo, una joven de 29 a\u00f1os, se enter\u00f3 de la iniciativa y decidi\u00f3 replicarla en la zona, aunque a menor escala. A ella se le sumaron tres colegas, con los que ahora juntan los materiales reciclables y empezaron con el armado del colector, que planean instalar en el merendero y comedor Los Espartanos.<\/p>\n<div id=\"655776-Libre-1794872501_wrap\" class=\"embed_cont type_imagen\" contenteditable=\"false\">\n<div id=\"655776-Libre-1794872501_content\" class=\"embed_content\"><img decoding=\"async\" id=\"655776-Libre-1794872501_embed\" src=\"https:\/\/media.lmneuquen.com\/adjuntos\/195\/imagenes\/005\/233\/0005233881.jpg?0000-00-00-00-00-00\" alt=\"La arquitecta que construye termotanques solares\" \/><\/div>\n<div id=\"655776-Libre-1794872501_epigrafe\" class=\"embed_epigrafe\">\n<p>La arquitecta que construye termotanques solares<\/p>\n<\/div>\n<div id=\"655776-Libre-1794872501_copyright\" class=\"embed_copyright\">Agust\u00edn Mart\u00ednez<\/div>\n<\/div>\n<p>El colector solar es un dispositivo para aprovechar la energ\u00eda solar, consistente en una placa con ca\u00f1os y un tanque que, en este caso, est\u00e1n recubiertos con los materiales reciclables. El agua ingresa y circula por los ca\u00f1os que reciben el calor del sol y el l\u00edquido ingresa al termotanque con mayor temperatura.<\/p>\n<p>Los colectores solares \u201ctradicionales\u201d pueden costar hasta cien mil pesos. En este caso, adem\u00e1s de ca\u00f1os, el tanque pl\u00e1stico y otros peque\u00f1os elementos, para hacerlo se necesitan 264 botellas de dos litros, 264 de un litro y medio, 180 latas de gaseosa o cerveza y 110 cajas de Tetra Brick (de leche, jugo, chocolatada), adem\u00e1s de aislante industrial o goma espuma, que tambi\u00e9n cubre el tanque.<\/p>\n<div id=\"655780-Libre-1568785286_wrap\" class=\"embed_cont type_imagen\" contenteditable=\"false\">\n<div id=\"655780-Libre-1568785286_content\" class=\"embed_content\"><img decoding=\"async\" id=\"655780-Libre-1568785286_embed\" src=\"https:\/\/media.lmneuquen.com\/adjuntos\/195\/imagenes\/005\/233\/0005233937.jpg?0000-00-00-00-00-00\" alt=\"\" \/><\/div>\n<\/div>\n<p>\u201cHay much\u00edsimas familias que no pueden acceder al servicio de agua caliente, as\u00ed que est\u00e1 pensado para que sea autoconstruido a partir de materiales reciclado y que puedan tener acceso a litros limitados de agua caliente todos los d\u00edas\u201d, cont\u00f3 Milena en di\u00e1logo con LM Neuqu\u00e9n.<\/p>\n<p>Apenas conoci\u00f3 sobre el trabajo de Renovando Energ\u00edas, la profesional hizo los talleres donde aprendi\u00f3 sobre su fabricaci\u00f3n y en marzo decidi\u00f3 empezar a hacerlos. A trav\u00e9s de su cuenta de Instagram, empez\u00f3 con la colecta de los materiales y de inmediato su auto y su casa empezaron a rebalsar de bolsas que, sin contexto, estar\u00edan destinadas al basural.<\/p>\n<p>\u201cMe interesa much\u00edsimo la sustentabilidad, siempre trato de estar investigando qu\u00e9 se puede hacer con lo que hacemos. El tratamiento de residuos es s\u00faper importante y no tenemos pol\u00edticas de Estado que se est\u00e9n ocupando del tema\u201d, consider\u00f3 la arquitecta quien, por su profesi\u00f3n, dijo que \u201csiempre trato de ver c\u00f3mo incorporar arquitectura m\u00e1s sustentable y m\u00e1s amigable con el ambiente\u201d.<\/p>\n<div id=\"embed24_wrap\" class=\"embed_cont type_freetext\" contenteditable=\"false\">\n<div id=\"embed24_content\" class=\"embed_content\">\n<div id=\"embed24_embed\"><iframe src=\"https:\/\/www.youtube.com\/embed\/SDgNSj53aZg\" width=\"100%\" height=\"315\" frameborder=\"0\" allowfullscreen=\"allowfullscreen\" data-mce-fragment=\"1\"><\/iframe><\/div>\n<\/div>\n<\/div>\n<p><strong>\u201cAc\u00e1 no existe el agua caliente\u201d<\/strong><\/p>\n<p>El primer prototipo a\u00fan est\u00e1 en construcci\u00f3n ya que la llegada de la pandemia de coronavirus demor\u00f3 un poco los planes. Cuando est\u00e9 terminado, lo instalar\u00e1n en el comedor y merendero Los Espartanos y luego, desde ese lugar, impulsar\u00e1n al vecindario para que sean construidos por ellos mismos.<\/p>\n<p>El lugar est\u00e1 ubicado entre las Tomas 2 de Mayo y 7 de mayo, yendo por la calle Cayast\u00e1 al fondo. All\u00ed, asisten a 60 familias por d\u00eda con la merienda y la cena, y actualmente est\u00e1n construyendo un Sal\u00f3n de Usos M\u00faltiples (SUM), donde tienen previsto dar talleres y ense\u00f1ar al vecindario a armar sus propios colectores.<\/p>\n<div id=\"655781-Libre-432404018_wrap\" class=\"embed_cont type_imagen\" contenteditable=\"false\">\n<div id=\"655781-Libre-432404018_content\" class=\"embed_content\"><img decoding=\"async\" id=\"655781-Libre-432404018_embed\" src=\"https:\/\/media.lmneuquen.com\/adjuntos\/195\/imagenes\/005\/233\/0005233945.jpg?0000-00-00-00-00-00\" alt=\"Uno de los colectores solares instalado, hecho por la ONG Sumando Energ\u00edas en Buenos Aires.\" \/><\/div>\n<div id=\"655781-Libre-432404018_epigrafe\" class=\"embed_epigrafe\">\n<p>Uno de los colectores solares instalado, hecho por la ONG Sumando Energ\u00edas en Buenos Aires.<\/p>\n<\/div>\n<\/div>\n<p>Para Jorge, uno de los referentes de Los Espartanos, tener el dispositivo en el lugar ser\u00eda \u201cestupendo\u201d y de mucha utilidad. \u201cAc\u00e1 tenemos agua fr\u00eda nada m\u00e1s, no existe el agua caliente. Para ba\u00f1arnos calentamos ollas e improvisamos, o el que tiene un familiar cerca, va, se ba\u00f1a y despu\u00e9s vuelve\u201d, explic\u00f3 Jorge, y cont\u00f3 que all\u00ed se vive con olor a humo \u201cporque la mayor\u00eda se calefacciona con estufas a le\u00f1a\u201d.<\/p>\n<p>Las condiciones de vida en esa zona de la meseta neuquina son parte de lo reflejado en el \u00faltimo informe de la Encuesta Permanente de Hogares, que corresponde al segundo semestre del 2019. All\u00ed se indica que unas 25 mil personas del conglomerado Neuqu\u00e9n-Plottier tienen sistemas deficientes o irregulares en las redes de gas, agua y cloacas.<\/p>\n<p>\u201cLa idea es instalar el primero ac\u00e1 y, a ra\u00edz de eso, que cada familia al verlo se entusiasme y tenga en su casa su propio colector. Por eso, ya los incentiv\u00e9 a que vayan reciclando botellas pl\u00e1sticas, latitas de cerveza, y cartones de leche\u201d, cont\u00f3 el referente barrial.<\/p>\n<div id=\"655778-Libre-2043108900_wrap\" class=\"embed_cont type_imagen\" contenteditable=\"false\">\n<div id=\"655778-Libre-2043108900_content\" class=\"embed_content\"><img decoding=\"async\" id=\"655778-Libre-2043108900_embed\" src=\"https:\/\/media.lmneuquen.com\/adjuntos\/195\/imagenes\/005\/233\/0005233895.jpg?0000-00-00-00-00-00\" alt=\"\" \/><\/div>\n<div id=\"655778-Libre-2043108900_copyright\" class=\"embed_copyright\">Agust\u00edn Mart\u00ednez<\/div>\n<\/div>\n<p><strong>\u00bfC\u00f3mo donar materiales?<\/strong><\/p>\n<p>Apenas termin\u00f3 de hacer los talleres, Milena lanz\u00f3 la campa\u00f1a de recolecci\u00f3n en sus redes sociales y, al d\u00eda siguiente, la primera colaboradora le llen\u00f3 el auto de materiales.<\/p>\n<p>\u201cUna se\u00f1ora fue la primera que me don\u00f3, fui a la casa y me llen\u00f3 el auto de cosas. Hay gente que viene juntando y eso est\u00e1 buen\u00edsimo porque producimos tanta basura y no nos damos cuenta\u201d, se\u00f1al\u00f3 la joven.<\/p>\n<p>Resalt\u00f3 que en el \u00faltimo tiempo \u201chubo un click global que hac\u00eda falta\u201d y \u201cahora hay un mont\u00f3n de gente que, por suerte, se est\u00e1 copando con el tema sustentable y de reciclaje\u201d.<\/p>\n<p>Para donar los materiales necesarios, se pueden contactar a su cuenta de Instagram \u201cmo.arqui\u201d, donde adem\u00e1s hay una serie de instructivos para aquellas personas que quieran colaborar, adem\u00e1s, con el acondicionamiento de cada uno de ellos.<\/p>\n<div id=\"embed95_wrap\" class=\"embed_cont type_freetext\" contenteditable=\"false\">\n<div id=\"embed95_content\" class=\"embed_content\">\n<div id=\"embed95_embed\"><\/div>\n<\/div>\n<\/div>\n<\/section>\n<div class=\"banner-wrapper\">\n<div class=\"banner-libre\">\n<p>&nbsp;<\/p>\n<div id=\"eplAdDivNotasA1\"><\/div>\n<p>Fuente: La Ma\u00f1ana Neuqu\u00e9n<\/p>\n<\/div>\n<\/div>\n<\/div>\n<div class=\"col-12 col-lg-4\">\n<div class=\"banner-wrapper\">\n<div class=\"ad02-obj banner\"><\/div>\n<\/div>\n<div class=\"banner-wrapper\">\n<div class=\"banner-libre\">\n<p>&nbsp;<\/p>\n<div id=\"eplAdDivNotasB1\"><\/div>\n<p>&nbsp;<\/p>\n<\/div>\n<\/div>\n<div class=\"banner-wrapper\">\n<div class=\"banner-libre\">\n<p>&nbsp;<\/p>\n<div id=\"eplAdDivNotasB2\"><\/div>\n<p>&nbsp;<\/p>\n<\/div>\n<\/div>\n<div class=\"banner-wrapper\">\n<div class=\"ad02-obj banner\">\n<p>&nbsp;<\/p>\n<div id=\"eplAdDivNotasB3\"><\/div>\n<p>&nbsp;<\/p>\n<\/div>\n<\/div>\n<section class=\"section-horizontal-sm one-column row d-flex align-items-start\">\n<div class=\"col-12 \"><\/div>\n<\/section>\n<div class=\"banner-wrapper\">\n<div class=\"banner-libre\">\n<div class=\"pub-home-event\">\n<div id=\"Nueva_Red_Interior\/www.lmneuquen.com\/Home_Residual_parent\" class=\"\" data-adtype=\"floating\">\n<div id=\"Nueva_Red_Interior\/www.lmneuquen.com\/Home_Residual\" class=\"ad-slot\" data-adtype=\"floating\" data-kv=\"undefined\" data-adzonerun=\"1\" data-google-query-id=\"CPj3mKrQ3OsCFWUCuQYdzcgIcA\">\n<div id=\"google_ads_iframe_\/40327789\/Nueva_Red_Interior\/www.lmneuquen.com\/Home_Residual_0__container__\"><\/div>\n<\/div>\n<\/div>\n<\/div>\n<\/div>\n<\/div>\n<\/div>\n<\/div>\n<p>&nbsp;<\/p>\n<div class=\"row\">\n<div class=\"col-12\">\n<section class=\"read-more \">\n<header class=\"object-title header-title\"><\/header>\n<article class=\"suggested-note\">\n<h2 class=\"title\"><\/h2>\n<\/article>\n<\/section>\n<\/div>\n<\/div>\n","protected":false},"excerpt":{"rendered":"<p>El dispositivo ser\u00e1 instalado en un merendero del oeste. Est\u00e1n destinados a aquellas familias que no tienen acceso al agua [&hellip;]<\/p>\n","protected":false},"author":6,"featured_media":68261,"comment_status":"open","ping_status":"open","sticky":false,"template":"","format":"standard","meta":{"site-sidebar-layout":"default","site-content-layout":"","ast-site-content-layout":"default","site-content-style":"default","site-sidebar-style":"default","ast-global-header-display":"","ast-banner-title-visibility":"","ast-main-header-display":"","ast-hfb-above-header-display":"","ast-hfb-below-header-display":"","ast-hfb-mobile-header-display":"","site-post-title":"","ast-breadcrumbs-content":"","ast-featured-img":"","footer-sml-layout":"","ast-disable-related-posts":"","theme-transparent-header-meta":"","adv-header-id-meta":"","stick-header-meta":"","header-above-stick-meta":"","header-main-stick-meta":"","header-below-stick-meta":"","astra-migrate-meta-layouts":"default","ast-page-background-enabled":"default","ast-page-background-meta":{"desktop":{"background-color":"var(--ast-global-color-5)","background-image":"","background-repeat":"repeat","background-position":"center center","background-size":"auto","background-attachment":"scroll","background-type":"","background-media":"","overlay-type":"","overlay-color":"","overlay-opacity":"","overlay-gradient":""},"tablet":{"background-color":"","background-image":"","background-repeat":"repeat","background-position":"center center","background-size":"auto","background-attachment":"scroll","background-type":"","background-media":"","overlay-type":"","overlay-color":"","overlay-opacity":"","overlay-gradient":""},"mobile":{"background-color":"","background-image":"","background-repeat":"repeat","background-position":"center center","background-size":"auto","background-attachment":"scroll","background-type":"","background-media":"","overlay-type":"","overlay-color":"","overlay-opacity":"","overlay-gradient":""}},"ast-content-background-meta":{"desktop":{"background-color":"var(--ast-global-color-4)","background-image":"","background-repeat":"repeat","background-position":"center center","background-size":"auto","background-attachment":"scroll","background-type":"","background-media":"","overlay-type":"","overlay-color":"","overlay-opacity":"","overlay-gradient":""},"tablet":{"background-color":"var(--ast-global-color-4)","background-image":"","background-repeat":"repeat","background-position":"center center","background-size":"auto","background-attachment":"scroll","background-type":"","background-media":"","overlay-type":"","overlay-color":"","overlay-opacity":"","overlay-gradient":""},"mobile":{"background-color":"var(--ast-global-color-4)","background-image":"","background-repeat":"repeat","background-position":"center center","background-size":"auto","background-attachment":"scroll","background-type":"","background-media":"","overlay-type":"","overlay-color":"","overlay-opacity":"","overlay-gradient":""}},"footnotes":""},"categories":[11,3357,16,1,10],"tags":[],"class_list":["post-68260","post","type-post","status-publish","format-standard","has-post-thumbnail","hentry","category-boletin","category-girsu","category-municipales","category-noticias","category-rotador"],"yoast_head":"<!-- This site is optimized with the Yoast SEO Premium plugin v23.0 (Yoast SEO v27.5) - https:\/\/yoast.com\/product\/yoast-seo-premium-wordpress\/ -->\n<title>Con latas y botellas, una arquitecta construye termotanques solares<\/title>\n<meta name=\"robots\" content=\"index, follow, max-snippet:-1, max-image-preview:large, max-video-preview:-1\" \/>\n<link rel=\"canonical\" href=\"https:\/\/patagoniambiental.com.ar\/info\/con-latas-y-botellas-una-arquitecta-construye-termotanques-solares\/\" \/>\n<meta property=\"og:locale\" content=\"es_ES\" \/>\n<meta property=\"og:type\" content=\"article\" \/>\n<meta property=\"og:title\" content=\"Con latas y botellas, una arquitecta construye termotanques solares\" \/>\n<meta property=\"og:description\" content=\"El dispositivo ser\u00e1 instalado en un merendero del oeste. Est\u00e1n destinados a aquellas familias que no tienen acceso al agua [&hellip;]\" \/>\n<meta property=\"og:url\" content=\"https:\/\/patagoniambiental.com.ar\/info\/con-latas-y-botellas-una-arquitecta-construye-termotanques-solares\/\" \/>\n<meta property=\"og:site_name\" content=\"Patagonia Ambiental\" \/>\n<meta property=\"article:publisher\" content=\"https:\/\/www.facebook.com\/patagonia.ambiental\" \/>\n<meta property=\"article:published_time\" content=\"2020-09-10T10:00:13+00:00\" \/>\n<meta property=\"article:modified_time\" content=\"2020-09-10T11:45:39+00:00\" \/>\n<meta property=\"og:image\" content=\"https:\/\/patagoniambiental.com.ar\/info\/wp-content\/uploads\/2020\/09\/0005233907.jpg\" \/>\n\t<meta property=\"og:image:width\" content=\"770\" \/>\n\t<meta property=\"og:image:height\" content=\"435\" \/>\n\t<meta property=\"og:image:type\" content=\"image\/jpeg\" \/>\n<meta name=\"author\" content=\"BRAIAN ESTEVEZ\" \/>\n<meta name=\"twitter:card\" content=\"summary_large_image\" \/>\n<meta name=\"twitter:creator\" content=\"@PatAmb\" \/>\n<meta name=\"twitter:site\" content=\"@PatAmb\" \/>\n<script type=\"application\/ld+json\" class=\"yoast-schema-graph\">{\"@context\":\"https:\\\/\\\/schema.org\",\"@graph\":[{\"@type\":\"Article\",\"@id\":\"https:\\\/\\\/patagoniambiental.com.ar\\\/info\\\/con-latas-y-botellas-una-arquitecta-construye-termotanques-solares\\\/#article\",\"isPartOf\":{\"@id\":\"https:\\\/\\\/patagoniambiental.com.ar\\\/info\\\/con-latas-y-botellas-una-arquitecta-construye-termotanques-solares\\\/\"},\"author\":{\"name\":\"BRAIAN ESTEVEZ\",\"@id\":\"https:\\\/\\\/patagoniambiental.com.ar\\\/info\\\/#\\\/schema\\\/person\\\/e5af09d700b2e82cb10c6b8800e0c691\"},\"headline\":\"Con latas y botellas, una arquitecta construye termotanques solares\",\"datePublished\":\"2020-09-10T10:00:13+00:00\",\"dateModified\":\"2020-09-10T11:45:39+00:00\",\"mainEntityOfPage\":{\"@id\":\"https:\\\/\\\/patagoniambiental.com.ar\\\/info\\\/con-latas-y-botellas-una-arquitecta-construye-termotanques-solares\\\/\"},\"wordCount\":1077,\"commentCount\":0,\"publisher\":{\"@id\":\"https:\\\/\\\/patagoniambiental.com.ar\\\/info\\\/#organization\"},\"image\":{\"@id\":\"https:\\\/\\\/patagoniambiental.com.ar\\\/info\\\/con-latas-y-botellas-una-arquitecta-construye-termotanques-solares\\\/#primaryimage\"},\"thumbnailUrl\":\"https:\\\/\\\/patagoniambiental.com.ar\\\/info\\\/wp-content\\\/uploads\\\/2020\\\/09\\\/0005233907.jpg\",\"articleSection\":[\"Bolet\u00edn\",\"GIRSU\",\"Municipales\",\"Noticias\",\"Rotador\"],\"inLanguage\":\"es\",\"potentialAction\":[{\"@type\":\"CommentAction\",\"name\":\"Comment\",\"target\":[\"https:\\\/\\\/patagoniambiental.com.ar\\\/info\\\/con-latas-y-botellas-una-arquitecta-construye-termotanques-solares\\\/#respond\"]}]},{\"@type\":\"WebPage\",\"@id\":\"https:\\\/\\\/patagoniambiental.com.ar\\\/info\\\/con-latas-y-botellas-una-arquitecta-construye-termotanques-solares\\\/\",\"url\":\"https:\\\/\\\/patagoniambiental.com.ar\\\/info\\\/con-latas-y-botellas-una-arquitecta-construye-termotanques-solares\\\/\",\"name\":\"Con latas y botellas, una arquitecta construye termotanques solares\",\"isPartOf\":{\"@id\":\"https:\\\/\\\/patagoniambiental.com.ar\\\/info\\\/#website\"},\"primaryImageOfPage\":{\"@id\":\"https:\\\/\\\/patagoniambiental.com.ar\\\/info\\\/con-latas-y-botellas-una-arquitecta-construye-termotanques-solares\\\/#primaryimage\"},\"image\":{\"@id\":\"https:\\\/\\\/patagoniambiental.com.ar\\\/info\\\/con-latas-y-botellas-una-arquitecta-construye-termotanques-solares\\\/#primaryimage\"},\"thumbnailUrl\":\"https:\\\/\\\/patagoniambiental.com.ar\\\/info\\\/wp-content\\\/uploads\\\/2020\\\/09\\\/0005233907.jpg\",\"datePublished\":\"2020-09-10T10:00:13+00:00\",\"dateModified\":\"2020-09-10T11:45:39+00:00\",\"breadcrumb\":{\"@id\":\"https:\\\/\\\/patagoniambiental.com.ar\\\/info\\\/con-latas-y-botellas-una-arquitecta-construye-termotanques-solares\\\/#breadcrumb\"},\"inLanguage\":\"es\",\"potentialAction\":[{\"@type\":\"ReadAction\",\"target\":[\"https:\\\/\\\/patagoniambiental.com.ar\\\/info\\\/con-latas-y-botellas-una-arquitecta-construye-termotanques-solares\\\/\"]}]},{\"@type\":\"ImageObject\",\"inLanguage\":\"es\",\"@id\":\"https:\\\/\\\/patagoniambiental.com.ar\\\/info\\\/con-latas-y-botellas-una-arquitecta-construye-termotanques-solares\\\/#primaryimage\",\"url\":\"https:\\\/\\\/patagoniambiental.com.ar\\\/info\\\/wp-content\\\/uploads\\\/2020\\\/09\\\/0005233907.jpg\",\"contentUrl\":\"https:\\\/\\\/patagoniambiental.com.ar\\\/info\\\/wp-content\\\/uploads\\\/2020\\\/09\\\/0005233907.jpg\",\"width\":770,\"height\":435},{\"@type\":\"BreadcrumbList\",\"@id\":\"https:\\\/\\\/patagoniambiental.com.ar\\\/info\\\/con-latas-y-botellas-una-arquitecta-construye-termotanques-solares\\\/#breadcrumb\",\"itemListElement\":[{\"@type\":\"ListItem\",\"position\":1,\"name\":\"Inicio\",\"item\":\"https:\\\/\\\/patagoniambiental.com.ar\\\/info\\\/\"},{\"@type\":\"ListItem\",\"position\":2,\"name\":\"Con latas y botellas, una arquitecta construye termotanques solares\"}]},{\"@type\":\"WebSite\",\"@id\":\"https:\\\/\\\/patagoniambiental.com.ar\\\/info\\\/#website\",\"url\":\"https:\\\/\\\/patagoniambiental.com.ar\\\/info\\\/\",\"name\":\"Patagonia Ambiental\",\"description\":\"Monitoreo y an\u00e1lisis de la situaci\u00f3n geopol\u00edtica en el mundo y su implicancia en la Patagonia\",\"publisher\":{\"@id\":\"https:\\\/\\\/patagoniambiental.com.ar\\\/info\\\/#organization\"},\"potentialAction\":[{\"@type\":\"SearchAction\",\"target\":{\"@type\":\"EntryPoint\",\"urlTemplate\":\"https:\\\/\\\/patagoniambiental.com.ar\\\/info\\\/?s={search_term_string}\"},\"query-input\":{\"@type\":\"PropertyValueSpecification\",\"valueRequired\":true,\"valueName\":\"search_term_string\"}}],\"inLanguage\":\"es\"},{\"@type\":\"Organization\",\"@id\":\"https:\\\/\\\/patagoniambiental.com.ar\\\/info\\\/#organization\",\"name\":\"Patagonia Ambiental\",\"url\":\"https:\\\/\\\/patagoniambiental.com.ar\\\/info\\\/\",\"logo\":{\"@type\":\"ImageObject\",\"inLanguage\":\"es\",\"@id\":\"https:\\\/\\\/patagoniambiental.com.ar\\\/info\\\/#\\\/schema\\\/logo\\\/image\\\/\",\"url\":\"https:\\\/\\\/patagoniambiental.com.ar\\\/info\\\/wp-content\\\/uploads\\\/2025\\\/05\\\/LOGO-PATAGONIA-AMBIENTAL.png\",\"contentUrl\":\"https:\\\/\\\/patagoniambiental.com.ar\\\/info\\\/wp-content\\\/uploads\\\/2025\\\/05\\\/LOGO-PATAGONIA-AMBIENTAL.png\",\"width\":433,\"height\":250,\"caption\":\"Patagonia Ambiental\"},\"image\":{\"@id\":\"https:\\\/\\\/patagoniambiental.com.ar\\\/info\\\/#\\\/schema\\\/logo\\\/image\\\/\"},\"sameAs\":[\"https:\\\/\\\/www.facebook.com\\\/patagonia.ambiental\",\"https:\\\/\\\/x.com\\\/PatAmb\"]},{\"@type\":\"Person\",\"@id\":\"https:\\\/\\\/patagoniambiental.com.ar\\\/info\\\/#\\\/schema\\\/person\\\/e5af09d700b2e82cb10c6b8800e0c691\",\"name\":\"BRAIAN ESTEVEZ\",\"sameAs\":[\"http:\\\/\\\/www.patagoniambiental.com.ar\"]}]}<\/script>\n<!-- \/ Yoast SEO Premium plugin. -->","yoast_head_json":{"title":"Con latas y botellas, una arquitecta construye termotanques solares","robots":{"index":"index","follow":"follow","max-snippet":"max-snippet:-1","max-image-preview":"max-image-preview:large","max-video-preview":"max-video-preview:-1"},"canonical":"https:\/\/patagoniambiental.com.ar\/info\/con-latas-y-botellas-una-arquitecta-construye-termotanques-solares\/","og_locale":"es_ES","og_type":"article","og_title":"Con latas y botellas, una arquitecta construye termotanques solares","og_description":"El dispositivo ser\u00e1 instalado en un merendero del oeste. Est\u00e1n destinados a aquellas familias que no tienen acceso al agua [&hellip;]","og_url":"https:\/\/patagoniambiental.com.ar\/info\/con-latas-y-botellas-una-arquitecta-construye-termotanques-solares\/","og_site_name":"Patagonia Ambiental","article_publisher":"https:\/\/www.facebook.com\/patagonia.ambiental","article_published_time":"2020-09-10T10:00:13+00:00","article_modified_time":"2020-09-10T11:45:39+00:00","og_image":[{"width":770,"height":435,"url":"https:\/\/patagoniambiental.com.ar\/info\/wp-content\/uploads\/2020\/09\/0005233907.jpg","type":"image\/jpeg"}],"author":"BRAIAN ESTEVEZ","twitter_card":"summary_large_image","twitter_creator":"@PatAmb","twitter_site":"@PatAmb","schema":{"@context":"https:\/\/schema.org","@graph":[{"@type":"Article","@id":"https:\/\/patagoniambiental.com.ar\/info\/con-latas-y-botellas-una-arquitecta-construye-termotanques-solares\/#article","isPartOf":{"@id":"https:\/\/patagoniambiental.com.ar\/info\/con-latas-y-botellas-una-arquitecta-construye-termotanques-solares\/"},"author":{"name":"BRAIAN ESTEVEZ","@id":"https:\/\/patagoniambiental.com.ar\/info\/#\/schema\/person\/e5af09d700b2e82cb10c6b8800e0c691"},"headline":"Con latas y botellas, una arquitecta construye termotanques solares","datePublished":"2020-09-10T10:00:13+00:00","dateModified":"2020-09-10T11:45:39+00:00","mainEntityOfPage":{"@id":"https:\/\/patagoniambiental.com.ar\/info\/con-latas-y-botellas-una-arquitecta-construye-termotanques-solares\/"},"wordCount":1077,"commentCount":0,"publisher":{"@id":"https:\/\/patagoniambiental.com.ar\/info\/#organization"},"image":{"@id":"https:\/\/patagoniambiental.com.ar\/info\/con-latas-y-botellas-una-arquitecta-construye-termotanques-solares\/#primaryimage"},"thumbnailUrl":"https:\/\/patagoniambiental.com.ar\/info\/wp-content\/uploads\/2020\/09\/0005233907.jpg","articleSection":["Bolet\u00edn","GIRSU","Municipales","Noticias","Rotador"],"inLanguage":"es","potentialAction":[{"@type":"CommentAction","name":"Comment","target":["https:\/\/patagoniambiental.com.ar\/info\/con-latas-y-botellas-una-arquitecta-construye-termotanques-solares\/#respond"]}]},{"@type":"WebPage","@id":"https:\/\/patagoniambiental.com.ar\/info\/con-latas-y-botellas-una-arquitecta-construye-termotanques-solares\/","url":"https:\/\/patagoniambiental.com.ar\/info\/con-latas-y-botellas-una-arquitecta-construye-termotanques-solares\/","name":"Con latas y botellas, una arquitecta construye termotanques solares","isPartOf":{"@id":"https:\/\/patagoniambiental.com.ar\/info\/#website"},"primaryImageOfPage":{"@id":"https:\/\/patagoniambiental.com.ar\/info\/con-latas-y-botellas-una-arquitecta-construye-termotanques-solares\/#primaryimage"},"image":{"@id":"https:\/\/patagoniambiental.com.ar\/info\/con-latas-y-botellas-una-arquitecta-construye-termotanques-solares\/#primaryimage"},"thumbnailUrl":"https:\/\/patagoniambiental.com.ar\/info\/wp-content\/uploads\/2020\/09\/0005233907.jpg","datePublished":"2020-09-10T10:00:13+00:00","dateModified":"2020-09-10T11:45:39+00:00","breadcrumb":{"@id":"https:\/\/patagoniambiental.com.ar\/info\/con-latas-y-botellas-una-arquitecta-construye-termotanques-solares\/#breadcrumb"},"inLanguage":"es","potentialAction":[{"@type":"ReadAction","target":["https:\/\/patagoniambiental.com.ar\/info\/con-latas-y-botellas-una-arquitecta-construye-termotanques-solares\/"]}]},{"@type":"ImageObject","inLanguage":"es","@id":"https:\/\/patagoniambiental.com.ar\/info\/con-latas-y-botellas-una-arquitecta-construye-termotanques-solares\/#primaryimage","url":"https:\/\/patagoniambiental.com.ar\/info\/wp-content\/uploads\/2020\/09\/0005233907.jpg","contentUrl":"https:\/\/patagoniambiental.com.ar\/info\/wp-content\/uploads\/2020\/09\/0005233907.jpg","width":770,"height":435},{"@type":"BreadcrumbList","@id":"https:\/\/patagoniambiental.com.ar\/info\/con-latas-y-botellas-una-arquitecta-construye-termotanques-solares\/#breadcrumb","itemListElement":[{"@type":"ListItem","position":1,"name":"Inicio","item":"https:\/\/patagoniambiental.com.ar\/info\/"},{"@type":"ListItem","position":2,"name":"Con latas y botellas, una arquitecta construye termotanques solares"}]},{"@type":"WebSite","@id":"https:\/\/patagoniambiental.com.ar\/info\/#website","url":"https:\/\/patagoniambiental.com.ar\/info\/","name":"Patagonia Ambiental","description":"Monitoreo y an\u00e1lisis de la situaci\u00f3n geopol\u00edtica en el mundo y su implicancia en la Patagonia","publisher":{"@id":"https:\/\/patagoniambiental.com.ar\/info\/#organization"},"potentialAction":[{"@type":"SearchAction","target":{"@type":"EntryPoint","urlTemplate":"https:\/\/patagoniambiental.com.ar\/info\/?s={search_term_string}"},"query-input":{"@type":"PropertyValueSpecification","valueRequired":true,"valueName":"search_term_string"}}],"inLanguage":"es"},{"@type":"Organization","@id":"https:\/\/patagoniambiental.com.ar\/info\/#organization","name":"Patagonia Ambiental","url":"https:\/\/patagoniambiental.com.ar\/info\/","logo":{"@type":"ImageObject","inLanguage":"es","@id":"https:\/\/patagoniambiental.com.ar\/info\/#\/schema\/logo\/image\/","url":"https:\/\/patagoniambiental.com.ar\/info\/wp-content\/uploads\/2025\/05\/LOGO-PATAGONIA-AMBIENTAL.png","contentUrl":"https:\/\/patagoniambiental.com.ar\/info\/wp-content\/uploads\/2025\/05\/LOGO-PATAGONIA-AMBIENTAL.png","width":433,"height":250,"caption":"Patagonia Ambiental"},"image":{"@id":"https:\/\/patagoniambiental.com.ar\/info\/#\/schema\/logo\/image\/"},"sameAs":["https:\/\/www.facebook.com\/patagonia.ambiental","https:\/\/x.com\/PatAmb"]},{"@type":"Person","@id":"https:\/\/patagoniambiental.com.ar\/info\/#\/schema\/person\/e5af09d700b2e82cb10c6b8800e0c691","name":"BRAIAN ESTEVEZ","sameAs":["http:\/\/www.patagoniambiental.com.ar"]}]}},"_links":{"self":[{"href":"https:\/\/patagoniambiental.com.ar\/info\/wp-json\/wp\/v2\/posts\/68260","targetHints":{"allow":["GET"]}}],"collection":[{"href":"https:\/\/patagoniambiental.com.ar\/info\/wp-json\/wp\/v2\/posts"}],"about":[{"href":"https:\/\/patagoniambiental.com.ar\/info\/wp-json\/wp\/v2\/types\/post"}],"author":[{"embeddable":true,"href":"https:\/\/patagoniambiental.com.ar\/info\/wp-json\/wp\/v2\/users\/6"}],"replies":[{"embeddable":true,"href":"https:\/\/patagoniambiental.com.ar\/info\/wp-json\/wp\/v2\/comments?post=68260"}],"version-history":[{"count":0,"href":"https:\/\/patagoniambiental.com.ar\/info\/wp-json\/wp\/v2\/posts\/68260\/revisions"}],"wp:featuredmedia":[{"embeddable":true,"href":"https:\/\/patagoniambiental.com.ar\/info\/wp-json\/wp\/v2\/media\/68261"}],"wp:attachment":[{"href":"https:\/\/patagoniambiental.com.ar\/info\/wp-json\/wp\/v2\/media?parent=68260"}],"wp:term":[{"taxonomy":"category","embeddable":true,"href":"https:\/\/patagoniambiental.com.ar\/info\/wp-json\/wp\/v2\/categories?post=68260"},{"taxonomy":"post_tag","embeddable":true,"href":"https:\/\/patagoniambiental.com.ar\/info\/wp-json\/wp\/v2\/tags?post=68260"}],"curies":[{"name":"wp","href":"https:\/\/api.w.org\/{rel}","templated":true}]}}