{"id":68264,"date":"2020-09-09T19:00:07","date_gmt":"2020-09-09T22:00:07","guid":{"rendered":"http:\/\/patagoniambiental.com.ar\/info\/?p=68264"},"modified":"2020-09-09T16:12:08","modified_gmt":"2020-09-09T19:12:08","slug":"estudiante-de-la-unrn-participo-del-lanzamiento-del-satelite-argentino","status":"publish","type":"post","link":"https:\/\/patagoniambiental.com.ar\/info\/estudiante-de-la-unrn-participo-del-lanzamiento-del-satelite-argentino\/","title":{"rendered":"Estudiante de la UNRN particip\u00f3 del lanzamiento del sat\u00e9lite argentino"},"content":{"rendered":"<p class=\"x_gmail-cuerpoa\"><i><span lang=\"ES-AR\">Bariloche, 9 de septiembre de 2020<\/span><\/i><span lang=\"ES-AR\">.- Kevin Velhuda es Ingeniero Industrial, trabaja en INVAP y particip\u00f3 del lanzamiento de los dos \u00faltimos sat\u00e9lites industria argentina: el SAOCOM 1A y el SAOCOM 1B, lanzado hace d\u00edas desde Estados Unidos y ya operativo. <\/span><\/p>\n<p><!--more--><\/p>\n<p class=\"x_gmail-cuerpoa\"><span lang=\"ES-AR\">Pero, adem\u00e1s, estudia en la Universidad Nacional de R\u00edo Negro (UNRN): est\u00e1 cursando la Maestr\u00eda en Ciencia, Tecnolog\u00eda e Innovaci\u00f3n (MCTI) que ofrece la Sede Andina, en la ciudad de San Carlos de Bariloche.<\/span><\/p>\n<p class=\"x_gmail-cuerpoa\"><b><span lang=\"ES-AR\">\u00bfQu\u00e9 estudiaste inicialmente? \u00bfQu\u00e9 recorrido te trajo hasta los sat\u00e9lites?<\/span><\/b><\/p>\n<p class=\"x_gmail-cuerpoa\"><span lang=\"ES-AR\">Egres\u00e9 del secundario de la escuela t\u00e9cnica de Cruz Alta, C\u00f3rdoba, ex IPEM N\u00b059 \u00ab25 de Mayo\u00bb y actual IPETyM N\u00b059 \u00ab25 de Mayo\u00bb (una escuela internado cercana al pueblo donde viv\u00eda, Tortugas, Santa Fe). Luego ingres\u00e9 a la Facultad de Ciencias Exactas, Ingenier\u00eda y Agrimensura (FCEIA) de la Universidad Nacional de Rosario, en donde obtuve el t\u00edtulo de Ingeniero Industrial. En 2015 volv\u00ed a Bariloche, a trabajar a INVAP. Actualmente, estoy haciendo la Maestr\u00eda en Ciencia, Tecnolog\u00eda e Innovaci\u00f3n en la orientaci\u00f3n de Management Tecnol\u00f3gico en la Universidad Nacional de R\u00edo Negro (se encuentra en la etapa de redacci\u00f3n de la tesis en la que realiz\u00f3 un an\u00e1lisis socio-t\u00e9cnico del desarrollo del sat\u00e9lite SAOCOM bajo la direcci\u00f3n de los investigadores Facundo Picabea (UNLu-CONICET) y Diego Aguiar (UNRN-CITECDE-CONICET)).<b><\/b><\/span><\/p>\n<p class=\"x_gmail-cuerpoa\"><b><span lang=\"ES-AR\">Hace pocos d\u00edas estuviste presente en Cabo Ca\u00f1averal, en el lanzamiento del SAOCOM 1B \u00bfC\u00f3mo fue la experiencia de vivir el lanzamiento del sat\u00e9lite en vivo y en directo?<\/span><\/b><\/p>\n<p class=\"x_gmail-cuerpoa\"><span lang=\"ES-AR\">Anteriormente particip\u00e9 de la campa\u00f1a de lanzamiento del SAOCOM 1A que se realiz\u00f3 en Vandenberg, en California, pero en esa instancia no tuve la posibilidad de presenciar el lanzamiento desde Estados Unidos; lo vi en la sede de INVAP en San Carlos de Bariloche, junto a mis compa\u00f1eros. En el caso del SAOCOM 1B tuve la posibilidad de participar de la campa\u00f1a de lanzamiento en Cabo Ca\u00f1averal, en Florida, y esta vez de poder presenciar el lanzamiento desde la misma base. Fue una experiencia muy emocionante, una jornada muy particular ya que hasta \u00faltimo minuto no sab\u00edamos si \u00edbamos a poder lanzar por cuestiones clim\u00e1ticas. El sat\u00e9lite estaba configurado y listo para ser lanzado, pero depend\u00edamos de factores ajenos a nosotros. El lanzamiento fue un momento muy particular para m\u00ed, ya que con la puesta en \u00f3rbita del sat\u00e9lite finaliza mi participaci\u00f3n en el proyecto e inicia la vida operativa del sat\u00e9lite.<\/span><\/p>\n<p class=\"x_gmail-cuerpoa\"><b><span lang=\"ES-AR\">\u00bfDe qu\u00e9 parte del sat\u00e9lite debiste encargarte?<\/span><\/b><\/p>\n<p class=\"x_gmail-cuerpoa\"><span lang=\"ES-AR\">En INVAP formo parte del equipo de Aseguramiento de Producto de Proyectos Espaciales, que cubre aspectos de calidad, confiabilidad de materiales, procesos, componentes, software y safety. En particular me toc\u00f3 acompa\u00f1ar en todas las actividades relacionadas a ensayos ambientales en integraciones, en ensayos funcionales y en las campa\u00f1as de lanzamiento.<\/span><\/p>\n<p class=\"x_gmail-cuerpoa\"><b><span lang=\"ES-AR\">\u00bfImaginaste vivir algo as\u00ed mientras estabas cursando tus primeros a\u00f1os de la carrera de grado? \u00bfEra tu sue\u00f1o o se fue dando a medida que avanzabas?<\/span><\/b><\/p>\n<p class=\"x_gmail-cuerpoa\"><span lang=\"ES-AR\">Cuando comenc\u00e9 mis estudios no me imagine trabajar en un proyecto as\u00ed. Sin embargo, siempre me gust\u00f3 la tecnolog\u00eda, la electr\u00f3nica, la rob\u00f3tica y estuvo en mis planes realizar alguna maestr\u00eda o especializaci\u00f3n relacionada con \u00e9stas. Afortunadamente, por el rol que me toc\u00f3 dentro del proyecto, tuve la posibilidad de participar en muchos ensayos e integraciones y de estar muy cerca del sat\u00e9lite en diferentes instancias.<\/span><\/p>\n<p class=\"x_gmail-cuerpoa\"><b><span lang=\"ES-AR\">\u00bfQu\u00e9 cre\u00e9s que la Maestr\u00eda suma a tu carrera? \u00bfC\u00f3mo la vincul\u00e1s al lanzamiento de sat\u00e9lites argentinos al espacio?<\/span><\/b><\/p>\n<p class=\"x_gmail-cuerpoa\"><span lang=\"ES-AR\">Si bien mi formaci\u00f3n de grado est\u00e1 orientada al an\u00e1lisis y optimizaci\u00f3n de sistemas, procesos y recursos, creo que la orientaci\u00f3n en Management Tecnol\u00f3gico de la MCTI me brinda herramientas adicionales para comprender la ciencia, la tecnolog\u00eda y la innovaci\u00f3n junto con los aspectos socio-pol\u00edticos con los cuales se relacionan. Estos aspectos le brindan a uno una perspectiva diferente de c\u00f3mo ver el desarrollo de los proyectos tecnol\u00f3gicos complejos que forman parte de la cartera de productos que desarrolla INVAP, empresa de la cual formo parte.<\/span><\/p>\n<p class=\"x_gmail-cuerpoa\"><span lang=\"ES-AR\">Para saber m\u00e1s sobre la Maestr\u00eda en Ciencia, Tecnolog\u00eda e Innovaci\u00f3n que la UNRN dicta en Bariloche, ingresar aqu\u00ed\u00a0<\/span><span lang=\"ES-AR\"><a href=\"https:\/\/www.unrn.edu.ar\/carreras\/Maestria-en-Ciencia-Tecnologia-e-Innovacion-70\" target=\"_blank\" rel=\"noopener noreferrer\" data-auth=\"NotApplicable\">https:\/\/www.unrn.edu.ar\/carreras\/Maestria-en-Ciencia-Tecnologia-e-Innovacion-70<\/a><\/span><\/p>\n<div>\n<div><\/div>\n<\/div>\n<div><\/div>\n<p>&#8212;<\/p>\n<div class=\"x_gmail_signature\" dir=\"ltr\">\n<div dir=\"ltr\">\n<div>\n<div dir=\"ltr\">\n<div>\n<div dir=\"ltr\">\n<div dir=\"ltr\">\n<div dir=\"ltr\">\n<div dir=\"ltr\">\n<div dir=\"ltr\">\n<div dir=\"ltr\">\n<div dir=\"ltr\">\n<div dir=\"ltr\">\n<div dir=\"ltr\">\n<div>\n<div><span style=\"font-family: trebuchet ms, sans-serif;\">Departamento de Comunicaci\u00f3n<\/span><\/div>\n<div><span style=\"font-family: trebuchet ms, sans-serif;\">Universidad Nacional de R\u00edo Negro &#8211; Sede Andina\u00a0<\/span><\/div>\n<div><span style=\"font-family: trebuchet ms, sans-serif;\">Mitre 630 1\u00ba \u00abB\u00bb &#8211; San Carlos de Bariloche<\/span><\/div>\n<div><span style=\"font-family: trebuchet ms, sans-serif;\">(0294) 474 6118<\/span><\/div>\n<div><span style=\"font-family: trebuchet ms, sans-serif;\"><a href=\"mailto:comunicacion.andina@unrn.edu.ar\" target=\"_blank\" rel=\"noopener noreferrer\" data-auth=\"NotApplicable\">comunicacion.andina@unrn.edu.ar<\/a><\/span><\/div>\n<div><span style=\"font-family: trebuchet ms, sans-serif;\"><a href=\"http:\/\/www.unrn.edu.ar\/\" target=\"_blank\" rel=\"noopener noreferrer\" data-auth=\"NotApplicable\">www.unrn.edu.ar<\/a><\/span><\/div>\n<div><span style=\"font-family: trebuchet ms, sans-serif;\">Facebook: @<a href=\"https:\/\/www.facebook.com\/unrnsedeandina\" target=\"_blank\" rel=\"noopener noreferrer\" data-auth=\"NotApplicable\">unrnsedeandina<\/a><br \/>\n<\/span><\/div>\n<div><span style=\"font-family: trebuchet ms, sans-serif;\">Twitter: @unrnsedeandina<\/span><\/div>\n<div><span style=\"font-family: trebuchet ms, sans-serif;\">\u00a0<\/span><\/div>\n<div><span style=\"font-family: trebuchet ms, sans-serif;\">Instagram: Instagram\/@unrionegro<\/span><\/div>\n<div><span style=\"font-family: trebuchet ms, sans-serif;\"><a href=\"http:\/\/www.unrn.tv\/\" target=\"_blank\" rel=\"noopener noreferrer\" data-auth=\"NotApplicable\">www.unrn.tv<\/a><br \/>\n<\/span><\/div>\n<div><span style=\"font-family: trebuchet ms, sans-serif;\">www.raund.media<\/span><\/div>\n<\/div>\n<\/div>\n<\/div>\n<\/div>\n<\/div>\n<\/div>\n<\/div>\n<\/div>\n<\/div>\n<\/div>\n<\/div>\n<\/div>\n<\/div>\n<\/div>\n<\/div>\n","protected":false},"excerpt":{"rendered":"<p>Bariloche, 9 de septiembre de 2020.- Kevin Velhuda es Ingeniero Industrial, trabaja en INVAP y particip\u00f3 del lanzamiento de los [&hellip;]<\/p>\n","protected":false},"author":6,"featured_media":68265,"comment_status":"open","ping_status":"open","sticky":false,"template":"","format":"standard","meta":{"site-sidebar-layout":"default","site-content-layout":"","ast-site-content-layout":"default","site-content-style":"default","site-sidebar-style":"default","ast-global-header-display":"","ast-banner-title-visibility":"","ast-main-header-display":"","ast-hfb-above-header-display":"","ast-hfb-below-header-display":"","ast-hfb-mobile-header-display":"","site-post-title":"","ast-breadcrumbs-content":"","ast-featured-img":"","footer-sml-layout":"","ast-disable-related-posts":"","theme-transparent-header-meta":"","adv-header-id-meta":"","stick-header-meta":"","header-above-stick-meta":"","header-main-stick-meta":"","header-below-stick-meta":"","astra-migrate-meta-layouts":"default","ast-page-background-enabled":"default","ast-page-background-meta":{"desktop":{"background-color":"var(--ast-global-color-5)","background-image":"","background-repeat":"repeat","background-position":"center center","background-size":"auto","background-attachment":"scroll","background-type":"","background-media":"","overlay-type":"","overlay-color":"","overlay-opacity":"","overlay-gradient":""},"tablet":{"background-color":"","background-image":"","background-repeat":"repeat","background-position":"center center","background-size":"auto","background-attachment":"scroll","background-type":"","background-media":"","overlay-type":"","overlay-color":"","overlay-opacity":"","overlay-gradient":""},"mobile":{"background-color":"","background-image":"","background-repeat":"repeat","background-position":"center center","background-size":"auto","background-attachment":"scroll","background-type":"","background-media":"","overlay-type":"","overlay-color":"","overlay-opacity":"","overlay-gradient":""}},"ast-content-background-meta":{"desktop":{"background-color":"var(--ast-global-color-4)","background-image":"","background-repeat":"repeat","background-position":"center center","background-size":"auto","background-attachment":"scroll","background-type":"","background-media":"","overlay-type":"","overlay-color":"","overlay-opacity":"","overlay-gradient":""},"tablet":{"background-color":"var(--ast-global-color-4)","background-image":"","background-repeat":"repeat","background-position":"center center","background-size":"auto","background-attachment":"scroll","background-type":"","background-media":"","overlay-type":"","overlay-color":"","overlay-opacity":"","overlay-gradient":""},"mobile":{"background-color":"var(--ast-global-color-4)","background-image":"","background-repeat":"repeat","background-position":"center center","background-size":"auto","background-attachment":"scroll","background-type":"","background-media":"","overlay-type":"","overlay-color":"","overlay-opacity":"","overlay-gradient":""}},"footnotes":""},"categories":[51,1,10],"tags":[],"class_list":["post-68264","post","type-post","status-publish","format-standard","has-post-thumbnail","hentry","category-entrevistas","category-noticias","category-rotador"],"yoast_head":"<!-- This site is optimized with the Yoast SEO Premium plugin v23.0 (Yoast SEO v27.5) - https:\/\/yoast.com\/product\/yoast-seo-premium-wordpress\/ -->\n<title>Estudiante de la UNRN particip\u00f3 del lanzamiento del sat\u00e9lite argentino<\/title>\n<meta name=\"robots\" content=\"index, follow, max-snippet:-1, max-image-preview:large, max-video-preview:-1\" \/>\n<link rel=\"canonical\" href=\"https:\/\/patagoniambiental.com.ar\/info\/estudiante-de-la-unrn-participo-del-lanzamiento-del-satelite-argentino\/\" \/>\n<meta property=\"og:locale\" content=\"es_ES\" \/>\n<meta property=\"og:type\" content=\"article\" \/>\n<meta property=\"og:title\" content=\"Estudiante de la UNRN particip\u00f3 del lanzamiento del sat\u00e9lite argentino\" \/>\n<meta property=\"og:description\" content=\"Bariloche, 9 de septiembre de 2020.- Kevin Velhuda es Ingeniero Industrial, trabaja en INVAP y particip\u00f3 del lanzamiento de los [&hellip;]\" \/>\n<meta property=\"og:url\" content=\"https:\/\/patagoniambiental.com.ar\/info\/estudiante-de-la-unrn-participo-del-lanzamiento-del-satelite-argentino\/\" \/>\n<meta property=\"og:site_name\" content=\"Patagonia Ambiental\" \/>\n<meta property=\"article:publisher\" content=\"https:\/\/www.facebook.com\/patagonia.ambiental\" \/>\n<meta property=\"article:published_time\" content=\"2020-09-09T22:00:07+00:00\" \/>\n<meta property=\"og:image\" content=\"https:\/\/patagoniambiental.com.ar\/info\/wp-content\/uploads\/2020\/09\/thumbnail_Kevin-Velhuda-NASA-Gentileza-Invap-2.jpg\" \/>\n\t<meta property=\"og:image:width\" content=\"864\" \/>\n\t<meta property=\"og:image:height\" content=\"1152\" \/>\n\t<meta property=\"og:image:type\" content=\"image\/jpeg\" \/>\n<meta name=\"author\" content=\"BRAIAN ESTEVEZ\" \/>\n<meta name=\"twitter:card\" content=\"summary_large_image\" \/>\n<meta name=\"twitter:creator\" content=\"@PatAmb\" \/>\n<meta name=\"twitter:site\" content=\"@PatAmb\" \/>\n<script type=\"application\/ld+json\" class=\"yoast-schema-graph\">{\"@context\":\"https:\\\/\\\/schema.org\",\"@graph\":[{\"@type\":\"Article\",\"@id\":\"https:\\\/\\\/patagoniambiental.com.ar\\\/info\\\/estudiante-de-la-unrn-participo-del-lanzamiento-del-satelite-argentino\\\/#article\",\"isPartOf\":{\"@id\":\"https:\\\/\\\/patagoniambiental.com.ar\\\/info\\\/estudiante-de-la-unrn-participo-del-lanzamiento-del-satelite-argentino\\\/\"},\"author\":{\"name\":\"BRAIAN ESTEVEZ\",\"@id\":\"https:\\\/\\\/patagoniambiental.com.ar\\\/info\\\/#\\\/schema\\\/person\\\/e5af09d700b2e82cb10c6b8800e0c691\"},\"headline\":\"Estudiante de la UNRN particip\u00f3 del lanzamiento del sat\u00e9lite argentino\",\"datePublished\":\"2020-09-09T22:00:07+00:00\",\"mainEntityOfPage\":{\"@id\":\"https:\\\/\\\/patagoniambiental.com.ar\\\/info\\\/estudiante-de-la-unrn-participo-del-lanzamiento-del-satelite-argentino\\\/\"},\"wordCount\":793,\"commentCount\":0,\"publisher\":{\"@id\":\"https:\\\/\\\/patagoniambiental.com.ar\\\/info\\\/#organization\"},\"image\":{\"@id\":\"https:\\\/\\\/patagoniambiental.com.ar\\\/info\\\/estudiante-de-la-unrn-participo-del-lanzamiento-del-satelite-argentino\\\/#primaryimage\"},\"thumbnailUrl\":\"https:\\\/\\\/patagoniambiental.com.ar\\\/info\\\/wp-content\\\/uploads\\\/2020\\\/09\\\/thumbnail_Kevin-Velhuda-NASA-Gentileza-Invap-2.jpg\",\"articleSection\":[\"Entrevistas\",\"Noticias\",\"Rotador\"],\"inLanguage\":\"es\",\"potentialAction\":[{\"@type\":\"CommentAction\",\"name\":\"Comment\",\"target\":[\"https:\\\/\\\/patagoniambiental.com.ar\\\/info\\\/estudiante-de-la-unrn-participo-del-lanzamiento-del-satelite-argentino\\\/#respond\"]}]},{\"@type\":\"WebPage\",\"@id\":\"https:\\\/\\\/patagoniambiental.com.ar\\\/info\\\/estudiante-de-la-unrn-participo-del-lanzamiento-del-satelite-argentino\\\/\",\"url\":\"https:\\\/\\\/patagoniambiental.com.ar\\\/info\\\/estudiante-de-la-unrn-participo-del-lanzamiento-del-satelite-argentino\\\/\",\"name\":\"Estudiante de la UNRN particip\u00f3 del lanzamiento del sat\u00e9lite argentino\",\"isPartOf\":{\"@id\":\"https:\\\/\\\/patagoniambiental.com.ar\\\/info\\\/#website\"},\"primaryImageOfPage\":{\"@id\":\"https:\\\/\\\/patagoniambiental.com.ar\\\/info\\\/estudiante-de-la-unrn-participo-del-lanzamiento-del-satelite-argentino\\\/#primaryimage\"},\"image\":{\"@id\":\"https:\\\/\\\/patagoniambiental.com.ar\\\/info\\\/estudiante-de-la-unrn-participo-del-lanzamiento-del-satelite-argentino\\\/#primaryimage\"},\"thumbnailUrl\":\"https:\\\/\\\/patagoniambiental.com.ar\\\/info\\\/wp-content\\\/uploads\\\/2020\\\/09\\\/thumbnail_Kevin-Velhuda-NASA-Gentileza-Invap-2.jpg\",\"datePublished\":\"2020-09-09T22:00:07+00:00\",\"breadcrumb\":{\"@id\":\"https:\\\/\\\/patagoniambiental.com.ar\\\/info\\\/estudiante-de-la-unrn-participo-del-lanzamiento-del-satelite-argentino\\\/#breadcrumb\"},\"inLanguage\":\"es\",\"potentialAction\":[{\"@type\":\"ReadAction\",\"target\":[\"https:\\\/\\\/patagoniambiental.com.ar\\\/info\\\/estudiante-de-la-unrn-participo-del-lanzamiento-del-satelite-argentino\\\/\"]}]},{\"@type\":\"ImageObject\",\"inLanguage\":\"es\",\"@id\":\"https:\\\/\\\/patagoniambiental.com.ar\\\/info\\\/estudiante-de-la-unrn-participo-del-lanzamiento-del-satelite-argentino\\\/#primaryimage\",\"url\":\"https:\\\/\\\/patagoniambiental.com.ar\\\/info\\\/wp-content\\\/uploads\\\/2020\\\/09\\\/thumbnail_Kevin-Velhuda-NASA-Gentileza-Invap-2.jpg\",\"contentUrl\":\"https:\\\/\\\/patagoniambiental.com.ar\\\/info\\\/wp-content\\\/uploads\\\/2020\\\/09\\\/thumbnail_Kevin-Velhuda-NASA-Gentileza-Invap-2.jpg\",\"width\":450,\"height\":600},{\"@type\":\"BreadcrumbList\",\"@id\":\"https:\\\/\\\/patagoniambiental.com.ar\\\/info\\\/estudiante-de-la-unrn-participo-del-lanzamiento-del-satelite-argentino\\\/#breadcrumb\",\"itemListElement\":[{\"@type\":\"ListItem\",\"position\":1,\"name\":\"Inicio\",\"item\":\"https:\\\/\\\/patagoniambiental.com.ar\\\/info\\\/\"},{\"@type\":\"ListItem\",\"position\":2,\"name\":\"Estudiante de la UNRN particip\u00f3 del lanzamiento del sat\u00e9lite argentino\"}]},{\"@type\":\"WebSite\",\"@id\":\"https:\\\/\\\/patagoniambiental.com.ar\\\/info\\\/#website\",\"url\":\"https:\\\/\\\/patagoniambiental.com.ar\\\/info\\\/\",\"name\":\"Patagonia Ambiental\",\"description\":\"Monitoreo y an\u00e1lisis de la situaci\u00f3n geopol\u00edtica en el mundo y su implicancia en la Patagonia\",\"publisher\":{\"@id\":\"https:\\\/\\\/patagoniambiental.com.ar\\\/info\\\/#organization\"},\"potentialAction\":[{\"@type\":\"SearchAction\",\"target\":{\"@type\":\"EntryPoint\",\"urlTemplate\":\"https:\\\/\\\/patagoniambiental.com.ar\\\/info\\\/?s={search_term_string}\"},\"query-input\":{\"@type\":\"PropertyValueSpecification\",\"valueRequired\":true,\"valueName\":\"search_term_string\"}}],\"inLanguage\":\"es\"},{\"@type\":\"Organization\",\"@id\":\"https:\\\/\\\/patagoniambiental.com.ar\\\/info\\\/#organization\",\"name\":\"Patagonia Ambiental\",\"url\":\"https:\\\/\\\/patagoniambiental.com.ar\\\/info\\\/\",\"logo\":{\"@type\":\"ImageObject\",\"inLanguage\":\"es\",\"@id\":\"https:\\\/\\\/patagoniambiental.com.ar\\\/info\\\/#\\\/schema\\\/logo\\\/image\\\/\",\"url\":\"https:\\\/\\\/patagoniambiental.com.ar\\\/info\\\/wp-content\\\/uploads\\\/2025\\\/05\\\/LOGO-PATAGONIA-AMBIENTAL.png\",\"contentUrl\":\"https:\\\/\\\/patagoniambiental.com.ar\\\/info\\\/wp-content\\\/uploads\\\/2025\\\/05\\\/LOGO-PATAGONIA-AMBIENTAL.png\",\"width\":433,\"height\":250,\"caption\":\"Patagonia Ambiental\"},\"image\":{\"@id\":\"https:\\\/\\\/patagoniambiental.com.ar\\\/info\\\/#\\\/schema\\\/logo\\\/image\\\/\"},\"sameAs\":[\"https:\\\/\\\/www.facebook.com\\\/patagonia.ambiental\",\"https:\\\/\\\/x.com\\\/PatAmb\"]},{\"@type\":\"Person\",\"@id\":\"https:\\\/\\\/patagoniambiental.com.ar\\\/info\\\/#\\\/schema\\\/person\\\/e5af09d700b2e82cb10c6b8800e0c691\",\"name\":\"BRAIAN ESTEVEZ\",\"sameAs\":[\"http:\\\/\\\/www.patagoniambiental.com.ar\"]}]}<\/script>\n<!-- \/ Yoast SEO Premium plugin. -->","yoast_head_json":{"title":"Estudiante de la UNRN particip\u00f3 del lanzamiento del sat\u00e9lite argentino","robots":{"index":"index","follow":"follow","max-snippet":"max-snippet:-1","max-image-preview":"max-image-preview:large","max-video-preview":"max-video-preview:-1"},"canonical":"https:\/\/patagoniambiental.com.ar\/info\/estudiante-de-la-unrn-participo-del-lanzamiento-del-satelite-argentino\/","og_locale":"es_ES","og_type":"article","og_title":"Estudiante de la UNRN particip\u00f3 del lanzamiento del sat\u00e9lite argentino","og_description":"Bariloche, 9 de septiembre de 2020.- Kevin Velhuda es Ingeniero Industrial, trabaja en INVAP y particip\u00f3 del lanzamiento de los [&hellip;]","og_url":"https:\/\/patagoniambiental.com.ar\/info\/estudiante-de-la-unrn-participo-del-lanzamiento-del-satelite-argentino\/","og_site_name":"Patagonia Ambiental","article_publisher":"https:\/\/www.facebook.com\/patagonia.ambiental","article_published_time":"2020-09-09T22:00:07+00:00","og_image":[{"width":864,"height":1152,"url":"https:\/\/patagoniambiental.com.ar\/info\/wp-content\/uploads\/2020\/09\/thumbnail_Kevin-Velhuda-NASA-Gentileza-Invap-2.jpg","type":"image\/jpeg"}],"author":"BRAIAN ESTEVEZ","twitter_card":"summary_large_image","twitter_creator":"@PatAmb","twitter_site":"@PatAmb","schema":{"@context":"https:\/\/schema.org","@graph":[{"@type":"Article","@id":"https:\/\/patagoniambiental.com.ar\/info\/estudiante-de-la-unrn-participo-del-lanzamiento-del-satelite-argentino\/#article","isPartOf":{"@id":"https:\/\/patagoniambiental.com.ar\/info\/estudiante-de-la-unrn-participo-del-lanzamiento-del-satelite-argentino\/"},"author":{"name":"BRAIAN ESTEVEZ","@id":"https:\/\/patagoniambiental.com.ar\/info\/#\/schema\/person\/e5af09d700b2e82cb10c6b8800e0c691"},"headline":"Estudiante de la UNRN particip\u00f3 del lanzamiento del sat\u00e9lite argentino","datePublished":"2020-09-09T22:00:07+00:00","mainEntityOfPage":{"@id":"https:\/\/patagoniambiental.com.ar\/info\/estudiante-de-la-unrn-participo-del-lanzamiento-del-satelite-argentino\/"},"wordCount":793,"commentCount":0,"publisher":{"@id":"https:\/\/patagoniambiental.com.ar\/info\/#organization"},"image":{"@id":"https:\/\/patagoniambiental.com.ar\/info\/estudiante-de-la-unrn-participo-del-lanzamiento-del-satelite-argentino\/#primaryimage"},"thumbnailUrl":"https:\/\/patagoniambiental.com.ar\/info\/wp-content\/uploads\/2020\/09\/thumbnail_Kevin-Velhuda-NASA-Gentileza-Invap-2.jpg","articleSection":["Entrevistas","Noticias","Rotador"],"inLanguage":"es","potentialAction":[{"@type":"CommentAction","name":"Comment","target":["https:\/\/patagoniambiental.com.ar\/info\/estudiante-de-la-unrn-participo-del-lanzamiento-del-satelite-argentino\/#respond"]}]},{"@type":"WebPage","@id":"https:\/\/patagoniambiental.com.ar\/info\/estudiante-de-la-unrn-participo-del-lanzamiento-del-satelite-argentino\/","url":"https:\/\/patagoniambiental.com.ar\/info\/estudiante-de-la-unrn-participo-del-lanzamiento-del-satelite-argentino\/","name":"Estudiante de la UNRN particip\u00f3 del lanzamiento del sat\u00e9lite argentino","isPartOf":{"@id":"https:\/\/patagoniambiental.com.ar\/info\/#website"},"primaryImageOfPage":{"@id":"https:\/\/patagoniambiental.com.ar\/info\/estudiante-de-la-unrn-participo-del-lanzamiento-del-satelite-argentino\/#primaryimage"},"image":{"@id":"https:\/\/patagoniambiental.com.ar\/info\/estudiante-de-la-unrn-participo-del-lanzamiento-del-satelite-argentino\/#primaryimage"},"thumbnailUrl":"https:\/\/patagoniambiental.com.ar\/info\/wp-content\/uploads\/2020\/09\/thumbnail_Kevin-Velhuda-NASA-Gentileza-Invap-2.jpg","datePublished":"2020-09-09T22:00:07+00:00","breadcrumb":{"@id":"https:\/\/patagoniambiental.com.ar\/info\/estudiante-de-la-unrn-participo-del-lanzamiento-del-satelite-argentino\/#breadcrumb"},"inLanguage":"es","potentialAction":[{"@type":"ReadAction","target":["https:\/\/patagoniambiental.com.ar\/info\/estudiante-de-la-unrn-participo-del-lanzamiento-del-satelite-argentino\/"]}]},{"@type":"ImageObject","inLanguage":"es","@id":"https:\/\/patagoniambiental.com.ar\/info\/estudiante-de-la-unrn-participo-del-lanzamiento-del-satelite-argentino\/#primaryimage","url":"https:\/\/patagoniambiental.com.ar\/info\/wp-content\/uploads\/2020\/09\/thumbnail_Kevin-Velhuda-NASA-Gentileza-Invap-2.jpg","contentUrl":"https:\/\/patagoniambiental.com.ar\/info\/wp-content\/uploads\/2020\/09\/thumbnail_Kevin-Velhuda-NASA-Gentileza-Invap-2.jpg","width":450,"height":600},{"@type":"BreadcrumbList","@id":"https:\/\/patagoniambiental.com.ar\/info\/estudiante-de-la-unrn-participo-del-lanzamiento-del-satelite-argentino\/#breadcrumb","itemListElement":[{"@type":"ListItem","position":1,"name":"Inicio","item":"https:\/\/patagoniambiental.com.ar\/info\/"},{"@type":"ListItem","position":2,"name":"Estudiante de la UNRN particip\u00f3 del lanzamiento del sat\u00e9lite argentino"}]},{"@type":"WebSite","@id":"https:\/\/patagoniambiental.com.ar\/info\/#website","url":"https:\/\/patagoniambiental.com.ar\/info\/","name":"Patagonia Ambiental","description":"Monitoreo y an\u00e1lisis de la situaci\u00f3n geopol\u00edtica en el mundo y su implicancia en la Patagonia","publisher":{"@id":"https:\/\/patagoniambiental.com.ar\/info\/#organization"},"potentialAction":[{"@type":"SearchAction","target":{"@type":"EntryPoint","urlTemplate":"https:\/\/patagoniambiental.com.ar\/info\/?s={search_term_string}"},"query-input":{"@type":"PropertyValueSpecification","valueRequired":true,"valueName":"search_term_string"}}],"inLanguage":"es"},{"@type":"Organization","@id":"https:\/\/patagoniambiental.com.ar\/info\/#organization","name":"Patagonia Ambiental","url":"https:\/\/patagoniambiental.com.ar\/info\/","logo":{"@type":"ImageObject","inLanguage":"es","@id":"https:\/\/patagoniambiental.com.ar\/info\/#\/schema\/logo\/image\/","url":"https:\/\/patagoniambiental.com.ar\/info\/wp-content\/uploads\/2025\/05\/LOGO-PATAGONIA-AMBIENTAL.png","contentUrl":"https:\/\/patagoniambiental.com.ar\/info\/wp-content\/uploads\/2025\/05\/LOGO-PATAGONIA-AMBIENTAL.png","width":433,"height":250,"caption":"Patagonia Ambiental"},"image":{"@id":"https:\/\/patagoniambiental.com.ar\/info\/#\/schema\/logo\/image\/"},"sameAs":["https:\/\/www.facebook.com\/patagonia.ambiental","https:\/\/x.com\/PatAmb"]},{"@type":"Person","@id":"https:\/\/patagoniambiental.com.ar\/info\/#\/schema\/person\/e5af09d700b2e82cb10c6b8800e0c691","name":"BRAIAN ESTEVEZ","sameAs":["http:\/\/www.patagoniambiental.com.ar"]}]}},"_links":{"self":[{"href":"https:\/\/patagoniambiental.com.ar\/info\/wp-json\/wp\/v2\/posts\/68264","targetHints":{"allow":["GET"]}}],"collection":[{"href":"https:\/\/patagoniambiental.com.ar\/info\/wp-json\/wp\/v2\/posts"}],"about":[{"href":"https:\/\/patagoniambiental.com.ar\/info\/wp-json\/wp\/v2\/types\/post"}],"author":[{"embeddable":true,"href":"https:\/\/patagoniambiental.com.ar\/info\/wp-json\/wp\/v2\/users\/6"}],"replies":[{"embeddable":true,"href":"https:\/\/patagoniambiental.com.ar\/info\/wp-json\/wp\/v2\/comments?post=68264"}],"version-history":[{"count":0,"href":"https:\/\/patagoniambiental.com.ar\/info\/wp-json\/wp\/v2\/posts\/68264\/revisions"}],"wp:featuredmedia":[{"embeddable":true,"href":"https:\/\/patagoniambiental.com.ar\/info\/wp-json\/wp\/v2\/media\/68265"}],"wp:attachment":[{"href":"https:\/\/patagoniambiental.com.ar\/info\/wp-json\/wp\/v2\/media?parent=68264"}],"wp:term":[{"taxonomy":"category","embeddable":true,"href":"https:\/\/patagoniambiental.com.ar\/info\/wp-json\/wp\/v2\/categories?post=68264"},{"taxonomy":"post_tag","embeddable":true,"href":"https:\/\/patagoniambiental.com.ar\/info\/wp-json\/wp\/v2\/tags?post=68264"}],"curies":[{"name":"wp","href":"https:\/\/api.w.org\/{rel}","templated":true}]}}