{"id":68338,"date":"2020-09-16T07:00:47","date_gmt":"2020-09-16T10:00:47","guid":{"rendered":"http:\/\/patagoniambiental.com.ar\/info\/?p=68338"},"modified":"2020-09-15T17:34:36","modified_gmt":"2020-09-15T20:34:36","slug":"cuanto-y-donde-cosechar-lena-impacta-en-la-conservacion-de-especies","status":"publish","type":"post","link":"https:\/\/patagoniambiental.com.ar\/info\/cuanto-y-donde-cosechar-lena-impacta-en-la-conservacion-de-especies\/","title":{"rendered":"Cu\u00e1nto y d\u00f3nde cosechar le\u00f1a impacta en la conservaci\u00f3n de especies"},"content":{"rendered":"<div>\n<p class=\"x_gmail-cuerpoa\"><i><span lang=\"ES-AR\">Bariloche, 15 de septiembre de 2020<\/span><\/i><span lang=\"ES-AR\">.- Son muchas las acciones humanas que impactan negativamente en el ambiente. Pero la ciencia estudia tambi\u00e9n c\u00f3mo minimizarlo. <\/span><\/p>\n<p><!--more--><\/p>\n<p>&nbsp;<\/p>\n<p class=\"x_gmail-cuerpoa\"><span lang=\"ES-AR\">Una reciente publicaci\u00f3n muestra que existen pr\u00e1cticas de cosecha de le\u00f1a del bosque que permiten la conservaci\u00f3n de la biodiversidad. Es necesario analizar la producci\u00f3n del bosque y la intensidad de la cosecha para, as\u00ed, conseguir el menor impacto posible.<\/span><\/p>\n<p class=\"x_gmail-cuerpoa\"><span lang=\"ES-AR\">El estudio \u00abBiodiversidad y resiliencia en la cosecha de le\u00f1a en fajas del bosque nativo\u00bb fue realizado por Veronica Chillo, Mat\u00edas Goldenberg, Nestor P\u00e9rez-M\u00e9ndez y Lucas Garibaldi, investigadora e investigadores del Instituto de Investigaciones en Recursos Naturales, Agroecolog\u00eda y Desarrollo Rural (IRNAD-UNRN\/CONICET) y publicado en la revista\u00a0<i>Forest Ecology and Management<\/i>, de reconocimiento mundial en temas referidos a la ecolog\u00eda y manejo de bosques.<\/span><\/p>\n<p class=\"x_gmail-cuerpoa\"><span lang=\"ES-AR\">En el estudio se evalu\u00f3 el efecto de diferentes intensidades de cosecha en fajas sobre m\u00faltiples aspectos de la diversidad de plantas del bosque nativo. Ver\u00f3nica Chillo, autora principal del trabajo, explica que \u00abes importante evaluar el rol que cumplen las especies en el ecosistema, para entender las consecuencias de estas pr\u00e1cticas de manejo\u00bb.<\/span><\/p>\n<p class=\"x_gmail-cuerpoa\"><span lang=\"ES-AR\">La investigadora explica que encontraron que intensidades intermedias de cosecha en bosques de mayor productividad no afectan negativamente a la biodiversidad, y el rol que cumplen las plantas en el ecosistema se asemeja al de un sistema no disturbado en un lapso de 4 a\u00f1os.<\/span><\/p>\n<p class=\"x_gmail-cuerpoa\"><span lang=\"ES-AR\">Sin embargo, las cosechas de mayor intensidad en zonas de poca productividad tienen consecuencias negativas sobre la diversidad y el sistema no logra recuperarse en el corto tiempo.<\/span><\/p>\n<p class=\"x_gmail-cuerpoa\"><span lang=\"ES-AR\">Investigaciones como estas, que consideran un gradiente de intensidad de uso y en zonas con distinta productividad, son claves para encontrar pr\u00e1cticas de manejo sustentable del bosque nativo.<\/span><\/p>\n<p class=\"x_gmail-cuerpoa\"><span lang=\"ES-AR\">Para acceder a la publicaci\u00f3n, ingresar aqu\u00ed<\/span><\/p>\n<p class=\"x_gmail-cuerpoa\"><span lang=\"ES-AR\"><a href=\"https:\/\/www.sciencedirect.com\/science\/article\/abs\/pii\/S037811272031118X\" target=\"_blank\" rel=\"noopener noreferrer\" data-auth=\"NotApplicable\">https:\/\/www.sciencedirect.com\/science\/article\/abs\/pii\/S037811272031118X<\/a><\/span><\/p>\n<\/div>\n<p>&nbsp;<\/p>\n<div><i>\u00a0<\/i><\/div>\n<p>&#8212;<\/p>\n<div class=\"x_gmail_signature\" dir=\"ltr\">\n<div dir=\"ltr\">\n<div>\n<div dir=\"ltr\">\n<div>\n<div dir=\"ltr\">\n<div dir=\"ltr\">\n<div dir=\"ltr\">\n<div dir=\"ltr\">\n<div dir=\"ltr\">\n<div dir=\"ltr\">\n<div dir=\"ltr\">\n<div dir=\"ltr\">\n<div dir=\"ltr\">\n<div>\n<div><span style=\"font-family: trebuchet ms, sans-serif;\">Departamento de Comunicaci\u00f3n<\/span><\/div>\n<div><span style=\"font-family: trebuchet ms, sans-serif;\">Universidad Nacional de R\u00edo Negro &#8211; Sede Andina\u00a0<\/span><\/div>\n<div><span style=\"font-family: trebuchet ms, sans-serif;\">Mitre 630 1\u00ba \u00abB\u00bb &#8211; San Carlos de Bariloche<\/span><\/div>\n<div><span style=\"font-family: trebuchet ms, sans-serif;\">(0294) 474 6118<\/span><\/div>\n<div><span style=\"font-family: trebuchet ms, sans-serif;\"><a href=\"mailto:comunicacion.andina@unrn.edu.ar\" target=\"_blank\" rel=\"noopener noreferrer\" data-auth=\"NotApplicable\">comunicacion.andina@unrn.edu.ar<\/a><\/span><\/div>\n<div><span style=\"font-family: trebuchet ms, sans-serif;\"><a href=\"http:\/\/www.unrn.edu.ar\/\" target=\"_blank\" rel=\"noopener noreferrer\" data-auth=\"NotApplicable\">www.unrn.edu.ar<\/a><\/span><\/div>\n<div><span style=\"font-family: trebuchet ms, sans-serif;\">Facebook: @<a href=\"https:\/\/www.facebook.com\/unrnsedeandina\" target=\"_blank\" rel=\"noopener noreferrer\" data-auth=\"NotApplicable\">unrnsedeandina<\/a><br \/>\n<\/span><\/div>\n<div><span style=\"font-family: trebuchet ms, sans-serif;\">Twitter: @unrnsedeandina<\/span><\/div>\n<div><span style=\"font-family: trebuchet ms, sans-serif;\">\u00a0<\/span><\/div>\n<div><span style=\"font-family: trebuchet ms, sans-serif;\">Instagram: Instagram\/@unrionegro<\/span><\/div>\n<div><span style=\"font-family: trebuchet ms, sans-serif;\"><a href=\"http:\/\/www.unrn.tv\/\" target=\"_blank\" rel=\"noopener noreferrer\" data-auth=\"NotApplicable\">www.unrn.tv<\/a><br \/>\n<\/span><\/div>\n<div><span style=\"font-family: trebuchet ms, sans-serif;\">www.raund.media<\/span><\/div>\n<\/div>\n<\/div>\n<\/div>\n<\/div>\n<\/div>\n<\/div>\n<\/div>\n<\/div>\n<\/div>\n<\/div>\n<\/div>\n<\/div>\n<\/div>\n<\/div>\n<\/div>\n","protected":false},"excerpt":{"rendered":"<p>Bariloche, 15 de septiembre de 2020.- Son muchas las acciones humanas que impactan negativamente en el ambiente. Pero la ciencia [&hellip;]<\/p>\n","protected":false},"author":6,"featured_media":68339,"comment_status":"open","ping_status":"open","sticky":false,"template":"","format":"standard","meta":{"site-sidebar-layout":"default","site-content-layout":"","ast-site-content-layout":"default","site-content-style":"default","site-sidebar-style":"default","ast-global-header-display":"","ast-banner-title-visibility":"","ast-main-header-display":"","ast-hfb-above-header-display":"","ast-hfb-below-header-display":"","ast-hfb-mobile-header-display":"","site-post-title":"","ast-breadcrumbs-content":"","ast-featured-img":"","footer-sml-layout":"","ast-disable-related-posts":"","theme-transparent-header-meta":"","adv-header-id-meta":"","stick-header-meta":"","header-above-stick-meta":"","header-main-stick-meta":"","header-below-stick-meta":"","astra-migrate-meta-layouts":"default","ast-page-background-enabled":"default","ast-page-background-meta":{"desktop":{"background-color":"var(--ast-global-color-5)","background-image":"","background-repeat":"repeat","background-position":"center center","background-size":"auto","background-attachment":"scroll","background-type":"","background-media":"","overlay-type":"","overlay-color":"","overlay-opacity":"","overlay-gradient":""},"tablet":{"background-color":"","background-image":"","background-repeat":"repeat","background-position":"center center","background-size":"auto","background-attachment":"scroll","background-type":"","background-media":"","overlay-type":"","overlay-color":"","overlay-opacity":"","overlay-gradient":""},"mobile":{"background-color":"","background-image":"","background-repeat":"repeat","background-position":"center center","background-size":"auto","background-attachment":"scroll","background-type":"","background-media":"","overlay-type":"","overlay-color":"","overlay-opacity":"","overlay-gradient":""}},"ast-content-background-meta":{"desktop":{"background-color":"var(--ast-global-color-4)","background-image":"","background-repeat":"repeat","background-position":"center center","background-size":"auto","background-attachment":"scroll","background-type":"","background-media":"","overlay-type":"","overlay-color":"","overlay-opacity":"","overlay-gradient":""},"tablet":{"background-color":"var(--ast-global-color-4)","background-image":"","background-repeat":"repeat","background-position":"center center","background-size":"auto","background-attachment":"scroll","background-type":"","background-media":"","overlay-type":"","overlay-color":"","overlay-opacity":"","overlay-gradient":""},"mobile":{"background-color":"var(--ast-global-color-4)","background-image":"","background-repeat":"repeat","background-position":"center center","background-size":"auto","background-attachment":"scroll","background-type":"","background-media":"","overlay-type":"","overlay-color":"","overlay-opacity":"","overlay-gradient":""}},"footnotes":""},"categories":[1,13,14],"tags":[],"class_list":["post-68338","post","type-post","status-publish","format-standard","has-post-thumbnail","hentry","category-noticias","category-provinciales","category-rio-negro"],"yoast_head":"<!-- This site is optimized with the Yoast SEO Premium plugin v23.0 (Yoast SEO v27.4) - https:\/\/yoast.com\/product\/yoast-seo-premium-wordpress\/ -->\n<title>Cu\u00e1nto y d\u00f3nde cosechar le\u00f1a impacta en la conservaci\u00f3n de especies<\/title>\n<meta name=\"robots\" content=\"index, follow, max-snippet:-1, max-image-preview:large, max-video-preview:-1\" \/>\n<link rel=\"canonical\" href=\"https:\/\/patagoniambiental.com.ar\/info\/cuanto-y-donde-cosechar-lena-impacta-en-la-conservacion-de-especies\/\" \/>\n<meta property=\"og:locale\" content=\"es_ES\" \/>\n<meta property=\"og:type\" content=\"article\" \/>\n<meta property=\"og:title\" content=\"Cu\u00e1nto y d\u00f3nde cosechar le\u00f1a impacta en la conservaci\u00f3n de especies\" \/>\n<meta property=\"og:description\" content=\"Bariloche, 15 de septiembre de 2020.- Son muchas las acciones humanas que impactan negativamente en el ambiente. Pero la ciencia [&hellip;]\" \/>\n<meta property=\"og:url\" content=\"https:\/\/patagoniambiental.com.ar\/info\/cuanto-y-donde-cosechar-lena-impacta-en-la-conservacion-de-especies\/\" \/>\n<meta property=\"og:site_name\" content=\"Patagonia Ambiental\" \/>\n<meta property=\"article:publisher\" content=\"https:\/\/www.facebook.com\/patagonia.ambiental\" \/>\n<meta property=\"article:published_time\" content=\"2020-09-16T10:00:47+00:00\" \/>\n<meta property=\"og:image\" content=\"https:\/\/patagoniambiental.com.ar\/info\/wp-content\/uploads\/2020\/09\/thumbnail_Le\u00f1a-Chillo.jpg\" \/>\n\t<meta property=\"og:image:width\" content=\"925\" \/>\n\t<meta property=\"og:image:height\" content=\"514\" \/>\n\t<meta property=\"og:image:type\" content=\"image\/jpeg\" \/>\n<meta name=\"author\" content=\"BRAIAN ESTEVEZ\" \/>\n<meta name=\"twitter:card\" content=\"summary_large_image\" \/>\n<meta name=\"twitter:creator\" content=\"@PatAmb\" \/>\n<meta name=\"twitter:site\" content=\"@PatAmb\" \/>\n<script type=\"application\/ld+json\" class=\"yoast-schema-graph\">{\"@context\":\"https:\\\/\\\/schema.org\",\"@graph\":[{\"@type\":\"Article\",\"@id\":\"https:\\\/\\\/patagoniambiental.com.ar\\\/info\\\/cuanto-y-donde-cosechar-lena-impacta-en-la-conservacion-de-especies\\\/#article\",\"isPartOf\":{\"@id\":\"https:\\\/\\\/patagoniambiental.com.ar\\\/info\\\/cuanto-y-donde-cosechar-lena-impacta-en-la-conservacion-de-especies\\\/\"},\"author\":{\"name\":\"BRAIAN ESTEVEZ\",\"@id\":\"https:\\\/\\\/patagoniambiental.com.ar\\\/info\\\/#\\\/schema\\\/person\\\/e5af09d700b2e82cb10c6b8800e0c691\"},\"headline\":\"Cu\u00e1nto y d\u00f3nde cosechar le\u00f1a impacta en la conservaci\u00f3n de especies\",\"datePublished\":\"2020-09-16T10:00:47+00:00\",\"mainEntityOfPage\":{\"@id\":\"https:\\\/\\\/patagoniambiental.com.ar\\\/info\\\/cuanto-y-donde-cosechar-lena-impacta-en-la-conservacion-de-especies\\\/\"},\"wordCount\":378,\"commentCount\":0,\"publisher\":{\"@id\":\"https:\\\/\\\/patagoniambiental.com.ar\\\/info\\\/#organization\"},\"image\":{\"@id\":\"https:\\\/\\\/patagoniambiental.com.ar\\\/info\\\/cuanto-y-donde-cosechar-lena-impacta-en-la-conservacion-de-especies\\\/#primaryimage\"},\"thumbnailUrl\":\"https:\\\/\\\/patagoniambiental.com.ar\\\/info\\\/wp-content\\\/uploads\\\/2020\\\/09\\\/thumbnail_Le\u00f1a-Chillo.jpg\",\"articleSection\":[\"Noticias\",\"Provinciales\",\"R\u00edo Negro\"],\"inLanguage\":\"es\",\"potentialAction\":[{\"@type\":\"CommentAction\",\"name\":\"Comment\",\"target\":[\"https:\\\/\\\/patagoniambiental.com.ar\\\/info\\\/cuanto-y-donde-cosechar-lena-impacta-en-la-conservacion-de-especies\\\/#respond\"]}]},{\"@type\":\"WebPage\",\"@id\":\"https:\\\/\\\/patagoniambiental.com.ar\\\/info\\\/cuanto-y-donde-cosechar-lena-impacta-en-la-conservacion-de-especies\\\/\",\"url\":\"https:\\\/\\\/patagoniambiental.com.ar\\\/info\\\/cuanto-y-donde-cosechar-lena-impacta-en-la-conservacion-de-especies\\\/\",\"name\":\"Cu\u00e1nto y d\u00f3nde cosechar le\u00f1a impacta en la conservaci\u00f3n de especies\",\"isPartOf\":{\"@id\":\"https:\\\/\\\/patagoniambiental.com.ar\\\/info\\\/#website\"},\"primaryImageOfPage\":{\"@id\":\"https:\\\/\\\/patagoniambiental.com.ar\\\/info\\\/cuanto-y-donde-cosechar-lena-impacta-en-la-conservacion-de-especies\\\/#primaryimage\"},\"image\":{\"@id\":\"https:\\\/\\\/patagoniambiental.com.ar\\\/info\\\/cuanto-y-donde-cosechar-lena-impacta-en-la-conservacion-de-especies\\\/#primaryimage\"},\"thumbnailUrl\":\"https:\\\/\\\/patagoniambiental.com.ar\\\/info\\\/wp-content\\\/uploads\\\/2020\\\/09\\\/thumbnail_Le\u00f1a-Chillo.jpg\",\"datePublished\":\"2020-09-16T10:00:47+00:00\",\"breadcrumb\":{\"@id\":\"https:\\\/\\\/patagoniambiental.com.ar\\\/info\\\/cuanto-y-donde-cosechar-lena-impacta-en-la-conservacion-de-especies\\\/#breadcrumb\"},\"inLanguage\":\"es\",\"potentialAction\":[{\"@type\":\"ReadAction\",\"target\":[\"https:\\\/\\\/patagoniambiental.com.ar\\\/info\\\/cuanto-y-donde-cosechar-lena-impacta-en-la-conservacion-de-especies\\\/\"]}]},{\"@type\":\"ImageObject\",\"inLanguage\":\"es\",\"@id\":\"https:\\\/\\\/patagoniambiental.com.ar\\\/info\\\/cuanto-y-donde-cosechar-lena-impacta-en-la-conservacion-de-especies\\\/#primaryimage\",\"url\":\"https:\\\/\\\/patagoniambiental.com.ar\\\/info\\\/wp-content\\\/uploads\\\/2020\\\/09\\\/thumbnail_Le\u00f1a-Chillo.jpg\",\"contentUrl\":\"https:\\\/\\\/patagoniambiental.com.ar\\\/info\\\/wp-content\\\/uploads\\\/2020\\\/09\\\/thumbnail_Le\u00f1a-Chillo.jpg\",\"width\":925,\"height\":514},{\"@type\":\"BreadcrumbList\",\"@id\":\"https:\\\/\\\/patagoniambiental.com.ar\\\/info\\\/cuanto-y-donde-cosechar-lena-impacta-en-la-conservacion-de-especies\\\/#breadcrumb\",\"itemListElement\":[{\"@type\":\"ListItem\",\"position\":1,\"name\":\"Inicio\",\"item\":\"https:\\\/\\\/patagoniambiental.com.ar\\\/info\\\/\"},{\"@type\":\"ListItem\",\"position\":2,\"name\":\"Cu\u00e1nto y d\u00f3nde cosechar le\u00f1a impacta en la conservaci\u00f3n de especies\"}]},{\"@type\":\"WebSite\",\"@id\":\"https:\\\/\\\/patagoniambiental.com.ar\\\/info\\\/#website\",\"url\":\"https:\\\/\\\/patagoniambiental.com.ar\\\/info\\\/\",\"name\":\"Patagonia Ambiental\",\"description\":\"Monitoreo y an\u00e1lisis de la situaci\u00f3n geopol\u00edtica en el mundo y su implicancia en la Patagonia\",\"publisher\":{\"@id\":\"https:\\\/\\\/patagoniambiental.com.ar\\\/info\\\/#organization\"},\"potentialAction\":[{\"@type\":\"SearchAction\",\"target\":{\"@type\":\"EntryPoint\",\"urlTemplate\":\"https:\\\/\\\/patagoniambiental.com.ar\\\/info\\\/?s={search_term_string}\"},\"query-input\":{\"@type\":\"PropertyValueSpecification\",\"valueRequired\":true,\"valueName\":\"search_term_string\"}}],\"inLanguage\":\"es\"},{\"@type\":\"Organization\",\"@id\":\"https:\\\/\\\/patagoniambiental.com.ar\\\/info\\\/#organization\",\"name\":\"Patagonia Ambiental\",\"url\":\"https:\\\/\\\/patagoniambiental.com.ar\\\/info\\\/\",\"logo\":{\"@type\":\"ImageObject\",\"inLanguage\":\"es\",\"@id\":\"https:\\\/\\\/patagoniambiental.com.ar\\\/info\\\/#\\\/schema\\\/logo\\\/image\\\/\",\"url\":\"https:\\\/\\\/patagoniambiental.com.ar\\\/info\\\/wp-content\\\/uploads\\\/2025\\\/05\\\/LOGO-PATAGONIA-AMBIENTAL.png\",\"contentUrl\":\"https:\\\/\\\/patagoniambiental.com.ar\\\/info\\\/wp-content\\\/uploads\\\/2025\\\/05\\\/LOGO-PATAGONIA-AMBIENTAL.png\",\"width\":433,\"height\":250,\"caption\":\"Patagonia Ambiental\"},\"image\":{\"@id\":\"https:\\\/\\\/patagoniambiental.com.ar\\\/info\\\/#\\\/schema\\\/logo\\\/image\\\/\"},\"sameAs\":[\"https:\\\/\\\/www.facebook.com\\\/patagonia.ambiental\",\"https:\\\/\\\/x.com\\\/PatAmb\"]},{\"@type\":\"Person\",\"@id\":\"https:\\\/\\\/patagoniambiental.com.ar\\\/info\\\/#\\\/schema\\\/person\\\/e5af09d700b2e82cb10c6b8800e0c691\",\"name\":\"BRAIAN ESTEVEZ\",\"sameAs\":[\"http:\\\/\\\/www.patagoniambiental.com.ar\"]}]}<\/script>\n<!-- \/ Yoast SEO Premium plugin. -->","yoast_head_json":{"title":"Cu\u00e1nto y d\u00f3nde cosechar le\u00f1a impacta en la conservaci\u00f3n de especies","robots":{"index":"index","follow":"follow","max-snippet":"max-snippet:-1","max-image-preview":"max-image-preview:large","max-video-preview":"max-video-preview:-1"},"canonical":"https:\/\/patagoniambiental.com.ar\/info\/cuanto-y-donde-cosechar-lena-impacta-en-la-conservacion-de-especies\/","og_locale":"es_ES","og_type":"article","og_title":"Cu\u00e1nto y d\u00f3nde cosechar le\u00f1a impacta en la conservaci\u00f3n de especies","og_description":"Bariloche, 15 de septiembre de 2020.- Son muchas las acciones humanas que impactan negativamente en el ambiente. Pero la ciencia [&hellip;]","og_url":"https:\/\/patagoniambiental.com.ar\/info\/cuanto-y-donde-cosechar-lena-impacta-en-la-conservacion-de-especies\/","og_site_name":"Patagonia Ambiental","article_publisher":"https:\/\/www.facebook.com\/patagonia.ambiental","article_published_time":"2020-09-16T10:00:47+00:00","og_image":[{"width":925,"height":514,"url":"https:\/\/patagoniambiental.com.ar\/info\/wp-content\/uploads\/2020\/09\/thumbnail_Le\u00f1a-Chillo.jpg","type":"image\/jpeg"}],"author":"BRAIAN ESTEVEZ","twitter_card":"summary_large_image","twitter_creator":"@PatAmb","twitter_site":"@PatAmb","schema":{"@context":"https:\/\/schema.org","@graph":[{"@type":"Article","@id":"https:\/\/patagoniambiental.com.ar\/info\/cuanto-y-donde-cosechar-lena-impacta-en-la-conservacion-de-especies\/#article","isPartOf":{"@id":"https:\/\/patagoniambiental.com.ar\/info\/cuanto-y-donde-cosechar-lena-impacta-en-la-conservacion-de-especies\/"},"author":{"name":"BRAIAN ESTEVEZ","@id":"https:\/\/patagoniambiental.com.ar\/info\/#\/schema\/person\/e5af09d700b2e82cb10c6b8800e0c691"},"headline":"Cu\u00e1nto y d\u00f3nde cosechar le\u00f1a impacta en la conservaci\u00f3n de especies","datePublished":"2020-09-16T10:00:47+00:00","mainEntityOfPage":{"@id":"https:\/\/patagoniambiental.com.ar\/info\/cuanto-y-donde-cosechar-lena-impacta-en-la-conservacion-de-especies\/"},"wordCount":378,"commentCount":0,"publisher":{"@id":"https:\/\/patagoniambiental.com.ar\/info\/#organization"},"image":{"@id":"https:\/\/patagoniambiental.com.ar\/info\/cuanto-y-donde-cosechar-lena-impacta-en-la-conservacion-de-especies\/#primaryimage"},"thumbnailUrl":"https:\/\/patagoniambiental.com.ar\/info\/wp-content\/uploads\/2020\/09\/thumbnail_Le\u00f1a-Chillo.jpg","articleSection":["Noticias","Provinciales","R\u00edo Negro"],"inLanguage":"es","potentialAction":[{"@type":"CommentAction","name":"Comment","target":["https:\/\/patagoniambiental.com.ar\/info\/cuanto-y-donde-cosechar-lena-impacta-en-la-conservacion-de-especies\/#respond"]}]},{"@type":"WebPage","@id":"https:\/\/patagoniambiental.com.ar\/info\/cuanto-y-donde-cosechar-lena-impacta-en-la-conservacion-de-especies\/","url":"https:\/\/patagoniambiental.com.ar\/info\/cuanto-y-donde-cosechar-lena-impacta-en-la-conservacion-de-especies\/","name":"Cu\u00e1nto y d\u00f3nde cosechar le\u00f1a impacta en la conservaci\u00f3n de especies","isPartOf":{"@id":"https:\/\/patagoniambiental.com.ar\/info\/#website"},"primaryImageOfPage":{"@id":"https:\/\/patagoniambiental.com.ar\/info\/cuanto-y-donde-cosechar-lena-impacta-en-la-conservacion-de-especies\/#primaryimage"},"image":{"@id":"https:\/\/patagoniambiental.com.ar\/info\/cuanto-y-donde-cosechar-lena-impacta-en-la-conservacion-de-especies\/#primaryimage"},"thumbnailUrl":"https:\/\/patagoniambiental.com.ar\/info\/wp-content\/uploads\/2020\/09\/thumbnail_Le\u00f1a-Chillo.jpg","datePublished":"2020-09-16T10:00:47+00:00","breadcrumb":{"@id":"https:\/\/patagoniambiental.com.ar\/info\/cuanto-y-donde-cosechar-lena-impacta-en-la-conservacion-de-especies\/#breadcrumb"},"inLanguage":"es","potentialAction":[{"@type":"ReadAction","target":["https:\/\/patagoniambiental.com.ar\/info\/cuanto-y-donde-cosechar-lena-impacta-en-la-conservacion-de-especies\/"]}]},{"@type":"ImageObject","inLanguage":"es","@id":"https:\/\/patagoniambiental.com.ar\/info\/cuanto-y-donde-cosechar-lena-impacta-en-la-conservacion-de-especies\/#primaryimage","url":"https:\/\/patagoniambiental.com.ar\/info\/wp-content\/uploads\/2020\/09\/thumbnail_Le\u00f1a-Chillo.jpg","contentUrl":"https:\/\/patagoniambiental.com.ar\/info\/wp-content\/uploads\/2020\/09\/thumbnail_Le\u00f1a-Chillo.jpg","width":925,"height":514},{"@type":"BreadcrumbList","@id":"https:\/\/patagoniambiental.com.ar\/info\/cuanto-y-donde-cosechar-lena-impacta-en-la-conservacion-de-especies\/#breadcrumb","itemListElement":[{"@type":"ListItem","position":1,"name":"Inicio","item":"https:\/\/patagoniambiental.com.ar\/info\/"},{"@type":"ListItem","position":2,"name":"Cu\u00e1nto y d\u00f3nde cosechar le\u00f1a impacta en la conservaci\u00f3n de especies"}]},{"@type":"WebSite","@id":"https:\/\/patagoniambiental.com.ar\/info\/#website","url":"https:\/\/patagoniambiental.com.ar\/info\/","name":"Patagonia Ambiental","description":"Monitoreo y an\u00e1lisis de la situaci\u00f3n geopol\u00edtica en el mundo y su implicancia en la Patagonia","publisher":{"@id":"https:\/\/patagoniambiental.com.ar\/info\/#organization"},"potentialAction":[{"@type":"SearchAction","target":{"@type":"EntryPoint","urlTemplate":"https:\/\/patagoniambiental.com.ar\/info\/?s={search_term_string}"},"query-input":{"@type":"PropertyValueSpecification","valueRequired":true,"valueName":"search_term_string"}}],"inLanguage":"es"},{"@type":"Organization","@id":"https:\/\/patagoniambiental.com.ar\/info\/#organization","name":"Patagonia Ambiental","url":"https:\/\/patagoniambiental.com.ar\/info\/","logo":{"@type":"ImageObject","inLanguage":"es","@id":"https:\/\/patagoniambiental.com.ar\/info\/#\/schema\/logo\/image\/","url":"https:\/\/patagoniambiental.com.ar\/info\/wp-content\/uploads\/2025\/05\/LOGO-PATAGONIA-AMBIENTAL.png","contentUrl":"https:\/\/patagoniambiental.com.ar\/info\/wp-content\/uploads\/2025\/05\/LOGO-PATAGONIA-AMBIENTAL.png","width":433,"height":250,"caption":"Patagonia Ambiental"},"image":{"@id":"https:\/\/patagoniambiental.com.ar\/info\/#\/schema\/logo\/image\/"},"sameAs":["https:\/\/www.facebook.com\/patagonia.ambiental","https:\/\/x.com\/PatAmb"]},{"@type":"Person","@id":"https:\/\/patagoniambiental.com.ar\/info\/#\/schema\/person\/e5af09d700b2e82cb10c6b8800e0c691","name":"BRAIAN ESTEVEZ","sameAs":["http:\/\/www.patagoniambiental.com.ar"]}]}},"_links":{"self":[{"href":"https:\/\/patagoniambiental.com.ar\/info\/wp-json\/wp\/v2\/posts\/68338","targetHints":{"allow":["GET"]}}],"collection":[{"href":"https:\/\/patagoniambiental.com.ar\/info\/wp-json\/wp\/v2\/posts"}],"about":[{"href":"https:\/\/patagoniambiental.com.ar\/info\/wp-json\/wp\/v2\/types\/post"}],"author":[{"embeddable":true,"href":"https:\/\/patagoniambiental.com.ar\/info\/wp-json\/wp\/v2\/users\/6"}],"replies":[{"embeddable":true,"href":"https:\/\/patagoniambiental.com.ar\/info\/wp-json\/wp\/v2\/comments?post=68338"}],"version-history":[{"count":0,"href":"https:\/\/patagoniambiental.com.ar\/info\/wp-json\/wp\/v2\/posts\/68338\/revisions"}],"wp:featuredmedia":[{"embeddable":true,"href":"https:\/\/patagoniambiental.com.ar\/info\/wp-json\/wp\/v2\/media\/68339"}],"wp:attachment":[{"href":"https:\/\/patagoniambiental.com.ar\/info\/wp-json\/wp\/v2\/media?parent=68338"}],"wp:term":[{"taxonomy":"category","embeddable":true,"href":"https:\/\/patagoniambiental.com.ar\/info\/wp-json\/wp\/v2\/categories?post=68338"},{"taxonomy":"post_tag","embeddable":true,"href":"https:\/\/patagoniambiental.com.ar\/info\/wp-json\/wp\/v2\/tags?post=68338"}],"curies":[{"name":"wp","href":"https:\/\/api.w.org\/{rel}","templated":true}]}}