{"id":68463,"date":"2020-09-20T19:00:24","date_gmt":"2020-09-20T22:00:24","guid":{"rendered":"http:\/\/patagoniambiental.com.ar\/info\/?p=68463"},"modified":"2026-03-19T13:02:57","modified_gmt":"2026-03-19T16:02:57","slug":"asociacion-recicladores-bariloche-celebro-diecisiete-anos-trabajando-comunidad","status":"publish","type":"post","link":"https:\/\/patagoniambiental.com.ar\/info\/asociacion-recicladores-bariloche-celebro-diecisiete-anos-trabajando-comunidad\/","title":{"rendered":"Asociaci\u00f3n de Recicladores de Bariloche: 17 a\u00f1os de trabajo comunitario y un pilar de la econom\u00eda circular en R\u00edo Negro"},"content":{"rendered":"\n<!--more-->\n\n\n\n<p><\/p>\n\n\n\n<p><strong>Un aniversario que marca historia en la Patagonia y proyecta futuro en el mapa de econom\u00eda circular<\/strong><\/p>\n\n\n\n<p>Bariloche, Rio Negro, 20 de septiembre de 2020. La <strong>Asociaci\u00f3n de Recicladores de Bariloche (ARB)<\/strong> cumpli\u00f3 diecisiete a\u00f1os de trabajo constante junto a la comunidad, consolid\u00e1ndose como uno de los actores m\u00e1s influyentes dentro del <strong>mapa de econom\u00eda circular de R\u00edo Negro<\/strong>. En un contexto donde el reciclaje, la gesti\u00f3n de residuos y la inclusi\u00f3n social se vuelven temas centrales para la sustentabilidad de las ciudades, la ARB se erige como un faro de transformaci\u00f3n ambiental y social en la Patagonia. Desde su planta de reciclado ubicada en el predio del basurero municipal, este grupo de 58 familias ha demostrado que la organizaci\u00f3n comunitaria puede cambiar realidades y convertirse en motor de un modelo productivo circular que beneficia al ambiente y a la sociedad.<\/p>\n\n\n\n<p><strong>Asociaci\u00f3n de Recicladores de Bariloche: un modelo que combina inclusi\u00f3n social y sustentabilidad<\/strong><\/p>\n\n\n\n<p>Hablar de la <strong>Asociaci\u00f3n de Recicladores de Bariloche<\/strong> es hablar de un proyecto que naci\u00f3 desde la necesidad y se transform\u00f3 en una referencia de sustentabilidad. La ARB no solo recupera toneladas de residuos cada a\u00f1o, sino que tambi\u00e9n dignifica el trabajo de los recicladores urbanos, otorg\u00e1ndoles un espacio de pertenencia, capacitaci\u00f3n y desarrollo personal. Este modelo de inclusi\u00f3n social, en el cual familias enteras encuentran en el reciclaje una fuente de ingreso y una oportunidad de vida, resulta fundamental para comprender la relevancia de la asociaci\u00f3n en el contexto patag\u00f3nico.<\/p>\n\n\n\n<p><a href=\"https:\/\/patagoniambiental.com.ar\/info\/rio-negro-lanza-la-red-de-economia-circular-para-transformar-residuos-en-oportunidades\/\">Te puede interesar: R\u00edo Negro lanza la Red de Econom\u00eda Circular para transformar residuos en oportunidades!<\/a><\/p>\n\n\n\n<p><strong>La planta de reciclado: el coraz\u00f3n de la econom\u00eda circular en Bariloche<\/strong><\/p>\n\n\n\n<p>El predio del basurero municipal de Bariloche alberga la planta de reciclado donde la ARB desarrolla sus tareas diarias. All\u00ed, hombres y mujeres clasifican papel blanco, negro y de color, cart\u00f3n, nylon, metales y pl\u00e1sticos. El trabajo es arduo y requiere organizaci\u00f3n, pero el impacto es enorme: cada fardo de material recuperado significa menos contaminaci\u00f3n, menos presi\u00f3n sobre los rellenos sanitarios y m\u00e1s recursos que se reinsertan en el circuito productivo. La planta se ha convertido en el coraz\u00f3n operativo de la <strong>econom\u00eda circular en Bariloche<\/strong>, demostrando c\u00f3mo los residuos pueden dejar de ser un problema para transformarse en insumos valiosos.<\/p>\n\n\n\n<p><strong>Resiliencia en tiempos adversos: c\u00f3mo la ARB enfrenta las crisis econ\u00f3micas y sociales<\/strong><\/p>\n\n\n\n<p>Los diecisiete a\u00f1os de la <strong>Asociaci\u00f3n de Recicladores de Bariloche<\/strong> no han sido un camino f\u00e1cil. La organizaci\u00f3n ha debido atravesar m\u00faltiples crisis econ\u00f3micas, sanitarias y sociales, que pusieron a prueba su continuidad. Sin embargo, gracias al esfuerzo colectivo y al acompa\u00f1amiento de la comunidad, la ARB logr\u00f3 sostener su funcionamiento. Durante los \u00faltimos a\u00f1os, incluso en contextos de pandemia y ca\u00edda del turismo, los recicladores continuaron trabajando en grupos reducidos, respetando protocolos de seguridad e higiene y garantizando la recuperaci\u00f3n de materiales. Esta resiliencia explica por qu\u00e9 la ARB se convirti\u00f3 en un ejemplo de perseverancia en la Patagonia.<\/p>\n\n\n\n<p><strong>Impacto ambiental: toneladas de residuos recuperados y una ciudad m\u00e1s limpia<\/strong><\/p>\n\n\n\n<p>Uno de los aportes m\u00e1s visibles de la ARB es la cantidad de residuos que logra recuperar. Solo en un mes reciente, la asociaci\u00f3n rescat\u00f3 40.000 kilos de pl\u00e1sticos, cart\u00f3n, papel, metales y nylon, materiales que luego fueron enfardados y vendidos. Esta cifra cobra a\u00fan m\u00e1s relevancia si se considera que gran parte de esos residuos hubieran terminado en basurales a cielo abierto o enterrados en rellenos sanitarios. El impacto ambiental positivo es incuestionable: reducci\u00f3n de emisiones de gases de efecto invernadero, menor consumo de recursos naturales y una ciudad m\u00e1s limpia. La <strong>econom\u00eda circular en Bariloche<\/strong> no es solo un concepto, es una realidad concreta gracias a la ARB.<\/p>\n\n\n\n<p><strong>Educaci\u00f3n ambiental: sembrando conciencia en las nuevas generaciones<\/strong><\/p>\n\n\n\n<p>Otro aspecto fundamental del trabajo de la <strong>Asociaci\u00f3n de Recicladores de Bariloche<\/strong> es su rol en la educaci\u00f3n ambiental. A lo largo de sus diecisiete a\u00f1os, la organizaci\u00f3n ha llevado charlas, talleres y capacitaciones a escuelas, universidades y centros comunitarios. El mensaje que transmiten es claro: separar en origen es la clave para que el reciclaje funcione. Cada charla en una escuela representa una inversi\u00f3n a futuro, porque los ni\u00f1os y j\u00f3venes incorporan h\u00e1bitos responsables que acompa\u00f1ar\u00e1n toda su vida. As\u00ed, la ARB no solo recupera materiales, tambi\u00e9n siembra conciencia ambiental en las generaciones que heredar\u00e1n la Patagonia.<\/p>\n\n\n\n<p><strong>Limitaciones y desaf\u00edos: la necesidad de recolecci\u00f3n diferenciada y m\u00e1s puntos verdes<\/strong><\/p>\n\n\n\n<p>Si bien los logros de la ARB son enormes, todav\u00eda enfrentan desaf\u00edos estructurales. Uno de los principales problemas se\u00f1alados por sus integrantes es la falta de recolecci\u00f3n diferenciada en Bariloche. Aunque muchas familias separan residuos en sus hogares, esos materiales no siempre llegan a la planta de reciclado y terminan mezclados en el basural. Esto provoca que la planta funcione apenas a un 30% de su capacidad real. Adem\u00e1s, la ciudad requiere m\u00e1s puntos verdes estrat\u00e9gicos que permitan recolectar de manera eficiente los materiales recuperables. Resolver estos problemas ser\u00eda clave para que la ARB pueda ampliar su impacto y optimizar su labor dentro del mapa provincial de econom\u00eda circular.<\/p>\n\n\n\n<p><strong>Alianzas con el Estado y la comunidad: una red que sostiene el reciclaje<\/strong><\/p>\n\n\n\n<p>La <strong>Asociaci\u00f3n de Recicladores de Bariloche<\/strong> ha logrado sostenerse gracias al apoyo de distintos actores, en especial del gobierno provincial, que en momentos cr\u00edticos se hizo cargo de sueldos e insumos. Tambi\u00e9n las empresas privadas, los comercios y los vecinos cumplen un rol fundamental al aportar materiales ya clasificados. Esta articulaci\u00f3n demuestra que la econom\u00eda circular solo puede construirse con cooperaci\u00f3n y compromiso de todos los sectores. La ARB es un claro ejemplo de c\u00f3mo la articulaci\u00f3n p\u00fablico-privada-comunitaria puede generar cambios sostenibles.<\/p>\n\n\n\n<p><strong>Empleo verde y justicia social: dignificar el trabajo del reciclador<\/strong><\/p>\n\n\n\n<p>La ARB no solo tiene un impacto ambiental, tambi\u00e9n cumple una funci\u00f3n social vital: dignificar la labor de los recicladores urbanos. Para muchas de las 58 familias que integran la asociaci\u00f3n, el reciclaje es su principal fuente de ingresos y una oportunidad de mejorar su calidad de vida. Este modelo genera lo que se conoce como \u201cempleo verde\u201d: ocupaciones que combinan desarrollo econ\u00f3mico con beneficios ambientales. En un contexto de creciente desigualdad, la ARB demuestra que la econom\u00eda circular tambi\u00e9n es una herramienta de inclusi\u00f3n y justicia social.<\/p>\n\n\n\n<p><strong>Un faro dentro del mapa de econom\u00eda circular de R\u00edo Negro<\/strong><\/p>\n\n\n\n<p>El trabajo de la <strong>Asociaci\u00f3n de Recicladores de Bariloche<\/strong> no puede analizarse de manera aislada. Su experiencia dialoga con otras iniciativas de la provincia, como la <strong>Cooperativa Nosotras Desde Abajo<\/strong> en Viedma o <strong>Imperio Recicla<\/strong> en el Valle Medio. Cada una de estas experiencias aporta su particularidad y en conjunto construyen el <strong>Mapa de Econom\u00eda Circular de R\u00edo Negro<\/strong>, una estrategia que busca consolidar un modelo productivo m\u00e1s sustentable e inclusivo. En este entramado, la ARB ocupa un lugar central como referente hist\u00f3rico y pionero en la Patagonia.<\/p>\n\n\n\n<p><strong>Proyectos innovadores: de la clasificaci\u00f3n de residuos a la producci\u00f3n de bolsas recicladas<\/strong><\/p>\n\n\n\n<p>La innovaci\u00f3n es otro rasgo que distingue a la ARB. Recientemente, la asociaci\u00f3n sum\u00f3 un proyecto de fabricaci\u00f3n de bolsas de residuos en paquetes de diez unidades, una iniciativa que ampl\u00eda su modelo de negocio y diversifica sus fuentes de ingresos. Este tipo de proyectos muestran que la <strong>econom\u00eda circular en Bariloche<\/strong> no se limita a la clasificaci\u00f3n de materiales, sino que tambi\u00e9n abre la puerta a nuevos productos reciclados que pueden insertarse en el mercado.<\/p>\n\n\n\n<p><strong>Turismo y reciclaje: una relaci\u00f3n estrat\u00e9gica para Bariloche<\/strong><\/p>\n\n\n\n<p>La econom\u00eda de Bariloche est\u00e1 fuertemente ligada al turismo, y esto tambi\u00e9n impacta en el trabajo de la ARB. Durante la temporada alta, la cantidad de residuos reciclables aumenta de manera significativa, lo que permite a la asociaci\u00f3n recuperar m\u00e1s materiales. Sin embargo, en los meses de baja, esa entrada se reduce dr\u00e1sticamente. Este v\u00ednculo con el turismo plantea la necesidad de desarrollar pol\u00edticas espec\u00edficas que integren reciclaje y actividad tur\u00edstica, generando un c\u00edrculo virtuoso en el que los visitantes tambi\u00e9n sean parte de la soluci\u00f3n ambiental.<\/p>\n\n\n\n<p><strong>El futuro de la Asociaci\u00f3n de Recicladores de Bariloche: crecer para multiplicar el impacto<\/strong><\/p>\n\n\n\n<p>El horizonte de la <strong>Asociaci\u00f3n de Recicladores de Bariloche<\/strong> es claro: seguir creciendo, capacitando a sus integrantes y ampliando su capacidad de recuperaci\u00f3n. Para lograrlo, se requiere inversi\u00f3n en infraestructura, m\u00e1s puntos verdes y pol\u00edticas p\u00fablicas consistentes que fortalezcan la econom\u00eda circular como estrategia provincial. El desaf\u00edo es grande, pero la experiencia de diecisiete a\u00f1os demuestra que la ARB tiene la resiliencia, el conocimiento y el compromiso necesarios para seguir siendo protagonista en el futuro de la Patagonia.<\/p>\n\n\n\n<p><\/p>\n","protected":false},"excerpt":{"rendered":"","protected":false},"author":6,"featured_media":100144,"comment_status":"open","ping_status":"open","sticky":false,"template":"","format":"standard","meta":{"site-sidebar-layout":"default","site-content-layout":"","ast-site-content-layout":"default","site-content-style":"default","site-sidebar-style":"default","ast-global-header-display":"","ast-banner-title-visibility":"","ast-main-header-display":"","ast-hfb-above-header-display":"","ast-hfb-below-header-display":"","ast-hfb-mobile-header-display":"","site-post-title":"","ast-breadcrumbs-content":"","ast-featured-img":"","footer-sml-layout":"","ast-disable-related-posts":"","theme-transparent-header-meta":"","adv-header-id-meta":"","stick-header-meta":"","header-above-stick-meta":"","header-main-stick-meta":"","header-below-stick-meta":"","astra-migrate-meta-layouts":"default","ast-page-background-enabled":"default","ast-page-background-meta":{"desktop":{"background-color":"var(--ast-global-color-5)","background-image":"","background-repeat":"repeat","background-position":"center center","background-size":"auto","background-attachment":"scroll","background-type":"","background-media":"","overlay-type":"","overlay-color":"","overlay-opacity":"","overlay-gradient":""},"tablet":{"background-color":"","background-image":"","background-repeat":"repeat","background-position":"center center","background-size":"auto","background-attachment":"scroll","background-type":"","background-media":"","overlay-type":"","overlay-color":"","overlay-opacity":"","overlay-gradient":""},"mobile":{"background-color":"","background-image":"","background-repeat":"repeat","background-position":"center center","background-size":"auto","background-attachment":"scroll","background-type":"","background-media":"","overlay-type":"","overlay-color":"","overlay-opacity":"","overlay-gradient":""}},"ast-content-background-meta":{"desktop":{"background-color":"var(--ast-global-color-4)","background-image":"","background-repeat":"repeat","background-position":"center center","background-size":"auto","background-attachment":"scroll","background-type":"","background-media":"","overlay-type":"","overlay-color":"","overlay-opacity":"","overlay-gradient":""},"tablet":{"background-color":"var(--ast-global-color-4)","background-image":"","background-repeat":"repeat","background-position":"center center","background-size":"auto","background-attachment":"scroll","background-type":"","background-media":"","overlay-type":"","overlay-color":"","overlay-opacity":"","overlay-gradient":""},"mobile":{"background-color":"var(--ast-global-color-4)","background-image":"","background-repeat":"repeat","background-position":"center center","background-size":"auto","background-attachment":"scroll","background-type":"","background-media":"","overlay-type":"","overlay-color":"","overlay-opacity":"","overlay-gradient":""}},"footnotes":""},"categories":[3512,1,3],"tags":[],"class_list":["post-68463","post","type-post","status-publish","format-standard","has-post-thumbnail","hentry","category-economia-circular","category-noticias","category-ong"],"yoast_head":"<!-- This site is optimized with the Yoast SEO Premium plugin v23.0 (Yoast SEO v27.5) - https:\/\/yoast.com\/product\/yoast-seo-premium-wordpress\/ -->\n<title>Asociaci\u00f3n de Recicladores de Bariloche<\/title>\n<meta name=\"description\" content=\"La Asociaci\u00f3n de Recicladores de Bariloche cumpli\u00f3 17 a\u00f1os de trabajo junto a la comunidad.\" \/>\n<meta name=\"robots\" content=\"index, follow, max-snippet:-1, max-image-preview:large, max-video-preview:-1\" \/>\n<link rel=\"canonical\" href=\"https:\/\/patagoniambiental.com.ar\/info\/asociacion-recicladores-bariloche-celebro-diecisiete-anos-trabajando-comunidad\/\" \/>\n<meta property=\"og:locale\" content=\"es_ES\" \/>\n<meta property=\"og:type\" content=\"article\" \/>\n<meta property=\"og:title\" content=\"Asociaci\u00f3n de Recicladores de Bariloche: 17 a\u00f1os de trabajo comunitario y un pilar de la econom\u00eda circular en R\u00edo Negro\" \/>\n<meta property=\"og:description\" content=\"La Asociaci\u00f3n de Recicladores de Bariloche cumpli\u00f3 17 a\u00f1os de trabajo junto a la comunidad.\" \/>\n<meta property=\"og:url\" content=\"https:\/\/patagoniambiental.com.ar\/info\/asociacion-recicladores-bariloche-celebro-diecisiete-anos-trabajando-comunidad\/\" \/>\n<meta property=\"og:site_name\" content=\"Patagonia Ambiental\" \/>\n<meta property=\"article:publisher\" content=\"https:\/\/www.facebook.com\/patagonia.ambiental\" \/>\n<meta property=\"article:published_time\" content=\"2020-09-20T22:00:24+00:00\" \/>\n<meta property=\"article:modified_time\" content=\"2026-03-19T16:02:57+00:00\" \/>\n<meta property=\"og:image\" content=\"https:\/\/patagoniambiental.com.ar\/info\/wp-content\/uploads\/2020\/09\/Asociacion-recicladores-Bariloche.webp\" \/>\n\t<meta property=\"og:image:width\" content=\"924\" \/>\n\t<meta property=\"og:image:height\" content=\"616\" \/>\n\t<meta property=\"og:image:type\" content=\"image\/webp\" \/>\n<meta name=\"author\" content=\"BRAIAN ESTEVEZ\" \/>\n<meta name=\"twitter:card\" content=\"summary_large_image\" \/>\n<meta name=\"twitter:creator\" content=\"@PatAmb\" \/>\n<meta name=\"twitter:site\" content=\"@PatAmb\" \/>\n<script type=\"application\/ld+json\" class=\"yoast-schema-graph\">{\"@context\":\"https:\\\/\\\/schema.org\",\"@graph\":[{\"@type\":\"Article\",\"@id\":\"https:\\\/\\\/patagoniambiental.com.ar\\\/info\\\/asociacion-recicladores-bariloche-celebro-diecisiete-anos-trabajando-comunidad\\\/#article\",\"isPartOf\":{\"@id\":\"https:\\\/\\\/patagoniambiental.com.ar\\\/info\\\/asociacion-recicladores-bariloche-celebro-diecisiete-anos-trabajando-comunidad\\\/\"},\"author\":{\"name\":\"BRAIAN ESTEVEZ\",\"@id\":\"https:\\\/\\\/patagoniambiental.com.ar\\\/info\\\/#\\\/schema\\\/person\\\/e5af09d700b2e82cb10c6b8800e0c691\"},\"headline\":\"Asociaci\u00f3n de Recicladores de Bariloche: 17 a\u00f1os de trabajo comunitario y un pilar de la econom\u00eda circular en R\u00edo Negro\",\"datePublished\":\"2020-09-20T22:00:24+00:00\",\"dateModified\":\"2026-03-19T16:02:57+00:00\",\"mainEntityOfPage\":{\"@id\":\"https:\\\/\\\/patagoniambiental.com.ar\\\/info\\\/asociacion-recicladores-bariloche-celebro-diecisiete-anos-trabajando-comunidad\\\/\"},\"wordCount\":1557,\"commentCount\":0,\"publisher\":{\"@id\":\"https:\\\/\\\/patagoniambiental.com.ar\\\/info\\\/#organization\"},\"image\":{\"@id\":\"https:\\\/\\\/patagoniambiental.com.ar\\\/info\\\/asociacion-recicladores-bariloche-celebro-diecisiete-anos-trabajando-comunidad\\\/#primaryimage\"},\"thumbnailUrl\":\"https:\\\/\\\/patagoniambiental.com.ar\\\/info\\\/wp-content\\\/uploads\\\/2020\\\/09\\\/Asociacion-recicladores-Bariloche.webp\",\"articleSection\":[\"Econom\u00eda Circular\",\"Noticias\",\"ONG\"],\"inLanguage\":\"es\",\"potentialAction\":[{\"@type\":\"CommentAction\",\"name\":\"Comment\",\"target\":[\"https:\\\/\\\/patagoniambiental.com.ar\\\/info\\\/asociacion-recicladores-bariloche-celebro-diecisiete-anos-trabajando-comunidad\\\/#respond\"]}]},{\"@type\":\"WebPage\",\"@id\":\"https:\\\/\\\/patagoniambiental.com.ar\\\/info\\\/asociacion-recicladores-bariloche-celebro-diecisiete-anos-trabajando-comunidad\\\/\",\"url\":\"https:\\\/\\\/patagoniambiental.com.ar\\\/info\\\/asociacion-recicladores-bariloche-celebro-diecisiete-anos-trabajando-comunidad\\\/\",\"name\":\"Asociaci\u00f3n de Recicladores de Bariloche\",\"isPartOf\":{\"@id\":\"https:\\\/\\\/patagoniambiental.com.ar\\\/info\\\/#website\"},\"primaryImageOfPage\":{\"@id\":\"https:\\\/\\\/patagoniambiental.com.ar\\\/info\\\/asociacion-recicladores-bariloche-celebro-diecisiete-anos-trabajando-comunidad\\\/#primaryimage\"},\"image\":{\"@id\":\"https:\\\/\\\/patagoniambiental.com.ar\\\/info\\\/asociacion-recicladores-bariloche-celebro-diecisiete-anos-trabajando-comunidad\\\/#primaryimage\"},\"thumbnailUrl\":\"https:\\\/\\\/patagoniambiental.com.ar\\\/info\\\/wp-content\\\/uploads\\\/2020\\\/09\\\/Asociacion-recicladores-Bariloche.webp\",\"datePublished\":\"2020-09-20T22:00:24+00:00\",\"dateModified\":\"2026-03-19T16:02:57+00:00\",\"description\":\"La Asociaci\u00f3n de Recicladores de Bariloche cumpli\u00f3 17 a\u00f1os de trabajo junto a la comunidad.\",\"breadcrumb\":{\"@id\":\"https:\\\/\\\/patagoniambiental.com.ar\\\/info\\\/asociacion-recicladores-bariloche-celebro-diecisiete-anos-trabajando-comunidad\\\/#breadcrumb\"},\"inLanguage\":\"es\",\"potentialAction\":[{\"@type\":\"ReadAction\",\"target\":[\"https:\\\/\\\/patagoniambiental.com.ar\\\/info\\\/asociacion-recicladores-bariloche-celebro-diecisiete-anos-trabajando-comunidad\\\/\"]}]},{\"@type\":\"ImageObject\",\"inLanguage\":\"es\",\"@id\":\"https:\\\/\\\/patagoniambiental.com.ar\\\/info\\\/asociacion-recicladores-bariloche-celebro-diecisiete-anos-trabajando-comunidad\\\/#primaryimage\",\"url\":\"https:\\\/\\\/patagoniambiental.com.ar\\\/info\\\/wp-content\\\/uploads\\\/2020\\\/09\\\/Asociacion-recicladores-Bariloche.webp\",\"contentUrl\":\"https:\\\/\\\/patagoniambiental.com.ar\\\/info\\\/wp-content\\\/uploads\\\/2020\\\/09\\\/Asociacion-recicladores-Bariloche.webp\",\"width\":924,\"height\":616,\"caption\":\"Asociaci\u00f3n de Recicladores de Bariloche\"},{\"@type\":\"BreadcrumbList\",\"@id\":\"https:\\\/\\\/patagoniambiental.com.ar\\\/info\\\/asociacion-recicladores-bariloche-celebro-diecisiete-anos-trabajando-comunidad\\\/#breadcrumb\",\"itemListElement\":[{\"@type\":\"ListItem\",\"position\":1,\"name\":\"Inicio\",\"item\":\"https:\\\/\\\/patagoniambiental.com.ar\\\/info\\\/\"},{\"@type\":\"ListItem\",\"position\":2,\"name\":\"Asociaci\u00f3n de Recicladores de Bariloche: 17 a\u00f1os de trabajo comunitario y un pilar de la econom\u00eda circular en R\u00edo Negro\"}]},{\"@type\":\"WebSite\",\"@id\":\"https:\\\/\\\/patagoniambiental.com.ar\\\/info\\\/#website\",\"url\":\"https:\\\/\\\/patagoniambiental.com.ar\\\/info\\\/\",\"name\":\"Patagonia Ambiental\",\"description\":\"Monitoreo y an\u00e1lisis de la situaci\u00f3n geopol\u00edtica en el mundo y su implicancia en la Patagonia\",\"publisher\":{\"@id\":\"https:\\\/\\\/patagoniambiental.com.ar\\\/info\\\/#organization\"},\"potentialAction\":[{\"@type\":\"SearchAction\",\"target\":{\"@type\":\"EntryPoint\",\"urlTemplate\":\"https:\\\/\\\/patagoniambiental.com.ar\\\/info\\\/?s={search_term_string}\"},\"query-input\":{\"@type\":\"PropertyValueSpecification\",\"valueRequired\":true,\"valueName\":\"search_term_string\"}}],\"inLanguage\":\"es\"},{\"@type\":\"Organization\",\"@id\":\"https:\\\/\\\/patagoniambiental.com.ar\\\/info\\\/#organization\",\"name\":\"Patagonia Ambiental\",\"url\":\"https:\\\/\\\/patagoniambiental.com.ar\\\/info\\\/\",\"logo\":{\"@type\":\"ImageObject\",\"inLanguage\":\"es\",\"@id\":\"https:\\\/\\\/patagoniambiental.com.ar\\\/info\\\/#\\\/schema\\\/logo\\\/image\\\/\",\"url\":\"https:\\\/\\\/patagoniambiental.com.ar\\\/info\\\/wp-content\\\/uploads\\\/2025\\\/05\\\/LOGO-PATAGONIA-AMBIENTAL.png\",\"contentUrl\":\"https:\\\/\\\/patagoniambiental.com.ar\\\/info\\\/wp-content\\\/uploads\\\/2025\\\/05\\\/LOGO-PATAGONIA-AMBIENTAL.png\",\"width\":433,\"height\":250,\"caption\":\"Patagonia Ambiental\"},\"image\":{\"@id\":\"https:\\\/\\\/patagoniambiental.com.ar\\\/info\\\/#\\\/schema\\\/logo\\\/image\\\/\"},\"sameAs\":[\"https:\\\/\\\/www.facebook.com\\\/patagonia.ambiental\",\"https:\\\/\\\/x.com\\\/PatAmb\"]},{\"@type\":\"Person\",\"@id\":\"https:\\\/\\\/patagoniambiental.com.ar\\\/info\\\/#\\\/schema\\\/person\\\/e5af09d700b2e82cb10c6b8800e0c691\",\"name\":\"BRAIAN ESTEVEZ\",\"sameAs\":[\"http:\\\/\\\/www.patagoniambiental.com.ar\"]}]}<\/script>\n<!-- \/ Yoast SEO Premium plugin. -->","yoast_head_json":{"title":"Asociaci\u00f3n de Recicladores de Bariloche","description":"La Asociaci\u00f3n de Recicladores de Bariloche cumpli\u00f3 17 a\u00f1os de trabajo junto a la comunidad.","robots":{"index":"index","follow":"follow","max-snippet":"max-snippet:-1","max-image-preview":"max-image-preview:large","max-video-preview":"max-video-preview:-1"},"canonical":"https:\/\/patagoniambiental.com.ar\/info\/asociacion-recicladores-bariloche-celebro-diecisiete-anos-trabajando-comunidad\/","og_locale":"es_ES","og_type":"article","og_title":"Asociaci\u00f3n de Recicladores de Bariloche: 17 a\u00f1os de trabajo comunitario y un pilar de la econom\u00eda circular en R\u00edo Negro","og_description":"La Asociaci\u00f3n de Recicladores de Bariloche cumpli\u00f3 17 a\u00f1os de trabajo junto a la comunidad.","og_url":"https:\/\/patagoniambiental.com.ar\/info\/asociacion-recicladores-bariloche-celebro-diecisiete-anos-trabajando-comunidad\/","og_site_name":"Patagonia Ambiental","article_publisher":"https:\/\/www.facebook.com\/patagonia.ambiental","article_published_time":"2020-09-20T22:00:24+00:00","article_modified_time":"2026-03-19T16:02:57+00:00","og_image":[{"width":924,"height":616,"url":"https:\/\/patagoniambiental.com.ar\/info\/wp-content\/uploads\/2020\/09\/Asociacion-recicladores-Bariloche.webp","type":"image\/webp"}],"author":"BRAIAN ESTEVEZ","twitter_card":"summary_large_image","twitter_creator":"@PatAmb","twitter_site":"@PatAmb","schema":{"@context":"https:\/\/schema.org","@graph":[{"@type":"Article","@id":"https:\/\/patagoniambiental.com.ar\/info\/asociacion-recicladores-bariloche-celebro-diecisiete-anos-trabajando-comunidad\/#article","isPartOf":{"@id":"https:\/\/patagoniambiental.com.ar\/info\/asociacion-recicladores-bariloche-celebro-diecisiete-anos-trabajando-comunidad\/"},"author":{"name":"BRAIAN ESTEVEZ","@id":"https:\/\/patagoniambiental.com.ar\/info\/#\/schema\/person\/e5af09d700b2e82cb10c6b8800e0c691"},"headline":"Asociaci\u00f3n de Recicladores de Bariloche: 17 a\u00f1os de trabajo comunitario y un pilar de la econom\u00eda circular en R\u00edo Negro","datePublished":"2020-09-20T22:00:24+00:00","dateModified":"2026-03-19T16:02:57+00:00","mainEntityOfPage":{"@id":"https:\/\/patagoniambiental.com.ar\/info\/asociacion-recicladores-bariloche-celebro-diecisiete-anos-trabajando-comunidad\/"},"wordCount":1557,"commentCount":0,"publisher":{"@id":"https:\/\/patagoniambiental.com.ar\/info\/#organization"},"image":{"@id":"https:\/\/patagoniambiental.com.ar\/info\/asociacion-recicladores-bariloche-celebro-diecisiete-anos-trabajando-comunidad\/#primaryimage"},"thumbnailUrl":"https:\/\/patagoniambiental.com.ar\/info\/wp-content\/uploads\/2020\/09\/Asociacion-recicladores-Bariloche.webp","articleSection":["Econom\u00eda Circular","Noticias","ONG"],"inLanguage":"es","potentialAction":[{"@type":"CommentAction","name":"Comment","target":["https:\/\/patagoniambiental.com.ar\/info\/asociacion-recicladores-bariloche-celebro-diecisiete-anos-trabajando-comunidad\/#respond"]}]},{"@type":"WebPage","@id":"https:\/\/patagoniambiental.com.ar\/info\/asociacion-recicladores-bariloche-celebro-diecisiete-anos-trabajando-comunidad\/","url":"https:\/\/patagoniambiental.com.ar\/info\/asociacion-recicladores-bariloche-celebro-diecisiete-anos-trabajando-comunidad\/","name":"Asociaci\u00f3n de Recicladores de Bariloche","isPartOf":{"@id":"https:\/\/patagoniambiental.com.ar\/info\/#website"},"primaryImageOfPage":{"@id":"https:\/\/patagoniambiental.com.ar\/info\/asociacion-recicladores-bariloche-celebro-diecisiete-anos-trabajando-comunidad\/#primaryimage"},"image":{"@id":"https:\/\/patagoniambiental.com.ar\/info\/asociacion-recicladores-bariloche-celebro-diecisiete-anos-trabajando-comunidad\/#primaryimage"},"thumbnailUrl":"https:\/\/patagoniambiental.com.ar\/info\/wp-content\/uploads\/2020\/09\/Asociacion-recicladores-Bariloche.webp","datePublished":"2020-09-20T22:00:24+00:00","dateModified":"2026-03-19T16:02:57+00:00","description":"La Asociaci\u00f3n de Recicladores de Bariloche cumpli\u00f3 17 a\u00f1os de trabajo junto a la comunidad.","breadcrumb":{"@id":"https:\/\/patagoniambiental.com.ar\/info\/asociacion-recicladores-bariloche-celebro-diecisiete-anos-trabajando-comunidad\/#breadcrumb"},"inLanguage":"es","potentialAction":[{"@type":"ReadAction","target":["https:\/\/patagoniambiental.com.ar\/info\/asociacion-recicladores-bariloche-celebro-diecisiete-anos-trabajando-comunidad\/"]}]},{"@type":"ImageObject","inLanguage":"es","@id":"https:\/\/patagoniambiental.com.ar\/info\/asociacion-recicladores-bariloche-celebro-diecisiete-anos-trabajando-comunidad\/#primaryimage","url":"https:\/\/patagoniambiental.com.ar\/info\/wp-content\/uploads\/2020\/09\/Asociacion-recicladores-Bariloche.webp","contentUrl":"https:\/\/patagoniambiental.com.ar\/info\/wp-content\/uploads\/2020\/09\/Asociacion-recicladores-Bariloche.webp","width":924,"height":616,"caption":"Asociaci\u00f3n de Recicladores de Bariloche"},{"@type":"BreadcrumbList","@id":"https:\/\/patagoniambiental.com.ar\/info\/asociacion-recicladores-bariloche-celebro-diecisiete-anos-trabajando-comunidad\/#breadcrumb","itemListElement":[{"@type":"ListItem","position":1,"name":"Inicio","item":"https:\/\/patagoniambiental.com.ar\/info\/"},{"@type":"ListItem","position":2,"name":"Asociaci\u00f3n de Recicladores de Bariloche: 17 a\u00f1os de trabajo comunitario y un pilar de la econom\u00eda circular en R\u00edo Negro"}]},{"@type":"WebSite","@id":"https:\/\/patagoniambiental.com.ar\/info\/#website","url":"https:\/\/patagoniambiental.com.ar\/info\/","name":"Patagonia Ambiental","description":"Monitoreo y an\u00e1lisis de la situaci\u00f3n geopol\u00edtica en el mundo y su implicancia en la Patagonia","publisher":{"@id":"https:\/\/patagoniambiental.com.ar\/info\/#organization"},"potentialAction":[{"@type":"SearchAction","target":{"@type":"EntryPoint","urlTemplate":"https:\/\/patagoniambiental.com.ar\/info\/?s={search_term_string}"},"query-input":{"@type":"PropertyValueSpecification","valueRequired":true,"valueName":"search_term_string"}}],"inLanguage":"es"},{"@type":"Organization","@id":"https:\/\/patagoniambiental.com.ar\/info\/#organization","name":"Patagonia Ambiental","url":"https:\/\/patagoniambiental.com.ar\/info\/","logo":{"@type":"ImageObject","inLanguage":"es","@id":"https:\/\/patagoniambiental.com.ar\/info\/#\/schema\/logo\/image\/","url":"https:\/\/patagoniambiental.com.ar\/info\/wp-content\/uploads\/2025\/05\/LOGO-PATAGONIA-AMBIENTAL.png","contentUrl":"https:\/\/patagoniambiental.com.ar\/info\/wp-content\/uploads\/2025\/05\/LOGO-PATAGONIA-AMBIENTAL.png","width":433,"height":250,"caption":"Patagonia Ambiental"},"image":{"@id":"https:\/\/patagoniambiental.com.ar\/info\/#\/schema\/logo\/image\/"},"sameAs":["https:\/\/www.facebook.com\/patagonia.ambiental","https:\/\/x.com\/PatAmb"]},{"@type":"Person","@id":"https:\/\/patagoniambiental.com.ar\/info\/#\/schema\/person\/e5af09d700b2e82cb10c6b8800e0c691","name":"BRAIAN ESTEVEZ","sameAs":["http:\/\/www.patagoniambiental.com.ar"]}]}},"_links":{"self":[{"href":"https:\/\/patagoniambiental.com.ar\/info\/wp-json\/wp\/v2\/posts\/68463","targetHints":{"allow":["GET"]}}],"collection":[{"href":"https:\/\/patagoniambiental.com.ar\/info\/wp-json\/wp\/v2\/posts"}],"about":[{"href":"https:\/\/patagoniambiental.com.ar\/info\/wp-json\/wp\/v2\/types\/post"}],"author":[{"embeddable":true,"href":"https:\/\/patagoniambiental.com.ar\/info\/wp-json\/wp\/v2\/users\/6"}],"replies":[{"embeddable":true,"href":"https:\/\/patagoniambiental.com.ar\/info\/wp-json\/wp\/v2\/comments?post=68463"}],"version-history":[{"count":5,"href":"https:\/\/patagoniambiental.com.ar\/info\/wp-json\/wp\/v2\/posts\/68463\/revisions"}],"predecessor-version":[{"id":100977,"href":"https:\/\/patagoniambiental.com.ar\/info\/wp-json\/wp\/v2\/posts\/68463\/revisions\/100977"}],"wp:featuredmedia":[{"embeddable":true,"href":"https:\/\/patagoniambiental.com.ar\/info\/wp-json\/wp\/v2\/media\/100144"}],"wp:attachment":[{"href":"https:\/\/patagoniambiental.com.ar\/info\/wp-json\/wp\/v2\/media?parent=68463"}],"wp:term":[{"taxonomy":"category","embeddable":true,"href":"https:\/\/patagoniambiental.com.ar\/info\/wp-json\/wp\/v2\/categories?post=68463"},{"taxonomy":"post_tag","embeddable":true,"href":"https:\/\/patagoniambiental.com.ar\/info\/wp-json\/wp\/v2\/tags?post=68463"}],"curies":[{"name":"wp","href":"https:\/\/api.w.org\/{rel}","templated":true}]}}