{"id":68985,"date":"2025-08-19T07:00:00","date_gmt":"2025-08-19T10:00:00","guid":{"rendered":"http:\/\/patagoniambiental.com.ar\/info\/?p=68985"},"modified":"2025-08-19T09:54:50","modified_gmt":"2025-08-19T12:54:50","slug":"recorriendo-las-areas-naturales-protegidas-de-rio-negro-bosque-petrificado-de-valcheta","status":"publish","type":"post","link":"https:\/\/patagoniambiental.com.ar\/info\/recorriendo-las-areas-naturales-protegidas-de-rio-negro-bosque-petrificado-de-valcheta\/","title":{"rendered":"\u00c1rea Natural Protegida \u201cBosque Petrificado\u201d de Valcheta: el Monumento Natural que revive el pasado y enamora al turismo"},"content":{"rendered":"<div class=\"col-md-12\">\n<div class=\"profile-title\">\n<p class=\"capitalize\">\u00a0<\/p>\n<\/div>\n<\/div>\n<p><!--more--><\/p>\n\n\n<p><strong>Un monumento natural que guarda 70 millones de a\u00f1os de historia geol\u00f3gica<\/strong><\/p>\n\n\n\n<p>Valcheta, Rio Negro, 19 de agosto de 2025. Imagin\u00e1 estar frente a un bosque silencioso\u2026 de piedra. El <strong>Bosque Petrificado<\/strong>, declarado <strong>\u00c1rea Natural Protegida<\/strong> (Monumento Natural) en R\u00edo Negro, es un testimonio impactante del pasado remoto de la Patagonia. Ubicado a escasos 1.300 metros del casco urbano de Valcheta, sobre un camino consolidado entre chacras, este sitio revela troncos y ra\u00edces petrificadas que parecen desafiar el tiempo y traer el Cret\u00e1cico directamente a nuestros d\u00edas.<\/p>\n\n\n\n<figure class=\"wp-block-image size-full\"><img fetchpriority=\"high\" decoding=\"async\" width=\"900\" height=\"675\" src=\"https:\/\/patagoniambiental.com.ar\/info\/wp-content\/uploads\/2020\/10\/1000163283.jpg\" alt=\"\" class=\"wp-image-97867\" srcset=\"https:\/\/patagoniambiental.com.ar\/info\/wp-content\/uploads\/2020\/10\/1000163283.jpg 900w, https:\/\/patagoniambiental.com.ar\/info\/wp-content\/uploads\/2020\/10\/1000163283-260x195.jpg 260w, https:\/\/patagoniambiental.com.ar\/info\/wp-content\/uploads\/2020\/10\/1000163283-768x576.jpg 768w\" sizes=\"(max-width: 900px) 100vw, 900px\" \/><\/figure>\n\n\n\n<h3 class=\"wp-block-heading\" id=\"h-foto-patagonia-ambiental-las-imagenes-de-este-album-pueden-utilizarse-citando-la-fuente-centro-para-recibir-a-los-visitantes\">Foto: \u00a9 Patagonia Ambiental. Las im\u00e1genes de este \u00e1lbum pueden utilizarse citando la fuente. Centro para recibir a los visitantes.<\/h3>\n\n\n\n<p><strong>\u00bfQu\u00e9 ver? Con\u00edferas petrificadas \u00fanicas y paisajes para caminar o pedalear<\/strong><\/p>\n\n\n\n<p>Este \u00c1rea Natural Protegida no es un simple destino: es una experiencia de conexi\u00f3n con el pasado. En sus 50 hect\u00e1reas se exhiben restos f\u00f3siles, principalmente de con\u00edferas de la familia Podocarpaceae (mani\u00fa), con una antig\u00fcedad incre\u00edblemente cercana a los 70 millones de a\u00f1os.<\/p>\n\n\n\n<p>El lugar cuenta con infraestructura: una oficina de informes, refugio, cafeter\u00eda y posibilidad de desayuno o merienda para grupos escolares, adem\u00e1s de alquiler de bicicletas y opciones de recorridos en caminata o en bici.<\/p>\n\n\n\n<p>Los senderos var\u00edan en duraci\u00f3n: 40 minutos, 1 hora, 1,5 horas y 2 horas, algunos en terrenos agrestes y todos guiados por <strong>baqueanos<\/strong>, quienes insumen al visitante en la historia viva de este monumento natural.<\/p>\n\n\n\n<p><strong>Tarifas actualizadas 2025: acceso econ\u00f3mico y gratuito para escuelas<\/strong><\/p>\n\n\n\n<p><strong>Entrada general<\/strong>: ARS (ni\u00f1os desde 13 a\u00f1os abonan) <br><\/p>\n\n\n\n<p><strong>Visitas escolares<\/strong>: sin costo, con aviso previo de al menos 5 d\u00edas<\/p>\n\n\n\n<p><br><\/p>\n\n\n\n<figure class=\"wp-block-image size-full\"><img decoding=\"async\" width=\"900\" height=\"675\" src=\"https:\/\/patagoniambiental.com.ar\/info\/wp-content\/uploads\/2020\/10\/1000163284.jpg\" alt=\"\" class=\"wp-image-97868\" srcset=\"https:\/\/patagoniambiental.com.ar\/info\/wp-content\/uploads\/2020\/10\/1000163284.jpg 900w, https:\/\/patagoniambiental.com.ar\/info\/wp-content\/uploads\/2020\/10\/1000163284-260x195.jpg 260w, https:\/\/patagoniambiental.com.ar\/info\/wp-content\/uploads\/2020\/10\/1000163284-768x576.jpg 768w\" sizes=\"(max-width: 900px) 100vw, 900px\" \/><\/figure>\n\n\n\n<p><br>Aunque no hay una actualizaci\u00f3n oficial m\u00e1s reciente encontrada durante la b\u00fasqueda, esta es la tarifa vigente seg\u00fan la fuente consultada. Para confirmar si hubo cambios, ser\u00eda recomendable visitar la web oficial de Turismo de R\u00edo Negro o el sitio del gobierno provincial.<\/p>\n\n\n\n<p><strong>Horarios de atenci\u00f3n seg\u00fan temporada<\/strong><\/p>\n\n\n\n<p><strong>Temporada alta<\/strong> (primavera-verano): de 8:00 a 20:00<br><\/p>\n\n\n\n<p><strong>Temporada baja<\/strong> (oto\u00f1o-invierno): de 9:00 a 18:00<br>El sitio est\u00e1 abierto todos los d\u00edas del a\u00f1o, aunque sujeto a variaciones seg\u00fan condiciones clim\u00e1ticas o normativas sanitarias.<br><\/p>\n\n\n\n<p><br><strong>C\u00f3mo llegar: conectividad y accesibilidad desde los principales destinos<\/strong><\/p>\n\n\n\n<p>Valcheta es un nodo clave en la regi\u00f3n sur de R\u00edo Negro. Se vincula con:<\/p>\n\n\n\n<p><strong>Viedma<\/strong> (capital provincial): mediante la RN 3 y RP 23<br><\/p>\n\n\n\n<p><strong>San Carlos de Bariloche<\/strong>: a unos 285 km por RP 23<br><\/p>\n\n\n\n<p><strong>Las Grutas<\/strong>: a 194,5 km por RN 3 y RP 23<br><\/p>\n\n\n\n<p><br>La accesibilidad es buena, y el camino ya consolidado facilita la visita en auto particular o transporte organizado.<\/p>\n\n\n\n<p><strong>Ciencia aplicada: un bosque cret\u00e1cico de con\u00edferas f\u00f3siles en investigaci\u00f3n<\/strong><\/p>\n\n\n\n<p>Tambi\u00e9n el Bosque Petrificado se perfila como un punto clave para la ciencia. Se ha identificado la especie podocarpoxylon mazzonii, una con\u00edfera f\u00f3sil perteneciente a Podocarpaceae, con una historia evolutiva profunda en la Patagonia. Se estima que estos troncos cerraban bosques centenarios de hasta 22 m de altura y 400\u2013500 a\u00f1os de edad en vida.<\/p>\n\n\n\n<p>Los estudios apuntan a que este bosque formaba parte de una comunidad vegetal m\u00e1s diversa, posiblemente con ciclos, palmeras y helechos, en un clima m\u00e1s c\u00e1lido y h\u00famedo, al borde de un mar epicontinental del Cret\u00e1cico.<\/p>\n\n\n\n<p><strong>Valcheta suma un gran atractivo tur\u00edstico en 2025<\/strong><\/p>\n\n\n\n<p>El Bosque Petrificado es uno de los grandes tesoros tur\u00edsticos de la zona este de R\u00edo Negro y est\u00e1 creciendo en relevancia como destino para quienes buscan naturaleza, historia y ciencia en un mismo recorrido.<\/p>\n\n\n\n<p>En 2023, registr\u00f3 m\u00e1s de 4.100 visitantes, provenientes de lugares tan diversos como Chile, Suiza y Uruguay, seg\u00fan la gesti\u00f3n local de turismo.<\/p>\n\n\n\n<p><strong>Ambientaci\u00f3n y utilidad: por qu\u00e9 este monumento natural importa<\/strong><\/p>\n\n\n\n<p>Este sitio cumple m\u00faltiples roles relevantes:<\/p>\n\n\n\n<p><strong>Educativo<\/strong>: ideal para visitas escolares (gratuitas, con aviso) y recorridos guiados que explican paleontolog\u00eda y ecolog\u00eda regional.<br><\/p>\n\n\n\n<p><strong>Cient\u00edfico<\/strong>: conserva un patrimonio f\u00f3sil clave para entender la evoluci\u00f3n vegetal de la Patagonia.<br><\/p>\n\n\n\n<p><strong>Tur\u00edstico<\/strong>: ofrece caminatas, recorridos en bicicleta, servicios de cafeter\u00eda y contacto directo con la naturaleza.<br><\/p>\n\n\n\n<p><strong>Cultural y de conservaci\u00f3n<\/strong>: es un s\u00edmbolo de preservaci\u00f3n y valoraci\u00f3n del pasado natural local.<br><\/p>\n\n\n\n<p><br><strong>Ficha resumida: <\/strong><\/p>\n\n\n\n<p><strong>\u00c1rea Natural Protegida \u2013 Bosque Petrificado de Valcheta<\/strong><\/p>\n\n\n\n<p>Nombre \u00c1rea Natural Protegida \u00abBosque Petrificado\u00bb (Monumento Natural)<br>Ubicaci\u00f3n: Valcheta, R\u00edo Negro (1.300 m del casco urbano, acceso por camino consolidado)<br><strong>Superficie<\/strong>~50 hect\u00e1reas<\/p>\n\n\n\n<p>Objetivo<strong> de <\/strong>protecci\u00f3n<br>Preservar el yacimiento paleontol\u00f3gico (troncos y ra\u00edces petrificadas)<br><strong>Antig\u00fcedad f\u00f3sil<\/strong>~70 millones de a\u00f1os (Cret\u00e1cico tard\u00edo)<br><strong>Especies <\/strong>f\u00f3siles Con\u00edferas Podocarpaceae (Podocarpoxylon mazzonii); posibles c\u00edcadas, helechos y palmeras<br>Senderosdisponibles4, con duraciones de 40 min, 1 h, 1,5 h y 2 h; caminata o bicicleta; guiados por baqueanos<br>Servicios<br>Oficina de informes, refugio, cafeter\u00eda, desayuno-merienda para escuelas, alquiler de bicicletas<br>Tarifa (Consultar en el Ministerio de Turismo provincial valores actualizados)<br>ARS x por persona (ni\u00f1os desde 13 a\u00f1os); escolares gratis con aviso 5 d\u00edas antes<br><strong>Horarios<\/strong>Primavera-verano: 8 \u2013 20 h; oto\u00f1o-invierno: 9 \u2013 18 h; todos los d\u00edas (sujetos a condiciones)<br><strong>Accesibilidad<\/strong>Desde Viedma, Bariloche, Las Grutas por RN3 y RP23<br><strong>Visitantes en 2023<\/strong>&gt; 4.100, incluyendo internacionales (Chile, Suiza, Uruguay)<\/p>\n","protected":false},"excerpt":{"rendered":"<p>\u00a0<\/p>\n","protected":false},"author":6,"featured_media":68986,"comment_status":"open","ping_status":"open","sticky":false,"template":"","format":"standard","meta":{"site-sidebar-layout":"default","site-content-layout":"","ast-site-content-layout":"default","site-content-style":"default","site-sidebar-style":"default","ast-global-header-display":"","ast-banner-title-visibility":"","ast-main-header-display":"","ast-hfb-above-header-display":"","ast-hfb-below-header-display":"","ast-hfb-mobile-header-display":"","site-post-title":"","ast-breadcrumbs-content":"","ast-featured-img":"","footer-sml-layout":"","ast-disable-related-posts":"","theme-transparent-header-meta":"","adv-header-id-meta":"","stick-header-meta":"","header-above-stick-meta":"","header-main-stick-meta":"","header-below-stick-meta":"","astra-migrate-meta-layouts":"default","ast-page-background-enabled":"default","ast-page-background-meta":{"desktop":{"background-color":"var(--ast-global-color-5)","background-image":"","background-repeat":"repeat","background-position":"center center","background-size":"auto","background-attachment":"scroll","background-type":"","background-media":"","overlay-type":"","overlay-color":"","overlay-opacity":"","overlay-gradient":""},"tablet":{"background-color":"","background-image":"","background-repeat":"repeat","background-position":"center center","background-size":"auto","background-attachment":"scroll","background-type":"","background-media":"","overlay-type":"","overlay-color":"","overlay-opacity":"","overlay-gradient":""},"mobile":{"background-color":"","background-image":"","background-repeat":"repeat","background-position":"center center","background-size":"auto","background-attachment":"scroll","background-type":"","background-media":"","overlay-type":"","overlay-color":"","overlay-opacity":"","overlay-gradient":""}},"ast-content-background-meta":{"desktop":{"background-color":"var(--ast-global-color-4)","background-image":"","background-repeat":"repeat","background-position":"center center","background-size":"auto","background-attachment":"scroll","background-type":"","background-media":"","overlay-type":"","overlay-color":"","overlay-opacity":"","overlay-gradient":""},"tablet":{"background-color":"var(--ast-global-color-4)","background-image":"","background-repeat":"repeat","background-position":"center center","background-size":"auto","background-attachment":"scroll","background-type":"","background-media":"","overlay-type":"","overlay-color":"","overlay-opacity":"","overlay-gradient":""},"mobile":{"background-color":"var(--ast-global-color-4)","background-image":"","background-repeat":"repeat","background-position":"center center","background-size":"auto","background-attachment":"scroll","background-type":"","background-media":"","overlay-type":"","overlay-color":"","overlay-opacity":"","overlay-gradient":""}},"footnotes":""},"categories":[3448,1,13,14,3355],"tags":[],"class_list":["post-68985","post","type-post","status-publish","format-standard","has-post-thumbnail","hentry","category-biodiversidad","category-noticias","category-provinciales","category-rio-negro","category-ecotur"],"yoast_head":"<!-- This site is optimized with the Yoast SEO Premium plugin v23.0 (Yoast SEO v27.5) - https:\/\/yoast.com\/product\/yoast-seo-premium-wordpress\/ -->\n<title>\u00c1rea Natural Protegida \u201cBosque Petrificado\u201d de Valcheta: el Monumento Natural que revive el pasado y enamora al turismo<\/title>\n<meta name=\"description\" content=\"Imagin\u00e1 estar frente a un bosque silencioso\u2026 de piedra. El Bosque Petrificado, declarado \u00c1rea Natural Protegida (Monumento Natural)\" \/>\n<meta name=\"robots\" content=\"index, follow, max-snippet:-1, max-image-preview:large, max-video-preview:-1\" \/>\n<link rel=\"canonical\" href=\"https:\/\/patagoniambiental.com.ar\/info\/recorriendo-las-areas-naturales-protegidas-de-rio-negro-bosque-petrificado-de-valcheta\/\" \/>\n<meta property=\"og:locale\" content=\"es_ES\" \/>\n<meta property=\"og:type\" content=\"article\" \/>\n<meta property=\"og:title\" content=\"\u00c1rea Natural Protegida \u201cBosque Petrificado\u201d de Valcheta: el Monumento Natural que revive el pasado y enamora al turismo\" \/>\n<meta property=\"og:description\" content=\"Imagin\u00e1 estar frente a un bosque silencioso\u2026 de piedra. El Bosque Petrificado, declarado \u00c1rea Natural Protegida (Monumento Natural)\" \/>\n<meta property=\"og:url\" content=\"https:\/\/patagoniambiental.com.ar\/info\/recorriendo-las-areas-naturales-protegidas-de-rio-negro-bosque-petrificado-de-valcheta\/\" \/>\n<meta property=\"og:site_name\" content=\"Patagonia Ambiental\" \/>\n<meta property=\"article:publisher\" content=\"https:\/\/www.facebook.com\/patagonia.ambiental\" \/>\n<meta property=\"article:published_time\" content=\"2025-08-19T10:00:00+00:00\" \/>\n<meta property=\"article:modified_time\" content=\"2025-08-19T12:54:50+00:00\" \/>\n<meta property=\"og:image\" content=\"https:\/\/patagoniambiental.com.ar\/info\/wp-content\/uploads\/2020\/10\/bosque-pretificado-1.jpg\" \/>\n\t<meta property=\"og:image:width\" content=\"366\" \/>\n\t<meta property=\"og:image:height\" content=\"275\" \/>\n\t<meta property=\"og:image:type\" content=\"image\/jpeg\" \/>\n<meta name=\"author\" content=\"BRAIAN ESTEVEZ\" \/>\n<meta name=\"twitter:card\" content=\"summary_large_image\" \/>\n<meta name=\"twitter:creator\" content=\"@PatAmb\" \/>\n<meta name=\"twitter:site\" content=\"@PatAmb\" \/>\n<script type=\"application\/ld+json\" class=\"yoast-schema-graph\">{\"@context\":\"https:\\\/\\\/schema.org\",\"@graph\":[{\"@type\":\"Article\",\"@id\":\"https:\\\/\\\/patagoniambiental.com.ar\\\/info\\\/recorriendo-las-areas-naturales-protegidas-de-rio-negro-bosque-petrificado-de-valcheta\\\/#article\",\"isPartOf\":{\"@id\":\"https:\\\/\\\/patagoniambiental.com.ar\\\/info\\\/recorriendo-las-areas-naturales-protegidas-de-rio-negro-bosque-petrificado-de-valcheta\\\/\"},\"author\":{\"name\":\"BRAIAN ESTEVEZ\",\"@id\":\"https:\\\/\\\/patagoniambiental.com.ar\\\/info\\\/#\\\/schema\\\/person\\\/e5af09d700b2e82cb10c6b8800e0c691\"},\"headline\":\"\u00c1rea Natural Protegida \u201cBosque Petrificado\u201d de Valcheta: el Monumento Natural que revive el pasado y enamora al turismo\",\"datePublished\":\"2025-08-19T10:00:00+00:00\",\"dateModified\":\"2025-08-19T12:54:50+00:00\",\"mainEntityOfPage\":{\"@id\":\"https:\\\/\\\/patagoniambiental.com.ar\\\/info\\\/recorriendo-las-areas-naturales-protegidas-de-rio-negro-bosque-petrificado-de-valcheta\\\/\"},\"wordCount\":869,\"commentCount\":0,\"publisher\":{\"@id\":\"https:\\\/\\\/patagoniambiental.com.ar\\\/info\\\/#organization\"},\"image\":{\"@id\":\"https:\\\/\\\/patagoniambiental.com.ar\\\/info\\\/recorriendo-las-areas-naturales-protegidas-de-rio-negro-bosque-petrificado-de-valcheta\\\/#primaryimage\"},\"thumbnailUrl\":\"https:\\\/\\\/patagoniambiental.com.ar\\\/info\\\/wp-content\\\/uploads\\\/2020\\\/10\\\/bosque-pretificado-1.jpg\",\"articleSection\":[\"Biodiversidad\",\"Noticias\",\"Provinciales\",\"R\u00edo Negro\",\"Turismo ecol\u00f3gico\"],\"inLanguage\":\"es\",\"potentialAction\":[{\"@type\":\"CommentAction\",\"name\":\"Comment\",\"target\":[\"https:\\\/\\\/patagoniambiental.com.ar\\\/info\\\/recorriendo-las-areas-naturales-protegidas-de-rio-negro-bosque-petrificado-de-valcheta\\\/#respond\"]}]},{\"@type\":\"WebPage\",\"@id\":\"https:\\\/\\\/patagoniambiental.com.ar\\\/info\\\/recorriendo-las-areas-naturales-protegidas-de-rio-negro-bosque-petrificado-de-valcheta\\\/\",\"url\":\"https:\\\/\\\/patagoniambiental.com.ar\\\/info\\\/recorriendo-las-areas-naturales-protegidas-de-rio-negro-bosque-petrificado-de-valcheta\\\/\",\"name\":\"\u00c1rea Natural Protegida \u201cBosque Petrificado\u201d de Valcheta: el Monumento Natural que revive el pasado y enamora al turismo\",\"isPartOf\":{\"@id\":\"https:\\\/\\\/patagoniambiental.com.ar\\\/info\\\/#website\"},\"primaryImageOfPage\":{\"@id\":\"https:\\\/\\\/patagoniambiental.com.ar\\\/info\\\/recorriendo-las-areas-naturales-protegidas-de-rio-negro-bosque-petrificado-de-valcheta\\\/#primaryimage\"},\"image\":{\"@id\":\"https:\\\/\\\/patagoniambiental.com.ar\\\/info\\\/recorriendo-las-areas-naturales-protegidas-de-rio-negro-bosque-petrificado-de-valcheta\\\/#primaryimage\"},\"thumbnailUrl\":\"https:\\\/\\\/patagoniambiental.com.ar\\\/info\\\/wp-content\\\/uploads\\\/2020\\\/10\\\/bosque-pretificado-1.jpg\",\"datePublished\":\"2025-08-19T10:00:00+00:00\",\"dateModified\":\"2025-08-19T12:54:50+00:00\",\"description\":\"Imagin\u00e1 estar frente a un bosque silencioso\u2026 de piedra. El Bosque Petrificado, declarado \u00c1rea Natural Protegida (Monumento Natural)\",\"breadcrumb\":{\"@id\":\"https:\\\/\\\/patagoniambiental.com.ar\\\/info\\\/recorriendo-las-areas-naturales-protegidas-de-rio-negro-bosque-petrificado-de-valcheta\\\/#breadcrumb\"},\"inLanguage\":\"es\",\"potentialAction\":[{\"@type\":\"ReadAction\",\"target\":[\"https:\\\/\\\/patagoniambiental.com.ar\\\/info\\\/recorriendo-las-areas-naturales-protegidas-de-rio-negro-bosque-petrificado-de-valcheta\\\/\"]}]},{\"@type\":\"ImageObject\",\"inLanguage\":\"es\",\"@id\":\"https:\\\/\\\/patagoniambiental.com.ar\\\/info\\\/recorriendo-las-areas-naturales-protegidas-de-rio-negro-bosque-petrificado-de-valcheta\\\/#primaryimage\",\"url\":\"https:\\\/\\\/patagoniambiental.com.ar\\\/info\\\/wp-content\\\/uploads\\\/2020\\\/10\\\/bosque-pretificado-1.jpg\",\"contentUrl\":\"https:\\\/\\\/patagoniambiental.com.ar\\\/info\\\/wp-content\\\/uploads\\\/2020\\\/10\\\/bosque-pretificado-1.jpg\",\"width\":366,\"height\":275,\"caption\":\"https:\\\/\\\/www.patagonia.com.ar\\\/Valcheta\\\/788_Atractivos+para+recorrer+en+Valcheta.html\"},{\"@type\":\"BreadcrumbList\",\"@id\":\"https:\\\/\\\/patagoniambiental.com.ar\\\/info\\\/recorriendo-las-areas-naturales-protegidas-de-rio-negro-bosque-petrificado-de-valcheta\\\/#breadcrumb\",\"itemListElement\":[{\"@type\":\"ListItem\",\"position\":1,\"name\":\"Inicio\",\"item\":\"https:\\\/\\\/patagoniambiental.com.ar\\\/info\\\/\"},{\"@type\":\"ListItem\",\"position\":2,\"name\":\"\u00c1rea Natural Protegida \u201cBosque Petrificado\u201d de Valcheta: el Monumento Natural que revive el pasado y enamora al turismo\"}]},{\"@type\":\"WebSite\",\"@id\":\"https:\\\/\\\/patagoniambiental.com.ar\\\/info\\\/#website\",\"url\":\"https:\\\/\\\/patagoniambiental.com.ar\\\/info\\\/\",\"name\":\"Patagonia Ambiental\",\"description\":\"Monitoreo y an\u00e1lisis de la situaci\u00f3n geopol\u00edtica en el mundo y su implicancia en la Patagonia\",\"publisher\":{\"@id\":\"https:\\\/\\\/patagoniambiental.com.ar\\\/info\\\/#organization\"},\"potentialAction\":[{\"@type\":\"SearchAction\",\"target\":{\"@type\":\"EntryPoint\",\"urlTemplate\":\"https:\\\/\\\/patagoniambiental.com.ar\\\/info\\\/?s={search_term_string}\"},\"query-input\":{\"@type\":\"PropertyValueSpecification\",\"valueRequired\":true,\"valueName\":\"search_term_string\"}}],\"inLanguage\":\"es\"},{\"@type\":\"Organization\",\"@id\":\"https:\\\/\\\/patagoniambiental.com.ar\\\/info\\\/#organization\",\"name\":\"Patagonia Ambiental\",\"url\":\"https:\\\/\\\/patagoniambiental.com.ar\\\/info\\\/\",\"logo\":{\"@type\":\"ImageObject\",\"inLanguage\":\"es\",\"@id\":\"https:\\\/\\\/patagoniambiental.com.ar\\\/info\\\/#\\\/schema\\\/logo\\\/image\\\/\",\"url\":\"https:\\\/\\\/patagoniambiental.com.ar\\\/info\\\/wp-content\\\/uploads\\\/2025\\\/05\\\/LOGO-PATAGONIA-AMBIENTAL.png\",\"contentUrl\":\"https:\\\/\\\/patagoniambiental.com.ar\\\/info\\\/wp-content\\\/uploads\\\/2025\\\/05\\\/LOGO-PATAGONIA-AMBIENTAL.png\",\"width\":433,\"height\":250,\"caption\":\"Patagonia Ambiental\"},\"image\":{\"@id\":\"https:\\\/\\\/patagoniambiental.com.ar\\\/info\\\/#\\\/schema\\\/logo\\\/image\\\/\"},\"sameAs\":[\"https:\\\/\\\/www.facebook.com\\\/patagonia.ambiental\",\"https:\\\/\\\/x.com\\\/PatAmb\"]},{\"@type\":\"Person\",\"@id\":\"https:\\\/\\\/patagoniambiental.com.ar\\\/info\\\/#\\\/schema\\\/person\\\/e5af09d700b2e82cb10c6b8800e0c691\",\"name\":\"BRAIAN ESTEVEZ\",\"sameAs\":[\"http:\\\/\\\/www.patagoniambiental.com.ar\"]}]}<\/script>\n<!-- \/ Yoast SEO Premium plugin. -->","yoast_head_json":{"title":"\u00c1rea Natural Protegida \u201cBosque Petrificado\u201d de Valcheta: el Monumento Natural que revive el pasado y enamora al turismo","description":"Imagin\u00e1 estar frente a un bosque silencioso\u2026 de piedra. El Bosque Petrificado, declarado \u00c1rea Natural Protegida (Monumento Natural)","robots":{"index":"index","follow":"follow","max-snippet":"max-snippet:-1","max-image-preview":"max-image-preview:large","max-video-preview":"max-video-preview:-1"},"canonical":"https:\/\/patagoniambiental.com.ar\/info\/recorriendo-las-areas-naturales-protegidas-de-rio-negro-bosque-petrificado-de-valcheta\/","og_locale":"es_ES","og_type":"article","og_title":"\u00c1rea Natural Protegida \u201cBosque Petrificado\u201d de Valcheta: el Monumento Natural que revive el pasado y enamora al turismo","og_description":"Imagin\u00e1 estar frente a un bosque silencioso\u2026 de piedra. El Bosque Petrificado, declarado \u00c1rea Natural Protegida (Monumento Natural)","og_url":"https:\/\/patagoniambiental.com.ar\/info\/recorriendo-las-areas-naturales-protegidas-de-rio-negro-bosque-petrificado-de-valcheta\/","og_site_name":"Patagonia Ambiental","article_publisher":"https:\/\/www.facebook.com\/patagonia.ambiental","article_published_time":"2025-08-19T10:00:00+00:00","article_modified_time":"2025-08-19T12:54:50+00:00","og_image":[{"width":366,"height":275,"url":"https:\/\/patagoniambiental.com.ar\/info\/wp-content\/uploads\/2020\/10\/bosque-pretificado-1.jpg","type":"image\/jpeg"}],"author":"BRAIAN ESTEVEZ","twitter_card":"summary_large_image","twitter_creator":"@PatAmb","twitter_site":"@PatAmb","schema":{"@context":"https:\/\/schema.org","@graph":[{"@type":"Article","@id":"https:\/\/patagoniambiental.com.ar\/info\/recorriendo-las-areas-naturales-protegidas-de-rio-negro-bosque-petrificado-de-valcheta\/#article","isPartOf":{"@id":"https:\/\/patagoniambiental.com.ar\/info\/recorriendo-las-areas-naturales-protegidas-de-rio-negro-bosque-petrificado-de-valcheta\/"},"author":{"name":"BRAIAN ESTEVEZ","@id":"https:\/\/patagoniambiental.com.ar\/info\/#\/schema\/person\/e5af09d700b2e82cb10c6b8800e0c691"},"headline":"\u00c1rea Natural Protegida \u201cBosque Petrificado\u201d de Valcheta: el Monumento Natural que revive el pasado y enamora al turismo","datePublished":"2025-08-19T10:00:00+00:00","dateModified":"2025-08-19T12:54:50+00:00","mainEntityOfPage":{"@id":"https:\/\/patagoniambiental.com.ar\/info\/recorriendo-las-areas-naturales-protegidas-de-rio-negro-bosque-petrificado-de-valcheta\/"},"wordCount":869,"commentCount":0,"publisher":{"@id":"https:\/\/patagoniambiental.com.ar\/info\/#organization"},"image":{"@id":"https:\/\/patagoniambiental.com.ar\/info\/recorriendo-las-areas-naturales-protegidas-de-rio-negro-bosque-petrificado-de-valcheta\/#primaryimage"},"thumbnailUrl":"https:\/\/patagoniambiental.com.ar\/info\/wp-content\/uploads\/2020\/10\/bosque-pretificado-1.jpg","articleSection":["Biodiversidad","Noticias","Provinciales","R\u00edo Negro","Turismo ecol\u00f3gico"],"inLanguage":"es","potentialAction":[{"@type":"CommentAction","name":"Comment","target":["https:\/\/patagoniambiental.com.ar\/info\/recorriendo-las-areas-naturales-protegidas-de-rio-negro-bosque-petrificado-de-valcheta\/#respond"]}]},{"@type":"WebPage","@id":"https:\/\/patagoniambiental.com.ar\/info\/recorriendo-las-areas-naturales-protegidas-de-rio-negro-bosque-petrificado-de-valcheta\/","url":"https:\/\/patagoniambiental.com.ar\/info\/recorriendo-las-areas-naturales-protegidas-de-rio-negro-bosque-petrificado-de-valcheta\/","name":"\u00c1rea Natural Protegida \u201cBosque Petrificado\u201d de Valcheta: el Monumento Natural que revive el pasado y enamora al turismo","isPartOf":{"@id":"https:\/\/patagoniambiental.com.ar\/info\/#website"},"primaryImageOfPage":{"@id":"https:\/\/patagoniambiental.com.ar\/info\/recorriendo-las-areas-naturales-protegidas-de-rio-negro-bosque-petrificado-de-valcheta\/#primaryimage"},"image":{"@id":"https:\/\/patagoniambiental.com.ar\/info\/recorriendo-las-areas-naturales-protegidas-de-rio-negro-bosque-petrificado-de-valcheta\/#primaryimage"},"thumbnailUrl":"https:\/\/patagoniambiental.com.ar\/info\/wp-content\/uploads\/2020\/10\/bosque-pretificado-1.jpg","datePublished":"2025-08-19T10:00:00+00:00","dateModified":"2025-08-19T12:54:50+00:00","description":"Imagin\u00e1 estar frente a un bosque silencioso\u2026 de piedra. El Bosque Petrificado, declarado \u00c1rea Natural Protegida (Monumento Natural)","breadcrumb":{"@id":"https:\/\/patagoniambiental.com.ar\/info\/recorriendo-las-areas-naturales-protegidas-de-rio-negro-bosque-petrificado-de-valcheta\/#breadcrumb"},"inLanguage":"es","potentialAction":[{"@type":"ReadAction","target":["https:\/\/patagoniambiental.com.ar\/info\/recorriendo-las-areas-naturales-protegidas-de-rio-negro-bosque-petrificado-de-valcheta\/"]}]},{"@type":"ImageObject","inLanguage":"es","@id":"https:\/\/patagoniambiental.com.ar\/info\/recorriendo-las-areas-naturales-protegidas-de-rio-negro-bosque-petrificado-de-valcheta\/#primaryimage","url":"https:\/\/patagoniambiental.com.ar\/info\/wp-content\/uploads\/2020\/10\/bosque-pretificado-1.jpg","contentUrl":"https:\/\/patagoniambiental.com.ar\/info\/wp-content\/uploads\/2020\/10\/bosque-pretificado-1.jpg","width":366,"height":275,"caption":"https:\/\/www.patagonia.com.ar\/Valcheta\/788_Atractivos+para+recorrer+en+Valcheta.html"},{"@type":"BreadcrumbList","@id":"https:\/\/patagoniambiental.com.ar\/info\/recorriendo-las-areas-naturales-protegidas-de-rio-negro-bosque-petrificado-de-valcheta\/#breadcrumb","itemListElement":[{"@type":"ListItem","position":1,"name":"Inicio","item":"https:\/\/patagoniambiental.com.ar\/info\/"},{"@type":"ListItem","position":2,"name":"\u00c1rea Natural Protegida \u201cBosque Petrificado\u201d de Valcheta: el Monumento Natural que revive el pasado y enamora al turismo"}]},{"@type":"WebSite","@id":"https:\/\/patagoniambiental.com.ar\/info\/#website","url":"https:\/\/patagoniambiental.com.ar\/info\/","name":"Patagonia Ambiental","description":"Monitoreo y an\u00e1lisis de la situaci\u00f3n geopol\u00edtica en el mundo y su implicancia en la Patagonia","publisher":{"@id":"https:\/\/patagoniambiental.com.ar\/info\/#organization"},"potentialAction":[{"@type":"SearchAction","target":{"@type":"EntryPoint","urlTemplate":"https:\/\/patagoniambiental.com.ar\/info\/?s={search_term_string}"},"query-input":{"@type":"PropertyValueSpecification","valueRequired":true,"valueName":"search_term_string"}}],"inLanguage":"es"},{"@type":"Organization","@id":"https:\/\/patagoniambiental.com.ar\/info\/#organization","name":"Patagonia Ambiental","url":"https:\/\/patagoniambiental.com.ar\/info\/","logo":{"@type":"ImageObject","inLanguage":"es","@id":"https:\/\/patagoniambiental.com.ar\/info\/#\/schema\/logo\/image\/","url":"https:\/\/patagoniambiental.com.ar\/info\/wp-content\/uploads\/2025\/05\/LOGO-PATAGONIA-AMBIENTAL.png","contentUrl":"https:\/\/patagoniambiental.com.ar\/info\/wp-content\/uploads\/2025\/05\/LOGO-PATAGONIA-AMBIENTAL.png","width":433,"height":250,"caption":"Patagonia Ambiental"},"image":{"@id":"https:\/\/patagoniambiental.com.ar\/info\/#\/schema\/logo\/image\/"},"sameAs":["https:\/\/www.facebook.com\/patagonia.ambiental","https:\/\/x.com\/PatAmb"]},{"@type":"Person","@id":"https:\/\/patagoniambiental.com.ar\/info\/#\/schema\/person\/e5af09d700b2e82cb10c6b8800e0c691","name":"BRAIAN ESTEVEZ","sameAs":["http:\/\/www.patagoniambiental.com.ar"]}]}},"_links":{"self":[{"href":"https:\/\/patagoniambiental.com.ar\/info\/wp-json\/wp\/v2\/posts\/68985","targetHints":{"allow":["GET"]}}],"collection":[{"href":"https:\/\/patagoniambiental.com.ar\/info\/wp-json\/wp\/v2\/posts"}],"about":[{"href":"https:\/\/patagoniambiental.com.ar\/info\/wp-json\/wp\/v2\/types\/post"}],"author":[{"embeddable":true,"href":"https:\/\/patagoniambiental.com.ar\/info\/wp-json\/wp\/v2\/users\/6"}],"replies":[{"embeddable":true,"href":"https:\/\/patagoniambiental.com.ar\/info\/wp-json\/wp\/v2\/comments?post=68985"}],"version-history":[{"count":3,"href":"https:\/\/patagoniambiental.com.ar\/info\/wp-json\/wp\/v2\/posts\/68985\/revisions"}],"predecessor-version":[{"id":97872,"href":"https:\/\/patagoniambiental.com.ar\/info\/wp-json\/wp\/v2\/posts\/68985\/revisions\/97872"}],"wp:featuredmedia":[{"embeddable":true,"href":"https:\/\/patagoniambiental.com.ar\/info\/wp-json\/wp\/v2\/media\/68986"}],"wp:attachment":[{"href":"https:\/\/patagoniambiental.com.ar\/info\/wp-json\/wp\/v2\/media?parent=68985"}],"wp:term":[{"taxonomy":"category","embeddable":true,"href":"https:\/\/patagoniambiental.com.ar\/info\/wp-json\/wp\/v2\/categories?post=68985"},{"taxonomy":"post_tag","embeddable":true,"href":"https:\/\/patagoniambiental.com.ar\/info\/wp-json\/wp\/v2\/tags?post=68985"}],"curies":[{"name":"wp","href":"https:\/\/api.w.org\/{rel}","templated":true}]}}