{"id":69228,"date":"2020-10-27T07:00:09","date_gmt":"2020-10-27T10:00:09","guid":{"rendered":"http:\/\/patagoniambiental.com.ar\/info\/?p=69228"},"modified":"2020-10-27T09:35:46","modified_gmt":"2020-10-27T12:35:46","slug":"un-ovni-sorprendio-a-un-motociclista-en-el-norte-neuquino","status":"publish","type":"post","link":"https:\/\/patagoniambiental.com.ar\/info\/un-ovni-sorprendio-a-un-motociclista-en-el-norte-neuquino\/","title":{"rendered":"Un ovni sorprendi\u00f3 a un motociclista en el norte neuquino"},"content":{"rendered":"<section class=\"note-detail-head\" data-type=\"article\">\n<div class=\"info-wrapper\">\n<p class=\"preview\">Neuqu\u00e9n.-La aparici\u00f3n de un objeto volador no identificado qued\u00f3 registrada cerca del Ca\u00f1ad\u00f3n de Rahueco, en plena Cordillera del Viento. Lo fotografi\u00f3 sin querer.<\/p>\n<p><!--more--><\/p>\n<div class=\"row no-gutters align-items-center author-and-share-wrapper\">\n<div class=\"col col-lg-6 d-block\">\n<div class=\"author-wrapper d-flex flex-row align-items-center\">\n<div class=\"d-flex flex-column\"><span class=\"author-name d-none d-md-inline-block d-lg-inline-block\">Por\u00a0<b><a href=\"https:\/\/www.lmneuquen.com\/perfil\/1614-fabian-cares\">Fabi\u00e1n Cares<\/a><\/b><\/span><span class=\"author-email d-inline-block mt-1\"><a href=\"mailto:Especial\">especial<\/a><\/span><\/div>\n<\/div>\n<\/div>\n<\/div>\n<\/div>\n<\/section>\n<p>&nbsp;<\/p>\n<article class=\"cat-rojo\">\n<div class=\"head-image thumb-wrap relative\">\n<div class=\" gallery-container news-body-media media-expand\">\n<div id=\"detailNoteGallery\" class=\"snapshot-container\" data-ride=\"false\" data-interval=\"false\">\n<div id=\"fotogaleria-Object_4304_2439\" class=\"carousel-inner gallery\" role=\"listbox\">\n<div class=\"col2 owl-carousel owl-loaded\">\n<div class=\"owl-stage-outer owl-height\">\n<div class=\"owl-stage\">\n<div class=\"owl-item active\">\n<div class=\"image itemGallery classid669883\">\n<figure class=\"figure-wrapper\"><img decoding=\"async\" title=\"Un ovni sorprendi\u00f3 a un motociclista en el norte neuquino | Lmneuquen.com\" src=\"https:\/\/media.lmneuquen.com\/p\/98879f8d7775bc0d6418d80db2485b3f\/adjuntos\/195\/imagenes\/005\/424\/0005424681\/un-ovni-sorprendio-un-motociclista-el-norte-neuquino.png\" alt=\"Un ovni sorprendi\u00f3 a un motociclista en el norte neuquino\" width=\"700\" \/><\/figure>\n<div class=\"gallery-header\"><\/div>\n<div class=\"figure-caption\">\n<div class=\"credit-media  \"><\/div>\n<\/div>\n<\/div>\n<\/div>\n<\/div>\n<\/div>\n<\/div>\n<div class=\"clearfix\"><\/div>\n<\/div>\n<\/div>\n<\/div>\n<\/div>\n<\/article>\n<section class=\"body-content\" data-twitter-link=\"https:\/\/twitter.com\/intent\/tweet?url=https:\/\/www.lmneuquen.com\/c742457&amp;v\u00eda=lmneuquen&amp;related=Lmneuquen.com&amp;text=\">El cord\u00f3n monta\u00f1oso de la Cordillera del Viento, que atraviesa todo el\u00a0<a class=\"agrupador\" href=\"https:\/\/www.lmneuquen.com\/norte-neuquino-a1289\" rel=\"1289\"><strong>norte neuquino<\/strong>,\u00a0<\/a>es un privilegiado rinc\u00f3n rodeado de bellezas y misterios por partes iguales. Desde siempre fue un escenario para avistaje de objetos y luces desconocidas en el cielo. Muchas veces acompa\u00f1ados por sucesos que no logran tener una explicaci\u00f3n humana.<\/p>\n<\/section>\n<div class=\"banner-wrapper\">\n<div class=\"banner-libre\"><center><\/p>\n<div id=\"eplAdDivNotasIN\"><\/div>\n<p><\/center><\/div>\n<\/div>\n<section class=\"body-content\" data-twitter-link=\"https:\/\/twitter.com\/intent\/tweet?url=https:\/\/www.lmneuquen.com\/c742457&amp;v\u00eda=lmneuquen&amp;related=Lmneuquen.com&amp;text=\">Desde aquel encuentro con extraterrestres que vivi\u00f3 un\u00a0<strong><a class=\"agrupador\" href=\"https:\/\/www.lmneuquen.com\/vecino-a12064\" rel=\"12064\">vecino<\/a><\/strong>\u00a0en la d\u00e9cada del 80 en la localidad de Manzano Amargo, se registraron innumerables acontecimientos que muchas veces rompieron la calma de las comunidades y eran tema obligado de conversaci\u00f3n. Hasta un mirador se construy\u00f3 en Las Ovejas en el a\u00f1o 2018 para intentar verlos con m\u00e1s claridad.<\/p>\n<\/section>\n<section class=\"body-content\" data-twitter-link=\"https:\/\/twitter.com\/intent\/tweet?url=https:\/\/www.lmneuquen.com\/c742457&amp;v\u00eda=lmneuquen&amp;related=Lmneuquen.com&amp;text=\">Esta vez la historia le toc\u00f3 a un aficionado motociclista de Huinganco que en la tarde del viernes pasado sali\u00f3 con rumbo al Ca\u00f1ad\u00f3n de Rahueco (a unos 3 kil\u00f3metros del pueblo) por una picada que pasa muy cerca del m\u00edtico Pino Guacho. Por esas alturas ubicadas en direcci\u00f3n a la Cordillera del Viento, el vecino Juan Medel tiene en pastaje de una veintena de vacas. Al regresar de visitar a sus animales decidi\u00f3 retratar a su veh\u00edculo de enduro XR200.<\/p>\n<div id=\"669885-Libre-145992488_wrap\" class=\"embed_cont type_imagen\" contenteditable=\"false\">\n<div id=\"669885-Libre-145992488_content\" class=\"embed_content\"><img decoding=\"async\" id=\"669885-Libre-145992488_embed\" src=\"https:\/\/media.lmneuquen.com\/p\/3db3e4d9a442b58d741cec766ce5b184\/adjuntos\/195\/imagenes\/005\/424\/0005424709\/imagepng.png?0000-00-00-00-00-00\" alt=\"El mirador\" \/><\/div>\n<div id=\"669885-Libre-145992488_epigrafe\" class=\"embed_epigrafe\">\n<p>El mirador<\/p>\n<\/div>\n<\/div>\n<p>\u201cEra una tarde agradable y ya regresando a mi casa, par\u00e9 unos momentos en un lindo rinc\u00f3n para fotografiar a mi moto que siempre es mi compa\u00f1era en este tipo de traves\u00edas por nuestras monta\u00f1as\u201d, cont\u00f3 el vecino. \u201cCuando ya estaba en casa en un momento decid\u00ed ver las dos fotos que le hab\u00eda sacado en el mismo momento y ah\u00ed me di cuenta que detr\u00e1s de la moto sobre el cielo se ve\u00edan dos objetos raros y decid\u00ed compartir una de ellas en mi grupo de WhatsApp y de inmediato mis amigos me comenzaron a decir que era un ovni\u201d, agreg\u00f3.<\/p>\n<p>Adem\u00e1s, confes\u00f3 que al ver una foto tomada a un grupo de trabajadores municipales de Mariano Moreno (el 9 de octubre) constat\u00f3 que hab\u00eda muchas similitudes. \u201cLa verdad que ah\u00ed me entr\u00f3 la duda, yo siempre escuch\u00e9 testimonios de luces y aparici\u00f3n de objetos en el cielo y hoy sin querer y sin saber fui testigo del paso de un objeto y me qued\u00f3 una foto como muestra\u201d, dijo.<\/p>\n<p><strong>En La Corona<\/strong><\/p>\n<p>Juan Medel enfatiz\u00f3 que a lo largo del tiempo escuch\u00f3 relatos de varios vecinos del pueblo y de crianceros de la zona que presenciaron luces sobre el Cerro La Corona y todas las elevaciones que distinguen a la Cordillera del Viento. \u201cLa verdad que es creer o reventar\u201d, se sincer\u00f3, y agreg\u00f3: \u201cAntes lo miraba y lo pensaba con algunos reparos pero ahora con esto que qued\u00f3 registrado en mis fotos del celular me qued\u00f3 la duda\u201d.<\/p>\n<div id=\"669884-Libre-1997180673_wrap\" class=\"embed_cont type_imagen\" contenteditable=\"false\">\n<div id=\"669884-Libre-1997180673_content\" class=\"embed_content\"><img decoding=\"async\" id=\"669884-Libre-1997180673_embed\" src=\"https:\/\/media.lmneuquen.com\/p\/330a6315aa39445bcd3f53e515f8b23a\/adjuntos\/195\/imagenes\/005\/424\/0005424695\/imagepng.png?0000-00-00-00-00-00\" alt=\"Ferm&amp;iacute;n Albornoz\" \/><\/div>\n<div id=\"669884-Libre-1997180673_epigrafe\" class=\"embed_epigrafe\">\n<p>Ferm\u00edn Albornoz<\/p>\n<\/div>\n<\/div>\n<p><strong>Don Fincho y La Puntilla<\/strong><\/p>\n<p>Hay dos emblemas del avistaje de ovnis en el norte neuquino. Uno de ellos es don Ferm\u00edn \u201cFincho\u201d Albornoz, una leyenda viviente en Manzano Amargo y en toda la regi\u00f3n. Es un criancero de toda la vida en estas tierras neuquinas y asegura que conoci\u00f3 a dos extraterrestres en una veranada de la zona conocida como El Tapadero (muy cerca del Bosque Llao Llao).<\/p>\n<p>El domingo 15 de febrero de 1981, en las tierras donde a trav\u00e9s de la historia se han producido numerosos avistamientos de objetos voladores no identificados (OVNIS), se produjo este hecho catalogado por especialistas como un posible caso de abducci\u00f3n. Ten\u00eda 43 a\u00f1os entonces.<\/p>\n<p>Este hecho tuvo tanta trascendencia que el mayor investigador de este fen\u00f3meno en el pa\u00eds, Fabio Zerpa, envi\u00f3 un representante al norte neuquino para investigar el mismo.<\/p>\n<p>En la zona de Colimichic\u00f3 se habla de la existencia de un Portal C\u00f3smico. Muy cerca se cre\u00f3 hace un tiempo el Mirador La Puntilla, el cual se convirti\u00f3 en el primer lugar en la provincia para observar estos objetos voladores no identificados y el cuarto en el pa\u00eds.<\/p>\n<p>Fuente: La Ma\u00f1ana Neuqu\u00e9n<\/p>\n<\/section>\n","protected":false},"excerpt":{"rendered":"<p>Neuqu\u00e9n.-La aparici\u00f3n de un objeto volador no identificado qued\u00f3 registrada cerca del Ca\u00f1ad\u00f3n de Rahueco, en plena Cordillera del Viento. [&hellip;]<\/p>\n","protected":false},"author":6,"featured_media":69229,"comment_status":"open","ping_status":"open","sticky":false,"template":"","format":"standard","meta":{"site-sidebar-layout":"default","site-content-layout":"","ast-site-content-layout":"default","site-content-style":"default","site-sidebar-style":"default","ast-global-header-display":"","ast-banner-title-visibility":"","ast-main-header-display":"","ast-hfb-above-header-display":"","ast-hfb-below-header-display":"","ast-hfb-mobile-header-display":"","site-post-title":"","ast-breadcrumbs-content":"","ast-featured-img":"","footer-sml-layout":"","ast-disable-related-posts":"","theme-transparent-header-meta":"","adv-header-id-meta":"","stick-header-meta":"","header-above-stick-meta":"","header-main-stick-meta":"","header-below-stick-meta":"","astra-migrate-meta-layouts":"default","ast-page-background-enabled":"default","ast-page-background-meta":{"desktop":{"background-color":"var(--ast-global-color-5)","background-image":"","background-repeat":"repeat","background-position":"center center","background-size":"auto","background-attachment":"scroll","background-type":"","background-media":"","overlay-type":"","overlay-color":"","overlay-opacity":"","overlay-gradient":""},"tablet":{"background-color":"","background-image":"","background-repeat":"repeat","background-position":"center center","background-size":"auto","background-attachment":"scroll","background-type":"","background-media":"","overlay-type":"","overlay-color":"","overlay-opacity":"","overlay-gradient":""},"mobile":{"background-color":"","background-image":"","background-repeat":"repeat","background-position":"center center","background-size":"auto","background-attachment":"scroll","background-type":"","background-media":"","overlay-type":"","overlay-color":"","overlay-opacity":"","overlay-gradient":""}},"ast-content-background-meta":{"desktop":{"background-color":"var(--ast-global-color-4)","background-image":"","background-repeat":"repeat","background-position":"center center","background-size":"auto","background-attachment":"scroll","background-type":"","background-media":"","overlay-type":"","overlay-color":"","overlay-opacity":"","overlay-gradient":""},"tablet":{"background-color":"var(--ast-global-color-4)","background-image":"","background-repeat":"repeat","background-position":"center center","background-size":"auto","background-attachment":"scroll","background-type":"","background-media":"","overlay-type":"","overlay-color":"","overlay-opacity":"","overlay-gradient":""},"mobile":{"background-color":"var(--ast-global-color-4)","background-image":"","background-repeat":"repeat","background-position":"center center","background-size":"auto","background-attachment":"scroll","background-type":"","background-media":"","overlay-type":"","overlay-color":"","overlay-opacity":"","overlay-gradient":""}},"footnotes":""},"categories":[18,1,13],"tags":[],"class_list":["post-69228","post","type-post","status-publish","format-standard","has-post-thumbnail","hentry","category-neuquen","category-noticias","category-provinciales"],"yoast_head":"<!-- This site is optimized with the Yoast SEO Premium plugin v23.0 (Yoast SEO v27.4) - https:\/\/yoast.com\/product\/yoast-seo-premium-wordpress\/ -->\n<title>Un ovni sorprendi\u00f3 a un motociclista en el norte neuquino<\/title>\n<meta name=\"robots\" content=\"index, follow, max-snippet:-1, max-image-preview:large, max-video-preview:-1\" \/>\n<link rel=\"canonical\" href=\"https:\/\/patagoniambiental.com.ar\/info\/un-ovni-sorprendio-a-un-motociclista-en-el-norte-neuquino\/\" \/>\n<meta property=\"og:locale\" content=\"es_ES\" \/>\n<meta property=\"og:type\" content=\"article\" \/>\n<meta property=\"og:title\" content=\"Un ovni sorprendi\u00f3 a un motociclista en el norte neuquino\" \/>\n<meta property=\"og:description\" content=\"Neuqu\u00e9n.-La aparici\u00f3n de un objeto volador no identificado qued\u00f3 registrada cerca del Ca\u00f1ad\u00f3n de Rahueco, en plena Cordillera del Viento. [&hellip;]\" \/>\n<meta property=\"og:url\" content=\"https:\/\/patagoniambiental.com.ar\/info\/un-ovni-sorprendio-a-un-motociclista-en-el-norte-neuquino\/\" \/>\n<meta property=\"og:site_name\" content=\"Patagonia Ambiental\" \/>\n<meta property=\"article:publisher\" content=\"https:\/\/www.facebook.com\/patagonia.ambiental\" \/>\n<meta property=\"article:published_time\" content=\"2020-10-27T10:00:09+00:00\" \/>\n<meta property=\"article:modified_time\" content=\"2020-10-27T12:35:46+00:00\" \/>\n<meta property=\"og:image\" content=\"https:\/\/patagoniambiental.com.ar\/info\/wp-content\/uploads\/2020\/10\/un-ovni-sorprendio-un-motociclista-el-norte-neuquino.jpg\" \/>\n\t<meta property=\"og:image:width\" content=\"770\" \/>\n\t<meta property=\"og:image:height\" content=\"435\" \/>\n\t<meta property=\"og:image:type\" content=\"image\/jpeg\" \/>\n<meta name=\"author\" content=\"BRAIAN ESTEVEZ\" \/>\n<meta name=\"twitter:card\" content=\"summary_large_image\" \/>\n<meta name=\"twitter:creator\" content=\"@PatAmb\" \/>\n<meta name=\"twitter:site\" content=\"@PatAmb\" \/>\n<script type=\"application\/ld+json\" class=\"yoast-schema-graph\">{\"@context\":\"https:\\\/\\\/schema.org\",\"@graph\":[{\"@type\":\"Article\",\"@id\":\"https:\\\/\\\/patagoniambiental.com.ar\\\/info\\\/un-ovni-sorprendio-a-un-motociclista-en-el-norte-neuquino\\\/#article\",\"isPartOf\":{\"@id\":\"https:\\\/\\\/patagoniambiental.com.ar\\\/info\\\/un-ovni-sorprendio-a-un-motociclista-en-el-norte-neuquino\\\/\"},\"author\":{\"name\":\"BRAIAN ESTEVEZ\",\"@id\":\"https:\\\/\\\/patagoniambiental.com.ar\\\/info\\\/#\\\/schema\\\/person\\\/e5af09d700b2e82cb10c6b8800e0c691\"},\"headline\":\"Un ovni sorprendi\u00f3 a un motociclista en el norte neuquino\",\"datePublished\":\"2020-10-27T10:00:09+00:00\",\"dateModified\":\"2020-10-27T12:35:46+00:00\",\"mainEntityOfPage\":{\"@id\":\"https:\\\/\\\/patagoniambiental.com.ar\\\/info\\\/un-ovni-sorprendio-a-un-motociclista-en-el-norte-neuquino\\\/\"},\"wordCount\":715,\"commentCount\":0,\"publisher\":{\"@id\":\"https:\\\/\\\/patagoniambiental.com.ar\\\/info\\\/#organization\"},\"image\":{\"@id\":\"https:\\\/\\\/patagoniambiental.com.ar\\\/info\\\/un-ovni-sorprendio-a-un-motociclista-en-el-norte-neuquino\\\/#primaryimage\"},\"thumbnailUrl\":\"https:\\\/\\\/patagoniambiental.com.ar\\\/info\\\/wp-content\\\/uploads\\\/2020\\\/10\\\/un-ovni-sorprendio-un-motociclista-el-norte-neuquino.jpg\",\"articleSection\":[\"Neuqu\u00e9n\",\"Noticias\",\"Provinciales\"],\"inLanguage\":\"es\",\"potentialAction\":[{\"@type\":\"CommentAction\",\"name\":\"Comment\",\"target\":[\"https:\\\/\\\/patagoniambiental.com.ar\\\/info\\\/un-ovni-sorprendio-a-un-motociclista-en-el-norte-neuquino\\\/#respond\"]}]},{\"@type\":\"WebPage\",\"@id\":\"https:\\\/\\\/patagoniambiental.com.ar\\\/info\\\/un-ovni-sorprendio-a-un-motociclista-en-el-norte-neuquino\\\/\",\"url\":\"https:\\\/\\\/patagoniambiental.com.ar\\\/info\\\/un-ovni-sorprendio-a-un-motociclista-en-el-norte-neuquino\\\/\",\"name\":\"Un ovni sorprendi\u00f3 a un motociclista en el norte neuquino\",\"isPartOf\":{\"@id\":\"https:\\\/\\\/patagoniambiental.com.ar\\\/info\\\/#website\"},\"primaryImageOfPage\":{\"@id\":\"https:\\\/\\\/patagoniambiental.com.ar\\\/info\\\/un-ovni-sorprendio-a-un-motociclista-en-el-norte-neuquino\\\/#primaryimage\"},\"image\":{\"@id\":\"https:\\\/\\\/patagoniambiental.com.ar\\\/info\\\/un-ovni-sorprendio-a-un-motociclista-en-el-norte-neuquino\\\/#primaryimage\"},\"thumbnailUrl\":\"https:\\\/\\\/patagoniambiental.com.ar\\\/info\\\/wp-content\\\/uploads\\\/2020\\\/10\\\/un-ovni-sorprendio-un-motociclista-el-norte-neuquino.jpg\",\"datePublished\":\"2020-10-27T10:00:09+00:00\",\"dateModified\":\"2020-10-27T12:35:46+00:00\",\"breadcrumb\":{\"@id\":\"https:\\\/\\\/patagoniambiental.com.ar\\\/info\\\/un-ovni-sorprendio-a-un-motociclista-en-el-norte-neuquino\\\/#breadcrumb\"},\"inLanguage\":\"es\",\"potentialAction\":[{\"@type\":\"ReadAction\",\"target\":[\"https:\\\/\\\/patagoniambiental.com.ar\\\/info\\\/un-ovni-sorprendio-a-un-motociclista-en-el-norte-neuquino\\\/\"]}]},{\"@type\":\"ImageObject\",\"inLanguage\":\"es\",\"@id\":\"https:\\\/\\\/patagoniambiental.com.ar\\\/info\\\/un-ovni-sorprendio-a-un-motociclista-en-el-norte-neuquino\\\/#primaryimage\",\"url\":\"https:\\\/\\\/patagoniambiental.com.ar\\\/info\\\/wp-content\\\/uploads\\\/2020\\\/10\\\/un-ovni-sorprendio-un-motociclista-el-norte-neuquino.jpg\",\"contentUrl\":\"https:\\\/\\\/patagoniambiental.com.ar\\\/info\\\/wp-content\\\/uploads\\\/2020\\\/10\\\/un-ovni-sorprendio-un-motociclista-el-norte-neuquino.jpg\",\"width\":770,\"height\":435},{\"@type\":\"BreadcrumbList\",\"@id\":\"https:\\\/\\\/patagoniambiental.com.ar\\\/info\\\/un-ovni-sorprendio-a-un-motociclista-en-el-norte-neuquino\\\/#breadcrumb\",\"itemListElement\":[{\"@type\":\"ListItem\",\"position\":1,\"name\":\"Inicio\",\"item\":\"https:\\\/\\\/patagoniambiental.com.ar\\\/info\\\/\"},{\"@type\":\"ListItem\",\"position\":2,\"name\":\"Un ovni sorprendi\u00f3 a un motociclista en el norte neuquino\"}]},{\"@type\":\"WebSite\",\"@id\":\"https:\\\/\\\/patagoniambiental.com.ar\\\/info\\\/#website\",\"url\":\"https:\\\/\\\/patagoniambiental.com.ar\\\/info\\\/\",\"name\":\"Patagonia Ambiental\",\"description\":\"Monitoreo y an\u00e1lisis de la situaci\u00f3n geopol\u00edtica en el mundo y su implicancia en la Patagonia\",\"publisher\":{\"@id\":\"https:\\\/\\\/patagoniambiental.com.ar\\\/info\\\/#organization\"},\"potentialAction\":[{\"@type\":\"SearchAction\",\"target\":{\"@type\":\"EntryPoint\",\"urlTemplate\":\"https:\\\/\\\/patagoniambiental.com.ar\\\/info\\\/?s={search_term_string}\"},\"query-input\":{\"@type\":\"PropertyValueSpecification\",\"valueRequired\":true,\"valueName\":\"search_term_string\"}}],\"inLanguage\":\"es\"},{\"@type\":\"Organization\",\"@id\":\"https:\\\/\\\/patagoniambiental.com.ar\\\/info\\\/#organization\",\"name\":\"Patagonia Ambiental\",\"url\":\"https:\\\/\\\/patagoniambiental.com.ar\\\/info\\\/\",\"logo\":{\"@type\":\"ImageObject\",\"inLanguage\":\"es\",\"@id\":\"https:\\\/\\\/patagoniambiental.com.ar\\\/info\\\/#\\\/schema\\\/logo\\\/image\\\/\",\"url\":\"https:\\\/\\\/patagoniambiental.com.ar\\\/info\\\/wp-content\\\/uploads\\\/2025\\\/05\\\/LOGO-PATAGONIA-AMBIENTAL.png\",\"contentUrl\":\"https:\\\/\\\/patagoniambiental.com.ar\\\/info\\\/wp-content\\\/uploads\\\/2025\\\/05\\\/LOGO-PATAGONIA-AMBIENTAL.png\",\"width\":433,\"height\":250,\"caption\":\"Patagonia Ambiental\"},\"image\":{\"@id\":\"https:\\\/\\\/patagoniambiental.com.ar\\\/info\\\/#\\\/schema\\\/logo\\\/image\\\/\"},\"sameAs\":[\"https:\\\/\\\/www.facebook.com\\\/patagonia.ambiental\",\"https:\\\/\\\/x.com\\\/PatAmb\"]},{\"@type\":\"Person\",\"@id\":\"https:\\\/\\\/patagoniambiental.com.ar\\\/info\\\/#\\\/schema\\\/person\\\/e5af09d700b2e82cb10c6b8800e0c691\",\"name\":\"BRAIAN ESTEVEZ\",\"sameAs\":[\"http:\\\/\\\/www.patagoniambiental.com.ar\"]}]}<\/script>\n<!-- \/ Yoast SEO Premium plugin. -->","yoast_head_json":{"title":"Un ovni sorprendi\u00f3 a un motociclista en el norte neuquino","robots":{"index":"index","follow":"follow","max-snippet":"max-snippet:-1","max-image-preview":"max-image-preview:large","max-video-preview":"max-video-preview:-1"},"canonical":"https:\/\/patagoniambiental.com.ar\/info\/un-ovni-sorprendio-a-un-motociclista-en-el-norte-neuquino\/","og_locale":"es_ES","og_type":"article","og_title":"Un ovni sorprendi\u00f3 a un motociclista en el norte neuquino","og_description":"Neuqu\u00e9n.-La aparici\u00f3n de un objeto volador no identificado qued\u00f3 registrada cerca del Ca\u00f1ad\u00f3n de Rahueco, en plena Cordillera del Viento. [&hellip;]","og_url":"https:\/\/patagoniambiental.com.ar\/info\/un-ovni-sorprendio-a-un-motociclista-en-el-norte-neuquino\/","og_site_name":"Patagonia Ambiental","article_publisher":"https:\/\/www.facebook.com\/patagonia.ambiental","article_published_time":"2020-10-27T10:00:09+00:00","article_modified_time":"2020-10-27T12:35:46+00:00","og_image":[{"width":770,"height":435,"url":"https:\/\/patagoniambiental.com.ar\/info\/wp-content\/uploads\/2020\/10\/un-ovni-sorprendio-un-motociclista-el-norte-neuquino.jpg","type":"image\/jpeg"}],"author":"BRAIAN ESTEVEZ","twitter_card":"summary_large_image","twitter_creator":"@PatAmb","twitter_site":"@PatAmb","schema":{"@context":"https:\/\/schema.org","@graph":[{"@type":"Article","@id":"https:\/\/patagoniambiental.com.ar\/info\/un-ovni-sorprendio-a-un-motociclista-en-el-norte-neuquino\/#article","isPartOf":{"@id":"https:\/\/patagoniambiental.com.ar\/info\/un-ovni-sorprendio-a-un-motociclista-en-el-norte-neuquino\/"},"author":{"name":"BRAIAN ESTEVEZ","@id":"https:\/\/patagoniambiental.com.ar\/info\/#\/schema\/person\/e5af09d700b2e82cb10c6b8800e0c691"},"headline":"Un ovni sorprendi\u00f3 a un motociclista en el norte neuquino","datePublished":"2020-10-27T10:00:09+00:00","dateModified":"2020-10-27T12:35:46+00:00","mainEntityOfPage":{"@id":"https:\/\/patagoniambiental.com.ar\/info\/un-ovni-sorprendio-a-un-motociclista-en-el-norte-neuquino\/"},"wordCount":715,"commentCount":0,"publisher":{"@id":"https:\/\/patagoniambiental.com.ar\/info\/#organization"},"image":{"@id":"https:\/\/patagoniambiental.com.ar\/info\/un-ovni-sorprendio-a-un-motociclista-en-el-norte-neuquino\/#primaryimage"},"thumbnailUrl":"https:\/\/patagoniambiental.com.ar\/info\/wp-content\/uploads\/2020\/10\/un-ovni-sorprendio-un-motociclista-el-norte-neuquino.jpg","articleSection":["Neuqu\u00e9n","Noticias","Provinciales"],"inLanguage":"es","potentialAction":[{"@type":"CommentAction","name":"Comment","target":["https:\/\/patagoniambiental.com.ar\/info\/un-ovni-sorprendio-a-un-motociclista-en-el-norte-neuquino\/#respond"]}]},{"@type":"WebPage","@id":"https:\/\/patagoniambiental.com.ar\/info\/un-ovni-sorprendio-a-un-motociclista-en-el-norte-neuquino\/","url":"https:\/\/patagoniambiental.com.ar\/info\/un-ovni-sorprendio-a-un-motociclista-en-el-norte-neuquino\/","name":"Un ovni sorprendi\u00f3 a un motociclista en el norte neuquino","isPartOf":{"@id":"https:\/\/patagoniambiental.com.ar\/info\/#website"},"primaryImageOfPage":{"@id":"https:\/\/patagoniambiental.com.ar\/info\/un-ovni-sorprendio-a-un-motociclista-en-el-norte-neuquino\/#primaryimage"},"image":{"@id":"https:\/\/patagoniambiental.com.ar\/info\/un-ovni-sorprendio-a-un-motociclista-en-el-norte-neuquino\/#primaryimage"},"thumbnailUrl":"https:\/\/patagoniambiental.com.ar\/info\/wp-content\/uploads\/2020\/10\/un-ovni-sorprendio-un-motociclista-el-norte-neuquino.jpg","datePublished":"2020-10-27T10:00:09+00:00","dateModified":"2020-10-27T12:35:46+00:00","breadcrumb":{"@id":"https:\/\/patagoniambiental.com.ar\/info\/un-ovni-sorprendio-a-un-motociclista-en-el-norte-neuquino\/#breadcrumb"},"inLanguage":"es","potentialAction":[{"@type":"ReadAction","target":["https:\/\/patagoniambiental.com.ar\/info\/un-ovni-sorprendio-a-un-motociclista-en-el-norte-neuquino\/"]}]},{"@type":"ImageObject","inLanguage":"es","@id":"https:\/\/patagoniambiental.com.ar\/info\/un-ovni-sorprendio-a-un-motociclista-en-el-norte-neuquino\/#primaryimage","url":"https:\/\/patagoniambiental.com.ar\/info\/wp-content\/uploads\/2020\/10\/un-ovni-sorprendio-un-motociclista-el-norte-neuquino.jpg","contentUrl":"https:\/\/patagoniambiental.com.ar\/info\/wp-content\/uploads\/2020\/10\/un-ovni-sorprendio-un-motociclista-el-norte-neuquino.jpg","width":770,"height":435},{"@type":"BreadcrumbList","@id":"https:\/\/patagoniambiental.com.ar\/info\/un-ovni-sorprendio-a-un-motociclista-en-el-norte-neuquino\/#breadcrumb","itemListElement":[{"@type":"ListItem","position":1,"name":"Inicio","item":"https:\/\/patagoniambiental.com.ar\/info\/"},{"@type":"ListItem","position":2,"name":"Un ovni sorprendi\u00f3 a un motociclista en el norte neuquino"}]},{"@type":"WebSite","@id":"https:\/\/patagoniambiental.com.ar\/info\/#website","url":"https:\/\/patagoniambiental.com.ar\/info\/","name":"Patagonia Ambiental","description":"Monitoreo y an\u00e1lisis de la situaci\u00f3n geopol\u00edtica en el mundo y su implicancia en la Patagonia","publisher":{"@id":"https:\/\/patagoniambiental.com.ar\/info\/#organization"},"potentialAction":[{"@type":"SearchAction","target":{"@type":"EntryPoint","urlTemplate":"https:\/\/patagoniambiental.com.ar\/info\/?s={search_term_string}"},"query-input":{"@type":"PropertyValueSpecification","valueRequired":true,"valueName":"search_term_string"}}],"inLanguage":"es"},{"@type":"Organization","@id":"https:\/\/patagoniambiental.com.ar\/info\/#organization","name":"Patagonia Ambiental","url":"https:\/\/patagoniambiental.com.ar\/info\/","logo":{"@type":"ImageObject","inLanguage":"es","@id":"https:\/\/patagoniambiental.com.ar\/info\/#\/schema\/logo\/image\/","url":"https:\/\/patagoniambiental.com.ar\/info\/wp-content\/uploads\/2025\/05\/LOGO-PATAGONIA-AMBIENTAL.png","contentUrl":"https:\/\/patagoniambiental.com.ar\/info\/wp-content\/uploads\/2025\/05\/LOGO-PATAGONIA-AMBIENTAL.png","width":433,"height":250,"caption":"Patagonia Ambiental"},"image":{"@id":"https:\/\/patagoniambiental.com.ar\/info\/#\/schema\/logo\/image\/"},"sameAs":["https:\/\/www.facebook.com\/patagonia.ambiental","https:\/\/x.com\/PatAmb"]},{"@type":"Person","@id":"https:\/\/patagoniambiental.com.ar\/info\/#\/schema\/person\/e5af09d700b2e82cb10c6b8800e0c691","name":"BRAIAN ESTEVEZ","sameAs":["http:\/\/www.patagoniambiental.com.ar"]}]}},"_links":{"self":[{"href":"https:\/\/patagoniambiental.com.ar\/info\/wp-json\/wp\/v2\/posts\/69228","targetHints":{"allow":["GET"]}}],"collection":[{"href":"https:\/\/patagoniambiental.com.ar\/info\/wp-json\/wp\/v2\/posts"}],"about":[{"href":"https:\/\/patagoniambiental.com.ar\/info\/wp-json\/wp\/v2\/types\/post"}],"author":[{"embeddable":true,"href":"https:\/\/patagoniambiental.com.ar\/info\/wp-json\/wp\/v2\/users\/6"}],"replies":[{"embeddable":true,"href":"https:\/\/patagoniambiental.com.ar\/info\/wp-json\/wp\/v2\/comments?post=69228"}],"version-history":[{"count":0,"href":"https:\/\/patagoniambiental.com.ar\/info\/wp-json\/wp\/v2\/posts\/69228\/revisions"}],"wp:featuredmedia":[{"embeddable":true,"href":"https:\/\/patagoniambiental.com.ar\/info\/wp-json\/wp\/v2\/media\/69229"}],"wp:attachment":[{"href":"https:\/\/patagoniambiental.com.ar\/info\/wp-json\/wp\/v2\/media?parent=69228"}],"wp:term":[{"taxonomy":"category","embeddable":true,"href":"https:\/\/patagoniambiental.com.ar\/info\/wp-json\/wp\/v2\/categories?post=69228"},{"taxonomy":"post_tag","embeddable":true,"href":"https:\/\/patagoniambiental.com.ar\/info\/wp-json\/wp\/v2\/tags?post=69228"}],"curies":[{"name":"wp","href":"https:\/\/api.w.org\/{rel}","templated":true}]}}