{"id":69231,"date":"2020-10-27T07:00:52","date_gmt":"2020-10-27T10:00:52","guid":{"rendered":"http:\/\/patagoniambiental.com.ar\/info\/?p=69231"},"modified":"2020-10-27T09:41:35","modified_gmt":"2020-10-27T12:41:35","slug":"las-grutas-buceaba-y-se-topo-con-una-tropilla-de-caballitos-de-mar","status":"publish","type":"post","link":"https:\/\/patagoniambiental.com.ar\/info\/las-grutas-buceaba-y-se-topo-con-una-tropilla-de-caballitos-de-mar\/","title":{"rendered":"Las Grutas: buceaba y se top\u00f3 con una \u00abtropilla\u00bb de caballitos de mar"},"content":{"rendered":"<div class=\"row\">\n<div class=\"col-12 col-lg-8\">\n<section class=\"note-detail-head\" data-type=\"article\">\n<div class=\"info-wrapper\">\n<p class=\"preview\">Las Grutas.-Agust\u00edn disfrutaba con un amigo de un paseo bajo el agua cuando descubri\u00f3 los particulares peces. No es habitual encontrarlos en ese sector de la costa, afirm\u00f3 un especialista.<\/p>\n<p><!--more--><\/p>\n<div class=\"row no-gutters align-items-center author-and-share-wrapper\">\n<div class=\"col col-lg-6 d-block\"><\/div>\n<\/div>\n<\/div>\n<\/section>\n<article class=\"cat-\">\n<div class=\"head-image thumb-wrap relative\">\n<div class=\" gallery-container news-body-media media-expand\">\n<div id=\"detailNoteGallery\" class=\"snapshot-container\" data-ride=\"false\" data-interval=\"false\">\n<div id=\"fotogaleria-Object_4304_2439\" class=\"carousel-inner gallery\" role=\"listbox\">\n<div class=\"col2 owl-carousel owl-loaded\">\n<div class=\"owl-stage-outer owl-height\">\n<div class=\"owl-stage\">\n<div class=\"owl-item active\">\n<div class=\"image itemGallery classid669806\">\n<figure class=\"figure-wrapper\"><img decoding=\"async\" title=\"\u201cHe visto de todo bajo el agua | Lmneuquen.com\" src=\"https:\/\/media.lmneuquen.com\/p\/0cd9303feb61a1b2cb52a889b590c9f3\/adjuntos\/195\/imagenes\/005\/423\/0005423655\/he-visto-todo-el-agua-pero-caballitos-es-la-primera-vez-conto-sorprendido-agustin.jpg\" alt=\"\u201cHe visto de todo bajo el agua\" width=\"700\" \/><\/figure>\n<div class=\"gallery-header\"><\/div>\n<div class=\"figure-caption\">\n<div class=\"credit-media  with-content\">\n<p>\u201cHe visto de todo bajo el agua, pero caballitos es la primera vez\u201d, cont\u00f3 sorprendido Agust\u00edn.<\/p>\n<\/div>\n<\/div>\n<\/div>\n<\/div>\n<\/div>\n<\/div>\n<\/div>\n<div class=\"clearfix\"><\/div>\n<\/div>\n<\/div>\n<\/div>\n<\/div>\n<\/article>\n<section class=\"body-content\" data-twitter-link=\"https:\/\/twitter.com\/intent\/tweet?url=https:\/\/www.lmneuquen.com\/c742434&amp;v\u00eda=lmneuquen&amp;related=Lmneuquen.com&amp;text=\">Un joven buceaba en\u00a0<strong><a class=\"agrupador\" href=\"https:\/\/www.lmneuquen.com\/las-grutas-a19010\" rel=\"19010\">Las Grutas<\/a><\/strong>\u00a0y se encontr\u00f3 con un grupo de\u00a0<strong>caballitos de\u00a0<a class=\"agrupador\" href=\"https:\/\/www.lmneuquen.com\/mar-a11538\" rel=\"11538\">mar<\/a><\/strong>, especie en peligro de extinci\u00f3n que habita en la bah\u00eda de San Antonio, y es conocida cient\u00edficamente como \u201cHippocampus Patagonicus\u201d.<\/p>\n<\/section>\n<div class=\"banner-wrapper\">\n<div class=\"banner-libre\"><center><\/p>\n<div id=\"eplAdDivNotasIN\"><\/div>\n<p><\/center><\/div>\n<\/div>\n<section class=\"body-content\" data-twitter-link=\"https:\/\/twitter.com\/intent\/tweet?url=https:\/\/www.lmneuquen.com\/c742434&amp;v\u00eda=lmneuquen&amp;related=Lmneuquen.com&amp;text=\">\u201cHe visto de todo bajo el agua, pero caballitos es la primera vez\u201d, cont\u00f3 sorprendido Agust\u00edn Baraschi, quien vive en Las Grutas desde que naci\u00f3, hace 21 a\u00f1os, y es un apasionado del mar y su vida, tan sorprendente como abundante en la costa rionegrina.<\/p>\n<\/section>\n<section class=\"body-content\" data-twitter-link=\"https:\/\/twitter.com\/intent\/tweet?url=https:\/\/www.lmneuquen.com\/c742434&amp;v\u00eda=lmneuquen&amp;related=Lmneuquen.com&amp;text=\">Como lo hace habitualmente, d\u00edas atr\u00e1s sali\u00f3 a practicar esn\u00f3rquel, la t\u00e9cnica de\u00a0<strong><a class=\"agrupador\" href=\"https:\/\/www.lmneuquen.com\/buceo-a20257\" rel=\"20257\">buceo<\/a><\/strong>\u00a0de baja profundidad que no requiere equipo de respiraci\u00f3n.<\/p>\n<p>Con su amigo Marcos Brochado, tambi\u00e9n buzo profesional al igual que su padre, el conocido \u201cTony\u201d, se sumergieron d\u00f3nde termina la restinga, entre la Tercera y Cuarta Bajada, mientras se desarrollaba la bajamar.<\/p>\n<p>Agust\u00edn se zambull\u00f3 con su c\u00e1mara GoPro que adquiri\u00f3 especialmente para documentar esas escenas prodigiosas que tantas veces hab\u00eda contemplado y que solo pod\u00eda describir oralmente.<\/p>\n<p>En una de las excursiones se sorprendi\u00f3 con los peque\u00f1os ejemplares que nadaban libremente con su particular alzada, y r\u00e1pidamente le dispar\u00f3 varias fotograf\u00edas.<\/p>\n<p>\u201cNo los fui a buscar, los vi de casualidad porque no se distinguen entre las algas del fondo, sobre todo cuando barre la ola y desaparecen\u201d, aclar\u00f3.<\/p>\n<div id=\"669807-Libre-822942030_wrap\" class=\"embed_cont type_imagen\" contenteditable=\"false\">\n<div id=\"669807-Libre-822942030_content\" class=\"embed_content\"><img decoding=\"async\" id=\"669807-Libre-822942030_embed\" src=\"https:\/\/media.lmneuquen.com\/p\/d87cd54824a2816a5097ad48bcab1410\/adjuntos\/195\/imagenes\/005\/423\/0005423669\/agustin-baraschijpg.jpg?0000-00-00-00-00-00\" alt=\"Las Grutas: buceaba y se top&amp;oacute; con una &quot;tropilla&quot; de caballitos de mar\" \/><\/div>\n<div id=\"669807-Libre-822942030_epigrafe\" class=\"embed_epigrafe\">\n<p>Las Grutas: buceaba y se top\u00f3 con una \u00abtropilla\u00bb de caballitos de mar<\/p>\n<\/div>\n<\/div>\n<p>Pero como tiene su vista entrenada bajo el agua los pudo distinguir mimetizados entre la flora del lecho marino.<\/p>\n<p>Entusiasmado con el hallazgo, volvi\u00f3 a la tarde siguiente provisto de su equipo de buceo, otra vez se encontr\u00f3 con un grupo de los particulares peces, muy preciados cient\u00edficamente y cotizados en el ambiente de los acuaristas privados.<\/p>\n<p>No solo eso, sino que tambi\u00e9n observ\u00f3 un \u201cpez aguja patag\u00f3nico\u201d, que pertenece a la familia de los hipocampus, al cual pudo filmar, mientras su compa\u00f1ero a su vez lo fotografiaba a \u00e9l en plena acci\u00f3n.<\/p>\n<p>Como las dem\u00e1s fotos las comparti\u00f3 en sus redes sociales e ilustran este art\u00edculo.<\/p>\n<p>Las im\u00e1genes fueron apreciadas y compartidas por el bi\u00f3logo Diego Luzzato, miembro del CONICET, quien identific\u00f3 al caballito patag\u00f3nico y tambi\u00e9n al pez aguja.<\/p>\n<p>El cient\u00edfico radicado en la zona y que se dedica a estudiar la especie, destac\u00f3 que no es habitual encontrarlos en la zona de Las Grutas, puesto que habitan en el interior de la bah\u00eda de San Antonio.<\/p>\n<p>No obstante, Luzzatto dijo que es posible que la poblaci\u00f3n se est\u00e9 desplazando hacia otros sectores como consecuencia de la ocupaci\u00f3n de la costa por parte del hombre, e indic\u00f3 que la labor de Agust\u00edn no deja de ser un dato para considerar en su estudio.<\/p>\n<div id=\"669806-Libre-1209125829_wrap\" class=\"embed_cont type_imagen\" contenteditable=\"false\">\n<div id=\"669806-Libre-1209125829_content\" class=\"embed_content\"><img decoding=\"async\" id=\"669806-Libre-1209125829_embed\" src=\"https:\/\/media.lmneuquen.com\/p\/89437d3c1d48233724bc11fc8d165705\/adjuntos\/195\/imagenes\/005\/423\/0005423655\/caballitos-baraschi-171020-cjpg.jpg?0000-00-00-00-00-00\" alt=\"\u201cHe visto de todo bajo el agua, pero caballitos es la primera vez\u201d, cont\u00f3 sorprendido Agust\u00edn. \" \/><\/div>\n<div id=\"669806-Libre-1209125829_epigrafe\" class=\"embed_epigrafe\">\n<p>\u201cHe visto de todo bajo el agua, pero caballitos es la primera vez\u201d, cont\u00f3 sorprendido Agust\u00edn.<\/p>\n<\/div>\n<\/div>\n<\/section>\n<div class=\"banner-wrapper\">\n<div class=\"banner-libre\"><center><\/p>\n<div id=\"eplAdDivNotasA1\"><\/div>\n<p><\/center><\/div>\n<\/div>\n<\/div>\n<div class=\"col-12 col-lg-4\">\n<div class=\"banner-wrapper\">\n<div class=\"banner-libre\"><center><\/p>\n<div id=\"eplAdDivNotasB1\"><\/div>\n<p><\/center><\/div>\n<\/div>\n<div class=\"banner-wrapper\">\n<div class=\"banner-libre\"><center><\/p>\n<div id=\"eplAdDivNotasB2\"><\/div>\n<p><\/center><\/div>\n<\/div>\n<div class=\"banner-wrapper\">\n<div class=\"ad02-obj banner\"><center><\/p>\n<div id=\"eplAdDivNotasB3\"><\/div>\n<p><\/center><\/div>\n<\/div>\n<section class=\"section-horizontal-sm one-column row d-flex align-items-start\">\n<div class=\"col-12 \">\n<header class=\"header-title\">\n<p class=\"title d-inline-block\">Fuente:\u00a0https:\/\/www.lmneuquen.com\/las-grutas-buceaba-y-se-topo-una-tropilla-caballitos-mar-n742434<\/p>\n<\/header>\n<\/div>\n<\/section>\n<\/div>\n<\/div>\n<p>&nbsp;<\/p>\n","protected":false},"excerpt":{"rendered":"<p>Las Grutas.-Agust\u00edn disfrutaba con un amigo de un paseo bajo el agua cuando descubri\u00f3 los particulares peces. No es habitual [&hellip;]<\/p>\n","protected":false},"author":6,"featured_media":69232,"comment_status":"open","ping_status":"open","sticky":false,"template":"","format":"standard","meta":{"site-sidebar-layout":"default","site-content-layout":"","ast-site-content-layout":"default","site-content-style":"default","site-sidebar-style":"default","ast-global-header-display":"","ast-banner-title-visibility":"","ast-main-header-display":"","ast-hfb-above-header-display":"","ast-hfb-below-header-display":"","ast-hfb-mobile-header-display":"","site-post-title":"","ast-breadcrumbs-content":"","ast-featured-img":"","footer-sml-layout":"","ast-disable-related-posts":"","theme-transparent-header-meta":"","adv-header-id-meta":"","stick-header-meta":"","header-above-stick-meta":"","header-main-stick-meta":"","header-below-stick-meta":"","astra-migrate-meta-layouts":"default","ast-page-background-enabled":"default","ast-page-background-meta":{"desktop":{"background-color":"var(--ast-global-color-5)","background-image":"","background-repeat":"repeat","background-position":"center center","background-size":"auto","background-attachment":"scroll","background-type":"","background-media":"","overlay-type":"","overlay-color":"","overlay-opacity":"","overlay-gradient":""},"tablet":{"background-color":"","background-image":"","background-repeat":"repeat","background-position":"center center","background-size":"auto","background-attachment":"scroll","background-type":"","background-media":"","overlay-type":"","overlay-color":"","overlay-opacity":"","overlay-gradient":""},"mobile":{"background-color":"","background-image":"","background-repeat":"repeat","background-position":"center center","background-size":"auto","background-attachment":"scroll","background-type":"","background-media":"","overlay-type":"","overlay-color":"","overlay-opacity":"","overlay-gradient":""}},"ast-content-background-meta":{"desktop":{"background-color":"var(--ast-global-color-4)","background-image":"","background-repeat":"repeat","background-position":"center center","background-size":"auto","background-attachment":"scroll","background-type":"","background-media":"","overlay-type":"","overlay-color":"","overlay-opacity":"","overlay-gradient":""},"tablet":{"background-color":"var(--ast-global-color-4)","background-image":"","background-repeat":"repeat","background-position":"center center","background-size":"auto","background-attachment":"scroll","background-type":"","background-media":"","overlay-type":"","overlay-color":"","overlay-opacity":"","overlay-gradient":""},"mobile":{"background-color":"var(--ast-global-color-4)","background-image":"","background-repeat":"repeat","background-position":"center center","background-size":"auto","background-attachment":"scroll","background-type":"","background-media":"","overlay-type":"","overlay-color":"","overlay-opacity":"","overlay-gradient":""}},"footnotes":""},"categories":[11,1,13,14,10],"tags":[],"class_list":["post-69231","post","type-post","status-publish","format-standard","has-post-thumbnail","hentry","category-boletin","category-noticias","category-provinciales","category-rio-negro","category-rotador"],"yoast_head":"<!-- This site is optimized with the Yoast SEO Premium plugin v23.0 (Yoast SEO v27.5) - https:\/\/yoast.com\/product\/yoast-seo-premium-wordpress\/ -->\n<title>Las Grutas: buceaba y se top\u00f3 con una &quot;tropilla&quot; de caballitos de mar<\/title>\n<meta name=\"robots\" content=\"index, follow, max-snippet:-1, max-image-preview:large, max-video-preview:-1\" \/>\n<link rel=\"canonical\" href=\"https:\/\/patagoniambiental.com.ar\/info\/las-grutas-buceaba-y-se-topo-con-una-tropilla-de-caballitos-de-mar\/\" \/>\n<meta property=\"og:locale\" content=\"es_ES\" \/>\n<meta property=\"og:type\" content=\"article\" \/>\n<meta property=\"og:title\" content=\"Las Grutas: buceaba y se top\u00f3 con una &quot;tropilla&quot; de caballitos de mar\" \/>\n<meta property=\"og:description\" content=\"Las Grutas.-Agust\u00edn disfrutaba con un amigo de un paseo bajo el agua cuando descubri\u00f3 los particulares peces. No es habitual [&hellip;]\" \/>\n<meta property=\"og:url\" content=\"https:\/\/patagoniambiental.com.ar\/info\/las-grutas-buceaba-y-se-topo-con-una-tropilla-de-caballitos-de-mar\/\" \/>\n<meta property=\"og:site_name\" content=\"Patagonia Ambiental\" \/>\n<meta property=\"article:publisher\" content=\"https:\/\/www.facebook.com\/patagonia.ambiental\" \/>\n<meta property=\"article:published_time\" content=\"2020-10-27T10:00:52+00:00\" \/>\n<meta property=\"article:modified_time\" content=\"2020-10-27T12:41:35+00:00\" \/>\n<meta property=\"og:image\" content=\"https:\/\/patagoniambiental.com.ar\/info\/wp-content\/uploads\/2020\/10\/caballitos-baraschi-171020-cjpg.jpg\" \/>\n\t<meta property=\"og:image:width\" content=\"704\" \/>\n\t<meta property=\"og:image:height\" content=\"471\" \/>\n\t<meta property=\"og:image:type\" content=\"image\/jpeg\" \/>\n<meta name=\"author\" content=\"BRAIAN ESTEVEZ\" \/>\n<meta name=\"twitter:card\" content=\"summary_large_image\" \/>\n<meta name=\"twitter:creator\" content=\"@PatAmb\" \/>\n<meta name=\"twitter:site\" content=\"@PatAmb\" \/>\n<script type=\"application\/ld+json\" class=\"yoast-schema-graph\">{\"@context\":\"https:\\\/\\\/schema.org\",\"@graph\":[{\"@type\":\"Article\",\"@id\":\"https:\\\/\\\/patagoniambiental.com.ar\\\/info\\\/las-grutas-buceaba-y-se-topo-con-una-tropilla-de-caballitos-de-mar\\\/#article\",\"isPartOf\":{\"@id\":\"https:\\\/\\\/patagoniambiental.com.ar\\\/info\\\/las-grutas-buceaba-y-se-topo-con-una-tropilla-de-caballitos-de-mar\\\/\"},\"author\":{\"name\":\"BRAIAN ESTEVEZ\",\"@id\":\"https:\\\/\\\/patagoniambiental.com.ar\\\/info\\\/#\\\/schema\\\/person\\\/e5af09d700b2e82cb10c6b8800e0c691\"},\"headline\":\"Las Grutas: buceaba y se top\u00f3 con una \u00abtropilla\u00bb de caballitos de mar\",\"datePublished\":\"2020-10-27T10:00:52+00:00\",\"dateModified\":\"2020-10-27T12:41:35+00:00\",\"mainEntityOfPage\":{\"@id\":\"https:\\\/\\\/patagoniambiental.com.ar\\\/info\\\/las-grutas-buceaba-y-se-topo-con-una-tropilla-de-caballitos-de-mar\\\/\"},\"wordCount\":562,\"commentCount\":0,\"publisher\":{\"@id\":\"https:\\\/\\\/patagoniambiental.com.ar\\\/info\\\/#organization\"},\"image\":{\"@id\":\"https:\\\/\\\/patagoniambiental.com.ar\\\/info\\\/las-grutas-buceaba-y-se-topo-con-una-tropilla-de-caballitos-de-mar\\\/#primaryimage\"},\"thumbnailUrl\":\"https:\\\/\\\/patagoniambiental.com.ar\\\/info\\\/wp-content\\\/uploads\\\/2020\\\/10\\\/caballitos-baraschi-171020-cjpg.jpg\",\"articleSection\":[\"Bolet\u00edn\",\"Noticias\",\"Provinciales\",\"R\u00edo Negro\",\"Rotador\"],\"inLanguage\":\"es\",\"potentialAction\":[{\"@type\":\"CommentAction\",\"name\":\"Comment\",\"target\":[\"https:\\\/\\\/patagoniambiental.com.ar\\\/info\\\/las-grutas-buceaba-y-se-topo-con-una-tropilla-de-caballitos-de-mar\\\/#respond\"]}]},{\"@type\":\"WebPage\",\"@id\":\"https:\\\/\\\/patagoniambiental.com.ar\\\/info\\\/las-grutas-buceaba-y-se-topo-con-una-tropilla-de-caballitos-de-mar\\\/\",\"url\":\"https:\\\/\\\/patagoniambiental.com.ar\\\/info\\\/las-grutas-buceaba-y-se-topo-con-una-tropilla-de-caballitos-de-mar\\\/\",\"name\":\"Las Grutas: buceaba y se top\u00f3 con una \\\"tropilla\\\" de caballitos de mar\",\"isPartOf\":{\"@id\":\"https:\\\/\\\/patagoniambiental.com.ar\\\/info\\\/#website\"},\"primaryImageOfPage\":{\"@id\":\"https:\\\/\\\/patagoniambiental.com.ar\\\/info\\\/las-grutas-buceaba-y-se-topo-con-una-tropilla-de-caballitos-de-mar\\\/#primaryimage\"},\"image\":{\"@id\":\"https:\\\/\\\/patagoniambiental.com.ar\\\/info\\\/las-grutas-buceaba-y-se-topo-con-una-tropilla-de-caballitos-de-mar\\\/#primaryimage\"},\"thumbnailUrl\":\"https:\\\/\\\/patagoniambiental.com.ar\\\/info\\\/wp-content\\\/uploads\\\/2020\\\/10\\\/caballitos-baraschi-171020-cjpg.jpg\",\"datePublished\":\"2020-10-27T10:00:52+00:00\",\"dateModified\":\"2020-10-27T12:41:35+00:00\",\"breadcrumb\":{\"@id\":\"https:\\\/\\\/patagoniambiental.com.ar\\\/info\\\/las-grutas-buceaba-y-se-topo-con-una-tropilla-de-caballitos-de-mar\\\/#breadcrumb\"},\"inLanguage\":\"es\",\"potentialAction\":[{\"@type\":\"ReadAction\",\"target\":[\"https:\\\/\\\/patagoniambiental.com.ar\\\/info\\\/las-grutas-buceaba-y-se-topo-con-una-tropilla-de-caballitos-de-mar\\\/\"]}]},{\"@type\":\"ImageObject\",\"inLanguage\":\"es\",\"@id\":\"https:\\\/\\\/patagoniambiental.com.ar\\\/info\\\/las-grutas-buceaba-y-se-topo-con-una-tropilla-de-caballitos-de-mar\\\/#primaryimage\",\"url\":\"https:\\\/\\\/patagoniambiental.com.ar\\\/info\\\/wp-content\\\/uploads\\\/2020\\\/10\\\/caballitos-baraschi-171020-cjpg.jpg\",\"contentUrl\":\"https:\\\/\\\/patagoniambiental.com.ar\\\/info\\\/wp-content\\\/uploads\\\/2020\\\/10\\\/caballitos-baraschi-171020-cjpg.jpg\",\"width\":704,\"height\":471},{\"@type\":\"BreadcrumbList\",\"@id\":\"https:\\\/\\\/patagoniambiental.com.ar\\\/info\\\/las-grutas-buceaba-y-se-topo-con-una-tropilla-de-caballitos-de-mar\\\/#breadcrumb\",\"itemListElement\":[{\"@type\":\"ListItem\",\"position\":1,\"name\":\"Inicio\",\"item\":\"https:\\\/\\\/patagoniambiental.com.ar\\\/info\\\/\"},{\"@type\":\"ListItem\",\"position\":2,\"name\":\"Las Grutas: buceaba y se top\u00f3 con una \u00abtropilla\u00bb de caballitos de mar\"}]},{\"@type\":\"WebSite\",\"@id\":\"https:\\\/\\\/patagoniambiental.com.ar\\\/info\\\/#website\",\"url\":\"https:\\\/\\\/patagoniambiental.com.ar\\\/info\\\/\",\"name\":\"Patagonia Ambiental\",\"description\":\"Monitoreo y an\u00e1lisis de la situaci\u00f3n geopol\u00edtica en el mundo y su implicancia en la Patagonia\",\"publisher\":{\"@id\":\"https:\\\/\\\/patagoniambiental.com.ar\\\/info\\\/#organization\"},\"potentialAction\":[{\"@type\":\"SearchAction\",\"target\":{\"@type\":\"EntryPoint\",\"urlTemplate\":\"https:\\\/\\\/patagoniambiental.com.ar\\\/info\\\/?s={search_term_string}\"},\"query-input\":{\"@type\":\"PropertyValueSpecification\",\"valueRequired\":true,\"valueName\":\"search_term_string\"}}],\"inLanguage\":\"es\"},{\"@type\":\"Organization\",\"@id\":\"https:\\\/\\\/patagoniambiental.com.ar\\\/info\\\/#organization\",\"name\":\"Patagonia Ambiental\",\"url\":\"https:\\\/\\\/patagoniambiental.com.ar\\\/info\\\/\",\"logo\":{\"@type\":\"ImageObject\",\"inLanguage\":\"es\",\"@id\":\"https:\\\/\\\/patagoniambiental.com.ar\\\/info\\\/#\\\/schema\\\/logo\\\/image\\\/\",\"url\":\"https:\\\/\\\/patagoniambiental.com.ar\\\/info\\\/wp-content\\\/uploads\\\/2025\\\/05\\\/LOGO-PATAGONIA-AMBIENTAL.png\",\"contentUrl\":\"https:\\\/\\\/patagoniambiental.com.ar\\\/info\\\/wp-content\\\/uploads\\\/2025\\\/05\\\/LOGO-PATAGONIA-AMBIENTAL.png\",\"width\":433,\"height\":250,\"caption\":\"Patagonia Ambiental\"},\"image\":{\"@id\":\"https:\\\/\\\/patagoniambiental.com.ar\\\/info\\\/#\\\/schema\\\/logo\\\/image\\\/\"},\"sameAs\":[\"https:\\\/\\\/www.facebook.com\\\/patagonia.ambiental\",\"https:\\\/\\\/x.com\\\/PatAmb\"]},{\"@type\":\"Person\",\"@id\":\"https:\\\/\\\/patagoniambiental.com.ar\\\/info\\\/#\\\/schema\\\/person\\\/e5af09d700b2e82cb10c6b8800e0c691\",\"name\":\"BRAIAN ESTEVEZ\",\"sameAs\":[\"http:\\\/\\\/www.patagoniambiental.com.ar\"]}]}<\/script>\n<!-- \/ Yoast SEO Premium plugin. -->","yoast_head_json":{"title":"Las Grutas: buceaba y se top\u00f3 con una \"tropilla\" de caballitos de mar","robots":{"index":"index","follow":"follow","max-snippet":"max-snippet:-1","max-image-preview":"max-image-preview:large","max-video-preview":"max-video-preview:-1"},"canonical":"https:\/\/patagoniambiental.com.ar\/info\/las-grutas-buceaba-y-se-topo-con-una-tropilla-de-caballitos-de-mar\/","og_locale":"es_ES","og_type":"article","og_title":"Las Grutas: buceaba y se top\u00f3 con una \"tropilla\" de caballitos de mar","og_description":"Las Grutas.-Agust\u00edn disfrutaba con un amigo de un paseo bajo el agua cuando descubri\u00f3 los particulares peces. No es habitual [&hellip;]","og_url":"https:\/\/patagoniambiental.com.ar\/info\/las-grutas-buceaba-y-se-topo-con-una-tropilla-de-caballitos-de-mar\/","og_site_name":"Patagonia Ambiental","article_publisher":"https:\/\/www.facebook.com\/patagonia.ambiental","article_published_time":"2020-10-27T10:00:52+00:00","article_modified_time":"2020-10-27T12:41:35+00:00","og_image":[{"width":704,"height":471,"url":"https:\/\/patagoniambiental.com.ar\/info\/wp-content\/uploads\/2020\/10\/caballitos-baraschi-171020-cjpg.jpg","type":"image\/jpeg"}],"author":"BRAIAN ESTEVEZ","twitter_card":"summary_large_image","twitter_creator":"@PatAmb","twitter_site":"@PatAmb","schema":{"@context":"https:\/\/schema.org","@graph":[{"@type":"Article","@id":"https:\/\/patagoniambiental.com.ar\/info\/las-grutas-buceaba-y-se-topo-con-una-tropilla-de-caballitos-de-mar\/#article","isPartOf":{"@id":"https:\/\/patagoniambiental.com.ar\/info\/las-grutas-buceaba-y-se-topo-con-una-tropilla-de-caballitos-de-mar\/"},"author":{"name":"BRAIAN ESTEVEZ","@id":"https:\/\/patagoniambiental.com.ar\/info\/#\/schema\/person\/e5af09d700b2e82cb10c6b8800e0c691"},"headline":"Las Grutas: buceaba y se top\u00f3 con una \u00abtropilla\u00bb de caballitos de mar","datePublished":"2020-10-27T10:00:52+00:00","dateModified":"2020-10-27T12:41:35+00:00","mainEntityOfPage":{"@id":"https:\/\/patagoniambiental.com.ar\/info\/las-grutas-buceaba-y-se-topo-con-una-tropilla-de-caballitos-de-mar\/"},"wordCount":562,"commentCount":0,"publisher":{"@id":"https:\/\/patagoniambiental.com.ar\/info\/#organization"},"image":{"@id":"https:\/\/patagoniambiental.com.ar\/info\/las-grutas-buceaba-y-se-topo-con-una-tropilla-de-caballitos-de-mar\/#primaryimage"},"thumbnailUrl":"https:\/\/patagoniambiental.com.ar\/info\/wp-content\/uploads\/2020\/10\/caballitos-baraschi-171020-cjpg.jpg","articleSection":["Bolet\u00edn","Noticias","Provinciales","R\u00edo Negro","Rotador"],"inLanguage":"es","potentialAction":[{"@type":"CommentAction","name":"Comment","target":["https:\/\/patagoniambiental.com.ar\/info\/las-grutas-buceaba-y-se-topo-con-una-tropilla-de-caballitos-de-mar\/#respond"]}]},{"@type":"WebPage","@id":"https:\/\/patagoniambiental.com.ar\/info\/las-grutas-buceaba-y-se-topo-con-una-tropilla-de-caballitos-de-mar\/","url":"https:\/\/patagoniambiental.com.ar\/info\/las-grutas-buceaba-y-se-topo-con-una-tropilla-de-caballitos-de-mar\/","name":"Las Grutas: buceaba y se top\u00f3 con una \"tropilla\" de caballitos de mar","isPartOf":{"@id":"https:\/\/patagoniambiental.com.ar\/info\/#website"},"primaryImageOfPage":{"@id":"https:\/\/patagoniambiental.com.ar\/info\/las-grutas-buceaba-y-se-topo-con-una-tropilla-de-caballitos-de-mar\/#primaryimage"},"image":{"@id":"https:\/\/patagoniambiental.com.ar\/info\/las-grutas-buceaba-y-se-topo-con-una-tropilla-de-caballitos-de-mar\/#primaryimage"},"thumbnailUrl":"https:\/\/patagoniambiental.com.ar\/info\/wp-content\/uploads\/2020\/10\/caballitos-baraschi-171020-cjpg.jpg","datePublished":"2020-10-27T10:00:52+00:00","dateModified":"2020-10-27T12:41:35+00:00","breadcrumb":{"@id":"https:\/\/patagoniambiental.com.ar\/info\/las-grutas-buceaba-y-se-topo-con-una-tropilla-de-caballitos-de-mar\/#breadcrumb"},"inLanguage":"es","potentialAction":[{"@type":"ReadAction","target":["https:\/\/patagoniambiental.com.ar\/info\/las-grutas-buceaba-y-se-topo-con-una-tropilla-de-caballitos-de-mar\/"]}]},{"@type":"ImageObject","inLanguage":"es","@id":"https:\/\/patagoniambiental.com.ar\/info\/las-grutas-buceaba-y-se-topo-con-una-tropilla-de-caballitos-de-mar\/#primaryimage","url":"https:\/\/patagoniambiental.com.ar\/info\/wp-content\/uploads\/2020\/10\/caballitos-baraschi-171020-cjpg.jpg","contentUrl":"https:\/\/patagoniambiental.com.ar\/info\/wp-content\/uploads\/2020\/10\/caballitos-baraschi-171020-cjpg.jpg","width":704,"height":471},{"@type":"BreadcrumbList","@id":"https:\/\/patagoniambiental.com.ar\/info\/las-grutas-buceaba-y-se-topo-con-una-tropilla-de-caballitos-de-mar\/#breadcrumb","itemListElement":[{"@type":"ListItem","position":1,"name":"Inicio","item":"https:\/\/patagoniambiental.com.ar\/info\/"},{"@type":"ListItem","position":2,"name":"Las Grutas: buceaba y se top\u00f3 con una \u00abtropilla\u00bb de caballitos de mar"}]},{"@type":"WebSite","@id":"https:\/\/patagoniambiental.com.ar\/info\/#website","url":"https:\/\/patagoniambiental.com.ar\/info\/","name":"Patagonia Ambiental","description":"Monitoreo y an\u00e1lisis de la situaci\u00f3n geopol\u00edtica en el mundo y su implicancia en la Patagonia","publisher":{"@id":"https:\/\/patagoniambiental.com.ar\/info\/#organization"},"potentialAction":[{"@type":"SearchAction","target":{"@type":"EntryPoint","urlTemplate":"https:\/\/patagoniambiental.com.ar\/info\/?s={search_term_string}"},"query-input":{"@type":"PropertyValueSpecification","valueRequired":true,"valueName":"search_term_string"}}],"inLanguage":"es"},{"@type":"Organization","@id":"https:\/\/patagoniambiental.com.ar\/info\/#organization","name":"Patagonia Ambiental","url":"https:\/\/patagoniambiental.com.ar\/info\/","logo":{"@type":"ImageObject","inLanguage":"es","@id":"https:\/\/patagoniambiental.com.ar\/info\/#\/schema\/logo\/image\/","url":"https:\/\/patagoniambiental.com.ar\/info\/wp-content\/uploads\/2025\/05\/LOGO-PATAGONIA-AMBIENTAL.png","contentUrl":"https:\/\/patagoniambiental.com.ar\/info\/wp-content\/uploads\/2025\/05\/LOGO-PATAGONIA-AMBIENTAL.png","width":433,"height":250,"caption":"Patagonia Ambiental"},"image":{"@id":"https:\/\/patagoniambiental.com.ar\/info\/#\/schema\/logo\/image\/"},"sameAs":["https:\/\/www.facebook.com\/patagonia.ambiental","https:\/\/x.com\/PatAmb"]},{"@type":"Person","@id":"https:\/\/patagoniambiental.com.ar\/info\/#\/schema\/person\/e5af09d700b2e82cb10c6b8800e0c691","name":"BRAIAN ESTEVEZ","sameAs":["http:\/\/www.patagoniambiental.com.ar"]}]}},"_links":{"self":[{"href":"https:\/\/patagoniambiental.com.ar\/info\/wp-json\/wp\/v2\/posts\/69231","targetHints":{"allow":["GET"]}}],"collection":[{"href":"https:\/\/patagoniambiental.com.ar\/info\/wp-json\/wp\/v2\/posts"}],"about":[{"href":"https:\/\/patagoniambiental.com.ar\/info\/wp-json\/wp\/v2\/types\/post"}],"author":[{"embeddable":true,"href":"https:\/\/patagoniambiental.com.ar\/info\/wp-json\/wp\/v2\/users\/6"}],"replies":[{"embeddable":true,"href":"https:\/\/patagoniambiental.com.ar\/info\/wp-json\/wp\/v2\/comments?post=69231"}],"version-history":[{"count":0,"href":"https:\/\/patagoniambiental.com.ar\/info\/wp-json\/wp\/v2\/posts\/69231\/revisions"}],"wp:featuredmedia":[{"embeddable":true,"href":"https:\/\/patagoniambiental.com.ar\/info\/wp-json\/wp\/v2\/media\/69232"}],"wp:attachment":[{"href":"https:\/\/patagoniambiental.com.ar\/info\/wp-json\/wp\/v2\/media?parent=69231"}],"wp:term":[{"taxonomy":"category","embeddable":true,"href":"https:\/\/patagoniambiental.com.ar\/info\/wp-json\/wp\/v2\/categories?post=69231"},{"taxonomy":"post_tag","embeddable":true,"href":"https:\/\/patagoniambiental.com.ar\/info\/wp-json\/wp\/v2\/tags?post=69231"}],"curies":[{"name":"wp","href":"https:\/\/api.w.org\/{rel}","templated":true}]}}