{"id":69280,"date":"2020-10-29T07:00:38","date_gmt":"2020-10-29T10:00:38","guid":{"rendered":"http:\/\/patagoniambiental.com.ar\/info\/?p=69280"},"modified":"2020-10-28T20:52:59","modified_gmt":"2020-10-28T23:52:59","slug":"fecha-mundialista-en-2021-ushuaia-sera-sede-del-campeonato-de-rally-electrico","status":"publish","type":"post","link":"https:\/\/patagoniambiental.com.ar\/info\/fecha-mundialista-en-2021-ushuaia-sera-sede-del-campeonato-de-rally-electrico\/","title":{"rendered":"FECHA MUNDIALISTA EN 2021: Ushuaia ser\u00e1 sede del Campeonato de Rally El\u00e9ctrico"},"content":{"rendered":"<div class=\"copete_individual_noticia\">La temporada inaugural de la Extreme E, la categor\u00eda de rally el\u00e9ctrico, tendr\u00e1 a Ushuaia como sede de la \u00faltima carrera del a\u00f1o en 2021. La fecha ser\u00e1 el 11 y 12 de diciembre.<\/div>\n<p><!--more--><\/p>\n<div class=\"fecha_individual_noticia\"><\/div>\n<div class=\"clear_both\"><\/div>\n<div class=\"contenido_individual_noticia\">\n<div class=\"contenedor_primera_letra_individual_noticia\">Antes de ayer se realiz\u00f3 la presentaci\u00f3n de Extreme E, el nuevo campeonato de rally que utilizar\u00e1 veh\u00edculos el\u00e9ctricos para difundir un mensaje de concientizaci\u00f3n sobre el medio ambiente y el cambio clim\u00e1tico.<br \/>\nEsta categor\u00eda, impulsada por Alejandro Agag, que es tambi\u00e9n el CEO y creador de la F\u00f3rmula E, tendr\u00e1 su temporada debut en 2021 y contaba, al principio, con cuatro sedes en su calendario mundial: Senegal, Arabia Saudita, Groenlandia y Brasil.<br \/>\nPero hoy se conoci\u00f3 de forma totalmente sorpresiva la inclusi\u00f3n de un quinto pa\u00eds: Argentina. Una gran noticia que recupera as\u00ed un lugar importante en el calendario de eventos de rally. Se correr\u00e1 bajo el nombre de Glaciar X Prix, debido a que representar\u00e1 al ecosistema de los glaciares. La fecha ser\u00e1 el 11 y 12 de diciembre.<\/p>\n<p><strong>Conozca al veh\u00edculo de la Extreme E<\/strong><\/p>\n<p>La sede ser\u00e1 m\u00e1s precisamente en la provincia de Tierra del Fuego, la m\u00e1s austral del pa\u00eds. \u201cLa carrera final de la primera temporada llevar\u00e1 la Extreme E a Sudam\u00e9rica, a Tierra del Fuego. Algunas de las consecuencias m\u00e1s importantes del cambio clim\u00e1tico global se han observado en las \u00e1reas de glaciares y permafrost de Am\u00e9rica del Sur. Los glaciares de monta\u00f1a y los ecosistemas que dependen de ellos se encuentran entre los m\u00e1s sensibles al cambio clim\u00e1tico y est\u00e1n desapareciendo r\u00e1pidamente\u201d, se\u00f1al\u00f3 la organizaci\u00f3n al respecto.<br \/>\n\u201cTierra del Fuego se encuentra en la parte m\u00e1s austral de la Patagonia. El \u00e1rea es conocida como una de las \u00faltimas fronteras del mundo y este impresionante lugar en la Patagonia es el hogar de la ciudad de Ushuaia, a menudo conocida como \u2018el fin del mundo\u2019 debido a su ubicaci\u00f3n en el extremo de Sudam\u00e9rica, con la Ant\u00e1rtida. al sur\u201d, describe Extreme E en su web.<\/p>\n<p><strong>Hamilton presenta su equipo de Extreme E<\/strong><\/p>\n<p>La Extreme E es la nueva apuesta a futuro de Agag que tom\u00f3 gran impulso en los \u00faltimos meses. Semana a semana, se fueron presentando diferentes equipos con la intenci\u00f3n de correr. As\u00ed, quedaron confirmadas la presencia de estructuras comandadas por grandes nombres del deporte motor: Lewis Hamilton, Mattias Ekstr\u00f6m, Catie Munnings, Zak Brown, Chip Ganassi, Nico Rosberg, entre otros, confirmaron su presencia como CEOs de sus respectivos equipos.<br \/>\nEsta categor\u00eda se correr\u00e1 en diferentes localidades que representan algunos de los ecosistemas en riesgo debido al cambio clim\u00e1tico. As\u00ed, el calendario comenzar\u00e1 en Al Ula, Arabia Saudita, con el desierto como ecosistema principal, seguido por un viejo conocido por los amantes del rally raid: Dakar, en Senegal, representar\u00e1 el ambiente del oc\u00e9ano.<br \/>\nLuego, la temporada pasa a un ecosistema totalmente distinto: el \u00c1rtico, en Groenlandia. Finalmente, el barco de la Extreme E viajar\u00e1 al Amazonas, en Brasil, para el ecosistema de la Selva, y continuar\u00e1 descendiendo al sur rumbo al mencionado X Prix de los Glaciares, en la Patagonia Argentina, en diciembre de 2021.<br \/>\nCon respecto al anuncio de que Argentina ser\u00e1 cede de este gran evento mundial, Carlos Garcia Remohi, Presidente de la CDA del Autom\u00f3vil Club Argentino, expres\u00f3: \u201cEs un gran honor para nosotros que Extreme E haya elegido a la Patagonia Argentina como anfitriona de una de sus competencias en esta categor\u00eda internacional. Compartimos su importante mensaje a la humanidad, c\u00f3mo difundir y concienciar a trav\u00e9s del deporte del motor. Por eso desde el Autom\u00f3vil Club Argentino (ACA) estaremos junto al Extreme E, apoy\u00e1ndolo, ya que representan a los pioneros de la tecnolog\u00eda del ma\u00f1ana\u201d.<br \/>\nCarlos Turd\u00f3, Secretario de Deportes de Tierra del Fuego, se\u00f1al\u00f3: \u201cLa presentaci\u00f3n del Extreme E en Tierra del Fuego ser\u00e1 un hito hist\u00f3rico para nuestra provincia, por el alto nivel de los pilotos internacionales involucrados con la categor\u00eda, como Lewis Hamilton y Nico Rosberg, ambos propietarios de equipos. Tambi\u00e9n es una oportunidad \u00fanica para que miles de personas puedan conocer las bellezas naturales que nos rodean en el \u201cFin del Mundo\u201d.<br \/>\n\u201cSin dudas que una de las cosas m\u00e1s importantes para nosotros es acompa\u00f1ar, desde el punto m\u00e1s austral del planeta, el mensaje y las acciones de concientizaci\u00f3n acerca del cambio clim\u00e1tico y la preservaci\u00f3n del ambiente que lleva adelante el Extreme E mediante la tecnolog\u00eda de los veh\u00edculos el\u00e9ctricos y la pr\u00e1ctica del deporte\u201d finaliz\u00f3 la autoridad local.<\/p>\n<p><strong>Nico Rosberg presenta su equipo de Extreme E<\/strong><\/p>\n<p>Las carreras de la Extreme E tendr\u00e1n lugar en circuitos de no m\u00e1s de 10 kil\u00f3metros cuadrados, cuidando de no generar ning\u00fan impacto negativo en el ecosistema seleccionado. Cada veh\u00edculo ser\u00e1 conducido por dos pilotos, un hombre y una mujer, que dar\u00e1n una vuelta cada uno por el circuito diagramado por la organizaci\u00f3n, dando a conocer un formato novedoso en el mundo motor.<br \/>\nTestimonio de Alejandro Agag, CEO de Extreme E: \u201cEstamos encantados de confirmar que la Patagonia Argentina ser\u00e1 parte del calendario en nuestra primera temporada.<br \/>\nEsto ciertamente ser\u00e1 una experiencia de carrera incre\u00edble para los equipos y los espectadores por igual. Sin embargo, por supuesto hay una raz\u00f3n mucho m\u00e1s seria por la que Extreme E ha elegido visitar la regi\u00f3n. El retroceso de los glaciares es uno de los efectos devastadores de la crisis clim\u00e1tica mundial, y a menos que actuemos ahora estos incre\u00edbles lugares ya no existir\u00e1n\u201d.<br \/>\n\u201cTrabajaremos con el gobierno local y con nuestro Comit\u00e9 Cient\u00edfico para asegurarnos de que nuestra plataforma deportiva ponga de manifiesto los efectos del cambio clim\u00e1tico que amenazan a los cinco destinos de nuestras carreras, y educar sobre las medidas que todos podemos y debemos tomar para reducir las emisiones globales y ayudar a frenar su impacto en nuestro planeta\u201d.<br \/>\n\u201cEste es un lugar muy emocionante para cerrar nuestra primera temporada, ya que veremos de primera mano los efectos que el cambio clim\u00e1tico est\u00e1 teniendo en nuestros ecosistemas\u201d. (Info-Ph:Somosdakar).<\/p>\n<p><strong>Calendario \u2013 temporada 1<\/strong><br \/>\nDesierto X Prix: Al Ula, Arabia Saudita 20-21 Marzo 2021<br \/>\nOceano X Prix: Lac Rose, Senegal 29-30 Mayo 2021<br \/>\nArtico X Prix: Kangerlussusaq, Groenlandia 28-29 Agosto 2021<br \/>\nAmazonas X Prix: Para, Brasil 23-24 Octubre<br \/>\nGlaciar X Prix: Tierra del Fuego, Argentina 11-12 Diciembre 2021<\/div>\n<div><\/div>\n<div>Fuente:https:\/\/www.eldiariodelfindelmundo.com\/noticias\/2020\/10\/28\/88997-ushuaia-sera-sede-del-campeonato-de-rally-electrico<\/div>\n<\/div>\n","protected":false},"excerpt":{"rendered":"<p>La temporada inaugural de la Extreme E, la categor\u00eda de rally el\u00e9ctrico, tendr\u00e1 a Ushuaia como sede de la \u00faltima [&hellip;]<\/p>\n","protected":false},"author":6,"featured_media":69282,"comment_status":"open","ping_status":"open","sticky":false,"template":"","format":"standard","meta":{"site-sidebar-layout":"default","site-content-layout":"","ast-site-content-layout":"default","site-content-style":"default","site-sidebar-style":"default","ast-global-header-display":"","ast-banner-title-visibility":"","ast-main-header-display":"","ast-hfb-above-header-display":"","ast-hfb-below-header-display":"","ast-hfb-mobile-header-display":"","site-post-title":"","ast-breadcrumbs-content":"","ast-featured-img":"","footer-sml-layout":"","ast-disable-related-posts":"","theme-transparent-header-meta":"","adv-header-id-meta":"","stick-header-meta":"","header-above-stick-meta":"","header-main-stick-meta":"","header-below-stick-meta":"","astra-migrate-meta-layouts":"default","ast-page-background-enabled":"default","ast-page-background-meta":{"desktop":{"background-color":"var(--ast-global-color-5)","background-image":"","background-repeat":"repeat","background-position":"center center","background-size":"auto","background-attachment":"scroll","background-type":"","background-media":"","overlay-type":"","overlay-color":"","overlay-opacity":"","overlay-gradient":""},"tablet":{"background-color":"","background-image":"","background-repeat":"repeat","background-position":"center center","background-size":"auto","background-attachment":"scroll","background-type":"","background-media":"","overlay-type":"","overlay-color":"","overlay-opacity":"","overlay-gradient":""},"mobile":{"background-color":"","background-image":"","background-repeat":"repeat","background-position":"center center","background-size":"auto","background-attachment":"scroll","background-type":"","background-media":"","overlay-type":"","overlay-color":"","overlay-opacity":"","overlay-gradient":""}},"ast-content-background-meta":{"desktop":{"background-color":"var(--ast-global-color-4)","background-image":"","background-repeat":"repeat","background-position":"center center","background-size":"auto","background-attachment":"scroll","background-type":"","background-media":"","overlay-type":"","overlay-color":"","overlay-opacity":"","overlay-gradient":""},"tablet":{"background-color":"var(--ast-global-color-4)","background-image":"","background-repeat":"repeat","background-position":"center center","background-size":"auto","background-attachment":"scroll","background-type":"","background-media":"","overlay-type":"","overlay-color":"","overlay-opacity":"","overlay-gradient":""},"mobile":{"background-color":"var(--ast-global-color-4)","background-image":"","background-repeat":"repeat","background-position":"center center","background-size":"auto","background-attachment":"scroll","background-type":"","background-media":"","overlay-type":"","overlay-color":"","overlay-opacity":"","overlay-gradient":""}},"footnotes":""},"categories":[12,11,1,10],"tags":[],"class_list":["post-69280","post","type-post","status-publish","format-standard","has-post-thumbnail","hentry","category-agenda-ambiental","category-boletin","category-noticias","category-rotador"],"yoast_head":"<!-- This site is optimized with the Yoast SEO Premium plugin v23.0 (Yoast SEO v27.5) - https:\/\/yoast.com\/product\/yoast-seo-premium-wordpress\/ -->\n<title>FECHA MUNDIALISTA EN 2021: Ushuaia ser\u00e1 sede del Campeonato de Rally El\u00e9ctrico<\/title>\n<meta name=\"robots\" content=\"index, follow, max-snippet:-1, max-image-preview:large, max-video-preview:-1\" \/>\n<link rel=\"canonical\" href=\"https:\/\/patagoniambiental.com.ar\/info\/fecha-mundialista-en-2021-ushuaia-sera-sede-del-campeonato-de-rally-electrico\/\" \/>\n<meta property=\"og:locale\" content=\"es_ES\" \/>\n<meta property=\"og:type\" content=\"article\" \/>\n<meta property=\"og:title\" content=\"FECHA MUNDIALISTA EN 2021: Ushuaia ser\u00e1 sede del Campeonato de Rally El\u00e9ctrico\" \/>\n<meta property=\"og:description\" content=\"La temporada inaugural de la Extreme E, la categor\u00eda de rally el\u00e9ctrico, tendr\u00e1 a Ushuaia como sede de la \u00faltima [&hellip;]\" \/>\n<meta property=\"og:url\" content=\"https:\/\/patagoniambiental.com.ar\/info\/fecha-mundialista-en-2021-ushuaia-sera-sede-del-campeonato-de-rally-electrico\/\" \/>\n<meta property=\"og:site_name\" content=\"Patagonia Ambiental\" \/>\n<meta property=\"article:publisher\" content=\"https:\/\/www.facebook.com\/patagonia.ambiental\" \/>\n<meta property=\"article:published_time\" content=\"2020-10-29T10:00:38+00:00\" \/>\n<meta property=\"og:image\" content=\"https:\/\/patagoniambiental.com.ar\/info\/wp-content\/uploads\/2020\/10\/12-2.jpg\" \/>\n\t<meta property=\"og:image:width\" content=\"800\" \/>\n\t<meta property=\"og:image:height\" content=\"450\" \/>\n\t<meta property=\"og:image:type\" content=\"image\/jpeg\" \/>\n<meta name=\"author\" content=\"BRAIAN ESTEVEZ\" \/>\n<meta name=\"twitter:card\" content=\"summary_large_image\" \/>\n<meta name=\"twitter:creator\" content=\"@PatAmb\" \/>\n<meta name=\"twitter:site\" content=\"@PatAmb\" \/>\n<script type=\"application\/ld+json\" class=\"yoast-schema-graph\">{\"@context\":\"https:\\\/\\\/schema.org\",\"@graph\":[{\"@type\":\"Article\",\"@id\":\"https:\\\/\\\/patagoniambiental.com.ar\\\/info\\\/fecha-mundialista-en-2021-ushuaia-sera-sede-del-campeonato-de-rally-electrico\\\/#article\",\"isPartOf\":{\"@id\":\"https:\\\/\\\/patagoniambiental.com.ar\\\/info\\\/fecha-mundialista-en-2021-ushuaia-sera-sede-del-campeonato-de-rally-electrico\\\/\"},\"author\":{\"name\":\"BRAIAN ESTEVEZ\",\"@id\":\"https:\\\/\\\/patagoniambiental.com.ar\\\/info\\\/#\\\/schema\\\/person\\\/e5af09d700b2e82cb10c6b8800e0c691\"},\"headline\":\"FECHA MUNDIALISTA EN 2021: Ushuaia ser\u00e1 sede del Campeonato de Rally El\u00e9ctrico\",\"datePublished\":\"2020-10-29T10:00:38+00:00\",\"mainEntityOfPage\":{\"@id\":\"https:\\\/\\\/patagoniambiental.com.ar\\\/info\\\/fecha-mundialista-en-2021-ushuaia-sera-sede-del-campeonato-de-rally-electrico\\\/\"},\"wordCount\":1109,\"commentCount\":0,\"publisher\":{\"@id\":\"https:\\\/\\\/patagoniambiental.com.ar\\\/info\\\/#organization\"},\"image\":{\"@id\":\"https:\\\/\\\/patagoniambiental.com.ar\\\/info\\\/fecha-mundialista-en-2021-ushuaia-sera-sede-del-campeonato-de-rally-electrico\\\/#primaryimage\"},\"thumbnailUrl\":\"https:\\\/\\\/patagoniambiental.com.ar\\\/info\\\/wp-content\\\/uploads\\\/2020\\\/10\\\/12-2.jpg\",\"articleSection\":[\"Agenda Ambiental\",\"Bolet\u00edn\",\"Noticias\",\"Rotador\"],\"inLanguage\":\"es\",\"potentialAction\":[{\"@type\":\"CommentAction\",\"name\":\"Comment\",\"target\":[\"https:\\\/\\\/patagoniambiental.com.ar\\\/info\\\/fecha-mundialista-en-2021-ushuaia-sera-sede-del-campeonato-de-rally-electrico\\\/#respond\"]}]},{\"@type\":\"WebPage\",\"@id\":\"https:\\\/\\\/patagoniambiental.com.ar\\\/info\\\/fecha-mundialista-en-2021-ushuaia-sera-sede-del-campeonato-de-rally-electrico\\\/\",\"url\":\"https:\\\/\\\/patagoniambiental.com.ar\\\/info\\\/fecha-mundialista-en-2021-ushuaia-sera-sede-del-campeonato-de-rally-electrico\\\/\",\"name\":\"FECHA MUNDIALISTA EN 2021: Ushuaia ser\u00e1 sede del Campeonato de Rally El\u00e9ctrico\",\"isPartOf\":{\"@id\":\"https:\\\/\\\/patagoniambiental.com.ar\\\/info\\\/#website\"},\"primaryImageOfPage\":{\"@id\":\"https:\\\/\\\/patagoniambiental.com.ar\\\/info\\\/fecha-mundialista-en-2021-ushuaia-sera-sede-del-campeonato-de-rally-electrico\\\/#primaryimage\"},\"image\":{\"@id\":\"https:\\\/\\\/patagoniambiental.com.ar\\\/info\\\/fecha-mundialista-en-2021-ushuaia-sera-sede-del-campeonato-de-rally-electrico\\\/#primaryimage\"},\"thumbnailUrl\":\"https:\\\/\\\/patagoniambiental.com.ar\\\/info\\\/wp-content\\\/uploads\\\/2020\\\/10\\\/12-2.jpg\",\"datePublished\":\"2020-10-29T10:00:38+00:00\",\"breadcrumb\":{\"@id\":\"https:\\\/\\\/patagoniambiental.com.ar\\\/info\\\/fecha-mundialista-en-2021-ushuaia-sera-sede-del-campeonato-de-rally-electrico\\\/#breadcrumb\"},\"inLanguage\":\"es\",\"potentialAction\":[{\"@type\":\"ReadAction\",\"target\":[\"https:\\\/\\\/patagoniambiental.com.ar\\\/info\\\/fecha-mundialista-en-2021-ushuaia-sera-sede-del-campeonato-de-rally-electrico\\\/\"]}]},{\"@type\":\"ImageObject\",\"inLanguage\":\"es\",\"@id\":\"https:\\\/\\\/patagoniambiental.com.ar\\\/info\\\/fecha-mundialista-en-2021-ushuaia-sera-sede-del-campeonato-de-rally-electrico\\\/#primaryimage\",\"url\":\"https:\\\/\\\/patagoniambiental.com.ar\\\/info\\\/wp-content\\\/uploads\\\/2020\\\/10\\\/12-2.jpg\",\"contentUrl\":\"https:\\\/\\\/patagoniambiental.com.ar\\\/info\\\/wp-content\\\/uploads\\\/2020\\\/10\\\/12-2.jpg\",\"width\":800,\"height\":450},{\"@type\":\"BreadcrumbList\",\"@id\":\"https:\\\/\\\/patagoniambiental.com.ar\\\/info\\\/fecha-mundialista-en-2021-ushuaia-sera-sede-del-campeonato-de-rally-electrico\\\/#breadcrumb\",\"itemListElement\":[{\"@type\":\"ListItem\",\"position\":1,\"name\":\"Inicio\",\"item\":\"https:\\\/\\\/patagoniambiental.com.ar\\\/info\\\/\"},{\"@type\":\"ListItem\",\"position\":2,\"name\":\"FECHA MUNDIALISTA EN 2021: Ushuaia ser\u00e1 sede del Campeonato de Rally El\u00e9ctrico\"}]},{\"@type\":\"WebSite\",\"@id\":\"https:\\\/\\\/patagoniambiental.com.ar\\\/info\\\/#website\",\"url\":\"https:\\\/\\\/patagoniambiental.com.ar\\\/info\\\/\",\"name\":\"Patagonia Ambiental\",\"description\":\"Monitoreo y an\u00e1lisis de la situaci\u00f3n geopol\u00edtica en el mundo y su implicancia en la Patagonia\",\"publisher\":{\"@id\":\"https:\\\/\\\/patagoniambiental.com.ar\\\/info\\\/#organization\"},\"potentialAction\":[{\"@type\":\"SearchAction\",\"target\":{\"@type\":\"EntryPoint\",\"urlTemplate\":\"https:\\\/\\\/patagoniambiental.com.ar\\\/info\\\/?s={search_term_string}\"},\"query-input\":{\"@type\":\"PropertyValueSpecification\",\"valueRequired\":true,\"valueName\":\"search_term_string\"}}],\"inLanguage\":\"es\"},{\"@type\":\"Organization\",\"@id\":\"https:\\\/\\\/patagoniambiental.com.ar\\\/info\\\/#organization\",\"name\":\"Patagonia Ambiental\",\"url\":\"https:\\\/\\\/patagoniambiental.com.ar\\\/info\\\/\",\"logo\":{\"@type\":\"ImageObject\",\"inLanguage\":\"es\",\"@id\":\"https:\\\/\\\/patagoniambiental.com.ar\\\/info\\\/#\\\/schema\\\/logo\\\/image\\\/\",\"url\":\"https:\\\/\\\/patagoniambiental.com.ar\\\/info\\\/wp-content\\\/uploads\\\/2025\\\/05\\\/LOGO-PATAGONIA-AMBIENTAL.png\",\"contentUrl\":\"https:\\\/\\\/patagoniambiental.com.ar\\\/info\\\/wp-content\\\/uploads\\\/2025\\\/05\\\/LOGO-PATAGONIA-AMBIENTAL.png\",\"width\":433,\"height\":250,\"caption\":\"Patagonia Ambiental\"},\"image\":{\"@id\":\"https:\\\/\\\/patagoniambiental.com.ar\\\/info\\\/#\\\/schema\\\/logo\\\/image\\\/\"},\"sameAs\":[\"https:\\\/\\\/www.facebook.com\\\/patagonia.ambiental\",\"https:\\\/\\\/x.com\\\/PatAmb\"]},{\"@type\":\"Person\",\"@id\":\"https:\\\/\\\/patagoniambiental.com.ar\\\/info\\\/#\\\/schema\\\/person\\\/e5af09d700b2e82cb10c6b8800e0c691\",\"name\":\"BRAIAN ESTEVEZ\",\"sameAs\":[\"http:\\\/\\\/www.patagoniambiental.com.ar\"]}]}<\/script>\n<!-- \/ Yoast SEO Premium plugin. -->","yoast_head_json":{"title":"FECHA MUNDIALISTA EN 2021: Ushuaia ser\u00e1 sede del Campeonato de Rally El\u00e9ctrico","robots":{"index":"index","follow":"follow","max-snippet":"max-snippet:-1","max-image-preview":"max-image-preview:large","max-video-preview":"max-video-preview:-1"},"canonical":"https:\/\/patagoniambiental.com.ar\/info\/fecha-mundialista-en-2021-ushuaia-sera-sede-del-campeonato-de-rally-electrico\/","og_locale":"es_ES","og_type":"article","og_title":"FECHA MUNDIALISTA EN 2021: Ushuaia ser\u00e1 sede del Campeonato de Rally El\u00e9ctrico","og_description":"La temporada inaugural de la Extreme E, la categor\u00eda de rally el\u00e9ctrico, tendr\u00e1 a Ushuaia como sede de la \u00faltima [&hellip;]","og_url":"https:\/\/patagoniambiental.com.ar\/info\/fecha-mundialista-en-2021-ushuaia-sera-sede-del-campeonato-de-rally-electrico\/","og_site_name":"Patagonia Ambiental","article_publisher":"https:\/\/www.facebook.com\/patagonia.ambiental","article_published_time":"2020-10-29T10:00:38+00:00","og_image":[{"width":800,"height":450,"url":"https:\/\/patagoniambiental.com.ar\/info\/wp-content\/uploads\/2020\/10\/12-2.jpg","type":"image\/jpeg"}],"author":"BRAIAN ESTEVEZ","twitter_card":"summary_large_image","twitter_creator":"@PatAmb","twitter_site":"@PatAmb","schema":{"@context":"https:\/\/schema.org","@graph":[{"@type":"Article","@id":"https:\/\/patagoniambiental.com.ar\/info\/fecha-mundialista-en-2021-ushuaia-sera-sede-del-campeonato-de-rally-electrico\/#article","isPartOf":{"@id":"https:\/\/patagoniambiental.com.ar\/info\/fecha-mundialista-en-2021-ushuaia-sera-sede-del-campeonato-de-rally-electrico\/"},"author":{"name":"BRAIAN ESTEVEZ","@id":"https:\/\/patagoniambiental.com.ar\/info\/#\/schema\/person\/e5af09d700b2e82cb10c6b8800e0c691"},"headline":"FECHA MUNDIALISTA EN 2021: Ushuaia ser\u00e1 sede del Campeonato de Rally El\u00e9ctrico","datePublished":"2020-10-29T10:00:38+00:00","mainEntityOfPage":{"@id":"https:\/\/patagoniambiental.com.ar\/info\/fecha-mundialista-en-2021-ushuaia-sera-sede-del-campeonato-de-rally-electrico\/"},"wordCount":1109,"commentCount":0,"publisher":{"@id":"https:\/\/patagoniambiental.com.ar\/info\/#organization"},"image":{"@id":"https:\/\/patagoniambiental.com.ar\/info\/fecha-mundialista-en-2021-ushuaia-sera-sede-del-campeonato-de-rally-electrico\/#primaryimage"},"thumbnailUrl":"https:\/\/patagoniambiental.com.ar\/info\/wp-content\/uploads\/2020\/10\/12-2.jpg","articleSection":["Agenda Ambiental","Bolet\u00edn","Noticias","Rotador"],"inLanguage":"es","potentialAction":[{"@type":"CommentAction","name":"Comment","target":["https:\/\/patagoniambiental.com.ar\/info\/fecha-mundialista-en-2021-ushuaia-sera-sede-del-campeonato-de-rally-electrico\/#respond"]}]},{"@type":"WebPage","@id":"https:\/\/patagoniambiental.com.ar\/info\/fecha-mundialista-en-2021-ushuaia-sera-sede-del-campeonato-de-rally-electrico\/","url":"https:\/\/patagoniambiental.com.ar\/info\/fecha-mundialista-en-2021-ushuaia-sera-sede-del-campeonato-de-rally-electrico\/","name":"FECHA MUNDIALISTA EN 2021: Ushuaia ser\u00e1 sede del Campeonato de Rally El\u00e9ctrico","isPartOf":{"@id":"https:\/\/patagoniambiental.com.ar\/info\/#website"},"primaryImageOfPage":{"@id":"https:\/\/patagoniambiental.com.ar\/info\/fecha-mundialista-en-2021-ushuaia-sera-sede-del-campeonato-de-rally-electrico\/#primaryimage"},"image":{"@id":"https:\/\/patagoniambiental.com.ar\/info\/fecha-mundialista-en-2021-ushuaia-sera-sede-del-campeonato-de-rally-electrico\/#primaryimage"},"thumbnailUrl":"https:\/\/patagoniambiental.com.ar\/info\/wp-content\/uploads\/2020\/10\/12-2.jpg","datePublished":"2020-10-29T10:00:38+00:00","breadcrumb":{"@id":"https:\/\/patagoniambiental.com.ar\/info\/fecha-mundialista-en-2021-ushuaia-sera-sede-del-campeonato-de-rally-electrico\/#breadcrumb"},"inLanguage":"es","potentialAction":[{"@type":"ReadAction","target":["https:\/\/patagoniambiental.com.ar\/info\/fecha-mundialista-en-2021-ushuaia-sera-sede-del-campeonato-de-rally-electrico\/"]}]},{"@type":"ImageObject","inLanguage":"es","@id":"https:\/\/patagoniambiental.com.ar\/info\/fecha-mundialista-en-2021-ushuaia-sera-sede-del-campeonato-de-rally-electrico\/#primaryimage","url":"https:\/\/patagoniambiental.com.ar\/info\/wp-content\/uploads\/2020\/10\/12-2.jpg","contentUrl":"https:\/\/patagoniambiental.com.ar\/info\/wp-content\/uploads\/2020\/10\/12-2.jpg","width":800,"height":450},{"@type":"BreadcrumbList","@id":"https:\/\/patagoniambiental.com.ar\/info\/fecha-mundialista-en-2021-ushuaia-sera-sede-del-campeonato-de-rally-electrico\/#breadcrumb","itemListElement":[{"@type":"ListItem","position":1,"name":"Inicio","item":"https:\/\/patagoniambiental.com.ar\/info\/"},{"@type":"ListItem","position":2,"name":"FECHA MUNDIALISTA EN 2021: Ushuaia ser\u00e1 sede del Campeonato de Rally El\u00e9ctrico"}]},{"@type":"WebSite","@id":"https:\/\/patagoniambiental.com.ar\/info\/#website","url":"https:\/\/patagoniambiental.com.ar\/info\/","name":"Patagonia Ambiental","description":"Monitoreo y an\u00e1lisis de la situaci\u00f3n geopol\u00edtica en el mundo y su implicancia en la Patagonia","publisher":{"@id":"https:\/\/patagoniambiental.com.ar\/info\/#organization"},"potentialAction":[{"@type":"SearchAction","target":{"@type":"EntryPoint","urlTemplate":"https:\/\/patagoniambiental.com.ar\/info\/?s={search_term_string}"},"query-input":{"@type":"PropertyValueSpecification","valueRequired":true,"valueName":"search_term_string"}}],"inLanguage":"es"},{"@type":"Organization","@id":"https:\/\/patagoniambiental.com.ar\/info\/#organization","name":"Patagonia Ambiental","url":"https:\/\/patagoniambiental.com.ar\/info\/","logo":{"@type":"ImageObject","inLanguage":"es","@id":"https:\/\/patagoniambiental.com.ar\/info\/#\/schema\/logo\/image\/","url":"https:\/\/patagoniambiental.com.ar\/info\/wp-content\/uploads\/2025\/05\/LOGO-PATAGONIA-AMBIENTAL.png","contentUrl":"https:\/\/patagoniambiental.com.ar\/info\/wp-content\/uploads\/2025\/05\/LOGO-PATAGONIA-AMBIENTAL.png","width":433,"height":250,"caption":"Patagonia Ambiental"},"image":{"@id":"https:\/\/patagoniambiental.com.ar\/info\/#\/schema\/logo\/image\/"},"sameAs":["https:\/\/www.facebook.com\/patagonia.ambiental","https:\/\/x.com\/PatAmb"]},{"@type":"Person","@id":"https:\/\/patagoniambiental.com.ar\/info\/#\/schema\/person\/e5af09d700b2e82cb10c6b8800e0c691","name":"BRAIAN ESTEVEZ","sameAs":["http:\/\/www.patagoniambiental.com.ar"]}]}},"_links":{"self":[{"href":"https:\/\/patagoniambiental.com.ar\/info\/wp-json\/wp\/v2\/posts\/69280","targetHints":{"allow":["GET"]}}],"collection":[{"href":"https:\/\/patagoniambiental.com.ar\/info\/wp-json\/wp\/v2\/posts"}],"about":[{"href":"https:\/\/patagoniambiental.com.ar\/info\/wp-json\/wp\/v2\/types\/post"}],"author":[{"embeddable":true,"href":"https:\/\/patagoniambiental.com.ar\/info\/wp-json\/wp\/v2\/users\/6"}],"replies":[{"embeddable":true,"href":"https:\/\/patagoniambiental.com.ar\/info\/wp-json\/wp\/v2\/comments?post=69280"}],"version-history":[{"count":0,"href":"https:\/\/patagoniambiental.com.ar\/info\/wp-json\/wp\/v2\/posts\/69280\/revisions"}],"wp:featuredmedia":[{"embeddable":true,"href":"https:\/\/patagoniambiental.com.ar\/info\/wp-json\/wp\/v2\/media\/69282"}],"wp:attachment":[{"href":"https:\/\/patagoniambiental.com.ar\/info\/wp-json\/wp\/v2\/media?parent=69280"}],"wp:term":[{"taxonomy":"category","embeddable":true,"href":"https:\/\/patagoniambiental.com.ar\/info\/wp-json\/wp\/v2\/categories?post=69280"},{"taxonomy":"post_tag","embeddable":true,"href":"https:\/\/patagoniambiental.com.ar\/info\/wp-json\/wp\/v2\/tags?post=69280"}],"curies":[{"name":"wp","href":"https:\/\/api.w.org\/{rel}","templated":true}]}}