{"id":69415,"date":"2020-11-05T07:00:13","date_gmt":"2020-11-05T10:00:13","guid":{"rendered":"http:\/\/patagoniambiental.com.ar\/info\/?p=69415"},"modified":"2020-11-05T09:12:48","modified_gmt":"2020-11-05T12:12:48","slug":"concejales-seguiran-trabajando-con-el-municipio-y-la-provincia-en-temas-ambientales","status":"publish","type":"post","link":"https:\/\/patagoniambiental.com.ar\/info\/concejales-seguiran-trabajando-con-el-municipio-y-la-provincia-en-temas-ambientales\/","title":{"rendered":"Concejales seguir\u00e1n trabajando con el municipio y la provincia en temas ambientales"},"content":{"rendered":"<header class=\"header-interior\">\n<p id=\"nota-title\">Neuquen.- Se llev\u00f3 a cabo mediante videoconferencia la comisi\u00f3n interna de Ecolog\u00eda y Medio Ambiente. Las y los ediles dieron tratamiento a cuatro puntos del orden del d\u00eda, tres de ellos con despacho.<\/p>\n<\/header>\n<p><!--more--><\/p>\n<article class=\"cont-cuerpo\">\n<div class=\"cont-foto\">\n<figure class=\"nota-foto\"><img fetchpriority=\"high\" decoding=\"async\" class=\"alignleft\" title=\"\" src=\"https:\/\/noticiasnqn.com.ar\/galeria\/fotos\/2020\/02\/12\/l_1581525243.jpeg\" alt=\"\" width=\"549\" height=\"366\" data-src=\"https:\/\/noticiasnqn.com.ar\/galeria\/fotos\/2020\/02\/12\/l_1581525243.jpeg\" \/><\/figure>\n<\/div>\n<div class=\"banner banner-768\">\n<div id=\"banner-ad-top\"><\/div>\n<\/div>\n<section class=\"texto\"><mark>En primera instancia abordaron el proyecto del bloque Movimiento Popular Neuquino (MPN) que busca declarar \u00e1rea protegida \u201cParques Ribere\u00f1os\u201d a los sectores adyacentes a los m\u00e1rgenes de los r\u00edos Limay y Neuqu\u00e9n.<\/mark>\u00a0Desde el bloque destacaron que continuar\u00e1n trabajando de forma articulada con diferentes \u00e1reas del municipio y de provincia para integrar e incorporar al sistema municipal de \u00e1reas Protegidas (SIMAP) tres zonas: dos de dominio de la Provincia de Neuqu\u00e9n (Parque Ribere\u00f1o Rio Limay y Parque Ribere\u00f1o Perlas del Limay) y la tercera, a cargo de CORDINEU S.E; (Parque Ribere\u00f1o Pen\u00ednsula Hiroki).<br \/>\nLuego,\u00a0<mark>avanzaron en el tratamiento de dos comunicaciones presentadas por el bloque Frente de Todos.<\/mark>\u00a0El primer proyecto es un pedido de informe al Ejecutivo Municipal sobre el Plan de Manejo de las actividades en \u00c1reas Naturales Protegidas de la Ciudad. Expresa en sus art\u00edculados la se\u00f1alizaci\u00f3n de las \u00e1reas protegidas, el control de la circulaci\u00f3n de veh\u00edculos a motor-en estos espacios-y el Plan de Gesti\u00f3n Ambiental para la actividad de Motocross en el Parque Regional Bardas Norte.<br \/>\n<mark>El segundo, es un proyecto de comunicaci\u00f3n que solicita al municipio informe sobre desbordes cloacales y su impacto ambiental en el Barrio Huiliches.<\/mark><br \/>\nLa reuni\u00f3n termin\u00f3 minutos antes del horario previsto. En el pr\u00f3ximo encuentro virtual las y los concejales continuar\u00e1n trabajando en los proyectos del orden del d\u00eda.<\/p>\n<p>Fuente:\u00a0https:\/\/noticiasnqn.com.ar\/politica\/concejales-seguirn-trabajando-con-el-municipio-y-la-provincia.htm<\/p>\n<\/section>\n<\/article>\n","protected":false},"excerpt":{"rendered":"<p>Neuquen.- Se llev\u00f3 a cabo mediante videoconferencia la comisi\u00f3n interna de Ecolog\u00eda y Medio Ambiente. Las y los ediles dieron [&hellip;]<\/p>\n","protected":false},"author":6,"featured_media":69416,"comment_status":"open","ping_status":"open","sticky":false,"template":"","format":"standard","meta":{"site-sidebar-layout":"default","site-content-layout":"","ast-site-content-layout":"default","site-content-style":"default","site-sidebar-style":"default","ast-global-header-display":"","ast-banner-title-visibility":"","ast-main-header-display":"","ast-hfb-above-header-display":"","ast-hfb-below-header-display":"","ast-hfb-mobile-header-display":"","site-post-title":"","ast-breadcrumbs-content":"","ast-featured-img":"","footer-sml-layout":"","ast-disable-related-posts":"","theme-transparent-header-meta":"","adv-header-id-meta":"","stick-header-meta":"","header-above-stick-meta":"","header-main-stick-meta":"","header-below-stick-meta":"","astra-migrate-meta-layouts":"default","ast-page-background-enabled":"default","ast-page-background-meta":{"desktop":{"background-color":"var(--ast-global-color-5)","background-image":"","background-repeat":"repeat","background-position":"center center","background-size":"auto","background-attachment":"scroll","background-type":"","background-media":"","overlay-type":"","overlay-color":"","overlay-opacity":"","overlay-gradient":""},"tablet":{"background-color":"","background-image":"","background-repeat":"repeat","background-position":"center center","background-size":"auto","background-attachment":"scroll","background-type":"","background-media":"","overlay-type":"","overlay-color":"","overlay-opacity":"","overlay-gradient":""},"mobile":{"background-color":"","background-image":"","background-repeat":"repeat","background-position":"center center","background-size":"auto","background-attachment":"scroll","background-type":"","background-media":"","overlay-type":"","overlay-color":"","overlay-opacity":"","overlay-gradient":""}},"ast-content-background-meta":{"desktop":{"background-color":"var(--ast-global-color-4)","background-image":"","background-repeat":"repeat","background-position":"center center","background-size":"auto","background-attachment":"scroll","background-type":"","background-media":"","overlay-type":"","overlay-color":"","overlay-opacity":"","overlay-gradient":""},"tablet":{"background-color":"var(--ast-global-color-4)","background-image":"","background-repeat":"repeat","background-position":"center center","background-size":"auto","background-attachment":"scroll","background-type":"","background-media":"","overlay-type":"","overlay-color":"","overlay-opacity":"","overlay-gradient":""},"mobile":{"background-color":"var(--ast-global-color-4)","background-image":"","background-repeat":"repeat","background-position":"center center","background-size":"auto","background-attachment":"scroll","background-type":"","background-media":"","overlay-type":"","overlay-color":"","overlay-opacity":"","overlay-gradient":""}},"footnotes":""},"categories":[11,16,1],"tags":[],"class_list":["post-69415","post","type-post","status-publish","format-standard","has-post-thumbnail","hentry","category-boletin","category-municipales","category-noticias"],"yoast_head":"<!-- This site is optimized with the Yoast SEO Premium plugin v23.0 (Yoast SEO v27.5) - https:\/\/yoast.com\/product\/yoast-seo-premium-wordpress\/ -->\n<title>Concejales seguir\u00e1n trabajando con el municipio y la provincia en temas ambientales<\/title>\n<meta name=\"robots\" content=\"index, follow, max-snippet:-1, max-image-preview:large, max-video-preview:-1\" \/>\n<link rel=\"canonical\" href=\"https:\/\/patagoniambiental.com.ar\/info\/concejales-seguiran-trabajando-con-el-municipio-y-la-provincia-en-temas-ambientales\/\" \/>\n<meta property=\"og:locale\" content=\"es_ES\" \/>\n<meta property=\"og:type\" content=\"article\" \/>\n<meta property=\"og:title\" content=\"Concejales seguir\u00e1n trabajando con el municipio y la provincia en temas ambientales\" \/>\n<meta property=\"og:description\" content=\"Neuquen.- Se llev\u00f3 a cabo mediante videoconferencia la comisi\u00f3n interna de Ecolog\u00eda y Medio Ambiente. Las y los ediles dieron [&hellip;]\" \/>\n<meta property=\"og:url\" content=\"https:\/\/patagoniambiental.com.ar\/info\/concejales-seguiran-trabajando-con-el-municipio-y-la-provincia-en-temas-ambientales\/\" \/>\n<meta property=\"og:site_name\" content=\"Patagonia Ambiental\" \/>\n<meta property=\"article:publisher\" content=\"https:\/\/www.facebook.com\/patagonia.ambiental\" \/>\n<meta property=\"article:published_time\" content=\"2020-11-05T10:00:13+00:00\" \/>\n<meta property=\"article:modified_time\" content=\"2020-11-05T12:12:48+00:00\" \/>\n<meta property=\"og:image\" content=\"https:\/\/patagoniambiental.com.ar\/info\/wp-content\/uploads\/2020\/11\/l_1581525243.jpeg\" \/>\n\t<meta property=\"og:image:width\" content=\"900\" \/>\n\t<meta property=\"og:image:height\" content=\"600\" \/>\n\t<meta property=\"og:image:type\" content=\"image\/jpeg\" \/>\n<meta name=\"author\" content=\"BRAIAN ESTEVEZ\" \/>\n<meta name=\"twitter:card\" content=\"summary_large_image\" \/>\n<meta name=\"twitter:creator\" content=\"@PatAmb\" \/>\n<meta name=\"twitter:site\" content=\"@PatAmb\" \/>\n<script type=\"application\/ld+json\" class=\"yoast-schema-graph\">{\"@context\":\"https:\\\/\\\/schema.org\",\"@graph\":[{\"@type\":\"Article\",\"@id\":\"https:\\\/\\\/patagoniambiental.com.ar\\\/info\\\/concejales-seguiran-trabajando-con-el-municipio-y-la-provincia-en-temas-ambientales\\\/#article\",\"isPartOf\":{\"@id\":\"https:\\\/\\\/patagoniambiental.com.ar\\\/info\\\/concejales-seguiran-trabajando-con-el-municipio-y-la-provincia-en-temas-ambientales\\\/\"},\"author\":{\"name\":\"BRAIAN ESTEVEZ\",\"@id\":\"https:\\\/\\\/patagoniambiental.com.ar\\\/info\\\/#\\\/schema\\\/person\\\/e5af09d700b2e82cb10c6b8800e0c691\"},\"headline\":\"Concejales seguir\u00e1n trabajando con el municipio y la provincia en temas ambientales\",\"datePublished\":\"2020-11-05T10:00:13+00:00\",\"dateModified\":\"2020-11-05T12:12:48+00:00\",\"mainEntityOfPage\":{\"@id\":\"https:\\\/\\\/patagoniambiental.com.ar\\\/info\\\/concejales-seguiran-trabajando-con-el-municipio-y-la-provincia-en-temas-ambientales\\\/\"},\"wordCount\":300,\"commentCount\":0,\"publisher\":{\"@id\":\"https:\\\/\\\/patagoniambiental.com.ar\\\/info\\\/#organization\"},\"image\":{\"@id\":\"https:\\\/\\\/patagoniambiental.com.ar\\\/info\\\/concejales-seguiran-trabajando-con-el-municipio-y-la-provincia-en-temas-ambientales\\\/#primaryimage\"},\"thumbnailUrl\":\"https:\\\/\\\/patagoniambiental.com.ar\\\/info\\\/wp-content\\\/uploads\\\/2020\\\/11\\\/l_1581525243.jpeg\",\"articleSection\":[\"Bolet\u00edn\",\"Municipales\",\"Noticias\"],\"inLanguage\":\"es\",\"potentialAction\":[{\"@type\":\"CommentAction\",\"name\":\"Comment\",\"target\":[\"https:\\\/\\\/patagoniambiental.com.ar\\\/info\\\/concejales-seguiran-trabajando-con-el-municipio-y-la-provincia-en-temas-ambientales\\\/#respond\"]}]},{\"@type\":\"WebPage\",\"@id\":\"https:\\\/\\\/patagoniambiental.com.ar\\\/info\\\/concejales-seguiran-trabajando-con-el-municipio-y-la-provincia-en-temas-ambientales\\\/\",\"url\":\"https:\\\/\\\/patagoniambiental.com.ar\\\/info\\\/concejales-seguiran-trabajando-con-el-municipio-y-la-provincia-en-temas-ambientales\\\/\",\"name\":\"Concejales seguir\u00e1n trabajando con el municipio y la provincia en temas ambientales\",\"isPartOf\":{\"@id\":\"https:\\\/\\\/patagoniambiental.com.ar\\\/info\\\/#website\"},\"primaryImageOfPage\":{\"@id\":\"https:\\\/\\\/patagoniambiental.com.ar\\\/info\\\/concejales-seguiran-trabajando-con-el-municipio-y-la-provincia-en-temas-ambientales\\\/#primaryimage\"},\"image\":{\"@id\":\"https:\\\/\\\/patagoniambiental.com.ar\\\/info\\\/concejales-seguiran-trabajando-con-el-municipio-y-la-provincia-en-temas-ambientales\\\/#primaryimage\"},\"thumbnailUrl\":\"https:\\\/\\\/patagoniambiental.com.ar\\\/info\\\/wp-content\\\/uploads\\\/2020\\\/11\\\/l_1581525243.jpeg\",\"datePublished\":\"2020-11-05T10:00:13+00:00\",\"dateModified\":\"2020-11-05T12:12:48+00:00\",\"breadcrumb\":{\"@id\":\"https:\\\/\\\/patagoniambiental.com.ar\\\/info\\\/concejales-seguiran-trabajando-con-el-municipio-y-la-provincia-en-temas-ambientales\\\/#breadcrumb\"},\"inLanguage\":\"es\",\"potentialAction\":[{\"@type\":\"ReadAction\",\"target\":[\"https:\\\/\\\/patagoniambiental.com.ar\\\/info\\\/concejales-seguiran-trabajando-con-el-municipio-y-la-provincia-en-temas-ambientales\\\/\"]}]},{\"@type\":\"ImageObject\",\"inLanguage\":\"es\",\"@id\":\"https:\\\/\\\/patagoniambiental.com.ar\\\/info\\\/concejales-seguiran-trabajando-con-el-municipio-y-la-provincia-en-temas-ambientales\\\/#primaryimage\",\"url\":\"https:\\\/\\\/patagoniambiental.com.ar\\\/info\\\/wp-content\\\/uploads\\\/2020\\\/11\\\/l_1581525243.jpeg\",\"contentUrl\":\"https:\\\/\\\/patagoniambiental.com.ar\\\/info\\\/wp-content\\\/uploads\\\/2020\\\/11\\\/l_1581525243.jpeg\",\"width\":900,\"height\":600},{\"@type\":\"BreadcrumbList\",\"@id\":\"https:\\\/\\\/patagoniambiental.com.ar\\\/info\\\/concejales-seguiran-trabajando-con-el-municipio-y-la-provincia-en-temas-ambientales\\\/#breadcrumb\",\"itemListElement\":[{\"@type\":\"ListItem\",\"position\":1,\"name\":\"Inicio\",\"item\":\"https:\\\/\\\/patagoniambiental.com.ar\\\/info\\\/\"},{\"@type\":\"ListItem\",\"position\":2,\"name\":\"Concejales seguir\u00e1n trabajando con el municipio y la provincia en temas ambientales\"}]},{\"@type\":\"WebSite\",\"@id\":\"https:\\\/\\\/patagoniambiental.com.ar\\\/info\\\/#website\",\"url\":\"https:\\\/\\\/patagoniambiental.com.ar\\\/info\\\/\",\"name\":\"Patagonia Ambiental\",\"description\":\"Monitoreo y an\u00e1lisis de la situaci\u00f3n geopol\u00edtica en el mundo y su implicancia en la Patagonia\",\"publisher\":{\"@id\":\"https:\\\/\\\/patagoniambiental.com.ar\\\/info\\\/#organization\"},\"potentialAction\":[{\"@type\":\"SearchAction\",\"target\":{\"@type\":\"EntryPoint\",\"urlTemplate\":\"https:\\\/\\\/patagoniambiental.com.ar\\\/info\\\/?s={search_term_string}\"},\"query-input\":{\"@type\":\"PropertyValueSpecification\",\"valueRequired\":true,\"valueName\":\"search_term_string\"}}],\"inLanguage\":\"es\"},{\"@type\":\"Organization\",\"@id\":\"https:\\\/\\\/patagoniambiental.com.ar\\\/info\\\/#organization\",\"name\":\"Patagonia Ambiental\",\"url\":\"https:\\\/\\\/patagoniambiental.com.ar\\\/info\\\/\",\"logo\":{\"@type\":\"ImageObject\",\"inLanguage\":\"es\",\"@id\":\"https:\\\/\\\/patagoniambiental.com.ar\\\/info\\\/#\\\/schema\\\/logo\\\/image\\\/\",\"url\":\"https:\\\/\\\/patagoniambiental.com.ar\\\/info\\\/wp-content\\\/uploads\\\/2025\\\/05\\\/LOGO-PATAGONIA-AMBIENTAL.png\",\"contentUrl\":\"https:\\\/\\\/patagoniambiental.com.ar\\\/info\\\/wp-content\\\/uploads\\\/2025\\\/05\\\/LOGO-PATAGONIA-AMBIENTAL.png\",\"width\":433,\"height\":250,\"caption\":\"Patagonia Ambiental\"},\"image\":{\"@id\":\"https:\\\/\\\/patagoniambiental.com.ar\\\/info\\\/#\\\/schema\\\/logo\\\/image\\\/\"},\"sameAs\":[\"https:\\\/\\\/www.facebook.com\\\/patagonia.ambiental\",\"https:\\\/\\\/x.com\\\/PatAmb\"]},{\"@type\":\"Person\",\"@id\":\"https:\\\/\\\/patagoniambiental.com.ar\\\/info\\\/#\\\/schema\\\/person\\\/e5af09d700b2e82cb10c6b8800e0c691\",\"name\":\"BRAIAN ESTEVEZ\",\"sameAs\":[\"http:\\\/\\\/www.patagoniambiental.com.ar\"]}]}<\/script>\n<!-- \/ Yoast SEO Premium plugin. -->","yoast_head_json":{"title":"Concejales seguir\u00e1n trabajando con el municipio y la provincia en temas ambientales","robots":{"index":"index","follow":"follow","max-snippet":"max-snippet:-1","max-image-preview":"max-image-preview:large","max-video-preview":"max-video-preview:-1"},"canonical":"https:\/\/patagoniambiental.com.ar\/info\/concejales-seguiran-trabajando-con-el-municipio-y-la-provincia-en-temas-ambientales\/","og_locale":"es_ES","og_type":"article","og_title":"Concejales seguir\u00e1n trabajando con el municipio y la provincia en temas ambientales","og_description":"Neuquen.- Se llev\u00f3 a cabo mediante videoconferencia la comisi\u00f3n interna de Ecolog\u00eda y Medio Ambiente. Las y los ediles dieron [&hellip;]","og_url":"https:\/\/patagoniambiental.com.ar\/info\/concejales-seguiran-trabajando-con-el-municipio-y-la-provincia-en-temas-ambientales\/","og_site_name":"Patagonia Ambiental","article_publisher":"https:\/\/www.facebook.com\/patagonia.ambiental","article_published_time":"2020-11-05T10:00:13+00:00","article_modified_time":"2020-11-05T12:12:48+00:00","og_image":[{"width":900,"height":600,"url":"https:\/\/patagoniambiental.com.ar\/info\/wp-content\/uploads\/2020\/11\/l_1581525243.jpeg","type":"image\/jpeg"}],"author":"BRAIAN ESTEVEZ","twitter_card":"summary_large_image","twitter_creator":"@PatAmb","twitter_site":"@PatAmb","schema":{"@context":"https:\/\/schema.org","@graph":[{"@type":"Article","@id":"https:\/\/patagoniambiental.com.ar\/info\/concejales-seguiran-trabajando-con-el-municipio-y-la-provincia-en-temas-ambientales\/#article","isPartOf":{"@id":"https:\/\/patagoniambiental.com.ar\/info\/concejales-seguiran-trabajando-con-el-municipio-y-la-provincia-en-temas-ambientales\/"},"author":{"name":"BRAIAN ESTEVEZ","@id":"https:\/\/patagoniambiental.com.ar\/info\/#\/schema\/person\/e5af09d700b2e82cb10c6b8800e0c691"},"headline":"Concejales seguir\u00e1n trabajando con el municipio y la provincia en temas ambientales","datePublished":"2020-11-05T10:00:13+00:00","dateModified":"2020-11-05T12:12:48+00:00","mainEntityOfPage":{"@id":"https:\/\/patagoniambiental.com.ar\/info\/concejales-seguiran-trabajando-con-el-municipio-y-la-provincia-en-temas-ambientales\/"},"wordCount":300,"commentCount":0,"publisher":{"@id":"https:\/\/patagoniambiental.com.ar\/info\/#organization"},"image":{"@id":"https:\/\/patagoniambiental.com.ar\/info\/concejales-seguiran-trabajando-con-el-municipio-y-la-provincia-en-temas-ambientales\/#primaryimage"},"thumbnailUrl":"https:\/\/patagoniambiental.com.ar\/info\/wp-content\/uploads\/2020\/11\/l_1581525243.jpeg","articleSection":["Bolet\u00edn","Municipales","Noticias"],"inLanguage":"es","potentialAction":[{"@type":"CommentAction","name":"Comment","target":["https:\/\/patagoniambiental.com.ar\/info\/concejales-seguiran-trabajando-con-el-municipio-y-la-provincia-en-temas-ambientales\/#respond"]}]},{"@type":"WebPage","@id":"https:\/\/patagoniambiental.com.ar\/info\/concejales-seguiran-trabajando-con-el-municipio-y-la-provincia-en-temas-ambientales\/","url":"https:\/\/patagoniambiental.com.ar\/info\/concejales-seguiran-trabajando-con-el-municipio-y-la-provincia-en-temas-ambientales\/","name":"Concejales seguir\u00e1n trabajando con el municipio y la provincia en temas ambientales","isPartOf":{"@id":"https:\/\/patagoniambiental.com.ar\/info\/#website"},"primaryImageOfPage":{"@id":"https:\/\/patagoniambiental.com.ar\/info\/concejales-seguiran-trabajando-con-el-municipio-y-la-provincia-en-temas-ambientales\/#primaryimage"},"image":{"@id":"https:\/\/patagoniambiental.com.ar\/info\/concejales-seguiran-trabajando-con-el-municipio-y-la-provincia-en-temas-ambientales\/#primaryimage"},"thumbnailUrl":"https:\/\/patagoniambiental.com.ar\/info\/wp-content\/uploads\/2020\/11\/l_1581525243.jpeg","datePublished":"2020-11-05T10:00:13+00:00","dateModified":"2020-11-05T12:12:48+00:00","breadcrumb":{"@id":"https:\/\/patagoniambiental.com.ar\/info\/concejales-seguiran-trabajando-con-el-municipio-y-la-provincia-en-temas-ambientales\/#breadcrumb"},"inLanguage":"es","potentialAction":[{"@type":"ReadAction","target":["https:\/\/patagoniambiental.com.ar\/info\/concejales-seguiran-trabajando-con-el-municipio-y-la-provincia-en-temas-ambientales\/"]}]},{"@type":"ImageObject","inLanguage":"es","@id":"https:\/\/patagoniambiental.com.ar\/info\/concejales-seguiran-trabajando-con-el-municipio-y-la-provincia-en-temas-ambientales\/#primaryimage","url":"https:\/\/patagoniambiental.com.ar\/info\/wp-content\/uploads\/2020\/11\/l_1581525243.jpeg","contentUrl":"https:\/\/patagoniambiental.com.ar\/info\/wp-content\/uploads\/2020\/11\/l_1581525243.jpeg","width":900,"height":600},{"@type":"BreadcrumbList","@id":"https:\/\/patagoniambiental.com.ar\/info\/concejales-seguiran-trabajando-con-el-municipio-y-la-provincia-en-temas-ambientales\/#breadcrumb","itemListElement":[{"@type":"ListItem","position":1,"name":"Inicio","item":"https:\/\/patagoniambiental.com.ar\/info\/"},{"@type":"ListItem","position":2,"name":"Concejales seguir\u00e1n trabajando con el municipio y la provincia en temas ambientales"}]},{"@type":"WebSite","@id":"https:\/\/patagoniambiental.com.ar\/info\/#website","url":"https:\/\/patagoniambiental.com.ar\/info\/","name":"Patagonia Ambiental","description":"Monitoreo y an\u00e1lisis de la situaci\u00f3n geopol\u00edtica en el mundo y su implicancia en la Patagonia","publisher":{"@id":"https:\/\/patagoniambiental.com.ar\/info\/#organization"},"potentialAction":[{"@type":"SearchAction","target":{"@type":"EntryPoint","urlTemplate":"https:\/\/patagoniambiental.com.ar\/info\/?s={search_term_string}"},"query-input":{"@type":"PropertyValueSpecification","valueRequired":true,"valueName":"search_term_string"}}],"inLanguage":"es"},{"@type":"Organization","@id":"https:\/\/patagoniambiental.com.ar\/info\/#organization","name":"Patagonia Ambiental","url":"https:\/\/patagoniambiental.com.ar\/info\/","logo":{"@type":"ImageObject","inLanguage":"es","@id":"https:\/\/patagoniambiental.com.ar\/info\/#\/schema\/logo\/image\/","url":"https:\/\/patagoniambiental.com.ar\/info\/wp-content\/uploads\/2025\/05\/LOGO-PATAGONIA-AMBIENTAL.png","contentUrl":"https:\/\/patagoniambiental.com.ar\/info\/wp-content\/uploads\/2025\/05\/LOGO-PATAGONIA-AMBIENTAL.png","width":433,"height":250,"caption":"Patagonia Ambiental"},"image":{"@id":"https:\/\/patagoniambiental.com.ar\/info\/#\/schema\/logo\/image\/"},"sameAs":["https:\/\/www.facebook.com\/patagonia.ambiental","https:\/\/x.com\/PatAmb"]},{"@type":"Person","@id":"https:\/\/patagoniambiental.com.ar\/info\/#\/schema\/person\/e5af09d700b2e82cb10c6b8800e0c691","name":"BRAIAN ESTEVEZ","sameAs":["http:\/\/www.patagoniambiental.com.ar"]}]}},"_links":{"self":[{"href":"https:\/\/patagoniambiental.com.ar\/info\/wp-json\/wp\/v2\/posts\/69415","targetHints":{"allow":["GET"]}}],"collection":[{"href":"https:\/\/patagoniambiental.com.ar\/info\/wp-json\/wp\/v2\/posts"}],"about":[{"href":"https:\/\/patagoniambiental.com.ar\/info\/wp-json\/wp\/v2\/types\/post"}],"author":[{"embeddable":true,"href":"https:\/\/patagoniambiental.com.ar\/info\/wp-json\/wp\/v2\/users\/6"}],"replies":[{"embeddable":true,"href":"https:\/\/patagoniambiental.com.ar\/info\/wp-json\/wp\/v2\/comments?post=69415"}],"version-history":[{"count":0,"href":"https:\/\/patagoniambiental.com.ar\/info\/wp-json\/wp\/v2\/posts\/69415\/revisions"}],"wp:featuredmedia":[{"embeddable":true,"href":"https:\/\/patagoniambiental.com.ar\/info\/wp-json\/wp\/v2\/media\/69416"}],"wp:attachment":[{"href":"https:\/\/patagoniambiental.com.ar\/info\/wp-json\/wp\/v2\/media?parent=69415"}],"wp:term":[{"taxonomy":"category","embeddable":true,"href":"https:\/\/patagoniambiental.com.ar\/info\/wp-json\/wp\/v2\/categories?post=69415"},{"taxonomy":"post_tag","embeddable":true,"href":"https:\/\/patagoniambiental.com.ar\/info\/wp-json\/wp\/v2\/tags?post=69415"}],"curies":[{"name":"wp","href":"https:\/\/api.w.org\/{rel}","templated":true}]}}