{"id":69637,"date":"2020-11-16T07:00:43","date_gmt":"2020-11-16T10:00:43","guid":{"rendered":"http:\/\/patagoniambiental.com.ar\/info\/?p=69637"},"modified":"2020-11-16T10:39:48","modified_gmt":"2020-11-16T13:39:48","slug":"en-un-marco-imponente-carreras-presento-la-temporada-turistica-en-rio-negro","status":"publish","type":"post","link":"https:\/\/patagoniambiental.com.ar\/info\/en-un-marco-imponente-carreras-presento-la-temporada-turistica-en-rio-negro\/","title":{"rendered":"En un marco imponente, Carreras present\u00f3 la temporada tur\u00edstica en R\u00edo Negro"},"content":{"rendered":"<div>\n<p>Las Grutas.-La Gobernadora Arabela Carreras encabez\u00f3 este sabado en Las Grutas el acto de presentaci\u00f3n de las temporadas de verano en R\u00edo Negro y del Fondo Espec\u00edfico para la Promoci\u00f3n Tur\u00edstica. En un marco natural imponente como acostumbra el balneario, con la presencia de algunos turistas y una temperatura agradable, se empez\u00f3 a palpitar el inicio de una de las estaciones m\u00e1s lindas del a\u00f1o.<\/p>\n<\/div>\n<p><!--more--><\/p>\n<div>\n<div>La actividad, que tuvo lugar en la 2\u00b0 Bajada, estuvo centrada en dar a conocer todos los detalles para largar la temporada en San Antonio Oeste, San Antonio Este y Las Grutas, San Carlos de Bariloche, El Bols\u00f3n, Dina Huapi, y Playas Doradas.<\/div>\n<div><img fetchpriority=\"high\" decoding=\"async\" class=\"wp-image-69639 alignleft\" src=\"https:\/\/patagoniambiental.com.ar\/info\/wp-content\/uploads\/2020\/11\/00052964-600x400.jpg\" alt=\"\" width=\"327\" height=\"218\" \/><\/div>\n<div>\n<p>Despu\u00e9s de muchos meses de di\u00e1logo entre el Gobierno provincial, los Municipios y el sector privado, se tom\u00f3 la decisi\u00f3n de abrir R\u00edo Negro para el turismo, siempre con el aval de Naci\u00f3n.<\/p>\n<\/div>\n<div>\u00abLa salud es lo primero en todos los sentidos m\u00e1s amplios de la palabra y desde el comienzo de la pandemia en R\u00edo Negro, empezamos a combatir con dos grandes frentes: el sanitario y el de la pobreza, que es muy nocivo para la salud y deja secuelas que son irreversibles. En este contexto, al turismo, que muchas veces se lo interpreta como hip\u00f3tesis de contagio, tambi\u00e9n tenemos que verlo como un gran aliado para luchar contra la pobreza. El 30% del PBI de nuestra provincia proviene del turismo, esto quiere decir que al menos un 30% de las familias se alimentan de este sector, es decir que hablamos de un gran aliado para proteger la salud de la poblaci\u00f3n y as\u00ed poder luchar contra la pobreza\u00bb, argument\u00f3 la Mandataria.<\/div>\n<div><\/div>\n<div>Por eso, Carreras destac\u00f3 la importancia de invertir en turismo: \u00abReglamentamos el financiamiento del Emprotur que permite promocionar nuestros destinos y esto es fundamental para competir en un mercado cada vez m\u00e1s dif\u00edcil; tambi\u00e9n en obras de infraestructura, como la repavimentaci\u00f3n de los accesos a Las Grutas y la ruta 2 que es otra forma de llegar r\u00e1pido y seguro, y a esto le sumamos la generaci\u00f3n de empleo, en un contexto muy complicado\u00bb.<\/div>\n<div><\/div>\n<div><strong>El di\u00e1logo fue clave, coincidieron los intendentes<\/strong><\/div>\n<div><\/div>\n<div>La Gobernadora estuvo acompa\u00f1ada por varios de los intendentes de las ciudades que ya est\u00e1n listas para largar con todo. Uno de ellos fue el anfitri\u00f3n del acto de hoy, Adri\u00e1n Casadei, quien resalt\u00f3 el compromiso asumido por todos para poder dar apertura al turismo: \u00abTodo este tiempo trabajamos en conjunto con la Provincia para ver c\u00f3mo pod\u00edamos generar un turismo responsable, sustentable, que nos permita en este contexto tener una actividad lo m\u00e1s normal posible. Discutimos, lo debatimos y nos pusimos de acuerdo con los intendentes y el sector privado, que es el que impulsa y lleva adelante la actividad, y decimos empezar a trabajar, siempre con mucha responsabilidad y el mayor compromiso posible\u00bb.<\/div>\n<div><\/div>\n<div>Por su parte, el jefe Comunal de Bariloche, Gustavo Gennuso, enfatiz\u00f3: \u00abR\u00edo Negro tiene este corredor del mar a la monta\u00f1a que es una oportunidad maravillosa para mostrar, pero nos agarr\u00f3 la pandemia y nos cerr\u00f3 esto y nos dimos cuenta que el turismo era nuestra principal entrada, sobre todo en Bariloche, donde ven\u00edamos disfrutando temporadas muy buenas; este freno nos puso en un problema muy grave, por eso la apertura al turismo con la prueba piloto fue mucho y empezamos a salir adelante. Hoy estamos ilusionad\u00edsimos porque R\u00edo Negro es turismo y nos quedan muchas zonas por explotar porque tenemos un potencial enorme\u00bb.<\/div>\n<div><\/div>\n<div>El intendente de El Bols\u00f3n, Bruno Pogliano, tambi\u00e9n resalt\u00f3 la decisi\u00f3n provincial: \u00abR\u00edo Negro tiene belleza en el mar, en la cordillera, en la Regi\u00f3n Sur, en todos lados y poder comenzar con esta prueba despu\u00e9s de sufrir tanto, es realmente importante, por eso celebro la decisi\u00f3n del Gobierno provincial. Tuvimos la oportunidad de llevar adelante la prueba piloto y se reactiv\u00f3 notablemente la econom\u00eda que es lo que buscamos, ahora a prepararse para trabajar de la mejor manera\u00bb.<\/div>\n<div><\/div>\n<div>Por el mismo camino fue su par de Sierra Grande, Renzo Tamburrini: \u00abEntendemos que era necesario para nuestra comunidad poder desarrollar la actividad tur\u00edstica en funci\u00f3n de mejorar la econom\u00eda local, por eso festejo la decisi\u00f3n del Gobierno provincial que tuvo la entereza, la constancia y el trabajo profesional para hacer eco de los pedidos y con decisi\u00f3n pol\u00edtica apost\u00f3, trabaj\u00f3 y nos dej\u00f3 participar para hoy estar siendo parte de este acto\u00bb.<\/div>\n<div><\/div>\n<div>De la presentaci\u00f3n tambi\u00e9n participaron el secretario General, Daniel Sanguinetti; el secretario de Turismo provincial, Marcelo Mancini, ministros y dem\u00e1s autoridades.<\/div>\n<div><\/div>\n<\/div>\n<div>Fuente: Gobierno de Rio negro<\/div>\n","protected":false},"excerpt":{"rendered":"<p>Las Grutas.-La Gobernadora Arabela Carreras encabez\u00f3 este sabado en Las Grutas el acto de presentaci\u00f3n de las temporadas de verano [&hellip;]<\/p>\n","protected":false},"author":6,"featured_media":69639,"comment_status":"open","ping_status":"open","sticky":false,"template":"","format":"standard","meta":{"site-sidebar-layout":"default","site-content-layout":"","ast-site-content-layout":"default","site-content-style":"default","site-sidebar-style":"default","ast-global-header-display":"","ast-banner-title-visibility":"","ast-main-header-display":"","ast-hfb-above-header-display":"","ast-hfb-below-header-display":"","ast-hfb-mobile-header-display":"","site-post-title":"","ast-breadcrumbs-content":"","ast-featured-img":"","footer-sml-layout":"","ast-disable-related-posts":"","theme-transparent-header-meta":"","adv-header-id-meta":"","stick-header-meta":"","header-above-stick-meta":"","header-main-stick-meta":"","header-below-stick-meta":"","astra-migrate-meta-layouts":"default","ast-page-background-enabled":"default","ast-page-background-meta":{"desktop":{"background-color":"var(--ast-global-color-5)","background-image":"","background-repeat":"repeat","background-position":"center center","background-size":"auto","background-attachment":"scroll","background-type":"","background-media":"","overlay-type":"","overlay-color":"","overlay-opacity":"","overlay-gradient":""},"tablet":{"background-color":"","background-image":"","background-repeat":"repeat","background-position":"center center","background-size":"auto","background-attachment":"scroll","background-type":"","background-media":"","overlay-type":"","overlay-color":"","overlay-opacity":"","overlay-gradient":""},"mobile":{"background-color":"","background-image":"","background-repeat":"repeat","background-position":"center center","background-size":"auto","background-attachment":"scroll","background-type":"","background-media":"","overlay-type":"","overlay-color":"","overlay-opacity":"","overlay-gradient":""}},"ast-content-background-meta":{"desktop":{"background-color":"var(--ast-global-color-4)","background-image":"","background-repeat":"repeat","background-position":"center center","background-size":"auto","background-attachment":"scroll","background-type":"","background-media":"","overlay-type":"","overlay-color":"","overlay-opacity":"","overlay-gradient":""},"tablet":{"background-color":"var(--ast-global-color-4)","background-image":"","background-repeat":"repeat","background-position":"center center","background-size":"auto","background-attachment":"scroll","background-type":"","background-media":"","overlay-type":"","overlay-color":"","overlay-opacity":"","overlay-gradient":""},"mobile":{"background-color":"var(--ast-global-color-4)","background-image":"","background-repeat":"repeat","background-position":"center center","background-size":"auto","background-attachment":"scroll","background-type":"","background-media":"","overlay-type":"","overlay-color":"","overlay-opacity":"","overlay-gradient":""}},"footnotes":""},"categories":[1,13,14],"tags":[],"class_list":["post-69637","post","type-post","status-publish","format-standard","has-post-thumbnail","hentry","category-noticias","category-provinciales","category-rio-negro"],"yoast_head":"<!-- This site is optimized with the Yoast SEO Premium plugin v23.0 (Yoast SEO v27.4) - https:\/\/yoast.com\/product\/yoast-seo-premium-wordpress\/ -->\n<title>En un marco imponente, Carreras present\u00f3 la temporada tur\u00edstica en R\u00edo Negro<\/title>\n<meta name=\"robots\" content=\"index, follow, max-snippet:-1, max-image-preview:large, max-video-preview:-1\" \/>\n<link rel=\"canonical\" href=\"https:\/\/patagoniambiental.com.ar\/info\/en-un-marco-imponente-carreras-presento-la-temporada-turistica-en-rio-negro\/\" \/>\n<meta property=\"og:locale\" content=\"es_ES\" \/>\n<meta property=\"og:type\" content=\"article\" \/>\n<meta property=\"og:title\" content=\"En un marco imponente, Carreras present\u00f3 la temporada tur\u00edstica en R\u00edo Negro\" \/>\n<meta property=\"og:description\" content=\"Las Grutas.-La Gobernadora Arabela Carreras encabez\u00f3 este sabado en Las Grutas el acto de presentaci\u00f3n de las temporadas de verano [&hellip;]\" \/>\n<meta property=\"og:url\" content=\"https:\/\/patagoniambiental.com.ar\/info\/en-un-marco-imponente-carreras-presento-la-temporada-turistica-en-rio-negro\/\" \/>\n<meta property=\"og:site_name\" content=\"Patagonia Ambiental\" \/>\n<meta property=\"article:publisher\" content=\"https:\/\/www.facebook.com\/patagonia.ambiental\" \/>\n<meta property=\"article:published_time\" content=\"2020-11-16T10:00:43+00:00\" \/>\n<meta property=\"article:modified_time\" content=\"2020-11-16T13:39:48+00:00\" \/>\n<meta property=\"og:image\" content=\"https:\/\/patagoniambiental.com.ar\/info\/wp-content\/uploads\/2020\/11\/00052964.jpg\" \/>\n\t<meta property=\"og:image:width\" content=\"924\" \/>\n\t<meta property=\"og:image:height\" content=\"616\" \/>\n\t<meta property=\"og:image:type\" content=\"image\/jpeg\" \/>\n<meta name=\"author\" content=\"BRAIAN ESTEVEZ\" \/>\n<meta name=\"twitter:card\" content=\"summary_large_image\" \/>\n<meta name=\"twitter:creator\" content=\"@PatAmb\" \/>\n<meta name=\"twitter:site\" content=\"@PatAmb\" \/>\n<script type=\"application\/ld+json\" class=\"yoast-schema-graph\">{\"@context\":\"https:\\\/\\\/schema.org\",\"@graph\":[{\"@type\":\"Article\",\"@id\":\"https:\\\/\\\/patagoniambiental.com.ar\\\/info\\\/en-un-marco-imponente-carreras-presento-la-temporada-turistica-en-rio-negro\\\/#article\",\"isPartOf\":{\"@id\":\"https:\\\/\\\/patagoniambiental.com.ar\\\/info\\\/en-un-marco-imponente-carreras-presento-la-temporada-turistica-en-rio-negro\\\/\"},\"author\":{\"name\":\"BRAIAN ESTEVEZ\",\"@id\":\"https:\\\/\\\/patagoniambiental.com.ar\\\/info\\\/#\\\/schema\\\/person\\\/e5af09d700b2e82cb10c6b8800e0c691\"},\"headline\":\"En un marco imponente, Carreras present\u00f3 la temporada tur\u00edstica en R\u00edo Negro\",\"datePublished\":\"2020-11-16T10:00:43+00:00\",\"dateModified\":\"2020-11-16T13:39:48+00:00\",\"mainEntityOfPage\":{\"@id\":\"https:\\\/\\\/patagoniambiental.com.ar\\\/info\\\/en-un-marco-imponente-carreras-presento-la-temporada-turistica-en-rio-negro\\\/\"},\"wordCount\":814,\"commentCount\":0,\"publisher\":{\"@id\":\"https:\\\/\\\/patagoniambiental.com.ar\\\/info\\\/#organization\"},\"image\":{\"@id\":\"https:\\\/\\\/patagoniambiental.com.ar\\\/info\\\/en-un-marco-imponente-carreras-presento-la-temporada-turistica-en-rio-negro\\\/#primaryimage\"},\"thumbnailUrl\":\"https:\\\/\\\/patagoniambiental.com.ar\\\/info\\\/wp-content\\\/uploads\\\/2020\\\/11\\\/00052964.jpg\",\"articleSection\":[\"Noticias\",\"Provinciales\",\"R\u00edo Negro\"],\"inLanguage\":\"es\",\"potentialAction\":[{\"@type\":\"CommentAction\",\"name\":\"Comment\",\"target\":[\"https:\\\/\\\/patagoniambiental.com.ar\\\/info\\\/en-un-marco-imponente-carreras-presento-la-temporada-turistica-en-rio-negro\\\/#respond\"]}]},{\"@type\":\"WebPage\",\"@id\":\"https:\\\/\\\/patagoniambiental.com.ar\\\/info\\\/en-un-marco-imponente-carreras-presento-la-temporada-turistica-en-rio-negro\\\/\",\"url\":\"https:\\\/\\\/patagoniambiental.com.ar\\\/info\\\/en-un-marco-imponente-carreras-presento-la-temporada-turistica-en-rio-negro\\\/\",\"name\":\"En un marco imponente, Carreras present\u00f3 la temporada tur\u00edstica en R\u00edo Negro\",\"isPartOf\":{\"@id\":\"https:\\\/\\\/patagoniambiental.com.ar\\\/info\\\/#website\"},\"primaryImageOfPage\":{\"@id\":\"https:\\\/\\\/patagoniambiental.com.ar\\\/info\\\/en-un-marco-imponente-carreras-presento-la-temporada-turistica-en-rio-negro\\\/#primaryimage\"},\"image\":{\"@id\":\"https:\\\/\\\/patagoniambiental.com.ar\\\/info\\\/en-un-marco-imponente-carreras-presento-la-temporada-turistica-en-rio-negro\\\/#primaryimage\"},\"thumbnailUrl\":\"https:\\\/\\\/patagoniambiental.com.ar\\\/info\\\/wp-content\\\/uploads\\\/2020\\\/11\\\/00052964.jpg\",\"datePublished\":\"2020-11-16T10:00:43+00:00\",\"dateModified\":\"2020-11-16T13:39:48+00:00\",\"breadcrumb\":{\"@id\":\"https:\\\/\\\/patagoniambiental.com.ar\\\/info\\\/en-un-marco-imponente-carreras-presento-la-temporada-turistica-en-rio-negro\\\/#breadcrumb\"},\"inLanguage\":\"es\",\"potentialAction\":[{\"@type\":\"ReadAction\",\"target\":[\"https:\\\/\\\/patagoniambiental.com.ar\\\/info\\\/en-un-marco-imponente-carreras-presento-la-temporada-turistica-en-rio-negro\\\/\"]}]},{\"@type\":\"ImageObject\",\"inLanguage\":\"es\",\"@id\":\"https:\\\/\\\/patagoniambiental.com.ar\\\/info\\\/en-un-marco-imponente-carreras-presento-la-temporada-turistica-en-rio-negro\\\/#primaryimage\",\"url\":\"https:\\\/\\\/patagoniambiental.com.ar\\\/info\\\/wp-content\\\/uploads\\\/2020\\\/11\\\/00052964.jpg\",\"contentUrl\":\"https:\\\/\\\/patagoniambiental.com.ar\\\/info\\\/wp-content\\\/uploads\\\/2020\\\/11\\\/00052964.jpg\",\"width\":900,\"height\":600},{\"@type\":\"BreadcrumbList\",\"@id\":\"https:\\\/\\\/patagoniambiental.com.ar\\\/info\\\/en-un-marco-imponente-carreras-presento-la-temporada-turistica-en-rio-negro\\\/#breadcrumb\",\"itemListElement\":[{\"@type\":\"ListItem\",\"position\":1,\"name\":\"Inicio\",\"item\":\"https:\\\/\\\/patagoniambiental.com.ar\\\/info\\\/\"},{\"@type\":\"ListItem\",\"position\":2,\"name\":\"En un marco imponente, Carreras present\u00f3 la temporada tur\u00edstica en R\u00edo Negro\"}]},{\"@type\":\"WebSite\",\"@id\":\"https:\\\/\\\/patagoniambiental.com.ar\\\/info\\\/#website\",\"url\":\"https:\\\/\\\/patagoniambiental.com.ar\\\/info\\\/\",\"name\":\"Patagonia Ambiental\",\"description\":\"Monitoreo y an\u00e1lisis de la situaci\u00f3n geopol\u00edtica en el mundo y su implicancia en la Patagonia\",\"publisher\":{\"@id\":\"https:\\\/\\\/patagoniambiental.com.ar\\\/info\\\/#organization\"},\"potentialAction\":[{\"@type\":\"SearchAction\",\"target\":{\"@type\":\"EntryPoint\",\"urlTemplate\":\"https:\\\/\\\/patagoniambiental.com.ar\\\/info\\\/?s={search_term_string}\"},\"query-input\":{\"@type\":\"PropertyValueSpecification\",\"valueRequired\":true,\"valueName\":\"search_term_string\"}}],\"inLanguage\":\"es\"},{\"@type\":\"Organization\",\"@id\":\"https:\\\/\\\/patagoniambiental.com.ar\\\/info\\\/#organization\",\"name\":\"Patagonia Ambiental\",\"url\":\"https:\\\/\\\/patagoniambiental.com.ar\\\/info\\\/\",\"logo\":{\"@type\":\"ImageObject\",\"inLanguage\":\"es\",\"@id\":\"https:\\\/\\\/patagoniambiental.com.ar\\\/info\\\/#\\\/schema\\\/logo\\\/image\\\/\",\"url\":\"https:\\\/\\\/patagoniambiental.com.ar\\\/info\\\/wp-content\\\/uploads\\\/2025\\\/05\\\/LOGO-PATAGONIA-AMBIENTAL.png\",\"contentUrl\":\"https:\\\/\\\/patagoniambiental.com.ar\\\/info\\\/wp-content\\\/uploads\\\/2025\\\/05\\\/LOGO-PATAGONIA-AMBIENTAL.png\",\"width\":433,\"height\":250,\"caption\":\"Patagonia Ambiental\"},\"image\":{\"@id\":\"https:\\\/\\\/patagoniambiental.com.ar\\\/info\\\/#\\\/schema\\\/logo\\\/image\\\/\"},\"sameAs\":[\"https:\\\/\\\/www.facebook.com\\\/patagonia.ambiental\",\"https:\\\/\\\/x.com\\\/PatAmb\"]},{\"@type\":\"Person\",\"@id\":\"https:\\\/\\\/patagoniambiental.com.ar\\\/info\\\/#\\\/schema\\\/person\\\/e5af09d700b2e82cb10c6b8800e0c691\",\"name\":\"BRAIAN ESTEVEZ\",\"sameAs\":[\"http:\\\/\\\/www.patagoniambiental.com.ar\"]}]}<\/script>\n<!-- \/ Yoast SEO Premium plugin. -->","yoast_head_json":{"title":"En un marco imponente, Carreras present\u00f3 la temporada tur\u00edstica en R\u00edo Negro","robots":{"index":"index","follow":"follow","max-snippet":"max-snippet:-1","max-image-preview":"max-image-preview:large","max-video-preview":"max-video-preview:-1"},"canonical":"https:\/\/patagoniambiental.com.ar\/info\/en-un-marco-imponente-carreras-presento-la-temporada-turistica-en-rio-negro\/","og_locale":"es_ES","og_type":"article","og_title":"En un marco imponente, Carreras present\u00f3 la temporada tur\u00edstica en R\u00edo Negro","og_description":"Las Grutas.-La Gobernadora Arabela Carreras encabez\u00f3 este sabado en Las Grutas el acto de presentaci\u00f3n de las temporadas de verano [&hellip;]","og_url":"https:\/\/patagoniambiental.com.ar\/info\/en-un-marco-imponente-carreras-presento-la-temporada-turistica-en-rio-negro\/","og_site_name":"Patagonia Ambiental","article_publisher":"https:\/\/www.facebook.com\/patagonia.ambiental","article_published_time":"2020-11-16T10:00:43+00:00","article_modified_time":"2020-11-16T13:39:48+00:00","og_image":[{"width":924,"height":616,"url":"https:\/\/patagoniambiental.com.ar\/info\/wp-content\/uploads\/2020\/11\/00052964.jpg","type":"image\/jpeg"}],"author":"BRAIAN ESTEVEZ","twitter_card":"summary_large_image","twitter_creator":"@PatAmb","twitter_site":"@PatAmb","schema":{"@context":"https:\/\/schema.org","@graph":[{"@type":"Article","@id":"https:\/\/patagoniambiental.com.ar\/info\/en-un-marco-imponente-carreras-presento-la-temporada-turistica-en-rio-negro\/#article","isPartOf":{"@id":"https:\/\/patagoniambiental.com.ar\/info\/en-un-marco-imponente-carreras-presento-la-temporada-turistica-en-rio-negro\/"},"author":{"name":"BRAIAN ESTEVEZ","@id":"https:\/\/patagoniambiental.com.ar\/info\/#\/schema\/person\/e5af09d700b2e82cb10c6b8800e0c691"},"headline":"En un marco imponente, Carreras present\u00f3 la temporada tur\u00edstica en R\u00edo Negro","datePublished":"2020-11-16T10:00:43+00:00","dateModified":"2020-11-16T13:39:48+00:00","mainEntityOfPage":{"@id":"https:\/\/patagoniambiental.com.ar\/info\/en-un-marco-imponente-carreras-presento-la-temporada-turistica-en-rio-negro\/"},"wordCount":814,"commentCount":0,"publisher":{"@id":"https:\/\/patagoniambiental.com.ar\/info\/#organization"},"image":{"@id":"https:\/\/patagoniambiental.com.ar\/info\/en-un-marco-imponente-carreras-presento-la-temporada-turistica-en-rio-negro\/#primaryimage"},"thumbnailUrl":"https:\/\/patagoniambiental.com.ar\/info\/wp-content\/uploads\/2020\/11\/00052964.jpg","articleSection":["Noticias","Provinciales","R\u00edo Negro"],"inLanguage":"es","potentialAction":[{"@type":"CommentAction","name":"Comment","target":["https:\/\/patagoniambiental.com.ar\/info\/en-un-marco-imponente-carreras-presento-la-temporada-turistica-en-rio-negro\/#respond"]}]},{"@type":"WebPage","@id":"https:\/\/patagoniambiental.com.ar\/info\/en-un-marco-imponente-carreras-presento-la-temporada-turistica-en-rio-negro\/","url":"https:\/\/patagoniambiental.com.ar\/info\/en-un-marco-imponente-carreras-presento-la-temporada-turistica-en-rio-negro\/","name":"En un marco imponente, Carreras present\u00f3 la temporada tur\u00edstica en R\u00edo Negro","isPartOf":{"@id":"https:\/\/patagoniambiental.com.ar\/info\/#website"},"primaryImageOfPage":{"@id":"https:\/\/patagoniambiental.com.ar\/info\/en-un-marco-imponente-carreras-presento-la-temporada-turistica-en-rio-negro\/#primaryimage"},"image":{"@id":"https:\/\/patagoniambiental.com.ar\/info\/en-un-marco-imponente-carreras-presento-la-temporada-turistica-en-rio-negro\/#primaryimage"},"thumbnailUrl":"https:\/\/patagoniambiental.com.ar\/info\/wp-content\/uploads\/2020\/11\/00052964.jpg","datePublished":"2020-11-16T10:00:43+00:00","dateModified":"2020-11-16T13:39:48+00:00","breadcrumb":{"@id":"https:\/\/patagoniambiental.com.ar\/info\/en-un-marco-imponente-carreras-presento-la-temporada-turistica-en-rio-negro\/#breadcrumb"},"inLanguage":"es","potentialAction":[{"@type":"ReadAction","target":["https:\/\/patagoniambiental.com.ar\/info\/en-un-marco-imponente-carreras-presento-la-temporada-turistica-en-rio-negro\/"]}]},{"@type":"ImageObject","inLanguage":"es","@id":"https:\/\/patagoniambiental.com.ar\/info\/en-un-marco-imponente-carreras-presento-la-temporada-turistica-en-rio-negro\/#primaryimage","url":"https:\/\/patagoniambiental.com.ar\/info\/wp-content\/uploads\/2020\/11\/00052964.jpg","contentUrl":"https:\/\/patagoniambiental.com.ar\/info\/wp-content\/uploads\/2020\/11\/00052964.jpg","width":900,"height":600},{"@type":"BreadcrumbList","@id":"https:\/\/patagoniambiental.com.ar\/info\/en-un-marco-imponente-carreras-presento-la-temporada-turistica-en-rio-negro\/#breadcrumb","itemListElement":[{"@type":"ListItem","position":1,"name":"Inicio","item":"https:\/\/patagoniambiental.com.ar\/info\/"},{"@type":"ListItem","position":2,"name":"En un marco imponente, Carreras present\u00f3 la temporada tur\u00edstica en R\u00edo Negro"}]},{"@type":"WebSite","@id":"https:\/\/patagoniambiental.com.ar\/info\/#website","url":"https:\/\/patagoniambiental.com.ar\/info\/","name":"Patagonia Ambiental","description":"Monitoreo y an\u00e1lisis de la situaci\u00f3n geopol\u00edtica en el mundo y su implicancia en la Patagonia","publisher":{"@id":"https:\/\/patagoniambiental.com.ar\/info\/#organization"},"potentialAction":[{"@type":"SearchAction","target":{"@type":"EntryPoint","urlTemplate":"https:\/\/patagoniambiental.com.ar\/info\/?s={search_term_string}"},"query-input":{"@type":"PropertyValueSpecification","valueRequired":true,"valueName":"search_term_string"}}],"inLanguage":"es"},{"@type":"Organization","@id":"https:\/\/patagoniambiental.com.ar\/info\/#organization","name":"Patagonia Ambiental","url":"https:\/\/patagoniambiental.com.ar\/info\/","logo":{"@type":"ImageObject","inLanguage":"es","@id":"https:\/\/patagoniambiental.com.ar\/info\/#\/schema\/logo\/image\/","url":"https:\/\/patagoniambiental.com.ar\/info\/wp-content\/uploads\/2025\/05\/LOGO-PATAGONIA-AMBIENTAL.png","contentUrl":"https:\/\/patagoniambiental.com.ar\/info\/wp-content\/uploads\/2025\/05\/LOGO-PATAGONIA-AMBIENTAL.png","width":433,"height":250,"caption":"Patagonia Ambiental"},"image":{"@id":"https:\/\/patagoniambiental.com.ar\/info\/#\/schema\/logo\/image\/"},"sameAs":["https:\/\/www.facebook.com\/patagonia.ambiental","https:\/\/x.com\/PatAmb"]},{"@type":"Person","@id":"https:\/\/patagoniambiental.com.ar\/info\/#\/schema\/person\/e5af09d700b2e82cb10c6b8800e0c691","name":"BRAIAN ESTEVEZ","sameAs":["http:\/\/www.patagoniambiental.com.ar"]}]}},"_links":{"self":[{"href":"https:\/\/patagoniambiental.com.ar\/info\/wp-json\/wp\/v2\/posts\/69637","targetHints":{"allow":["GET"]}}],"collection":[{"href":"https:\/\/patagoniambiental.com.ar\/info\/wp-json\/wp\/v2\/posts"}],"about":[{"href":"https:\/\/patagoniambiental.com.ar\/info\/wp-json\/wp\/v2\/types\/post"}],"author":[{"embeddable":true,"href":"https:\/\/patagoniambiental.com.ar\/info\/wp-json\/wp\/v2\/users\/6"}],"replies":[{"embeddable":true,"href":"https:\/\/patagoniambiental.com.ar\/info\/wp-json\/wp\/v2\/comments?post=69637"}],"version-history":[{"count":0,"href":"https:\/\/patagoniambiental.com.ar\/info\/wp-json\/wp\/v2\/posts\/69637\/revisions"}],"wp:featuredmedia":[{"embeddable":true,"href":"https:\/\/patagoniambiental.com.ar\/info\/wp-json\/wp\/v2\/media\/69639"}],"wp:attachment":[{"href":"https:\/\/patagoniambiental.com.ar\/info\/wp-json\/wp\/v2\/media?parent=69637"}],"wp:term":[{"taxonomy":"category","embeddable":true,"href":"https:\/\/patagoniambiental.com.ar\/info\/wp-json\/wp\/v2\/categories?post=69637"},{"taxonomy":"post_tag","embeddable":true,"href":"https:\/\/patagoniambiental.com.ar\/info\/wp-json\/wp\/v2\/tags?post=69637"}],"curies":[{"name":"wp","href":"https:\/\/api.w.org\/{rel}","templated":true}]}}