{"id":69649,"date":"2020-11-17T07:00:18","date_gmt":"2020-11-17T10:00:18","guid":{"rendered":"http:\/\/patagoniambiental.com.ar\/info\/?p=69649"},"modified":"2020-11-17T08:47:35","modified_gmt":"2020-11-17T11:47:35","slug":"cabandie-estuvo-en-la-rioja-junto-al-gobernador-quintela-con-una-amplia-agenda-ambiental","status":"publish","type":"post","link":"https:\/\/patagoniambiental.com.ar\/info\/cabandie-estuvo-en-la-rioja-junto-al-gobernador-quintela-con-una-amplia-agenda-ambiental\/","title":{"rendered":"Cabandi\u00e9 estuvo en La Rioja junto al gobernador Quintela, con una amplia agenda ambiental"},"content":{"rendered":"<div>La Rioja.-El ministro de la cartera nacional Ambiental particip\u00f3, en esa provincia, de una nutrida actividad donde se entreg\u00f3 equipamiento para el tratamiento de residuos s\u00f3lidos urbanos, se anunci\u00f3 la construcci\u00f3n del Centro Regional Ambiental Los Llanos y se rubric\u00f3 la adhesi\u00f3n al Plan Integral Casa Com\u00fan.<\/div>\n<p><!--more--><\/p>\n<div><\/div>\n<div>Ciudad Aut\u00f3noma de Buenos Aires, 16 de noviembre de 2020.-\u00a0El ministro de Ambiente y Desarrollo Sostenible, Juan Cabandi\u00e9, particip\u00f3 en La Rioja de un acto donde, acompa\u00f1ado por el gobernador Ricardo Quintela, anunci\u00f3\u00a0 \u2014como parte del Plan Federal de Erradicaci\u00f3n de Basurales a Cielo Abierto\u2014, la construcci\u00f3n del Centro Ambiental Llanos Norte, que beneficiar\u00e1 a unos 30 mil habitantes. Tambi\u00e9n se realiz\u00f3 la entrega de equipamiento para la mejora de las condiciones laborales de las y\u00a0 los recicladores urbanos de diferentes departamentos de la provincia, se firm\u00f3 la adhesi\u00f3n al Plan Integral Casa Com\u00fan y se anunci\u00f3 la reapertura del Parque nacional Talampaya, el pr\u00f3ximo 1 de diciembre.<\/div>\n<p>&nbsp;<\/p>\n<p dir=\"ltr\">\u201cVamos a destinar 138 millones de pesos iniciales de fuente externa del Banco Interamericano de Desarrollo para maquinaria estrat\u00e9gica para la clasificaci\u00f3n de residuos en los departamentos Chilecito, Rosario Vera Pe\u00f1aloza y Arauco\u201d, sostuvo Cabandi\u00e9, a lo que agreg\u00f3 que esas inversiones apuntan a generar empleos a trav\u00e9s del reciclado. Luego, anunci\u00f3 que el a\u00f1o que viene se comenzar\u00e1 a construir el Centro Regional Ambiental.<\/p>\n<p>&nbsp;<\/p>\n<p dir=\"ltr\">Este Centro posibilitar\u00e1 el tratamiento y la disposici\u00f3n final de todos los residuos generados en la zona. Las instalaciones incluir\u00e1n una planta de clasificaci\u00f3n, de compostaje, m\u00f3dulos de disposici\u00f3n final, relleno sanitario o vertedero. Los centros de transferencia ser\u00e1n utilizados para la disposici\u00f3n final, clasificaci\u00f3n y separaci\u00f3n de residuos junto con el saneamiento de los basurales a cielo abierto del \u00e1rea, y beneficiar\u00e1 a los departamentos riojanos del Chamical, Independencia, Angel Vicente Pe\u00f1aloza y General Belgrano.<\/p>\n<p>&nbsp;<\/p>\n<p dir=\"ltr\">Por otra parte, el equipamiento entregado servir\u00e1 para la clasificaci\u00f3n para residuos y para contribuir con el desarrollo de la econom\u00eda circular. Ser\u00e1 dispuesto en los departamentos de Rosario Vera Pe\u00f1aloza, Gral Ocampo, General San Mart\u00edn, Chilecito, Famatina, San Blas de los Sauces, Arauco, Castro Barros y Sanagasta, General Belgrano, Chamical, Facundo Quiroga y Angel Vicente Pe\u00f1aloza.<\/p>\n<p>&nbsp;<\/p>\n<p dir=\"ltr\">Del mismo modo, el Plan Casa Com\u00fan, al que la provincia adhiri\u00f3, es una iniciativa federal que promueve el desarrollo humano integral y sostenible a trav\u00e9s de iniciativas innovadoras de producci\u00f3n, concientizaci\u00f3n y educaci\u00f3n, y busca atender las demandas concretas de los sectores m\u00e1s postergados y vulnerables, generar puestos de trabajo y alentar nuevas formas de producci\u00f3n y consumo a partir del desarrollo de iniciativas socioambientales basadas en la promoci\u00f3n de la agroecolog\u00eda y pr\u00e1cticas sostenibles, el desarrollo de una econom\u00eda circular, y la gesti\u00f3n de reservas naturales urbanas, viveros y \u00e1reas verdes.<\/p>\n<p>&nbsp;<\/p>\n<p dir=\"ltr\">La actividad tuvo lugar en la residencia del gobernador Quintela y cont\u00f3 con presencia de la vicegobernadora, Florencia L\u00f3pez; el secretario de Ambiente y presidente del Consejo Federal de Medio Ambiente (COFEMA), Santiago Azulay; la secretaria de Pol\u00edtica Ambiental en Recursos Naturales, Florencia G\u00f3mez del Ministerio de Ambiente y Desarrollo Sostenible de la Naci\u00f3n; ministros y secretarios del ejecutivo provincial; diputados nacionales y provinciales; el intendente del Parque nacional Talampaya, Jos\u00e9 Mar\u00eda Hervas e intendentes de los distintos departamentos.<\/p>\n<p>&nbsp;<\/p>\n<p dir=\"ltr\">M\u00e1s temprano, el titular de la cartera Ambiental nacional hab\u00eda visitado el Parque de Juventudes, que recibi\u00f3 mediante Casa Com\u00fan, paneles solares, captadores de energ\u00eda y mobiliario. Tambi\u00e9n particip\u00f3 all\u00ed de una actividad de reforestaci\u00f3n que incluy\u00f3 la plantaci\u00f3n de \u00e1rboles.<\/p>\n<p>&nbsp;<\/p>\n<p dir=\"ltr\">Avanzada la jornada, el funcionario se traslad\u00f3 hasta el departamento Angel Vicente Pe\u00f1aloza para la inauguraci\u00f3n de un vivero modular de producci\u00f3n de plantines forestales de especies nativas, con las que se iniciar\u00e1 el proceso de restauraci\u00f3n de las 2.700 hect\u00e1reas afectadas por los incendios forestales. Asimismo, en la Reserva Sierra de Los Quinteros, Cabandi\u00e9 asisti\u00f3 a la presentaci\u00f3n de una casa para los guardaparques, ubicada en la entrada de la reserva de usos m\u00faltiples Quebrada del C\u00f3ndor. Ambas iniciativas, en funcionamiento a partir de hoy, fueron financiadas con fondos de la Ley de Bosques.<\/p>\n<p>&nbsp;<\/p>\n<p dir=\"ltr\">Para acceder al material fotogr\u00e1fico y de video, <a href=\"https:\/\/ambiente.tr.pemsv30.net\/c\/eyJhIjoiYW1iaWVudGUiLCJtIjoibWFpbF9ja2hsOGNhZWFzZnQ4MGE0OTY0OWZlOG5hIiwibCI6ImxpbmtfZWU0YWJlYjFlZTU2YjVhMTlkNDUzZjQwZTE4Nzg4OGIxODJlMTEzZSIsImkiOltdLCJ1IjoiaHR0cHM6Ly9kcml2ZS5nb29nbGUuY29tL2RyaXZlL3UvMi9mb2xkZXJzLzFrbUF6S2U3RFdiMFhWQ0ZGWEJ3MHZFckFYRDhnbDNpOSIsImMiOiIiLCJoIjoiNmFmZjZhIn0\" target=\"_blank\" rel=\"noopener noreferrer\" data-auth=\"NotApplicable\">cliquear ac\u00e1.<\/a><\/p>\n<p dir=\"ltr\">Fuente: Ministerio de Ambiente y Desarrollo Sustentable de Naci\u00f3n<\/p>\n<table border=\"0\" width=\"100%\" cellspacing=\"0\" cellpadding=\"0\">\n<tbody>\n<tr>\n<td align=\"center\">&nbsp;<\/p>\n<p>&nbsp;<\/p>\n<table class=\"x_email-container\" width=\"600\">\n<tbody>\n<tr>\n<td>\n<div class=\"x_eddie-page\">\n<table border=\"0\" cellspacing=\"0\" cellpadding=\"0\">\n<tbody>\n<tr class=\"x_selected-region\">\n<td class=\"x_stack-column\" valign=\"top\">\n<div class=\"x_selected-element\">\n<p dir=\"ltr\">\n<div><\/div>\n<div><\/div>\n<div><\/div>\n<\/div>\n<\/td>\n<\/tr>\n<\/tbody>\n<\/table>\n<table border=\"0\" cellspacing=\"0\" cellpadding=\"0\">\n<tbody>\n<tr>\n<td class=\"x_stack-column\" align=\"center\" valign=\"top\">\n<div class=\"x_eddie-wrapper\"><img decoding=\"async\" class=\"x_fluid\" src=\"blob:https:\/\/outlook.live.com\/9be3e381-ea19-4392-a767-1f297eff1594\" alt=\"\" width=\"auto\" height=\"auto\" data-imagetype=\"External\" data-connectorsauthtoken=\"1\" data-imageproxyendpoint=\"\/actions\/ei\" data-imageproxyid=\"\" \/><\/div>\n<\/td>\n<\/tr>\n<\/tbody>\n<\/table>\n<table border=\"0\" cellspacing=\"0\" cellpadding=\"0\">\n<tbody>\n<tr>\n<td class=\"x_stack-column\" align=\"center\" valign=\"top\"><\/td>\n<\/tr>\n<\/tbody>\n<\/table>\n<\/div>\n<\/td>\n<\/tr>\n<\/tbody>\n<\/table>\n<\/td>\n<\/tr>\n<\/tbody>\n<\/table>\n<p><img decoding=\"async\" src=\"data:image\/gif;base64,R0lGODlhAQABAIAAAAAAAP\/\/\/yH5BAEAAAEALAAAAAABAAEAAAIBTAA7\" alt=\"\" width=\"1\" height=\"1\" border=\"0\" data-imagetype=\"External\" data-connectorsauthtoken=\"1\" data-imageproxyendpoint=\"\/actions\/ei\" data-imageproxyid=\"\" \/><\/p>\n","protected":false},"excerpt":{"rendered":"<p>La Rioja.-El ministro de la cartera nacional Ambiental particip\u00f3, en esa provincia, de una nutrida actividad donde se entreg\u00f3 equipamiento [&hellip;]<\/p>\n","protected":false},"author":6,"featured_media":69650,"comment_status":"open","ping_status":"open","sticky":false,"template":"","format":"standard","meta":{"site-sidebar-layout":"default","site-content-layout":"","ast-site-content-layout":"default","site-content-style":"default","site-sidebar-style":"default","ast-global-header-display":"","ast-banner-title-visibility":"","ast-main-header-display":"","ast-hfb-above-header-display":"","ast-hfb-below-header-display":"","ast-hfb-mobile-header-display":"","site-post-title":"","ast-breadcrumbs-content":"","ast-featured-img":"","footer-sml-layout":"","ast-disable-related-posts":"","theme-transparent-header-meta":"","adv-header-id-meta":"","stick-header-meta":"","header-above-stick-meta":"","header-main-stick-meta":"","header-below-stick-meta":"","astra-migrate-meta-layouts":"default","ast-page-background-enabled":"default","ast-page-background-meta":{"desktop":{"background-color":"var(--ast-global-color-5)","background-image":"","background-repeat":"repeat","background-position":"center center","background-size":"auto","background-attachment":"scroll","background-type":"","background-media":"","overlay-type":"","overlay-color":"","overlay-opacity":"","overlay-gradient":""},"tablet":{"background-color":"","background-image":"","background-repeat":"repeat","background-position":"center center","background-size":"auto","background-attachment":"scroll","background-type":"","background-media":"","overlay-type":"","overlay-color":"","overlay-opacity":"","overlay-gradient":""},"mobile":{"background-color":"","background-image":"","background-repeat":"repeat","background-position":"center center","background-size":"auto","background-attachment":"scroll","background-type":"","background-media":"","overlay-type":"","overlay-color":"","overlay-opacity":"","overlay-gradient":""}},"ast-content-background-meta":{"desktop":{"background-color":"var(--ast-global-color-4)","background-image":"","background-repeat":"repeat","background-position":"center center","background-size":"auto","background-attachment":"scroll","background-type":"","background-media":"","overlay-type":"","overlay-color":"","overlay-opacity":"","overlay-gradient":""},"tablet":{"background-color":"var(--ast-global-color-4)","background-image":"","background-repeat":"repeat","background-position":"center center","background-size":"auto","background-attachment":"scroll","background-type":"","background-media":"","overlay-type":"","overlay-color":"","overlay-opacity":"","overlay-gradient":""},"mobile":{"background-color":"var(--ast-global-color-4)","background-image":"","background-repeat":"repeat","background-position":"center center","background-size":"auto","background-attachment":"scroll","background-type":"","background-media":"","overlay-type":"","overlay-color":"","overlay-opacity":"","overlay-gradient":""}},"footnotes":""},"categories":[11,19,1,10],"tags":[],"class_list":["post-69649","post","type-post","status-publish","format-standard","has-post-thumbnail","hentry","category-boletin","category-nacionales","category-noticias","category-rotador"],"yoast_head":"<!-- This site is optimized with the Yoast SEO Premium plugin v23.0 (Yoast SEO v27.5) - https:\/\/yoast.com\/product\/yoast-seo-premium-wordpress\/ -->\n<title>Cabandi\u00e9 estuvo en La Rioja junto al gobernador Quintela, con una amplia agenda ambiental<\/title>\n<meta name=\"robots\" content=\"index, follow, max-snippet:-1, max-image-preview:large, max-video-preview:-1\" \/>\n<link rel=\"canonical\" href=\"https:\/\/patagoniambiental.com.ar\/info\/cabandie-estuvo-en-la-rioja-junto-al-gobernador-quintela-con-una-amplia-agenda-ambiental\/\" \/>\n<meta property=\"og:locale\" content=\"es_ES\" \/>\n<meta property=\"og:type\" content=\"article\" \/>\n<meta property=\"og:title\" content=\"Cabandi\u00e9 estuvo en La Rioja junto al gobernador Quintela, con una amplia agenda ambiental\" \/>\n<meta property=\"og:description\" content=\"La Rioja.-El ministro de la cartera nacional Ambiental particip\u00f3, en esa provincia, de una nutrida actividad donde se entreg\u00f3 equipamiento [&hellip;]\" \/>\n<meta property=\"og:url\" content=\"https:\/\/patagoniambiental.com.ar\/info\/cabandie-estuvo-en-la-rioja-junto-al-gobernador-quintela-con-una-amplia-agenda-ambiental\/\" \/>\n<meta property=\"og:site_name\" content=\"Patagonia Ambiental\" \/>\n<meta property=\"article:publisher\" content=\"https:\/\/www.facebook.com\/patagonia.ambiental\" \/>\n<meta property=\"article:published_time\" content=\"2020-11-17T10:00:18+00:00\" \/>\n<meta property=\"article:modified_time\" content=\"2020-11-17T11:47:35+00:00\" \/>\n<meta property=\"og:image\" content=\"https:\/\/patagoniambiental.com.ar\/info\/wp-content\/uploads\/2020\/11\/23-1.jpg\" \/>\n\t<meta property=\"og:image:width\" content=\"591\" \/>\n\t<meta property=\"og:image:height\" content=\"332\" \/>\n\t<meta property=\"og:image:type\" content=\"image\/jpeg\" \/>\n<meta name=\"author\" content=\"BRAIAN ESTEVEZ\" \/>\n<meta name=\"twitter:card\" content=\"summary_large_image\" \/>\n<meta name=\"twitter:creator\" content=\"@PatAmb\" \/>\n<meta name=\"twitter:site\" content=\"@PatAmb\" \/>\n<script type=\"application\/ld+json\" class=\"yoast-schema-graph\">{\"@context\":\"https:\\\/\\\/schema.org\",\"@graph\":[{\"@type\":\"Article\",\"@id\":\"https:\\\/\\\/patagoniambiental.com.ar\\\/info\\\/cabandie-estuvo-en-la-rioja-junto-al-gobernador-quintela-con-una-amplia-agenda-ambiental\\\/#article\",\"isPartOf\":{\"@id\":\"https:\\\/\\\/patagoniambiental.com.ar\\\/info\\\/cabandie-estuvo-en-la-rioja-junto-al-gobernador-quintela-con-una-amplia-agenda-ambiental\\\/\"},\"author\":{\"name\":\"BRAIAN ESTEVEZ\",\"@id\":\"https:\\\/\\\/patagoniambiental.com.ar\\\/info\\\/#\\\/schema\\\/person\\\/e5af09d700b2e82cb10c6b8800e0c691\"},\"headline\":\"Cabandi\u00e9 estuvo en La Rioja junto al gobernador Quintela, con una amplia agenda ambiental\",\"datePublished\":\"2020-11-17T10:00:18+00:00\",\"dateModified\":\"2020-11-17T11:47:35+00:00\",\"mainEntityOfPage\":{\"@id\":\"https:\\\/\\\/patagoniambiental.com.ar\\\/info\\\/cabandie-estuvo-en-la-rioja-junto-al-gobernador-quintela-con-una-amplia-agenda-ambiental\\\/\"},\"wordCount\":767,\"commentCount\":0,\"publisher\":{\"@id\":\"https:\\\/\\\/patagoniambiental.com.ar\\\/info\\\/#organization\"},\"image\":{\"@id\":\"https:\\\/\\\/patagoniambiental.com.ar\\\/info\\\/cabandie-estuvo-en-la-rioja-junto-al-gobernador-quintela-con-una-amplia-agenda-ambiental\\\/#primaryimage\"},\"thumbnailUrl\":\"https:\\\/\\\/patagoniambiental.com.ar\\\/info\\\/wp-content\\\/uploads\\\/2020\\\/11\\\/23-1.jpg\",\"articleSection\":[\"Bolet\u00edn\",\"Nacionales\",\"Noticias\",\"Rotador\"],\"inLanguage\":\"es\",\"potentialAction\":[{\"@type\":\"CommentAction\",\"name\":\"Comment\",\"target\":[\"https:\\\/\\\/patagoniambiental.com.ar\\\/info\\\/cabandie-estuvo-en-la-rioja-junto-al-gobernador-quintela-con-una-amplia-agenda-ambiental\\\/#respond\"]}]},{\"@type\":\"WebPage\",\"@id\":\"https:\\\/\\\/patagoniambiental.com.ar\\\/info\\\/cabandie-estuvo-en-la-rioja-junto-al-gobernador-quintela-con-una-amplia-agenda-ambiental\\\/\",\"url\":\"https:\\\/\\\/patagoniambiental.com.ar\\\/info\\\/cabandie-estuvo-en-la-rioja-junto-al-gobernador-quintela-con-una-amplia-agenda-ambiental\\\/\",\"name\":\"Cabandi\u00e9 estuvo en La Rioja junto al gobernador Quintela, con una amplia agenda ambiental\",\"isPartOf\":{\"@id\":\"https:\\\/\\\/patagoniambiental.com.ar\\\/info\\\/#website\"},\"primaryImageOfPage\":{\"@id\":\"https:\\\/\\\/patagoniambiental.com.ar\\\/info\\\/cabandie-estuvo-en-la-rioja-junto-al-gobernador-quintela-con-una-amplia-agenda-ambiental\\\/#primaryimage\"},\"image\":{\"@id\":\"https:\\\/\\\/patagoniambiental.com.ar\\\/info\\\/cabandie-estuvo-en-la-rioja-junto-al-gobernador-quintela-con-una-amplia-agenda-ambiental\\\/#primaryimage\"},\"thumbnailUrl\":\"https:\\\/\\\/patagoniambiental.com.ar\\\/info\\\/wp-content\\\/uploads\\\/2020\\\/11\\\/23-1.jpg\",\"datePublished\":\"2020-11-17T10:00:18+00:00\",\"dateModified\":\"2020-11-17T11:47:35+00:00\",\"breadcrumb\":{\"@id\":\"https:\\\/\\\/patagoniambiental.com.ar\\\/info\\\/cabandie-estuvo-en-la-rioja-junto-al-gobernador-quintela-con-una-amplia-agenda-ambiental\\\/#breadcrumb\"},\"inLanguage\":\"es\",\"potentialAction\":[{\"@type\":\"ReadAction\",\"target\":[\"https:\\\/\\\/patagoniambiental.com.ar\\\/info\\\/cabandie-estuvo-en-la-rioja-junto-al-gobernador-quintela-con-una-amplia-agenda-ambiental\\\/\"]}]},{\"@type\":\"ImageObject\",\"inLanguage\":\"es\",\"@id\":\"https:\\\/\\\/patagoniambiental.com.ar\\\/info\\\/cabandie-estuvo-en-la-rioja-junto-al-gobernador-quintela-con-una-amplia-agenda-ambiental\\\/#primaryimage\",\"url\":\"https:\\\/\\\/patagoniambiental.com.ar\\\/info\\\/wp-content\\\/uploads\\\/2020\\\/11\\\/23-1.jpg\",\"contentUrl\":\"https:\\\/\\\/patagoniambiental.com.ar\\\/info\\\/wp-content\\\/uploads\\\/2020\\\/11\\\/23-1.jpg\",\"width\":591,\"height\":332},{\"@type\":\"BreadcrumbList\",\"@id\":\"https:\\\/\\\/patagoniambiental.com.ar\\\/info\\\/cabandie-estuvo-en-la-rioja-junto-al-gobernador-quintela-con-una-amplia-agenda-ambiental\\\/#breadcrumb\",\"itemListElement\":[{\"@type\":\"ListItem\",\"position\":1,\"name\":\"Inicio\",\"item\":\"https:\\\/\\\/patagoniambiental.com.ar\\\/info\\\/\"},{\"@type\":\"ListItem\",\"position\":2,\"name\":\"Cabandi\u00e9 estuvo en La Rioja junto al gobernador Quintela, con una amplia agenda ambiental\"}]},{\"@type\":\"WebSite\",\"@id\":\"https:\\\/\\\/patagoniambiental.com.ar\\\/info\\\/#website\",\"url\":\"https:\\\/\\\/patagoniambiental.com.ar\\\/info\\\/\",\"name\":\"Patagonia Ambiental\",\"description\":\"Monitoreo y an\u00e1lisis de la situaci\u00f3n geopol\u00edtica en el mundo y su implicancia en la Patagonia\",\"publisher\":{\"@id\":\"https:\\\/\\\/patagoniambiental.com.ar\\\/info\\\/#organization\"},\"potentialAction\":[{\"@type\":\"SearchAction\",\"target\":{\"@type\":\"EntryPoint\",\"urlTemplate\":\"https:\\\/\\\/patagoniambiental.com.ar\\\/info\\\/?s={search_term_string}\"},\"query-input\":{\"@type\":\"PropertyValueSpecification\",\"valueRequired\":true,\"valueName\":\"search_term_string\"}}],\"inLanguage\":\"es\"},{\"@type\":\"Organization\",\"@id\":\"https:\\\/\\\/patagoniambiental.com.ar\\\/info\\\/#organization\",\"name\":\"Patagonia Ambiental\",\"url\":\"https:\\\/\\\/patagoniambiental.com.ar\\\/info\\\/\",\"logo\":{\"@type\":\"ImageObject\",\"inLanguage\":\"es\",\"@id\":\"https:\\\/\\\/patagoniambiental.com.ar\\\/info\\\/#\\\/schema\\\/logo\\\/image\\\/\",\"url\":\"https:\\\/\\\/patagoniambiental.com.ar\\\/info\\\/wp-content\\\/uploads\\\/2025\\\/05\\\/LOGO-PATAGONIA-AMBIENTAL.png\",\"contentUrl\":\"https:\\\/\\\/patagoniambiental.com.ar\\\/info\\\/wp-content\\\/uploads\\\/2025\\\/05\\\/LOGO-PATAGONIA-AMBIENTAL.png\",\"width\":433,\"height\":250,\"caption\":\"Patagonia Ambiental\"},\"image\":{\"@id\":\"https:\\\/\\\/patagoniambiental.com.ar\\\/info\\\/#\\\/schema\\\/logo\\\/image\\\/\"},\"sameAs\":[\"https:\\\/\\\/www.facebook.com\\\/patagonia.ambiental\",\"https:\\\/\\\/x.com\\\/PatAmb\"]},{\"@type\":\"Person\",\"@id\":\"https:\\\/\\\/patagoniambiental.com.ar\\\/info\\\/#\\\/schema\\\/person\\\/e5af09d700b2e82cb10c6b8800e0c691\",\"name\":\"BRAIAN ESTEVEZ\",\"sameAs\":[\"http:\\\/\\\/www.patagoniambiental.com.ar\"]}]}<\/script>\n<!-- \/ Yoast SEO Premium plugin. -->","yoast_head_json":{"title":"Cabandi\u00e9 estuvo en La Rioja junto al gobernador Quintela, con una amplia agenda ambiental","robots":{"index":"index","follow":"follow","max-snippet":"max-snippet:-1","max-image-preview":"max-image-preview:large","max-video-preview":"max-video-preview:-1"},"canonical":"https:\/\/patagoniambiental.com.ar\/info\/cabandie-estuvo-en-la-rioja-junto-al-gobernador-quintela-con-una-amplia-agenda-ambiental\/","og_locale":"es_ES","og_type":"article","og_title":"Cabandi\u00e9 estuvo en La Rioja junto al gobernador Quintela, con una amplia agenda ambiental","og_description":"La Rioja.-El ministro de la cartera nacional Ambiental particip\u00f3, en esa provincia, de una nutrida actividad donde se entreg\u00f3 equipamiento [&hellip;]","og_url":"https:\/\/patagoniambiental.com.ar\/info\/cabandie-estuvo-en-la-rioja-junto-al-gobernador-quintela-con-una-amplia-agenda-ambiental\/","og_site_name":"Patagonia Ambiental","article_publisher":"https:\/\/www.facebook.com\/patagonia.ambiental","article_published_time":"2020-11-17T10:00:18+00:00","article_modified_time":"2020-11-17T11:47:35+00:00","og_image":[{"width":591,"height":332,"url":"https:\/\/patagoniambiental.com.ar\/info\/wp-content\/uploads\/2020\/11\/23-1.jpg","type":"image\/jpeg"}],"author":"BRAIAN ESTEVEZ","twitter_card":"summary_large_image","twitter_creator":"@PatAmb","twitter_site":"@PatAmb","schema":{"@context":"https:\/\/schema.org","@graph":[{"@type":"Article","@id":"https:\/\/patagoniambiental.com.ar\/info\/cabandie-estuvo-en-la-rioja-junto-al-gobernador-quintela-con-una-amplia-agenda-ambiental\/#article","isPartOf":{"@id":"https:\/\/patagoniambiental.com.ar\/info\/cabandie-estuvo-en-la-rioja-junto-al-gobernador-quintela-con-una-amplia-agenda-ambiental\/"},"author":{"name":"BRAIAN ESTEVEZ","@id":"https:\/\/patagoniambiental.com.ar\/info\/#\/schema\/person\/e5af09d700b2e82cb10c6b8800e0c691"},"headline":"Cabandi\u00e9 estuvo en La Rioja junto al gobernador Quintela, con una amplia agenda ambiental","datePublished":"2020-11-17T10:00:18+00:00","dateModified":"2020-11-17T11:47:35+00:00","mainEntityOfPage":{"@id":"https:\/\/patagoniambiental.com.ar\/info\/cabandie-estuvo-en-la-rioja-junto-al-gobernador-quintela-con-una-amplia-agenda-ambiental\/"},"wordCount":767,"commentCount":0,"publisher":{"@id":"https:\/\/patagoniambiental.com.ar\/info\/#organization"},"image":{"@id":"https:\/\/patagoniambiental.com.ar\/info\/cabandie-estuvo-en-la-rioja-junto-al-gobernador-quintela-con-una-amplia-agenda-ambiental\/#primaryimage"},"thumbnailUrl":"https:\/\/patagoniambiental.com.ar\/info\/wp-content\/uploads\/2020\/11\/23-1.jpg","articleSection":["Bolet\u00edn","Nacionales","Noticias","Rotador"],"inLanguage":"es","potentialAction":[{"@type":"CommentAction","name":"Comment","target":["https:\/\/patagoniambiental.com.ar\/info\/cabandie-estuvo-en-la-rioja-junto-al-gobernador-quintela-con-una-amplia-agenda-ambiental\/#respond"]}]},{"@type":"WebPage","@id":"https:\/\/patagoniambiental.com.ar\/info\/cabandie-estuvo-en-la-rioja-junto-al-gobernador-quintela-con-una-amplia-agenda-ambiental\/","url":"https:\/\/patagoniambiental.com.ar\/info\/cabandie-estuvo-en-la-rioja-junto-al-gobernador-quintela-con-una-amplia-agenda-ambiental\/","name":"Cabandi\u00e9 estuvo en La Rioja junto al gobernador Quintela, con una amplia agenda ambiental","isPartOf":{"@id":"https:\/\/patagoniambiental.com.ar\/info\/#website"},"primaryImageOfPage":{"@id":"https:\/\/patagoniambiental.com.ar\/info\/cabandie-estuvo-en-la-rioja-junto-al-gobernador-quintela-con-una-amplia-agenda-ambiental\/#primaryimage"},"image":{"@id":"https:\/\/patagoniambiental.com.ar\/info\/cabandie-estuvo-en-la-rioja-junto-al-gobernador-quintela-con-una-amplia-agenda-ambiental\/#primaryimage"},"thumbnailUrl":"https:\/\/patagoniambiental.com.ar\/info\/wp-content\/uploads\/2020\/11\/23-1.jpg","datePublished":"2020-11-17T10:00:18+00:00","dateModified":"2020-11-17T11:47:35+00:00","breadcrumb":{"@id":"https:\/\/patagoniambiental.com.ar\/info\/cabandie-estuvo-en-la-rioja-junto-al-gobernador-quintela-con-una-amplia-agenda-ambiental\/#breadcrumb"},"inLanguage":"es","potentialAction":[{"@type":"ReadAction","target":["https:\/\/patagoniambiental.com.ar\/info\/cabandie-estuvo-en-la-rioja-junto-al-gobernador-quintela-con-una-amplia-agenda-ambiental\/"]}]},{"@type":"ImageObject","inLanguage":"es","@id":"https:\/\/patagoniambiental.com.ar\/info\/cabandie-estuvo-en-la-rioja-junto-al-gobernador-quintela-con-una-amplia-agenda-ambiental\/#primaryimage","url":"https:\/\/patagoniambiental.com.ar\/info\/wp-content\/uploads\/2020\/11\/23-1.jpg","contentUrl":"https:\/\/patagoniambiental.com.ar\/info\/wp-content\/uploads\/2020\/11\/23-1.jpg","width":591,"height":332},{"@type":"BreadcrumbList","@id":"https:\/\/patagoniambiental.com.ar\/info\/cabandie-estuvo-en-la-rioja-junto-al-gobernador-quintela-con-una-amplia-agenda-ambiental\/#breadcrumb","itemListElement":[{"@type":"ListItem","position":1,"name":"Inicio","item":"https:\/\/patagoniambiental.com.ar\/info\/"},{"@type":"ListItem","position":2,"name":"Cabandi\u00e9 estuvo en La Rioja junto al gobernador Quintela, con una amplia agenda ambiental"}]},{"@type":"WebSite","@id":"https:\/\/patagoniambiental.com.ar\/info\/#website","url":"https:\/\/patagoniambiental.com.ar\/info\/","name":"Patagonia Ambiental","description":"Monitoreo y an\u00e1lisis de la situaci\u00f3n geopol\u00edtica en el mundo y su implicancia en la Patagonia","publisher":{"@id":"https:\/\/patagoniambiental.com.ar\/info\/#organization"},"potentialAction":[{"@type":"SearchAction","target":{"@type":"EntryPoint","urlTemplate":"https:\/\/patagoniambiental.com.ar\/info\/?s={search_term_string}"},"query-input":{"@type":"PropertyValueSpecification","valueRequired":true,"valueName":"search_term_string"}}],"inLanguage":"es"},{"@type":"Organization","@id":"https:\/\/patagoniambiental.com.ar\/info\/#organization","name":"Patagonia Ambiental","url":"https:\/\/patagoniambiental.com.ar\/info\/","logo":{"@type":"ImageObject","inLanguage":"es","@id":"https:\/\/patagoniambiental.com.ar\/info\/#\/schema\/logo\/image\/","url":"https:\/\/patagoniambiental.com.ar\/info\/wp-content\/uploads\/2025\/05\/LOGO-PATAGONIA-AMBIENTAL.png","contentUrl":"https:\/\/patagoniambiental.com.ar\/info\/wp-content\/uploads\/2025\/05\/LOGO-PATAGONIA-AMBIENTAL.png","width":433,"height":250,"caption":"Patagonia Ambiental"},"image":{"@id":"https:\/\/patagoniambiental.com.ar\/info\/#\/schema\/logo\/image\/"},"sameAs":["https:\/\/www.facebook.com\/patagonia.ambiental","https:\/\/x.com\/PatAmb"]},{"@type":"Person","@id":"https:\/\/patagoniambiental.com.ar\/info\/#\/schema\/person\/e5af09d700b2e82cb10c6b8800e0c691","name":"BRAIAN ESTEVEZ","sameAs":["http:\/\/www.patagoniambiental.com.ar"]}]}},"_links":{"self":[{"href":"https:\/\/patagoniambiental.com.ar\/info\/wp-json\/wp\/v2\/posts\/69649","targetHints":{"allow":["GET"]}}],"collection":[{"href":"https:\/\/patagoniambiental.com.ar\/info\/wp-json\/wp\/v2\/posts"}],"about":[{"href":"https:\/\/patagoniambiental.com.ar\/info\/wp-json\/wp\/v2\/types\/post"}],"author":[{"embeddable":true,"href":"https:\/\/patagoniambiental.com.ar\/info\/wp-json\/wp\/v2\/users\/6"}],"replies":[{"embeddable":true,"href":"https:\/\/patagoniambiental.com.ar\/info\/wp-json\/wp\/v2\/comments?post=69649"}],"version-history":[{"count":0,"href":"https:\/\/patagoniambiental.com.ar\/info\/wp-json\/wp\/v2\/posts\/69649\/revisions"}],"wp:featuredmedia":[{"embeddable":true,"href":"https:\/\/patagoniambiental.com.ar\/info\/wp-json\/wp\/v2\/media\/69650"}],"wp:attachment":[{"href":"https:\/\/patagoniambiental.com.ar\/info\/wp-json\/wp\/v2\/media?parent=69649"}],"wp:term":[{"taxonomy":"category","embeddable":true,"href":"https:\/\/patagoniambiental.com.ar\/info\/wp-json\/wp\/v2\/categories?post=69649"},{"taxonomy":"post_tag","embeddable":true,"href":"https:\/\/patagoniambiental.com.ar\/info\/wp-json\/wp\/v2\/tags?post=69649"}],"curies":[{"name":"wp","href":"https:\/\/api.w.org\/{rel}","templated":true}]}}