{"id":69742,"date":"2020-11-19T18:27:08","date_gmt":"2020-11-19T21:27:08","guid":{"rendered":"http:\/\/patagoniambiental.com.ar\/info\/?p=69742"},"modified":"2020-11-19T18:27:08","modified_gmt":"2020-11-19T21:27:08","slug":"autorizaron-la-transferencia-para-crear-el-parque-nacional-islote-lobos","status":"publish","type":"post","link":"https:\/\/patagoniambiental.com.ar\/info\/autorizaron-la-transferencia-para-crear-el-parque-nacional-islote-lobos\/","title":{"rendered":"Autorizaron la transferencia para crear el \u201cParque Nacional Islote Lobos\u201d"},"content":{"rendered":"<div class=\"row pt-2 pb-2\">\n<div class=\"col-md-6 text-right\">\n<p>Sierra Grande.-La Legislatura rionegrina sancion\u00f3 por unanimidad el permiso para transferir al Estado nacional la jurisdicci\u00f3n sobre el sector costero donde se encuentra la reserva provincial \u201cComplejo Islote Lobos\u201d, para convertirlo en parque nacional.<\/p>\n<\/div>\n<\/div>\n<p><!--more--><\/p>\n<div class=\"content\">\n<p>El \u00e1rea natural se encuentra sobre el golfo San Mat\u00edas, en la costa atl\u00e1ntica de la provincia, a unos 50 km de Sierra Grande, lindante con el balneario Playas Doradas.<\/p>\n<p><img fetchpriority=\"high\" decoding=\"async\" class=\"img-fluid alignleft\" src=\"https:\/\/webadmin.legisrn.gov.ar\/comunicacion\/wp-content\/uploads\/sites\/2\/2020\/11\/Screenshot_20201119_172408-800x450.png\" sizes=\"(max-width: 800px) 100vw, 800px\" srcset=\"https:\/\/webadmin.legisrn.gov.ar\/comunicacion\/wp-content\/uploads\/sites\/2\/2020\/11\/Screenshot_20201119_172408-800x450.png 800w, https:\/\/webadmin.legisrn.gov.ar\/comunicacion\/wp-content\/uploads\/sites\/2\/2020\/11\/Screenshot_20201119_172408-768x432.png 768w, https:\/\/webadmin.legisrn.gov.ar\/comunicacion\/wp-content\/uploads\/sites\/2\/2020\/11\/Screenshot_20201119_172408-24x13.png 24w, https:\/\/webadmin.legisrn.gov.ar\/comunicacion\/wp-content\/uploads\/sites\/2\/2020\/11\/Screenshot_20201119_172408-36x20.png 36w, https:\/\/webadmin.legisrn.gov.ar\/comunicacion\/wp-content\/uploads\/sites\/2\/2020\/11\/Screenshot_20201119_172408-48x27.png 48w, https:\/\/webadmin.legisrn.gov.ar\/comunicacion\/wp-content\/uploads\/sites\/2\/2020\/11\/Screenshot_20201119_172408.png 1366w\" alt=\"\" width=\"562\" height=\"316\" \/><\/p>\n<p>La reserva provincial fue creada por decreto en 1977 y en 2008, tambi\u00e9n por decreto, se fijaron los l\u00edmites provisorios con el objetivo de brindar una adecuada protecci\u00f3n a la colonia de lobos marinos de un pelo, a los sitios de nidificaci\u00f3n de aves ubicados en los denominados Islotes de los P\u00e1jaros y Punta Pozos, y al humedal.<\/p>\n<p>Entre 2018 y 2019 se elabor\u00f3, desde la Secretar\u00eda de Ambiente y Desarrollo Sustentable de la provincia, el Plan de Manejo del \u00c1rea Natural Protegida Complejo Islote Lobos, que concluy\u00f3 con la elaboraci\u00f3n de esta iniciativa.<\/p>\n<p>La legisladora Roxana Fern\u00e1ndez (JSRN) celebr\u00f3 el acuerdo entre el gobierno nacional, provincial y municipal (de Sierra Grande) para llevar adelante este proyecto. Se\u00f1al\u00f3 que a partir de esta aprobaci\u00f3n, \u201cel Estado nacional tendr\u00e1 un plazo de dos a\u00f1os para sancionar la ley de creaci\u00f3n del parque, y el compromiso de una serie de infraestructura que tiene que realizar, como por ejemplo, las dependencias de intendencia en Sierra Grande, una oficina de informes en la misma localidad y otra en Playas Doradas.\u201d<\/p>\n<p>Afirm\u00f3 que esta zona \u201ces un para\u00edso natural poco conocido y poco visitado, que reviste una gran fragilidad\u201d. Explic\u00f3 que se tratar\u00e1 del segundo parque nacional de R\u00edo Negro, el primero es el Nahuel Huapi, y el n\u00famero 40 del pa\u00eds, y que esta situaci\u00f3n geogr\u00e1fica permitir\u00e1 hacer un corredor tur\u00edstico entre un parque nacional en la cordillera y otro en la costa, conectados por la ruta nacional 23.<\/p>\n<p>En este sentido, remarc\u00f3 que Sierra Grande tiene una gran expectativa por el desarrollo tur\u00edstico y econ\u00f3mico que puede llegar a generarse, con un alcance internacional.<\/p>\n<p>El legislador Facundo Montecino Odarda (FDT) adelant\u00f3 el voto positivo de su bancada y resalt\u00f3 que fue una iniciativa del gobierno nacional actual. Detall\u00f3 que tiene una vasta flora y fauna, con 61 especies de aves costeras mar\u00edtimas y 94 terrestres, y por lo menos 27 especies de mam\u00edferos terrestres y 30 de marinos.<\/p>\n<p>Juan Mart\u00edn (JxelC) adelant\u00f3 tambi\u00e9n su voto positivo y destac\u00f3 la importancia que tiene para Sierra Grande este paso.<\/p>\n<p>Mar\u00eda Eugenia Martini (FDT) expres\u00f3 su apoyo y afirm\u00f3 que Argentina tiene 46 \u00e1reas protegidas, que protegen casi al 7 por ciento del territorio de nuestro pa\u00eds y a la vez generan turismo. En este sentido, indic\u00f3 que entre 2003 y 2014 se registr\u00f3 un 88 por ciento m\u00e1s de visitas a esas reservas naturales.<\/p>\n<p>Por otra parte, destac\u00f3 que \u201cla biodiversidad que se da en este incre\u00edble Parque ayuda a controlar los brotes de virus del mundo\u201d.<\/p>\n<p>Fuente: Legislatura de Rio Negro<\/p>\n<\/div>\n","protected":false},"excerpt":{"rendered":"<p>Sierra Grande.-La Legislatura rionegrina sancion\u00f3 por unanimidad el permiso para transferir al Estado nacional la jurisdicci\u00f3n sobre el sector costero [&hellip;]<\/p>\n","protected":false},"author":6,"featured_media":69743,"comment_status":"open","ping_status":"open","sticky":false,"template":"","format":"standard","meta":{"site-sidebar-layout":"default","site-content-layout":"","ast-site-content-layout":"default","site-content-style":"default","site-sidebar-style":"default","ast-global-header-display":"","ast-banner-title-visibility":"","ast-main-header-display":"","ast-hfb-above-header-display":"","ast-hfb-below-header-display":"","ast-hfb-mobile-header-display":"","site-post-title":"","ast-breadcrumbs-content":"","ast-featured-img":"","footer-sml-layout":"","ast-disable-related-posts":"","theme-transparent-header-meta":"","adv-header-id-meta":"","stick-header-meta":"","header-above-stick-meta":"","header-main-stick-meta":"","header-below-stick-meta":"","astra-migrate-meta-layouts":"default","ast-page-background-enabled":"default","ast-page-background-meta":{"desktop":{"background-color":"var(--ast-global-color-5)","background-image":"","background-repeat":"repeat","background-position":"center center","background-size":"auto","background-attachment":"scroll","background-type":"","background-media":"","overlay-type":"","overlay-color":"","overlay-opacity":"","overlay-gradient":""},"tablet":{"background-color":"","background-image":"","background-repeat":"repeat","background-position":"center center","background-size":"auto","background-attachment":"scroll","background-type":"","background-media":"","overlay-type":"","overlay-color":"","overlay-opacity":"","overlay-gradient":""},"mobile":{"background-color":"","background-image":"","background-repeat":"repeat","background-position":"center center","background-size":"auto","background-attachment":"scroll","background-type":"","background-media":"","overlay-type":"","overlay-color":"","overlay-opacity":"","overlay-gradient":""}},"ast-content-background-meta":{"desktop":{"background-color":"var(--ast-global-color-4)","background-image":"","background-repeat":"repeat","background-position":"center center","background-size":"auto","background-attachment":"scroll","background-type":"","background-media":"","overlay-type":"","overlay-color":"","overlay-opacity":"","overlay-gradient":""},"tablet":{"background-color":"var(--ast-global-color-4)","background-image":"","background-repeat":"repeat","background-position":"center center","background-size":"auto","background-attachment":"scroll","background-type":"","background-media":"","overlay-type":"","overlay-color":"","overlay-opacity":"","overlay-gradient":""},"mobile":{"background-color":"var(--ast-global-color-4)","background-image":"","background-repeat":"repeat","background-position":"center center","background-size":"auto","background-attachment":"scroll","background-type":"","background-media":"","overlay-type":"","overlay-color":"","overlay-opacity":"","overlay-gradient":""}},"footnotes":""},"categories":[11,19,1,10],"tags":[],"class_list":["post-69742","post","type-post","status-publish","format-standard","has-post-thumbnail","hentry","category-boletin","category-nacionales","category-noticias","category-rotador"],"yoast_head":"<!-- This site is optimized with the Yoast SEO Premium plugin v23.0 (Yoast SEO v27.5) - https:\/\/yoast.com\/product\/yoast-seo-premium-wordpress\/ -->\n<title>Autorizaron la transferencia para crear el \u201cParque Nacional Islote Lobos\u201d<\/title>\n<meta name=\"robots\" content=\"index, follow, max-snippet:-1, max-image-preview:large, max-video-preview:-1\" \/>\n<link rel=\"canonical\" href=\"https:\/\/patagoniambiental.com.ar\/info\/autorizaron-la-transferencia-para-crear-el-parque-nacional-islote-lobos\/\" \/>\n<meta property=\"og:locale\" content=\"es_ES\" \/>\n<meta property=\"og:type\" content=\"article\" \/>\n<meta property=\"og:title\" content=\"Autorizaron la transferencia para crear el \u201cParque Nacional Islote Lobos\u201d\" \/>\n<meta property=\"og:description\" content=\"Sierra Grande.-La Legislatura rionegrina sancion\u00f3 por unanimidad el permiso para transferir al Estado nacional la jurisdicci\u00f3n sobre el sector costero [&hellip;]\" \/>\n<meta property=\"og:url\" content=\"https:\/\/patagoniambiental.com.ar\/info\/autorizaron-la-transferencia-para-crear-el-parque-nacional-islote-lobos\/\" \/>\n<meta property=\"og:site_name\" content=\"Patagonia Ambiental\" \/>\n<meta property=\"article:publisher\" content=\"https:\/\/www.facebook.com\/patagonia.ambiental\" \/>\n<meta property=\"article:published_time\" content=\"2020-11-19T21:27:08+00:00\" \/>\n<meta property=\"og:image\" content=\"https:\/\/patagoniambiental.com.ar\/info\/wp-content\/uploads\/2020\/11\/Screenshot_20201119_172408-768x432.png\" \/>\n\t<meta property=\"og:image:width\" content=\"768\" \/>\n\t<meta property=\"og:image:height\" content=\"432\" \/>\n\t<meta property=\"og:image:type\" content=\"image\/png\" \/>\n<meta name=\"author\" content=\"BRAIAN ESTEVEZ\" \/>\n<meta name=\"twitter:card\" content=\"summary_large_image\" \/>\n<meta name=\"twitter:creator\" content=\"@PatAmb\" \/>\n<meta name=\"twitter:site\" content=\"@PatAmb\" \/>\n<script type=\"application\/ld+json\" class=\"yoast-schema-graph\">{\"@context\":\"https:\\\/\\\/schema.org\",\"@graph\":[{\"@type\":\"Article\",\"@id\":\"https:\\\/\\\/patagoniambiental.com.ar\\\/info\\\/autorizaron-la-transferencia-para-crear-el-parque-nacional-islote-lobos\\\/#article\",\"isPartOf\":{\"@id\":\"https:\\\/\\\/patagoniambiental.com.ar\\\/info\\\/autorizaron-la-transferencia-para-crear-el-parque-nacional-islote-lobos\\\/\"},\"author\":{\"name\":\"BRAIAN ESTEVEZ\",\"@id\":\"https:\\\/\\\/patagoniambiental.com.ar\\\/info\\\/#\\\/schema\\\/person\\\/e5af09d700b2e82cb10c6b8800e0c691\"},\"headline\":\"Autorizaron la transferencia para crear el \u201cParque Nacional Islote Lobos\u201d\",\"datePublished\":\"2020-11-19T21:27:08+00:00\",\"mainEntityOfPage\":{\"@id\":\"https:\\\/\\\/patagoniambiental.com.ar\\\/info\\\/autorizaron-la-transferencia-para-crear-el-parque-nacional-islote-lobos\\\/\"},\"wordCount\":518,\"commentCount\":0,\"publisher\":{\"@id\":\"https:\\\/\\\/patagoniambiental.com.ar\\\/info\\\/#organization\"},\"image\":{\"@id\":\"https:\\\/\\\/patagoniambiental.com.ar\\\/info\\\/autorizaron-la-transferencia-para-crear-el-parque-nacional-islote-lobos\\\/#primaryimage\"},\"thumbnailUrl\":\"https:\\\/\\\/patagoniambiental.com.ar\\\/info\\\/wp-content\\\/uploads\\\/2020\\\/11\\\/Screenshot_20201119_172408-768x432.png\",\"articleSection\":[\"Bolet\u00edn\",\"Nacionales\",\"Noticias\",\"Rotador\"],\"inLanguage\":\"es\",\"potentialAction\":[{\"@type\":\"CommentAction\",\"name\":\"Comment\",\"target\":[\"https:\\\/\\\/patagoniambiental.com.ar\\\/info\\\/autorizaron-la-transferencia-para-crear-el-parque-nacional-islote-lobos\\\/#respond\"]}]},{\"@type\":\"WebPage\",\"@id\":\"https:\\\/\\\/patagoniambiental.com.ar\\\/info\\\/autorizaron-la-transferencia-para-crear-el-parque-nacional-islote-lobos\\\/\",\"url\":\"https:\\\/\\\/patagoniambiental.com.ar\\\/info\\\/autorizaron-la-transferencia-para-crear-el-parque-nacional-islote-lobos\\\/\",\"name\":\"Autorizaron la transferencia para crear el \u201cParque Nacional Islote Lobos\u201d\",\"isPartOf\":{\"@id\":\"https:\\\/\\\/patagoniambiental.com.ar\\\/info\\\/#website\"},\"primaryImageOfPage\":{\"@id\":\"https:\\\/\\\/patagoniambiental.com.ar\\\/info\\\/autorizaron-la-transferencia-para-crear-el-parque-nacional-islote-lobos\\\/#primaryimage\"},\"image\":{\"@id\":\"https:\\\/\\\/patagoniambiental.com.ar\\\/info\\\/autorizaron-la-transferencia-para-crear-el-parque-nacional-islote-lobos\\\/#primaryimage\"},\"thumbnailUrl\":\"https:\\\/\\\/patagoniambiental.com.ar\\\/info\\\/wp-content\\\/uploads\\\/2020\\\/11\\\/Screenshot_20201119_172408-768x432.png\",\"datePublished\":\"2020-11-19T21:27:08+00:00\",\"breadcrumb\":{\"@id\":\"https:\\\/\\\/patagoniambiental.com.ar\\\/info\\\/autorizaron-la-transferencia-para-crear-el-parque-nacional-islote-lobos\\\/#breadcrumb\"},\"inLanguage\":\"es\",\"potentialAction\":[{\"@type\":\"ReadAction\",\"target\":[\"https:\\\/\\\/patagoniambiental.com.ar\\\/info\\\/autorizaron-la-transferencia-para-crear-el-parque-nacional-islote-lobos\\\/\"]}]},{\"@type\":\"ImageObject\",\"inLanguage\":\"es\",\"@id\":\"https:\\\/\\\/patagoniambiental.com.ar\\\/info\\\/autorizaron-la-transferencia-para-crear-el-parque-nacional-islote-lobos\\\/#primaryimage\",\"url\":\"https:\\\/\\\/patagoniambiental.com.ar\\\/info\\\/wp-content\\\/uploads\\\/2020\\\/11\\\/Screenshot_20201119_172408-768x432.png\",\"contentUrl\":\"https:\\\/\\\/patagoniambiental.com.ar\\\/info\\\/wp-content\\\/uploads\\\/2020\\\/11\\\/Screenshot_20201119_172408-768x432.png\",\"width\":768,\"height\":432},{\"@type\":\"BreadcrumbList\",\"@id\":\"https:\\\/\\\/patagoniambiental.com.ar\\\/info\\\/autorizaron-la-transferencia-para-crear-el-parque-nacional-islote-lobos\\\/#breadcrumb\",\"itemListElement\":[{\"@type\":\"ListItem\",\"position\":1,\"name\":\"Inicio\",\"item\":\"https:\\\/\\\/patagoniambiental.com.ar\\\/info\\\/\"},{\"@type\":\"ListItem\",\"position\":2,\"name\":\"Autorizaron la transferencia para crear el \u201cParque Nacional Islote Lobos\u201d\"}]},{\"@type\":\"WebSite\",\"@id\":\"https:\\\/\\\/patagoniambiental.com.ar\\\/info\\\/#website\",\"url\":\"https:\\\/\\\/patagoniambiental.com.ar\\\/info\\\/\",\"name\":\"Patagonia Ambiental\",\"description\":\"Monitoreo y an\u00e1lisis de la situaci\u00f3n geopol\u00edtica en el mundo y su implicancia en la Patagonia\",\"publisher\":{\"@id\":\"https:\\\/\\\/patagoniambiental.com.ar\\\/info\\\/#organization\"},\"potentialAction\":[{\"@type\":\"SearchAction\",\"target\":{\"@type\":\"EntryPoint\",\"urlTemplate\":\"https:\\\/\\\/patagoniambiental.com.ar\\\/info\\\/?s={search_term_string}\"},\"query-input\":{\"@type\":\"PropertyValueSpecification\",\"valueRequired\":true,\"valueName\":\"search_term_string\"}}],\"inLanguage\":\"es\"},{\"@type\":\"Organization\",\"@id\":\"https:\\\/\\\/patagoniambiental.com.ar\\\/info\\\/#organization\",\"name\":\"Patagonia Ambiental\",\"url\":\"https:\\\/\\\/patagoniambiental.com.ar\\\/info\\\/\",\"logo\":{\"@type\":\"ImageObject\",\"inLanguage\":\"es\",\"@id\":\"https:\\\/\\\/patagoniambiental.com.ar\\\/info\\\/#\\\/schema\\\/logo\\\/image\\\/\",\"url\":\"https:\\\/\\\/patagoniambiental.com.ar\\\/info\\\/wp-content\\\/uploads\\\/2025\\\/05\\\/LOGO-PATAGONIA-AMBIENTAL.png\",\"contentUrl\":\"https:\\\/\\\/patagoniambiental.com.ar\\\/info\\\/wp-content\\\/uploads\\\/2025\\\/05\\\/LOGO-PATAGONIA-AMBIENTAL.png\",\"width\":433,\"height\":250,\"caption\":\"Patagonia Ambiental\"},\"image\":{\"@id\":\"https:\\\/\\\/patagoniambiental.com.ar\\\/info\\\/#\\\/schema\\\/logo\\\/image\\\/\"},\"sameAs\":[\"https:\\\/\\\/www.facebook.com\\\/patagonia.ambiental\",\"https:\\\/\\\/x.com\\\/PatAmb\"]},{\"@type\":\"Person\",\"@id\":\"https:\\\/\\\/patagoniambiental.com.ar\\\/info\\\/#\\\/schema\\\/person\\\/e5af09d700b2e82cb10c6b8800e0c691\",\"name\":\"BRAIAN ESTEVEZ\",\"sameAs\":[\"http:\\\/\\\/www.patagoniambiental.com.ar\"]}]}<\/script>\n<!-- \/ Yoast SEO Premium plugin. -->","yoast_head_json":{"title":"Autorizaron la transferencia para crear el \u201cParque Nacional Islote Lobos\u201d","robots":{"index":"index","follow":"follow","max-snippet":"max-snippet:-1","max-image-preview":"max-image-preview:large","max-video-preview":"max-video-preview:-1"},"canonical":"https:\/\/patagoniambiental.com.ar\/info\/autorizaron-la-transferencia-para-crear-el-parque-nacional-islote-lobos\/","og_locale":"es_ES","og_type":"article","og_title":"Autorizaron la transferencia para crear el \u201cParque Nacional Islote Lobos\u201d","og_description":"Sierra Grande.-La Legislatura rionegrina sancion\u00f3 por unanimidad el permiso para transferir al Estado nacional la jurisdicci\u00f3n sobre el sector costero [&hellip;]","og_url":"https:\/\/patagoniambiental.com.ar\/info\/autorizaron-la-transferencia-para-crear-el-parque-nacional-islote-lobos\/","og_site_name":"Patagonia Ambiental","article_publisher":"https:\/\/www.facebook.com\/patagonia.ambiental","article_published_time":"2020-11-19T21:27:08+00:00","og_image":[{"width":768,"height":432,"url":"https:\/\/patagoniambiental.com.ar\/info\/wp-content\/uploads\/2020\/11\/Screenshot_20201119_172408-768x432.png","type":"image\/png"}],"author":"BRAIAN ESTEVEZ","twitter_card":"summary_large_image","twitter_creator":"@PatAmb","twitter_site":"@PatAmb","schema":{"@context":"https:\/\/schema.org","@graph":[{"@type":"Article","@id":"https:\/\/patagoniambiental.com.ar\/info\/autorizaron-la-transferencia-para-crear-el-parque-nacional-islote-lobos\/#article","isPartOf":{"@id":"https:\/\/patagoniambiental.com.ar\/info\/autorizaron-la-transferencia-para-crear-el-parque-nacional-islote-lobos\/"},"author":{"name":"BRAIAN ESTEVEZ","@id":"https:\/\/patagoniambiental.com.ar\/info\/#\/schema\/person\/e5af09d700b2e82cb10c6b8800e0c691"},"headline":"Autorizaron la transferencia para crear el \u201cParque Nacional Islote Lobos\u201d","datePublished":"2020-11-19T21:27:08+00:00","mainEntityOfPage":{"@id":"https:\/\/patagoniambiental.com.ar\/info\/autorizaron-la-transferencia-para-crear-el-parque-nacional-islote-lobos\/"},"wordCount":518,"commentCount":0,"publisher":{"@id":"https:\/\/patagoniambiental.com.ar\/info\/#organization"},"image":{"@id":"https:\/\/patagoniambiental.com.ar\/info\/autorizaron-la-transferencia-para-crear-el-parque-nacional-islote-lobos\/#primaryimage"},"thumbnailUrl":"https:\/\/patagoniambiental.com.ar\/info\/wp-content\/uploads\/2020\/11\/Screenshot_20201119_172408-768x432.png","articleSection":["Bolet\u00edn","Nacionales","Noticias","Rotador"],"inLanguage":"es","potentialAction":[{"@type":"CommentAction","name":"Comment","target":["https:\/\/patagoniambiental.com.ar\/info\/autorizaron-la-transferencia-para-crear-el-parque-nacional-islote-lobos\/#respond"]}]},{"@type":"WebPage","@id":"https:\/\/patagoniambiental.com.ar\/info\/autorizaron-la-transferencia-para-crear-el-parque-nacional-islote-lobos\/","url":"https:\/\/patagoniambiental.com.ar\/info\/autorizaron-la-transferencia-para-crear-el-parque-nacional-islote-lobos\/","name":"Autorizaron la transferencia para crear el \u201cParque Nacional Islote Lobos\u201d","isPartOf":{"@id":"https:\/\/patagoniambiental.com.ar\/info\/#website"},"primaryImageOfPage":{"@id":"https:\/\/patagoniambiental.com.ar\/info\/autorizaron-la-transferencia-para-crear-el-parque-nacional-islote-lobos\/#primaryimage"},"image":{"@id":"https:\/\/patagoniambiental.com.ar\/info\/autorizaron-la-transferencia-para-crear-el-parque-nacional-islote-lobos\/#primaryimage"},"thumbnailUrl":"https:\/\/patagoniambiental.com.ar\/info\/wp-content\/uploads\/2020\/11\/Screenshot_20201119_172408-768x432.png","datePublished":"2020-11-19T21:27:08+00:00","breadcrumb":{"@id":"https:\/\/patagoniambiental.com.ar\/info\/autorizaron-la-transferencia-para-crear-el-parque-nacional-islote-lobos\/#breadcrumb"},"inLanguage":"es","potentialAction":[{"@type":"ReadAction","target":["https:\/\/patagoniambiental.com.ar\/info\/autorizaron-la-transferencia-para-crear-el-parque-nacional-islote-lobos\/"]}]},{"@type":"ImageObject","inLanguage":"es","@id":"https:\/\/patagoniambiental.com.ar\/info\/autorizaron-la-transferencia-para-crear-el-parque-nacional-islote-lobos\/#primaryimage","url":"https:\/\/patagoniambiental.com.ar\/info\/wp-content\/uploads\/2020\/11\/Screenshot_20201119_172408-768x432.png","contentUrl":"https:\/\/patagoniambiental.com.ar\/info\/wp-content\/uploads\/2020\/11\/Screenshot_20201119_172408-768x432.png","width":768,"height":432},{"@type":"BreadcrumbList","@id":"https:\/\/patagoniambiental.com.ar\/info\/autorizaron-la-transferencia-para-crear-el-parque-nacional-islote-lobos\/#breadcrumb","itemListElement":[{"@type":"ListItem","position":1,"name":"Inicio","item":"https:\/\/patagoniambiental.com.ar\/info\/"},{"@type":"ListItem","position":2,"name":"Autorizaron la transferencia para crear el \u201cParque Nacional Islote Lobos\u201d"}]},{"@type":"WebSite","@id":"https:\/\/patagoniambiental.com.ar\/info\/#website","url":"https:\/\/patagoniambiental.com.ar\/info\/","name":"Patagonia Ambiental","description":"Monitoreo y an\u00e1lisis de la situaci\u00f3n geopol\u00edtica en el mundo y su implicancia en la Patagonia","publisher":{"@id":"https:\/\/patagoniambiental.com.ar\/info\/#organization"},"potentialAction":[{"@type":"SearchAction","target":{"@type":"EntryPoint","urlTemplate":"https:\/\/patagoniambiental.com.ar\/info\/?s={search_term_string}"},"query-input":{"@type":"PropertyValueSpecification","valueRequired":true,"valueName":"search_term_string"}}],"inLanguage":"es"},{"@type":"Organization","@id":"https:\/\/patagoniambiental.com.ar\/info\/#organization","name":"Patagonia Ambiental","url":"https:\/\/patagoniambiental.com.ar\/info\/","logo":{"@type":"ImageObject","inLanguage":"es","@id":"https:\/\/patagoniambiental.com.ar\/info\/#\/schema\/logo\/image\/","url":"https:\/\/patagoniambiental.com.ar\/info\/wp-content\/uploads\/2025\/05\/LOGO-PATAGONIA-AMBIENTAL.png","contentUrl":"https:\/\/patagoniambiental.com.ar\/info\/wp-content\/uploads\/2025\/05\/LOGO-PATAGONIA-AMBIENTAL.png","width":433,"height":250,"caption":"Patagonia Ambiental"},"image":{"@id":"https:\/\/patagoniambiental.com.ar\/info\/#\/schema\/logo\/image\/"},"sameAs":["https:\/\/www.facebook.com\/patagonia.ambiental","https:\/\/x.com\/PatAmb"]},{"@type":"Person","@id":"https:\/\/patagoniambiental.com.ar\/info\/#\/schema\/person\/e5af09d700b2e82cb10c6b8800e0c691","name":"BRAIAN ESTEVEZ","sameAs":["http:\/\/www.patagoniambiental.com.ar"]}]}},"_links":{"self":[{"href":"https:\/\/patagoniambiental.com.ar\/info\/wp-json\/wp\/v2\/posts\/69742","targetHints":{"allow":["GET"]}}],"collection":[{"href":"https:\/\/patagoniambiental.com.ar\/info\/wp-json\/wp\/v2\/posts"}],"about":[{"href":"https:\/\/patagoniambiental.com.ar\/info\/wp-json\/wp\/v2\/types\/post"}],"author":[{"embeddable":true,"href":"https:\/\/patagoniambiental.com.ar\/info\/wp-json\/wp\/v2\/users\/6"}],"replies":[{"embeddable":true,"href":"https:\/\/patagoniambiental.com.ar\/info\/wp-json\/wp\/v2\/comments?post=69742"}],"version-history":[{"count":0,"href":"https:\/\/patagoniambiental.com.ar\/info\/wp-json\/wp\/v2\/posts\/69742\/revisions"}],"wp:featuredmedia":[{"embeddable":true,"href":"https:\/\/patagoniambiental.com.ar\/info\/wp-json\/wp\/v2\/media\/69743"}],"wp:attachment":[{"href":"https:\/\/patagoniambiental.com.ar\/info\/wp-json\/wp\/v2\/media?parent=69742"}],"wp:term":[{"taxonomy":"category","embeddable":true,"href":"https:\/\/patagoniambiental.com.ar\/info\/wp-json\/wp\/v2\/categories?post=69742"},{"taxonomy":"post_tag","embeddable":true,"href":"https:\/\/patagoniambiental.com.ar\/info\/wp-json\/wp\/v2\/tags?post=69742"}],"curies":[{"name":"wp","href":"https:\/\/api.w.org\/{rel}","templated":true}]}}