{"id":69813,"date":"2020-11-25T07:00:15","date_gmt":"2020-11-25T10:00:15","guid":{"rendered":"http:\/\/patagoniambiental.com.ar\/info\/?p=69813"},"modified":"2020-11-25T09:00:00","modified_gmt":"2020-11-25T12:00:00","slug":"por-aislamiento-humano-aumentaron-los-pinguinos-de-magallanes-y-sus-crias-estan-bien-alimentadas","status":"publish","type":"post","link":"https:\/\/patagoniambiental.com.ar\/info\/por-aislamiento-humano-aumentaron-los-pinguinos-de-magallanes-y-sus-crias-estan-bien-alimentadas\/","title":{"rendered":"POR AISLAMIENTO HUMANO AUMENTARON LOS PING\u00dcINOS DE MAGALLANES Y SUS CR\u00cdAS EST\u00c1N BIEN ALIMENTADAS"},"content":{"rendered":"<div class=\"title-top\">\n<div class=\"inner-container clearfix\"><\/div>\n<\/div>\n<div class=\"inner-container clearfix\">\n<div class=\"article-container pull-left\">\n<div class=\"title-bottom clearfix\">\n<div class=\"bottom clearfix\">\n<div class=\"nota-share pull-right\">Chubut.-Tras nueve meses de cierre, la colonia de ping\u00fcinos de Magallanes de Chubut recibi\u00f3 a los primeros visitantes con un crecimiento en su poblaci\u00f3n y sus pichones bien alimentados y sin signos de contaminaci\u00f3n a causa de la falta de contacto humano, coincidieron los especialistas.<\/div>\n<div><!--more--><\/div>\n<\/div>\n<\/div>\n<div class=\"article-full-body text-font\">\n<div class=\"article-body-content\">\n<p>Los visitantes a las \u00e1reas protegidas de ping\u00fcinos de Magallanes diseminados por las costa atl\u00e1ntica del noreste del Chubut se mostraron sorprendidos por el crecimiento de las colonias, que fueron habilitadas al p\u00fablico local el pasado fin de semana largo en el marco de la apertura al turismo \u00abintra comarcal\u00bb.<\/p>\n<p>\u00abFuimos los primeros en llegar luego de nueve meses de cierre dispuesto por el aislamiento social y la verdad es que nos encontramos con un panorama impactante\u00bb, explic\u00f3 a T\u00e9lam el fot\u00f3grafo ambientalista Maximiliano Jonas, quien form\u00f3 parte del contingente de reporteros gr\u00e1ficos que visit\u00f3 la reserva de \u00abEstancia San Lorenzo\u00bb ubicada sobre el \u00e1rea de Punta Norte, en el v\u00e9rtice norte de Pen\u00ednsula Vald\u00e9s.<\/p>\n<p>Las im\u00e1genes registradas son por dem\u00e1s elocuentes: una nutrida colonia, con los pichones desarrollando el plumaje que los transformar\u00e1 en juveniles, bien alimentados y sin signos de contaminaci\u00f3n.<\/p>\n<p>El apostadero de Estancia San Lorenzo est\u00e1 ubicado en el \u00e1rea de punta delgada, a 160 km. de Puerto Madryn y 90 de Puerto Pir\u00e1mides, sobre la costa del Golfo San Mat\u00edas.<\/p>\n<p>Se estima que en esa sola colonia, cuando la poblaci\u00f3n se complete, llegar\u00e1n a contarse m\u00e1s de 400.000 ejemplares.<\/p>\n<p>El ministro de Turismo y \u00c1reas Protegidas del Chubut, N\u00e9stor Garc\u00eda, no le atribuye a la pandemia y la ausencia de humanos en la costa el fen\u00f3meno del crecimiento que \u00abviene aumentando de manera sostenida en los \u00faltimos 10 a\u00f1os, creemos que por las medidas de protecci\u00f3n y porque tienen buena alimentaci\u00f3n\u00bb.<\/p>\n<p>El funcionario, en di\u00e1logo con T\u00e9lam, asegur\u00f3 que \u00abhay por ejemplo en toda la zona de Punta Norte un mayor crecimiento, y en general a lo largo del golfo tanto San Mat\u00edas del lado sur como el Golfo Nuevo y San Jos\u00e9 (que rodean a la pen\u00ednsula y le dan la forma de hongo que se introduce en el mar) una importante presencia incluso con colonias que de a poco van creciendo en lugares donde no hab\u00eda\u00bb.<\/p>\n<p>Los primeros ping\u00fcinos de Magallanes (Spheniscus magellanicus) comenzaron a llegar sobre mediados de septiembre a las reservas.<\/p>\n<p>La reserva tradicionalmente m\u00e1s visitada es la de Punta Tombo, 100 km. al sur de la capital del Chubut, Rawson, que llega a contar con m\u00e1s de 1.000.000 de ping\u00fcinos abarcando una superficie de 210 hect\u00e1reas.<\/p>\n<p>Le sigue en importancia la de Cabo Dos Bah\u00edas.<\/p>\n<p>M\u00e1s all\u00e1 de los matices sobre d\u00f3nde se ubican y cu\u00e1ntos ejemplares reciben, todas tuvieron en com\u00fan que este a\u00f1o quedaron fuera de la mirada de los turistas por las restricciones que impuso la pandemia de coronavirus hasta este fin de semana largo, que se dio un primer paso en la habilitaci\u00f3n parcial permitiendo el acceso a los visitantes locales.<\/p>\n<p>\u00abDe una recorrida por las distintas reservas se puede hablar de animales con buena talla y peso, lo que nos har\u00eda tener una temporada \u00f3ptima si no fuera por la circunstancia de la pandemia que estamos atravesando\u00bb, se lament\u00f3 el ministro.<\/p>\n<p>Tras haber pasado la etapa de apareamiento e incubaci\u00f3n, los pichones de ping\u00fcino de Magallanes se encuentra por estos d\u00edas en plena alimentaci\u00f3n, en base a una dieta de ancho\u00edtas y calamar, para luego dar paso al adiestramiento de las nuevas generaciones.<\/p>\n<p>Al atractivo central de los ping\u00fcinos se suma la coexistencia con una variada fauna de aves marinas como cormoranes, gaviotas cocineras, gaviotas australes, gaviotines, sk\u00faas y ostreros.<\/p>\n<p>Tambi\u00e9n merodean la reserva otras aves propias de la estepa patag\u00f3nica como choiques, martinetas, chingolos y calandrias, y completan el cuadro de la activa colonia ecol\u00f3gica los mam\u00edferos de la zona como guanacos, maras, zorros, piches y peludos y otros carro\u00f1eros atra\u00eddos por los huevos.<\/p>\n<p>Por ahora los pichones est\u00e1n cubiertos por un plum\u00f3n gris oscuro que en febrero lo mudan por un plumaje juvenil que les permitir\u00e1 realizar sus primeras incursiones en el mar para buscar su propio alimento a la espera de adquirir el plumaje adulto que obtendr\u00e1n -si sobreviven a las duras condiciones- reci\u00e9n el a\u00f1o que viene.<\/p>\n<p>Fuente: T\u00e9lam<\/p>\n<\/div>\n<\/div>\n<\/div>\n<\/div>\n<p>&nbsp;<\/p>\n","protected":false},"excerpt":{"rendered":"<p>Chubut.-Tras nueve meses de cierre, la colonia de ping\u00fcinos de Magallanes de Chubut recibi\u00f3 a los primeros visitantes con un [&hellip;]<\/p>\n","protected":false},"author":6,"featured_media":69814,"comment_status":"open","ping_status":"open","sticky":false,"template":"","format":"standard","meta":{"site-sidebar-layout":"default","site-content-layout":"","ast-site-content-layout":"default","site-content-style":"default","site-sidebar-style":"default","ast-global-header-display":"","ast-banner-title-visibility":"","ast-main-header-display":"","ast-hfb-above-header-display":"","ast-hfb-below-header-display":"","ast-hfb-mobile-header-display":"","site-post-title":"","ast-breadcrumbs-content":"","ast-featured-img":"","footer-sml-layout":"","ast-disable-related-posts":"","theme-transparent-header-meta":"","adv-header-id-meta":"","stick-header-meta":"","header-above-stick-meta":"","header-main-stick-meta":"","header-below-stick-meta":"","astra-migrate-meta-layouts":"default","ast-page-background-enabled":"default","ast-page-background-meta":{"desktop":{"background-color":"var(--ast-global-color-5)","background-image":"","background-repeat":"repeat","background-position":"center center","background-size":"auto","background-attachment":"scroll","background-type":"","background-media":"","overlay-type":"","overlay-color":"","overlay-opacity":"","overlay-gradient":""},"tablet":{"background-color":"","background-image":"","background-repeat":"repeat","background-position":"center center","background-size":"auto","background-attachment":"scroll","background-type":"","background-media":"","overlay-type":"","overlay-color":"","overlay-opacity":"","overlay-gradient":""},"mobile":{"background-color":"","background-image":"","background-repeat":"repeat","background-position":"center center","background-size":"auto","background-attachment":"scroll","background-type":"","background-media":"","overlay-type":"","overlay-color":"","overlay-opacity":"","overlay-gradient":""}},"ast-content-background-meta":{"desktop":{"background-color":"var(--ast-global-color-4)","background-image":"","background-repeat":"repeat","background-position":"center center","background-size":"auto","background-attachment":"scroll","background-type":"","background-media":"","overlay-type":"","overlay-color":"","overlay-opacity":"","overlay-gradient":""},"tablet":{"background-color":"var(--ast-global-color-4)","background-image":"","background-repeat":"repeat","background-position":"center center","background-size":"auto","background-attachment":"scroll","background-type":"","background-media":"","overlay-type":"","overlay-color":"","overlay-opacity":"","overlay-gradient":""},"mobile":{"background-color":"var(--ast-global-color-4)","background-image":"","background-repeat":"repeat","background-position":"center center","background-size":"auto","background-attachment":"scroll","background-type":"","background-media":"","overlay-type":"","overlay-color":"","overlay-opacity":"","overlay-gradient":""}},"footnotes":""},"categories":[11,26,1,13,10],"tags":[],"class_list":["post-69813","post","type-post","status-publish","format-standard","has-post-thumbnail","hentry","category-boletin","category-chubut","category-noticias","category-provinciales","category-rotador"],"yoast_head":"<!-- This site is optimized with the Yoast SEO Premium plugin v23.0 (Yoast SEO v27.5) - https:\/\/yoast.com\/product\/yoast-seo-premium-wordpress\/ -->\n<title>POR AISLAMIENTO HUMANO AUMENTARON LOS PING\u00dcINOS DE MAGALLANES Y SUS CR\u00cdAS EST\u00c1N BIEN ALIMENTADAS<\/title>\n<meta name=\"robots\" content=\"index, follow, max-snippet:-1, max-image-preview:large, max-video-preview:-1\" \/>\n<link rel=\"canonical\" href=\"https:\/\/patagoniambiental.com.ar\/info\/por-aislamiento-humano-aumentaron-los-pinguinos-de-magallanes-y-sus-crias-estan-bien-alimentadas\/\" \/>\n<meta property=\"og:locale\" content=\"es_ES\" \/>\n<meta property=\"og:type\" content=\"article\" \/>\n<meta property=\"og:title\" content=\"POR AISLAMIENTO HUMANO AUMENTARON LOS PING\u00dcINOS DE MAGALLANES Y SUS CR\u00cdAS EST\u00c1N BIEN ALIMENTADAS\" \/>\n<meta property=\"og:description\" content=\"Chubut.-Tras nueve meses de cierre, la colonia de ping\u00fcinos de Magallanes de Chubut recibi\u00f3 a los primeros visitantes con un [&hellip;]\" \/>\n<meta property=\"og:url\" content=\"https:\/\/patagoniambiental.com.ar\/info\/por-aislamiento-humano-aumentaron-los-pinguinos-de-magallanes-y-sus-crias-estan-bien-alimentadas\/\" \/>\n<meta property=\"og:site_name\" content=\"Patagonia Ambiental\" \/>\n<meta property=\"article:publisher\" content=\"https:\/\/www.facebook.com\/patagonia.ambiental\" \/>\n<meta property=\"article:published_time\" content=\"2020-11-25T10:00:15+00:00\" \/>\n<meta property=\"article:modified_time\" content=\"2020-11-25T12:00:00+00:00\" \/>\n<meta property=\"og:image\" content=\"https:\/\/patagoniambiental.com.ar\/info\/wp-content\/uploads\/2020\/11\/spheniscus-magellanicus__1280x720.jpg\" \/>\n\t<meta property=\"og:image:width\" content=\"1280\" \/>\n\t<meta property=\"og:image:height\" content=\"720\" \/>\n\t<meta property=\"og:image:type\" content=\"image\/jpeg\" \/>\n<meta name=\"author\" content=\"BRAIAN ESTEVEZ\" \/>\n<meta name=\"twitter:card\" content=\"summary_large_image\" \/>\n<meta name=\"twitter:creator\" content=\"@PatAmb\" \/>\n<meta name=\"twitter:site\" content=\"@PatAmb\" \/>\n<script type=\"application\/ld+json\" class=\"yoast-schema-graph\">{\"@context\":\"https:\\\/\\\/schema.org\",\"@graph\":[{\"@type\":\"Article\",\"@id\":\"https:\\\/\\\/patagoniambiental.com.ar\\\/info\\\/por-aislamiento-humano-aumentaron-los-pinguinos-de-magallanes-y-sus-crias-estan-bien-alimentadas\\\/#article\",\"isPartOf\":{\"@id\":\"https:\\\/\\\/patagoniambiental.com.ar\\\/info\\\/por-aislamiento-humano-aumentaron-los-pinguinos-de-magallanes-y-sus-crias-estan-bien-alimentadas\\\/\"},\"author\":{\"name\":\"BRAIAN ESTEVEZ\",\"@id\":\"https:\\\/\\\/patagoniambiental.com.ar\\\/info\\\/#\\\/schema\\\/person\\\/e5af09d700b2e82cb10c6b8800e0c691\"},\"headline\":\"POR AISLAMIENTO HUMANO AUMENTARON LOS PING\u00dcINOS DE MAGALLANES Y SUS CR\u00cdAS EST\u00c1N BIEN ALIMENTADAS\",\"datePublished\":\"2020-11-25T10:00:15+00:00\",\"dateModified\":\"2020-11-25T12:00:00+00:00\",\"mainEntityOfPage\":{\"@id\":\"https:\\\/\\\/patagoniambiental.com.ar\\\/info\\\/por-aislamiento-humano-aumentaron-los-pinguinos-de-magallanes-y-sus-crias-estan-bien-alimentadas\\\/\"},\"wordCount\":778,\"commentCount\":0,\"publisher\":{\"@id\":\"https:\\\/\\\/patagoniambiental.com.ar\\\/info\\\/#organization\"},\"image\":{\"@id\":\"https:\\\/\\\/patagoniambiental.com.ar\\\/info\\\/por-aislamiento-humano-aumentaron-los-pinguinos-de-magallanes-y-sus-crias-estan-bien-alimentadas\\\/#primaryimage\"},\"thumbnailUrl\":\"https:\\\/\\\/patagoniambiental.com.ar\\\/info\\\/wp-content\\\/uploads\\\/2020\\\/11\\\/spheniscus-magellanicus__1280x720.jpg\",\"articleSection\":[\"Bolet\u00edn\",\"Chubut\",\"Noticias\",\"Provinciales\",\"Rotador\"],\"inLanguage\":\"es\",\"potentialAction\":[{\"@type\":\"CommentAction\",\"name\":\"Comment\",\"target\":[\"https:\\\/\\\/patagoniambiental.com.ar\\\/info\\\/por-aislamiento-humano-aumentaron-los-pinguinos-de-magallanes-y-sus-crias-estan-bien-alimentadas\\\/#respond\"]}]},{\"@type\":\"WebPage\",\"@id\":\"https:\\\/\\\/patagoniambiental.com.ar\\\/info\\\/por-aislamiento-humano-aumentaron-los-pinguinos-de-magallanes-y-sus-crias-estan-bien-alimentadas\\\/\",\"url\":\"https:\\\/\\\/patagoniambiental.com.ar\\\/info\\\/por-aislamiento-humano-aumentaron-los-pinguinos-de-magallanes-y-sus-crias-estan-bien-alimentadas\\\/\",\"name\":\"POR AISLAMIENTO HUMANO AUMENTARON LOS PING\u00dcINOS DE MAGALLANES Y SUS CR\u00cdAS EST\u00c1N BIEN ALIMENTADAS\",\"isPartOf\":{\"@id\":\"https:\\\/\\\/patagoniambiental.com.ar\\\/info\\\/#website\"},\"primaryImageOfPage\":{\"@id\":\"https:\\\/\\\/patagoniambiental.com.ar\\\/info\\\/por-aislamiento-humano-aumentaron-los-pinguinos-de-magallanes-y-sus-crias-estan-bien-alimentadas\\\/#primaryimage\"},\"image\":{\"@id\":\"https:\\\/\\\/patagoniambiental.com.ar\\\/info\\\/por-aislamiento-humano-aumentaron-los-pinguinos-de-magallanes-y-sus-crias-estan-bien-alimentadas\\\/#primaryimage\"},\"thumbnailUrl\":\"https:\\\/\\\/patagoniambiental.com.ar\\\/info\\\/wp-content\\\/uploads\\\/2020\\\/11\\\/spheniscus-magellanicus__1280x720.jpg\",\"datePublished\":\"2020-11-25T10:00:15+00:00\",\"dateModified\":\"2020-11-25T12:00:00+00:00\",\"breadcrumb\":{\"@id\":\"https:\\\/\\\/patagoniambiental.com.ar\\\/info\\\/por-aislamiento-humano-aumentaron-los-pinguinos-de-magallanes-y-sus-crias-estan-bien-alimentadas\\\/#breadcrumb\"},\"inLanguage\":\"es\",\"potentialAction\":[{\"@type\":\"ReadAction\",\"target\":[\"https:\\\/\\\/patagoniambiental.com.ar\\\/info\\\/por-aislamiento-humano-aumentaron-los-pinguinos-de-magallanes-y-sus-crias-estan-bien-alimentadas\\\/\"]}]},{\"@type\":\"ImageObject\",\"inLanguage\":\"es\",\"@id\":\"https:\\\/\\\/patagoniambiental.com.ar\\\/info\\\/por-aislamiento-humano-aumentaron-los-pinguinos-de-magallanes-y-sus-crias-estan-bien-alimentadas\\\/#primaryimage\",\"url\":\"https:\\\/\\\/patagoniambiental.com.ar\\\/info\\\/wp-content\\\/uploads\\\/2020\\\/11\\\/spheniscus-magellanicus__1280x720.jpg\",\"contentUrl\":\"https:\\\/\\\/patagoniambiental.com.ar\\\/info\\\/wp-content\\\/uploads\\\/2020\\\/11\\\/spheniscus-magellanicus__1280x720.jpg\",\"width\":1067,\"height\":600,\"caption\":\"https:\\\/\\\/www.nationalgeographic.com.es\\\/fotografia\\\/foto-del-dia\\\/pinguinos-magallanes_11214\"},{\"@type\":\"BreadcrumbList\",\"@id\":\"https:\\\/\\\/patagoniambiental.com.ar\\\/info\\\/por-aislamiento-humano-aumentaron-los-pinguinos-de-magallanes-y-sus-crias-estan-bien-alimentadas\\\/#breadcrumb\",\"itemListElement\":[{\"@type\":\"ListItem\",\"position\":1,\"name\":\"Inicio\",\"item\":\"https:\\\/\\\/patagoniambiental.com.ar\\\/info\\\/\"},{\"@type\":\"ListItem\",\"position\":2,\"name\":\"POR AISLAMIENTO HUMANO AUMENTARON LOS PING\u00dcINOS DE MAGALLANES Y SUS CR\u00cdAS EST\u00c1N BIEN ALIMENTADAS\"}]},{\"@type\":\"WebSite\",\"@id\":\"https:\\\/\\\/patagoniambiental.com.ar\\\/info\\\/#website\",\"url\":\"https:\\\/\\\/patagoniambiental.com.ar\\\/info\\\/\",\"name\":\"Patagonia Ambiental\",\"description\":\"Monitoreo y an\u00e1lisis de la situaci\u00f3n geopol\u00edtica en el mundo y su implicancia en la Patagonia\",\"publisher\":{\"@id\":\"https:\\\/\\\/patagoniambiental.com.ar\\\/info\\\/#organization\"},\"potentialAction\":[{\"@type\":\"SearchAction\",\"target\":{\"@type\":\"EntryPoint\",\"urlTemplate\":\"https:\\\/\\\/patagoniambiental.com.ar\\\/info\\\/?s={search_term_string}\"},\"query-input\":{\"@type\":\"PropertyValueSpecification\",\"valueRequired\":true,\"valueName\":\"search_term_string\"}}],\"inLanguage\":\"es\"},{\"@type\":\"Organization\",\"@id\":\"https:\\\/\\\/patagoniambiental.com.ar\\\/info\\\/#organization\",\"name\":\"Patagonia Ambiental\",\"url\":\"https:\\\/\\\/patagoniambiental.com.ar\\\/info\\\/\",\"logo\":{\"@type\":\"ImageObject\",\"inLanguage\":\"es\",\"@id\":\"https:\\\/\\\/patagoniambiental.com.ar\\\/info\\\/#\\\/schema\\\/logo\\\/image\\\/\",\"url\":\"https:\\\/\\\/patagoniambiental.com.ar\\\/info\\\/wp-content\\\/uploads\\\/2025\\\/05\\\/LOGO-PATAGONIA-AMBIENTAL.png\",\"contentUrl\":\"https:\\\/\\\/patagoniambiental.com.ar\\\/info\\\/wp-content\\\/uploads\\\/2025\\\/05\\\/LOGO-PATAGONIA-AMBIENTAL.png\",\"width\":433,\"height\":250,\"caption\":\"Patagonia Ambiental\"},\"image\":{\"@id\":\"https:\\\/\\\/patagoniambiental.com.ar\\\/info\\\/#\\\/schema\\\/logo\\\/image\\\/\"},\"sameAs\":[\"https:\\\/\\\/www.facebook.com\\\/patagonia.ambiental\",\"https:\\\/\\\/x.com\\\/PatAmb\"]},{\"@type\":\"Person\",\"@id\":\"https:\\\/\\\/patagoniambiental.com.ar\\\/info\\\/#\\\/schema\\\/person\\\/e5af09d700b2e82cb10c6b8800e0c691\",\"name\":\"BRAIAN ESTEVEZ\",\"sameAs\":[\"http:\\\/\\\/www.patagoniambiental.com.ar\"]}]}<\/script>\n<!-- \/ Yoast SEO Premium plugin. -->","yoast_head_json":{"title":"POR AISLAMIENTO HUMANO AUMENTARON LOS PING\u00dcINOS DE MAGALLANES Y SUS CR\u00cdAS EST\u00c1N BIEN ALIMENTADAS","robots":{"index":"index","follow":"follow","max-snippet":"max-snippet:-1","max-image-preview":"max-image-preview:large","max-video-preview":"max-video-preview:-1"},"canonical":"https:\/\/patagoniambiental.com.ar\/info\/por-aislamiento-humano-aumentaron-los-pinguinos-de-magallanes-y-sus-crias-estan-bien-alimentadas\/","og_locale":"es_ES","og_type":"article","og_title":"POR AISLAMIENTO HUMANO AUMENTARON LOS PING\u00dcINOS DE MAGALLANES Y SUS CR\u00cdAS EST\u00c1N BIEN ALIMENTADAS","og_description":"Chubut.-Tras nueve meses de cierre, la colonia de ping\u00fcinos de Magallanes de Chubut recibi\u00f3 a los primeros visitantes con un [&hellip;]","og_url":"https:\/\/patagoniambiental.com.ar\/info\/por-aislamiento-humano-aumentaron-los-pinguinos-de-magallanes-y-sus-crias-estan-bien-alimentadas\/","og_site_name":"Patagonia Ambiental","article_publisher":"https:\/\/www.facebook.com\/patagonia.ambiental","article_published_time":"2020-11-25T10:00:15+00:00","article_modified_time":"2020-11-25T12:00:00+00:00","og_image":[{"width":1280,"height":720,"url":"https:\/\/patagoniambiental.com.ar\/info\/wp-content\/uploads\/2020\/11\/spheniscus-magellanicus__1280x720.jpg","type":"image\/jpeg"}],"author":"BRAIAN ESTEVEZ","twitter_card":"summary_large_image","twitter_creator":"@PatAmb","twitter_site":"@PatAmb","schema":{"@context":"https:\/\/schema.org","@graph":[{"@type":"Article","@id":"https:\/\/patagoniambiental.com.ar\/info\/por-aislamiento-humano-aumentaron-los-pinguinos-de-magallanes-y-sus-crias-estan-bien-alimentadas\/#article","isPartOf":{"@id":"https:\/\/patagoniambiental.com.ar\/info\/por-aislamiento-humano-aumentaron-los-pinguinos-de-magallanes-y-sus-crias-estan-bien-alimentadas\/"},"author":{"name":"BRAIAN ESTEVEZ","@id":"https:\/\/patagoniambiental.com.ar\/info\/#\/schema\/person\/e5af09d700b2e82cb10c6b8800e0c691"},"headline":"POR AISLAMIENTO HUMANO AUMENTARON LOS PING\u00dcINOS DE MAGALLANES Y SUS CR\u00cdAS EST\u00c1N BIEN ALIMENTADAS","datePublished":"2020-11-25T10:00:15+00:00","dateModified":"2020-11-25T12:00:00+00:00","mainEntityOfPage":{"@id":"https:\/\/patagoniambiental.com.ar\/info\/por-aislamiento-humano-aumentaron-los-pinguinos-de-magallanes-y-sus-crias-estan-bien-alimentadas\/"},"wordCount":778,"commentCount":0,"publisher":{"@id":"https:\/\/patagoniambiental.com.ar\/info\/#organization"},"image":{"@id":"https:\/\/patagoniambiental.com.ar\/info\/por-aislamiento-humano-aumentaron-los-pinguinos-de-magallanes-y-sus-crias-estan-bien-alimentadas\/#primaryimage"},"thumbnailUrl":"https:\/\/patagoniambiental.com.ar\/info\/wp-content\/uploads\/2020\/11\/spheniscus-magellanicus__1280x720.jpg","articleSection":["Bolet\u00edn","Chubut","Noticias","Provinciales","Rotador"],"inLanguage":"es","potentialAction":[{"@type":"CommentAction","name":"Comment","target":["https:\/\/patagoniambiental.com.ar\/info\/por-aislamiento-humano-aumentaron-los-pinguinos-de-magallanes-y-sus-crias-estan-bien-alimentadas\/#respond"]}]},{"@type":"WebPage","@id":"https:\/\/patagoniambiental.com.ar\/info\/por-aislamiento-humano-aumentaron-los-pinguinos-de-magallanes-y-sus-crias-estan-bien-alimentadas\/","url":"https:\/\/patagoniambiental.com.ar\/info\/por-aislamiento-humano-aumentaron-los-pinguinos-de-magallanes-y-sus-crias-estan-bien-alimentadas\/","name":"POR AISLAMIENTO HUMANO AUMENTARON LOS PING\u00dcINOS DE MAGALLANES Y SUS CR\u00cdAS EST\u00c1N BIEN ALIMENTADAS","isPartOf":{"@id":"https:\/\/patagoniambiental.com.ar\/info\/#website"},"primaryImageOfPage":{"@id":"https:\/\/patagoniambiental.com.ar\/info\/por-aislamiento-humano-aumentaron-los-pinguinos-de-magallanes-y-sus-crias-estan-bien-alimentadas\/#primaryimage"},"image":{"@id":"https:\/\/patagoniambiental.com.ar\/info\/por-aislamiento-humano-aumentaron-los-pinguinos-de-magallanes-y-sus-crias-estan-bien-alimentadas\/#primaryimage"},"thumbnailUrl":"https:\/\/patagoniambiental.com.ar\/info\/wp-content\/uploads\/2020\/11\/spheniscus-magellanicus__1280x720.jpg","datePublished":"2020-11-25T10:00:15+00:00","dateModified":"2020-11-25T12:00:00+00:00","breadcrumb":{"@id":"https:\/\/patagoniambiental.com.ar\/info\/por-aislamiento-humano-aumentaron-los-pinguinos-de-magallanes-y-sus-crias-estan-bien-alimentadas\/#breadcrumb"},"inLanguage":"es","potentialAction":[{"@type":"ReadAction","target":["https:\/\/patagoniambiental.com.ar\/info\/por-aislamiento-humano-aumentaron-los-pinguinos-de-magallanes-y-sus-crias-estan-bien-alimentadas\/"]}]},{"@type":"ImageObject","inLanguage":"es","@id":"https:\/\/patagoniambiental.com.ar\/info\/por-aislamiento-humano-aumentaron-los-pinguinos-de-magallanes-y-sus-crias-estan-bien-alimentadas\/#primaryimage","url":"https:\/\/patagoniambiental.com.ar\/info\/wp-content\/uploads\/2020\/11\/spheniscus-magellanicus__1280x720.jpg","contentUrl":"https:\/\/patagoniambiental.com.ar\/info\/wp-content\/uploads\/2020\/11\/spheniscus-magellanicus__1280x720.jpg","width":1067,"height":600,"caption":"https:\/\/www.nationalgeographic.com.es\/fotografia\/foto-del-dia\/pinguinos-magallanes_11214"},{"@type":"BreadcrumbList","@id":"https:\/\/patagoniambiental.com.ar\/info\/por-aislamiento-humano-aumentaron-los-pinguinos-de-magallanes-y-sus-crias-estan-bien-alimentadas\/#breadcrumb","itemListElement":[{"@type":"ListItem","position":1,"name":"Inicio","item":"https:\/\/patagoniambiental.com.ar\/info\/"},{"@type":"ListItem","position":2,"name":"POR AISLAMIENTO HUMANO AUMENTARON LOS PING\u00dcINOS DE MAGALLANES Y SUS CR\u00cdAS EST\u00c1N BIEN ALIMENTADAS"}]},{"@type":"WebSite","@id":"https:\/\/patagoniambiental.com.ar\/info\/#website","url":"https:\/\/patagoniambiental.com.ar\/info\/","name":"Patagonia Ambiental","description":"Monitoreo y an\u00e1lisis de la situaci\u00f3n geopol\u00edtica en el mundo y su implicancia en la Patagonia","publisher":{"@id":"https:\/\/patagoniambiental.com.ar\/info\/#organization"},"potentialAction":[{"@type":"SearchAction","target":{"@type":"EntryPoint","urlTemplate":"https:\/\/patagoniambiental.com.ar\/info\/?s={search_term_string}"},"query-input":{"@type":"PropertyValueSpecification","valueRequired":true,"valueName":"search_term_string"}}],"inLanguage":"es"},{"@type":"Organization","@id":"https:\/\/patagoniambiental.com.ar\/info\/#organization","name":"Patagonia Ambiental","url":"https:\/\/patagoniambiental.com.ar\/info\/","logo":{"@type":"ImageObject","inLanguage":"es","@id":"https:\/\/patagoniambiental.com.ar\/info\/#\/schema\/logo\/image\/","url":"https:\/\/patagoniambiental.com.ar\/info\/wp-content\/uploads\/2025\/05\/LOGO-PATAGONIA-AMBIENTAL.png","contentUrl":"https:\/\/patagoniambiental.com.ar\/info\/wp-content\/uploads\/2025\/05\/LOGO-PATAGONIA-AMBIENTAL.png","width":433,"height":250,"caption":"Patagonia Ambiental"},"image":{"@id":"https:\/\/patagoniambiental.com.ar\/info\/#\/schema\/logo\/image\/"},"sameAs":["https:\/\/www.facebook.com\/patagonia.ambiental","https:\/\/x.com\/PatAmb"]},{"@type":"Person","@id":"https:\/\/patagoniambiental.com.ar\/info\/#\/schema\/person\/e5af09d700b2e82cb10c6b8800e0c691","name":"BRAIAN ESTEVEZ","sameAs":["http:\/\/www.patagoniambiental.com.ar"]}]}},"_links":{"self":[{"href":"https:\/\/patagoniambiental.com.ar\/info\/wp-json\/wp\/v2\/posts\/69813","targetHints":{"allow":["GET"]}}],"collection":[{"href":"https:\/\/patagoniambiental.com.ar\/info\/wp-json\/wp\/v2\/posts"}],"about":[{"href":"https:\/\/patagoniambiental.com.ar\/info\/wp-json\/wp\/v2\/types\/post"}],"author":[{"embeddable":true,"href":"https:\/\/patagoniambiental.com.ar\/info\/wp-json\/wp\/v2\/users\/6"}],"replies":[{"embeddable":true,"href":"https:\/\/patagoniambiental.com.ar\/info\/wp-json\/wp\/v2\/comments?post=69813"}],"version-history":[{"count":0,"href":"https:\/\/patagoniambiental.com.ar\/info\/wp-json\/wp\/v2\/posts\/69813\/revisions"}],"wp:featuredmedia":[{"embeddable":true,"href":"https:\/\/patagoniambiental.com.ar\/info\/wp-json\/wp\/v2\/media\/69814"}],"wp:attachment":[{"href":"https:\/\/patagoniambiental.com.ar\/info\/wp-json\/wp\/v2\/media?parent=69813"}],"wp:term":[{"taxonomy":"category","embeddable":true,"href":"https:\/\/patagoniambiental.com.ar\/info\/wp-json\/wp\/v2\/categories?post=69813"},{"taxonomy":"post_tag","embeddable":true,"href":"https:\/\/patagoniambiental.com.ar\/info\/wp-json\/wp\/v2\/tags?post=69813"}],"curies":[{"name":"wp","href":"https:\/\/api.w.org\/{rel}","templated":true}]}}