{"id":6998,"date":"2015-01-12T19:25:43","date_gmt":"2015-01-12T22:25:43","guid":{"rendered":"http:\/\/patagoniambiental.com.ar\/?p=6998"},"modified":"2015-01-12T19:25:43","modified_gmt":"2015-01-12T22:25:43","slug":"plan-de-manejo-del-guanaco-de-santa-cruz","status":"publish","type":"post","link":"https:\/\/patagoniambiental.com.ar\/info\/plan-de-manejo-del-guanaco-de-santa-cruz\/","title":{"rendered":"Plan de Manejo del Guanaco de Santa Cruz"},"content":{"rendered":"<p>Santa Cruz.-\u201cEs una manera de salvaguardar el patrimonio santacruce\u00f1o\u201d. As\u00ed lo afirm\u00f3 Miguel O\u2019Byrne, representante de la Federaci\u00f3n de Instituciones Agropecuarias de Santa Cruz, sobre este plan que se termin\u00f3 de elaborar en diciembre pasado. <!--more-->Actualmente se encuentra a la espera de su puesta en marcha y luego se esperar\u00e1 la homologaci\u00f3n desde Naci\u00f3n para levantar las restricciones a la exportaci\u00f3n de los productos del guanaco.<\/p>\n<p>Miguel O\u2019Byrne, representante de la Federaci\u00f3n de Instituciones Agropecuarias de Santa Cruz.<\/p>\n<p>El pasado 9 de diciembre se termin\u00f3 de elaborar el Plan de Manejo del Guanaco de la provincia de Santa Cruz. Participaron de la comisi\u00f3n redactora de dicho documento Marcos Williams y Marcos Clifton por el Consejo Agrario Provincial (autoridad de aplicaci\u00f3n de dicho plan); Amanda Manero por la Universidad Nacional de la Patagonia Austral; Sergio Pena, Gabriel Oliva y Ariela Cesa por el Instituto Nacional de Tecnolog\u00eda Agropecuaria, y Miguel O\u2019Byrne por la Federaci\u00f3n de Instituciones Agropecuarias de Santa Cruz.<\/p>\n<p>Tambi\u00e9n participaron en la confecci\u00f3n de este plan la directora de Fauna de Chubut, Silvana Montanelli, el Ministerio de Agricultura, Ganader\u00eda y Pesca de la Naci\u00f3n, el Servicio Nacional de Sanidad y Calidad Agroalimentaria (SENASA), la Secretar\u00eda de Medio Ambiente y Desarrollo Sustentable de la Naci\u00f3n, el Consejo Nacional de Investigaciones Cient\u00edficas y T\u00e9cnicas (CONICET), cient\u00edficos del Grupo de Especialistas en Cam\u00e9lidos Sudamericanos (GECS), el Ministerio de la Producci\u00f3n de Santa Cruz y la Asociaci\u00f3n Ambiente Sur.<\/p>\n<p>Actualmente se est\u00e1 a la espera de la firma del presidente del Consejo Agrario Provincial, o de un decreto del gobernador Daniel Peralta, para su puesta en marcha en la provincia. Luego se esperar\u00e1 la homologaci\u00f3n desde Naci\u00f3n para levantar las restricciones a la exportaci\u00f3n de los productos del guanaco, labor que se realizar\u00e1 en conjunto con la CITES (Comisi\u00f3n Internacional de Tr\u00e1fico de Especies Silvestres).<br \/>\n<strong>Preservaci\u00f3n, conservaci\u00f3n y control<\/strong><\/p>\n<p>\u201cLo m\u00e1s destacable de este plan es que en \u00e9l definimos que queremos preservar y conservar la especie. Lo que se pretende es controlar racionalmente al guanaco y adem\u00e1s, utilizar un recurso que tiene mucho potencial por su fibra y por su carne\u201d, afirm\u00f3 Miguel O\u2019Byrne, representante de la Federaci\u00f3n de Instituciones Agropecuarias de Santa Cruz, en di\u00e1logo con La Opini\u00f3n Austral.<\/p>\n<p>O\u2019Byrne adem\u00e1s destac\u00f3 el logro de que diversos sectores hayan podido elaborar este documento, recordando los distintos censos que se hicieron para conocer la cantidad de animales que hay en Santa Cruz y dando cuenta de las expectativas que existen en el sector de los productores por la puesta en marcha del plan.<br \/>\n<strong>Un largo trabajo<\/strong><\/p>\n<p>\u201cPara que todos estos actores puedan aunarse y comenzar a elaborar el Plan de Manejo del Guanaco, fueron un gran disparador los accidentes en ruta, porque es una cuesti\u00f3n muy vigente y que cada vez es m\u00e1s grande, y por el otro lado influyeron las presiones que se fueron manifestando desde el sector productivo de la provincia, porque a\u00f1o tras a\u00f1o se produc\u00eda menos cordero y menos lana. Tambi\u00e9n desde el Gobierno provincial hubo una preocupaci\u00f3n y un aliento para que se comience a trabajar en el tema\u201d.<\/p>\n<p>Fue reci\u00e9n en 2011 cuando se llev\u00f3 adelante un encuentro en Puerto San Juli\u00e1n, que fue \u201cmuy grande, al que asistieron autoridades del Consejo Provincial Agrario, el intendente Nelson Gleadell y m\u00e1s de 60 personas. All\u00ed se manifest\u00f3 abiertamente la magnitud del problema que se estaba suscitando, como as\u00ed tambi\u00e9n la falta de acciones sobre el mismo\u201d.<\/p>\n<p>Desde all\u00ed empezaron a trabajar en el tema el Consejo Agrario Provincial y la Federaci\u00f3n de Productores de Santa Cruz. Esta labor incluy\u00f3 un Censo A\u00e9reo que realiz\u00f3 en 2013 el CAP junto con la UNPA, en el cual colabor\u00f3 el INTA tambi\u00e9n, para contabilizar la cantidad que hab\u00eda de guanacos en la provincia. Este estudio se denomin\u00f3 \u201cRelevamiento de poblaciones de guanaco en la provincia de Santa Cruz\u201d y arroj\u00f3 \u201cun promedio estimado de un mill\u00f3n de guanacos. La suposici\u00f3n fue que la especie se va reproduciendo naturalmente a un promedio de un 15% anual. Esto quiere decir que hoy hay aproximadamente 1.300.000 guanacos, y quiz\u00e1s algo m\u00e1s tambi\u00e9n. Esto se ratificar\u00e1 con un censo que se volver\u00e1 a hacer\u201d, precis\u00f3 O\u2019Byrne.<\/p>\n<p>En esta l\u00ednea, adelant\u00f3 que \u201cel Instituto Nacional de Tecnolog\u00eda Agropecuaria y la Secretar\u00eda de Medio Ambiente y Desarrollo Sustentable de la Naci\u00f3n har\u00e1n un censo en 2015 para reconfirmar estos \u00faltimos datos. Este deber\u00eda comenzar a hacerse entre enero y febrero en Santa Cruz\u201d.<br \/>\n<strong>Expectativas<\/strong><\/p>\n<p>En cuanto a las expectativas que hay en el sector productivo por la puesta en marcha de este plan, Miguel O\u2019Byrne se\u00f1al\u00f3 que hay \u201ctres o cuatro empresas que est\u00e1n ansiosas por poder comenzar un esquema comercial\u201d.<\/p>\n<p>\u201cDesde el punto de vista de la carne, tambi\u00e9n hay empresas que quieren ver si esta carne estar\u00e1 en el mercado de manera permanente\u201d, agreg\u00f3.<\/p>\n<p>\u201cCreemos que este plan es una manera de salvaguardar el patrimonio santacruce\u00f1o: el suelo. Estamos muy expectantes y sabemos que se tratar\u00e1 de un trabajo a lograr a largo plazo\u201d, afirm\u00f3.<\/p>\n<p>Finalmente, O\u2019Byrne expres\u00f3 que \u201cel comit\u00e9 que escribi\u00f3 el plan est\u00e1 a disposici\u00f3n de las autoridades nacionales para actualizar y ampliar el Plan de Manejo Nacional\u201d.<\/p>\n<p>&nbsp;<\/p>\n<p>&nbsp;<\/p>\n<p><strong>Algunos estudios y cifras<\/strong><\/p>\n<p>Cabe recordar que en el a\u00f1o 2000, el reconocido cient\u00edfico argentino Jorge Amaya realiz\u00f3 el Primer Censo A\u00e9reo de la Patagonia para contabilizar la cantidad de guanacos que exist\u00edan. \u201cLa CITES (Comisi\u00f3n Internacional de Tr\u00e1fico de Especies Silvestres) supon\u00eda que hab\u00eda en ese entonces en toda Argentina unos 200.000. Entonces, hasta que el pa\u00eds no tuviera c\u00f3mo probar la cantidad de animales que hab\u00eda, no pod\u00edan vender nada al exterior\u201d, se\u00f1al\u00f3 Miguel O\u2019Byrne.<\/p>\n<p>Fue en este censo que \u201cse descubre que hab\u00eda en Santa Cruz aproximadamente entre 220 y 240 mil guanacos. Y en toda la Patagonia, unos 450 mil\u201d.<\/p>\n<p>En 2006 se public\u00f3 el Plan Nacional del Manejo del Guanaco, que fue elaborado por la Secretar\u00eda de Medio Ambiente y Desarrollo Sustentable de la Naci\u00f3n. \u201cFue un plan incompleto, parcial, con buena y mala informaci\u00f3n. Sin embargo, le damos cr\u00e9dito porque se hizo con lo que hab\u00eda y con lo que se sab\u00eda. Lo que no estaba, qued\u00f3 abierto para ser modificado en el futuro\u201d, afirm\u00f3 O\u2019Byrne, al tiempo que se\u00f1al\u00f3: \u201cEl \u00fanico problema que conten\u00eda ese trabajo es que de Santa Cruz no hab\u00eda casi nada de datos. Y en segundo t\u00e9rmino, lo \u00fanico que contemplaba utilizar como recurso era la fibra de los animales recuperados en cautiverio. Esto hasta el d\u00eda de hoy es as\u00ed\u201d.<\/p>\n<p>Posteriormente se realiz\u00f3 en 2013 un nuevo Censo A\u00e9reo entre el CAP y la UNPA, el cual arroj\u00f3 que en ese a\u00f1o exist\u00edan aproximadamente 1.000.000 guanacos y que el n\u00famero de animales crec\u00eda un 15% por a\u00f1o, por lo que se calcula que actualmente existir\u00edan 1.300.000, lo cual significa el 70% de los guanacos que hay en la Rep\u00fablica Argentina.<\/p>\n<p>Fuente: La Opini\u00f3n Austral<\/p>\n<p>&nbsp;<\/p>\n<p>&nbsp;<\/p>\n<p>&nbsp;<\/p>\n<p>&nbsp;<\/p>\n<p>&nbsp;<\/p>\n<p>&nbsp;<\/p>\n","protected":false},"excerpt":{"rendered":"<p>Santa Cruz.-\u201cEs una manera de salvaguardar el patrimonio santacruce\u00f1o\u201d. As\u00ed lo afirm\u00f3 Miguel O\u2019Byrne, representante de la Federaci\u00f3n de Instituciones [&hellip;]<\/p>\n","protected":false},"author":2,"featured_media":7001,"comment_status":"closed","ping_status":"closed","sticky":false,"template":"","format":"standard","meta":{"site-sidebar-layout":"default","site-content-layout":"","ast-site-content-layout":"default","site-content-style":"default","site-sidebar-style":"default","ast-global-header-display":"","ast-banner-title-visibility":"","ast-main-header-display":"","ast-hfb-above-header-display":"","ast-hfb-below-header-display":"","ast-hfb-mobile-header-display":"","site-post-title":"","ast-breadcrumbs-content":"","ast-featured-img":"","footer-sml-layout":"","ast-disable-related-posts":"","theme-transparent-header-meta":"","adv-header-id-meta":"","stick-header-meta":"","header-above-stick-meta":"","header-main-stick-meta":"","header-below-stick-meta":"","astra-migrate-meta-layouts":"default","ast-page-background-enabled":"default","ast-page-background-meta":{"desktop":{"background-color":"var(--ast-global-color-5)","background-image":"","background-repeat":"repeat","background-position":"center center","background-size":"auto","background-attachment":"scroll","background-type":"","background-media":"","overlay-type":"","overlay-color":"","overlay-opacity":"","overlay-gradient":""},"tablet":{"background-color":"","background-image":"","background-repeat":"repeat","background-position":"center center","background-size":"auto","background-attachment":"scroll","background-type":"","background-media":"","overlay-type":"","overlay-color":"","overlay-opacity":"","overlay-gradient":""},"mobile":{"background-color":"","background-image":"","background-repeat":"repeat","background-position":"center center","background-size":"auto","background-attachment":"scroll","background-type":"","background-media":"","overlay-type":"","overlay-color":"","overlay-opacity":"","overlay-gradient":""}},"ast-content-background-meta":{"desktop":{"background-color":"var(--ast-global-color-4)","background-image":"","background-repeat":"repeat","background-position":"center center","background-size":"auto","background-attachment":"scroll","background-type":"","background-media":"","overlay-type":"","overlay-color":"","overlay-opacity":"","overlay-gradient":""},"tablet":{"background-color":"var(--ast-global-color-4)","background-image":"","background-repeat":"repeat","background-position":"center center","background-size":"auto","background-attachment":"scroll","background-type":"","background-media":"","overlay-type":"","overlay-color":"","overlay-opacity":"","overlay-gradient":""},"mobile":{"background-color":"var(--ast-global-color-4)","background-image":"","background-repeat":"repeat","background-position":"center center","background-size":"auto","background-attachment":"scroll","background-type":"","background-media":"","overlay-type":"","overlay-color":"","overlay-opacity":"","overlay-gradient":""}},"footnotes":""},"categories":[53,1,13,20],"tags":[2133,160,397,1157,497],"class_list":["post-6998","post","type-post","status-publish","format-standard","has-post-thumbnail","hentry","category-general","category-noticias","category-provinciales","category-santa-cruz","tag-cites","tag-conicet","tag-inta","tag-senasa","tag-unpa"],"yoast_head":"<!-- This site is optimized with the Yoast SEO Premium plugin v23.0 (Yoast SEO v27.4) - https:\/\/yoast.com\/product\/yoast-seo-premium-wordpress\/ -->\n<title>Plan de Manejo del Guanaco de Santa Cruz<\/title>\n<meta name=\"robots\" content=\"index, follow, max-snippet:-1, max-image-preview:large, max-video-preview:-1\" \/>\n<link rel=\"canonical\" href=\"https:\/\/patagoniambiental.com.ar\/info\/plan-de-manejo-del-guanaco-de-santa-cruz\/\" \/>\n<meta property=\"og:locale\" content=\"es_ES\" \/>\n<meta property=\"og:type\" content=\"article\" \/>\n<meta property=\"og:title\" content=\"Plan de Manejo del Guanaco de Santa Cruz\" \/>\n<meta property=\"og:description\" content=\"Santa Cruz.-\u201cEs una manera de salvaguardar el patrimonio santacruce\u00f1o\u201d. As\u00ed lo afirm\u00f3 Miguel O\u2019Byrne, representante de la Federaci\u00f3n de Instituciones [&hellip;]\" \/>\n<meta property=\"og:url\" content=\"https:\/\/patagoniambiental.com.ar\/info\/plan-de-manejo-del-guanaco-de-santa-cruz\/\" \/>\n<meta property=\"og:site_name\" content=\"Patagonia Ambiental\" \/>\n<meta property=\"article:publisher\" content=\"https:\/\/www.facebook.com\/patagonia.ambiental\" \/>\n<meta property=\"article:author\" content=\"https:\/\/www.facebook.com\/share\/1C1V8Gv9BX\/?mibextid=qi2Omg\" \/>\n<meta property=\"article:published_time\" content=\"2015-01-12T22:25:43+00:00\" \/>\n<meta name=\"author\" content=\"Patagonia Ambiental\" \/>\n<meta name=\"twitter:card\" content=\"summary_large_image\" \/>\n<meta name=\"twitter:creator\" content=\"@PatAmb\" \/>\n<meta name=\"twitter:site\" content=\"@PatAmb\" \/>\n<script type=\"application\/ld+json\" class=\"yoast-schema-graph\">{\"@context\":\"https:\\\/\\\/schema.org\",\"@graph\":[{\"@type\":\"Article\",\"@id\":\"https:\\\/\\\/patagoniambiental.com.ar\\\/info\\\/plan-de-manejo-del-guanaco-de-santa-cruz\\\/#article\",\"isPartOf\":{\"@id\":\"https:\\\/\\\/patagoniambiental.com.ar\\\/info\\\/plan-de-manejo-del-guanaco-de-santa-cruz\\\/\"},\"author\":{\"name\":\"Patagonia Ambiental\",\"@id\":\"https:\\\/\\\/patagoniambiental.com.ar\\\/info\\\/#\\\/schema\\\/person\\\/db12bff64bbcbf6a253710bf0ea37b5d\"},\"headline\":\"Plan de Manejo del Guanaco de Santa Cruz\",\"datePublished\":\"2015-01-12T22:25:43+00:00\",\"mainEntityOfPage\":{\"@id\":\"https:\\\/\\\/patagoniambiental.com.ar\\\/info\\\/plan-de-manejo-del-guanaco-de-santa-cruz\\\/\"},\"wordCount\":1253,\"publisher\":{\"@id\":\"https:\\\/\\\/patagoniambiental.com.ar\\\/info\\\/#organization\"},\"image\":{\"@id\":\"https:\\\/\\\/patagoniambiental.com.ar\\\/info\\\/plan-de-manejo-del-guanaco-de-santa-cruz\\\/#primaryimage\"},\"thumbnailUrl\":\"\",\"keywords\":[\"CITES\",\"CONICET\",\"INTA\",\"Senasa\",\"UNPA\"],\"articleSection\":[\"General\",\"Noticias\",\"Provinciales\",\"Santa Cruz\"],\"inLanguage\":\"es\"},{\"@type\":\"WebPage\",\"@id\":\"https:\\\/\\\/patagoniambiental.com.ar\\\/info\\\/plan-de-manejo-del-guanaco-de-santa-cruz\\\/\",\"url\":\"https:\\\/\\\/patagoniambiental.com.ar\\\/info\\\/plan-de-manejo-del-guanaco-de-santa-cruz\\\/\",\"name\":\"Plan de Manejo del Guanaco de Santa Cruz\",\"isPartOf\":{\"@id\":\"https:\\\/\\\/patagoniambiental.com.ar\\\/info\\\/#website\"},\"primaryImageOfPage\":{\"@id\":\"https:\\\/\\\/patagoniambiental.com.ar\\\/info\\\/plan-de-manejo-del-guanaco-de-santa-cruz\\\/#primaryimage\"},\"image\":{\"@id\":\"https:\\\/\\\/patagoniambiental.com.ar\\\/info\\\/plan-de-manejo-del-guanaco-de-santa-cruz\\\/#primaryimage\"},\"thumbnailUrl\":\"\",\"datePublished\":\"2015-01-12T22:25:43+00:00\",\"breadcrumb\":{\"@id\":\"https:\\\/\\\/patagoniambiental.com.ar\\\/info\\\/plan-de-manejo-del-guanaco-de-santa-cruz\\\/#breadcrumb\"},\"inLanguage\":\"es\",\"potentialAction\":[{\"@type\":\"ReadAction\",\"target\":[\"https:\\\/\\\/patagoniambiental.com.ar\\\/info\\\/plan-de-manejo-del-guanaco-de-santa-cruz\\\/\"]}]},{\"@type\":\"ImageObject\",\"inLanguage\":\"es\",\"@id\":\"https:\\\/\\\/patagoniambiental.com.ar\\\/info\\\/plan-de-manejo-del-guanaco-de-santa-cruz\\\/#primaryimage\",\"url\":\"\",\"contentUrl\":\"\"},{\"@type\":\"BreadcrumbList\",\"@id\":\"https:\\\/\\\/patagoniambiental.com.ar\\\/info\\\/plan-de-manejo-del-guanaco-de-santa-cruz\\\/#breadcrumb\",\"itemListElement\":[{\"@type\":\"ListItem\",\"position\":1,\"name\":\"Inicio\",\"item\":\"https:\\\/\\\/patagoniambiental.com.ar\\\/info\\\/\"},{\"@type\":\"ListItem\",\"position\":2,\"name\":\"Plan de Manejo del Guanaco de Santa Cruz\"}]},{\"@type\":\"WebSite\",\"@id\":\"https:\\\/\\\/patagoniambiental.com.ar\\\/info\\\/#website\",\"url\":\"https:\\\/\\\/patagoniambiental.com.ar\\\/info\\\/\",\"name\":\"Patagonia Ambiental\",\"description\":\"Monitoreo y an\u00e1lisis de la situaci\u00f3n geopol\u00edtica en el mundo y su implicancia en la Patagonia\",\"publisher\":{\"@id\":\"https:\\\/\\\/patagoniambiental.com.ar\\\/info\\\/#organization\"},\"potentialAction\":[{\"@type\":\"SearchAction\",\"target\":{\"@type\":\"EntryPoint\",\"urlTemplate\":\"https:\\\/\\\/patagoniambiental.com.ar\\\/info\\\/?s={search_term_string}\"},\"query-input\":{\"@type\":\"PropertyValueSpecification\",\"valueRequired\":true,\"valueName\":\"search_term_string\"}}],\"inLanguage\":\"es\"},{\"@type\":\"Organization\",\"@id\":\"https:\\\/\\\/patagoniambiental.com.ar\\\/info\\\/#organization\",\"name\":\"Patagonia Ambiental\",\"url\":\"https:\\\/\\\/patagoniambiental.com.ar\\\/info\\\/\",\"logo\":{\"@type\":\"ImageObject\",\"inLanguage\":\"es\",\"@id\":\"https:\\\/\\\/patagoniambiental.com.ar\\\/info\\\/#\\\/schema\\\/logo\\\/image\\\/\",\"url\":\"https:\\\/\\\/patagoniambiental.com.ar\\\/info\\\/wp-content\\\/uploads\\\/2025\\\/05\\\/LOGO-PATAGONIA-AMBIENTAL.png\",\"contentUrl\":\"https:\\\/\\\/patagoniambiental.com.ar\\\/info\\\/wp-content\\\/uploads\\\/2025\\\/05\\\/LOGO-PATAGONIA-AMBIENTAL.png\",\"width\":433,\"height\":250,\"caption\":\"Patagonia Ambiental\"},\"image\":{\"@id\":\"https:\\\/\\\/patagoniambiental.com.ar\\\/info\\\/#\\\/schema\\\/logo\\\/image\\\/\"},\"sameAs\":[\"https:\\\/\\\/www.facebook.com\\\/patagonia.ambiental\",\"https:\\\/\\\/x.com\\\/PatAmb\"]},{\"@type\":\"Person\",\"@id\":\"https:\\\/\\\/patagoniambiental.com.ar\\\/info\\\/#\\\/schema\\\/person\\\/db12bff64bbcbf6a253710bf0ea37b5d\",\"name\":\"Patagonia Ambiental\",\"description\":\"Andr\u00e9s Nievas T\u00e9cnico en manejo ambiental, consultor Ambiental y escritor para medios locales e internacionales sobre temas de geopolitica y medio ambiente.\",\"sameAs\":[\"http:\\\/\\\/www.patagoniambiental.com.ar\",\"https:\\\/\\\/www.facebook.com\\\/share\\\/1C1V8Gv9BX\\\/?mibextid=qi2Omg\",\"@patagoniambiental\",\"https:\\\/\\\/youtube.com\\\/@patagoniaambiental2023?si=BLt58t0wuXquxlYZ\"]}]}<\/script>\n<!-- \/ Yoast SEO Premium plugin. -->","yoast_head_json":{"title":"Plan de Manejo del Guanaco de Santa Cruz","robots":{"index":"index","follow":"follow","max-snippet":"max-snippet:-1","max-image-preview":"max-image-preview:large","max-video-preview":"max-video-preview:-1"},"canonical":"https:\/\/patagoniambiental.com.ar\/info\/plan-de-manejo-del-guanaco-de-santa-cruz\/","og_locale":"es_ES","og_type":"article","og_title":"Plan de Manejo del Guanaco de Santa Cruz","og_description":"Santa Cruz.-\u201cEs una manera de salvaguardar el patrimonio santacruce\u00f1o\u201d. As\u00ed lo afirm\u00f3 Miguel O\u2019Byrne, representante de la Federaci\u00f3n de Instituciones [&hellip;]","og_url":"https:\/\/patagoniambiental.com.ar\/info\/plan-de-manejo-del-guanaco-de-santa-cruz\/","og_site_name":"Patagonia Ambiental","article_publisher":"https:\/\/www.facebook.com\/patagonia.ambiental","article_author":"https:\/\/www.facebook.com\/share\/1C1V8Gv9BX\/?mibextid=qi2Omg","article_published_time":"2015-01-12T22:25:43+00:00","author":"Patagonia Ambiental","twitter_card":"summary_large_image","twitter_creator":"@PatAmb","twitter_site":"@PatAmb","schema":{"@context":"https:\/\/schema.org","@graph":[{"@type":"Article","@id":"https:\/\/patagoniambiental.com.ar\/info\/plan-de-manejo-del-guanaco-de-santa-cruz\/#article","isPartOf":{"@id":"https:\/\/patagoniambiental.com.ar\/info\/plan-de-manejo-del-guanaco-de-santa-cruz\/"},"author":{"name":"Patagonia Ambiental","@id":"https:\/\/patagoniambiental.com.ar\/info\/#\/schema\/person\/db12bff64bbcbf6a253710bf0ea37b5d"},"headline":"Plan de Manejo del Guanaco de Santa Cruz","datePublished":"2015-01-12T22:25:43+00:00","mainEntityOfPage":{"@id":"https:\/\/patagoniambiental.com.ar\/info\/plan-de-manejo-del-guanaco-de-santa-cruz\/"},"wordCount":1253,"publisher":{"@id":"https:\/\/patagoniambiental.com.ar\/info\/#organization"},"image":{"@id":"https:\/\/patagoniambiental.com.ar\/info\/plan-de-manejo-del-guanaco-de-santa-cruz\/#primaryimage"},"thumbnailUrl":"","keywords":["CITES","CONICET","INTA","Senasa","UNPA"],"articleSection":["General","Noticias","Provinciales","Santa Cruz"],"inLanguage":"es"},{"@type":"WebPage","@id":"https:\/\/patagoniambiental.com.ar\/info\/plan-de-manejo-del-guanaco-de-santa-cruz\/","url":"https:\/\/patagoniambiental.com.ar\/info\/plan-de-manejo-del-guanaco-de-santa-cruz\/","name":"Plan de Manejo del Guanaco de Santa Cruz","isPartOf":{"@id":"https:\/\/patagoniambiental.com.ar\/info\/#website"},"primaryImageOfPage":{"@id":"https:\/\/patagoniambiental.com.ar\/info\/plan-de-manejo-del-guanaco-de-santa-cruz\/#primaryimage"},"image":{"@id":"https:\/\/patagoniambiental.com.ar\/info\/plan-de-manejo-del-guanaco-de-santa-cruz\/#primaryimage"},"thumbnailUrl":"","datePublished":"2015-01-12T22:25:43+00:00","breadcrumb":{"@id":"https:\/\/patagoniambiental.com.ar\/info\/plan-de-manejo-del-guanaco-de-santa-cruz\/#breadcrumb"},"inLanguage":"es","potentialAction":[{"@type":"ReadAction","target":["https:\/\/patagoniambiental.com.ar\/info\/plan-de-manejo-del-guanaco-de-santa-cruz\/"]}]},{"@type":"ImageObject","inLanguage":"es","@id":"https:\/\/patagoniambiental.com.ar\/info\/plan-de-manejo-del-guanaco-de-santa-cruz\/#primaryimage","url":"","contentUrl":""},{"@type":"BreadcrumbList","@id":"https:\/\/patagoniambiental.com.ar\/info\/plan-de-manejo-del-guanaco-de-santa-cruz\/#breadcrumb","itemListElement":[{"@type":"ListItem","position":1,"name":"Inicio","item":"https:\/\/patagoniambiental.com.ar\/info\/"},{"@type":"ListItem","position":2,"name":"Plan de Manejo del Guanaco de Santa Cruz"}]},{"@type":"WebSite","@id":"https:\/\/patagoniambiental.com.ar\/info\/#website","url":"https:\/\/patagoniambiental.com.ar\/info\/","name":"Patagonia Ambiental","description":"Monitoreo y an\u00e1lisis de la situaci\u00f3n geopol\u00edtica en el mundo y su implicancia en la Patagonia","publisher":{"@id":"https:\/\/patagoniambiental.com.ar\/info\/#organization"},"potentialAction":[{"@type":"SearchAction","target":{"@type":"EntryPoint","urlTemplate":"https:\/\/patagoniambiental.com.ar\/info\/?s={search_term_string}"},"query-input":{"@type":"PropertyValueSpecification","valueRequired":true,"valueName":"search_term_string"}}],"inLanguage":"es"},{"@type":"Organization","@id":"https:\/\/patagoniambiental.com.ar\/info\/#organization","name":"Patagonia Ambiental","url":"https:\/\/patagoniambiental.com.ar\/info\/","logo":{"@type":"ImageObject","inLanguage":"es","@id":"https:\/\/patagoniambiental.com.ar\/info\/#\/schema\/logo\/image\/","url":"https:\/\/patagoniambiental.com.ar\/info\/wp-content\/uploads\/2025\/05\/LOGO-PATAGONIA-AMBIENTAL.png","contentUrl":"https:\/\/patagoniambiental.com.ar\/info\/wp-content\/uploads\/2025\/05\/LOGO-PATAGONIA-AMBIENTAL.png","width":433,"height":250,"caption":"Patagonia Ambiental"},"image":{"@id":"https:\/\/patagoniambiental.com.ar\/info\/#\/schema\/logo\/image\/"},"sameAs":["https:\/\/www.facebook.com\/patagonia.ambiental","https:\/\/x.com\/PatAmb"]},{"@type":"Person","@id":"https:\/\/patagoniambiental.com.ar\/info\/#\/schema\/person\/db12bff64bbcbf6a253710bf0ea37b5d","name":"Patagonia Ambiental","description":"Andr\u00e9s Nievas T\u00e9cnico en manejo ambiental, consultor Ambiental y escritor para medios locales e internacionales sobre temas de geopolitica y medio ambiente.","sameAs":["http:\/\/www.patagoniambiental.com.ar","https:\/\/www.facebook.com\/share\/1C1V8Gv9BX\/?mibextid=qi2Omg","@patagoniambiental","https:\/\/youtube.com\/@patagoniaambiental2023?si=BLt58t0wuXquxlYZ"]}]}},"_links":{"self":[{"href":"https:\/\/patagoniambiental.com.ar\/info\/wp-json\/wp\/v2\/posts\/6998","targetHints":{"allow":["GET"]}}],"collection":[{"href":"https:\/\/patagoniambiental.com.ar\/info\/wp-json\/wp\/v2\/posts"}],"about":[{"href":"https:\/\/patagoniambiental.com.ar\/info\/wp-json\/wp\/v2\/types\/post"}],"author":[{"embeddable":true,"href":"https:\/\/patagoniambiental.com.ar\/info\/wp-json\/wp\/v2\/users\/2"}],"replies":[{"embeddable":true,"href":"https:\/\/patagoniambiental.com.ar\/info\/wp-json\/wp\/v2\/comments?post=6998"}],"version-history":[{"count":0,"href":"https:\/\/patagoniambiental.com.ar\/info\/wp-json\/wp\/v2\/posts\/6998\/revisions"}],"wp:featuredmedia":[{"embeddable":true,"href":"https:\/\/patagoniambiental.com.ar\/info\/wp-json\/"}],"wp:attachment":[{"href":"https:\/\/patagoniambiental.com.ar\/info\/wp-json\/wp\/v2\/media?parent=6998"}],"wp:term":[{"taxonomy":"category","embeddable":true,"href":"https:\/\/patagoniambiental.com.ar\/info\/wp-json\/wp\/v2\/categories?post=6998"},{"taxonomy":"post_tag","embeddable":true,"href":"https:\/\/patagoniambiental.com.ar\/info\/wp-json\/wp\/v2\/tags?post=6998"}],"curies":[{"name":"wp","href":"https:\/\/api.w.org\/{rel}","templated":true}]}}