{"id":70362,"date":"2020-12-28T07:00:54","date_gmt":"2020-12-28T10:00:54","guid":{"rendered":"http:\/\/patagoniambiental.com.ar\/info\/?p=70362"},"modified":"2020-12-28T10:02:40","modified_gmt":"2020-12-28T13:02:40","slug":"navidad-el-turismo-genero-un-movimiento-economico-de-174-000-000","status":"publish","type":"post","link":"https:\/\/patagoniambiental.com.ar\/info\/navidad-el-turismo-genero-un-movimiento-economico-de-174-000-000\/","title":{"rendered":"Navidad: el turismo gener\u00f3 un movimiento econ\u00f3mico de $174.000.000"},"content":{"rendered":"<p>Las Fiestas de fin de a\u00f1o son uno de los momentos elegidos por familias y amigos para viajar, con un estricto cumplimiento de protocolos por parte del sector p\u00fablico y privado, R\u00edo Negro es nuevamente uno de los destinos seleccionados por los pasajeros.<\/p>\n<p><!--more--><\/p>\n<div>\n<p>El fin de semana largo de Navidad, con 29.838 turistas en toda la provincia, inyect\u00f3 $174.552.300 al sector.<\/p>\n<p>Los destinos m\u00e1s elegidos en base a los permisos de circulaci\u00f3n generados a trav\u00e9s del sitio web circulacionrn.rionegro.gov.ar y la aplicaci\u00f3n \u201cCirculaci\u00f3n RN\u201d fueron San Carlos de Bariloche (42%), Las Grutas (15%) y El Bols\u00f3n (11%).<\/p>\n<p>Los turistas que ingresaron a la provincia para Navidad son procedentes, en su mayor\u00eda, de Ciudad Aut\u00f3noma de Buenos Aires, seguidos por Bah\u00eda Blanca y C\u00f3rdoba.<\/p>\n<p>Seg\u00fan los datos del Observatorio de Turismo del Ministerio de Turismo, Cultura y Deporte de R\u00edo Negro la estad\u00eda promedio alcanz\u00f3 los tres d\u00edas y el gasto diario por persona fue de $1.950.<\/p>\n<p>Quienes deseen vacacionar en R\u00edo Negro deben seguir un simple procedimiento que requiere:<\/p>\n<p>* Descargar la App Circulaci\u00f3n R\u00edo Negro o preferentemente a trav\u00e9s de la web https:\/\/circulacionrn.rionegro.gov.ar.<\/p>\n<p>* Completar los datos personales y\/o del grupo del viaje; el motivo del viaje (Turismo) y el lugar de procedencia y el destino.<\/p>\n<p>* Declarar si pertenece a alg\u00fan grupo de riesgo.<\/p>\n<p>* 24 horas antes de viajar, completar declaraci\u00f3n jurada donde conste que no presenta s\u00edntomas compatibles con COVID-19.<\/p>\n<p>Fuente: Gobierno de Rio Negro<\/p>\n<\/div>\n","protected":false},"excerpt":{"rendered":"<p>Las Fiestas de fin de a\u00f1o son uno de los momentos elegidos por familias y amigos para viajar, con un [&hellip;]<\/p>\n","protected":false},"author":6,"featured_media":70363,"comment_status":"open","ping_status":"open","sticky":false,"template":"","format":"standard","meta":{"site-sidebar-layout":"default","site-content-layout":"","ast-site-content-layout":"default","site-content-style":"default","site-sidebar-style":"default","ast-global-header-display":"","ast-banner-title-visibility":"","ast-main-header-display":"","ast-hfb-above-header-display":"","ast-hfb-below-header-display":"","ast-hfb-mobile-header-display":"","site-post-title":"","ast-breadcrumbs-content":"","ast-featured-img":"","footer-sml-layout":"","ast-disable-related-posts":"","theme-transparent-header-meta":"","adv-header-id-meta":"","stick-header-meta":"","header-above-stick-meta":"","header-main-stick-meta":"","header-below-stick-meta":"","astra-migrate-meta-layouts":"default","ast-page-background-enabled":"default","ast-page-background-meta":{"desktop":{"background-color":"var(--ast-global-color-5)","background-image":"","background-repeat":"repeat","background-position":"center center","background-size":"auto","background-attachment":"scroll","background-type":"","background-media":"","overlay-type":"","overlay-color":"","overlay-opacity":"","overlay-gradient":""},"tablet":{"background-color":"","background-image":"","background-repeat":"repeat","background-position":"center center","background-size":"auto","background-attachment":"scroll","background-type":"","background-media":"","overlay-type":"","overlay-color":"","overlay-opacity":"","overlay-gradient":""},"mobile":{"background-color":"","background-image":"","background-repeat":"repeat","background-position":"center center","background-size":"auto","background-attachment":"scroll","background-type":"","background-media":"","overlay-type":"","overlay-color":"","overlay-opacity":"","overlay-gradient":""}},"ast-content-background-meta":{"desktop":{"background-color":"var(--ast-global-color-4)","background-image":"","background-repeat":"repeat","background-position":"center center","background-size":"auto","background-attachment":"scroll","background-type":"","background-media":"","overlay-type":"","overlay-color":"","overlay-opacity":"","overlay-gradient":""},"tablet":{"background-color":"var(--ast-global-color-4)","background-image":"","background-repeat":"repeat","background-position":"center center","background-size":"auto","background-attachment":"scroll","background-type":"","background-media":"","overlay-type":"","overlay-color":"","overlay-opacity":"","overlay-gradient":""},"mobile":{"background-color":"var(--ast-global-color-4)","background-image":"","background-repeat":"repeat","background-position":"center center","background-size":"auto","background-attachment":"scroll","background-type":"","background-media":"","overlay-type":"","overlay-color":"","overlay-opacity":"","overlay-gradient":""}},"footnotes":""},"categories":[11,1,13,14,10],"tags":[],"class_list":["post-70362","post","type-post","status-publish","format-standard","has-post-thumbnail","hentry","category-boletin","category-noticias","category-provinciales","category-rio-negro","category-rotador"],"yoast_head":"<!-- This site is optimized with the Yoast SEO Premium plugin v23.0 (Yoast SEO v27.5) - https:\/\/yoast.com\/product\/yoast-seo-premium-wordpress\/ -->\n<title>Navidad: el turismo gener\u00f3 un movimiento econ\u00f3mico de $174.000.000<\/title>\n<meta name=\"robots\" content=\"index, follow, max-snippet:-1, max-image-preview:large, max-video-preview:-1\" \/>\n<link rel=\"canonical\" href=\"https:\/\/patagoniambiental.com.ar\/info\/navidad-el-turismo-genero-un-movimiento-economico-de-174-000-000\/\" \/>\n<meta property=\"og:locale\" content=\"es_ES\" \/>\n<meta property=\"og:type\" content=\"article\" \/>\n<meta property=\"og:title\" content=\"Navidad: el turismo gener\u00f3 un movimiento econ\u00f3mico de $174.000.000\" \/>\n<meta property=\"og:description\" content=\"Las Fiestas de fin de a\u00f1o son uno de los momentos elegidos por familias y amigos para viajar, con un [&hellip;]\" \/>\n<meta property=\"og:url\" content=\"https:\/\/patagoniambiental.com.ar\/info\/navidad-el-turismo-genero-un-movimiento-economico-de-174-000-000\/\" \/>\n<meta property=\"og:site_name\" content=\"Patagonia Ambiental\" \/>\n<meta property=\"article:publisher\" content=\"https:\/\/www.facebook.com\/patagonia.ambiental\" \/>\n<meta property=\"article:published_time\" content=\"2020-12-28T10:00:54+00:00\" \/>\n<meta property=\"article:modified_time\" content=\"2020-12-28T13:02:40+00:00\" \/>\n<meta property=\"og:image\" content=\"https:\/\/patagoniambiental.com.ar\/info\/wp-content\/uploads\/2020\/12\/00053804.jpg\" \/>\n\t<meta property=\"og:image:width\" content=\"924\" \/>\n\t<meta property=\"og:image:height\" content=\"616\" \/>\n\t<meta property=\"og:image:type\" content=\"image\/jpeg\" \/>\n<meta name=\"author\" content=\"BRAIAN ESTEVEZ\" \/>\n<meta name=\"twitter:card\" content=\"summary_large_image\" \/>\n<meta name=\"twitter:creator\" content=\"@PatAmb\" \/>\n<meta name=\"twitter:site\" content=\"@PatAmb\" \/>\n<script type=\"application\/ld+json\" class=\"yoast-schema-graph\">{\"@context\":\"https:\\\/\\\/schema.org\",\"@graph\":[{\"@type\":\"Article\",\"@id\":\"https:\\\/\\\/patagoniambiental.com.ar\\\/info\\\/navidad-el-turismo-genero-un-movimiento-economico-de-174-000-000\\\/#article\",\"isPartOf\":{\"@id\":\"https:\\\/\\\/patagoniambiental.com.ar\\\/info\\\/navidad-el-turismo-genero-un-movimiento-economico-de-174-000-000\\\/\"},\"author\":{\"name\":\"BRAIAN ESTEVEZ\",\"@id\":\"https:\\\/\\\/patagoniambiental.com.ar\\\/info\\\/#\\\/schema\\\/person\\\/e5af09d700b2e82cb10c6b8800e0c691\"},\"headline\":\"Navidad: el turismo gener\u00f3 un movimiento econ\u00f3mico de $174.000.000\",\"datePublished\":\"2020-12-28T10:00:54+00:00\",\"dateModified\":\"2020-12-28T13:02:40+00:00\",\"mainEntityOfPage\":{\"@id\":\"https:\\\/\\\/patagoniambiental.com.ar\\\/info\\\/navidad-el-turismo-genero-un-movimiento-economico-de-174-000-000\\\/\"},\"wordCount\":269,\"commentCount\":0,\"publisher\":{\"@id\":\"https:\\\/\\\/patagoniambiental.com.ar\\\/info\\\/#organization\"},\"image\":{\"@id\":\"https:\\\/\\\/patagoniambiental.com.ar\\\/info\\\/navidad-el-turismo-genero-un-movimiento-economico-de-174-000-000\\\/#primaryimage\"},\"thumbnailUrl\":\"https:\\\/\\\/patagoniambiental.com.ar\\\/info\\\/wp-content\\\/uploads\\\/2020\\\/12\\\/00053804.jpg\",\"articleSection\":[\"Bolet\u00edn\",\"Noticias\",\"Provinciales\",\"R\u00edo Negro\",\"Rotador\"],\"inLanguage\":\"es\",\"potentialAction\":[{\"@type\":\"CommentAction\",\"name\":\"Comment\",\"target\":[\"https:\\\/\\\/patagoniambiental.com.ar\\\/info\\\/navidad-el-turismo-genero-un-movimiento-economico-de-174-000-000\\\/#respond\"]}]},{\"@type\":\"WebPage\",\"@id\":\"https:\\\/\\\/patagoniambiental.com.ar\\\/info\\\/navidad-el-turismo-genero-un-movimiento-economico-de-174-000-000\\\/\",\"url\":\"https:\\\/\\\/patagoniambiental.com.ar\\\/info\\\/navidad-el-turismo-genero-un-movimiento-economico-de-174-000-000\\\/\",\"name\":\"Navidad: el turismo gener\u00f3 un movimiento econ\u00f3mico de $174.000.000\",\"isPartOf\":{\"@id\":\"https:\\\/\\\/patagoniambiental.com.ar\\\/info\\\/#website\"},\"primaryImageOfPage\":{\"@id\":\"https:\\\/\\\/patagoniambiental.com.ar\\\/info\\\/navidad-el-turismo-genero-un-movimiento-economico-de-174-000-000\\\/#primaryimage\"},\"image\":{\"@id\":\"https:\\\/\\\/patagoniambiental.com.ar\\\/info\\\/navidad-el-turismo-genero-un-movimiento-economico-de-174-000-000\\\/#primaryimage\"},\"thumbnailUrl\":\"https:\\\/\\\/patagoniambiental.com.ar\\\/info\\\/wp-content\\\/uploads\\\/2020\\\/12\\\/00053804.jpg\",\"datePublished\":\"2020-12-28T10:00:54+00:00\",\"dateModified\":\"2020-12-28T13:02:40+00:00\",\"breadcrumb\":{\"@id\":\"https:\\\/\\\/patagoniambiental.com.ar\\\/info\\\/navidad-el-turismo-genero-un-movimiento-economico-de-174-000-000\\\/#breadcrumb\"},\"inLanguage\":\"es\",\"potentialAction\":[{\"@type\":\"ReadAction\",\"target\":[\"https:\\\/\\\/patagoniambiental.com.ar\\\/info\\\/navidad-el-turismo-genero-un-movimiento-economico-de-174-000-000\\\/\"]}]},{\"@type\":\"ImageObject\",\"inLanguage\":\"es\",\"@id\":\"https:\\\/\\\/patagoniambiental.com.ar\\\/info\\\/navidad-el-turismo-genero-un-movimiento-economico-de-174-000-000\\\/#primaryimage\",\"url\":\"https:\\\/\\\/patagoniambiental.com.ar\\\/info\\\/wp-content\\\/uploads\\\/2020\\\/12\\\/00053804.jpg\",\"contentUrl\":\"https:\\\/\\\/patagoniambiental.com.ar\\\/info\\\/wp-content\\\/uploads\\\/2020\\\/12\\\/00053804.jpg\",\"width\":900,\"height\":600},{\"@type\":\"BreadcrumbList\",\"@id\":\"https:\\\/\\\/patagoniambiental.com.ar\\\/info\\\/navidad-el-turismo-genero-un-movimiento-economico-de-174-000-000\\\/#breadcrumb\",\"itemListElement\":[{\"@type\":\"ListItem\",\"position\":1,\"name\":\"Inicio\",\"item\":\"https:\\\/\\\/patagoniambiental.com.ar\\\/info\\\/\"},{\"@type\":\"ListItem\",\"position\":2,\"name\":\"Navidad: el turismo gener\u00f3 un movimiento econ\u00f3mico de $174.000.000\"}]},{\"@type\":\"WebSite\",\"@id\":\"https:\\\/\\\/patagoniambiental.com.ar\\\/info\\\/#website\",\"url\":\"https:\\\/\\\/patagoniambiental.com.ar\\\/info\\\/\",\"name\":\"Patagonia Ambiental\",\"description\":\"Monitoreo y an\u00e1lisis de la situaci\u00f3n geopol\u00edtica en el mundo y su implicancia en la Patagonia\",\"publisher\":{\"@id\":\"https:\\\/\\\/patagoniambiental.com.ar\\\/info\\\/#organization\"},\"potentialAction\":[{\"@type\":\"SearchAction\",\"target\":{\"@type\":\"EntryPoint\",\"urlTemplate\":\"https:\\\/\\\/patagoniambiental.com.ar\\\/info\\\/?s={search_term_string}\"},\"query-input\":{\"@type\":\"PropertyValueSpecification\",\"valueRequired\":true,\"valueName\":\"search_term_string\"}}],\"inLanguage\":\"es\"},{\"@type\":\"Organization\",\"@id\":\"https:\\\/\\\/patagoniambiental.com.ar\\\/info\\\/#organization\",\"name\":\"Patagonia Ambiental\",\"url\":\"https:\\\/\\\/patagoniambiental.com.ar\\\/info\\\/\",\"logo\":{\"@type\":\"ImageObject\",\"inLanguage\":\"es\",\"@id\":\"https:\\\/\\\/patagoniambiental.com.ar\\\/info\\\/#\\\/schema\\\/logo\\\/image\\\/\",\"url\":\"https:\\\/\\\/patagoniambiental.com.ar\\\/info\\\/wp-content\\\/uploads\\\/2025\\\/05\\\/LOGO-PATAGONIA-AMBIENTAL.png\",\"contentUrl\":\"https:\\\/\\\/patagoniambiental.com.ar\\\/info\\\/wp-content\\\/uploads\\\/2025\\\/05\\\/LOGO-PATAGONIA-AMBIENTAL.png\",\"width\":433,\"height\":250,\"caption\":\"Patagonia Ambiental\"},\"image\":{\"@id\":\"https:\\\/\\\/patagoniambiental.com.ar\\\/info\\\/#\\\/schema\\\/logo\\\/image\\\/\"},\"sameAs\":[\"https:\\\/\\\/www.facebook.com\\\/patagonia.ambiental\",\"https:\\\/\\\/x.com\\\/PatAmb\"]},{\"@type\":\"Person\",\"@id\":\"https:\\\/\\\/patagoniambiental.com.ar\\\/info\\\/#\\\/schema\\\/person\\\/e5af09d700b2e82cb10c6b8800e0c691\",\"name\":\"BRAIAN ESTEVEZ\",\"sameAs\":[\"http:\\\/\\\/www.patagoniambiental.com.ar\"]}]}<\/script>\n<!-- \/ Yoast SEO Premium plugin. -->","yoast_head_json":{"title":"Navidad: el turismo gener\u00f3 un movimiento econ\u00f3mico de $174.000.000","robots":{"index":"index","follow":"follow","max-snippet":"max-snippet:-1","max-image-preview":"max-image-preview:large","max-video-preview":"max-video-preview:-1"},"canonical":"https:\/\/patagoniambiental.com.ar\/info\/navidad-el-turismo-genero-un-movimiento-economico-de-174-000-000\/","og_locale":"es_ES","og_type":"article","og_title":"Navidad: el turismo gener\u00f3 un movimiento econ\u00f3mico de $174.000.000","og_description":"Las Fiestas de fin de a\u00f1o son uno de los momentos elegidos por familias y amigos para viajar, con un [&hellip;]","og_url":"https:\/\/patagoniambiental.com.ar\/info\/navidad-el-turismo-genero-un-movimiento-economico-de-174-000-000\/","og_site_name":"Patagonia Ambiental","article_publisher":"https:\/\/www.facebook.com\/patagonia.ambiental","article_published_time":"2020-12-28T10:00:54+00:00","article_modified_time":"2020-12-28T13:02:40+00:00","og_image":[{"width":924,"height":616,"url":"https:\/\/patagoniambiental.com.ar\/info\/wp-content\/uploads\/2020\/12\/00053804.jpg","type":"image\/jpeg"}],"author":"BRAIAN ESTEVEZ","twitter_card":"summary_large_image","twitter_creator":"@PatAmb","twitter_site":"@PatAmb","schema":{"@context":"https:\/\/schema.org","@graph":[{"@type":"Article","@id":"https:\/\/patagoniambiental.com.ar\/info\/navidad-el-turismo-genero-un-movimiento-economico-de-174-000-000\/#article","isPartOf":{"@id":"https:\/\/patagoniambiental.com.ar\/info\/navidad-el-turismo-genero-un-movimiento-economico-de-174-000-000\/"},"author":{"name":"BRAIAN ESTEVEZ","@id":"https:\/\/patagoniambiental.com.ar\/info\/#\/schema\/person\/e5af09d700b2e82cb10c6b8800e0c691"},"headline":"Navidad: el turismo gener\u00f3 un movimiento econ\u00f3mico de $174.000.000","datePublished":"2020-12-28T10:00:54+00:00","dateModified":"2020-12-28T13:02:40+00:00","mainEntityOfPage":{"@id":"https:\/\/patagoniambiental.com.ar\/info\/navidad-el-turismo-genero-un-movimiento-economico-de-174-000-000\/"},"wordCount":269,"commentCount":0,"publisher":{"@id":"https:\/\/patagoniambiental.com.ar\/info\/#organization"},"image":{"@id":"https:\/\/patagoniambiental.com.ar\/info\/navidad-el-turismo-genero-un-movimiento-economico-de-174-000-000\/#primaryimage"},"thumbnailUrl":"https:\/\/patagoniambiental.com.ar\/info\/wp-content\/uploads\/2020\/12\/00053804.jpg","articleSection":["Bolet\u00edn","Noticias","Provinciales","R\u00edo Negro","Rotador"],"inLanguage":"es","potentialAction":[{"@type":"CommentAction","name":"Comment","target":["https:\/\/patagoniambiental.com.ar\/info\/navidad-el-turismo-genero-un-movimiento-economico-de-174-000-000\/#respond"]}]},{"@type":"WebPage","@id":"https:\/\/patagoniambiental.com.ar\/info\/navidad-el-turismo-genero-un-movimiento-economico-de-174-000-000\/","url":"https:\/\/patagoniambiental.com.ar\/info\/navidad-el-turismo-genero-un-movimiento-economico-de-174-000-000\/","name":"Navidad: el turismo gener\u00f3 un movimiento econ\u00f3mico de $174.000.000","isPartOf":{"@id":"https:\/\/patagoniambiental.com.ar\/info\/#website"},"primaryImageOfPage":{"@id":"https:\/\/patagoniambiental.com.ar\/info\/navidad-el-turismo-genero-un-movimiento-economico-de-174-000-000\/#primaryimage"},"image":{"@id":"https:\/\/patagoniambiental.com.ar\/info\/navidad-el-turismo-genero-un-movimiento-economico-de-174-000-000\/#primaryimage"},"thumbnailUrl":"https:\/\/patagoniambiental.com.ar\/info\/wp-content\/uploads\/2020\/12\/00053804.jpg","datePublished":"2020-12-28T10:00:54+00:00","dateModified":"2020-12-28T13:02:40+00:00","breadcrumb":{"@id":"https:\/\/patagoniambiental.com.ar\/info\/navidad-el-turismo-genero-un-movimiento-economico-de-174-000-000\/#breadcrumb"},"inLanguage":"es","potentialAction":[{"@type":"ReadAction","target":["https:\/\/patagoniambiental.com.ar\/info\/navidad-el-turismo-genero-un-movimiento-economico-de-174-000-000\/"]}]},{"@type":"ImageObject","inLanguage":"es","@id":"https:\/\/patagoniambiental.com.ar\/info\/navidad-el-turismo-genero-un-movimiento-economico-de-174-000-000\/#primaryimage","url":"https:\/\/patagoniambiental.com.ar\/info\/wp-content\/uploads\/2020\/12\/00053804.jpg","contentUrl":"https:\/\/patagoniambiental.com.ar\/info\/wp-content\/uploads\/2020\/12\/00053804.jpg","width":900,"height":600},{"@type":"BreadcrumbList","@id":"https:\/\/patagoniambiental.com.ar\/info\/navidad-el-turismo-genero-un-movimiento-economico-de-174-000-000\/#breadcrumb","itemListElement":[{"@type":"ListItem","position":1,"name":"Inicio","item":"https:\/\/patagoniambiental.com.ar\/info\/"},{"@type":"ListItem","position":2,"name":"Navidad: el turismo gener\u00f3 un movimiento econ\u00f3mico de $174.000.000"}]},{"@type":"WebSite","@id":"https:\/\/patagoniambiental.com.ar\/info\/#website","url":"https:\/\/patagoniambiental.com.ar\/info\/","name":"Patagonia Ambiental","description":"Monitoreo y an\u00e1lisis de la situaci\u00f3n geopol\u00edtica en el mundo y su implicancia en la Patagonia","publisher":{"@id":"https:\/\/patagoniambiental.com.ar\/info\/#organization"},"potentialAction":[{"@type":"SearchAction","target":{"@type":"EntryPoint","urlTemplate":"https:\/\/patagoniambiental.com.ar\/info\/?s={search_term_string}"},"query-input":{"@type":"PropertyValueSpecification","valueRequired":true,"valueName":"search_term_string"}}],"inLanguage":"es"},{"@type":"Organization","@id":"https:\/\/patagoniambiental.com.ar\/info\/#organization","name":"Patagonia Ambiental","url":"https:\/\/patagoniambiental.com.ar\/info\/","logo":{"@type":"ImageObject","inLanguage":"es","@id":"https:\/\/patagoniambiental.com.ar\/info\/#\/schema\/logo\/image\/","url":"https:\/\/patagoniambiental.com.ar\/info\/wp-content\/uploads\/2025\/05\/LOGO-PATAGONIA-AMBIENTAL.png","contentUrl":"https:\/\/patagoniambiental.com.ar\/info\/wp-content\/uploads\/2025\/05\/LOGO-PATAGONIA-AMBIENTAL.png","width":433,"height":250,"caption":"Patagonia Ambiental"},"image":{"@id":"https:\/\/patagoniambiental.com.ar\/info\/#\/schema\/logo\/image\/"},"sameAs":["https:\/\/www.facebook.com\/patagonia.ambiental","https:\/\/x.com\/PatAmb"]},{"@type":"Person","@id":"https:\/\/patagoniambiental.com.ar\/info\/#\/schema\/person\/e5af09d700b2e82cb10c6b8800e0c691","name":"BRAIAN ESTEVEZ","sameAs":["http:\/\/www.patagoniambiental.com.ar"]}]}},"_links":{"self":[{"href":"https:\/\/patagoniambiental.com.ar\/info\/wp-json\/wp\/v2\/posts\/70362","targetHints":{"allow":["GET"]}}],"collection":[{"href":"https:\/\/patagoniambiental.com.ar\/info\/wp-json\/wp\/v2\/posts"}],"about":[{"href":"https:\/\/patagoniambiental.com.ar\/info\/wp-json\/wp\/v2\/types\/post"}],"author":[{"embeddable":true,"href":"https:\/\/patagoniambiental.com.ar\/info\/wp-json\/wp\/v2\/users\/6"}],"replies":[{"embeddable":true,"href":"https:\/\/patagoniambiental.com.ar\/info\/wp-json\/wp\/v2\/comments?post=70362"}],"version-history":[{"count":0,"href":"https:\/\/patagoniambiental.com.ar\/info\/wp-json\/wp\/v2\/posts\/70362\/revisions"}],"wp:featuredmedia":[{"embeddable":true,"href":"https:\/\/patagoniambiental.com.ar\/info\/wp-json\/wp\/v2\/media\/70363"}],"wp:attachment":[{"href":"https:\/\/patagoniambiental.com.ar\/info\/wp-json\/wp\/v2\/media?parent=70362"}],"wp:term":[{"taxonomy":"category","embeddable":true,"href":"https:\/\/patagoniambiental.com.ar\/info\/wp-json\/wp\/v2\/categories?post=70362"},{"taxonomy":"post_tag","embeddable":true,"href":"https:\/\/patagoniambiental.com.ar\/info\/wp-json\/wp\/v2\/tags?post=70362"}],"curies":[{"name":"wp","href":"https:\/\/api.w.org\/{rel}","templated":true}]}}