{"id":70479,"date":"2021-01-09T19:00:55","date_gmt":"2021-01-09T22:00:55","guid":{"rendered":"http:\/\/patagoniambiental.com.ar\/info\/?p=70479"},"modified":"2021-01-08T09:23:55","modified_gmt":"2021-01-08T12:23:55","slug":"pampa-y-sus-cachorros-protagonistas-de-la-biodiversidad-de-la-patagonia","status":"publish","type":"post","link":"https:\/\/patagoniambiental.com.ar\/info\/pampa-y-sus-cachorros-protagonistas-de-la-biodiversidad-de-la-patagonia\/","title":{"rendered":"\u201cPampa\u201d y sus cachorros, protagonistas de la biodiversidad de la Patagonia"},"content":{"rendered":"<header class=\"entry-header-outer\">\n<div class=\"entry-header\">\n<p class=\"entry-sub-title\">Santa Cruz.-La creaci\u00f3n de \u00e1reas protegidas en Santa Cruz ayuda a reconstruir ambientes completos, permitiendo observar, conocer y disfrutar al gran arquitecto de los ecosistemas y predador por excelencia: el puma.<\/p>\n<\/div>\n<\/header>\n<p><!--more--><\/p>\n<div class=\"featured-area\">\n<div class=\"featured-area-inner\">\n<figure class=\"single-featured-image\"><img fetchpriority=\"high\" decoding=\"async\" class=\"attachment-jannah-image-post size-jannah-image-post lazy-img wp-post-image\" src=\"https:\/\/radiodelmar.net\/wp-content\/uploads\/2021\/01\/DSC_3446-1-780x405.jpg\" alt=\"\" width=\"780\" height=\"405\" \/><\/figure>\n<\/div>\n<\/div>\n<div class=\"entry-content entry clearfix\">\n<div class=\"stream-item stream-item-above-post-content\"><\/div>\n<p>En la regi\u00f3n del Parque Patagonia, el equipo de conservaci\u00f3n de la Fundaci\u00f3n Rewilding Argentina ha logrado marcar diez pumas con collares satelitales que son monitoreados diariamente. Este collar se conecta con un sat\u00e9lite que env\u00eda los datos de la ubicaci\u00f3n del animal.\u00a0<strong><em>\u201cTambi\u00e9n colocamos c\u00e1maras trampa para ver si las hembras tienen cr\u00edas, o hay m\u00e1s individuos\u201d<\/em><\/strong>, nos cuenta Emanuel Galleto, guardaparque y miembro del equipo. Estas c\u00e1maras permiten capturar fotos o videos de los ejemplares en estado salvaje. Se instalan en un sitio donde el animal no lo pueda ver y cuando un sensor detecta su presencia, la imagen se toma autom\u00e1ticamente.<\/p>\n<p>Pampa es el nombre de uno de los ambientes de la Patagonia. Es una zona abierta y plana, donde el pastizal que predomina es el coir\u00f3n. All\u00ed los cient\u00edficos lograron capturar una hembra de puma a la que llamaron justamente \u201cPampa\u201d. Le colocaron un collar que ayuda a observar sus movimientos de forma remota y conocer los lugares que frecuenta.\u00a0 Al recibir cada d\u00eda los puntos GPS, los expertos pueden conocer c\u00f3mo se mueve y cuando los puntos se encuentran agrupados, saben que pas\u00f3 all\u00ed varias horas, muy probablemente aliment\u00e1ndose de una presa.<\/p>\n<p>\u201cPampa\u201d es una adulta de alrededor de 56 kg. Tiene unos 5 a\u00f1os de edad. Esto se calcula, seg\u00fan Emanuel por<em>\u00a0\u201cel desgaste de los dientes\u201d<\/em>.\u00a0<strong>El monitoreo satelital permite conocer datos sobre los horarios de su actividad, los ambientes que recorre y las interacciones con otros pumas.<\/strong><\/p>\n<p><em>\u201cPampa est\u00e1 asentada entre el ca\u00f1ad\u00f3n Caracoles y la meseta del lago Buenos Aires. Se desplaza dependiendo de la disponibilidad de alimento. Este invierno con las grandes nevadas que cayeron y la cantidad de nieve que se amonton\u00f3, pas\u00f3 casi todo el invierno dentro del ca\u00f1ad\u00f3n, donde hab\u00eda m\u00e1s concentraci\u00f3n de guanacos y choiques y eran f\u00e1ciles de cazar\u201d<\/em>.<\/p>\n<p><img decoding=\"async\" class=\"aligncenter size-full wp-image-34402 visible\" src=\"https:\/\/radiodelmar.net\/wp-content\/uploads\/2021\/01\/DSC_6381-1.jpg\" sizes=\"(max-width: 1969px) 100vw, 1969px\" srcset=\"https:\/\/radiodelmar.net\/wp-content\/uploads\/2021\/01\/DSC_6381-1.jpg 1969w, https:\/\/radiodelmar.net\/wp-content\/uploads\/2021\/01\/DSC_6381-1-300x200.jpg 300w, https:\/\/radiodelmar.net\/wp-content\/uploads\/2021\/01\/DSC_6381-1-768x511.jpg 768w, https:\/\/radiodelmar.net\/wp-content\/uploads\/2021\/01\/DSC_6381-1-1024x681.jpg 1024w\" alt=\"\" width=\"1969\" height=\"1310\" \/><\/p>\n<p>Algo llam\u00f3 la atenci\u00f3n de Galetto y su equipo: durante los \u00faltimos tres meses, \u201cPampa\u201d se hab\u00eda quedado muy quieta en un lugar.<strong>\u00a0<em>\u201cAs\u00ed nos dimos cuenta que hab\u00eda parido, porque durante la noche sal\u00eda a cazar y a alimentarse y en el d\u00eda volv\u00eda siempre al mismo matorral. Es ah\u00ed donde ten\u00eda a los cachorros. Ahora los cachorros ya se est\u00e1n moviendo, entonces se desplaza un poco m\u00e1s\u201d<\/em>,<\/strong>\u00a0explica.<\/p>\n<p>El guanaco y el choique constituyen el 100% de la dieta de los pumas. \u201cNo s\u00f3lo Pampa se alimenta de los guanacos y choiques que caza habitualmente. Con el collar podemos localizar los restos de sus presas y al colocar c\u00e1maras podemos monitorear qu\u00e9 otras especies tambi\u00e9n las consumen.\u201d\u00a0<strong>As\u00ed pudieron conocer que especies carro\u00f1eras como el c\u00f3ndor andino, el \u00e1guila mora, zorrinos, el zorro gris y zorro colorado, tambi\u00e9n se alimentan de las sobras de las cacer\u00edas de los pumas. El rol del puma es clave en el ecosistema al regular las poblaciones de sus presas.<\/strong><\/p>\n<p><img decoding=\"async\" class=\"aligncenter size-full wp-image-34404 visible\" src=\"https:\/\/radiodelmar.net\/wp-content\/uploads\/2021\/01\/DSC_6428.jpg\" sizes=\"(max-width: 2079px) 100vw, 2079px\" srcset=\"https:\/\/radiodelmar.net\/wp-content\/uploads\/2021\/01\/DSC_6428.jpg 2079w, https:\/\/radiodelmar.net\/wp-content\/uploads\/2021\/01\/DSC_6428-300x200.jpg 300w, https:\/\/radiodelmar.net\/wp-content\/uploads\/2021\/01\/DSC_6428-768x511.jpg 768w, https:\/\/radiodelmar.net\/wp-content\/uploads\/2021\/01\/DSC_6428-1024x681.jpg 1024w\" alt=\"\" width=\"2079\" height=\"1383\" \/><\/p>\n<p><em>\u201cDurante el invierno, por la nieve, se dificulta la movilidad tanto de los pumas como de sus presas. Al haber tantas concentradas en un mismo lugar, es m\u00e1s f\u00e1cil cazarlos. En verano, se desplaza un poco m\u00e1s hacia la meseta, ya que los guanacos migran hacia zonas m\u00e1s altas. Es donde se concentra el mayor n\u00famero de nacimientos de cr\u00edas de guanacos, mucho m\u00e1s f\u00e1ciles de capturar. Se mueve, pasa un par de d\u00edas en los roquedales, entre la meseta y el ca\u00f1ad\u00f3n Caracoles\u201d.<\/em><\/p>\n<p>Es\u00a0<strong>gracias a las nuevas tecnolog\u00edas y al trabajo ininterrumpido de los equipos de conservaci\u00f3n\u00a0<\/strong>que podemos acercarnos para conocer el maravilloso universo de la fauna en Patagonia.<\/p>\n<p>Sabemos entonces, que los pumas depredan grandes herb\u00edvoros, favoreciendo el desarrollo de la vegetaci\u00f3n, removiendo animales enfermos, disminuyendo la posibilidad de contagio y proveyendo alimento a aves carro\u00f1eras amenazadas como el c\u00f3ndor andino.<\/p>\n<p>Los equilibrios de los ambientes de la Patagonia dependen, en buena medida, de la presencia de pumas como \u201cPampa\u201d.<\/p>\n<p>&nbsp;<\/p>\n<p><em><strong>Link del video<\/strong><\/em><\/p>\n<p><a href=\"https:\/\/youtu.be\/JT9Jh7A8mTg\">https:\/\/youtu.be\/JT9Jh7A8mTg<\/a><\/p>\n<p>Fuente:\u00a0https:\/\/radiodelmar.net\/medioambiente\/54pampa-y-sus-cachorros-protagonistas-de-la-biodiversidad-de-la-patagonia\/<\/p>\n<\/div>\n","protected":false},"excerpt":{"rendered":"<p>Santa Cruz.-La creaci\u00f3n de \u00e1reas protegidas en Santa Cruz ayuda a reconstruir ambientes completos, permitiendo observar, conocer y disfrutar al [&hellip;]<\/p>\n","protected":false},"author":6,"featured_media":70480,"comment_status":"open","ping_status":"open","sticky":false,"template":"","format":"standard","meta":{"site-sidebar-layout":"default","site-content-layout":"","ast-site-content-layout":"default","site-content-style":"default","site-sidebar-style":"default","ast-global-header-display":"","ast-banner-title-visibility":"","ast-main-header-display":"","ast-hfb-above-header-display":"","ast-hfb-below-header-display":"","ast-hfb-mobile-header-display":"","site-post-title":"","ast-breadcrumbs-content":"","ast-featured-img":"","footer-sml-layout":"","ast-disable-related-posts":"","theme-transparent-header-meta":"","adv-header-id-meta":"","stick-header-meta":"","header-above-stick-meta":"","header-main-stick-meta":"","header-below-stick-meta":"","astra-migrate-meta-layouts":"default","ast-page-background-enabled":"default","ast-page-background-meta":{"desktop":{"background-color":"var(--ast-global-color-5)","background-image":"","background-repeat":"repeat","background-position":"center center","background-size":"auto","background-attachment":"scroll","background-type":"","background-media":"","overlay-type":"","overlay-color":"","overlay-opacity":"","overlay-gradient":""},"tablet":{"background-color":"","background-image":"","background-repeat":"repeat","background-position":"center center","background-size":"auto","background-attachment":"scroll","background-type":"","background-media":"","overlay-type":"","overlay-color":"","overlay-opacity":"","overlay-gradient":""},"mobile":{"background-color":"","background-image":"","background-repeat":"repeat","background-position":"center center","background-size":"auto","background-attachment":"scroll","background-type":"","background-media":"","overlay-type":"","overlay-color":"","overlay-opacity":"","overlay-gradient":""}},"ast-content-background-meta":{"desktop":{"background-color":"var(--ast-global-color-4)","background-image":"","background-repeat":"repeat","background-position":"center center","background-size":"auto","background-attachment":"scroll","background-type":"","background-media":"","overlay-type":"","overlay-color":"","overlay-opacity":"","overlay-gradient":""},"tablet":{"background-color":"var(--ast-global-color-4)","background-image":"","background-repeat":"repeat","background-position":"center center","background-size":"auto","background-attachment":"scroll","background-type":"","background-media":"","overlay-type":"","overlay-color":"","overlay-opacity":"","overlay-gradient":""},"mobile":{"background-color":"var(--ast-global-color-4)","background-image":"","background-repeat":"repeat","background-position":"center center","background-size":"auto","background-attachment":"scroll","background-type":"","background-media":"","overlay-type":"","overlay-color":"","overlay-opacity":"","overlay-gradient":""}},"footnotes":""},"categories":[11,1,13,10,20],"tags":[],"class_list":["post-70479","post","type-post","status-publish","format-standard","has-post-thumbnail","hentry","category-boletin","category-noticias","category-provinciales","category-rotador","category-santa-cruz"],"yoast_head":"<!-- This site is optimized with the Yoast SEO Premium plugin v23.0 (Yoast SEO v27.5) - https:\/\/yoast.com\/product\/yoast-seo-premium-wordpress\/ -->\n<title>\u201cPampa\u201d y sus cachorros, protagonistas de la biodiversidad de la Patagonia<\/title>\n<meta name=\"robots\" content=\"index, follow, max-snippet:-1, max-image-preview:large, max-video-preview:-1\" \/>\n<link rel=\"canonical\" href=\"https:\/\/patagoniambiental.com.ar\/info\/pampa-y-sus-cachorros-protagonistas-de-la-biodiversidad-de-la-patagonia\/\" \/>\n<meta property=\"og:locale\" content=\"es_ES\" \/>\n<meta property=\"og:type\" content=\"article\" \/>\n<meta property=\"og:title\" content=\"\u201cPampa\u201d y sus cachorros, protagonistas de la biodiversidad de la Patagonia\" \/>\n<meta property=\"og:description\" content=\"Santa Cruz.-La creaci\u00f3n de \u00e1reas protegidas en Santa Cruz ayuda a reconstruir ambientes completos, permitiendo observar, conocer y disfrutar al [&hellip;]\" \/>\n<meta property=\"og:url\" content=\"https:\/\/patagoniambiental.com.ar\/info\/pampa-y-sus-cachorros-protagonistas-de-la-biodiversidad-de-la-patagonia\/\" \/>\n<meta property=\"og:site_name\" content=\"Patagonia Ambiental\" \/>\n<meta property=\"article:publisher\" content=\"https:\/\/www.facebook.com\/patagonia.ambiental\" \/>\n<meta property=\"article:published_time\" content=\"2021-01-09T22:00:55+00:00\" \/>\n<meta property=\"og:image\" content=\"https:\/\/patagoniambiental.com.ar\/info\/wp-content\/uploads\/2021\/01\/DSC_3446-1-780x405.jpg\" \/>\n\t<meta property=\"og:image:width\" content=\"780\" \/>\n\t<meta property=\"og:image:height\" content=\"405\" \/>\n\t<meta property=\"og:image:type\" content=\"image\/jpeg\" \/>\n<meta name=\"author\" content=\"BRAIAN ESTEVEZ\" \/>\n<meta name=\"twitter:card\" content=\"summary_large_image\" \/>\n<meta name=\"twitter:creator\" content=\"@PatAmb\" \/>\n<meta name=\"twitter:site\" content=\"@PatAmb\" \/>\n<script type=\"application\/ld+json\" class=\"yoast-schema-graph\">{\"@context\":\"https:\\\/\\\/schema.org\",\"@graph\":[{\"@type\":\"Article\",\"@id\":\"https:\\\/\\\/patagoniambiental.com.ar\\\/info\\\/pampa-y-sus-cachorros-protagonistas-de-la-biodiversidad-de-la-patagonia\\\/#article\",\"isPartOf\":{\"@id\":\"https:\\\/\\\/patagoniambiental.com.ar\\\/info\\\/pampa-y-sus-cachorros-protagonistas-de-la-biodiversidad-de-la-patagonia\\\/\"},\"author\":{\"name\":\"BRAIAN ESTEVEZ\",\"@id\":\"https:\\\/\\\/patagoniambiental.com.ar\\\/info\\\/#\\\/schema\\\/person\\\/e5af09d700b2e82cb10c6b8800e0c691\"},\"headline\":\"\u201cPampa\u201d y sus cachorros, protagonistas de la biodiversidad de la Patagonia\",\"datePublished\":\"2021-01-09T22:00:55+00:00\",\"mainEntityOfPage\":{\"@id\":\"https:\\\/\\\/patagoniambiental.com.ar\\\/info\\\/pampa-y-sus-cachorros-protagonistas-de-la-biodiversidad-de-la-patagonia\\\/\"},\"wordCount\":753,\"commentCount\":0,\"publisher\":{\"@id\":\"https:\\\/\\\/patagoniambiental.com.ar\\\/info\\\/#organization\"},\"image\":{\"@id\":\"https:\\\/\\\/patagoniambiental.com.ar\\\/info\\\/pampa-y-sus-cachorros-protagonistas-de-la-biodiversidad-de-la-patagonia\\\/#primaryimage\"},\"thumbnailUrl\":\"https:\\\/\\\/patagoniambiental.com.ar\\\/info\\\/wp-content\\\/uploads\\\/2021\\\/01\\\/DSC_3446-1-780x405.jpg\",\"articleSection\":[\"Bolet\u00edn\",\"Noticias\",\"Provinciales\",\"Rotador\",\"Santa Cruz\"],\"inLanguage\":\"es\",\"potentialAction\":[{\"@type\":\"CommentAction\",\"name\":\"Comment\",\"target\":[\"https:\\\/\\\/patagoniambiental.com.ar\\\/info\\\/pampa-y-sus-cachorros-protagonistas-de-la-biodiversidad-de-la-patagonia\\\/#respond\"]}]},{\"@type\":\"WebPage\",\"@id\":\"https:\\\/\\\/patagoniambiental.com.ar\\\/info\\\/pampa-y-sus-cachorros-protagonistas-de-la-biodiversidad-de-la-patagonia\\\/\",\"url\":\"https:\\\/\\\/patagoniambiental.com.ar\\\/info\\\/pampa-y-sus-cachorros-protagonistas-de-la-biodiversidad-de-la-patagonia\\\/\",\"name\":\"\u201cPampa\u201d y sus cachorros, protagonistas de la biodiversidad de la Patagonia\",\"isPartOf\":{\"@id\":\"https:\\\/\\\/patagoniambiental.com.ar\\\/info\\\/#website\"},\"primaryImageOfPage\":{\"@id\":\"https:\\\/\\\/patagoniambiental.com.ar\\\/info\\\/pampa-y-sus-cachorros-protagonistas-de-la-biodiversidad-de-la-patagonia\\\/#primaryimage\"},\"image\":{\"@id\":\"https:\\\/\\\/patagoniambiental.com.ar\\\/info\\\/pampa-y-sus-cachorros-protagonistas-de-la-biodiversidad-de-la-patagonia\\\/#primaryimage\"},\"thumbnailUrl\":\"https:\\\/\\\/patagoniambiental.com.ar\\\/info\\\/wp-content\\\/uploads\\\/2021\\\/01\\\/DSC_3446-1-780x405.jpg\",\"datePublished\":\"2021-01-09T22:00:55+00:00\",\"breadcrumb\":{\"@id\":\"https:\\\/\\\/patagoniambiental.com.ar\\\/info\\\/pampa-y-sus-cachorros-protagonistas-de-la-biodiversidad-de-la-patagonia\\\/#breadcrumb\"},\"inLanguage\":\"es\",\"potentialAction\":[{\"@type\":\"ReadAction\",\"target\":[\"https:\\\/\\\/patagoniambiental.com.ar\\\/info\\\/pampa-y-sus-cachorros-protagonistas-de-la-biodiversidad-de-la-patagonia\\\/\"]}]},{\"@type\":\"ImageObject\",\"inLanguage\":\"es\",\"@id\":\"https:\\\/\\\/patagoniambiental.com.ar\\\/info\\\/pampa-y-sus-cachorros-protagonistas-de-la-biodiversidad-de-la-patagonia\\\/#primaryimage\",\"url\":\"https:\\\/\\\/patagoniambiental.com.ar\\\/info\\\/wp-content\\\/uploads\\\/2021\\\/01\\\/DSC_3446-1-780x405.jpg\",\"contentUrl\":\"https:\\\/\\\/patagoniambiental.com.ar\\\/info\\\/wp-content\\\/uploads\\\/2021\\\/01\\\/DSC_3446-1-780x405.jpg\",\"width\":780,\"height\":405},{\"@type\":\"BreadcrumbList\",\"@id\":\"https:\\\/\\\/patagoniambiental.com.ar\\\/info\\\/pampa-y-sus-cachorros-protagonistas-de-la-biodiversidad-de-la-patagonia\\\/#breadcrumb\",\"itemListElement\":[{\"@type\":\"ListItem\",\"position\":1,\"name\":\"Inicio\",\"item\":\"https:\\\/\\\/patagoniambiental.com.ar\\\/info\\\/\"},{\"@type\":\"ListItem\",\"position\":2,\"name\":\"\u201cPampa\u201d y sus cachorros, protagonistas de la biodiversidad de la Patagonia\"}]},{\"@type\":\"WebSite\",\"@id\":\"https:\\\/\\\/patagoniambiental.com.ar\\\/info\\\/#website\",\"url\":\"https:\\\/\\\/patagoniambiental.com.ar\\\/info\\\/\",\"name\":\"Patagonia Ambiental\",\"description\":\"Monitoreo y an\u00e1lisis de la situaci\u00f3n geopol\u00edtica en el mundo y su implicancia en la Patagonia\",\"publisher\":{\"@id\":\"https:\\\/\\\/patagoniambiental.com.ar\\\/info\\\/#organization\"},\"potentialAction\":[{\"@type\":\"SearchAction\",\"target\":{\"@type\":\"EntryPoint\",\"urlTemplate\":\"https:\\\/\\\/patagoniambiental.com.ar\\\/info\\\/?s={search_term_string}\"},\"query-input\":{\"@type\":\"PropertyValueSpecification\",\"valueRequired\":true,\"valueName\":\"search_term_string\"}}],\"inLanguage\":\"es\"},{\"@type\":\"Organization\",\"@id\":\"https:\\\/\\\/patagoniambiental.com.ar\\\/info\\\/#organization\",\"name\":\"Patagonia Ambiental\",\"url\":\"https:\\\/\\\/patagoniambiental.com.ar\\\/info\\\/\",\"logo\":{\"@type\":\"ImageObject\",\"inLanguage\":\"es\",\"@id\":\"https:\\\/\\\/patagoniambiental.com.ar\\\/info\\\/#\\\/schema\\\/logo\\\/image\\\/\",\"url\":\"https:\\\/\\\/patagoniambiental.com.ar\\\/info\\\/wp-content\\\/uploads\\\/2025\\\/05\\\/LOGO-PATAGONIA-AMBIENTAL.png\",\"contentUrl\":\"https:\\\/\\\/patagoniambiental.com.ar\\\/info\\\/wp-content\\\/uploads\\\/2025\\\/05\\\/LOGO-PATAGONIA-AMBIENTAL.png\",\"width\":433,\"height\":250,\"caption\":\"Patagonia Ambiental\"},\"image\":{\"@id\":\"https:\\\/\\\/patagoniambiental.com.ar\\\/info\\\/#\\\/schema\\\/logo\\\/image\\\/\"},\"sameAs\":[\"https:\\\/\\\/www.facebook.com\\\/patagonia.ambiental\",\"https:\\\/\\\/x.com\\\/PatAmb\"]},{\"@type\":\"Person\",\"@id\":\"https:\\\/\\\/patagoniambiental.com.ar\\\/info\\\/#\\\/schema\\\/person\\\/e5af09d700b2e82cb10c6b8800e0c691\",\"name\":\"BRAIAN ESTEVEZ\",\"sameAs\":[\"http:\\\/\\\/www.patagoniambiental.com.ar\"]}]}<\/script>\n<!-- \/ Yoast SEO Premium plugin. -->","yoast_head_json":{"title":"\u201cPampa\u201d y sus cachorros, protagonistas de la biodiversidad de la Patagonia","robots":{"index":"index","follow":"follow","max-snippet":"max-snippet:-1","max-image-preview":"max-image-preview:large","max-video-preview":"max-video-preview:-1"},"canonical":"https:\/\/patagoniambiental.com.ar\/info\/pampa-y-sus-cachorros-protagonistas-de-la-biodiversidad-de-la-patagonia\/","og_locale":"es_ES","og_type":"article","og_title":"\u201cPampa\u201d y sus cachorros, protagonistas de la biodiversidad de la Patagonia","og_description":"Santa Cruz.-La creaci\u00f3n de \u00e1reas protegidas en Santa Cruz ayuda a reconstruir ambientes completos, permitiendo observar, conocer y disfrutar al [&hellip;]","og_url":"https:\/\/patagoniambiental.com.ar\/info\/pampa-y-sus-cachorros-protagonistas-de-la-biodiversidad-de-la-patagonia\/","og_site_name":"Patagonia Ambiental","article_publisher":"https:\/\/www.facebook.com\/patagonia.ambiental","article_published_time":"2021-01-09T22:00:55+00:00","og_image":[{"width":780,"height":405,"url":"https:\/\/patagoniambiental.com.ar\/info\/wp-content\/uploads\/2021\/01\/DSC_3446-1-780x405.jpg","type":"image\/jpeg"}],"author":"BRAIAN ESTEVEZ","twitter_card":"summary_large_image","twitter_creator":"@PatAmb","twitter_site":"@PatAmb","schema":{"@context":"https:\/\/schema.org","@graph":[{"@type":"Article","@id":"https:\/\/patagoniambiental.com.ar\/info\/pampa-y-sus-cachorros-protagonistas-de-la-biodiversidad-de-la-patagonia\/#article","isPartOf":{"@id":"https:\/\/patagoniambiental.com.ar\/info\/pampa-y-sus-cachorros-protagonistas-de-la-biodiversidad-de-la-patagonia\/"},"author":{"name":"BRAIAN ESTEVEZ","@id":"https:\/\/patagoniambiental.com.ar\/info\/#\/schema\/person\/e5af09d700b2e82cb10c6b8800e0c691"},"headline":"\u201cPampa\u201d y sus cachorros, protagonistas de la biodiversidad de la Patagonia","datePublished":"2021-01-09T22:00:55+00:00","mainEntityOfPage":{"@id":"https:\/\/patagoniambiental.com.ar\/info\/pampa-y-sus-cachorros-protagonistas-de-la-biodiversidad-de-la-patagonia\/"},"wordCount":753,"commentCount":0,"publisher":{"@id":"https:\/\/patagoniambiental.com.ar\/info\/#organization"},"image":{"@id":"https:\/\/patagoniambiental.com.ar\/info\/pampa-y-sus-cachorros-protagonistas-de-la-biodiversidad-de-la-patagonia\/#primaryimage"},"thumbnailUrl":"https:\/\/patagoniambiental.com.ar\/info\/wp-content\/uploads\/2021\/01\/DSC_3446-1-780x405.jpg","articleSection":["Bolet\u00edn","Noticias","Provinciales","Rotador","Santa Cruz"],"inLanguage":"es","potentialAction":[{"@type":"CommentAction","name":"Comment","target":["https:\/\/patagoniambiental.com.ar\/info\/pampa-y-sus-cachorros-protagonistas-de-la-biodiversidad-de-la-patagonia\/#respond"]}]},{"@type":"WebPage","@id":"https:\/\/patagoniambiental.com.ar\/info\/pampa-y-sus-cachorros-protagonistas-de-la-biodiversidad-de-la-patagonia\/","url":"https:\/\/patagoniambiental.com.ar\/info\/pampa-y-sus-cachorros-protagonistas-de-la-biodiversidad-de-la-patagonia\/","name":"\u201cPampa\u201d y sus cachorros, protagonistas de la biodiversidad de la Patagonia","isPartOf":{"@id":"https:\/\/patagoniambiental.com.ar\/info\/#website"},"primaryImageOfPage":{"@id":"https:\/\/patagoniambiental.com.ar\/info\/pampa-y-sus-cachorros-protagonistas-de-la-biodiversidad-de-la-patagonia\/#primaryimage"},"image":{"@id":"https:\/\/patagoniambiental.com.ar\/info\/pampa-y-sus-cachorros-protagonistas-de-la-biodiversidad-de-la-patagonia\/#primaryimage"},"thumbnailUrl":"https:\/\/patagoniambiental.com.ar\/info\/wp-content\/uploads\/2021\/01\/DSC_3446-1-780x405.jpg","datePublished":"2021-01-09T22:00:55+00:00","breadcrumb":{"@id":"https:\/\/patagoniambiental.com.ar\/info\/pampa-y-sus-cachorros-protagonistas-de-la-biodiversidad-de-la-patagonia\/#breadcrumb"},"inLanguage":"es","potentialAction":[{"@type":"ReadAction","target":["https:\/\/patagoniambiental.com.ar\/info\/pampa-y-sus-cachorros-protagonistas-de-la-biodiversidad-de-la-patagonia\/"]}]},{"@type":"ImageObject","inLanguage":"es","@id":"https:\/\/patagoniambiental.com.ar\/info\/pampa-y-sus-cachorros-protagonistas-de-la-biodiversidad-de-la-patagonia\/#primaryimage","url":"https:\/\/patagoniambiental.com.ar\/info\/wp-content\/uploads\/2021\/01\/DSC_3446-1-780x405.jpg","contentUrl":"https:\/\/patagoniambiental.com.ar\/info\/wp-content\/uploads\/2021\/01\/DSC_3446-1-780x405.jpg","width":780,"height":405},{"@type":"BreadcrumbList","@id":"https:\/\/patagoniambiental.com.ar\/info\/pampa-y-sus-cachorros-protagonistas-de-la-biodiversidad-de-la-patagonia\/#breadcrumb","itemListElement":[{"@type":"ListItem","position":1,"name":"Inicio","item":"https:\/\/patagoniambiental.com.ar\/info\/"},{"@type":"ListItem","position":2,"name":"\u201cPampa\u201d y sus cachorros, protagonistas de la biodiversidad de la Patagonia"}]},{"@type":"WebSite","@id":"https:\/\/patagoniambiental.com.ar\/info\/#website","url":"https:\/\/patagoniambiental.com.ar\/info\/","name":"Patagonia Ambiental","description":"Monitoreo y an\u00e1lisis de la situaci\u00f3n geopol\u00edtica en el mundo y su implicancia en la Patagonia","publisher":{"@id":"https:\/\/patagoniambiental.com.ar\/info\/#organization"},"potentialAction":[{"@type":"SearchAction","target":{"@type":"EntryPoint","urlTemplate":"https:\/\/patagoniambiental.com.ar\/info\/?s={search_term_string}"},"query-input":{"@type":"PropertyValueSpecification","valueRequired":true,"valueName":"search_term_string"}}],"inLanguage":"es"},{"@type":"Organization","@id":"https:\/\/patagoniambiental.com.ar\/info\/#organization","name":"Patagonia Ambiental","url":"https:\/\/patagoniambiental.com.ar\/info\/","logo":{"@type":"ImageObject","inLanguage":"es","@id":"https:\/\/patagoniambiental.com.ar\/info\/#\/schema\/logo\/image\/","url":"https:\/\/patagoniambiental.com.ar\/info\/wp-content\/uploads\/2025\/05\/LOGO-PATAGONIA-AMBIENTAL.png","contentUrl":"https:\/\/patagoniambiental.com.ar\/info\/wp-content\/uploads\/2025\/05\/LOGO-PATAGONIA-AMBIENTAL.png","width":433,"height":250,"caption":"Patagonia Ambiental"},"image":{"@id":"https:\/\/patagoniambiental.com.ar\/info\/#\/schema\/logo\/image\/"},"sameAs":["https:\/\/www.facebook.com\/patagonia.ambiental","https:\/\/x.com\/PatAmb"]},{"@type":"Person","@id":"https:\/\/patagoniambiental.com.ar\/info\/#\/schema\/person\/e5af09d700b2e82cb10c6b8800e0c691","name":"BRAIAN ESTEVEZ","sameAs":["http:\/\/www.patagoniambiental.com.ar"]}]}},"_links":{"self":[{"href":"https:\/\/patagoniambiental.com.ar\/info\/wp-json\/wp\/v2\/posts\/70479","targetHints":{"allow":["GET"]}}],"collection":[{"href":"https:\/\/patagoniambiental.com.ar\/info\/wp-json\/wp\/v2\/posts"}],"about":[{"href":"https:\/\/patagoniambiental.com.ar\/info\/wp-json\/wp\/v2\/types\/post"}],"author":[{"embeddable":true,"href":"https:\/\/patagoniambiental.com.ar\/info\/wp-json\/wp\/v2\/users\/6"}],"replies":[{"embeddable":true,"href":"https:\/\/patagoniambiental.com.ar\/info\/wp-json\/wp\/v2\/comments?post=70479"}],"version-history":[{"count":0,"href":"https:\/\/patagoniambiental.com.ar\/info\/wp-json\/wp\/v2\/posts\/70479\/revisions"}],"wp:featuredmedia":[{"embeddable":true,"href":"https:\/\/patagoniambiental.com.ar\/info\/wp-json\/wp\/v2\/media\/70480"}],"wp:attachment":[{"href":"https:\/\/patagoniambiental.com.ar\/info\/wp-json\/wp\/v2\/media?parent=70479"}],"wp:term":[{"taxonomy":"category","embeddable":true,"href":"https:\/\/patagoniambiental.com.ar\/info\/wp-json\/wp\/v2\/categories?post=70479"},{"taxonomy":"post_tag","embeddable":true,"href":"https:\/\/patagoniambiental.com.ar\/info\/wp-json\/wp\/v2\/tags?post=70479"}],"curies":[{"name":"wp","href":"https:\/\/api.w.org\/{rel}","templated":true}]}}