{"id":70489,"date":"2021-01-11T07:00:06","date_gmt":"2021-01-11T10:00:06","guid":{"rendered":"http:\/\/patagoniambiental.com.ar\/info\/?p=70489"},"modified":"2021-01-11T08:49:41","modified_gmt":"2021-01-11T11:49:41","slug":"rio-negro-prepara-el-terreno-para-la-llegada-de-la-etiqueta-de-eficiencia-energetica-de-viviendas","status":"publish","type":"post","link":"https:\/\/patagoniambiental.com.ar\/info\/rio-negro-prepara-el-terreno-para-la-llegada-de-la-etiqueta-de-eficiencia-energetica-de-viviendas\/","title":{"rendered":"R\u00edo Negro prepara el terreno para la llegada de la etiqueta de eficiencia energ\u00e9tica de viviendas"},"content":{"rendered":"<div>\n<p>La etiqueta de eficiencia energ\u00e9tica es un instrumento que brindar\u00e1 informaci\u00f3n a los ciudadanos y ciudadanas acerca de las prestaciones energ\u00e9ticas de una vivienda.<\/p>\n<\/div>\n<p><!--more--><\/p>\n<div>\n<p>Adem\u00e1s, puede constituirse en una herramienta de decisi\u00f3n adicional a la hora de realizar una operaci\u00f3n inmobiliaria, evaluar un nuevo proyecto o realizar intervenciones en viviendas existentes.<\/p>\n<p>As\u00ed como ya lo tienen algunos electrodom\u00e9sticos, se est\u00e1 trabajando en un Programa Nacional de Etiquetado de Viviendas para que el instrumento llegue masivamente a integrarse en el campo de las construcciones civiles. Y es all\u00ed donde entran en acci\u00f3n los profesionales que se encargar\u00e1n de emitir los certificados energ\u00e9ticos con las etiquetas correspondientes, a partir de criterios unificados de alcance nacional.<\/p>\n<p>El contexto de pandemia por el COVID-19 alter\u00f3 los planes durante el a\u00f1o pasado y a instancias de R\u00edo Negro y Neuqu\u00e9n, se hizo la primera capacitaci\u00f3n nacional \u00edntegramente a distancia. Luego, nuestra provincia organiz\u00f3 por su cuenta una nueva instancia de formaci\u00f3n, que termin\u00f3 cerca de fin de a\u00f1o.<\/p>\n<p>La primera capacitaci\u00f3n cont\u00f3 con la participaci\u00f3n de 80 profesionales de R\u00edo Negro y Neuqu\u00e9n. En la siguiente, con un centenar de personas, se sumaron de otras provincias, como Buenos Aires, C\u00f3rdoba, Chaco, Chubut, Entre R\u00edos, La Pampa, La Rioja, Neuqu\u00e9n, San Juan, Santa Cruz y Tucum\u00e1n.<\/p>\n<p>Ambas actividades formativas fueron dictadas por la cartera energ\u00e9tica nacional con el desaf\u00edo de hacerlas a distancia por primera vez en lo que va del programa.<\/p>\n<p>Seg\u00fan evalu\u00f3 la Secretaria de Energ\u00eda de R\u00edo Negro, Andrea Confini, \u201cfue una experiencia muy positiva. Los propios profesores resaltaron el nivel que se logr\u00f3 con la modalidad virtual como un punto destacado. Es que, seg\u00fan nos contaron, la modalidad oblig\u00f3 a redise\u00f1ar la din\u00e1mica de la actividad para combinar clases virtuales presenciales, procesos autogestionados de estudio, talleres y clases de consulta y evaluaciones intermedias de los m\u00f3dulos; adem\u00e1s de buscar nuevas formas de interacci\u00f3n con los alumnos para facilitar la unificaci\u00f3n del lenguaje utilizado. Todo un desaf\u00edo que fue superado gracias al profesionalismo del equipo de trabajo y la colaboraci\u00f3n de los alumnos\u201d.<\/p>\n<p>Cabe destacar que en anteriores experiencias presenciales del curso realizadas en otras provincias no se evaluaban las certificaciones energ\u00e9ticas de los alumnos, solo se hac\u00edan puestas en com\u00fan y se compart\u00edan devoluciones para poder aplicar las mejoras a lo realizado.<\/p>\n<p>\u201cEn los cursos que se hicieron a instancias de R\u00edo Negro, cada uno de los participantes interact\u00faa directamente con la plataforma web simulando el proceso de obtenci\u00f3n de los Certificados Energ\u00e9ticos de la Vivienda, lo que permiti\u00f3 incorporar la experiencia a un proceso real de certificaci\u00f3n\u201d, a\u00f1adi\u00f3 Confini.<\/p>\n<p>Cabe destacar que R\u00edo Negro, a trav\u00e9s de la Mesa de Eficiencia Energ\u00e9tica, ha desarrollado un borrador de proyecto de ley provincial que facilite la aplicaci\u00f3n del Etiquetado de Viviendas en el \u00e1mbito de la provincia de R\u00edo Negro, que ya ha sido elevado a las autoridades legislativas provinciales.<\/p>\n<p><strong>Etiqueta de eficiencia energ\u00e9tica<\/strong><\/p>\n<p>La etiqueta de eficiencia energ\u00e9tica es un documento en el que figura una escala de letras desde la \u201cA\u201d (el mayor nivel de eficiencia energ\u00e9tica) hasta la \u201cG\u201d (el menor nivel de eficiencia energ\u00e9tica), que determina la clase de eficiencia energ\u00e9tica de una vivienda, asociada a un rango de valores del \u00cdndice de Prestaciones Energ\u00e9ticas, determinado conforme Norma IRAM 11.900 \/ 2017.<\/p>\n<p>El \u00cdndice de Prestaciones Energ\u00e9ticas (IPE) es un valor caracter\u00edstico de la vivienda, que representa el requerimiento te\u00f3rico de energ\u00eda primaria para satisfacer las necesidades de calefacci\u00f3n en invierno, refrigeraci\u00f3n en verano, calentamiento de agua sanitaria e iluminaci\u00f3n, durante un a\u00f1o y por metro cuadrado de superficie, bajo condiciones normalizadas de uso. Se expresa en kWh\/m2a\u00f1o.<\/p>\n<p>Este indicador es independiente del uso, y permite cuantificar las prestaciones energ\u00e9ticas de las viviendas para poder compararlas con un criterio unificado, y a partir de esto construir una l\u00ednea de base que sirva como referencia para la elaboraci\u00f3n de pol\u00edticas p\u00fablicas y el direccionamiento de mecanismos de incentivos diversos. La escala de letras es diferente para cada zona clim\u00e1tica del pa\u00eds.<\/p>\n<p>Fuente: Gobierno de Rio Negro<\/p>\n<\/div>\n","protected":false},"excerpt":{"rendered":"<p>La etiqueta de eficiencia energ\u00e9tica es un instrumento que brindar\u00e1 informaci\u00f3n a los ciudadanos y ciudadanas acerca de las prestaciones [&hellip;]<\/p>\n","protected":false},"author":6,"featured_media":70490,"comment_status":"open","ping_status":"open","sticky":false,"template":"","format":"standard","meta":{"site-sidebar-layout":"default","site-content-layout":"","ast-site-content-layout":"default","site-content-style":"default","site-sidebar-style":"default","ast-global-header-display":"","ast-banner-title-visibility":"","ast-main-header-display":"","ast-hfb-above-header-display":"","ast-hfb-below-header-display":"","ast-hfb-mobile-header-display":"","site-post-title":"","ast-breadcrumbs-content":"","ast-featured-img":"","footer-sml-layout":"","ast-disable-related-posts":"","theme-transparent-header-meta":"","adv-header-id-meta":"","stick-header-meta":"","header-above-stick-meta":"","header-main-stick-meta":"","header-below-stick-meta":"","astra-migrate-meta-layouts":"default","ast-page-background-enabled":"default","ast-page-background-meta":{"desktop":{"background-color":"var(--ast-global-color-5)","background-image":"","background-repeat":"repeat","background-position":"center center","background-size":"auto","background-attachment":"scroll","background-type":"","background-media":"","overlay-type":"","overlay-color":"","overlay-opacity":"","overlay-gradient":""},"tablet":{"background-color":"","background-image":"","background-repeat":"repeat","background-position":"center center","background-size":"auto","background-attachment":"scroll","background-type":"","background-media":"","overlay-type":"","overlay-color":"","overlay-opacity":"","overlay-gradient":""},"mobile":{"background-color":"","background-image":"","background-repeat":"repeat","background-position":"center center","background-size":"auto","background-attachment":"scroll","background-type":"","background-media":"","overlay-type":"","overlay-color":"","overlay-opacity":"","overlay-gradient":""}},"ast-content-background-meta":{"desktop":{"background-color":"var(--ast-global-color-4)","background-image":"","background-repeat":"repeat","background-position":"center center","background-size":"auto","background-attachment":"scroll","background-type":"","background-media":"","overlay-type":"","overlay-color":"","overlay-opacity":"","overlay-gradient":""},"tablet":{"background-color":"var(--ast-global-color-4)","background-image":"","background-repeat":"repeat","background-position":"center center","background-size":"auto","background-attachment":"scroll","background-type":"","background-media":"","overlay-type":"","overlay-color":"","overlay-opacity":"","overlay-gradient":""},"mobile":{"background-color":"var(--ast-global-color-4)","background-image":"","background-repeat":"repeat","background-position":"center center","background-size":"auto","background-attachment":"scroll","background-type":"","background-media":"","overlay-type":"","overlay-color":"","overlay-opacity":"","overlay-gradient":""}},"footnotes":""},"categories":[11,1,13,14,10],"tags":[],"class_list":["post-70489","post","type-post","status-publish","format-standard","has-post-thumbnail","hentry","category-boletin","category-noticias","category-provinciales","category-rio-negro","category-rotador"],"yoast_head":"<!-- This site is optimized with the Yoast SEO Premium plugin v23.0 (Yoast SEO v27.5) - https:\/\/yoast.com\/product\/yoast-seo-premium-wordpress\/ -->\n<title>R\u00edo Negro prepara el terreno para la llegada de la etiqueta de eficiencia energ\u00e9tica de viviendas<\/title>\n<meta name=\"robots\" content=\"index, follow, max-snippet:-1, max-image-preview:large, max-video-preview:-1\" \/>\n<link rel=\"canonical\" href=\"https:\/\/patagoniambiental.com.ar\/info\/rio-negro-prepara-el-terreno-para-la-llegada-de-la-etiqueta-de-eficiencia-energetica-de-viviendas\/\" \/>\n<meta property=\"og:locale\" content=\"es_ES\" \/>\n<meta property=\"og:type\" content=\"article\" \/>\n<meta property=\"og:title\" content=\"R\u00edo Negro prepara el terreno para la llegada de la etiqueta de eficiencia energ\u00e9tica de viviendas\" \/>\n<meta property=\"og:description\" content=\"La etiqueta de eficiencia energ\u00e9tica es un instrumento que brindar\u00e1 informaci\u00f3n a los ciudadanos y ciudadanas acerca de las prestaciones [&hellip;]\" \/>\n<meta property=\"og:url\" content=\"https:\/\/patagoniambiental.com.ar\/info\/rio-negro-prepara-el-terreno-para-la-llegada-de-la-etiqueta-de-eficiencia-energetica-de-viviendas\/\" \/>\n<meta property=\"og:site_name\" content=\"Patagonia Ambiental\" \/>\n<meta property=\"article:publisher\" content=\"https:\/\/www.facebook.com\/patagonia.ambiental\" \/>\n<meta property=\"article:published_time\" content=\"2021-01-11T10:00:06+00:00\" \/>\n<meta property=\"article:modified_time\" content=\"2021-01-11T11:49:41+00:00\" \/>\n<meta property=\"og:image\" content=\"https:\/\/patagoniambiental.com.ar\/info\/wp-content\/uploads\/2021\/01\/00054018.jpg\" \/>\n\t<meta property=\"og:image:width\" content=\"924\" \/>\n\t<meta property=\"og:image:height\" content=\"616\" \/>\n\t<meta property=\"og:image:type\" content=\"image\/jpeg\" \/>\n<meta name=\"author\" content=\"BRAIAN ESTEVEZ\" \/>\n<meta name=\"twitter:card\" content=\"summary_large_image\" \/>\n<meta name=\"twitter:creator\" content=\"@PatAmb\" \/>\n<meta name=\"twitter:site\" content=\"@PatAmb\" \/>\n<script type=\"application\/ld+json\" class=\"yoast-schema-graph\">{\"@context\":\"https:\\\/\\\/schema.org\",\"@graph\":[{\"@type\":\"Article\",\"@id\":\"https:\\\/\\\/patagoniambiental.com.ar\\\/info\\\/rio-negro-prepara-el-terreno-para-la-llegada-de-la-etiqueta-de-eficiencia-energetica-de-viviendas\\\/#article\",\"isPartOf\":{\"@id\":\"https:\\\/\\\/patagoniambiental.com.ar\\\/info\\\/rio-negro-prepara-el-terreno-para-la-llegada-de-la-etiqueta-de-eficiencia-energetica-de-viviendas\\\/\"},\"author\":{\"name\":\"BRAIAN ESTEVEZ\",\"@id\":\"https:\\\/\\\/patagoniambiental.com.ar\\\/info\\\/#\\\/schema\\\/person\\\/e5af09d700b2e82cb10c6b8800e0c691\"},\"headline\":\"R\u00edo Negro prepara el terreno para la llegada de la etiqueta de eficiencia energ\u00e9tica de viviendas\",\"datePublished\":\"2021-01-11T10:00:06+00:00\",\"dateModified\":\"2021-01-11T11:49:41+00:00\",\"mainEntityOfPage\":{\"@id\":\"https:\\\/\\\/patagoniambiental.com.ar\\\/info\\\/rio-negro-prepara-el-terreno-para-la-llegada-de-la-etiqueta-de-eficiencia-energetica-de-viviendas\\\/\"},\"wordCount\":757,\"commentCount\":0,\"publisher\":{\"@id\":\"https:\\\/\\\/patagoniambiental.com.ar\\\/info\\\/#organization\"},\"image\":{\"@id\":\"https:\\\/\\\/patagoniambiental.com.ar\\\/info\\\/rio-negro-prepara-el-terreno-para-la-llegada-de-la-etiqueta-de-eficiencia-energetica-de-viviendas\\\/#primaryimage\"},\"thumbnailUrl\":\"https:\\\/\\\/patagoniambiental.com.ar\\\/info\\\/wp-content\\\/uploads\\\/2021\\\/01\\\/00054018.jpg\",\"articleSection\":[\"Bolet\u00edn\",\"Noticias\",\"Provinciales\",\"R\u00edo Negro\",\"Rotador\"],\"inLanguage\":\"es\",\"potentialAction\":[{\"@type\":\"CommentAction\",\"name\":\"Comment\",\"target\":[\"https:\\\/\\\/patagoniambiental.com.ar\\\/info\\\/rio-negro-prepara-el-terreno-para-la-llegada-de-la-etiqueta-de-eficiencia-energetica-de-viviendas\\\/#respond\"]}]},{\"@type\":\"WebPage\",\"@id\":\"https:\\\/\\\/patagoniambiental.com.ar\\\/info\\\/rio-negro-prepara-el-terreno-para-la-llegada-de-la-etiqueta-de-eficiencia-energetica-de-viviendas\\\/\",\"url\":\"https:\\\/\\\/patagoniambiental.com.ar\\\/info\\\/rio-negro-prepara-el-terreno-para-la-llegada-de-la-etiqueta-de-eficiencia-energetica-de-viviendas\\\/\",\"name\":\"R\u00edo Negro prepara el terreno para la llegada de la etiqueta de eficiencia energ\u00e9tica de viviendas\",\"isPartOf\":{\"@id\":\"https:\\\/\\\/patagoniambiental.com.ar\\\/info\\\/#website\"},\"primaryImageOfPage\":{\"@id\":\"https:\\\/\\\/patagoniambiental.com.ar\\\/info\\\/rio-negro-prepara-el-terreno-para-la-llegada-de-la-etiqueta-de-eficiencia-energetica-de-viviendas\\\/#primaryimage\"},\"image\":{\"@id\":\"https:\\\/\\\/patagoniambiental.com.ar\\\/info\\\/rio-negro-prepara-el-terreno-para-la-llegada-de-la-etiqueta-de-eficiencia-energetica-de-viviendas\\\/#primaryimage\"},\"thumbnailUrl\":\"https:\\\/\\\/patagoniambiental.com.ar\\\/info\\\/wp-content\\\/uploads\\\/2021\\\/01\\\/00054018.jpg\",\"datePublished\":\"2021-01-11T10:00:06+00:00\",\"dateModified\":\"2021-01-11T11:49:41+00:00\",\"breadcrumb\":{\"@id\":\"https:\\\/\\\/patagoniambiental.com.ar\\\/info\\\/rio-negro-prepara-el-terreno-para-la-llegada-de-la-etiqueta-de-eficiencia-energetica-de-viviendas\\\/#breadcrumb\"},\"inLanguage\":\"es\",\"potentialAction\":[{\"@type\":\"ReadAction\",\"target\":[\"https:\\\/\\\/patagoniambiental.com.ar\\\/info\\\/rio-negro-prepara-el-terreno-para-la-llegada-de-la-etiqueta-de-eficiencia-energetica-de-viviendas\\\/\"]}]},{\"@type\":\"ImageObject\",\"inLanguage\":\"es\",\"@id\":\"https:\\\/\\\/patagoniambiental.com.ar\\\/info\\\/rio-negro-prepara-el-terreno-para-la-llegada-de-la-etiqueta-de-eficiencia-energetica-de-viviendas\\\/#primaryimage\",\"url\":\"https:\\\/\\\/patagoniambiental.com.ar\\\/info\\\/wp-content\\\/uploads\\\/2021\\\/01\\\/00054018.jpg\",\"contentUrl\":\"https:\\\/\\\/patagoniambiental.com.ar\\\/info\\\/wp-content\\\/uploads\\\/2021\\\/01\\\/00054018.jpg\",\"width\":900,\"height\":600},{\"@type\":\"BreadcrumbList\",\"@id\":\"https:\\\/\\\/patagoniambiental.com.ar\\\/info\\\/rio-negro-prepara-el-terreno-para-la-llegada-de-la-etiqueta-de-eficiencia-energetica-de-viviendas\\\/#breadcrumb\",\"itemListElement\":[{\"@type\":\"ListItem\",\"position\":1,\"name\":\"Inicio\",\"item\":\"https:\\\/\\\/patagoniambiental.com.ar\\\/info\\\/\"},{\"@type\":\"ListItem\",\"position\":2,\"name\":\"R\u00edo Negro prepara el terreno para la llegada de la etiqueta de eficiencia energ\u00e9tica de viviendas\"}]},{\"@type\":\"WebSite\",\"@id\":\"https:\\\/\\\/patagoniambiental.com.ar\\\/info\\\/#website\",\"url\":\"https:\\\/\\\/patagoniambiental.com.ar\\\/info\\\/\",\"name\":\"Patagonia Ambiental\",\"description\":\"Monitoreo y an\u00e1lisis de la situaci\u00f3n geopol\u00edtica en el mundo y su implicancia en la Patagonia\",\"publisher\":{\"@id\":\"https:\\\/\\\/patagoniambiental.com.ar\\\/info\\\/#organization\"},\"potentialAction\":[{\"@type\":\"SearchAction\",\"target\":{\"@type\":\"EntryPoint\",\"urlTemplate\":\"https:\\\/\\\/patagoniambiental.com.ar\\\/info\\\/?s={search_term_string}\"},\"query-input\":{\"@type\":\"PropertyValueSpecification\",\"valueRequired\":true,\"valueName\":\"search_term_string\"}}],\"inLanguage\":\"es\"},{\"@type\":\"Organization\",\"@id\":\"https:\\\/\\\/patagoniambiental.com.ar\\\/info\\\/#organization\",\"name\":\"Patagonia Ambiental\",\"url\":\"https:\\\/\\\/patagoniambiental.com.ar\\\/info\\\/\",\"logo\":{\"@type\":\"ImageObject\",\"inLanguage\":\"es\",\"@id\":\"https:\\\/\\\/patagoniambiental.com.ar\\\/info\\\/#\\\/schema\\\/logo\\\/image\\\/\",\"url\":\"https:\\\/\\\/patagoniambiental.com.ar\\\/info\\\/wp-content\\\/uploads\\\/2025\\\/05\\\/LOGO-PATAGONIA-AMBIENTAL.png\",\"contentUrl\":\"https:\\\/\\\/patagoniambiental.com.ar\\\/info\\\/wp-content\\\/uploads\\\/2025\\\/05\\\/LOGO-PATAGONIA-AMBIENTAL.png\",\"width\":433,\"height\":250,\"caption\":\"Patagonia Ambiental\"},\"image\":{\"@id\":\"https:\\\/\\\/patagoniambiental.com.ar\\\/info\\\/#\\\/schema\\\/logo\\\/image\\\/\"},\"sameAs\":[\"https:\\\/\\\/www.facebook.com\\\/patagonia.ambiental\",\"https:\\\/\\\/x.com\\\/PatAmb\"]},{\"@type\":\"Person\",\"@id\":\"https:\\\/\\\/patagoniambiental.com.ar\\\/info\\\/#\\\/schema\\\/person\\\/e5af09d700b2e82cb10c6b8800e0c691\",\"name\":\"BRAIAN ESTEVEZ\",\"sameAs\":[\"http:\\\/\\\/www.patagoniambiental.com.ar\"]}]}<\/script>\n<!-- \/ Yoast SEO Premium plugin. -->","yoast_head_json":{"title":"R\u00edo Negro prepara el terreno para la llegada de la etiqueta de eficiencia energ\u00e9tica de viviendas","robots":{"index":"index","follow":"follow","max-snippet":"max-snippet:-1","max-image-preview":"max-image-preview:large","max-video-preview":"max-video-preview:-1"},"canonical":"https:\/\/patagoniambiental.com.ar\/info\/rio-negro-prepara-el-terreno-para-la-llegada-de-la-etiqueta-de-eficiencia-energetica-de-viviendas\/","og_locale":"es_ES","og_type":"article","og_title":"R\u00edo Negro prepara el terreno para la llegada de la etiqueta de eficiencia energ\u00e9tica de viviendas","og_description":"La etiqueta de eficiencia energ\u00e9tica es un instrumento que brindar\u00e1 informaci\u00f3n a los ciudadanos y ciudadanas acerca de las prestaciones [&hellip;]","og_url":"https:\/\/patagoniambiental.com.ar\/info\/rio-negro-prepara-el-terreno-para-la-llegada-de-la-etiqueta-de-eficiencia-energetica-de-viviendas\/","og_site_name":"Patagonia Ambiental","article_publisher":"https:\/\/www.facebook.com\/patagonia.ambiental","article_published_time":"2021-01-11T10:00:06+00:00","article_modified_time":"2021-01-11T11:49:41+00:00","og_image":[{"width":924,"height":616,"url":"https:\/\/patagoniambiental.com.ar\/info\/wp-content\/uploads\/2021\/01\/00054018.jpg","type":"image\/jpeg"}],"author":"BRAIAN ESTEVEZ","twitter_card":"summary_large_image","twitter_creator":"@PatAmb","twitter_site":"@PatAmb","schema":{"@context":"https:\/\/schema.org","@graph":[{"@type":"Article","@id":"https:\/\/patagoniambiental.com.ar\/info\/rio-negro-prepara-el-terreno-para-la-llegada-de-la-etiqueta-de-eficiencia-energetica-de-viviendas\/#article","isPartOf":{"@id":"https:\/\/patagoniambiental.com.ar\/info\/rio-negro-prepara-el-terreno-para-la-llegada-de-la-etiqueta-de-eficiencia-energetica-de-viviendas\/"},"author":{"name":"BRAIAN ESTEVEZ","@id":"https:\/\/patagoniambiental.com.ar\/info\/#\/schema\/person\/e5af09d700b2e82cb10c6b8800e0c691"},"headline":"R\u00edo Negro prepara el terreno para la llegada de la etiqueta de eficiencia energ\u00e9tica de viviendas","datePublished":"2021-01-11T10:00:06+00:00","dateModified":"2021-01-11T11:49:41+00:00","mainEntityOfPage":{"@id":"https:\/\/patagoniambiental.com.ar\/info\/rio-negro-prepara-el-terreno-para-la-llegada-de-la-etiqueta-de-eficiencia-energetica-de-viviendas\/"},"wordCount":757,"commentCount":0,"publisher":{"@id":"https:\/\/patagoniambiental.com.ar\/info\/#organization"},"image":{"@id":"https:\/\/patagoniambiental.com.ar\/info\/rio-negro-prepara-el-terreno-para-la-llegada-de-la-etiqueta-de-eficiencia-energetica-de-viviendas\/#primaryimage"},"thumbnailUrl":"https:\/\/patagoniambiental.com.ar\/info\/wp-content\/uploads\/2021\/01\/00054018.jpg","articleSection":["Bolet\u00edn","Noticias","Provinciales","R\u00edo Negro","Rotador"],"inLanguage":"es","potentialAction":[{"@type":"CommentAction","name":"Comment","target":["https:\/\/patagoniambiental.com.ar\/info\/rio-negro-prepara-el-terreno-para-la-llegada-de-la-etiqueta-de-eficiencia-energetica-de-viviendas\/#respond"]}]},{"@type":"WebPage","@id":"https:\/\/patagoniambiental.com.ar\/info\/rio-negro-prepara-el-terreno-para-la-llegada-de-la-etiqueta-de-eficiencia-energetica-de-viviendas\/","url":"https:\/\/patagoniambiental.com.ar\/info\/rio-negro-prepara-el-terreno-para-la-llegada-de-la-etiqueta-de-eficiencia-energetica-de-viviendas\/","name":"R\u00edo Negro prepara el terreno para la llegada de la etiqueta de eficiencia energ\u00e9tica de viviendas","isPartOf":{"@id":"https:\/\/patagoniambiental.com.ar\/info\/#website"},"primaryImageOfPage":{"@id":"https:\/\/patagoniambiental.com.ar\/info\/rio-negro-prepara-el-terreno-para-la-llegada-de-la-etiqueta-de-eficiencia-energetica-de-viviendas\/#primaryimage"},"image":{"@id":"https:\/\/patagoniambiental.com.ar\/info\/rio-negro-prepara-el-terreno-para-la-llegada-de-la-etiqueta-de-eficiencia-energetica-de-viviendas\/#primaryimage"},"thumbnailUrl":"https:\/\/patagoniambiental.com.ar\/info\/wp-content\/uploads\/2021\/01\/00054018.jpg","datePublished":"2021-01-11T10:00:06+00:00","dateModified":"2021-01-11T11:49:41+00:00","breadcrumb":{"@id":"https:\/\/patagoniambiental.com.ar\/info\/rio-negro-prepara-el-terreno-para-la-llegada-de-la-etiqueta-de-eficiencia-energetica-de-viviendas\/#breadcrumb"},"inLanguage":"es","potentialAction":[{"@type":"ReadAction","target":["https:\/\/patagoniambiental.com.ar\/info\/rio-negro-prepara-el-terreno-para-la-llegada-de-la-etiqueta-de-eficiencia-energetica-de-viviendas\/"]}]},{"@type":"ImageObject","inLanguage":"es","@id":"https:\/\/patagoniambiental.com.ar\/info\/rio-negro-prepara-el-terreno-para-la-llegada-de-la-etiqueta-de-eficiencia-energetica-de-viviendas\/#primaryimage","url":"https:\/\/patagoniambiental.com.ar\/info\/wp-content\/uploads\/2021\/01\/00054018.jpg","contentUrl":"https:\/\/patagoniambiental.com.ar\/info\/wp-content\/uploads\/2021\/01\/00054018.jpg","width":900,"height":600},{"@type":"BreadcrumbList","@id":"https:\/\/patagoniambiental.com.ar\/info\/rio-negro-prepara-el-terreno-para-la-llegada-de-la-etiqueta-de-eficiencia-energetica-de-viviendas\/#breadcrumb","itemListElement":[{"@type":"ListItem","position":1,"name":"Inicio","item":"https:\/\/patagoniambiental.com.ar\/info\/"},{"@type":"ListItem","position":2,"name":"R\u00edo Negro prepara el terreno para la llegada de la etiqueta de eficiencia energ\u00e9tica de viviendas"}]},{"@type":"WebSite","@id":"https:\/\/patagoniambiental.com.ar\/info\/#website","url":"https:\/\/patagoniambiental.com.ar\/info\/","name":"Patagonia Ambiental","description":"Monitoreo y an\u00e1lisis de la situaci\u00f3n geopol\u00edtica en el mundo y su implicancia en la Patagonia","publisher":{"@id":"https:\/\/patagoniambiental.com.ar\/info\/#organization"},"potentialAction":[{"@type":"SearchAction","target":{"@type":"EntryPoint","urlTemplate":"https:\/\/patagoniambiental.com.ar\/info\/?s={search_term_string}"},"query-input":{"@type":"PropertyValueSpecification","valueRequired":true,"valueName":"search_term_string"}}],"inLanguage":"es"},{"@type":"Organization","@id":"https:\/\/patagoniambiental.com.ar\/info\/#organization","name":"Patagonia Ambiental","url":"https:\/\/patagoniambiental.com.ar\/info\/","logo":{"@type":"ImageObject","inLanguage":"es","@id":"https:\/\/patagoniambiental.com.ar\/info\/#\/schema\/logo\/image\/","url":"https:\/\/patagoniambiental.com.ar\/info\/wp-content\/uploads\/2025\/05\/LOGO-PATAGONIA-AMBIENTAL.png","contentUrl":"https:\/\/patagoniambiental.com.ar\/info\/wp-content\/uploads\/2025\/05\/LOGO-PATAGONIA-AMBIENTAL.png","width":433,"height":250,"caption":"Patagonia Ambiental"},"image":{"@id":"https:\/\/patagoniambiental.com.ar\/info\/#\/schema\/logo\/image\/"},"sameAs":["https:\/\/www.facebook.com\/patagonia.ambiental","https:\/\/x.com\/PatAmb"]},{"@type":"Person","@id":"https:\/\/patagoniambiental.com.ar\/info\/#\/schema\/person\/e5af09d700b2e82cb10c6b8800e0c691","name":"BRAIAN ESTEVEZ","sameAs":["http:\/\/www.patagoniambiental.com.ar"]}]}},"_links":{"self":[{"href":"https:\/\/patagoniambiental.com.ar\/info\/wp-json\/wp\/v2\/posts\/70489","targetHints":{"allow":["GET"]}}],"collection":[{"href":"https:\/\/patagoniambiental.com.ar\/info\/wp-json\/wp\/v2\/posts"}],"about":[{"href":"https:\/\/patagoniambiental.com.ar\/info\/wp-json\/wp\/v2\/types\/post"}],"author":[{"embeddable":true,"href":"https:\/\/patagoniambiental.com.ar\/info\/wp-json\/wp\/v2\/users\/6"}],"replies":[{"embeddable":true,"href":"https:\/\/patagoniambiental.com.ar\/info\/wp-json\/wp\/v2\/comments?post=70489"}],"version-history":[{"count":0,"href":"https:\/\/patagoniambiental.com.ar\/info\/wp-json\/wp\/v2\/posts\/70489\/revisions"}],"wp:featuredmedia":[{"embeddable":true,"href":"https:\/\/patagoniambiental.com.ar\/info\/wp-json\/wp\/v2\/media\/70490"}],"wp:attachment":[{"href":"https:\/\/patagoniambiental.com.ar\/info\/wp-json\/wp\/v2\/media?parent=70489"}],"wp:term":[{"taxonomy":"category","embeddable":true,"href":"https:\/\/patagoniambiental.com.ar\/info\/wp-json\/wp\/v2\/categories?post=70489"},{"taxonomy":"post_tag","embeddable":true,"href":"https:\/\/patagoniambiental.com.ar\/info\/wp-json\/wp\/v2\/tags?post=70489"}],"curies":[{"name":"wp","href":"https:\/\/api.w.org\/{rel}","templated":true}]}}