{"id":70525,"date":"2021-01-14T07:00:43","date_gmt":"2021-01-14T10:00:43","guid":{"rendered":"http:\/\/patagoniambiental.com.ar\/info\/?p=70525"},"modified":"2021-01-14T09:28:50","modified_gmt":"2021-01-14T12:28:50","slug":"en-rio-grande-el-municipio-inicio-las-primeras-colonias-ecologicas","status":"publish","type":"post","link":"https:\/\/patagoniambiental.com.ar\/info\/en-rio-grande-el-municipio-inicio-las-primeras-colonias-ecologicas\/","title":{"rendered":"En R\u00edo Grande, el Municipio inici\u00f3 las primeras colonias ecol\u00f3gicas"},"content":{"rendered":"<header class=\"entry-header\">\n<div class=\"header-details-wrapper\">\n<div class=\"entry-header-details\">R\u00edo Grande.-A TRAV\u00c9S DE ESTA INNOVADORA INICIATIVA, EL MUNICIPIO BUSCA FOMENTAR EL CUIDADO DEL MEDIO AMBIENTE A TRAV\u00c9S DE LA EDUCACI\u00d3N AMBIENTAL Y LA PARTICIPACI\u00d3N ACTIVA DE LAS JUVENTUDES.<\/div>\n<div><!--more--><\/div>\n<div><\/div>\n<\/div>\n<div class=\"aft-post-thumbnail-wrapper\">\n<div class=\"post-thumbnail full-width-image\"><img fetchpriority=\"high\" decoding=\"async\" class=\"attachment-covernews-featured size-covernews-featured wp-post-image\" src=\"https:\/\/www.diarioprensa.com.ar\/wp-content\/uploads\/2021\/01\/WhatsApp-Image-2021-01-12-at-20.32.57.jpeg\" sizes=\"(max-width: 880px) 100vw, 880px\" srcset=\"https:\/\/www.diarioprensa.com.ar\/wp-content\/uploads\/2021\/01\/WhatsApp-Image-2021-01-12-at-20.32.57.jpeg 880w, https:\/\/www.diarioprensa.com.ar\/wp-content\/uploads\/2021\/01\/WhatsApp-Image-2021-01-12-at-20.32.57-548x365.jpeg 548w, https:\/\/www.diarioprensa.com.ar\/wp-content\/uploads\/2021\/01\/WhatsApp-Image-2021-01-12-at-20.32.57-840x559.jpeg 840w, https:\/\/www.diarioprensa.com.ar\/wp-content\/uploads\/2021\/01\/WhatsApp-Image-2021-01-12-at-20.32.57-768x511.jpeg 768w, https:\/\/www.diarioprensa.com.ar\/wp-content\/uploads\/2021\/01\/WhatsApp-Image-2021-01-12-at-20.32.57-675x450.jpeg 675w\" alt=\"\" width=\"880\" height=\"586\" \/><\/div>\n<\/div>\n<\/header>\n<p>&nbsp;<\/p>\n<div class=\"entry-content\">\n<p>&nbsp;<\/p>\n<p>&nbsp;<\/p>\n<p>Las mismas est\u00e1n dirigidas a los y las j\u00f3venes riograndenses. A trav\u00e9s de esta innovadora iniciativa, el Municipio busca fomentar el cuidado del medio ambiente a trav\u00e9s de la educaci\u00f3n ambiental y la participaci\u00f3n activa de las juventudes.<br \/>\nEn el marco de las diversas propuestas pensadas para el verano 2021, dieron inicio las primeras colonias ecol\u00f3gicas de la ciudad. Las mismas son impulsadas por la Direcci\u00f3n de Juventudes, dependiente de la Agencia Municipal de Deportes, Cultura y Juventud, y est\u00e1n dirigidas a j\u00f3venes de entre 13 y 18 a\u00f1os de edad.<br \/>\nAl respecto, el director de Juventudes, C\u00e9sar Segovia, manifest\u00f3 que \u201ccon cupo lleno, iniciamos las primeras colonias ecol\u00f3gicas de la ciudad. Una propuesta nueva que se suma a las diversas propuestas pensadas para que los y las j\u00f3venes puedan disfrutar el verano en la ciudad\u201d.<br \/>\nSegovia expres\u00f3 que \u201clas ECOlonias son inclusivas y marcan un precedente. La cuesti\u00f3n ambiental nos atraviesa a todos y a todas por igual. Es por ello, que las juventudes reivindicamos nuestro compromiso con el cuidado del medioambiente a partir de nuestra participaci\u00f3n activa\u201d.<br \/>\nEn tanto agreg\u00f3 que, entre las actividades que forman parte del itinerario, se destacan las propuestas de reciclaje, cultivo e invernadero y kayak.<br \/>\nPor \u00faltimo, remarc\u00f3 que \u201cmediante las ECOlonias, buscamos fomentar la educaci\u00f3n ambiental, el cuidado del ambiente y la involucraci\u00f3n por parte de los y las j\u00f3venes en tem\u00e1ticas ambientales con acciones concretas\u201d.<\/p>\n<hr \/>\n<div class=\"sofia copete\">\n<p><em>Diario Prensa<\/em><br \/>\n<em>Noticias de: \u00a0Ushuaia \u2013 Tolhuin \u2013 R\u00edo grande<\/em><br \/>\n<em>y toda Tierra del Fuego.<\/em><\/p>\n<div class=\"elementor-element elementor-element-3a35155 elementor-widget elementor-widget-text-editor\" data-id=\"3a35155\" data-element_type=\"widget\" data-widget_type=\"text-editor.default\">\n<div class=\"elementor-widget-container\">\n<div class=\"elementor-text-editor elementor-clearfix\">\n<div class=\"elementor-element elementor-element-b53f4aa elementor-widget elementor-widget-text-editor\" data-id=\"b53f4aa\" data-element_type=\"widget\" data-widget_type=\"text-editor.default\">\n<div class=\"elementor-widget-container\">\n<div class=\"elementor-text-editor elementor-clearfix\">\n<p><a href=\"https:\/\/www.diarioprensa.com.ar\/\"><em>https:\/\/www.diarioprensa.com.ar<\/em><\/a><\/p>\n<\/div>\n<\/div>\n<\/div>\n<\/div>\n<\/div>\n<\/div>\n<\/div>\n<\/div>\n","protected":false},"excerpt":{"rendered":"<p>R\u00edo Grande.-A TRAV\u00c9S DE ESTA INNOVADORA INICIATIVA, EL MUNICIPIO BUSCA FOMENTAR EL CUIDADO DEL MEDIO AMBIENTE A TRAV\u00c9S DE LA [&hellip;]<\/p>\n","protected":false},"author":6,"featured_media":70526,"comment_status":"open","ping_status":"open","sticky":false,"template":"","format":"standard","meta":{"site-sidebar-layout":"default","site-content-layout":"","ast-site-content-layout":"default","site-content-style":"default","site-sidebar-style":"default","ast-global-header-display":"","ast-banner-title-visibility":"","ast-main-header-display":"","ast-hfb-above-header-display":"","ast-hfb-below-header-display":"","ast-hfb-mobile-header-display":"","site-post-title":"","ast-breadcrumbs-content":"","ast-featured-img":"","footer-sml-layout":"","ast-disable-related-posts":"","theme-transparent-header-meta":"","adv-header-id-meta":"","stick-header-meta":"","header-above-stick-meta":"","header-main-stick-meta":"","header-below-stick-meta":"","astra-migrate-meta-layouts":"default","ast-page-background-enabled":"default","ast-page-background-meta":{"desktop":{"background-color":"var(--ast-global-color-5)","background-image":"","background-repeat":"repeat","background-position":"center center","background-size":"auto","background-attachment":"scroll","background-type":"","background-media":"","overlay-type":"","overlay-color":"","overlay-opacity":"","overlay-gradient":""},"tablet":{"background-color":"","background-image":"","background-repeat":"repeat","background-position":"center center","background-size":"auto","background-attachment":"scroll","background-type":"","background-media":"","overlay-type":"","overlay-color":"","overlay-opacity":"","overlay-gradient":""},"mobile":{"background-color":"","background-image":"","background-repeat":"repeat","background-position":"center center","background-size":"auto","background-attachment":"scroll","background-type":"","background-media":"","overlay-type":"","overlay-color":"","overlay-opacity":"","overlay-gradient":""}},"ast-content-background-meta":{"desktop":{"background-color":"var(--ast-global-color-4)","background-image":"","background-repeat":"repeat","background-position":"center center","background-size":"auto","background-attachment":"scroll","background-type":"","background-media":"","overlay-type":"","overlay-color":"","overlay-opacity":"","overlay-gradient":""},"tablet":{"background-color":"var(--ast-global-color-4)","background-image":"","background-repeat":"repeat","background-position":"center center","background-size":"auto","background-attachment":"scroll","background-type":"","background-media":"","overlay-type":"","overlay-color":"","overlay-opacity":"","overlay-gradient":""},"mobile":{"background-color":"var(--ast-global-color-4)","background-image":"","background-repeat":"repeat","background-position":"center center","background-size":"auto","background-attachment":"scroll","background-type":"","background-media":"","overlay-type":"","overlay-color":"","overlay-opacity":"","overlay-gradient":""}},"footnotes":""},"categories":[11,16,1,10],"tags":[],"class_list":["post-70525","post","type-post","status-publish","format-standard","has-post-thumbnail","hentry","category-boletin","category-municipales","category-noticias","category-rotador"],"yoast_head":"<!-- This site is optimized with the Yoast SEO Premium plugin v23.0 (Yoast SEO v27.5) - https:\/\/yoast.com\/product\/yoast-seo-premium-wordpress\/ -->\n<title>En R\u00edo Grande, el Municipio inici\u00f3 las primeras colonias ecol\u00f3gicas<\/title>\n<meta name=\"robots\" content=\"index, follow, max-snippet:-1, max-image-preview:large, max-video-preview:-1\" \/>\n<link rel=\"canonical\" href=\"https:\/\/patagoniambiental.com.ar\/info\/en-rio-grande-el-municipio-inicio-las-primeras-colonias-ecologicas\/\" \/>\n<meta property=\"og:locale\" content=\"es_ES\" \/>\n<meta property=\"og:type\" content=\"article\" \/>\n<meta property=\"og:title\" content=\"En R\u00edo Grande, el Municipio inici\u00f3 las primeras colonias ecol\u00f3gicas\" \/>\n<meta property=\"og:description\" content=\"R\u00edo Grande.-A TRAV\u00c9S DE ESTA INNOVADORA INICIATIVA, EL MUNICIPIO BUSCA FOMENTAR EL CUIDADO DEL MEDIO AMBIENTE A TRAV\u00c9S DE LA [&hellip;]\" \/>\n<meta property=\"og:url\" content=\"https:\/\/patagoniambiental.com.ar\/info\/en-rio-grande-el-municipio-inicio-las-primeras-colonias-ecologicas\/\" \/>\n<meta property=\"og:site_name\" content=\"Patagonia Ambiental\" \/>\n<meta property=\"article:publisher\" content=\"https:\/\/www.facebook.com\/patagonia.ambiental\" \/>\n<meta property=\"article:published_time\" content=\"2021-01-14T10:00:43+00:00\" \/>\n<meta property=\"article:modified_time\" content=\"2021-01-14T12:28:50+00:00\" \/>\n<meta property=\"og:image\" content=\"https:\/\/patagoniambiental.com.ar\/info\/wp-content\/uploads\/2021\/01\/WhatsApp-Image-2021-01-12-at-20.32.57.jpeg\" \/>\n\t<meta property=\"og:image:width\" content=\"880\" \/>\n\t<meta property=\"og:image:height\" content=\"586\" \/>\n\t<meta property=\"og:image:type\" content=\"image\/jpeg\" \/>\n<meta name=\"author\" content=\"BRAIAN ESTEVEZ\" \/>\n<meta name=\"twitter:card\" content=\"summary_large_image\" \/>\n<meta name=\"twitter:creator\" content=\"@PatAmb\" \/>\n<meta name=\"twitter:site\" content=\"@PatAmb\" \/>\n<script type=\"application\/ld+json\" class=\"yoast-schema-graph\">{\"@context\":\"https:\\\/\\\/schema.org\",\"@graph\":[{\"@type\":\"Article\",\"@id\":\"https:\\\/\\\/patagoniambiental.com.ar\\\/info\\\/en-rio-grande-el-municipio-inicio-las-primeras-colonias-ecologicas\\\/#article\",\"isPartOf\":{\"@id\":\"https:\\\/\\\/patagoniambiental.com.ar\\\/info\\\/en-rio-grande-el-municipio-inicio-las-primeras-colonias-ecologicas\\\/\"},\"author\":{\"name\":\"BRAIAN ESTEVEZ\",\"@id\":\"https:\\\/\\\/patagoniambiental.com.ar\\\/info\\\/#\\\/schema\\\/person\\\/e5af09d700b2e82cb10c6b8800e0c691\"},\"headline\":\"En R\u00edo Grande, el Municipio inici\u00f3 las primeras colonias ecol\u00f3gicas\",\"datePublished\":\"2021-01-14T10:00:43+00:00\",\"dateModified\":\"2021-01-14T12:28:50+00:00\",\"mainEntityOfPage\":{\"@id\":\"https:\\\/\\\/patagoniambiental.com.ar\\\/info\\\/en-rio-grande-el-municipio-inicio-las-primeras-colonias-ecologicas\\\/\"},\"wordCount\":320,\"commentCount\":0,\"publisher\":{\"@id\":\"https:\\\/\\\/patagoniambiental.com.ar\\\/info\\\/#organization\"},\"image\":{\"@id\":\"https:\\\/\\\/patagoniambiental.com.ar\\\/info\\\/en-rio-grande-el-municipio-inicio-las-primeras-colonias-ecologicas\\\/#primaryimage\"},\"thumbnailUrl\":\"https:\\\/\\\/patagoniambiental.com.ar\\\/info\\\/wp-content\\\/uploads\\\/2021\\\/01\\\/WhatsApp-Image-2021-01-12-at-20.32.57.jpeg\",\"articleSection\":[\"Bolet\u00edn\",\"Municipales\",\"Noticias\",\"Rotador\"],\"inLanguage\":\"es\",\"potentialAction\":[{\"@type\":\"CommentAction\",\"name\":\"Comment\",\"target\":[\"https:\\\/\\\/patagoniambiental.com.ar\\\/info\\\/en-rio-grande-el-municipio-inicio-las-primeras-colonias-ecologicas\\\/#respond\"]}]},{\"@type\":\"WebPage\",\"@id\":\"https:\\\/\\\/patagoniambiental.com.ar\\\/info\\\/en-rio-grande-el-municipio-inicio-las-primeras-colonias-ecologicas\\\/\",\"url\":\"https:\\\/\\\/patagoniambiental.com.ar\\\/info\\\/en-rio-grande-el-municipio-inicio-las-primeras-colonias-ecologicas\\\/\",\"name\":\"En R\u00edo Grande, el Municipio inici\u00f3 las primeras colonias ecol\u00f3gicas\",\"isPartOf\":{\"@id\":\"https:\\\/\\\/patagoniambiental.com.ar\\\/info\\\/#website\"},\"primaryImageOfPage\":{\"@id\":\"https:\\\/\\\/patagoniambiental.com.ar\\\/info\\\/en-rio-grande-el-municipio-inicio-las-primeras-colonias-ecologicas\\\/#primaryimage\"},\"image\":{\"@id\":\"https:\\\/\\\/patagoniambiental.com.ar\\\/info\\\/en-rio-grande-el-municipio-inicio-las-primeras-colonias-ecologicas\\\/#primaryimage\"},\"thumbnailUrl\":\"https:\\\/\\\/patagoniambiental.com.ar\\\/info\\\/wp-content\\\/uploads\\\/2021\\\/01\\\/WhatsApp-Image-2021-01-12-at-20.32.57.jpeg\",\"datePublished\":\"2021-01-14T10:00:43+00:00\",\"dateModified\":\"2021-01-14T12:28:50+00:00\",\"breadcrumb\":{\"@id\":\"https:\\\/\\\/patagoniambiental.com.ar\\\/info\\\/en-rio-grande-el-municipio-inicio-las-primeras-colonias-ecologicas\\\/#breadcrumb\"},\"inLanguage\":\"es\",\"potentialAction\":[{\"@type\":\"ReadAction\",\"target\":[\"https:\\\/\\\/patagoniambiental.com.ar\\\/info\\\/en-rio-grande-el-municipio-inicio-las-primeras-colonias-ecologicas\\\/\"]}]},{\"@type\":\"ImageObject\",\"inLanguage\":\"es\",\"@id\":\"https:\\\/\\\/patagoniambiental.com.ar\\\/info\\\/en-rio-grande-el-municipio-inicio-las-primeras-colonias-ecologicas\\\/#primaryimage\",\"url\":\"https:\\\/\\\/patagoniambiental.com.ar\\\/info\\\/wp-content\\\/uploads\\\/2021\\\/01\\\/WhatsApp-Image-2021-01-12-at-20.32.57.jpeg\",\"contentUrl\":\"https:\\\/\\\/patagoniambiental.com.ar\\\/info\\\/wp-content\\\/uploads\\\/2021\\\/01\\\/WhatsApp-Image-2021-01-12-at-20.32.57.jpeg\",\"width\":880,\"height\":586},{\"@type\":\"BreadcrumbList\",\"@id\":\"https:\\\/\\\/patagoniambiental.com.ar\\\/info\\\/en-rio-grande-el-municipio-inicio-las-primeras-colonias-ecologicas\\\/#breadcrumb\",\"itemListElement\":[{\"@type\":\"ListItem\",\"position\":1,\"name\":\"Inicio\",\"item\":\"https:\\\/\\\/patagoniambiental.com.ar\\\/info\\\/\"},{\"@type\":\"ListItem\",\"position\":2,\"name\":\"En R\u00edo Grande, el Municipio inici\u00f3 las primeras colonias ecol\u00f3gicas\"}]},{\"@type\":\"WebSite\",\"@id\":\"https:\\\/\\\/patagoniambiental.com.ar\\\/info\\\/#website\",\"url\":\"https:\\\/\\\/patagoniambiental.com.ar\\\/info\\\/\",\"name\":\"Patagonia Ambiental\",\"description\":\"Monitoreo y an\u00e1lisis de la situaci\u00f3n geopol\u00edtica en el mundo y su implicancia en la Patagonia\",\"publisher\":{\"@id\":\"https:\\\/\\\/patagoniambiental.com.ar\\\/info\\\/#organization\"},\"potentialAction\":[{\"@type\":\"SearchAction\",\"target\":{\"@type\":\"EntryPoint\",\"urlTemplate\":\"https:\\\/\\\/patagoniambiental.com.ar\\\/info\\\/?s={search_term_string}\"},\"query-input\":{\"@type\":\"PropertyValueSpecification\",\"valueRequired\":true,\"valueName\":\"search_term_string\"}}],\"inLanguage\":\"es\"},{\"@type\":\"Organization\",\"@id\":\"https:\\\/\\\/patagoniambiental.com.ar\\\/info\\\/#organization\",\"name\":\"Patagonia Ambiental\",\"url\":\"https:\\\/\\\/patagoniambiental.com.ar\\\/info\\\/\",\"logo\":{\"@type\":\"ImageObject\",\"inLanguage\":\"es\",\"@id\":\"https:\\\/\\\/patagoniambiental.com.ar\\\/info\\\/#\\\/schema\\\/logo\\\/image\\\/\",\"url\":\"https:\\\/\\\/patagoniambiental.com.ar\\\/info\\\/wp-content\\\/uploads\\\/2025\\\/05\\\/LOGO-PATAGONIA-AMBIENTAL.png\",\"contentUrl\":\"https:\\\/\\\/patagoniambiental.com.ar\\\/info\\\/wp-content\\\/uploads\\\/2025\\\/05\\\/LOGO-PATAGONIA-AMBIENTAL.png\",\"width\":433,\"height\":250,\"caption\":\"Patagonia Ambiental\"},\"image\":{\"@id\":\"https:\\\/\\\/patagoniambiental.com.ar\\\/info\\\/#\\\/schema\\\/logo\\\/image\\\/\"},\"sameAs\":[\"https:\\\/\\\/www.facebook.com\\\/patagonia.ambiental\",\"https:\\\/\\\/x.com\\\/PatAmb\"]},{\"@type\":\"Person\",\"@id\":\"https:\\\/\\\/patagoniambiental.com.ar\\\/info\\\/#\\\/schema\\\/person\\\/e5af09d700b2e82cb10c6b8800e0c691\",\"name\":\"BRAIAN ESTEVEZ\",\"sameAs\":[\"http:\\\/\\\/www.patagoniambiental.com.ar\"]}]}<\/script>\n<!-- \/ Yoast SEO Premium plugin. -->","yoast_head_json":{"title":"En R\u00edo Grande, el Municipio inici\u00f3 las primeras colonias ecol\u00f3gicas","robots":{"index":"index","follow":"follow","max-snippet":"max-snippet:-1","max-image-preview":"max-image-preview:large","max-video-preview":"max-video-preview:-1"},"canonical":"https:\/\/patagoniambiental.com.ar\/info\/en-rio-grande-el-municipio-inicio-las-primeras-colonias-ecologicas\/","og_locale":"es_ES","og_type":"article","og_title":"En R\u00edo Grande, el Municipio inici\u00f3 las primeras colonias ecol\u00f3gicas","og_description":"R\u00edo Grande.-A TRAV\u00c9S DE ESTA INNOVADORA INICIATIVA, EL MUNICIPIO BUSCA FOMENTAR EL CUIDADO DEL MEDIO AMBIENTE A TRAV\u00c9S DE LA [&hellip;]","og_url":"https:\/\/patagoniambiental.com.ar\/info\/en-rio-grande-el-municipio-inicio-las-primeras-colonias-ecologicas\/","og_site_name":"Patagonia Ambiental","article_publisher":"https:\/\/www.facebook.com\/patagonia.ambiental","article_published_time":"2021-01-14T10:00:43+00:00","article_modified_time":"2021-01-14T12:28:50+00:00","og_image":[{"width":880,"height":586,"url":"https:\/\/patagoniambiental.com.ar\/info\/wp-content\/uploads\/2021\/01\/WhatsApp-Image-2021-01-12-at-20.32.57.jpeg","type":"image\/jpeg"}],"author":"BRAIAN ESTEVEZ","twitter_card":"summary_large_image","twitter_creator":"@PatAmb","twitter_site":"@PatAmb","schema":{"@context":"https:\/\/schema.org","@graph":[{"@type":"Article","@id":"https:\/\/patagoniambiental.com.ar\/info\/en-rio-grande-el-municipio-inicio-las-primeras-colonias-ecologicas\/#article","isPartOf":{"@id":"https:\/\/patagoniambiental.com.ar\/info\/en-rio-grande-el-municipio-inicio-las-primeras-colonias-ecologicas\/"},"author":{"name":"BRAIAN ESTEVEZ","@id":"https:\/\/patagoniambiental.com.ar\/info\/#\/schema\/person\/e5af09d700b2e82cb10c6b8800e0c691"},"headline":"En R\u00edo Grande, el Municipio inici\u00f3 las primeras colonias ecol\u00f3gicas","datePublished":"2021-01-14T10:00:43+00:00","dateModified":"2021-01-14T12:28:50+00:00","mainEntityOfPage":{"@id":"https:\/\/patagoniambiental.com.ar\/info\/en-rio-grande-el-municipio-inicio-las-primeras-colonias-ecologicas\/"},"wordCount":320,"commentCount":0,"publisher":{"@id":"https:\/\/patagoniambiental.com.ar\/info\/#organization"},"image":{"@id":"https:\/\/patagoniambiental.com.ar\/info\/en-rio-grande-el-municipio-inicio-las-primeras-colonias-ecologicas\/#primaryimage"},"thumbnailUrl":"https:\/\/patagoniambiental.com.ar\/info\/wp-content\/uploads\/2021\/01\/WhatsApp-Image-2021-01-12-at-20.32.57.jpeg","articleSection":["Bolet\u00edn","Municipales","Noticias","Rotador"],"inLanguage":"es","potentialAction":[{"@type":"CommentAction","name":"Comment","target":["https:\/\/patagoniambiental.com.ar\/info\/en-rio-grande-el-municipio-inicio-las-primeras-colonias-ecologicas\/#respond"]}]},{"@type":"WebPage","@id":"https:\/\/patagoniambiental.com.ar\/info\/en-rio-grande-el-municipio-inicio-las-primeras-colonias-ecologicas\/","url":"https:\/\/patagoniambiental.com.ar\/info\/en-rio-grande-el-municipio-inicio-las-primeras-colonias-ecologicas\/","name":"En R\u00edo Grande, el Municipio inici\u00f3 las primeras colonias ecol\u00f3gicas","isPartOf":{"@id":"https:\/\/patagoniambiental.com.ar\/info\/#website"},"primaryImageOfPage":{"@id":"https:\/\/patagoniambiental.com.ar\/info\/en-rio-grande-el-municipio-inicio-las-primeras-colonias-ecologicas\/#primaryimage"},"image":{"@id":"https:\/\/patagoniambiental.com.ar\/info\/en-rio-grande-el-municipio-inicio-las-primeras-colonias-ecologicas\/#primaryimage"},"thumbnailUrl":"https:\/\/patagoniambiental.com.ar\/info\/wp-content\/uploads\/2021\/01\/WhatsApp-Image-2021-01-12-at-20.32.57.jpeg","datePublished":"2021-01-14T10:00:43+00:00","dateModified":"2021-01-14T12:28:50+00:00","breadcrumb":{"@id":"https:\/\/patagoniambiental.com.ar\/info\/en-rio-grande-el-municipio-inicio-las-primeras-colonias-ecologicas\/#breadcrumb"},"inLanguage":"es","potentialAction":[{"@type":"ReadAction","target":["https:\/\/patagoniambiental.com.ar\/info\/en-rio-grande-el-municipio-inicio-las-primeras-colonias-ecologicas\/"]}]},{"@type":"ImageObject","inLanguage":"es","@id":"https:\/\/patagoniambiental.com.ar\/info\/en-rio-grande-el-municipio-inicio-las-primeras-colonias-ecologicas\/#primaryimage","url":"https:\/\/patagoniambiental.com.ar\/info\/wp-content\/uploads\/2021\/01\/WhatsApp-Image-2021-01-12-at-20.32.57.jpeg","contentUrl":"https:\/\/patagoniambiental.com.ar\/info\/wp-content\/uploads\/2021\/01\/WhatsApp-Image-2021-01-12-at-20.32.57.jpeg","width":880,"height":586},{"@type":"BreadcrumbList","@id":"https:\/\/patagoniambiental.com.ar\/info\/en-rio-grande-el-municipio-inicio-las-primeras-colonias-ecologicas\/#breadcrumb","itemListElement":[{"@type":"ListItem","position":1,"name":"Inicio","item":"https:\/\/patagoniambiental.com.ar\/info\/"},{"@type":"ListItem","position":2,"name":"En R\u00edo Grande, el Municipio inici\u00f3 las primeras colonias ecol\u00f3gicas"}]},{"@type":"WebSite","@id":"https:\/\/patagoniambiental.com.ar\/info\/#website","url":"https:\/\/patagoniambiental.com.ar\/info\/","name":"Patagonia Ambiental","description":"Monitoreo y an\u00e1lisis de la situaci\u00f3n geopol\u00edtica en el mundo y su implicancia en la Patagonia","publisher":{"@id":"https:\/\/patagoniambiental.com.ar\/info\/#organization"},"potentialAction":[{"@type":"SearchAction","target":{"@type":"EntryPoint","urlTemplate":"https:\/\/patagoniambiental.com.ar\/info\/?s={search_term_string}"},"query-input":{"@type":"PropertyValueSpecification","valueRequired":true,"valueName":"search_term_string"}}],"inLanguage":"es"},{"@type":"Organization","@id":"https:\/\/patagoniambiental.com.ar\/info\/#organization","name":"Patagonia Ambiental","url":"https:\/\/patagoniambiental.com.ar\/info\/","logo":{"@type":"ImageObject","inLanguage":"es","@id":"https:\/\/patagoniambiental.com.ar\/info\/#\/schema\/logo\/image\/","url":"https:\/\/patagoniambiental.com.ar\/info\/wp-content\/uploads\/2025\/05\/LOGO-PATAGONIA-AMBIENTAL.png","contentUrl":"https:\/\/patagoniambiental.com.ar\/info\/wp-content\/uploads\/2025\/05\/LOGO-PATAGONIA-AMBIENTAL.png","width":433,"height":250,"caption":"Patagonia Ambiental"},"image":{"@id":"https:\/\/patagoniambiental.com.ar\/info\/#\/schema\/logo\/image\/"},"sameAs":["https:\/\/www.facebook.com\/patagonia.ambiental","https:\/\/x.com\/PatAmb"]},{"@type":"Person","@id":"https:\/\/patagoniambiental.com.ar\/info\/#\/schema\/person\/e5af09d700b2e82cb10c6b8800e0c691","name":"BRAIAN ESTEVEZ","sameAs":["http:\/\/www.patagoniambiental.com.ar"]}]}},"_links":{"self":[{"href":"https:\/\/patagoniambiental.com.ar\/info\/wp-json\/wp\/v2\/posts\/70525","targetHints":{"allow":["GET"]}}],"collection":[{"href":"https:\/\/patagoniambiental.com.ar\/info\/wp-json\/wp\/v2\/posts"}],"about":[{"href":"https:\/\/patagoniambiental.com.ar\/info\/wp-json\/wp\/v2\/types\/post"}],"author":[{"embeddable":true,"href":"https:\/\/patagoniambiental.com.ar\/info\/wp-json\/wp\/v2\/users\/6"}],"replies":[{"embeddable":true,"href":"https:\/\/patagoniambiental.com.ar\/info\/wp-json\/wp\/v2\/comments?post=70525"}],"version-history":[{"count":0,"href":"https:\/\/patagoniambiental.com.ar\/info\/wp-json\/wp\/v2\/posts\/70525\/revisions"}],"wp:featuredmedia":[{"embeddable":true,"href":"https:\/\/patagoniambiental.com.ar\/info\/wp-json\/wp\/v2\/media\/70526"}],"wp:attachment":[{"href":"https:\/\/patagoniambiental.com.ar\/info\/wp-json\/wp\/v2\/media?parent=70525"}],"wp:term":[{"taxonomy":"category","embeddable":true,"href":"https:\/\/patagoniambiental.com.ar\/info\/wp-json\/wp\/v2\/categories?post=70525"},{"taxonomy":"post_tag","embeddable":true,"href":"https:\/\/patagoniambiental.com.ar\/info\/wp-json\/wp\/v2\/tags?post=70525"}],"curies":[{"name":"wp","href":"https:\/\/api.w.org\/{rel}","templated":true}]}}