{"id":70586,"date":"2021-01-19T07:00:04","date_gmt":"2021-01-19T10:00:04","guid":{"rendered":"http:\/\/patagoniambiental.com.ar\/info\/?p=70586"},"modified":"2021-01-18T09:34:15","modified_gmt":"2021-01-18T12:34:15","slug":"el-subsecretario-de-ambiente-de-la-pampa-indico-que-la-ley-de-plaguicidas-es-mas-justa-y-mas-equitativa","status":"publish","type":"post","link":"https:\/\/patagoniambiental.com.ar\/info\/el-subsecretario-de-ambiente-de-la-pampa-indico-que-la-ley-de-plaguicidas-es-mas-justa-y-mas-equitativa\/","title":{"rendered":"El subsecretario de Ambiente de La Pampa indic\u00f3 que la Ley de Plaguicidas es \u201cm\u00e1s justa y m\u00e1s equitativa\u201d"},"content":{"rendered":"<header class=\"entry-header\">\n<div class=\"titulo\">\n<p>La Pampa.-El subsecretario de Ambiente de La Pampa, Fabi\u00e1n Tittarelli dialog\u00f3 con INFOPICO RADIO 99.9 y habl\u00f3 sobre la Ley de Plaguicidas y el uso de agroqu\u00edmicos.<\/p>\n<p><!--more--><\/p>\n<\/div>\n<div class=\"pl-2 pr-1 pt-1 mb--1 text-right\"><\/div>\n<div class=\"post-image\">\n<figure><img decoding=\"async\" class=\"wp-post-image\" title=\"El subsecretario de Ambiente de La Pampa indic\u00f3 que la Ley de Plaguicidas es \u201cm\u00e1s justa y m\u00e1s equitativa\u201d\" src=\"https:\/\/www.infopico.com\/wp-content\/uploads\/2021\/01\/agroquimicos-fumiga-1280x720-1.jpg\" alt=\"El subsecretario de Ambiente de La Pampa indic\u00f3 que la Ley de Plaguicidas es \u201cm\u00e1s justa y m\u00e1s equitativa\u201d\" \/><\/figure>\n<\/div>\n<\/header>\n<div class=\"extracto\">\n<div class=\"entry-content\">\n<p>En primer lugar se refiri\u00f3 a la reciente aprobaci\u00f3n de la\u00a0<strong>ley de plaguicidas\u00a0<\/strong>por parte de la C\u00e1mara de Diputados de la provincia y dijo que \u201cse trabaj\u00f3 mucho para que sea posible tener una ley\u00a0<strong>m\u00e1s justa y m\u00e1s equitativa<\/strong>. Es una ley que no va en contra de nadie, sino por el contrario es una ley que va\u00a0<strong>a favor de la tranquilidad, seguridad y la salud de todas las personas que viven en la provincia de La Pampa<\/strong>\u201c.<\/p>\n<p>Adem\u00e1s asegur\u00f3 que no todos pueden estar conformes con la aprobaci\u00f3n pero explic\u00f3 que \u201cse han hecho avances importantes de un tema que estuvo estancado durante much\u00edsimos a\u00f1os, estaba pr\u00e1cticamente desregulado. Tenemos muchos m\u00e1s elementos para empezar a marchar juntos, teniendo en cuenta no solo la parte productiva sino tambi\u00e9n\u00a0<strong>la salud de las personas y la calidad ambiental<\/strong>\u201c.<\/p>\n<p>Respecto a los\u00a0<strong>agrot\u00f3xicos que se aplican en La Pampa<\/strong>, el subsecretario explic\u00f3 que\u00a0<strong>no hay datos certeros<\/strong>\u00a0y es justamente lo que se necesita para poder regular de manera m\u00e1s eficiente en la recolecci\u00f3n de bidones ya que no se sabe con exactitud cu\u00e1ntos bidones llegan a la provincia. Estamos empezando a tomar algunas<strong>\u00a0medidas para conseguir ese dato<\/strong>, pero asegur\u00f3 que \u201cse utiliza mucho producto para el campo, en 2018 pasamos los 500 millones de litros para todo el pa\u00eds, eso nos da una cifra de alrededor de 13 litros por persona al a\u00f1o de herbicidas y de productos en general\u201d.<\/p>\n<p>Adem\u00e1s explic\u00f3 que la C\u00e1mara de Diputados no solo sanciono la ley de agroqu\u00edmicos sino tambi\u00e9n la l<strong>ey de promoci\u00f3n de la agroecolog\u00eda<\/strong>\u00a0\u201ccomo para empezar a marcar un\u00a0<strong>camino alternativo<\/strong>\u00a0a este que estamos marchando\u201d.<\/p>\n<p>Respecto a la\u00a0<strong>ley de trazabilidad<\/strong>\u00a0y su aplicaci\u00f3n dijo que si bien se encuentran trabajando, es una tarea que le corresponde al\u00a0<strong>Ministerio de Ambiente de Naci\u00f3n<\/strong>\u00a0y que todav\u00eda no fue realizado. \u201cNosotros estamos trabajando para tener una regulaci\u00f3n en la provincia de La Pampa\u201d asegur\u00f3.<\/p>\n<p>\u201cEn general los\u00a0<strong>productores\u00a0<\/strong>est\u00e1n entendiendo que\u00a0<strong>no se pueden enterrar<\/strong>,\u00a0<strong>no se pueden quemar<\/strong>, que estamos manipulando\u00a0<strong>sustancias peligrosas<\/strong>\u00a0pero as\u00ed y todo se siguen produciendo estos hechos de bidones tirados en caminos vecinales y basureros de los pueblos\u201d cerr\u00f3.<\/p>\n<p>Fuente:\u00a0https:\/\/www.infopico.com\/2021\/01\/16\/el-subsecretario-de-ambiente-dijo-que-la-ley-de-plaguicidas-es-mas-justa-y-mas-equitativa\/<\/p>\n<\/div>\n<\/div>\n","protected":false},"excerpt":{"rendered":"<p>La Pampa.-El subsecretario de Ambiente de La Pampa, Fabi\u00e1n Tittarelli dialog\u00f3 con INFOPICO RADIO 99.9 y habl\u00f3 sobre la Ley [&hellip;]<\/p>\n","protected":false},"author":6,"featured_media":70587,"comment_status":"open","ping_status":"open","sticky":false,"template":"","format":"standard","meta":{"site-sidebar-layout":"default","site-content-layout":"","ast-site-content-layout":"default","site-content-style":"default","site-sidebar-style":"default","ast-global-header-display":"","ast-banner-title-visibility":"","ast-main-header-display":"","ast-hfb-above-header-display":"","ast-hfb-below-header-display":"","ast-hfb-mobile-header-display":"","site-post-title":"","ast-breadcrumbs-content":"","ast-featured-img":"","footer-sml-layout":"","ast-disable-related-posts":"","theme-transparent-header-meta":"","adv-header-id-meta":"","stick-header-meta":"","header-above-stick-meta":"","header-main-stick-meta":"","header-below-stick-meta":"","astra-migrate-meta-layouts":"default","ast-page-background-enabled":"default","ast-page-background-meta":{"desktop":{"background-color":"var(--ast-global-color-5)","background-image":"","background-repeat":"repeat","background-position":"center center","background-size":"auto","background-attachment":"scroll","background-type":"","background-media":"","overlay-type":"","overlay-color":"","overlay-opacity":"","overlay-gradient":""},"tablet":{"background-color":"","background-image":"","background-repeat":"repeat","background-position":"center center","background-size":"auto","background-attachment":"scroll","background-type":"","background-media":"","overlay-type":"","overlay-color":"","overlay-opacity":"","overlay-gradient":""},"mobile":{"background-color":"","background-image":"","background-repeat":"repeat","background-position":"center center","background-size":"auto","background-attachment":"scroll","background-type":"","background-media":"","overlay-type":"","overlay-color":"","overlay-opacity":"","overlay-gradient":""}},"ast-content-background-meta":{"desktop":{"background-color":"var(--ast-global-color-4)","background-image":"","background-repeat":"repeat","background-position":"center center","background-size":"auto","background-attachment":"scroll","background-type":"","background-media":"","overlay-type":"","overlay-color":"","overlay-opacity":"","overlay-gradient":""},"tablet":{"background-color":"var(--ast-global-color-4)","background-image":"","background-repeat":"repeat","background-position":"center center","background-size":"auto","background-attachment":"scroll","background-type":"","background-media":"","overlay-type":"","overlay-color":"","overlay-opacity":"","overlay-gradient":""},"mobile":{"background-color":"var(--ast-global-color-4)","background-image":"","background-repeat":"repeat","background-position":"center center","background-size":"auto","background-attachment":"scroll","background-type":"","background-media":"","overlay-type":"","overlay-color":"","overlay-opacity":"","overlay-gradient":""}},"footnotes":""},"categories":[11,59,1,13,10],"tags":[],"class_list":["post-70586","post","type-post","status-publish","format-standard","has-post-thumbnail","hentry","category-boletin","category-la-pampa","category-noticias","category-provinciales","category-rotador"],"yoast_head":"<!-- This site is optimized with the Yoast SEO Premium plugin v23.0 (Yoast SEO v27.5) - https:\/\/yoast.com\/product\/yoast-seo-premium-wordpress\/ -->\n<title>El subsecretario de Ambiente de La Pampa indic\u00f3 que la Ley de Plaguicidas es \u201cm\u00e1s justa y m\u00e1s equitativa\u201d<\/title>\n<meta name=\"robots\" content=\"index, follow, max-snippet:-1, max-image-preview:large, max-video-preview:-1\" \/>\n<link rel=\"canonical\" href=\"https:\/\/patagoniambiental.com.ar\/info\/el-subsecretario-de-ambiente-de-la-pampa-indico-que-la-ley-de-plaguicidas-es-mas-justa-y-mas-equitativa\/\" \/>\n<meta property=\"og:locale\" content=\"es_ES\" \/>\n<meta property=\"og:type\" content=\"article\" \/>\n<meta property=\"og:title\" content=\"El subsecretario de Ambiente de La Pampa indic\u00f3 que la Ley de Plaguicidas es \u201cm\u00e1s justa y m\u00e1s equitativa\u201d\" \/>\n<meta property=\"og:description\" content=\"La Pampa.-El subsecretario de Ambiente de La Pampa, Fabi\u00e1n Tittarelli dialog\u00f3 con INFOPICO RADIO 99.9 y habl\u00f3 sobre la Ley [&hellip;]\" \/>\n<meta property=\"og:url\" content=\"https:\/\/patagoniambiental.com.ar\/info\/el-subsecretario-de-ambiente-de-la-pampa-indico-que-la-ley-de-plaguicidas-es-mas-justa-y-mas-equitativa\/\" \/>\n<meta property=\"og:site_name\" content=\"Patagonia Ambiental\" \/>\n<meta property=\"article:publisher\" content=\"https:\/\/www.facebook.com\/patagonia.ambiental\" \/>\n<meta property=\"article:published_time\" content=\"2021-01-19T10:00:04+00:00\" \/>\n<meta property=\"og:image\" content=\"https:\/\/patagoniambiental.com.ar\/info\/wp-content\/uploads\/2021\/01\/agroquimicos-fumiga-1280x720-1.jpg\" \/>\n\t<meta property=\"og:image:width\" content=\"1280\" \/>\n\t<meta property=\"og:image:height\" content=\"720\" \/>\n\t<meta property=\"og:image:type\" content=\"image\/jpeg\" \/>\n<meta name=\"author\" content=\"BRAIAN ESTEVEZ\" \/>\n<meta name=\"twitter:card\" content=\"summary_large_image\" \/>\n<meta name=\"twitter:creator\" content=\"@PatAmb\" \/>\n<meta name=\"twitter:site\" content=\"@PatAmb\" \/>\n<script type=\"application\/ld+json\" class=\"yoast-schema-graph\">{\"@context\":\"https:\\\/\\\/schema.org\",\"@graph\":[{\"@type\":\"Article\",\"@id\":\"https:\\\/\\\/patagoniambiental.com.ar\\\/info\\\/el-subsecretario-de-ambiente-de-la-pampa-indico-que-la-ley-de-plaguicidas-es-mas-justa-y-mas-equitativa\\\/#article\",\"isPartOf\":{\"@id\":\"https:\\\/\\\/patagoniambiental.com.ar\\\/info\\\/el-subsecretario-de-ambiente-de-la-pampa-indico-que-la-ley-de-plaguicidas-es-mas-justa-y-mas-equitativa\\\/\"},\"author\":{\"name\":\"BRAIAN ESTEVEZ\",\"@id\":\"https:\\\/\\\/patagoniambiental.com.ar\\\/info\\\/#\\\/schema\\\/person\\\/e5af09d700b2e82cb10c6b8800e0c691\"},\"headline\":\"El subsecretario de Ambiente de La Pampa indic\u00f3 que la Ley de Plaguicidas es \u201cm\u00e1s justa y m\u00e1s equitativa\u201d\",\"datePublished\":\"2021-01-19T10:00:04+00:00\",\"mainEntityOfPage\":{\"@id\":\"https:\\\/\\\/patagoniambiental.com.ar\\\/info\\\/el-subsecretario-de-ambiente-de-la-pampa-indico-que-la-ley-de-plaguicidas-es-mas-justa-y-mas-equitativa\\\/\"},\"wordCount\":450,\"commentCount\":0,\"publisher\":{\"@id\":\"https:\\\/\\\/patagoniambiental.com.ar\\\/info\\\/#organization\"},\"image\":{\"@id\":\"https:\\\/\\\/patagoniambiental.com.ar\\\/info\\\/el-subsecretario-de-ambiente-de-la-pampa-indico-que-la-ley-de-plaguicidas-es-mas-justa-y-mas-equitativa\\\/#primaryimage\"},\"thumbnailUrl\":\"https:\\\/\\\/patagoniambiental.com.ar\\\/info\\\/wp-content\\\/uploads\\\/2021\\\/01\\\/agroquimicos-fumiga-1280x720-1.jpg\",\"articleSection\":[\"Bolet\u00edn\",\"La Pampa\",\"Noticias\",\"Provinciales\",\"Rotador\"],\"inLanguage\":\"es\",\"potentialAction\":[{\"@type\":\"CommentAction\",\"name\":\"Comment\",\"target\":[\"https:\\\/\\\/patagoniambiental.com.ar\\\/info\\\/el-subsecretario-de-ambiente-de-la-pampa-indico-que-la-ley-de-plaguicidas-es-mas-justa-y-mas-equitativa\\\/#respond\"]}]},{\"@type\":\"WebPage\",\"@id\":\"https:\\\/\\\/patagoniambiental.com.ar\\\/info\\\/el-subsecretario-de-ambiente-de-la-pampa-indico-que-la-ley-de-plaguicidas-es-mas-justa-y-mas-equitativa\\\/\",\"url\":\"https:\\\/\\\/patagoniambiental.com.ar\\\/info\\\/el-subsecretario-de-ambiente-de-la-pampa-indico-que-la-ley-de-plaguicidas-es-mas-justa-y-mas-equitativa\\\/\",\"name\":\"El subsecretario de Ambiente de La Pampa indic\u00f3 que la Ley de Plaguicidas es \u201cm\u00e1s justa y m\u00e1s equitativa\u201d\",\"isPartOf\":{\"@id\":\"https:\\\/\\\/patagoniambiental.com.ar\\\/info\\\/#website\"},\"primaryImageOfPage\":{\"@id\":\"https:\\\/\\\/patagoniambiental.com.ar\\\/info\\\/el-subsecretario-de-ambiente-de-la-pampa-indico-que-la-ley-de-plaguicidas-es-mas-justa-y-mas-equitativa\\\/#primaryimage\"},\"image\":{\"@id\":\"https:\\\/\\\/patagoniambiental.com.ar\\\/info\\\/el-subsecretario-de-ambiente-de-la-pampa-indico-que-la-ley-de-plaguicidas-es-mas-justa-y-mas-equitativa\\\/#primaryimage\"},\"thumbnailUrl\":\"https:\\\/\\\/patagoniambiental.com.ar\\\/info\\\/wp-content\\\/uploads\\\/2021\\\/01\\\/agroquimicos-fumiga-1280x720-1.jpg\",\"datePublished\":\"2021-01-19T10:00:04+00:00\",\"breadcrumb\":{\"@id\":\"https:\\\/\\\/patagoniambiental.com.ar\\\/info\\\/el-subsecretario-de-ambiente-de-la-pampa-indico-que-la-ley-de-plaguicidas-es-mas-justa-y-mas-equitativa\\\/#breadcrumb\"},\"inLanguage\":\"es\",\"potentialAction\":[{\"@type\":\"ReadAction\",\"target\":[\"https:\\\/\\\/patagoniambiental.com.ar\\\/info\\\/el-subsecretario-de-ambiente-de-la-pampa-indico-que-la-ley-de-plaguicidas-es-mas-justa-y-mas-equitativa\\\/\"]}]},{\"@type\":\"ImageObject\",\"inLanguage\":\"es\",\"@id\":\"https:\\\/\\\/patagoniambiental.com.ar\\\/info\\\/el-subsecretario-de-ambiente-de-la-pampa-indico-que-la-ley-de-plaguicidas-es-mas-justa-y-mas-equitativa\\\/#primaryimage\",\"url\":\"https:\\\/\\\/patagoniambiental.com.ar\\\/info\\\/wp-content\\\/uploads\\\/2021\\\/01\\\/agroquimicos-fumiga-1280x720-1.jpg\",\"contentUrl\":\"https:\\\/\\\/patagoniambiental.com.ar\\\/info\\\/wp-content\\\/uploads\\\/2021\\\/01\\\/agroquimicos-fumiga-1280x720-1.jpg\",\"width\":1067,\"height\":600},{\"@type\":\"BreadcrumbList\",\"@id\":\"https:\\\/\\\/patagoniambiental.com.ar\\\/info\\\/el-subsecretario-de-ambiente-de-la-pampa-indico-que-la-ley-de-plaguicidas-es-mas-justa-y-mas-equitativa\\\/#breadcrumb\",\"itemListElement\":[{\"@type\":\"ListItem\",\"position\":1,\"name\":\"Inicio\",\"item\":\"https:\\\/\\\/patagoniambiental.com.ar\\\/info\\\/\"},{\"@type\":\"ListItem\",\"position\":2,\"name\":\"El subsecretario de Ambiente de La Pampa indic\u00f3 que la Ley de Plaguicidas es \u201cm\u00e1s justa y m\u00e1s equitativa\u201d\"}]},{\"@type\":\"WebSite\",\"@id\":\"https:\\\/\\\/patagoniambiental.com.ar\\\/info\\\/#website\",\"url\":\"https:\\\/\\\/patagoniambiental.com.ar\\\/info\\\/\",\"name\":\"Patagonia Ambiental\",\"description\":\"Monitoreo y an\u00e1lisis de la situaci\u00f3n geopol\u00edtica en el mundo y su implicancia en la Patagonia\",\"publisher\":{\"@id\":\"https:\\\/\\\/patagoniambiental.com.ar\\\/info\\\/#organization\"},\"potentialAction\":[{\"@type\":\"SearchAction\",\"target\":{\"@type\":\"EntryPoint\",\"urlTemplate\":\"https:\\\/\\\/patagoniambiental.com.ar\\\/info\\\/?s={search_term_string}\"},\"query-input\":{\"@type\":\"PropertyValueSpecification\",\"valueRequired\":true,\"valueName\":\"search_term_string\"}}],\"inLanguage\":\"es\"},{\"@type\":\"Organization\",\"@id\":\"https:\\\/\\\/patagoniambiental.com.ar\\\/info\\\/#organization\",\"name\":\"Patagonia Ambiental\",\"url\":\"https:\\\/\\\/patagoniambiental.com.ar\\\/info\\\/\",\"logo\":{\"@type\":\"ImageObject\",\"inLanguage\":\"es\",\"@id\":\"https:\\\/\\\/patagoniambiental.com.ar\\\/info\\\/#\\\/schema\\\/logo\\\/image\\\/\",\"url\":\"https:\\\/\\\/patagoniambiental.com.ar\\\/info\\\/wp-content\\\/uploads\\\/2025\\\/05\\\/LOGO-PATAGONIA-AMBIENTAL.png\",\"contentUrl\":\"https:\\\/\\\/patagoniambiental.com.ar\\\/info\\\/wp-content\\\/uploads\\\/2025\\\/05\\\/LOGO-PATAGONIA-AMBIENTAL.png\",\"width\":433,\"height\":250,\"caption\":\"Patagonia Ambiental\"},\"image\":{\"@id\":\"https:\\\/\\\/patagoniambiental.com.ar\\\/info\\\/#\\\/schema\\\/logo\\\/image\\\/\"},\"sameAs\":[\"https:\\\/\\\/www.facebook.com\\\/patagonia.ambiental\",\"https:\\\/\\\/x.com\\\/PatAmb\"]},{\"@type\":\"Person\",\"@id\":\"https:\\\/\\\/patagoniambiental.com.ar\\\/info\\\/#\\\/schema\\\/person\\\/e5af09d700b2e82cb10c6b8800e0c691\",\"name\":\"BRAIAN ESTEVEZ\",\"sameAs\":[\"http:\\\/\\\/www.patagoniambiental.com.ar\"]}]}<\/script>\n<!-- \/ Yoast SEO Premium plugin. -->","yoast_head_json":{"title":"El subsecretario de Ambiente de La Pampa indic\u00f3 que la Ley de Plaguicidas es \u201cm\u00e1s justa y m\u00e1s equitativa\u201d","robots":{"index":"index","follow":"follow","max-snippet":"max-snippet:-1","max-image-preview":"max-image-preview:large","max-video-preview":"max-video-preview:-1"},"canonical":"https:\/\/patagoniambiental.com.ar\/info\/el-subsecretario-de-ambiente-de-la-pampa-indico-que-la-ley-de-plaguicidas-es-mas-justa-y-mas-equitativa\/","og_locale":"es_ES","og_type":"article","og_title":"El subsecretario de Ambiente de La Pampa indic\u00f3 que la Ley de Plaguicidas es \u201cm\u00e1s justa y m\u00e1s equitativa\u201d","og_description":"La Pampa.-El subsecretario de Ambiente de La Pampa, Fabi\u00e1n Tittarelli dialog\u00f3 con INFOPICO RADIO 99.9 y habl\u00f3 sobre la Ley [&hellip;]","og_url":"https:\/\/patagoniambiental.com.ar\/info\/el-subsecretario-de-ambiente-de-la-pampa-indico-que-la-ley-de-plaguicidas-es-mas-justa-y-mas-equitativa\/","og_site_name":"Patagonia Ambiental","article_publisher":"https:\/\/www.facebook.com\/patagonia.ambiental","article_published_time":"2021-01-19T10:00:04+00:00","og_image":[{"width":1280,"height":720,"url":"https:\/\/patagoniambiental.com.ar\/info\/wp-content\/uploads\/2021\/01\/agroquimicos-fumiga-1280x720-1.jpg","type":"image\/jpeg"}],"author":"BRAIAN ESTEVEZ","twitter_card":"summary_large_image","twitter_creator":"@PatAmb","twitter_site":"@PatAmb","schema":{"@context":"https:\/\/schema.org","@graph":[{"@type":"Article","@id":"https:\/\/patagoniambiental.com.ar\/info\/el-subsecretario-de-ambiente-de-la-pampa-indico-que-la-ley-de-plaguicidas-es-mas-justa-y-mas-equitativa\/#article","isPartOf":{"@id":"https:\/\/patagoniambiental.com.ar\/info\/el-subsecretario-de-ambiente-de-la-pampa-indico-que-la-ley-de-plaguicidas-es-mas-justa-y-mas-equitativa\/"},"author":{"name":"BRAIAN ESTEVEZ","@id":"https:\/\/patagoniambiental.com.ar\/info\/#\/schema\/person\/e5af09d700b2e82cb10c6b8800e0c691"},"headline":"El subsecretario de Ambiente de La Pampa indic\u00f3 que la Ley de Plaguicidas es \u201cm\u00e1s justa y m\u00e1s equitativa\u201d","datePublished":"2021-01-19T10:00:04+00:00","mainEntityOfPage":{"@id":"https:\/\/patagoniambiental.com.ar\/info\/el-subsecretario-de-ambiente-de-la-pampa-indico-que-la-ley-de-plaguicidas-es-mas-justa-y-mas-equitativa\/"},"wordCount":450,"commentCount":0,"publisher":{"@id":"https:\/\/patagoniambiental.com.ar\/info\/#organization"},"image":{"@id":"https:\/\/patagoniambiental.com.ar\/info\/el-subsecretario-de-ambiente-de-la-pampa-indico-que-la-ley-de-plaguicidas-es-mas-justa-y-mas-equitativa\/#primaryimage"},"thumbnailUrl":"https:\/\/patagoniambiental.com.ar\/info\/wp-content\/uploads\/2021\/01\/agroquimicos-fumiga-1280x720-1.jpg","articleSection":["Bolet\u00edn","La Pampa","Noticias","Provinciales","Rotador"],"inLanguage":"es","potentialAction":[{"@type":"CommentAction","name":"Comment","target":["https:\/\/patagoniambiental.com.ar\/info\/el-subsecretario-de-ambiente-de-la-pampa-indico-que-la-ley-de-plaguicidas-es-mas-justa-y-mas-equitativa\/#respond"]}]},{"@type":"WebPage","@id":"https:\/\/patagoniambiental.com.ar\/info\/el-subsecretario-de-ambiente-de-la-pampa-indico-que-la-ley-de-plaguicidas-es-mas-justa-y-mas-equitativa\/","url":"https:\/\/patagoniambiental.com.ar\/info\/el-subsecretario-de-ambiente-de-la-pampa-indico-que-la-ley-de-plaguicidas-es-mas-justa-y-mas-equitativa\/","name":"El subsecretario de Ambiente de La Pampa indic\u00f3 que la Ley de Plaguicidas es \u201cm\u00e1s justa y m\u00e1s equitativa\u201d","isPartOf":{"@id":"https:\/\/patagoniambiental.com.ar\/info\/#website"},"primaryImageOfPage":{"@id":"https:\/\/patagoniambiental.com.ar\/info\/el-subsecretario-de-ambiente-de-la-pampa-indico-que-la-ley-de-plaguicidas-es-mas-justa-y-mas-equitativa\/#primaryimage"},"image":{"@id":"https:\/\/patagoniambiental.com.ar\/info\/el-subsecretario-de-ambiente-de-la-pampa-indico-que-la-ley-de-plaguicidas-es-mas-justa-y-mas-equitativa\/#primaryimage"},"thumbnailUrl":"https:\/\/patagoniambiental.com.ar\/info\/wp-content\/uploads\/2021\/01\/agroquimicos-fumiga-1280x720-1.jpg","datePublished":"2021-01-19T10:00:04+00:00","breadcrumb":{"@id":"https:\/\/patagoniambiental.com.ar\/info\/el-subsecretario-de-ambiente-de-la-pampa-indico-que-la-ley-de-plaguicidas-es-mas-justa-y-mas-equitativa\/#breadcrumb"},"inLanguage":"es","potentialAction":[{"@type":"ReadAction","target":["https:\/\/patagoniambiental.com.ar\/info\/el-subsecretario-de-ambiente-de-la-pampa-indico-que-la-ley-de-plaguicidas-es-mas-justa-y-mas-equitativa\/"]}]},{"@type":"ImageObject","inLanguage":"es","@id":"https:\/\/patagoniambiental.com.ar\/info\/el-subsecretario-de-ambiente-de-la-pampa-indico-que-la-ley-de-plaguicidas-es-mas-justa-y-mas-equitativa\/#primaryimage","url":"https:\/\/patagoniambiental.com.ar\/info\/wp-content\/uploads\/2021\/01\/agroquimicos-fumiga-1280x720-1.jpg","contentUrl":"https:\/\/patagoniambiental.com.ar\/info\/wp-content\/uploads\/2021\/01\/agroquimicos-fumiga-1280x720-1.jpg","width":1067,"height":600},{"@type":"BreadcrumbList","@id":"https:\/\/patagoniambiental.com.ar\/info\/el-subsecretario-de-ambiente-de-la-pampa-indico-que-la-ley-de-plaguicidas-es-mas-justa-y-mas-equitativa\/#breadcrumb","itemListElement":[{"@type":"ListItem","position":1,"name":"Inicio","item":"https:\/\/patagoniambiental.com.ar\/info\/"},{"@type":"ListItem","position":2,"name":"El subsecretario de Ambiente de La Pampa indic\u00f3 que la Ley de Plaguicidas es \u201cm\u00e1s justa y m\u00e1s equitativa\u201d"}]},{"@type":"WebSite","@id":"https:\/\/patagoniambiental.com.ar\/info\/#website","url":"https:\/\/patagoniambiental.com.ar\/info\/","name":"Patagonia Ambiental","description":"Monitoreo y an\u00e1lisis de la situaci\u00f3n geopol\u00edtica en el mundo y su implicancia en la Patagonia","publisher":{"@id":"https:\/\/patagoniambiental.com.ar\/info\/#organization"},"potentialAction":[{"@type":"SearchAction","target":{"@type":"EntryPoint","urlTemplate":"https:\/\/patagoniambiental.com.ar\/info\/?s={search_term_string}"},"query-input":{"@type":"PropertyValueSpecification","valueRequired":true,"valueName":"search_term_string"}}],"inLanguage":"es"},{"@type":"Organization","@id":"https:\/\/patagoniambiental.com.ar\/info\/#organization","name":"Patagonia Ambiental","url":"https:\/\/patagoniambiental.com.ar\/info\/","logo":{"@type":"ImageObject","inLanguage":"es","@id":"https:\/\/patagoniambiental.com.ar\/info\/#\/schema\/logo\/image\/","url":"https:\/\/patagoniambiental.com.ar\/info\/wp-content\/uploads\/2025\/05\/LOGO-PATAGONIA-AMBIENTAL.png","contentUrl":"https:\/\/patagoniambiental.com.ar\/info\/wp-content\/uploads\/2025\/05\/LOGO-PATAGONIA-AMBIENTAL.png","width":433,"height":250,"caption":"Patagonia Ambiental"},"image":{"@id":"https:\/\/patagoniambiental.com.ar\/info\/#\/schema\/logo\/image\/"},"sameAs":["https:\/\/www.facebook.com\/patagonia.ambiental","https:\/\/x.com\/PatAmb"]},{"@type":"Person","@id":"https:\/\/patagoniambiental.com.ar\/info\/#\/schema\/person\/e5af09d700b2e82cb10c6b8800e0c691","name":"BRAIAN ESTEVEZ","sameAs":["http:\/\/www.patagoniambiental.com.ar"]}]}},"_links":{"self":[{"href":"https:\/\/patagoniambiental.com.ar\/info\/wp-json\/wp\/v2\/posts\/70586","targetHints":{"allow":["GET"]}}],"collection":[{"href":"https:\/\/patagoniambiental.com.ar\/info\/wp-json\/wp\/v2\/posts"}],"about":[{"href":"https:\/\/patagoniambiental.com.ar\/info\/wp-json\/wp\/v2\/types\/post"}],"author":[{"embeddable":true,"href":"https:\/\/patagoniambiental.com.ar\/info\/wp-json\/wp\/v2\/users\/6"}],"replies":[{"embeddable":true,"href":"https:\/\/patagoniambiental.com.ar\/info\/wp-json\/wp\/v2\/comments?post=70586"}],"version-history":[{"count":0,"href":"https:\/\/patagoniambiental.com.ar\/info\/wp-json\/wp\/v2\/posts\/70586\/revisions"}],"wp:featuredmedia":[{"embeddable":true,"href":"https:\/\/patagoniambiental.com.ar\/info\/wp-json\/wp\/v2\/media\/70587"}],"wp:attachment":[{"href":"https:\/\/patagoniambiental.com.ar\/info\/wp-json\/wp\/v2\/media?parent=70586"}],"wp:term":[{"taxonomy":"category","embeddable":true,"href":"https:\/\/patagoniambiental.com.ar\/info\/wp-json\/wp\/v2\/categories?post=70586"},{"taxonomy":"post_tag","embeddable":true,"href":"https:\/\/patagoniambiental.com.ar\/info\/wp-json\/wp\/v2\/tags?post=70586"}],"curies":[{"name":"wp","href":"https:\/\/api.w.org\/{rel}","templated":true}]}}