{"id":70605,"date":"2021-01-22T07:00:04","date_gmt":"2021-01-22T10:00:04","guid":{"rendered":"http:\/\/patagoniambiental.com.ar\/info\/?p=70605"},"modified":"2021-01-18T16:21:37","modified_gmt":"2021-01-18T19:21:37","slug":"se-pide-extremar-las-medidas-para-evitar-incendios-ante-la-ola-de-calor-en-rio-negro","status":"publish","type":"post","link":"https:\/\/patagoniambiental.com.ar\/info\/se-pide-extremar-las-medidas-para-evitar-incendios-ante-la-ola-de-calor-en-rio-negro\/","title":{"rendered":"Se pide extremar las medidas para evitar incendios ante la ola de calor en Rio Negro"},"content":{"rendered":"<div class=\"x_column-wrap\">\n<div class=\"x_column\">Frente a la ola de calor pronosticada para esta semana, desde la Secretar\u00eda de Protecci\u00f3n Civil, se pidi\u00f3 a la comunidad extremar todas las medidas de prevenci\u00f3n para evitar incendios de pastizales y de campos.<\/div>\n<div><!--more--><\/div>\n<div class=\"x_clear\">\n<div>\n<p>La Autoridad Interjurisdiccional de Cuencas inform\u00f3 sobre la presencia de aire c\u00e1lido sobre el Norte de la Patagonia que ir\u00e1 avanzando y provocar\u00e1 a partir de hoy y durante la semana, un ascenso de temperatura con m\u00e1ximas extremas entre los d\u00edas mi\u00e9rcoles 20 y viernes 22 inclusive.<\/p>\n<p>En ese sentido, se se\u00f1al\u00f3 que para el Alto Valle, Valle Medio, y Norte de la provincia de Neuqu\u00e9n, las m\u00e1ximas podr\u00edan llegar a los 40 grados y las m\u00ednimas por encima de 20.<\/p>\n<p>Para la Costa Atl\u00e1ntica y Regi\u00f3n Sur de R\u00edo Negro se prev\u00e9n m\u00e1ximas entorno\u00a0 de 35 grados y m\u00ednimas por encima de 15, mientras que en el \u00e1rea cordillerana de los Lagos del Sur, m\u00e1ximas de 30 grados y m\u00ednimas por encima de 10.<\/p>\n<p>Ante este panorama, el secretario de Protecci\u00f3n Civil, Adri\u00e1n Iribarren, habl\u00f3 de la necesidad de tomar todas las precauciones teniendo en cuenta que aumenta exponencialmente la probabilidad de que se produzcan incendios de campos.<\/p>\n<p>Al respecto y en cuanto a las medidas a profundizar, se refiri\u00f3 a la necesidad de trabajar en la prevenci\u00f3n \u201cen lo que hace a todo tipo de emergencias a la cual los incendios no son ajenos. En tal sentido podemos decirle a la gente que no realice fogatas en los lugares donde no est\u00e1 permitido, lugares de acampe en la Costa Atl\u00e1ntica sobre todo en la Ruta Provincial 1 y no detenerse en la banquina en las horas de mucho calor. No exponerse ni tirar colillas de cigarrillos, todas medidas en las que el gobierno viene trabajando y fomentando para prevenir sobre todo lo que puede ser el inicio de incendios de campo\u201d.<\/p>\n<p>Tambi\u00e9n se solicita que ante un incendio, se d\u00e9 pronto aviso y se evac\u00fae la zona. Al hacerlo cubrir boca y nariz para no inhalar humo. Asimismo no regresar a \u00e1reas quemadas, ya que los sitios calientes pueden reactivarse sin previo aviso.<\/p>\n<p>Es importante no arrojar ni abandonar botellas u otros vidrios en zonas rurales debido a que con el sol puede ser iniciadores de fuego, y avisar al 911 en caso de observar personas que puedan estar causando incendios o manipulando grandes fuegos fuera de temporada.<\/p>\n<p>M\u00e1s all\u00e1 de esta ola de calor, es primordial tener en cuenta todas estas medidas para el resto de la temporada<\/p>\n<p>\u201cTanto el Servicio Meteorol\u00f3gico Nacional como la Autoridad\u00a0 Interjurisdiccional de Cuencas y el INTA nos marcaban un alto porcentaje de material org\u00e1nico seco disponible para producir incendios, sumado\u00a0 a la ola de calor y la temperatura y los vientos del Norte, elevan exponencialmente la probabilidad de que se produzcan este tipo de emergencias\u201d, manifest\u00f3 Iribarren.<\/p>\n<p>Por otro lado y en cuanto a los incendios que ya se han producido, indic\u00f3 que \u201csiguen ocurriendo, tuvimos tormentas el\u00e9ctricas durante la semana pasada y la anterior. Tormentas secas que produjeron varios focos de incendio en el centro este de la provincia\u201d, coment\u00f3 y destac\u00f3 el trabajo del SPLIF y de los Bomberos Voluntarios de cada jurisdicci\u00f3n.<\/p>\n<p>Fuente: Gobierno de Rio Negro<\/p>\n<\/div>\n<\/div>\n<\/div>\n<p>&nbsp;<\/p>\n","protected":false},"excerpt":{"rendered":"<p>Frente a la ola de calor pronosticada para esta semana, desde la Secretar\u00eda de Protecci\u00f3n Civil, se pidi\u00f3 a la [&hellip;]<\/p>\n","protected":false},"author":6,"featured_media":70606,"comment_status":"open","ping_status":"open","sticky":false,"template":"","format":"standard","meta":{"site-sidebar-layout":"default","site-content-layout":"","ast-site-content-layout":"default","site-content-style":"default","site-sidebar-style":"default","ast-global-header-display":"","ast-banner-title-visibility":"","ast-main-header-display":"","ast-hfb-above-header-display":"","ast-hfb-below-header-display":"","ast-hfb-mobile-header-display":"","site-post-title":"","ast-breadcrumbs-content":"","ast-featured-img":"","footer-sml-layout":"","ast-disable-related-posts":"","theme-transparent-header-meta":"","adv-header-id-meta":"","stick-header-meta":"","header-above-stick-meta":"","header-main-stick-meta":"","header-below-stick-meta":"","astra-migrate-meta-layouts":"default","ast-page-background-enabled":"default","ast-page-background-meta":{"desktop":{"background-color":"var(--ast-global-color-5)","background-image":"","background-repeat":"repeat","background-position":"center center","background-size":"auto","background-attachment":"scroll","background-type":"","background-media":"","overlay-type":"","overlay-color":"","overlay-opacity":"","overlay-gradient":""},"tablet":{"background-color":"","background-image":"","background-repeat":"repeat","background-position":"center center","background-size":"auto","background-attachment":"scroll","background-type":"","background-media":"","overlay-type":"","overlay-color":"","overlay-opacity":"","overlay-gradient":""},"mobile":{"background-color":"","background-image":"","background-repeat":"repeat","background-position":"center center","background-size":"auto","background-attachment":"scroll","background-type":"","background-media":"","overlay-type":"","overlay-color":"","overlay-opacity":"","overlay-gradient":""}},"ast-content-background-meta":{"desktop":{"background-color":"var(--ast-global-color-4)","background-image":"","background-repeat":"repeat","background-position":"center center","background-size":"auto","background-attachment":"scroll","background-type":"","background-media":"","overlay-type":"","overlay-color":"","overlay-opacity":"","overlay-gradient":""},"tablet":{"background-color":"var(--ast-global-color-4)","background-image":"","background-repeat":"repeat","background-position":"center center","background-size":"auto","background-attachment":"scroll","background-type":"","background-media":"","overlay-type":"","overlay-color":"","overlay-opacity":"","overlay-gradient":""},"mobile":{"background-color":"var(--ast-global-color-4)","background-image":"","background-repeat":"repeat","background-position":"center center","background-size":"auto","background-attachment":"scroll","background-type":"","background-media":"","overlay-type":"","overlay-color":"","overlay-opacity":"","overlay-gradient":""}},"footnotes":""},"categories":[11,1,13,14,10],"tags":[],"class_list":["post-70605","post","type-post","status-publish","format-standard","has-post-thumbnail","hentry","category-boletin","category-noticias","category-provinciales","category-rio-negro","category-rotador"],"yoast_head":"<!-- This site is optimized with the Yoast SEO Premium plugin v23.0 (Yoast SEO v27.5) - https:\/\/yoast.com\/product\/yoast-seo-premium-wordpress\/ -->\n<title>Se pide extremar las medidas para evitar incendios ante la ola de calor en Rio Negro<\/title>\n<meta name=\"robots\" content=\"index, follow, max-snippet:-1, max-image-preview:large, max-video-preview:-1\" \/>\n<link rel=\"canonical\" href=\"https:\/\/patagoniambiental.com.ar\/info\/se-pide-extremar-las-medidas-para-evitar-incendios-ante-la-ola-de-calor-en-rio-negro\/\" \/>\n<meta property=\"og:locale\" content=\"es_ES\" \/>\n<meta property=\"og:type\" content=\"article\" \/>\n<meta property=\"og:title\" content=\"Se pide extremar las medidas para evitar incendios ante la ola de calor en Rio Negro\" \/>\n<meta property=\"og:description\" content=\"Frente a la ola de calor pronosticada para esta semana, desde la Secretar\u00eda de Protecci\u00f3n Civil, se pidi\u00f3 a la [&hellip;]\" \/>\n<meta property=\"og:url\" content=\"https:\/\/patagoniambiental.com.ar\/info\/se-pide-extremar-las-medidas-para-evitar-incendios-ante-la-ola-de-calor-en-rio-negro\/\" \/>\n<meta property=\"og:site_name\" content=\"Patagonia Ambiental\" \/>\n<meta property=\"article:publisher\" content=\"https:\/\/www.facebook.com\/patagonia.ambiental\" \/>\n<meta property=\"article:published_time\" content=\"2021-01-22T10:00:04+00:00\" \/>\n<meta property=\"og:image\" content=\"https:\/\/patagoniambiental.com.ar\/info\/wp-content\/uploads\/2021\/01\/00054152.jpg\" \/>\n\t<meta property=\"og:image:width\" content=\"924\" \/>\n\t<meta property=\"og:image:height\" content=\"616\" \/>\n\t<meta property=\"og:image:type\" content=\"image\/jpeg\" \/>\n<meta name=\"author\" content=\"BRAIAN ESTEVEZ\" \/>\n<meta name=\"twitter:card\" content=\"summary_large_image\" \/>\n<meta name=\"twitter:creator\" content=\"@PatAmb\" \/>\n<meta name=\"twitter:site\" content=\"@PatAmb\" \/>\n<script type=\"application\/ld+json\" class=\"yoast-schema-graph\">{\"@context\":\"https:\\\/\\\/schema.org\",\"@graph\":[{\"@type\":\"Article\",\"@id\":\"https:\\\/\\\/patagoniambiental.com.ar\\\/info\\\/se-pide-extremar-las-medidas-para-evitar-incendios-ante-la-ola-de-calor-en-rio-negro\\\/#article\",\"isPartOf\":{\"@id\":\"https:\\\/\\\/patagoniambiental.com.ar\\\/info\\\/se-pide-extremar-las-medidas-para-evitar-incendios-ante-la-ola-de-calor-en-rio-negro\\\/\"},\"author\":{\"name\":\"BRAIAN ESTEVEZ\",\"@id\":\"https:\\\/\\\/patagoniambiental.com.ar\\\/info\\\/#\\\/schema\\\/person\\\/e5af09d700b2e82cb10c6b8800e0c691\"},\"headline\":\"Se pide extremar las medidas para evitar incendios ante la ola de calor en Rio Negro\",\"datePublished\":\"2021-01-22T10:00:04+00:00\",\"mainEntityOfPage\":{\"@id\":\"https:\\\/\\\/patagoniambiental.com.ar\\\/info\\\/se-pide-extremar-las-medidas-para-evitar-incendios-ante-la-ola-de-calor-en-rio-negro\\\/\"},\"wordCount\":572,\"commentCount\":0,\"publisher\":{\"@id\":\"https:\\\/\\\/patagoniambiental.com.ar\\\/info\\\/#organization\"},\"image\":{\"@id\":\"https:\\\/\\\/patagoniambiental.com.ar\\\/info\\\/se-pide-extremar-las-medidas-para-evitar-incendios-ante-la-ola-de-calor-en-rio-negro\\\/#primaryimage\"},\"thumbnailUrl\":\"https:\\\/\\\/patagoniambiental.com.ar\\\/info\\\/wp-content\\\/uploads\\\/2021\\\/01\\\/00054152.jpg\",\"articleSection\":[\"Bolet\u00edn\",\"Noticias\",\"Provinciales\",\"R\u00edo Negro\",\"Rotador\"],\"inLanguage\":\"es\",\"potentialAction\":[{\"@type\":\"CommentAction\",\"name\":\"Comment\",\"target\":[\"https:\\\/\\\/patagoniambiental.com.ar\\\/info\\\/se-pide-extremar-las-medidas-para-evitar-incendios-ante-la-ola-de-calor-en-rio-negro\\\/#respond\"]}]},{\"@type\":\"WebPage\",\"@id\":\"https:\\\/\\\/patagoniambiental.com.ar\\\/info\\\/se-pide-extremar-las-medidas-para-evitar-incendios-ante-la-ola-de-calor-en-rio-negro\\\/\",\"url\":\"https:\\\/\\\/patagoniambiental.com.ar\\\/info\\\/se-pide-extremar-las-medidas-para-evitar-incendios-ante-la-ola-de-calor-en-rio-negro\\\/\",\"name\":\"Se pide extremar las medidas para evitar incendios ante la ola de calor en Rio Negro\",\"isPartOf\":{\"@id\":\"https:\\\/\\\/patagoniambiental.com.ar\\\/info\\\/#website\"},\"primaryImageOfPage\":{\"@id\":\"https:\\\/\\\/patagoniambiental.com.ar\\\/info\\\/se-pide-extremar-las-medidas-para-evitar-incendios-ante-la-ola-de-calor-en-rio-negro\\\/#primaryimage\"},\"image\":{\"@id\":\"https:\\\/\\\/patagoniambiental.com.ar\\\/info\\\/se-pide-extremar-las-medidas-para-evitar-incendios-ante-la-ola-de-calor-en-rio-negro\\\/#primaryimage\"},\"thumbnailUrl\":\"https:\\\/\\\/patagoniambiental.com.ar\\\/info\\\/wp-content\\\/uploads\\\/2021\\\/01\\\/00054152.jpg\",\"datePublished\":\"2021-01-22T10:00:04+00:00\",\"breadcrumb\":{\"@id\":\"https:\\\/\\\/patagoniambiental.com.ar\\\/info\\\/se-pide-extremar-las-medidas-para-evitar-incendios-ante-la-ola-de-calor-en-rio-negro\\\/#breadcrumb\"},\"inLanguage\":\"es\",\"potentialAction\":[{\"@type\":\"ReadAction\",\"target\":[\"https:\\\/\\\/patagoniambiental.com.ar\\\/info\\\/se-pide-extremar-las-medidas-para-evitar-incendios-ante-la-ola-de-calor-en-rio-negro\\\/\"]}]},{\"@type\":\"ImageObject\",\"inLanguage\":\"es\",\"@id\":\"https:\\\/\\\/patagoniambiental.com.ar\\\/info\\\/se-pide-extremar-las-medidas-para-evitar-incendios-ante-la-ola-de-calor-en-rio-negro\\\/#primaryimage\",\"url\":\"https:\\\/\\\/patagoniambiental.com.ar\\\/info\\\/wp-content\\\/uploads\\\/2021\\\/01\\\/00054152.jpg\",\"contentUrl\":\"https:\\\/\\\/patagoniambiental.com.ar\\\/info\\\/wp-content\\\/uploads\\\/2021\\\/01\\\/00054152.jpg\",\"width\":900,\"height\":600},{\"@type\":\"BreadcrumbList\",\"@id\":\"https:\\\/\\\/patagoniambiental.com.ar\\\/info\\\/se-pide-extremar-las-medidas-para-evitar-incendios-ante-la-ola-de-calor-en-rio-negro\\\/#breadcrumb\",\"itemListElement\":[{\"@type\":\"ListItem\",\"position\":1,\"name\":\"Inicio\",\"item\":\"https:\\\/\\\/patagoniambiental.com.ar\\\/info\\\/\"},{\"@type\":\"ListItem\",\"position\":2,\"name\":\"Se pide extremar las medidas para evitar incendios ante la ola de calor en Rio Negro\"}]},{\"@type\":\"WebSite\",\"@id\":\"https:\\\/\\\/patagoniambiental.com.ar\\\/info\\\/#website\",\"url\":\"https:\\\/\\\/patagoniambiental.com.ar\\\/info\\\/\",\"name\":\"Patagonia Ambiental\",\"description\":\"Monitoreo y an\u00e1lisis de la situaci\u00f3n geopol\u00edtica en el mundo y su implicancia en la Patagonia\",\"publisher\":{\"@id\":\"https:\\\/\\\/patagoniambiental.com.ar\\\/info\\\/#organization\"},\"potentialAction\":[{\"@type\":\"SearchAction\",\"target\":{\"@type\":\"EntryPoint\",\"urlTemplate\":\"https:\\\/\\\/patagoniambiental.com.ar\\\/info\\\/?s={search_term_string}\"},\"query-input\":{\"@type\":\"PropertyValueSpecification\",\"valueRequired\":true,\"valueName\":\"search_term_string\"}}],\"inLanguage\":\"es\"},{\"@type\":\"Organization\",\"@id\":\"https:\\\/\\\/patagoniambiental.com.ar\\\/info\\\/#organization\",\"name\":\"Patagonia Ambiental\",\"url\":\"https:\\\/\\\/patagoniambiental.com.ar\\\/info\\\/\",\"logo\":{\"@type\":\"ImageObject\",\"inLanguage\":\"es\",\"@id\":\"https:\\\/\\\/patagoniambiental.com.ar\\\/info\\\/#\\\/schema\\\/logo\\\/image\\\/\",\"url\":\"https:\\\/\\\/patagoniambiental.com.ar\\\/info\\\/wp-content\\\/uploads\\\/2025\\\/05\\\/LOGO-PATAGONIA-AMBIENTAL.png\",\"contentUrl\":\"https:\\\/\\\/patagoniambiental.com.ar\\\/info\\\/wp-content\\\/uploads\\\/2025\\\/05\\\/LOGO-PATAGONIA-AMBIENTAL.png\",\"width\":433,\"height\":250,\"caption\":\"Patagonia Ambiental\"},\"image\":{\"@id\":\"https:\\\/\\\/patagoniambiental.com.ar\\\/info\\\/#\\\/schema\\\/logo\\\/image\\\/\"},\"sameAs\":[\"https:\\\/\\\/www.facebook.com\\\/patagonia.ambiental\",\"https:\\\/\\\/x.com\\\/PatAmb\"]},{\"@type\":\"Person\",\"@id\":\"https:\\\/\\\/patagoniambiental.com.ar\\\/info\\\/#\\\/schema\\\/person\\\/e5af09d700b2e82cb10c6b8800e0c691\",\"name\":\"BRAIAN ESTEVEZ\",\"sameAs\":[\"http:\\\/\\\/www.patagoniambiental.com.ar\"]}]}<\/script>\n<!-- \/ Yoast SEO Premium plugin. -->","yoast_head_json":{"title":"Se pide extremar las medidas para evitar incendios ante la ola de calor en Rio Negro","robots":{"index":"index","follow":"follow","max-snippet":"max-snippet:-1","max-image-preview":"max-image-preview:large","max-video-preview":"max-video-preview:-1"},"canonical":"https:\/\/patagoniambiental.com.ar\/info\/se-pide-extremar-las-medidas-para-evitar-incendios-ante-la-ola-de-calor-en-rio-negro\/","og_locale":"es_ES","og_type":"article","og_title":"Se pide extremar las medidas para evitar incendios ante la ola de calor en Rio Negro","og_description":"Frente a la ola de calor pronosticada para esta semana, desde la Secretar\u00eda de Protecci\u00f3n Civil, se pidi\u00f3 a la [&hellip;]","og_url":"https:\/\/patagoniambiental.com.ar\/info\/se-pide-extremar-las-medidas-para-evitar-incendios-ante-la-ola-de-calor-en-rio-negro\/","og_site_name":"Patagonia Ambiental","article_publisher":"https:\/\/www.facebook.com\/patagonia.ambiental","article_published_time":"2021-01-22T10:00:04+00:00","og_image":[{"width":924,"height":616,"url":"https:\/\/patagoniambiental.com.ar\/info\/wp-content\/uploads\/2021\/01\/00054152.jpg","type":"image\/jpeg"}],"author":"BRAIAN ESTEVEZ","twitter_card":"summary_large_image","twitter_creator":"@PatAmb","twitter_site":"@PatAmb","schema":{"@context":"https:\/\/schema.org","@graph":[{"@type":"Article","@id":"https:\/\/patagoniambiental.com.ar\/info\/se-pide-extremar-las-medidas-para-evitar-incendios-ante-la-ola-de-calor-en-rio-negro\/#article","isPartOf":{"@id":"https:\/\/patagoniambiental.com.ar\/info\/se-pide-extremar-las-medidas-para-evitar-incendios-ante-la-ola-de-calor-en-rio-negro\/"},"author":{"name":"BRAIAN ESTEVEZ","@id":"https:\/\/patagoniambiental.com.ar\/info\/#\/schema\/person\/e5af09d700b2e82cb10c6b8800e0c691"},"headline":"Se pide extremar las medidas para evitar incendios ante la ola de calor en Rio Negro","datePublished":"2021-01-22T10:00:04+00:00","mainEntityOfPage":{"@id":"https:\/\/patagoniambiental.com.ar\/info\/se-pide-extremar-las-medidas-para-evitar-incendios-ante-la-ola-de-calor-en-rio-negro\/"},"wordCount":572,"commentCount":0,"publisher":{"@id":"https:\/\/patagoniambiental.com.ar\/info\/#organization"},"image":{"@id":"https:\/\/patagoniambiental.com.ar\/info\/se-pide-extremar-las-medidas-para-evitar-incendios-ante-la-ola-de-calor-en-rio-negro\/#primaryimage"},"thumbnailUrl":"https:\/\/patagoniambiental.com.ar\/info\/wp-content\/uploads\/2021\/01\/00054152.jpg","articleSection":["Bolet\u00edn","Noticias","Provinciales","R\u00edo Negro","Rotador"],"inLanguage":"es","potentialAction":[{"@type":"CommentAction","name":"Comment","target":["https:\/\/patagoniambiental.com.ar\/info\/se-pide-extremar-las-medidas-para-evitar-incendios-ante-la-ola-de-calor-en-rio-negro\/#respond"]}]},{"@type":"WebPage","@id":"https:\/\/patagoniambiental.com.ar\/info\/se-pide-extremar-las-medidas-para-evitar-incendios-ante-la-ola-de-calor-en-rio-negro\/","url":"https:\/\/patagoniambiental.com.ar\/info\/se-pide-extremar-las-medidas-para-evitar-incendios-ante-la-ola-de-calor-en-rio-negro\/","name":"Se pide extremar las medidas para evitar incendios ante la ola de calor en Rio Negro","isPartOf":{"@id":"https:\/\/patagoniambiental.com.ar\/info\/#website"},"primaryImageOfPage":{"@id":"https:\/\/patagoniambiental.com.ar\/info\/se-pide-extremar-las-medidas-para-evitar-incendios-ante-la-ola-de-calor-en-rio-negro\/#primaryimage"},"image":{"@id":"https:\/\/patagoniambiental.com.ar\/info\/se-pide-extremar-las-medidas-para-evitar-incendios-ante-la-ola-de-calor-en-rio-negro\/#primaryimage"},"thumbnailUrl":"https:\/\/patagoniambiental.com.ar\/info\/wp-content\/uploads\/2021\/01\/00054152.jpg","datePublished":"2021-01-22T10:00:04+00:00","breadcrumb":{"@id":"https:\/\/patagoniambiental.com.ar\/info\/se-pide-extremar-las-medidas-para-evitar-incendios-ante-la-ola-de-calor-en-rio-negro\/#breadcrumb"},"inLanguage":"es","potentialAction":[{"@type":"ReadAction","target":["https:\/\/patagoniambiental.com.ar\/info\/se-pide-extremar-las-medidas-para-evitar-incendios-ante-la-ola-de-calor-en-rio-negro\/"]}]},{"@type":"ImageObject","inLanguage":"es","@id":"https:\/\/patagoniambiental.com.ar\/info\/se-pide-extremar-las-medidas-para-evitar-incendios-ante-la-ola-de-calor-en-rio-negro\/#primaryimage","url":"https:\/\/patagoniambiental.com.ar\/info\/wp-content\/uploads\/2021\/01\/00054152.jpg","contentUrl":"https:\/\/patagoniambiental.com.ar\/info\/wp-content\/uploads\/2021\/01\/00054152.jpg","width":900,"height":600},{"@type":"BreadcrumbList","@id":"https:\/\/patagoniambiental.com.ar\/info\/se-pide-extremar-las-medidas-para-evitar-incendios-ante-la-ola-de-calor-en-rio-negro\/#breadcrumb","itemListElement":[{"@type":"ListItem","position":1,"name":"Inicio","item":"https:\/\/patagoniambiental.com.ar\/info\/"},{"@type":"ListItem","position":2,"name":"Se pide extremar las medidas para evitar incendios ante la ola de calor en Rio Negro"}]},{"@type":"WebSite","@id":"https:\/\/patagoniambiental.com.ar\/info\/#website","url":"https:\/\/patagoniambiental.com.ar\/info\/","name":"Patagonia Ambiental","description":"Monitoreo y an\u00e1lisis de la situaci\u00f3n geopol\u00edtica en el mundo y su implicancia en la Patagonia","publisher":{"@id":"https:\/\/patagoniambiental.com.ar\/info\/#organization"},"potentialAction":[{"@type":"SearchAction","target":{"@type":"EntryPoint","urlTemplate":"https:\/\/patagoniambiental.com.ar\/info\/?s={search_term_string}"},"query-input":{"@type":"PropertyValueSpecification","valueRequired":true,"valueName":"search_term_string"}}],"inLanguage":"es"},{"@type":"Organization","@id":"https:\/\/patagoniambiental.com.ar\/info\/#organization","name":"Patagonia Ambiental","url":"https:\/\/patagoniambiental.com.ar\/info\/","logo":{"@type":"ImageObject","inLanguage":"es","@id":"https:\/\/patagoniambiental.com.ar\/info\/#\/schema\/logo\/image\/","url":"https:\/\/patagoniambiental.com.ar\/info\/wp-content\/uploads\/2025\/05\/LOGO-PATAGONIA-AMBIENTAL.png","contentUrl":"https:\/\/patagoniambiental.com.ar\/info\/wp-content\/uploads\/2025\/05\/LOGO-PATAGONIA-AMBIENTAL.png","width":433,"height":250,"caption":"Patagonia Ambiental"},"image":{"@id":"https:\/\/patagoniambiental.com.ar\/info\/#\/schema\/logo\/image\/"},"sameAs":["https:\/\/www.facebook.com\/patagonia.ambiental","https:\/\/x.com\/PatAmb"]},{"@type":"Person","@id":"https:\/\/patagoniambiental.com.ar\/info\/#\/schema\/person\/e5af09d700b2e82cb10c6b8800e0c691","name":"BRAIAN ESTEVEZ","sameAs":["http:\/\/www.patagoniambiental.com.ar"]}]}},"_links":{"self":[{"href":"https:\/\/patagoniambiental.com.ar\/info\/wp-json\/wp\/v2\/posts\/70605","targetHints":{"allow":["GET"]}}],"collection":[{"href":"https:\/\/patagoniambiental.com.ar\/info\/wp-json\/wp\/v2\/posts"}],"about":[{"href":"https:\/\/patagoniambiental.com.ar\/info\/wp-json\/wp\/v2\/types\/post"}],"author":[{"embeddable":true,"href":"https:\/\/patagoniambiental.com.ar\/info\/wp-json\/wp\/v2\/users\/6"}],"replies":[{"embeddable":true,"href":"https:\/\/patagoniambiental.com.ar\/info\/wp-json\/wp\/v2\/comments?post=70605"}],"version-history":[{"count":0,"href":"https:\/\/patagoniambiental.com.ar\/info\/wp-json\/wp\/v2\/posts\/70605\/revisions"}],"wp:featuredmedia":[{"embeddable":true,"href":"https:\/\/patagoniambiental.com.ar\/info\/wp-json\/wp\/v2\/media\/70606"}],"wp:attachment":[{"href":"https:\/\/patagoniambiental.com.ar\/info\/wp-json\/wp\/v2\/media?parent=70605"}],"wp:term":[{"taxonomy":"category","embeddable":true,"href":"https:\/\/patagoniambiental.com.ar\/info\/wp-json\/wp\/v2\/categories?post=70605"},{"taxonomy":"post_tag","embeddable":true,"href":"https:\/\/patagoniambiental.com.ar\/info\/wp-json\/wp\/v2\/tags?post=70605"}],"curies":[{"name":"wp","href":"https:\/\/api.w.org\/{rel}","templated":true}]}}