{"id":70723,"date":"2021-01-29T07:00:38","date_gmt":"2021-01-29T10:00:38","guid":{"rendered":"http:\/\/patagoniambiental.com.ar\/info\/?p=70723"},"modified":"2021-01-29T08:59:49","modified_gmt":"2021-01-29T11:59:49","slug":"se-redujeron-a-dos-las-provincias-con-incendios-forestales-activos","status":"publish","type":"post","link":"https:\/\/patagoniambiental.com.ar\/info\/se-redujeron-a-dos-las-provincias-con-incendios-forestales-activos\/","title":{"rendered":"Se redujeron a dos las provincias con incendios forestales activos"},"content":{"rendered":"<p>Se trata de Catamarca y R\u00edo Negro. En esta \u00faltima, adem\u00e1s uno de los focos fue extinguido.<\/p>\n<p><!--more--><\/p>\n<p>Ciudad Aut\u00f3noma de Buenos Aires, 28 de enero de 2021.- El Ministerio de Ambiente y Desarrollo Sostenible de la Naci\u00f3n, a cargo de Juan Cabandi\u00e9, comunica que, de acuerdo con informaci\u00f3n brindada por el Servicio de Manejo del Fuego (SNMF) luego del mediod\u00eda, R\u00edo Negro permanece con tres focos activos en Cuesta del Terrnero \u2014cerca de El Bols\u00f3n\u2014, Pichi Mahida y Conesa; en tanto fue extinguido el incendio forestal en El Tiz\u00f3n. En Catamarca, se mantiene un foco activo en Bel\u00e9n, para el que no se solicitaron recursos de la Naci\u00f3n.<br \/>\nEn R\u00edo Negro, siguen en operaciones 38 combatientes de la Brigada Nacional del SNMF y de la Administraci\u00f3n de Parques Nacionales, junto a un coordinador de la Regional Patagonia. El despliegue de recursos de la Naci\u00f3n incluye cinco autobombas, cuatro pick up y los servicios de dos aviones hidrantes y dos helic\u00f3pteros, que dan apoyo a la tarea de las fuerzas de la provincia y fortalecen los recursos locales.<\/p>\n<p>Por otra parte, en Chubut fueron controlados los dos focos del departamento de Futaleuf\u00fa, ubicados en Planicie Loma de Trevelin y en la Poblaci\u00f3n Zalazar \u2014dentro del Parque Nacional Los Alerces\u2014. All\u00ed se dispone de un avi\u00f3n hidrante del SNMF y una cuadrilla de brigadistas de ese parque nacional con una autobomba para dar apoyo al trabajo de la provincia.<\/p>\n<p>Para acceder a fotos y video del incendio forestal en cercan\u00edas de El Bols\u00f3n, cliquear ac\u00e1. (Im\u00e1genes de video cortes\u00eda del personal del SPLIF de El Bols\u00f3n: Fernando Saavedra y Gerem\u00edas Bahamonde; y fotograf\u00edas de Pablo Alcorta, del mismo organismo).<\/p>\n<p>Fuente: Ministerio de Ambiente de Naci\u00f3n<\/p>\n","protected":false},"excerpt":{"rendered":"<p>Se trata de Catamarca y R\u00edo Negro. En esta \u00faltima, adem\u00e1s uno de los focos fue extinguido.<\/p>\n","protected":false},"author":6,"featured_media":70724,"comment_status":"open","ping_status":"open","sticky":false,"template":"","format":"standard","meta":{"site-sidebar-layout":"default","site-content-layout":"","ast-site-content-layout":"default","site-content-style":"default","site-sidebar-style":"default","ast-global-header-display":"","ast-banner-title-visibility":"","ast-main-header-display":"","ast-hfb-above-header-display":"","ast-hfb-below-header-display":"","ast-hfb-mobile-header-display":"","site-post-title":"","ast-breadcrumbs-content":"","ast-featured-img":"","footer-sml-layout":"","ast-disable-related-posts":"","theme-transparent-header-meta":"","adv-header-id-meta":"","stick-header-meta":"","header-above-stick-meta":"","header-main-stick-meta":"","header-below-stick-meta":"","astra-migrate-meta-layouts":"default","ast-page-background-enabled":"default","ast-page-background-meta":{"desktop":{"background-color":"var(--ast-global-color-5)","background-image":"","background-repeat":"repeat","background-position":"center center","background-size":"auto","background-attachment":"scroll","background-type":"","background-media":"","overlay-type":"","overlay-color":"","overlay-opacity":"","overlay-gradient":""},"tablet":{"background-color":"","background-image":"","background-repeat":"repeat","background-position":"center center","background-size":"auto","background-attachment":"scroll","background-type":"","background-media":"","overlay-type":"","overlay-color":"","overlay-opacity":"","overlay-gradient":""},"mobile":{"background-color":"","background-image":"","background-repeat":"repeat","background-position":"center center","background-size":"auto","background-attachment":"scroll","background-type":"","background-media":"","overlay-type":"","overlay-color":"","overlay-opacity":"","overlay-gradient":""}},"ast-content-background-meta":{"desktop":{"background-color":"var(--ast-global-color-4)","background-image":"","background-repeat":"repeat","background-position":"center center","background-size":"auto","background-attachment":"scroll","background-type":"","background-media":"","overlay-type":"","overlay-color":"","overlay-opacity":"","overlay-gradient":""},"tablet":{"background-color":"var(--ast-global-color-4)","background-image":"","background-repeat":"repeat","background-position":"center center","background-size":"auto","background-attachment":"scroll","background-type":"","background-media":"","overlay-type":"","overlay-color":"","overlay-opacity":"","overlay-gradient":""},"mobile":{"background-color":"var(--ast-global-color-4)","background-image":"","background-repeat":"repeat","background-position":"center center","background-size":"auto","background-attachment":"scroll","background-type":"","background-media":"","overlay-type":"","overlay-color":"","overlay-opacity":"","overlay-gradient":""}},"footnotes":""},"categories":[11,19,1,10],"tags":[],"class_list":["post-70723","post","type-post","status-publish","format-standard","has-post-thumbnail","hentry","category-boletin","category-nacionales","category-noticias","category-rotador"],"yoast_head":"<!-- This site is optimized with the Yoast SEO Premium plugin v23.0 (Yoast SEO v27.5) - https:\/\/yoast.com\/product\/yoast-seo-premium-wordpress\/ -->\n<title>Se redujeron a dos las provincias con incendios forestales activos<\/title>\n<meta name=\"robots\" content=\"index, follow, max-snippet:-1, max-image-preview:large, max-video-preview:-1\" \/>\n<link rel=\"canonical\" href=\"https:\/\/patagoniambiental.com.ar\/info\/se-redujeron-a-dos-las-provincias-con-incendios-forestales-activos\/\" \/>\n<meta property=\"og:locale\" content=\"es_ES\" \/>\n<meta property=\"og:type\" content=\"article\" \/>\n<meta property=\"og:title\" content=\"Se redujeron a dos las provincias con incendios forestales activos\" \/>\n<meta property=\"og:description\" content=\"Se trata de Catamarca y R\u00edo Negro. En esta \u00faltima, adem\u00e1s uno de los focos fue extinguido.\" \/>\n<meta property=\"og:url\" content=\"https:\/\/patagoniambiental.com.ar\/info\/se-redujeron-a-dos-las-provincias-con-incendios-forestales-activos\/\" \/>\n<meta property=\"og:site_name\" content=\"Patagonia Ambiental\" \/>\n<meta property=\"article:publisher\" content=\"https:\/\/www.facebook.com\/patagonia.ambiental\" \/>\n<meta property=\"article:published_time\" content=\"2021-01-29T10:00:38+00:00\" \/>\n<meta property=\"article:modified_time\" content=\"2021-01-29T11:59:49+00:00\" \/>\n<meta property=\"og:image\" content=\"https:\/\/patagoniambiental.com.ar\/info\/wp-content\/uploads\/2021\/01\/whatsapp-image-2021-01-28-at-18.15.36.jpeg\" \/>\n\t<meta property=\"og:image:width\" content=\"600\" \/>\n\t<meta property=\"og:image:height\" content=\"270\" \/>\n\t<meta property=\"og:image:type\" content=\"image\/jpeg\" \/>\n<meta name=\"author\" content=\"BRAIAN ESTEVEZ\" \/>\n<meta name=\"twitter:card\" content=\"summary_large_image\" \/>\n<meta name=\"twitter:creator\" content=\"@PatAmb\" \/>\n<meta name=\"twitter:site\" content=\"@PatAmb\" \/>\n<script type=\"application\/ld+json\" class=\"yoast-schema-graph\">{\"@context\":\"https:\\\/\\\/schema.org\",\"@graph\":[{\"@type\":\"Article\",\"@id\":\"https:\\\/\\\/patagoniambiental.com.ar\\\/info\\\/se-redujeron-a-dos-las-provincias-con-incendios-forestales-activos\\\/#article\",\"isPartOf\":{\"@id\":\"https:\\\/\\\/patagoniambiental.com.ar\\\/info\\\/se-redujeron-a-dos-las-provincias-con-incendios-forestales-activos\\\/\"},\"author\":{\"name\":\"BRAIAN ESTEVEZ\",\"@id\":\"https:\\\/\\\/patagoniambiental.com.ar\\\/info\\\/#\\\/schema\\\/person\\\/e5af09d700b2e82cb10c6b8800e0c691\"},\"headline\":\"Se redujeron a dos las provincias con incendios forestales activos\",\"datePublished\":\"2021-01-29T10:00:38+00:00\",\"dateModified\":\"2021-01-29T11:59:49+00:00\",\"mainEntityOfPage\":{\"@id\":\"https:\\\/\\\/patagoniambiental.com.ar\\\/info\\\/se-redujeron-a-dos-las-provincias-con-incendios-forestales-activos\\\/\"},\"wordCount\":316,\"commentCount\":0,\"publisher\":{\"@id\":\"https:\\\/\\\/patagoniambiental.com.ar\\\/info\\\/#organization\"},\"image\":{\"@id\":\"https:\\\/\\\/patagoniambiental.com.ar\\\/info\\\/se-redujeron-a-dos-las-provincias-con-incendios-forestales-activos\\\/#primaryimage\"},\"thumbnailUrl\":\"https:\\\/\\\/patagoniambiental.com.ar\\\/info\\\/wp-content\\\/uploads\\\/2021\\\/01\\\/whatsapp-image-2021-01-28-at-18.15.36.jpeg\",\"articleSection\":[\"Bolet\u00edn\",\"Nacionales\",\"Noticias\",\"Rotador\"],\"inLanguage\":\"es\",\"potentialAction\":[{\"@type\":\"CommentAction\",\"name\":\"Comment\",\"target\":[\"https:\\\/\\\/patagoniambiental.com.ar\\\/info\\\/se-redujeron-a-dos-las-provincias-con-incendios-forestales-activos\\\/#respond\"]}]},{\"@type\":\"WebPage\",\"@id\":\"https:\\\/\\\/patagoniambiental.com.ar\\\/info\\\/se-redujeron-a-dos-las-provincias-con-incendios-forestales-activos\\\/\",\"url\":\"https:\\\/\\\/patagoniambiental.com.ar\\\/info\\\/se-redujeron-a-dos-las-provincias-con-incendios-forestales-activos\\\/\",\"name\":\"Se redujeron a dos las provincias con incendios forestales activos\",\"isPartOf\":{\"@id\":\"https:\\\/\\\/patagoniambiental.com.ar\\\/info\\\/#website\"},\"primaryImageOfPage\":{\"@id\":\"https:\\\/\\\/patagoniambiental.com.ar\\\/info\\\/se-redujeron-a-dos-las-provincias-con-incendios-forestales-activos\\\/#primaryimage\"},\"image\":{\"@id\":\"https:\\\/\\\/patagoniambiental.com.ar\\\/info\\\/se-redujeron-a-dos-las-provincias-con-incendios-forestales-activos\\\/#primaryimage\"},\"thumbnailUrl\":\"https:\\\/\\\/patagoniambiental.com.ar\\\/info\\\/wp-content\\\/uploads\\\/2021\\\/01\\\/whatsapp-image-2021-01-28-at-18.15.36.jpeg\",\"datePublished\":\"2021-01-29T10:00:38+00:00\",\"dateModified\":\"2021-01-29T11:59:49+00:00\",\"breadcrumb\":{\"@id\":\"https:\\\/\\\/patagoniambiental.com.ar\\\/info\\\/se-redujeron-a-dos-las-provincias-con-incendios-forestales-activos\\\/#breadcrumb\"},\"inLanguage\":\"es\",\"potentialAction\":[{\"@type\":\"ReadAction\",\"target\":[\"https:\\\/\\\/patagoniambiental.com.ar\\\/info\\\/se-redujeron-a-dos-las-provincias-con-incendios-forestales-activos\\\/\"]}]},{\"@type\":\"ImageObject\",\"inLanguage\":\"es\",\"@id\":\"https:\\\/\\\/patagoniambiental.com.ar\\\/info\\\/se-redujeron-a-dos-las-provincias-con-incendios-forestales-activos\\\/#primaryimage\",\"url\":\"https:\\\/\\\/patagoniambiental.com.ar\\\/info\\\/wp-content\\\/uploads\\\/2021\\\/01\\\/whatsapp-image-2021-01-28-at-18.15.36.jpeg\",\"contentUrl\":\"https:\\\/\\\/patagoniambiental.com.ar\\\/info\\\/wp-content\\\/uploads\\\/2021\\\/01\\\/whatsapp-image-2021-01-28-at-18.15.36.jpeg\",\"width\":600,\"height\":270},{\"@type\":\"BreadcrumbList\",\"@id\":\"https:\\\/\\\/patagoniambiental.com.ar\\\/info\\\/se-redujeron-a-dos-las-provincias-con-incendios-forestales-activos\\\/#breadcrumb\",\"itemListElement\":[{\"@type\":\"ListItem\",\"position\":1,\"name\":\"Inicio\",\"item\":\"https:\\\/\\\/patagoniambiental.com.ar\\\/info\\\/\"},{\"@type\":\"ListItem\",\"position\":2,\"name\":\"Se redujeron a dos las provincias con incendios forestales activos\"}]},{\"@type\":\"WebSite\",\"@id\":\"https:\\\/\\\/patagoniambiental.com.ar\\\/info\\\/#website\",\"url\":\"https:\\\/\\\/patagoniambiental.com.ar\\\/info\\\/\",\"name\":\"Patagonia Ambiental\",\"description\":\"Monitoreo y an\u00e1lisis de la situaci\u00f3n geopol\u00edtica en el mundo y su implicancia en la Patagonia\",\"publisher\":{\"@id\":\"https:\\\/\\\/patagoniambiental.com.ar\\\/info\\\/#organization\"},\"potentialAction\":[{\"@type\":\"SearchAction\",\"target\":{\"@type\":\"EntryPoint\",\"urlTemplate\":\"https:\\\/\\\/patagoniambiental.com.ar\\\/info\\\/?s={search_term_string}\"},\"query-input\":{\"@type\":\"PropertyValueSpecification\",\"valueRequired\":true,\"valueName\":\"search_term_string\"}}],\"inLanguage\":\"es\"},{\"@type\":\"Organization\",\"@id\":\"https:\\\/\\\/patagoniambiental.com.ar\\\/info\\\/#organization\",\"name\":\"Patagonia Ambiental\",\"url\":\"https:\\\/\\\/patagoniambiental.com.ar\\\/info\\\/\",\"logo\":{\"@type\":\"ImageObject\",\"inLanguage\":\"es\",\"@id\":\"https:\\\/\\\/patagoniambiental.com.ar\\\/info\\\/#\\\/schema\\\/logo\\\/image\\\/\",\"url\":\"https:\\\/\\\/patagoniambiental.com.ar\\\/info\\\/wp-content\\\/uploads\\\/2025\\\/05\\\/LOGO-PATAGONIA-AMBIENTAL.png\",\"contentUrl\":\"https:\\\/\\\/patagoniambiental.com.ar\\\/info\\\/wp-content\\\/uploads\\\/2025\\\/05\\\/LOGO-PATAGONIA-AMBIENTAL.png\",\"width\":433,\"height\":250,\"caption\":\"Patagonia Ambiental\"},\"image\":{\"@id\":\"https:\\\/\\\/patagoniambiental.com.ar\\\/info\\\/#\\\/schema\\\/logo\\\/image\\\/\"},\"sameAs\":[\"https:\\\/\\\/www.facebook.com\\\/patagonia.ambiental\",\"https:\\\/\\\/x.com\\\/PatAmb\"]},{\"@type\":\"Person\",\"@id\":\"https:\\\/\\\/patagoniambiental.com.ar\\\/info\\\/#\\\/schema\\\/person\\\/e5af09d700b2e82cb10c6b8800e0c691\",\"name\":\"BRAIAN ESTEVEZ\",\"sameAs\":[\"http:\\\/\\\/www.patagoniambiental.com.ar\"]}]}<\/script>\n<!-- \/ Yoast SEO Premium plugin. -->","yoast_head_json":{"title":"Se redujeron a dos las provincias con incendios forestales activos","robots":{"index":"index","follow":"follow","max-snippet":"max-snippet:-1","max-image-preview":"max-image-preview:large","max-video-preview":"max-video-preview:-1"},"canonical":"https:\/\/patagoniambiental.com.ar\/info\/se-redujeron-a-dos-las-provincias-con-incendios-forestales-activos\/","og_locale":"es_ES","og_type":"article","og_title":"Se redujeron a dos las provincias con incendios forestales activos","og_description":"Se trata de Catamarca y R\u00edo Negro. En esta \u00faltima, adem\u00e1s uno de los focos fue extinguido.","og_url":"https:\/\/patagoniambiental.com.ar\/info\/se-redujeron-a-dos-las-provincias-con-incendios-forestales-activos\/","og_site_name":"Patagonia Ambiental","article_publisher":"https:\/\/www.facebook.com\/patagonia.ambiental","article_published_time":"2021-01-29T10:00:38+00:00","article_modified_time":"2021-01-29T11:59:49+00:00","og_image":[{"width":600,"height":270,"url":"https:\/\/patagoniambiental.com.ar\/info\/wp-content\/uploads\/2021\/01\/whatsapp-image-2021-01-28-at-18.15.36.jpeg","type":"image\/jpeg"}],"author":"BRAIAN ESTEVEZ","twitter_card":"summary_large_image","twitter_creator":"@PatAmb","twitter_site":"@PatAmb","schema":{"@context":"https:\/\/schema.org","@graph":[{"@type":"Article","@id":"https:\/\/patagoniambiental.com.ar\/info\/se-redujeron-a-dos-las-provincias-con-incendios-forestales-activos\/#article","isPartOf":{"@id":"https:\/\/patagoniambiental.com.ar\/info\/se-redujeron-a-dos-las-provincias-con-incendios-forestales-activos\/"},"author":{"name":"BRAIAN ESTEVEZ","@id":"https:\/\/patagoniambiental.com.ar\/info\/#\/schema\/person\/e5af09d700b2e82cb10c6b8800e0c691"},"headline":"Se redujeron a dos las provincias con incendios forestales activos","datePublished":"2021-01-29T10:00:38+00:00","dateModified":"2021-01-29T11:59:49+00:00","mainEntityOfPage":{"@id":"https:\/\/patagoniambiental.com.ar\/info\/se-redujeron-a-dos-las-provincias-con-incendios-forestales-activos\/"},"wordCount":316,"commentCount":0,"publisher":{"@id":"https:\/\/patagoniambiental.com.ar\/info\/#organization"},"image":{"@id":"https:\/\/patagoniambiental.com.ar\/info\/se-redujeron-a-dos-las-provincias-con-incendios-forestales-activos\/#primaryimage"},"thumbnailUrl":"https:\/\/patagoniambiental.com.ar\/info\/wp-content\/uploads\/2021\/01\/whatsapp-image-2021-01-28-at-18.15.36.jpeg","articleSection":["Bolet\u00edn","Nacionales","Noticias","Rotador"],"inLanguage":"es","potentialAction":[{"@type":"CommentAction","name":"Comment","target":["https:\/\/patagoniambiental.com.ar\/info\/se-redujeron-a-dos-las-provincias-con-incendios-forestales-activos\/#respond"]}]},{"@type":"WebPage","@id":"https:\/\/patagoniambiental.com.ar\/info\/se-redujeron-a-dos-las-provincias-con-incendios-forestales-activos\/","url":"https:\/\/patagoniambiental.com.ar\/info\/se-redujeron-a-dos-las-provincias-con-incendios-forestales-activos\/","name":"Se redujeron a dos las provincias con incendios forestales activos","isPartOf":{"@id":"https:\/\/patagoniambiental.com.ar\/info\/#website"},"primaryImageOfPage":{"@id":"https:\/\/patagoniambiental.com.ar\/info\/se-redujeron-a-dos-las-provincias-con-incendios-forestales-activos\/#primaryimage"},"image":{"@id":"https:\/\/patagoniambiental.com.ar\/info\/se-redujeron-a-dos-las-provincias-con-incendios-forestales-activos\/#primaryimage"},"thumbnailUrl":"https:\/\/patagoniambiental.com.ar\/info\/wp-content\/uploads\/2021\/01\/whatsapp-image-2021-01-28-at-18.15.36.jpeg","datePublished":"2021-01-29T10:00:38+00:00","dateModified":"2021-01-29T11:59:49+00:00","breadcrumb":{"@id":"https:\/\/patagoniambiental.com.ar\/info\/se-redujeron-a-dos-las-provincias-con-incendios-forestales-activos\/#breadcrumb"},"inLanguage":"es","potentialAction":[{"@type":"ReadAction","target":["https:\/\/patagoniambiental.com.ar\/info\/se-redujeron-a-dos-las-provincias-con-incendios-forestales-activos\/"]}]},{"@type":"ImageObject","inLanguage":"es","@id":"https:\/\/patagoniambiental.com.ar\/info\/se-redujeron-a-dos-las-provincias-con-incendios-forestales-activos\/#primaryimage","url":"https:\/\/patagoniambiental.com.ar\/info\/wp-content\/uploads\/2021\/01\/whatsapp-image-2021-01-28-at-18.15.36.jpeg","contentUrl":"https:\/\/patagoniambiental.com.ar\/info\/wp-content\/uploads\/2021\/01\/whatsapp-image-2021-01-28-at-18.15.36.jpeg","width":600,"height":270},{"@type":"BreadcrumbList","@id":"https:\/\/patagoniambiental.com.ar\/info\/se-redujeron-a-dos-las-provincias-con-incendios-forestales-activos\/#breadcrumb","itemListElement":[{"@type":"ListItem","position":1,"name":"Inicio","item":"https:\/\/patagoniambiental.com.ar\/info\/"},{"@type":"ListItem","position":2,"name":"Se redujeron a dos las provincias con incendios forestales activos"}]},{"@type":"WebSite","@id":"https:\/\/patagoniambiental.com.ar\/info\/#website","url":"https:\/\/patagoniambiental.com.ar\/info\/","name":"Patagonia Ambiental","description":"Monitoreo y an\u00e1lisis de la situaci\u00f3n geopol\u00edtica en el mundo y su implicancia en la Patagonia","publisher":{"@id":"https:\/\/patagoniambiental.com.ar\/info\/#organization"},"potentialAction":[{"@type":"SearchAction","target":{"@type":"EntryPoint","urlTemplate":"https:\/\/patagoniambiental.com.ar\/info\/?s={search_term_string}"},"query-input":{"@type":"PropertyValueSpecification","valueRequired":true,"valueName":"search_term_string"}}],"inLanguage":"es"},{"@type":"Organization","@id":"https:\/\/patagoniambiental.com.ar\/info\/#organization","name":"Patagonia Ambiental","url":"https:\/\/patagoniambiental.com.ar\/info\/","logo":{"@type":"ImageObject","inLanguage":"es","@id":"https:\/\/patagoniambiental.com.ar\/info\/#\/schema\/logo\/image\/","url":"https:\/\/patagoniambiental.com.ar\/info\/wp-content\/uploads\/2025\/05\/LOGO-PATAGONIA-AMBIENTAL.png","contentUrl":"https:\/\/patagoniambiental.com.ar\/info\/wp-content\/uploads\/2025\/05\/LOGO-PATAGONIA-AMBIENTAL.png","width":433,"height":250,"caption":"Patagonia Ambiental"},"image":{"@id":"https:\/\/patagoniambiental.com.ar\/info\/#\/schema\/logo\/image\/"},"sameAs":["https:\/\/www.facebook.com\/patagonia.ambiental","https:\/\/x.com\/PatAmb"]},{"@type":"Person","@id":"https:\/\/patagoniambiental.com.ar\/info\/#\/schema\/person\/e5af09d700b2e82cb10c6b8800e0c691","name":"BRAIAN ESTEVEZ","sameAs":["http:\/\/www.patagoniambiental.com.ar"]}]}},"_links":{"self":[{"href":"https:\/\/patagoniambiental.com.ar\/info\/wp-json\/wp\/v2\/posts\/70723","targetHints":{"allow":["GET"]}}],"collection":[{"href":"https:\/\/patagoniambiental.com.ar\/info\/wp-json\/wp\/v2\/posts"}],"about":[{"href":"https:\/\/patagoniambiental.com.ar\/info\/wp-json\/wp\/v2\/types\/post"}],"author":[{"embeddable":true,"href":"https:\/\/patagoniambiental.com.ar\/info\/wp-json\/wp\/v2\/users\/6"}],"replies":[{"embeddable":true,"href":"https:\/\/patagoniambiental.com.ar\/info\/wp-json\/wp\/v2\/comments?post=70723"}],"version-history":[{"count":0,"href":"https:\/\/patagoniambiental.com.ar\/info\/wp-json\/wp\/v2\/posts\/70723\/revisions"}],"wp:featuredmedia":[{"embeddable":true,"href":"https:\/\/patagoniambiental.com.ar\/info\/wp-json\/wp\/v2\/media\/70724"}],"wp:attachment":[{"href":"https:\/\/patagoniambiental.com.ar\/info\/wp-json\/wp\/v2\/media?parent=70723"}],"wp:term":[{"taxonomy":"category","embeddable":true,"href":"https:\/\/patagoniambiental.com.ar\/info\/wp-json\/wp\/v2\/categories?post=70723"},{"taxonomy":"post_tag","embeddable":true,"href":"https:\/\/patagoniambiental.com.ar\/info\/wp-json\/wp\/v2\/tags?post=70723"}],"curies":[{"name":"wp","href":"https:\/\/api.w.org\/{rel}","templated":true}]}}