{"id":70796,"date":"2021-02-03T16:59:24","date_gmt":"2021-02-03T19:59:24","guid":{"rendered":"http:\/\/patagoniambiental.com.ar\/info\/?p=70796"},"modified":"2021-02-03T16:59:24","modified_gmt":"2021-02-03T19:59:24","slug":"ambiente-de-nacion-y-la-untf-colaboraran-en-la-produccion-de-datos-ambientales-cientificos","status":"publish","type":"post","link":"https:\/\/patagoniambiental.com.ar\/info\/ambiente-de-nacion-y-la-untf-colaboraran-en-la-produccion-de-datos-ambientales-cientificos\/","title":{"rendered":"Ambiente de Naci\u00f3n y la UNTF colaborar\u00e1n en la producci\u00f3n de datos ambientales cient\u00edficos"},"content":{"rendered":"<header class=\"post-image\">\n<div class=\"fimg-wrapper fimg-cl\">\n<div class=\"featured-image\">\n<div class=\"fimg-inner\">\n<div class=\"vm-wrapper\">\n<div class=\"vm-middle\">\n<p><em>El Ministerio de Ambiente y Desarrollo Sostenible y la Universidad Nacional de Tierra del Fuego, Ant\u00e1rtida e Islas del Atl\u00e1ntico Sur (UNTDF) suscribieron un convenio marco con el fin de llevar adelante acciones de cooperaci\u00f3n, capacitaci\u00f3n, complementaci\u00f3n en proyectos, intercambio de informaci\u00f3n cient\u00edfica y t\u00e9cnica.<\/em><\/p>\n<\/div>\n<\/div>\n<\/div>\n<\/div>\n<\/div>\n<\/header>\n<p><!--more--><\/p>\n<section class=\"post-content\"><em><img decoding=\"async\" src=\"https:\/\/i0.wp.com\/elrompehielos.com.ar\/wp-content\/uploads\/2021\/02\/Cristina-Ruiz-del-Ferrier.jpeg?resize=768%2C506&amp;#038;ssl=1\" \/><\/em><br \/>\nEl acuerdo intentar\u00e1 promover la colaboraci\u00f3n rec\u00edproca en temas como la educaci\u00f3n ambiental, el Centro de Informaci\u00f3n Ambiental (CIAM) de la cartera nacional, los residuos s\u00f3lidos urbanos, los residuos electr\u00f3nicos, aguas, glaciares y ecosistemas acu\u00e1ticos, entre otros. A tales fines, se prev\u00e9 contar con bases cient\u00edficas y la participaci\u00f3n de la Universidad con fuerte anclaje territorial.<\/p>\n<figure class=\"wp-block-image size-large\"><a href=\"https:\/\/elrompehielos.com.ar\/\"><img fetchpriority=\"high\" decoding=\"async\" class=\"wp-image-57878\" src=\"https:\/\/i0.wp.com\/elrompehielos.com.ar\/wp-content\/uploads\/2020\/04\/LINK-HOME-EL-ROMPE.jpeg?resize=750%2C500&amp;ssl=1\" alt=\"EL ROMPEHIELOS\" width=\"750\" height=\"500\" data-recalc-dims=\"1\" \/><\/a><\/figure>\n<p>El convenio fue suscripto por la subsecretaria Interjurisdiccional e Interinstitucional, Cristina Ruiz del Ferrier, en representaci\u00f3n de la cartera Nacional, y por el rector de Universidad, Juan Castelucci.<\/p>\n<p>Conectados por videoconferencia, tambi\u00e9n participaron Mauro P\u00e9rez Toscani, secretario de Ambiente y Desarrollo Sustentable de la Municipalidad de Ushuaia, y Walter Bogado, secretario de Ciencia y Tecnolog\u00eda de la UNTDF.<\/p>\n<p><em>\u201cNos parece fundamental la firma de este acuerdo. A continuaci\u00f3n, seguiremos articulando con la Universidad para avanzar en las actas complementarias\u201d,<\/em>\u00a0puntualiz\u00f3 Ruiz del Ferrier.<\/p>\n<p>Fuente: argentina.gob.ar<\/p>\n<\/section>\n","protected":false},"excerpt":{"rendered":"<p>El Ministerio de Ambiente y Desarrollo Sostenible y la Universidad Nacional de Tierra del Fuego, Ant\u00e1rtida e Islas del Atl\u00e1ntico [&hellip;]<\/p>\n","protected":false},"author":6,"featured_media":70797,"comment_status":"open","ping_status":"open","sticky":false,"template":"","format":"standard","meta":{"site-sidebar-layout":"default","site-content-layout":"","ast-site-content-layout":"default","site-content-style":"default","site-sidebar-style":"default","ast-global-header-display":"","ast-banner-title-visibility":"","ast-main-header-display":"","ast-hfb-above-header-display":"","ast-hfb-below-header-display":"","ast-hfb-mobile-header-display":"","site-post-title":"","ast-breadcrumbs-content":"","ast-featured-img":"","footer-sml-layout":"","ast-disable-related-posts":"","theme-transparent-header-meta":"","adv-header-id-meta":"","stick-header-meta":"","header-above-stick-meta":"","header-main-stick-meta":"","header-below-stick-meta":"","astra-migrate-meta-layouts":"default","ast-page-background-enabled":"default","ast-page-background-meta":{"desktop":{"background-color":"var(--ast-global-color-5)","background-image":"","background-repeat":"repeat","background-position":"center center","background-size":"auto","background-attachment":"scroll","background-type":"","background-media":"","overlay-type":"","overlay-color":"","overlay-opacity":"","overlay-gradient":""},"tablet":{"background-color":"","background-image":"","background-repeat":"repeat","background-position":"center center","background-size":"auto","background-attachment":"scroll","background-type":"","background-media":"","overlay-type":"","overlay-color":"","overlay-opacity":"","overlay-gradient":""},"mobile":{"background-color":"","background-image":"","background-repeat":"repeat","background-position":"center center","background-size":"auto","background-attachment":"scroll","background-type":"","background-media":"","overlay-type":"","overlay-color":"","overlay-opacity":"","overlay-gradient":""}},"ast-content-background-meta":{"desktop":{"background-color":"var(--ast-global-color-4)","background-image":"","background-repeat":"repeat","background-position":"center center","background-size":"auto","background-attachment":"scroll","background-type":"","background-media":"","overlay-type":"","overlay-color":"","overlay-opacity":"","overlay-gradient":""},"tablet":{"background-color":"var(--ast-global-color-4)","background-image":"","background-repeat":"repeat","background-position":"center center","background-size":"auto","background-attachment":"scroll","background-type":"","background-media":"","overlay-type":"","overlay-color":"","overlay-opacity":"","overlay-gradient":""},"mobile":{"background-color":"var(--ast-global-color-4)","background-image":"","background-repeat":"repeat","background-position":"center center","background-size":"auto","background-attachment":"scroll","background-type":"","background-media":"","overlay-type":"","overlay-color":"","overlay-opacity":"","overlay-gradient":""}},"footnotes":""},"categories":[1,13,25],"tags":[],"class_list":["post-70796","post","type-post","status-publish","format-standard","has-post-thumbnail","hentry","category-noticias","category-provinciales","category-tierra-del-fuego"],"yoast_head":"<!-- This site is optimized with the Yoast SEO Premium plugin v23.0 (Yoast SEO v27.4) - https:\/\/yoast.com\/product\/yoast-seo-premium-wordpress\/ -->\n<title>Ambiente de Naci\u00f3n y la UNTF colaborar\u00e1n en la producci\u00f3n de datos ambientales cient\u00edficos<\/title>\n<meta name=\"robots\" content=\"index, follow, max-snippet:-1, max-image-preview:large, max-video-preview:-1\" \/>\n<link rel=\"canonical\" href=\"https:\/\/patagoniambiental.com.ar\/info\/ambiente-de-nacion-y-la-untf-colaboraran-en-la-produccion-de-datos-ambientales-cientificos\/\" \/>\n<meta property=\"og:locale\" content=\"es_ES\" \/>\n<meta property=\"og:type\" content=\"article\" \/>\n<meta property=\"og:title\" content=\"Ambiente de Naci\u00f3n y la UNTF colaborar\u00e1n en la producci\u00f3n de datos ambientales cient\u00edficos\" \/>\n<meta property=\"og:description\" content=\"El Ministerio de Ambiente y Desarrollo Sostenible y la Universidad Nacional de Tierra del Fuego, Ant\u00e1rtida e Islas del Atl\u00e1ntico [&hellip;]\" \/>\n<meta property=\"og:url\" content=\"https:\/\/patagoniambiental.com.ar\/info\/ambiente-de-nacion-y-la-untf-colaboraran-en-la-produccion-de-datos-ambientales-cientificos\/\" \/>\n<meta property=\"og:site_name\" content=\"Patagonia Ambiental\" \/>\n<meta property=\"article:publisher\" content=\"https:\/\/www.facebook.com\/patagonia.ambiental\" \/>\n<meta property=\"article:published_time\" content=\"2021-02-03T19:59:24+00:00\" \/>\n<meta property=\"og:image\" content=\"https:\/\/patagoniambiental.com.ar\/info\/wp-content\/uploads\/2021\/02\/Cristina-Ruiz-del-Ferrier.jpeg\" \/>\n\t<meta property=\"og:image:width\" content=\"768\" \/>\n\t<meta property=\"og:image:height\" content=\"506\" \/>\n\t<meta property=\"og:image:type\" content=\"image\/jpeg\" \/>\n<meta name=\"author\" content=\"BRAIAN ESTEVEZ\" \/>\n<meta name=\"twitter:card\" content=\"summary_large_image\" \/>\n<meta name=\"twitter:creator\" content=\"@PatAmb\" \/>\n<meta name=\"twitter:site\" content=\"@PatAmb\" \/>\n<script type=\"application\/ld+json\" class=\"yoast-schema-graph\">{\"@context\":\"https:\\\/\\\/schema.org\",\"@graph\":[{\"@type\":\"Article\",\"@id\":\"https:\\\/\\\/patagoniambiental.com.ar\\\/info\\\/ambiente-de-nacion-y-la-untf-colaboraran-en-la-produccion-de-datos-ambientales-cientificos\\\/#article\",\"isPartOf\":{\"@id\":\"https:\\\/\\\/patagoniambiental.com.ar\\\/info\\\/ambiente-de-nacion-y-la-untf-colaboraran-en-la-produccion-de-datos-ambientales-cientificos\\\/\"},\"author\":{\"name\":\"BRAIAN ESTEVEZ\",\"@id\":\"https:\\\/\\\/patagoniambiental.com.ar\\\/info\\\/#\\\/schema\\\/person\\\/e5af09d700b2e82cb10c6b8800e0c691\"},\"headline\":\"Ambiente de Naci\u00f3n y la UNTF colaborar\u00e1n en la producci\u00f3n de datos ambientales cient\u00edficos\",\"datePublished\":\"2021-02-03T19:59:24+00:00\",\"mainEntityOfPage\":{\"@id\":\"https:\\\/\\\/patagoniambiental.com.ar\\\/info\\\/ambiente-de-nacion-y-la-untf-colaboraran-en-la-produccion-de-datos-ambientales-cientificos\\\/\"},\"wordCount\":228,\"commentCount\":0,\"publisher\":{\"@id\":\"https:\\\/\\\/patagoniambiental.com.ar\\\/info\\\/#organization\"},\"image\":{\"@id\":\"https:\\\/\\\/patagoniambiental.com.ar\\\/info\\\/ambiente-de-nacion-y-la-untf-colaboraran-en-la-produccion-de-datos-ambientales-cientificos\\\/#primaryimage\"},\"thumbnailUrl\":\"https:\\\/\\\/patagoniambiental.com.ar\\\/info\\\/wp-content\\\/uploads\\\/2021\\\/02\\\/Cristina-Ruiz-del-Ferrier.jpeg\",\"articleSection\":[\"Noticias\",\"Provinciales\",\"Tierra del Fuego\"],\"inLanguage\":\"es\",\"potentialAction\":[{\"@type\":\"CommentAction\",\"name\":\"Comment\",\"target\":[\"https:\\\/\\\/patagoniambiental.com.ar\\\/info\\\/ambiente-de-nacion-y-la-untf-colaboraran-en-la-produccion-de-datos-ambientales-cientificos\\\/#respond\"]}]},{\"@type\":\"WebPage\",\"@id\":\"https:\\\/\\\/patagoniambiental.com.ar\\\/info\\\/ambiente-de-nacion-y-la-untf-colaboraran-en-la-produccion-de-datos-ambientales-cientificos\\\/\",\"url\":\"https:\\\/\\\/patagoniambiental.com.ar\\\/info\\\/ambiente-de-nacion-y-la-untf-colaboraran-en-la-produccion-de-datos-ambientales-cientificos\\\/\",\"name\":\"Ambiente de Naci\u00f3n y la UNTF colaborar\u00e1n en la producci\u00f3n de datos ambientales cient\u00edficos\",\"isPartOf\":{\"@id\":\"https:\\\/\\\/patagoniambiental.com.ar\\\/info\\\/#website\"},\"primaryImageOfPage\":{\"@id\":\"https:\\\/\\\/patagoniambiental.com.ar\\\/info\\\/ambiente-de-nacion-y-la-untf-colaboraran-en-la-produccion-de-datos-ambientales-cientificos\\\/#primaryimage\"},\"image\":{\"@id\":\"https:\\\/\\\/patagoniambiental.com.ar\\\/info\\\/ambiente-de-nacion-y-la-untf-colaboraran-en-la-produccion-de-datos-ambientales-cientificos\\\/#primaryimage\"},\"thumbnailUrl\":\"https:\\\/\\\/patagoniambiental.com.ar\\\/info\\\/wp-content\\\/uploads\\\/2021\\\/02\\\/Cristina-Ruiz-del-Ferrier.jpeg\",\"datePublished\":\"2021-02-03T19:59:24+00:00\",\"breadcrumb\":{\"@id\":\"https:\\\/\\\/patagoniambiental.com.ar\\\/info\\\/ambiente-de-nacion-y-la-untf-colaboraran-en-la-produccion-de-datos-ambientales-cientificos\\\/#breadcrumb\"},\"inLanguage\":\"es\",\"potentialAction\":[{\"@type\":\"ReadAction\",\"target\":[\"https:\\\/\\\/patagoniambiental.com.ar\\\/info\\\/ambiente-de-nacion-y-la-untf-colaboraran-en-la-produccion-de-datos-ambientales-cientificos\\\/\"]}]},{\"@type\":\"ImageObject\",\"inLanguage\":\"es\",\"@id\":\"https:\\\/\\\/patagoniambiental.com.ar\\\/info\\\/ambiente-de-nacion-y-la-untf-colaboraran-en-la-produccion-de-datos-ambientales-cientificos\\\/#primaryimage\",\"url\":\"https:\\\/\\\/patagoniambiental.com.ar\\\/info\\\/wp-content\\\/uploads\\\/2021\\\/02\\\/Cristina-Ruiz-del-Ferrier.jpeg\",\"contentUrl\":\"https:\\\/\\\/patagoniambiental.com.ar\\\/info\\\/wp-content\\\/uploads\\\/2021\\\/02\\\/Cristina-Ruiz-del-Ferrier.jpeg\",\"width\":768,\"height\":506},{\"@type\":\"BreadcrumbList\",\"@id\":\"https:\\\/\\\/patagoniambiental.com.ar\\\/info\\\/ambiente-de-nacion-y-la-untf-colaboraran-en-la-produccion-de-datos-ambientales-cientificos\\\/#breadcrumb\",\"itemListElement\":[{\"@type\":\"ListItem\",\"position\":1,\"name\":\"Inicio\",\"item\":\"https:\\\/\\\/patagoniambiental.com.ar\\\/info\\\/\"},{\"@type\":\"ListItem\",\"position\":2,\"name\":\"Ambiente de Naci\u00f3n y la UNTF colaborar\u00e1n en la producci\u00f3n de datos ambientales cient\u00edficos\"}]},{\"@type\":\"WebSite\",\"@id\":\"https:\\\/\\\/patagoniambiental.com.ar\\\/info\\\/#website\",\"url\":\"https:\\\/\\\/patagoniambiental.com.ar\\\/info\\\/\",\"name\":\"Patagonia Ambiental\",\"description\":\"Monitoreo y an\u00e1lisis de la situaci\u00f3n geopol\u00edtica en el mundo y su implicancia en la Patagonia\",\"publisher\":{\"@id\":\"https:\\\/\\\/patagoniambiental.com.ar\\\/info\\\/#organization\"},\"potentialAction\":[{\"@type\":\"SearchAction\",\"target\":{\"@type\":\"EntryPoint\",\"urlTemplate\":\"https:\\\/\\\/patagoniambiental.com.ar\\\/info\\\/?s={search_term_string}\"},\"query-input\":{\"@type\":\"PropertyValueSpecification\",\"valueRequired\":true,\"valueName\":\"search_term_string\"}}],\"inLanguage\":\"es\"},{\"@type\":\"Organization\",\"@id\":\"https:\\\/\\\/patagoniambiental.com.ar\\\/info\\\/#organization\",\"name\":\"Patagonia Ambiental\",\"url\":\"https:\\\/\\\/patagoniambiental.com.ar\\\/info\\\/\",\"logo\":{\"@type\":\"ImageObject\",\"inLanguage\":\"es\",\"@id\":\"https:\\\/\\\/patagoniambiental.com.ar\\\/info\\\/#\\\/schema\\\/logo\\\/image\\\/\",\"url\":\"https:\\\/\\\/patagoniambiental.com.ar\\\/info\\\/wp-content\\\/uploads\\\/2025\\\/05\\\/LOGO-PATAGONIA-AMBIENTAL.png\",\"contentUrl\":\"https:\\\/\\\/patagoniambiental.com.ar\\\/info\\\/wp-content\\\/uploads\\\/2025\\\/05\\\/LOGO-PATAGONIA-AMBIENTAL.png\",\"width\":433,\"height\":250,\"caption\":\"Patagonia Ambiental\"},\"image\":{\"@id\":\"https:\\\/\\\/patagoniambiental.com.ar\\\/info\\\/#\\\/schema\\\/logo\\\/image\\\/\"},\"sameAs\":[\"https:\\\/\\\/www.facebook.com\\\/patagonia.ambiental\",\"https:\\\/\\\/x.com\\\/PatAmb\"]},{\"@type\":\"Person\",\"@id\":\"https:\\\/\\\/patagoniambiental.com.ar\\\/info\\\/#\\\/schema\\\/person\\\/e5af09d700b2e82cb10c6b8800e0c691\",\"name\":\"BRAIAN ESTEVEZ\",\"sameAs\":[\"http:\\\/\\\/www.patagoniambiental.com.ar\"]}]}<\/script>\n<!-- \/ Yoast SEO Premium plugin. -->","yoast_head_json":{"title":"Ambiente de Naci\u00f3n y la UNTF colaborar\u00e1n en la producci\u00f3n de datos ambientales cient\u00edficos","robots":{"index":"index","follow":"follow","max-snippet":"max-snippet:-1","max-image-preview":"max-image-preview:large","max-video-preview":"max-video-preview:-1"},"canonical":"https:\/\/patagoniambiental.com.ar\/info\/ambiente-de-nacion-y-la-untf-colaboraran-en-la-produccion-de-datos-ambientales-cientificos\/","og_locale":"es_ES","og_type":"article","og_title":"Ambiente de Naci\u00f3n y la UNTF colaborar\u00e1n en la producci\u00f3n de datos ambientales cient\u00edficos","og_description":"El Ministerio de Ambiente y Desarrollo Sostenible y la Universidad Nacional de Tierra del Fuego, Ant\u00e1rtida e Islas del Atl\u00e1ntico [&hellip;]","og_url":"https:\/\/patagoniambiental.com.ar\/info\/ambiente-de-nacion-y-la-untf-colaboraran-en-la-produccion-de-datos-ambientales-cientificos\/","og_site_name":"Patagonia Ambiental","article_publisher":"https:\/\/www.facebook.com\/patagonia.ambiental","article_published_time":"2021-02-03T19:59:24+00:00","og_image":[{"width":768,"height":506,"url":"https:\/\/patagoniambiental.com.ar\/info\/wp-content\/uploads\/2021\/02\/Cristina-Ruiz-del-Ferrier.jpeg","type":"image\/jpeg"}],"author":"BRAIAN ESTEVEZ","twitter_card":"summary_large_image","twitter_creator":"@PatAmb","twitter_site":"@PatAmb","schema":{"@context":"https:\/\/schema.org","@graph":[{"@type":"Article","@id":"https:\/\/patagoniambiental.com.ar\/info\/ambiente-de-nacion-y-la-untf-colaboraran-en-la-produccion-de-datos-ambientales-cientificos\/#article","isPartOf":{"@id":"https:\/\/patagoniambiental.com.ar\/info\/ambiente-de-nacion-y-la-untf-colaboraran-en-la-produccion-de-datos-ambientales-cientificos\/"},"author":{"name":"BRAIAN ESTEVEZ","@id":"https:\/\/patagoniambiental.com.ar\/info\/#\/schema\/person\/e5af09d700b2e82cb10c6b8800e0c691"},"headline":"Ambiente de Naci\u00f3n y la UNTF colaborar\u00e1n en la producci\u00f3n de datos ambientales cient\u00edficos","datePublished":"2021-02-03T19:59:24+00:00","mainEntityOfPage":{"@id":"https:\/\/patagoniambiental.com.ar\/info\/ambiente-de-nacion-y-la-untf-colaboraran-en-la-produccion-de-datos-ambientales-cientificos\/"},"wordCount":228,"commentCount":0,"publisher":{"@id":"https:\/\/patagoniambiental.com.ar\/info\/#organization"},"image":{"@id":"https:\/\/patagoniambiental.com.ar\/info\/ambiente-de-nacion-y-la-untf-colaboraran-en-la-produccion-de-datos-ambientales-cientificos\/#primaryimage"},"thumbnailUrl":"https:\/\/patagoniambiental.com.ar\/info\/wp-content\/uploads\/2021\/02\/Cristina-Ruiz-del-Ferrier.jpeg","articleSection":["Noticias","Provinciales","Tierra del Fuego"],"inLanguage":"es","potentialAction":[{"@type":"CommentAction","name":"Comment","target":["https:\/\/patagoniambiental.com.ar\/info\/ambiente-de-nacion-y-la-untf-colaboraran-en-la-produccion-de-datos-ambientales-cientificos\/#respond"]}]},{"@type":"WebPage","@id":"https:\/\/patagoniambiental.com.ar\/info\/ambiente-de-nacion-y-la-untf-colaboraran-en-la-produccion-de-datos-ambientales-cientificos\/","url":"https:\/\/patagoniambiental.com.ar\/info\/ambiente-de-nacion-y-la-untf-colaboraran-en-la-produccion-de-datos-ambientales-cientificos\/","name":"Ambiente de Naci\u00f3n y la UNTF colaborar\u00e1n en la producci\u00f3n de datos ambientales cient\u00edficos","isPartOf":{"@id":"https:\/\/patagoniambiental.com.ar\/info\/#website"},"primaryImageOfPage":{"@id":"https:\/\/patagoniambiental.com.ar\/info\/ambiente-de-nacion-y-la-untf-colaboraran-en-la-produccion-de-datos-ambientales-cientificos\/#primaryimage"},"image":{"@id":"https:\/\/patagoniambiental.com.ar\/info\/ambiente-de-nacion-y-la-untf-colaboraran-en-la-produccion-de-datos-ambientales-cientificos\/#primaryimage"},"thumbnailUrl":"https:\/\/patagoniambiental.com.ar\/info\/wp-content\/uploads\/2021\/02\/Cristina-Ruiz-del-Ferrier.jpeg","datePublished":"2021-02-03T19:59:24+00:00","breadcrumb":{"@id":"https:\/\/patagoniambiental.com.ar\/info\/ambiente-de-nacion-y-la-untf-colaboraran-en-la-produccion-de-datos-ambientales-cientificos\/#breadcrumb"},"inLanguage":"es","potentialAction":[{"@type":"ReadAction","target":["https:\/\/patagoniambiental.com.ar\/info\/ambiente-de-nacion-y-la-untf-colaboraran-en-la-produccion-de-datos-ambientales-cientificos\/"]}]},{"@type":"ImageObject","inLanguage":"es","@id":"https:\/\/patagoniambiental.com.ar\/info\/ambiente-de-nacion-y-la-untf-colaboraran-en-la-produccion-de-datos-ambientales-cientificos\/#primaryimage","url":"https:\/\/patagoniambiental.com.ar\/info\/wp-content\/uploads\/2021\/02\/Cristina-Ruiz-del-Ferrier.jpeg","contentUrl":"https:\/\/patagoniambiental.com.ar\/info\/wp-content\/uploads\/2021\/02\/Cristina-Ruiz-del-Ferrier.jpeg","width":768,"height":506},{"@type":"BreadcrumbList","@id":"https:\/\/patagoniambiental.com.ar\/info\/ambiente-de-nacion-y-la-untf-colaboraran-en-la-produccion-de-datos-ambientales-cientificos\/#breadcrumb","itemListElement":[{"@type":"ListItem","position":1,"name":"Inicio","item":"https:\/\/patagoniambiental.com.ar\/info\/"},{"@type":"ListItem","position":2,"name":"Ambiente de Naci\u00f3n y la UNTF colaborar\u00e1n en la producci\u00f3n de datos ambientales cient\u00edficos"}]},{"@type":"WebSite","@id":"https:\/\/patagoniambiental.com.ar\/info\/#website","url":"https:\/\/patagoniambiental.com.ar\/info\/","name":"Patagonia Ambiental","description":"Monitoreo y an\u00e1lisis de la situaci\u00f3n geopol\u00edtica en el mundo y su implicancia en la Patagonia","publisher":{"@id":"https:\/\/patagoniambiental.com.ar\/info\/#organization"},"potentialAction":[{"@type":"SearchAction","target":{"@type":"EntryPoint","urlTemplate":"https:\/\/patagoniambiental.com.ar\/info\/?s={search_term_string}"},"query-input":{"@type":"PropertyValueSpecification","valueRequired":true,"valueName":"search_term_string"}}],"inLanguage":"es"},{"@type":"Organization","@id":"https:\/\/patagoniambiental.com.ar\/info\/#organization","name":"Patagonia Ambiental","url":"https:\/\/patagoniambiental.com.ar\/info\/","logo":{"@type":"ImageObject","inLanguage":"es","@id":"https:\/\/patagoniambiental.com.ar\/info\/#\/schema\/logo\/image\/","url":"https:\/\/patagoniambiental.com.ar\/info\/wp-content\/uploads\/2025\/05\/LOGO-PATAGONIA-AMBIENTAL.png","contentUrl":"https:\/\/patagoniambiental.com.ar\/info\/wp-content\/uploads\/2025\/05\/LOGO-PATAGONIA-AMBIENTAL.png","width":433,"height":250,"caption":"Patagonia Ambiental"},"image":{"@id":"https:\/\/patagoniambiental.com.ar\/info\/#\/schema\/logo\/image\/"},"sameAs":["https:\/\/www.facebook.com\/patagonia.ambiental","https:\/\/x.com\/PatAmb"]},{"@type":"Person","@id":"https:\/\/patagoniambiental.com.ar\/info\/#\/schema\/person\/e5af09d700b2e82cb10c6b8800e0c691","name":"BRAIAN ESTEVEZ","sameAs":["http:\/\/www.patagoniambiental.com.ar"]}]}},"_links":{"self":[{"href":"https:\/\/patagoniambiental.com.ar\/info\/wp-json\/wp\/v2\/posts\/70796","targetHints":{"allow":["GET"]}}],"collection":[{"href":"https:\/\/patagoniambiental.com.ar\/info\/wp-json\/wp\/v2\/posts"}],"about":[{"href":"https:\/\/patagoniambiental.com.ar\/info\/wp-json\/wp\/v2\/types\/post"}],"author":[{"embeddable":true,"href":"https:\/\/patagoniambiental.com.ar\/info\/wp-json\/wp\/v2\/users\/6"}],"replies":[{"embeddable":true,"href":"https:\/\/patagoniambiental.com.ar\/info\/wp-json\/wp\/v2\/comments?post=70796"}],"version-history":[{"count":0,"href":"https:\/\/patagoniambiental.com.ar\/info\/wp-json\/wp\/v2\/posts\/70796\/revisions"}],"wp:featuredmedia":[{"embeddable":true,"href":"https:\/\/patagoniambiental.com.ar\/info\/wp-json\/wp\/v2\/media\/70797"}],"wp:attachment":[{"href":"https:\/\/patagoniambiental.com.ar\/info\/wp-json\/wp\/v2\/media?parent=70796"}],"wp:term":[{"taxonomy":"category","embeddable":true,"href":"https:\/\/patagoniambiental.com.ar\/info\/wp-json\/wp\/v2\/categories?post=70796"},{"taxonomy":"post_tag","embeddable":true,"href":"https:\/\/patagoniambiental.com.ar\/info\/wp-json\/wp\/v2\/tags?post=70796"}],"curies":[{"name":"wp","href":"https:\/\/api.w.org\/{rel}","templated":true}]}}