{"id":70804,"date":"2021-02-05T07:00:58","date_gmt":"2021-02-05T10:00:58","guid":{"rendered":"http:\/\/patagoniambiental.com.ar\/info\/?p=70804"},"modified":"2021-02-05T09:15:38","modified_gmt":"2021-02-05T12:15:38","slug":"nacion-refuerza-las-tareas-para-controlar-el-incendio-forestal-cercano-a-el-bolson","status":"publish","type":"post","link":"https:\/\/patagoniambiental.com.ar\/info\/nacion-refuerza-las-tareas-para-controlar-el-incendio-forestal-cercano-a-el-bolson\/","title":{"rendered":"Naci\u00f3n refuerza las tareas para controlar el incendio forestal cercano a El Bols\u00f3n"},"content":{"rendered":"<div><span style=\"font-family: Arial;\"><i>La cartera de Ambiente nacional sostiene con apoyo log\u00edstico, equipamiento y recursos humanos nacionales el combate al fuego en la zona, junto a brigadas de R\u00edo Negro, Neuqu\u00e9n y C\u00f3rdoba.<\/i><\/span><\/div>\n<p><!--more--><\/p>\n<div><\/div>\n<div>Ciudad Aut\u00f3noma de Buenos Aires, 4 de febrero de 2021.- <span style=\"font-family: Arial;\">El Ministerio de Ambiente y Desarrollo Sostenible, a cargo de Juan Cabandi\u00e9, contin\u00faa con el aporte sostenido de recursos desde la Naci\u00f3n para cooperar con las fuerzas locales en el combate de los incendios forestales dentro del territorio, mediante el Servicio Nacional de Manejo del Fuego (SNMF). En particular, en R\u00edo Negro se intensificaron las tareas para controlar el foco activo en Cuesta del Ternero, cercando a El Bols\u00f3n, dentro del departamento de Bariloche. <\/span><\/div>\n<div><span style=\"font-family: Arial;\">\u00a0<\/span><\/div>\n<div><span style=\"font-family: Arial;\">El secretario de Control y Monitoreo Ambiental del Ministerio de Ambiente, Sergio Federovisky, asegur\u00f3 que \u201ctodos y cada uno de los resortes y recursos que tiene el Estado nacional han sido puestos a disposici\u00f3n de la provincia y de la Municipalidad para el combate del fuego en El Bols\u00f3n\u201d. \u201cEstamos trabajando con la totalidad de los medios a disposici\u00f3n y adem\u00e1s estamos trabajando muy coordinadamente con la provincia\u201d, asegur\u00f3. <\/span><\/div>\n<div><span style=\"font-family: Arial;\">\u00a0<\/span><\/div>\n<div><span style=\"font-family: Arial;\">El funcionario tambi\u00e9n adelant\u00f3: \u201cEstamos pidi\u00e9ndole a la ANAC \u2014la Administraci\u00f3n Nacional de Aviaci\u00f3n Civil\u2014 que acelere la autorizaci\u00f3n para otros aviones privados de los que estar\u00edamos en condiciones de disponer\u201d, y aclar\u00f3 que ser\u00eda \u201cen los pr\u00f3ximos d\u00edas\u201d pero que a\u00fan se trabaja en este tema junto al ministro de Transporte de la Naci\u00f3n, Mario Meoni. De todas formas, explic\u00f3 que por las caracter\u00edsticas del lugar y el tipo de incendio en Cuesta del Ternero \u201clos medios a\u00e9reos con los que se cuenta hoy son los correspondientes y en cantidad apropiada\u201d. <\/span><\/div>\n<div><span style=\"font-family: Arial;\">\u00a0<\/span><\/div>\n<div><span style=\"font-family: Arial;\">En dicho incendio trabajan 101 personas convocadas por la Naci\u00f3n. Son combatientes forestales de la Brigada Nacional Sur del SNMF, de la Administraci\u00f3n de Parques Nacionales y de las provincias de C\u00f3rdoba y Neuqu\u00e9n, las que proveyeron recursos humanos a solicitud del SNMF para fortalecer las tareas de manejo del foco \u00edgneo. Tambi\u00e9n hay personal t\u00e9cnico del Ministerio de Ambiente, un asistente y coordinadores de la Regional Patagonia y de la Regional Centro. Este personal se suma a las tareas que realiza la provincia de R\u00edo Negro con personal y recursos propios. <\/span><\/div>\n<div><span style=\"font-family: Arial;\">\u00a0<\/span><\/div>\n<div><span style=\"font-family: Arial;\">Estas brigadas cuentan para sus operaciones con cinco autobombas, un cami\u00f3n log\u00edstico de comunicaciones, cuatro camionetas pick up y otros veh\u00edculos para el transporte de personal, tres helic\u00f3pteros y dos aviones hidrantes, todos aportados por la Naci\u00f3n. Tambi\u00e9n se agreg\u00f3 equipamiento para la log\u00edstica en terreno, como sensores y equipos para asegurar las comunicaciones en los distintos sectores de trabajo del incendio. Y adem\u00e1s, se sum\u00f3 el apoyo de la Escuela Militar de Monta\u00f1a del Ej\u00e9rcito Argentino, que colabora con la alimentaci\u00f3n de los brigadistas. <\/span><\/div>\n<div><span style=\"font-family: Arial;\">\u00a0<\/span><\/div>\n<div><span style=\"font-family: Arial;\">Se prev\u00e9 fortalecer las operaciones de la jornada con otro avi\u00f3n que con esa finalidad se desplazar\u00e1 al lugar. <\/span><\/div>\n<div><span style=\"font-family: Arial;\">\u00a0<\/span><\/div>\n<div><span style=\"font-family: Arial;\">Por otra parte, en la provincia de Chubut, sigue controlado el foco \u00edgneo en Cushamen; en tanto se present\u00f3 un nuevo incendio activo en la zona de Los Lagos, en Neuqu\u00e9n, donde trabajan brigadistas de la Administraci\u00f3n de Parques Nacionales con el apoyo de un avi\u00f3n hidrante del SNMF. En tal sentido, Federovisky record\u00f3 \u201cEl Estado nacional tiene que estar alerta para la buena cantidad de incendios que se dan en esta \u00e9poca en casi toda la Patagonia cordillerana, La Pampa, la Costa atl\u00e1ntica y otros sitios\u201d. <\/span><\/div>\n<div><span style=\"font-family: Arial;\">\u00a0<\/span><\/div>\n<div><span style=\"font-family: Arial;\">Los reportes diarios sobre el estado de los incendios forestales y de pastizales en el territorio nacional <a href=\"https:\/\/ambiente.tr.pemsv30.net\/c\/eyJhIjoiYW1iaWVudGUiLCJtIjoibWFpbF9ja2tyYmNsZm42amVzMDcwOTViampsZjEzIiwibCI6ImxpbmtfNzFhZjVlNGVjZjc0MWU0OGJmN2MxMzEyODZjNTVkNmM5OWRlYTk0ZSIsImkiOltdLCJ1IjoiaHR0cHM6Ly93d3cuYXJnZW50aW5hLmdvYi5hci9hbWJpZW50ZS9mdWVnby9yZXBvcnRlLWRpYXJpby1tYW5lam8tZGVsLWZ1ZWdvIiwiYyI6IiIsImgiOiIyYTViN2MifQ\" target=\"_blank\" rel=\"noopener noreferrer\" data-auth=\"NotApplicable\">pueden leerse ac\u00e1<\/a>. <\/span><\/div>\n<div><span style=\"font-family: Arial;\">\u00a0<\/span><\/div>\n<div><span style=\"font-family: Arial;\">Para acceder a las fotos y videos: <a href=\"https:\/\/ambiente.tr.pemsv30.net\/c\/eyJhIjoiYW1iaWVudGUiLCJtIjoibWFpbF9ja2tyYmNsZm42amVzMDcwOTViampsZjEzIiwibCI6ImxpbmtfYzM0MmI5ZTFjODQxZmRkZDY3YmI4NDJlNzI5ZmFhYmQzMDM2NjNkYiIsImkiOltdLCJ1IjoiaHR0cHM6Ly9kcml2ZS5nb29nbGUuY29tL2RyaXZlL2ZvbGRlcnMvMXFmLV94cGlQclFaWG1rVDU4M2kzTGxXYUkwS2htang1P3VzcD1zaGFyaW5nIiwiYyI6IiIsImgiOiIxYTMwN2EifQ\" target=\"_blank\" rel=\"noopener noreferrer\" data-auth=\"NotApplicable\">cliquear ac\u00e1<\/a>.<\/span><\/div>\n<table border=\"0\" cellspacing=\"0\" cellpadding=\"0\">\n<tbody>\n<tr>\n<td class=\"x_stack-column\" align=\"center\" valign=\"top\">\n<div class=\"x_eddie-wrapper\"><img decoding=\"async\" class=\"x_fluid\" src=\"https:\/\/1641517048.rsc.cdn77.org\/3674\/21.02.04-nacin-refuerza-las-tareas-para-controlar-el-incendio-forestal-cercano-a-el-bolsn-15.jpeg\" alt=\"\" width=\"auto\" height=\"auto\" data-imagetype=\"External\" \/><\/div>\n<\/td>\n<\/tr>\n<\/tbody>\n<\/table>\n<table border=\"0\" cellspacing=\"0\" cellpadding=\"0\">\n<tbody>\n<tr>\n<td class=\"x_stack-column\" align=\"center\" valign=\"top\">\n<div class=\"x_eddie-wrapper\"><img decoding=\"async\" class=\"x_fluid\" src=\"https:\/\/1641517048.rsc.cdn77.org\/3674\/21.02.04-nacin-refuerza-las-tareas-para-controlar-el-incendio-forestal-cercano-a-el-bolsn-33.jpeg\" alt=\"\" width=\"auto\" height=\"auto\" data-imagetype=\"External\" \/><\/div>\n<\/td>\n<\/tr>\n<\/tbody>\n<\/table>\n<p>Fuente: Ambiente de Naci\u00f3n<\/p>\n","protected":false},"excerpt":{"rendered":"<p>La cartera de Ambiente nacional sostiene con apoyo log\u00edstico, equipamiento y recursos humanos nacionales el combate al fuego en la [&hellip;]<\/p>\n","protected":false},"author":6,"featured_media":70805,"comment_status":"open","ping_status":"open","sticky":false,"template":"","format":"standard","meta":{"site-sidebar-layout":"default","site-content-layout":"","ast-site-content-layout":"default","site-content-style":"default","site-sidebar-style":"default","ast-global-header-display":"","ast-banner-title-visibility":"","ast-main-header-display":"","ast-hfb-above-header-display":"","ast-hfb-below-header-display":"","ast-hfb-mobile-header-display":"","site-post-title":"","ast-breadcrumbs-content":"","ast-featured-img":"","footer-sml-layout":"","ast-disable-related-posts":"","theme-transparent-header-meta":"","adv-header-id-meta":"","stick-header-meta":"","header-above-stick-meta":"","header-main-stick-meta":"","header-below-stick-meta":"","astra-migrate-meta-layouts":"default","ast-page-background-enabled":"default","ast-page-background-meta":{"desktop":{"background-color":"var(--ast-global-color-5)","background-image":"","background-repeat":"repeat","background-position":"center center","background-size":"auto","background-attachment":"scroll","background-type":"","background-media":"","overlay-type":"","overlay-color":"","overlay-opacity":"","overlay-gradient":""},"tablet":{"background-color":"","background-image":"","background-repeat":"repeat","background-position":"center center","background-size":"auto","background-attachment":"scroll","background-type":"","background-media":"","overlay-type":"","overlay-color":"","overlay-opacity":"","overlay-gradient":""},"mobile":{"background-color":"","background-image":"","background-repeat":"repeat","background-position":"center center","background-size":"auto","background-attachment":"scroll","background-type":"","background-media":"","overlay-type":"","overlay-color":"","overlay-opacity":"","overlay-gradient":""}},"ast-content-background-meta":{"desktop":{"background-color":"var(--ast-global-color-4)","background-image":"","background-repeat":"repeat","background-position":"center center","background-size":"auto","background-attachment":"scroll","background-type":"","background-media":"","overlay-type":"","overlay-color":"","overlay-opacity":"","overlay-gradient":""},"tablet":{"background-color":"var(--ast-global-color-4)","background-image":"","background-repeat":"repeat","background-position":"center center","background-size":"auto","background-attachment":"scroll","background-type":"","background-media":"","overlay-type":"","overlay-color":"","overlay-opacity":"","overlay-gradient":""},"mobile":{"background-color":"var(--ast-global-color-4)","background-image":"","background-repeat":"repeat","background-position":"center center","background-size":"auto","background-attachment":"scroll","background-type":"","background-media":"","overlay-type":"","overlay-color":"","overlay-opacity":"","overlay-gradient":""}},"footnotes":""},"categories":[11,19,1,10],"tags":[],"class_list":["post-70804","post","type-post","status-publish","format-standard","has-post-thumbnail","hentry","category-boletin","category-nacionales","category-noticias","category-rotador"],"yoast_head":"<!-- This site is optimized with the Yoast SEO Premium plugin v23.0 (Yoast SEO v27.5) - https:\/\/yoast.com\/product\/yoast-seo-premium-wordpress\/ -->\n<title>Naci\u00f3n refuerza las tareas para controlar el incendio forestal cercano a El Bols\u00f3n<\/title>\n<meta name=\"robots\" content=\"index, follow, max-snippet:-1, max-image-preview:large, max-video-preview:-1\" \/>\n<link rel=\"canonical\" href=\"https:\/\/patagoniambiental.com.ar\/info\/nacion-refuerza-las-tareas-para-controlar-el-incendio-forestal-cercano-a-el-bolson\/\" \/>\n<meta property=\"og:locale\" content=\"es_ES\" \/>\n<meta property=\"og:type\" content=\"article\" \/>\n<meta property=\"og:title\" content=\"Naci\u00f3n refuerza las tareas para controlar el incendio forestal cercano a El Bols\u00f3n\" \/>\n<meta property=\"og:description\" content=\"La cartera de Ambiente nacional sostiene con apoyo log\u00edstico, equipamiento y recursos humanos nacionales el combate al fuego en la [&hellip;]\" \/>\n<meta property=\"og:url\" content=\"https:\/\/patagoniambiental.com.ar\/info\/nacion-refuerza-las-tareas-para-controlar-el-incendio-forestal-cercano-a-el-bolson\/\" \/>\n<meta property=\"og:site_name\" content=\"Patagonia Ambiental\" \/>\n<meta property=\"article:publisher\" content=\"https:\/\/www.facebook.com\/patagonia.ambiental\" \/>\n<meta property=\"article:published_time\" content=\"2021-02-05T10:00:58+00:00\" \/>\n<meta property=\"article:modified_time\" content=\"2021-02-05T12:15:38+00:00\" \/>\n<meta property=\"og:image\" content=\"https:\/\/patagoniambiental.com.ar\/info\/wp-content\/uploads\/2021\/02\/21.02.04-nacin-refuerza-las-tareas-para-controlar-el-incendio-forestal-cercano-a-el-bolsn-15.jpeg\" \/>\n\t<meta property=\"og:image:width\" content=\"600\" \/>\n\t<meta property=\"og:image:height\" content=\"400\" \/>\n\t<meta property=\"og:image:type\" content=\"image\/jpeg\" \/>\n<meta name=\"author\" content=\"BRAIAN ESTEVEZ\" \/>\n<meta name=\"twitter:card\" content=\"summary_large_image\" \/>\n<meta name=\"twitter:creator\" content=\"@PatAmb\" \/>\n<meta name=\"twitter:site\" content=\"@PatAmb\" \/>\n<script type=\"application\/ld+json\" class=\"yoast-schema-graph\">{\"@context\":\"https:\\\/\\\/schema.org\",\"@graph\":[{\"@type\":\"Article\",\"@id\":\"https:\\\/\\\/patagoniambiental.com.ar\\\/info\\\/nacion-refuerza-las-tareas-para-controlar-el-incendio-forestal-cercano-a-el-bolson\\\/#article\",\"isPartOf\":{\"@id\":\"https:\\\/\\\/patagoniambiental.com.ar\\\/info\\\/nacion-refuerza-las-tareas-para-controlar-el-incendio-forestal-cercano-a-el-bolson\\\/\"},\"author\":{\"name\":\"BRAIAN ESTEVEZ\",\"@id\":\"https:\\\/\\\/patagoniambiental.com.ar\\\/info\\\/#\\\/schema\\\/person\\\/e5af09d700b2e82cb10c6b8800e0c691\"},\"headline\":\"Naci\u00f3n refuerza las tareas para controlar el incendio forestal cercano a El Bols\u00f3n\",\"datePublished\":\"2021-02-05T10:00:58+00:00\",\"dateModified\":\"2021-02-05T12:15:38+00:00\",\"mainEntityOfPage\":{\"@id\":\"https:\\\/\\\/patagoniambiental.com.ar\\\/info\\\/nacion-refuerza-las-tareas-para-controlar-el-incendio-forestal-cercano-a-el-bolson\\\/\"},\"wordCount\":654,\"commentCount\":0,\"publisher\":{\"@id\":\"https:\\\/\\\/patagoniambiental.com.ar\\\/info\\\/#organization\"},\"image\":{\"@id\":\"https:\\\/\\\/patagoniambiental.com.ar\\\/info\\\/nacion-refuerza-las-tareas-para-controlar-el-incendio-forestal-cercano-a-el-bolson\\\/#primaryimage\"},\"thumbnailUrl\":\"https:\\\/\\\/patagoniambiental.com.ar\\\/info\\\/wp-content\\\/uploads\\\/2021\\\/02\\\/21.02.04-nacin-refuerza-las-tareas-para-controlar-el-incendio-forestal-cercano-a-el-bolsn-15.jpeg\",\"articleSection\":[\"Bolet\u00edn\",\"Nacionales\",\"Noticias\",\"Rotador\"],\"inLanguage\":\"es\",\"potentialAction\":[{\"@type\":\"CommentAction\",\"name\":\"Comment\",\"target\":[\"https:\\\/\\\/patagoniambiental.com.ar\\\/info\\\/nacion-refuerza-las-tareas-para-controlar-el-incendio-forestal-cercano-a-el-bolson\\\/#respond\"]}]},{\"@type\":\"WebPage\",\"@id\":\"https:\\\/\\\/patagoniambiental.com.ar\\\/info\\\/nacion-refuerza-las-tareas-para-controlar-el-incendio-forestal-cercano-a-el-bolson\\\/\",\"url\":\"https:\\\/\\\/patagoniambiental.com.ar\\\/info\\\/nacion-refuerza-las-tareas-para-controlar-el-incendio-forestal-cercano-a-el-bolson\\\/\",\"name\":\"Naci\u00f3n refuerza las tareas para controlar el incendio forestal cercano a El Bols\u00f3n\",\"isPartOf\":{\"@id\":\"https:\\\/\\\/patagoniambiental.com.ar\\\/info\\\/#website\"},\"primaryImageOfPage\":{\"@id\":\"https:\\\/\\\/patagoniambiental.com.ar\\\/info\\\/nacion-refuerza-las-tareas-para-controlar-el-incendio-forestal-cercano-a-el-bolson\\\/#primaryimage\"},\"image\":{\"@id\":\"https:\\\/\\\/patagoniambiental.com.ar\\\/info\\\/nacion-refuerza-las-tareas-para-controlar-el-incendio-forestal-cercano-a-el-bolson\\\/#primaryimage\"},\"thumbnailUrl\":\"https:\\\/\\\/patagoniambiental.com.ar\\\/info\\\/wp-content\\\/uploads\\\/2021\\\/02\\\/21.02.04-nacin-refuerza-las-tareas-para-controlar-el-incendio-forestal-cercano-a-el-bolsn-15.jpeg\",\"datePublished\":\"2021-02-05T10:00:58+00:00\",\"dateModified\":\"2021-02-05T12:15:38+00:00\",\"breadcrumb\":{\"@id\":\"https:\\\/\\\/patagoniambiental.com.ar\\\/info\\\/nacion-refuerza-las-tareas-para-controlar-el-incendio-forestal-cercano-a-el-bolson\\\/#breadcrumb\"},\"inLanguage\":\"es\",\"potentialAction\":[{\"@type\":\"ReadAction\",\"target\":[\"https:\\\/\\\/patagoniambiental.com.ar\\\/info\\\/nacion-refuerza-las-tareas-para-controlar-el-incendio-forestal-cercano-a-el-bolson\\\/\"]}]},{\"@type\":\"ImageObject\",\"inLanguage\":\"es\",\"@id\":\"https:\\\/\\\/patagoniambiental.com.ar\\\/info\\\/nacion-refuerza-las-tareas-para-controlar-el-incendio-forestal-cercano-a-el-bolson\\\/#primaryimage\",\"url\":\"https:\\\/\\\/patagoniambiental.com.ar\\\/info\\\/wp-content\\\/uploads\\\/2021\\\/02\\\/21.02.04-nacin-refuerza-las-tareas-para-controlar-el-incendio-forestal-cercano-a-el-bolsn-15.jpeg\",\"contentUrl\":\"https:\\\/\\\/patagoniambiental.com.ar\\\/info\\\/wp-content\\\/uploads\\\/2021\\\/02\\\/21.02.04-nacin-refuerza-las-tareas-para-controlar-el-incendio-forestal-cercano-a-el-bolsn-15.jpeg\",\"width\":600,\"height\":400},{\"@type\":\"BreadcrumbList\",\"@id\":\"https:\\\/\\\/patagoniambiental.com.ar\\\/info\\\/nacion-refuerza-las-tareas-para-controlar-el-incendio-forestal-cercano-a-el-bolson\\\/#breadcrumb\",\"itemListElement\":[{\"@type\":\"ListItem\",\"position\":1,\"name\":\"Inicio\",\"item\":\"https:\\\/\\\/patagoniambiental.com.ar\\\/info\\\/\"},{\"@type\":\"ListItem\",\"position\":2,\"name\":\"Naci\u00f3n refuerza las tareas para controlar el incendio forestal cercano a El Bols\u00f3n\"}]},{\"@type\":\"WebSite\",\"@id\":\"https:\\\/\\\/patagoniambiental.com.ar\\\/info\\\/#website\",\"url\":\"https:\\\/\\\/patagoniambiental.com.ar\\\/info\\\/\",\"name\":\"Patagonia Ambiental\",\"description\":\"Monitoreo y an\u00e1lisis de la situaci\u00f3n geopol\u00edtica en el mundo y su implicancia en la Patagonia\",\"publisher\":{\"@id\":\"https:\\\/\\\/patagoniambiental.com.ar\\\/info\\\/#organization\"},\"potentialAction\":[{\"@type\":\"SearchAction\",\"target\":{\"@type\":\"EntryPoint\",\"urlTemplate\":\"https:\\\/\\\/patagoniambiental.com.ar\\\/info\\\/?s={search_term_string}\"},\"query-input\":{\"@type\":\"PropertyValueSpecification\",\"valueRequired\":true,\"valueName\":\"search_term_string\"}}],\"inLanguage\":\"es\"},{\"@type\":\"Organization\",\"@id\":\"https:\\\/\\\/patagoniambiental.com.ar\\\/info\\\/#organization\",\"name\":\"Patagonia Ambiental\",\"url\":\"https:\\\/\\\/patagoniambiental.com.ar\\\/info\\\/\",\"logo\":{\"@type\":\"ImageObject\",\"inLanguage\":\"es\",\"@id\":\"https:\\\/\\\/patagoniambiental.com.ar\\\/info\\\/#\\\/schema\\\/logo\\\/image\\\/\",\"url\":\"https:\\\/\\\/patagoniambiental.com.ar\\\/info\\\/wp-content\\\/uploads\\\/2025\\\/05\\\/LOGO-PATAGONIA-AMBIENTAL.png\",\"contentUrl\":\"https:\\\/\\\/patagoniambiental.com.ar\\\/info\\\/wp-content\\\/uploads\\\/2025\\\/05\\\/LOGO-PATAGONIA-AMBIENTAL.png\",\"width\":433,\"height\":250,\"caption\":\"Patagonia Ambiental\"},\"image\":{\"@id\":\"https:\\\/\\\/patagoniambiental.com.ar\\\/info\\\/#\\\/schema\\\/logo\\\/image\\\/\"},\"sameAs\":[\"https:\\\/\\\/www.facebook.com\\\/patagonia.ambiental\",\"https:\\\/\\\/x.com\\\/PatAmb\"]},{\"@type\":\"Person\",\"@id\":\"https:\\\/\\\/patagoniambiental.com.ar\\\/info\\\/#\\\/schema\\\/person\\\/e5af09d700b2e82cb10c6b8800e0c691\",\"name\":\"BRAIAN ESTEVEZ\",\"sameAs\":[\"http:\\\/\\\/www.patagoniambiental.com.ar\"]}]}<\/script>\n<!-- \/ Yoast SEO Premium plugin. -->","yoast_head_json":{"title":"Naci\u00f3n refuerza las tareas para controlar el incendio forestal cercano a El Bols\u00f3n","robots":{"index":"index","follow":"follow","max-snippet":"max-snippet:-1","max-image-preview":"max-image-preview:large","max-video-preview":"max-video-preview:-1"},"canonical":"https:\/\/patagoniambiental.com.ar\/info\/nacion-refuerza-las-tareas-para-controlar-el-incendio-forestal-cercano-a-el-bolson\/","og_locale":"es_ES","og_type":"article","og_title":"Naci\u00f3n refuerza las tareas para controlar el incendio forestal cercano a El Bols\u00f3n","og_description":"La cartera de Ambiente nacional sostiene con apoyo log\u00edstico, equipamiento y recursos humanos nacionales el combate al fuego en la [&hellip;]","og_url":"https:\/\/patagoniambiental.com.ar\/info\/nacion-refuerza-las-tareas-para-controlar-el-incendio-forestal-cercano-a-el-bolson\/","og_site_name":"Patagonia Ambiental","article_publisher":"https:\/\/www.facebook.com\/patagonia.ambiental","article_published_time":"2021-02-05T10:00:58+00:00","article_modified_time":"2021-02-05T12:15:38+00:00","og_image":[{"width":600,"height":400,"url":"https:\/\/patagoniambiental.com.ar\/info\/wp-content\/uploads\/2021\/02\/21.02.04-nacin-refuerza-las-tareas-para-controlar-el-incendio-forestal-cercano-a-el-bolsn-15.jpeg","type":"image\/jpeg"}],"author":"BRAIAN ESTEVEZ","twitter_card":"summary_large_image","twitter_creator":"@PatAmb","twitter_site":"@PatAmb","schema":{"@context":"https:\/\/schema.org","@graph":[{"@type":"Article","@id":"https:\/\/patagoniambiental.com.ar\/info\/nacion-refuerza-las-tareas-para-controlar-el-incendio-forestal-cercano-a-el-bolson\/#article","isPartOf":{"@id":"https:\/\/patagoniambiental.com.ar\/info\/nacion-refuerza-las-tareas-para-controlar-el-incendio-forestal-cercano-a-el-bolson\/"},"author":{"name":"BRAIAN ESTEVEZ","@id":"https:\/\/patagoniambiental.com.ar\/info\/#\/schema\/person\/e5af09d700b2e82cb10c6b8800e0c691"},"headline":"Naci\u00f3n refuerza las tareas para controlar el incendio forestal cercano a El Bols\u00f3n","datePublished":"2021-02-05T10:00:58+00:00","dateModified":"2021-02-05T12:15:38+00:00","mainEntityOfPage":{"@id":"https:\/\/patagoniambiental.com.ar\/info\/nacion-refuerza-las-tareas-para-controlar-el-incendio-forestal-cercano-a-el-bolson\/"},"wordCount":654,"commentCount":0,"publisher":{"@id":"https:\/\/patagoniambiental.com.ar\/info\/#organization"},"image":{"@id":"https:\/\/patagoniambiental.com.ar\/info\/nacion-refuerza-las-tareas-para-controlar-el-incendio-forestal-cercano-a-el-bolson\/#primaryimage"},"thumbnailUrl":"https:\/\/patagoniambiental.com.ar\/info\/wp-content\/uploads\/2021\/02\/21.02.04-nacin-refuerza-las-tareas-para-controlar-el-incendio-forestal-cercano-a-el-bolsn-15.jpeg","articleSection":["Bolet\u00edn","Nacionales","Noticias","Rotador"],"inLanguage":"es","potentialAction":[{"@type":"CommentAction","name":"Comment","target":["https:\/\/patagoniambiental.com.ar\/info\/nacion-refuerza-las-tareas-para-controlar-el-incendio-forestal-cercano-a-el-bolson\/#respond"]}]},{"@type":"WebPage","@id":"https:\/\/patagoniambiental.com.ar\/info\/nacion-refuerza-las-tareas-para-controlar-el-incendio-forestal-cercano-a-el-bolson\/","url":"https:\/\/patagoniambiental.com.ar\/info\/nacion-refuerza-las-tareas-para-controlar-el-incendio-forestal-cercano-a-el-bolson\/","name":"Naci\u00f3n refuerza las tareas para controlar el incendio forestal cercano a El Bols\u00f3n","isPartOf":{"@id":"https:\/\/patagoniambiental.com.ar\/info\/#website"},"primaryImageOfPage":{"@id":"https:\/\/patagoniambiental.com.ar\/info\/nacion-refuerza-las-tareas-para-controlar-el-incendio-forestal-cercano-a-el-bolson\/#primaryimage"},"image":{"@id":"https:\/\/patagoniambiental.com.ar\/info\/nacion-refuerza-las-tareas-para-controlar-el-incendio-forestal-cercano-a-el-bolson\/#primaryimage"},"thumbnailUrl":"https:\/\/patagoniambiental.com.ar\/info\/wp-content\/uploads\/2021\/02\/21.02.04-nacin-refuerza-las-tareas-para-controlar-el-incendio-forestal-cercano-a-el-bolsn-15.jpeg","datePublished":"2021-02-05T10:00:58+00:00","dateModified":"2021-02-05T12:15:38+00:00","breadcrumb":{"@id":"https:\/\/patagoniambiental.com.ar\/info\/nacion-refuerza-las-tareas-para-controlar-el-incendio-forestal-cercano-a-el-bolson\/#breadcrumb"},"inLanguage":"es","potentialAction":[{"@type":"ReadAction","target":["https:\/\/patagoniambiental.com.ar\/info\/nacion-refuerza-las-tareas-para-controlar-el-incendio-forestal-cercano-a-el-bolson\/"]}]},{"@type":"ImageObject","inLanguage":"es","@id":"https:\/\/patagoniambiental.com.ar\/info\/nacion-refuerza-las-tareas-para-controlar-el-incendio-forestal-cercano-a-el-bolson\/#primaryimage","url":"https:\/\/patagoniambiental.com.ar\/info\/wp-content\/uploads\/2021\/02\/21.02.04-nacin-refuerza-las-tareas-para-controlar-el-incendio-forestal-cercano-a-el-bolsn-15.jpeg","contentUrl":"https:\/\/patagoniambiental.com.ar\/info\/wp-content\/uploads\/2021\/02\/21.02.04-nacin-refuerza-las-tareas-para-controlar-el-incendio-forestal-cercano-a-el-bolsn-15.jpeg","width":600,"height":400},{"@type":"BreadcrumbList","@id":"https:\/\/patagoniambiental.com.ar\/info\/nacion-refuerza-las-tareas-para-controlar-el-incendio-forestal-cercano-a-el-bolson\/#breadcrumb","itemListElement":[{"@type":"ListItem","position":1,"name":"Inicio","item":"https:\/\/patagoniambiental.com.ar\/info\/"},{"@type":"ListItem","position":2,"name":"Naci\u00f3n refuerza las tareas para controlar el incendio forestal cercano a El Bols\u00f3n"}]},{"@type":"WebSite","@id":"https:\/\/patagoniambiental.com.ar\/info\/#website","url":"https:\/\/patagoniambiental.com.ar\/info\/","name":"Patagonia Ambiental","description":"Monitoreo y an\u00e1lisis de la situaci\u00f3n geopol\u00edtica en el mundo y su implicancia en la Patagonia","publisher":{"@id":"https:\/\/patagoniambiental.com.ar\/info\/#organization"},"potentialAction":[{"@type":"SearchAction","target":{"@type":"EntryPoint","urlTemplate":"https:\/\/patagoniambiental.com.ar\/info\/?s={search_term_string}"},"query-input":{"@type":"PropertyValueSpecification","valueRequired":true,"valueName":"search_term_string"}}],"inLanguage":"es"},{"@type":"Organization","@id":"https:\/\/patagoniambiental.com.ar\/info\/#organization","name":"Patagonia Ambiental","url":"https:\/\/patagoniambiental.com.ar\/info\/","logo":{"@type":"ImageObject","inLanguage":"es","@id":"https:\/\/patagoniambiental.com.ar\/info\/#\/schema\/logo\/image\/","url":"https:\/\/patagoniambiental.com.ar\/info\/wp-content\/uploads\/2025\/05\/LOGO-PATAGONIA-AMBIENTAL.png","contentUrl":"https:\/\/patagoniambiental.com.ar\/info\/wp-content\/uploads\/2025\/05\/LOGO-PATAGONIA-AMBIENTAL.png","width":433,"height":250,"caption":"Patagonia Ambiental"},"image":{"@id":"https:\/\/patagoniambiental.com.ar\/info\/#\/schema\/logo\/image\/"},"sameAs":["https:\/\/www.facebook.com\/patagonia.ambiental","https:\/\/x.com\/PatAmb"]},{"@type":"Person","@id":"https:\/\/patagoniambiental.com.ar\/info\/#\/schema\/person\/e5af09d700b2e82cb10c6b8800e0c691","name":"BRAIAN ESTEVEZ","sameAs":["http:\/\/www.patagoniambiental.com.ar"]}]}},"_links":{"self":[{"href":"https:\/\/patagoniambiental.com.ar\/info\/wp-json\/wp\/v2\/posts\/70804","targetHints":{"allow":["GET"]}}],"collection":[{"href":"https:\/\/patagoniambiental.com.ar\/info\/wp-json\/wp\/v2\/posts"}],"about":[{"href":"https:\/\/patagoniambiental.com.ar\/info\/wp-json\/wp\/v2\/types\/post"}],"author":[{"embeddable":true,"href":"https:\/\/patagoniambiental.com.ar\/info\/wp-json\/wp\/v2\/users\/6"}],"replies":[{"embeddable":true,"href":"https:\/\/patagoniambiental.com.ar\/info\/wp-json\/wp\/v2\/comments?post=70804"}],"version-history":[{"count":0,"href":"https:\/\/patagoniambiental.com.ar\/info\/wp-json\/wp\/v2\/posts\/70804\/revisions"}],"wp:featuredmedia":[{"embeddable":true,"href":"https:\/\/patagoniambiental.com.ar\/info\/wp-json\/wp\/v2\/media\/70805"}],"wp:attachment":[{"href":"https:\/\/patagoniambiental.com.ar\/info\/wp-json\/wp\/v2\/media?parent=70804"}],"wp:term":[{"taxonomy":"category","embeddable":true,"href":"https:\/\/patagoniambiental.com.ar\/info\/wp-json\/wp\/v2\/categories?post=70804"},{"taxonomy":"post_tag","embeddable":true,"href":"https:\/\/patagoniambiental.com.ar\/info\/wp-json\/wp\/v2\/tags?post=70804"}],"curies":[{"name":"wp","href":"https:\/\/api.w.org\/{rel}","templated":true}]}}