{"id":70978,"date":"2021-02-18T19:00:24","date_gmt":"2021-02-18T22:00:24","guid":{"rendered":"http:\/\/patagoniambiental.com.ar\/info\/?p=70978"},"modified":"2021-02-19T09:28:58","modified_gmt":"2021-02-19T12:28:58","slug":"los-edificios-publicos-en-el-valle-medio-tendran-un-diagnostico-energetico","status":"publish","type":"post","link":"https:\/\/patagoniambiental.com.ar\/info\/los-edificios-publicos-en-el-valle-medio-tendran-un-diagnostico-energetico\/","title":{"rendered":"Los edificios p\u00fablicos en el Valle Medio tendr\u00e1n un diagn\u00f3stico energ\u00e9tico"},"content":{"rendered":"<p>La Secretar\u00eda de Energ\u00eda provincial comenz\u00f3 este mi\u00e9rcoles la implementaci\u00f3n del diagn\u00f3stico energ\u00e9tico en edificios p\u00fablicos de ocho municipios del Valle Medio, comprendido dentro del Programa de Uso Racional y Eficiente de la Energ\u00eda (PROUREE) que lleva adelante el Gobierno Provincial.<!--more--><\/p>\n<p><a href=\"https:\/\/www.rionegro.gov.ar\/\/download\/images\/00054802.jpg\" target=\"_blank\" rel=\"noopener noreferrer\" data-auth=\"NotApplicable\"><img decoding=\"async\" class=\"alignleft\" src=\"https:\/\/www.rionegro.gov.ar\/\/download\/images\/medio\/00054802.jpg\" data-imagetype=\"External\" \/><\/a><\/p>\n<div>\n<p>Ser\u00e1 a trav\u00e9s de una capacitaci\u00f3n que incluir\u00e1 la carga de datos en una herramienta inform\u00e1tica de diagn\u00f3stico dise\u00f1ada por la Secretar\u00eda de Energ\u00eda de Naci\u00f3n. \u201cEs una herramienta de implementaci\u00f3n reciente, la cual el a\u00f1o pasado ayudamos a perfeccionar con algunas experiencias que pusimos en pr\u00e1ctica\u201d, se\u00f1al\u00f3 la secretaria Estado de Energ\u00eda, Andrea Confini.<\/p>\n<p>Por los avances dados en la aplicaci\u00f3n de pol\u00edticas de eficiencia energ\u00e9tica, R\u00edo Negro fue la primera provincia donde comenz\u00f3 a implementarse como prueba piloto nacional para testear el funcionamiento del software de diagn\u00f3sticos orientado a la administraci\u00f3n p\u00fablica. \u201cTrabajamos con Catriel, Villa Regina y algunas dependencias de nuestra Secretar\u00eda, como el centro operativo de la empresa estatal EDHIPSA en Catriel y las oficinas de Transcomahue en Cipolletti. Esas cuatro instituciones seleccionadas ya ven\u00edan trabajando en el Programa Provincial de Eficiencia Energ\u00e9tica y poseen un gestor en eficiencia formado\u201d, explic\u00f3 Confini.<\/p>\n<p>Durante la charla introductoria, el equipo t\u00e9cnico de la Secretar\u00eda de Energ\u00eda realiz\u00f3 una introducci\u00f3n al programa, detall\u00f3 cu\u00e1l es el marco regulatorio, sus objetivos, los procesos y barreras para su implementaci\u00f3n, m\u00e1s los avances realizados hasta la fecha en R\u00edo Negro.<\/p>\n<p>&nbsp;<\/p>\n<p><strong>La metodolog\u00eda de trabajo<\/strong><\/p>\n<p>&nbsp;<\/p>\n<p>En cuanto a la metodolog\u00eda de trabajo, Confini mencion\u00f3 que \u201cla intenci\u00f3n inicial es hacer reuniones peri\u00f3dicas para compartir los avances y tener un resultado listo antes de fin de a\u00f1o\u201d. \u201cProgramamos tres etapas. En la primera se har\u00e1 la capacitaci\u00f3n de los administradores energ\u00e9ticos y podremos contar con un diagn\u00f3stico a partir del registro de una serie de datos; luego ya pasaremos a procesar esa informaci\u00f3n para hacer una revisi\u00f3n energ\u00e9tica que permita identificar oportunidades y pasar al paso final, que consiste en la propuesta de una serie de planes de mejora para cada caso\u201d, detall\u00f3 la funcionaria.<\/p>\n<p>Los aspectos operativos fueron explicados durante la charla de hoy por parte de t\u00e9cnicos del Instituto Nacional de Tecnolog\u00eda Industrial (INTI), quienes trabajar\u00e1n individualmente con cada uno de los referentes de los edificios municipales involucrados.<\/p>\n<p>El encuentro inicial fue bajo la modalidad virtual y cont\u00f3 con la participaci\u00f3n del gerente del Ente de Desarrollo del Valle Medio (EnDeVaM), Horacio Mart\u00ednez; referentes de los municipios de R\u00edo Colorado, Chimpay, Choele Choel y Darwin, adem\u00e1s del equipo de la Secretar\u00eda de Energ\u00eda y los especialistas del INTI en la tem\u00e1tica.<\/p>\n<p>Fuente: Gobierno de Rio Negro<\/p>\n<\/div>\n","protected":false},"excerpt":{"rendered":"<p>La Secretar\u00eda de Energ\u00eda provincial comenz\u00f3 este mi\u00e9rcoles la implementaci\u00f3n del diagn\u00f3stico energ\u00e9tico en edificios p\u00fablicos de ocho municipios del [&hellip;]<\/p>\n","protected":false},"author":6,"featured_media":70979,"comment_status":"open","ping_status":"open","sticky":false,"template":"","format":"standard","meta":{"site-sidebar-layout":"default","site-content-layout":"","ast-site-content-layout":"default","site-content-style":"default","site-sidebar-style":"default","ast-global-header-display":"","ast-banner-title-visibility":"","ast-main-header-display":"","ast-hfb-above-header-display":"","ast-hfb-below-header-display":"","ast-hfb-mobile-header-display":"","site-post-title":"","ast-breadcrumbs-content":"","ast-featured-img":"","footer-sml-layout":"","ast-disable-related-posts":"","theme-transparent-header-meta":"","adv-header-id-meta":"","stick-header-meta":"","header-above-stick-meta":"","header-main-stick-meta":"","header-below-stick-meta":"","astra-migrate-meta-layouts":"default","ast-page-background-enabled":"default","ast-page-background-meta":{"desktop":{"background-color":"var(--ast-global-color-5)","background-image":"","background-repeat":"repeat","background-position":"center center","background-size":"auto","background-attachment":"scroll","background-type":"","background-media":"","overlay-type":"","overlay-color":"","overlay-opacity":"","overlay-gradient":""},"tablet":{"background-color":"","background-image":"","background-repeat":"repeat","background-position":"center center","background-size":"auto","background-attachment":"scroll","background-type":"","background-media":"","overlay-type":"","overlay-color":"","overlay-opacity":"","overlay-gradient":""},"mobile":{"background-color":"","background-image":"","background-repeat":"repeat","background-position":"center center","background-size":"auto","background-attachment":"scroll","background-type":"","background-media":"","overlay-type":"","overlay-color":"","overlay-opacity":"","overlay-gradient":""}},"ast-content-background-meta":{"desktop":{"background-color":"var(--ast-global-color-4)","background-image":"","background-repeat":"repeat","background-position":"center center","background-size":"auto","background-attachment":"scroll","background-type":"","background-media":"","overlay-type":"","overlay-color":"","overlay-opacity":"","overlay-gradient":""},"tablet":{"background-color":"var(--ast-global-color-4)","background-image":"","background-repeat":"repeat","background-position":"center center","background-size":"auto","background-attachment":"scroll","background-type":"","background-media":"","overlay-type":"","overlay-color":"","overlay-opacity":"","overlay-gradient":""},"mobile":{"background-color":"var(--ast-global-color-4)","background-image":"","background-repeat":"repeat","background-position":"center center","background-size":"auto","background-attachment":"scroll","background-type":"","background-media":"","overlay-type":"","overlay-color":"","overlay-opacity":"","overlay-gradient":""}},"footnotes":""},"categories":[11,1,13,14,10],"tags":[],"class_list":["post-70978","post","type-post","status-publish","format-standard","has-post-thumbnail","hentry","category-boletin","category-noticias","category-provinciales","category-rio-negro","category-rotador"],"yoast_head":"<!-- This site is optimized with the Yoast SEO Premium plugin v23.0 (Yoast SEO v27.5) - https:\/\/yoast.com\/product\/yoast-seo-premium-wordpress\/ -->\n<title>Los edificios p\u00fablicos en el Valle Medio tendr\u00e1n un diagn\u00f3stico energ\u00e9tico<\/title>\n<meta name=\"robots\" content=\"index, follow, max-snippet:-1, max-image-preview:large, max-video-preview:-1\" \/>\n<link rel=\"canonical\" href=\"https:\/\/patagoniambiental.com.ar\/info\/los-edificios-publicos-en-el-valle-medio-tendran-un-diagnostico-energetico\/\" \/>\n<meta property=\"og:locale\" content=\"es_ES\" \/>\n<meta property=\"og:type\" content=\"article\" \/>\n<meta property=\"og:title\" content=\"Los edificios p\u00fablicos en el Valle Medio tendr\u00e1n un diagn\u00f3stico energ\u00e9tico\" \/>\n<meta property=\"og:description\" content=\"La Secretar\u00eda de Energ\u00eda provincial comenz\u00f3 este mi\u00e9rcoles la implementaci\u00f3n del diagn\u00f3stico energ\u00e9tico en edificios p\u00fablicos de ocho municipios del [&hellip;]\" \/>\n<meta property=\"og:url\" content=\"https:\/\/patagoniambiental.com.ar\/info\/los-edificios-publicos-en-el-valle-medio-tendran-un-diagnostico-energetico\/\" \/>\n<meta property=\"og:site_name\" content=\"Patagonia Ambiental\" \/>\n<meta property=\"article:publisher\" content=\"https:\/\/www.facebook.com\/patagonia.ambiental\" \/>\n<meta property=\"article:published_time\" content=\"2021-02-18T22:00:24+00:00\" \/>\n<meta property=\"article:modified_time\" content=\"2021-02-19T12:28:58+00:00\" \/>\n<meta property=\"og:image\" content=\"https:\/\/patagoniambiental.com.ar\/info\/wp-content\/uploads\/2021\/02\/00054802.jpg\" \/>\n\t<meta property=\"og:image:width\" content=\"462\" \/>\n\t<meta property=\"og:image:height\" content=\"308\" \/>\n\t<meta property=\"og:image:type\" content=\"image\/jpeg\" \/>\n<meta name=\"author\" content=\"BRAIAN ESTEVEZ\" \/>\n<meta name=\"twitter:card\" content=\"summary_large_image\" \/>\n<meta name=\"twitter:creator\" content=\"@PatAmb\" \/>\n<meta name=\"twitter:site\" content=\"@PatAmb\" \/>\n<script type=\"application\/ld+json\" class=\"yoast-schema-graph\">{\"@context\":\"https:\\\/\\\/schema.org\",\"@graph\":[{\"@type\":\"Article\",\"@id\":\"https:\\\/\\\/patagoniambiental.com.ar\\\/info\\\/los-edificios-publicos-en-el-valle-medio-tendran-un-diagnostico-energetico\\\/#article\",\"isPartOf\":{\"@id\":\"https:\\\/\\\/patagoniambiental.com.ar\\\/info\\\/los-edificios-publicos-en-el-valle-medio-tendran-un-diagnostico-energetico\\\/\"},\"author\":{\"name\":\"BRAIAN ESTEVEZ\",\"@id\":\"https:\\\/\\\/patagoniambiental.com.ar\\\/info\\\/#\\\/schema\\\/person\\\/e5af09d700b2e82cb10c6b8800e0c691\"},\"headline\":\"Los edificios p\u00fablicos en el Valle Medio tendr\u00e1n un diagn\u00f3stico energ\u00e9tico\",\"datePublished\":\"2021-02-18T22:00:24+00:00\",\"dateModified\":\"2021-02-19T12:28:58+00:00\",\"mainEntityOfPage\":{\"@id\":\"https:\\\/\\\/patagoniambiental.com.ar\\\/info\\\/los-edificios-publicos-en-el-valle-medio-tendran-un-diagnostico-energetico\\\/\"},\"wordCount\":502,\"commentCount\":0,\"publisher\":{\"@id\":\"https:\\\/\\\/patagoniambiental.com.ar\\\/info\\\/#organization\"},\"image\":{\"@id\":\"https:\\\/\\\/patagoniambiental.com.ar\\\/info\\\/los-edificios-publicos-en-el-valle-medio-tendran-un-diagnostico-energetico\\\/#primaryimage\"},\"thumbnailUrl\":\"https:\\\/\\\/patagoniambiental.com.ar\\\/info\\\/wp-content\\\/uploads\\\/2021\\\/02\\\/00054802.jpg\",\"articleSection\":[\"Bolet\u00edn\",\"Noticias\",\"Provinciales\",\"R\u00edo Negro\",\"Rotador\"],\"inLanguage\":\"es\",\"potentialAction\":[{\"@type\":\"CommentAction\",\"name\":\"Comment\",\"target\":[\"https:\\\/\\\/patagoniambiental.com.ar\\\/info\\\/los-edificios-publicos-en-el-valle-medio-tendran-un-diagnostico-energetico\\\/#respond\"]}]},{\"@type\":\"WebPage\",\"@id\":\"https:\\\/\\\/patagoniambiental.com.ar\\\/info\\\/los-edificios-publicos-en-el-valle-medio-tendran-un-diagnostico-energetico\\\/\",\"url\":\"https:\\\/\\\/patagoniambiental.com.ar\\\/info\\\/los-edificios-publicos-en-el-valle-medio-tendran-un-diagnostico-energetico\\\/\",\"name\":\"Los edificios p\u00fablicos en el Valle Medio tendr\u00e1n un diagn\u00f3stico energ\u00e9tico\",\"isPartOf\":{\"@id\":\"https:\\\/\\\/patagoniambiental.com.ar\\\/info\\\/#website\"},\"primaryImageOfPage\":{\"@id\":\"https:\\\/\\\/patagoniambiental.com.ar\\\/info\\\/los-edificios-publicos-en-el-valle-medio-tendran-un-diagnostico-energetico\\\/#primaryimage\"},\"image\":{\"@id\":\"https:\\\/\\\/patagoniambiental.com.ar\\\/info\\\/los-edificios-publicos-en-el-valle-medio-tendran-un-diagnostico-energetico\\\/#primaryimage\"},\"thumbnailUrl\":\"https:\\\/\\\/patagoniambiental.com.ar\\\/info\\\/wp-content\\\/uploads\\\/2021\\\/02\\\/00054802.jpg\",\"datePublished\":\"2021-02-18T22:00:24+00:00\",\"dateModified\":\"2021-02-19T12:28:58+00:00\",\"breadcrumb\":{\"@id\":\"https:\\\/\\\/patagoniambiental.com.ar\\\/info\\\/los-edificios-publicos-en-el-valle-medio-tendran-un-diagnostico-energetico\\\/#breadcrumb\"},\"inLanguage\":\"es\",\"potentialAction\":[{\"@type\":\"ReadAction\",\"target\":[\"https:\\\/\\\/patagoniambiental.com.ar\\\/info\\\/los-edificios-publicos-en-el-valle-medio-tendran-un-diagnostico-energetico\\\/\"]}]},{\"@type\":\"ImageObject\",\"inLanguage\":\"es\",\"@id\":\"https:\\\/\\\/patagoniambiental.com.ar\\\/info\\\/los-edificios-publicos-en-el-valle-medio-tendran-un-diagnostico-energetico\\\/#primaryimage\",\"url\":\"https:\\\/\\\/patagoniambiental.com.ar\\\/info\\\/wp-content\\\/uploads\\\/2021\\\/02\\\/00054802.jpg\",\"contentUrl\":\"https:\\\/\\\/patagoniambiental.com.ar\\\/info\\\/wp-content\\\/uploads\\\/2021\\\/02\\\/00054802.jpg\",\"width\":462,\"height\":308},{\"@type\":\"BreadcrumbList\",\"@id\":\"https:\\\/\\\/patagoniambiental.com.ar\\\/info\\\/los-edificios-publicos-en-el-valle-medio-tendran-un-diagnostico-energetico\\\/#breadcrumb\",\"itemListElement\":[{\"@type\":\"ListItem\",\"position\":1,\"name\":\"Inicio\",\"item\":\"https:\\\/\\\/patagoniambiental.com.ar\\\/info\\\/\"},{\"@type\":\"ListItem\",\"position\":2,\"name\":\"Los edificios p\u00fablicos en el Valle Medio tendr\u00e1n un diagn\u00f3stico energ\u00e9tico\"}]},{\"@type\":\"WebSite\",\"@id\":\"https:\\\/\\\/patagoniambiental.com.ar\\\/info\\\/#website\",\"url\":\"https:\\\/\\\/patagoniambiental.com.ar\\\/info\\\/\",\"name\":\"Patagonia Ambiental\",\"description\":\"Monitoreo y an\u00e1lisis de la situaci\u00f3n geopol\u00edtica en el mundo y su implicancia en la Patagonia\",\"publisher\":{\"@id\":\"https:\\\/\\\/patagoniambiental.com.ar\\\/info\\\/#organization\"},\"potentialAction\":[{\"@type\":\"SearchAction\",\"target\":{\"@type\":\"EntryPoint\",\"urlTemplate\":\"https:\\\/\\\/patagoniambiental.com.ar\\\/info\\\/?s={search_term_string}\"},\"query-input\":{\"@type\":\"PropertyValueSpecification\",\"valueRequired\":true,\"valueName\":\"search_term_string\"}}],\"inLanguage\":\"es\"},{\"@type\":\"Organization\",\"@id\":\"https:\\\/\\\/patagoniambiental.com.ar\\\/info\\\/#organization\",\"name\":\"Patagonia Ambiental\",\"url\":\"https:\\\/\\\/patagoniambiental.com.ar\\\/info\\\/\",\"logo\":{\"@type\":\"ImageObject\",\"inLanguage\":\"es\",\"@id\":\"https:\\\/\\\/patagoniambiental.com.ar\\\/info\\\/#\\\/schema\\\/logo\\\/image\\\/\",\"url\":\"https:\\\/\\\/patagoniambiental.com.ar\\\/info\\\/wp-content\\\/uploads\\\/2025\\\/05\\\/LOGO-PATAGONIA-AMBIENTAL.png\",\"contentUrl\":\"https:\\\/\\\/patagoniambiental.com.ar\\\/info\\\/wp-content\\\/uploads\\\/2025\\\/05\\\/LOGO-PATAGONIA-AMBIENTAL.png\",\"width\":433,\"height\":250,\"caption\":\"Patagonia Ambiental\"},\"image\":{\"@id\":\"https:\\\/\\\/patagoniambiental.com.ar\\\/info\\\/#\\\/schema\\\/logo\\\/image\\\/\"},\"sameAs\":[\"https:\\\/\\\/www.facebook.com\\\/patagonia.ambiental\",\"https:\\\/\\\/x.com\\\/PatAmb\"]},{\"@type\":\"Person\",\"@id\":\"https:\\\/\\\/patagoniambiental.com.ar\\\/info\\\/#\\\/schema\\\/person\\\/e5af09d700b2e82cb10c6b8800e0c691\",\"name\":\"BRAIAN ESTEVEZ\",\"sameAs\":[\"http:\\\/\\\/www.patagoniambiental.com.ar\"]}]}<\/script>\n<!-- \/ Yoast SEO Premium plugin. -->","yoast_head_json":{"title":"Los edificios p\u00fablicos en el Valle Medio tendr\u00e1n un diagn\u00f3stico energ\u00e9tico","robots":{"index":"index","follow":"follow","max-snippet":"max-snippet:-1","max-image-preview":"max-image-preview:large","max-video-preview":"max-video-preview:-1"},"canonical":"https:\/\/patagoniambiental.com.ar\/info\/los-edificios-publicos-en-el-valle-medio-tendran-un-diagnostico-energetico\/","og_locale":"es_ES","og_type":"article","og_title":"Los edificios p\u00fablicos en el Valle Medio tendr\u00e1n un diagn\u00f3stico energ\u00e9tico","og_description":"La Secretar\u00eda de Energ\u00eda provincial comenz\u00f3 este mi\u00e9rcoles la implementaci\u00f3n del diagn\u00f3stico energ\u00e9tico en edificios p\u00fablicos de ocho municipios del [&hellip;]","og_url":"https:\/\/patagoniambiental.com.ar\/info\/los-edificios-publicos-en-el-valle-medio-tendran-un-diagnostico-energetico\/","og_site_name":"Patagonia Ambiental","article_publisher":"https:\/\/www.facebook.com\/patagonia.ambiental","article_published_time":"2021-02-18T22:00:24+00:00","article_modified_time":"2021-02-19T12:28:58+00:00","og_image":[{"width":462,"height":308,"url":"https:\/\/patagoniambiental.com.ar\/info\/wp-content\/uploads\/2021\/02\/00054802.jpg","type":"image\/jpeg"}],"author":"BRAIAN ESTEVEZ","twitter_card":"summary_large_image","twitter_creator":"@PatAmb","twitter_site":"@PatAmb","schema":{"@context":"https:\/\/schema.org","@graph":[{"@type":"Article","@id":"https:\/\/patagoniambiental.com.ar\/info\/los-edificios-publicos-en-el-valle-medio-tendran-un-diagnostico-energetico\/#article","isPartOf":{"@id":"https:\/\/patagoniambiental.com.ar\/info\/los-edificios-publicos-en-el-valle-medio-tendran-un-diagnostico-energetico\/"},"author":{"name":"BRAIAN ESTEVEZ","@id":"https:\/\/patagoniambiental.com.ar\/info\/#\/schema\/person\/e5af09d700b2e82cb10c6b8800e0c691"},"headline":"Los edificios p\u00fablicos en el Valle Medio tendr\u00e1n un diagn\u00f3stico energ\u00e9tico","datePublished":"2021-02-18T22:00:24+00:00","dateModified":"2021-02-19T12:28:58+00:00","mainEntityOfPage":{"@id":"https:\/\/patagoniambiental.com.ar\/info\/los-edificios-publicos-en-el-valle-medio-tendran-un-diagnostico-energetico\/"},"wordCount":502,"commentCount":0,"publisher":{"@id":"https:\/\/patagoniambiental.com.ar\/info\/#organization"},"image":{"@id":"https:\/\/patagoniambiental.com.ar\/info\/los-edificios-publicos-en-el-valle-medio-tendran-un-diagnostico-energetico\/#primaryimage"},"thumbnailUrl":"https:\/\/patagoniambiental.com.ar\/info\/wp-content\/uploads\/2021\/02\/00054802.jpg","articleSection":["Bolet\u00edn","Noticias","Provinciales","R\u00edo Negro","Rotador"],"inLanguage":"es","potentialAction":[{"@type":"CommentAction","name":"Comment","target":["https:\/\/patagoniambiental.com.ar\/info\/los-edificios-publicos-en-el-valle-medio-tendran-un-diagnostico-energetico\/#respond"]}]},{"@type":"WebPage","@id":"https:\/\/patagoniambiental.com.ar\/info\/los-edificios-publicos-en-el-valle-medio-tendran-un-diagnostico-energetico\/","url":"https:\/\/patagoniambiental.com.ar\/info\/los-edificios-publicos-en-el-valle-medio-tendran-un-diagnostico-energetico\/","name":"Los edificios p\u00fablicos en el Valle Medio tendr\u00e1n un diagn\u00f3stico energ\u00e9tico","isPartOf":{"@id":"https:\/\/patagoniambiental.com.ar\/info\/#website"},"primaryImageOfPage":{"@id":"https:\/\/patagoniambiental.com.ar\/info\/los-edificios-publicos-en-el-valle-medio-tendran-un-diagnostico-energetico\/#primaryimage"},"image":{"@id":"https:\/\/patagoniambiental.com.ar\/info\/los-edificios-publicos-en-el-valle-medio-tendran-un-diagnostico-energetico\/#primaryimage"},"thumbnailUrl":"https:\/\/patagoniambiental.com.ar\/info\/wp-content\/uploads\/2021\/02\/00054802.jpg","datePublished":"2021-02-18T22:00:24+00:00","dateModified":"2021-02-19T12:28:58+00:00","breadcrumb":{"@id":"https:\/\/patagoniambiental.com.ar\/info\/los-edificios-publicos-en-el-valle-medio-tendran-un-diagnostico-energetico\/#breadcrumb"},"inLanguage":"es","potentialAction":[{"@type":"ReadAction","target":["https:\/\/patagoniambiental.com.ar\/info\/los-edificios-publicos-en-el-valle-medio-tendran-un-diagnostico-energetico\/"]}]},{"@type":"ImageObject","inLanguage":"es","@id":"https:\/\/patagoniambiental.com.ar\/info\/los-edificios-publicos-en-el-valle-medio-tendran-un-diagnostico-energetico\/#primaryimage","url":"https:\/\/patagoniambiental.com.ar\/info\/wp-content\/uploads\/2021\/02\/00054802.jpg","contentUrl":"https:\/\/patagoniambiental.com.ar\/info\/wp-content\/uploads\/2021\/02\/00054802.jpg","width":462,"height":308},{"@type":"BreadcrumbList","@id":"https:\/\/patagoniambiental.com.ar\/info\/los-edificios-publicos-en-el-valle-medio-tendran-un-diagnostico-energetico\/#breadcrumb","itemListElement":[{"@type":"ListItem","position":1,"name":"Inicio","item":"https:\/\/patagoniambiental.com.ar\/info\/"},{"@type":"ListItem","position":2,"name":"Los edificios p\u00fablicos en el Valle Medio tendr\u00e1n un diagn\u00f3stico energ\u00e9tico"}]},{"@type":"WebSite","@id":"https:\/\/patagoniambiental.com.ar\/info\/#website","url":"https:\/\/patagoniambiental.com.ar\/info\/","name":"Patagonia Ambiental","description":"Monitoreo y an\u00e1lisis de la situaci\u00f3n geopol\u00edtica en el mundo y su implicancia en la Patagonia","publisher":{"@id":"https:\/\/patagoniambiental.com.ar\/info\/#organization"},"potentialAction":[{"@type":"SearchAction","target":{"@type":"EntryPoint","urlTemplate":"https:\/\/patagoniambiental.com.ar\/info\/?s={search_term_string}"},"query-input":{"@type":"PropertyValueSpecification","valueRequired":true,"valueName":"search_term_string"}}],"inLanguage":"es"},{"@type":"Organization","@id":"https:\/\/patagoniambiental.com.ar\/info\/#organization","name":"Patagonia Ambiental","url":"https:\/\/patagoniambiental.com.ar\/info\/","logo":{"@type":"ImageObject","inLanguage":"es","@id":"https:\/\/patagoniambiental.com.ar\/info\/#\/schema\/logo\/image\/","url":"https:\/\/patagoniambiental.com.ar\/info\/wp-content\/uploads\/2025\/05\/LOGO-PATAGONIA-AMBIENTAL.png","contentUrl":"https:\/\/patagoniambiental.com.ar\/info\/wp-content\/uploads\/2025\/05\/LOGO-PATAGONIA-AMBIENTAL.png","width":433,"height":250,"caption":"Patagonia Ambiental"},"image":{"@id":"https:\/\/patagoniambiental.com.ar\/info\/#\/schema\/logo\/image\/"},"sameAs":["https:\/\/www.facebook.com\/patagonia.ambiental","https:\/\/x.com\/PatAmb"]},{"@type":"Person","@id":"https:\/\/patagoniambiental.com.ar\/info\/#\/schema\/person\/e5af09d700b2e82cb10c6b8800e0c691","name":"BRAIAN ESTEVEZ","sameAs":["http:\/\/www.patagoniambiental.com.ar"]}]}},"_links":{"self":[{"href":"https:\/\/patagoniambiental.com.ar\/info\/wp-json\/wp\/v2\/posts\/70978","targetHints":{"allow":["GET"]}}],"collection":[{"href":"https:\/\/patagoniambiental.com.ar\/info\/wp-json\/wp\/v2\/posts"}],"about":[{"href":"https:\/\/patagoniambiental.com.ar\/info\/wp-json\/wp\/v2\/types\/post"}],"author":[{"embeddable":true,"href":"https:\/\/patagoniambiental.com.ar\/info\/wp-json\/wp\/v2\/users\/6"}],"replies":[{"embeddable":true,"href":"https:\/\/patagoniambiental.com.ar\/info\/wp-json\/wp\/v2\/comments?post=70978"}],"version-history":[{"count":0,"href":"https:\/\/patagoniambiental.com.ar\/info\/wp-json\/wp\/v2\/posts\/70978\/revisions"}],"wp:featuredmedia":[{"embeddable":true,"href":"https:\/\/patagoniambiental.com.ar\/info\/wp-json\/wp\/v2\/media\/70979"}],"wp:attachment":[{"href":"https:\/\/patagoniambiental.com.ar\/info\/wp-json\/wp\/v2\/media?parent=70978"}],"wp:term":[{"taxonomy":"category","embeddable":true,"href":"https:\/\/patagoniambiental.com.ar\/info\/wp-json\/wp\/v2\/categories?post=70978"},{"taxonomy":"post_tag","embeddable":true,"href":"https:\/\/patagoniambiental.com.ar\/info\/wp-json\/wp\/v2\/tags?post=70978"}],"curies":[{"name":"wp","href":"https:\/\/api.w.org\/{rel}","templated":true}]}}