{"id":71089,"date":"2021-02-25T10:05:00","date_gmt":"2021-02-25T13:05:00","guid":{"rendered":"http:\/\/patagoniambiental.com.ar\/info\/?p=71089"},"modified":"2021-02-25T10:05:03","modified_gmt":"2021-02-25T13:05:03","slug":"cabandie-e-insaurralde-encabezaron-el-acto-de-entrega-de-maquinaria-para-la-gestion-de-residuos-de-lomas-de-zamora","status":"publish","type":"post","link":"https:\/\/patagoniambiental.com.ar\/info\/cabandie-e-insaurralde-encabezaron-el-acto-de-entrega-de-maquinaria-para-la-gestion-de-residuos-de-lomas-de-zamora\/","title":{"rendered":"Cabandi\u00e9 e Insaurralde encabezaron el acto de entrega de maquinaria para la gesti\u00f3n de residuos de Lomas de Zamora"},"content":{"rendered":"\n<!--more-->\n\n\n\n<p><em>La actividad se realiz\u00f3 en el Parque Municipal Eva Per\u00f3n, donde el titular de la cartera nacional ambiental entreg\u00f3 equipos para mejorar la gesti\u00f3n de residuos local junto al intendente Mart\u00edn Insaurralde.&nbsp;&nbsp;<\/em><br><strong>Ciudad Aut\u00f3noma de Buenos Aires, 24 de febrero de 2021.-<\/strong>&nbsp;El ministro de Ambiente y Desarrollo Sostenible, Juan Cabandi\u00e9, concurri\u00f3 al municipio bonaerense de Lomas de Zamora donde, junto al intendente Mart\u00edn Insaurralde, realizaron el acto de entrega de una serie de equipos para mejorar la higiene urbana y la gesti\u00f3n de residuos local, lo que cont\u00f3 con una inversi\u00f3n total de m\u00e1s de $ 100 millones.&nbsp;<\/p>\n\n\n\n<p>Durante la jornada, Cabandi\u00e9 explic\u00f3: \u201cEsta entrega de elementos estrat\u00e9gicos para realizar la tarea de tratamiento de residuos s\u00f3lidos urbanos es necesaria e importante\u201d, y felicit\u00f3 al intendente, Mart\u00edn Insaurralde y a todos los miembros del municipio \u201cpor la gesti\u00f3n ambiental que vienen desarrollando desde el a\u00f1o 2017\u201d.<\/p>\n\n\n\n<p>A eso sum\u00f3: \u201cHoy estamos entregando un equipamiento muy necesario para poder llevar adelante la gesti\u00f3n de residuos, los camiones recolectores y volcadores, as\u00ed como los puntos m\u00f3viles que permiten la interacci\u00f3n entre vecinos, vecinas y las pol\u00edticas p\u00fablicas ambientales del municipio\u201d, y agreg\u00f3 que \u201cno hay otra manera de trabajar sin esta interacci\u00f3n y es indispensable hacerlo con conciencia ambiental entre todos y todas para lograr una mejor calidad de vida y el bien com\u00fan\u201d.&nbsp;<\/p>\n\n\n\n<p>\u201cEn nuestro Gobierno, entregamos equipamiento para que la gesti\u00f3n de residuos en todo el pa\u00eds mejore la calidad de vida de cada uno de los ciudadanos y las ciudadanas d\u00eda a d\u00eda, ese es el compromiso con el cual trabajamos\u201d, finaliz\u00f3 el ministro.&nbsp;<\/p>\n\n\n\n<p>A su turno, el intendente agradeci\u00f3 al ministro Cabandi\u00e9: \u201cDesde el d\u00eda que asumi\u00f3 nos brind\u00f3 un gran impulso de inversi\u00f3n al municipio, que hace un gran esfuerzo para trabajar en la pol\u00edtica ambiental, en el plan de concientizaci\u00f3n y sensibilizaci\u00f3n, y en la gesti\u00f3n de residuos s\u00f3lidos urbanos\u201d.&nbsp;<\/p>\n\n\n\n<p>La entrega total para el municipio incluye elementos como autoelevador, cami\u00f3n volcador y con caja cerrada, minicargadora, balanza para cami\u00f3n y de piso, carrito recolector, chipeadora, enfardadora, guillotina de neum\u00e1ticos, planta de clasificaci\u00f3n y puntos verdes m\u00f3viles.&nbsp;<\/p>\n\n\n\n<p>La actividad forma parte de una nueva presencia por parte de la cartera ambiental nacional en el municipio para robustecer y acompa\u00f1ar el programa Eco-Lomas que desde abril de 2019 se articula en el municipio.&nbsp;<\/p>\n\n\n\n<p>Cabe mencionar que a trav\u00e9s de este programa, el distrito implement\u00f3 30 puntos verdes para la separaci\u00f3n en origen y m\u00e1s de 100 escuelas brindan charlas de educaci\u00f3n y separaci\u00f3n de residuos en las instituciones.&nbsp;<\/p>\n\n\n\n<p>Adem\u00e1s, el municipio de Lomas de Zamora recibi\u00f3 400 kits de insumos de protecci\u00f3n personal para optimizar la tarea de las y los recicladores urbanos, que contaron con una inversi\u00f3n de m\u00e1s de 8 millones y medio de pesos y forman parte de los 5 mil elementos entregados por Cabandi\u00e9 para 44 localidades de la provincia de Buenos Aires.&nbsp;<\/p>\n\n\n\n<p>Durante el acto, los funcionarios realizaron la firma del convenio en el marco del Plan Integral Casa Com\u00fan para el proyecto \u201cCorredor Verde Reserva municipal Santa Catalina\u201d que busca producir plantas nativas para la restauraci\u00f3n de la mencionada reserva, como as\u00ed tambi\u00e9n otras \u00e1reas verdes del municipio y arbolado p\u00fablico. El monto de la inversi\u00f3n es de 5 millones y medio de pesos y el plazo de ejecuci\u00f3n ser\u00e1 de tres meses. Asimismo, el municipio tiene presentado otros 5 proyectos por un total de 14 millones de pesos en proceso de evaluaci\u00f3n.&nbsp;<\/p>\n\n\n\n<p>Acompa\u00f1aron a los funcionarios: el secretario de Ambiente de Lomas de Zamora, Emiliano Baloira; la diputada nacional de la provincia de Buenos Aires, Daniela Vilar y el presidente de la C\u00e1mara de Diputados de la misma provincia, Federico Oterm\u00edn.&nbsp;<\/p>\n\n\n\n<p>Para acceder al material fotogr\u00e1fico y audiovisual, <a rel=\"noreferrer noopener\" class=\"\" href=\"https:\/\/ambiente.tr.pemsv30.net\/c\/eyJhIjoiYW1iaWVudGUiLCJtIjoibWFpbF9ja2xrMWhpZG1oeHh3MDc5NWdkY2lxbW4yIiwibCI6ImxpbmtfYjEyNWNmM2Q3NDBiNjUzZGUyMDNiNDE1YzFkODlhZDIxMDEyOWFkMSIsImkiOltdLCJ1IjoiaHR0cHM6Ly9kcml2ZS5nb29nbGUuY29tL2RyaXZlL2ZvbGRlcnMvMVpObnhEUFRveFBsQUJ1amtVMUlrX1hhQ083a2pMTk52P3VzcD1zaGFyaW5nIiwiYyI6IiIsImgiOiI4ZTg3ZTAifQ\" target=\"_blank\">cliquear aqu\u00ed<\/a>.<\/p>\n\n\n\n<p>Fuente: Ministerio de Ambiente de Naci\u00f3n<\/p>\n","protected":false},"excerpt":{"rendered":"","protected":false},"author":6,"featured_media":71090,"comment_status":"open","ping_status":"open","sticky":false,"template":"","format":"standard","meta":{"site-sidebar-layout":"default","site-content-layout":"","ast-site-content-layout":"default","site-content-style":"default","site-sidebar-style":"default","ast-global-header-display":"","ast-banner-title-visibility":"","ast-main-header-display":"","ast-hfb-above-header-display":"","ast-hfb-below-header-display":"","ast-hfb-mobile-header-display":"","site-post-title":"","ast-breadcrumbs-content":"","ast-featured-img":"","footer-sml-layout":"","ast-disable-related-posts":"","theme-transparent-header-meta":"","adv-header-id-meta":"","stick-header-meta":"","header-above-stick-meta":"","header-main-stick-meta":"","header-below-stick-meta":"","astra-migrate-meta-layouts":"default","ast-page-background-enabled":"default","ast-page-background-meta":{"desktop":{"background-color":"var(--ast-global-color-5)","background-image":"","background-repeat":"repeat","background-position":"center center","background-size":"auto","background-attachment":"scroll","background-type":"","background-media":"","overlay-type":"","overlay-color":"","overlay-opacity":"","overlay-gradient":""},"tablet":{"background-color":"","background-image":"","background-repeat":"repeat","background-position":"center center","background-size":"auto","background-attachment":"scroll","background-type":"","background-media":"","overlay-type":"","overlay-color":"","overlay-opacity":"","overlay-gradient":""},"mobile":{"background-color":"","background-image":"","background-repeat":"repeat","background-position":"center center","background-size":"auto","background-attachment":"scroll","background-type":"","background-media":"","overlay-type":"","overlay-color":"","overlay-opacity":"","overlay-gradient":""}},"ast-content-background-meta":{"desktop":{"background-color":"var(--ast-global-color-4)","background-image":"","background-repeat":"repeat","background-position":"center center","background-size":"auto","background-attachment":"scroll","background-type":"","background-media":"","overlay-type":"","overlay-color":"","overlay-opacity":"","overlay-gradient":""},"tablet":{"background-color":"var(--ast-global-color-4)","background-image":"","background-repeat":"repeat","background-position":"center center","background-size":"auto","background-attachment":"scroll","background-type":"","background-media":"","overlay-type":"","overlay-color":"","overlay-opacity":"","overlay-gradient":""},"mobile":{"background-color":"var(--ast-global-color-4)","background-image":"","background-repeat":"repeat","background-position":"center center","background-size":"auto","background-attachment":"scroll","background-type":"","background-media":"","overlay-type":"","overlay-color":"","overlay-opacity":"","overlay-gradient":""}},"footnotes":""},"categories":[1],"tags":[],"class_list":["post-71089","post","type-post","status-publish","format-standard","has-post-thumbnail","hentry","category-noticias"],"yoast_head":"<!-- This site is optimized with the Yoast SEO Premium plugin v23.0 (Yoast SEO v27.4) - https:\/\/yoast.com\/product\/yoast-seo-premium-wordpress\/ -->\n<title>Cabandi\u00e9 e Insaurralde encabezaron el acto de entrega de maquinaria para la gesti\u00f3n de residuos de Lomas de Zamora<\/title>\n<meta name=\"robots\" content=\"index, follow, max-snippet:-1, max-image-preview:large, max-video-preview:-1\" \/>\n<link rel=\"canonical\" href=\"https:\/\/patagoniambiental.com.ar\/info\/cabandie-e-insaurralde-encabezaron-el-acto-de-entrega-de-maquinaria-para-la-gestion-de-residuos-de-lomas-de-zamora\/\" \/>\n<meta property=\"og:locale\" content=\"es_ES\" \/>\n<meta property=\"og:type\" content=\"article\" \/>\n<meta property=\"og:title\" content=\"Cabandi\u00e9 e Insaurralde encabezaron el acto de entrega de maquinaria para la gesti\u00f3n de residuos de Lomas de Zamora\" \/>\n<meta property=\"og:url\" content=\"https:\/\/patagoniambiental.com.ar\/info\/cabandie-e-insaurralde-encabezaron-el-acto-de-entrega-de-maquinaria-para-la-gestion-de-residuos-de-lomas-de-zamora\/\" \/>\n<meta property=\"og:site_name\" content=\"Patagonia Ambiental\" \/>\n<meta property=\"article:publisher\" content=\"https:\/\/www.facebook.com\/patagonia.ambiental\" \/>\n<meta property=\"article:published_time\" content=\"2021-02-25T13:05:00+00:00\" \/>\n<meta property=\"article:modified_time\" content=\"2021-02-25T13:05:03+00:00\" \/>\n<meta property=\"og:image\" content=\"https:\/\/patagoniambiental.com.ar\/info\/wp-content\/uploads\/2021\/02\/jc-en-lomas-ppal.jpg\" \/>\n\t<meta property=\"og:image:width\" content=\"600\" \/>\n\t<meta property=\"og:image:height\" content=\"400\" \/>\n\t<meta property=\"og:image:type\" content=\"image\/jpeg\" \/>\n<meta name=\"author\" content=\"BRAIAN ESTEVEZ\" \/>\n<meta name=\"twitter:card\" content=\"summary_large_image\" \/>\n<meta name=\"twitter:creator\" content=\"@PatAmb\" \/>\n<meta name=\"twitter:site\" content=\"@PatAmb\" \/>\n<script type=\"application\/ld+json\" class=\"yoast-schema-graph\">{\"@context\":\"https:\\\/\\\/schema.org\",\"@graph\":[{\"@type\":\"Article\",\"@id\":\"https:\\\/\\\/patagoniambiental.com.ar\\\/info\\\/cabandie-e-insaurralde-encabezaron-el-acto-de-entrega-de-maquinaria-para-la-gestion-de-residuos-de-lomas-de-zamora\\\/#article\",\"isPartOf\":{\"@id\":\"https:\\\/\\\/patagoniambiental.com.ar\\\/info\\\/cabandie-e-insaurralde-encabezaron-el-acto-de-entrega-de-maquinaria-para-la-gestion-de-residuos-de-lomas-de-zamora\\\/\"},\"author\":{\"name\":\"BRAIAN ESTEVEZ\",\"@id\":\"https:\\\/\\\/patagoniambiental.com.ar\\\/info\\\/#\\\/schema\\\/person\\\/e5af09d700b2e82cb10c6b8800e0c691\"},\"headline\":\"Cabandi\u00e9 e Insaurralde encabezaron el acto de entrega de maquinaria para la gesti\u00f3n de residuos de Lomas de Zamora\",\"datePublished\":\"2021-02-25T13:05:00+00:00\",\"dateModified\":\"2021-02-25T13:05:03+00:00\",\"mainEntityOfPage\":{\"@id\":\"https:\\\/\\\/patagoniambiental.com.ar\\\/info\\\/cabandie-e-insaurralde-encabezaron-el-acto-de-entrega-de-maquinaria-para-la-gestion-de-residuos-de-lomas-de-zamora\\\/\"},\"wordCount\":704,\"commentCount\":0,\"publisher\":{\"@id\":\"https:\\\/\\\/patagoniambiental.com.ar\\\/info\\\/#organization\"},\"image\":{\"@id\":\"https:\\\/\\\/patagoniambiental.com.ar\\\/info\\\/cabandie-e-insaurralde-encabezaron-el-acto-de-entrega-de-maquinaria-para-la-gestion-de-residuos-de-lomas-de-zamora\\\/#primaryimage\"},\"thumbnailUrl\":\"https:\\\/\\\/patagoniambiental.com.ar\\\/info\\\/wp-content\\\/uploads\\\/2021\\\/02\\\/jc-en-lomas-ppal.jpg\",\"articleSection\":[\"Noticias\"],\"inLanguage\":\"es\",\"potentialAction\":[{\"@type\":\"CommentAction\",\"name\":\"Comment\",\"target\":[\"https:\\\/\\\/patagoniambiental.com.ar\\\/info\\\/cabandie-e-insaurralde-encabezaron-el-acto-de-entrega-de-maquinaria-para-la-gestion-de-residuos-de-lomas-de-zamora\\\/#respond\"]}]},{\"@type\":\"WebPage\",\"@id\":\"https:\\\/\\\/patagoniambiental.com.ar\\\/info\\\/cabandie-e-insaurralde-encabezaron-el-acto-de-entrega-de-maquinaria-para-la-gestion-de-residuos-de-lomas-de-zamora\\\/\",\"url\":\"https:\\\/\\\/patagoniambiental.com.ar\\\/info\\\/cabandie-e-insaurralde-encabezaron-el-acto-de-entrega-de-maquinaria-para-la-gestion-de-residuos-de-lomas-de-zamora\\\/\",\"name\":\"Cabandi\u00e9 e Insaurralde encabezaron el acto de entrega de maquinaria para la gesti\u00f3n de residuos de Lomas de Zamora\",\"isPartOf\":{\"@id\":\"https:\\\/\\\/patagoniambiental.com.ar\\\/info\\\/#website\"},\"primaryImageOfPage\":{\"@id\":\"https:\\\/\\\/patagoniambiental.com.ar\\\/info\\\/cabandie-e-insaurralde-encabezaron-el-acto-de-entrega-de-maquinaria-para-la-gestion-de-residuos-de-lomas-de-zamora\\\/#primaryimage\"},\"image\":{\"@id\":\"https:\\\/\\\/patagoniambiental.com.ar\\\/info\\\/cabandie-e-insaurralde-encabezaron-el-acto-de-entrega-de-maquinaria-para-la-gestion-de-residuos-de-lomas-de-zamora\\\/#primaryimage\"},\"thumbnailUrl\":\"https:\\\/\\\/patagoniambiental.com.ar\\\/info\\\/wp-content\\\/uploads\\\/2021\\\/02\\\/jc-en-lomas-ppal.jpg\",\"datePublished\":\"2021-02-25T13:05:00+00:00\",\"dateModified\":\"2021-02-25T13:05:03+00:00\",\"breadcrumb\":{\"@id\":\"https:\\\/\\\/patagoniambiental.com.ar\\\/info\\\/cabandie-e-insaurralde-encabezaron-el-acto-de-entrega-de-maquinaria-para-la-gestion-de-residuos-de-lomas-de-zamora\\\/#breadcrumb\"},\"inLanguage\":\"es\",\"potentialAction\":[{\"@type\":\"ReadAction\",\"target\":[\"https:\\\/\\\/patagoniambiental.com.ar\\\/info\\\/cabandie-e-insaurralde-encabezaron-el-acto-de-entrega-de-maquinaria-para-la-gestion-de-residuos-de-lomas-de-zamora\\\/\"]}]},{\"@type\":\"ImageObject\",\"inLanguage\":\"es\",\"@id\":\"https:\\\/\\\/patagoniambiental.com.ar\\\/info\\\/cabandie-e-insaurralde-encabezaron-el-acto-de-entrega-de-maquinaria-para-la-gestion-de-residuos-de-lomas-de-zamora\\\/#primaryimage\",\"url\":\"https:\\\/\\\/patagoniambiental.com.ar\\\/info\\\/wp-content\\\/uploads\\\/2021\\\/02\\\/jc-en-lomas-ppal.jpg\",\"contentUrl\":\"https:\\\/\\\/patagoniambiental.com.ar\\\/info\\\/wp-content\\\/uploads\\\/2021\\\/02\\\/jc-en-lomas-ppal.jpg\",\"width\":600,\"height\":400},{\"@type\":\"BreadcrumbList\",\"@id\":\"https:\\\/\\\/patagoniambiental.com.ar\\\/info\\\/cabandie-e-insaurralde-encabezaron-el-acto-de-entrega-de-maquinaria-para-la-gestion-de-residuos-de-lomas-de-zamora\\\/#breadcrumb\",\"itemListElement\":[{\"@type\":\"ListItem\",\"position\":1,\"name\":\"Inicio\",\"item\":\"https:\\\/\\\/patagoniambiental.com.ar\\\/info\\\/\"},{\"@type\":\"ListItem\",\"position\":2,\"name\":\"Cabandi\u00e9 e Insaurralde encabezaron el acto de entrega de maquinaria para la gesti\u00f3n de residuos de Lomas de Zamora\"}]},{\"@type\":\"WebSite\",\"@id\":\"https:\\\/\\\/patagoniambiental.com.ar\\\/info\\\/#website\",\"url\":\"https:\\\/\\\/patagoniambiental.com.ar\\\/info\\\/\",\"name\":\"Patagonia Ambiental\",\"description\":\"Monitoreo y an\u00e1lisis de la situaci\u00f3n geopol\u00edtica en el mundo y su implicancia en la Patagonia\",\"publisher\":{\"@id\":\"https:\\\/\\\/patagoniambiental.com.ar\\\/info\\\/#organization\"},\"potentialAction\":[{\"@type\":\"SearchAction\",\"target\":{\"@type\":\"EntryPoint\",\"urlTemplate\":\"https:\\\/\\\/patagoniambiental.com.ar\\\/info\\\/?s={search_term_string}\"},\"query-input\":{\"@type\":\"PropertyValueSpecification\",\"valueRequired\":true,\"valueName\":\"search_term_string\"}}],\"inLanguage\":\"es\"},{\"@type\":\"Organization\",\"@id\":\"https:\\\/\\\/patagoniambiental.com.ar\\\/info\\\/#organization\",\"name\":\"Patagonia Ambiental\",\"url\":\"https:\\\/\\\/patagoniambiental.com.ar\\\/info\\\/\",\"logo\":{\"@type\":\"ImageObject\",\"inLanguage\":\"es\",\"@id\":\"https:\\\/\\\/patagoniambiental.com.ar\\\/info\\\/#\\\/schema\\\/logo\\\/image\\\/\",\"url\":\"https:\\\/\\\/patagoniambiental.com.ar\\\/info\\\/wp-content\\\/uploads\\\/2025\\\/05\\\/LOGO-PATAGONIA-AMBIENTAL.png\",\"contentUrl\":\"https:\\\/\\\/patagoniambiental.com.ar\\\/info\\\/wp-content\\\/uploads\\\/2025\\\/05\\\/LOGO-PATAGONIA-AMBIENTAL.png\",\"width\":433,\"height\":250,\"caption\":\"Patagonia Ambiental\"},\"image\":{\"@id\":\"https:\\\/\\\/patagoniambiental.com.ar\\\/info\\\/#\\\/schema\\\/logo\\\/image\\\/\"},\"sameAs\":[\"https:\\\/\\\/www.facebook.com\\\/patagonia.ambiental\",\"https:\\\/\\\/x.com\\\/PatAmb\"]},{\"@type\":\"Person\",\"@id\":\"https:\\\/\\\/patagoniambiental.com.ar\\\/info\\\/#\\\/schema\\\/person\\\/e5af09d700b2e82cb10c6b8800e0c691\",\"name\":\"BRAIAN ESTEVEZ\",\"sameAs\":[\"http:\\\/\\\/www.patagoniambiental.com.ar\"]}]}<\/script>\n<!-- \/ Yoast SEO Premium plugin. -->","yoast_head_json":{"title":"Cabandi\u00e9 e Insaurralde encabezaron el acto de entrega de maquinaria para la gesti\u00f3n de residuos de Lomas de Zamora","robots":{"index":"index","follow":"follow","max-snippet":"max-snippet:-1","max-image-preview":"max-image-preview:large","max-video-preview":"max-video-preview:-1"},"canonical":"https:\/\/patagoniambiental.com.ar\/info\/cabandie-e-insaurralde-encabezaron-el-acto-de-entrega-de-maquinaria-para-la-gestion-de-residuos-de-lomas-de-zamora\/","og_locale":"es_ES","og_type":"article","og_title":"Cabandi\u00e9 e Insaurralde encabezaron el acto de entrega de maquinaria para la gesti\u00f3n de residuos de Lomas de Zamora","og_url":"https:\/\/patagoniambiental.com.ar\/info\/cabandie-e-insaurralde-encabezaron-el-acto-de-entrega-de-maquinaria-para-la-gestion-de-residuos-de-lomas-de-zamora\/","og_site_name":"Patagonia Ambiental","article_publisher":"https:\/\/www.facebook.com\/patagonia.ambiental","article_published_time":"2021-02-25T13:05:00+00:00","article_modified_time":"2021-02-25T13:05:03+00:00","og_image":[{"width":600,"height":400,"url":"https:\/\/patagoniambiental.com.ar\/info\/wp-content\/uploads\/2021\/02\/jc-en-lomas-ppal.jpg","type":"image\/jpeg"}],"author":"BRAIAN ESTEVEZ","twitter_card":"summary_large_image","twitter_creator":"@PatAmb","twitter_site":"@PatAmb","schema":{"@context":"https:\/\/schema.org","@graph":[{"@type":"Article","@id":"https:\/\/patagoniambiental.com.ar\/info\/cabandie-e-insaurralde-encabezaron-el-acto-de-entrega-de-maquinaria-para-la-gestion-de-residuos-de-lomas-de-zamora\/#article","isPartOf":{"@id":"https:\/\/patagoniambiental.com.ar\/info\/cabandie-e-insaurralde-encabezaron-el-acto-de-entrega-de-maquinaria-para-la-gestion-de-residuos-de-lomas-de-zamora\/"},"author":{"name":"BRAIAN ESTEVEZ","@id":"https:\/\/patagoniambiental.com.ar\/info\/#\/schema\/person\/e5af09d700b2e82cb10c6b8800e0c691"},"headline":"Cabandi\u00e9 e Insaurralde encabezaron el acto de entrega de maquinaria para la gesti\u00f3n de residuos de Lomas de Zamora","datePublished":"2021-02-25T13:05:00+00:00","dateModified":"2021-02-25T13:05:03+00:00","mainEntityOfPage":{"@id":"https:\/\/patagoniambiental.com.ar\/info\/cabandie-e-insaurralde-encabezaron-el-acto-de-entrega-de-maquinaria-para-la-gestion-de-residuos-de-lomas-de-zamora\/"},"wordCount":704,"commentCount":0,"publisher":{"@id":"https:\/\/patagoniambiental.com.ar\/info\/#organization"},"image":{"@id":"https:\/\/patagoniambiental.com.ar\/info\/cabandie-e-insaurralde-encabezaron-el-acto-de-entrega-de-maquinaria-para-la-gestion-de-residuos-de-lomas-de-zamora\/#primaryimage"},"thumbnailUrl":"https:\/\/patagoniambiental.com.ar\/info\/wp-content\/uploads\/2021\/02\/jc-en-lomas-ppal.jpg","articleSection":["Noticias"],"inLanguage":"es","potentialAction":[{"@type":"CommentAction","name":"Comment","target":["https:\/\/patagoniambiental.com.ar\/info\/cabandie-e-insaurralde-encabezaron-el-acto-de-entrega-de-maquinaria-para-la-gestion-de-residuos-de-lomas-de-zamora\/#respond"]}]},{"@type":"WebPage","@id":"https:\/\/patagoniambiental.com.ar\/info\/cabandie-e-insaurralde-encabezaron-el-acto-de-entrega-de-maquinaria-para-la-gestion-de-residuos-de-lomas-de-zamora\/","url":"https:\/\/patagoniambiental.com.ar\/info\/cabandie-e-insaurralde-encabezaron-el-acto-de-entrega-de-maquinaria-para-la-gestion-de-residuos-de-lomas-de-zamora\/","name":"Cabandi\u00e9 e Insaurralde encabezaron el acto de entrega de maquinaria para la gesti\u00f3n de residuos de Lomas de Zamora","isPartOf":{"@id":"https:\/\/patagoniambiental.com.ar\/info\/#website"},"primaryImageOfPage":{"@id":"https:\/\/patagoniambiental.com.ar\/info\/cabandie-e-insaurralde-encabezaron-el-acto-de-entrega-de-maquinaria-para-la-gestion-de-residuos-de-lomas-de-zamora\/#primaryimage"},"image":{"@id":"https:\/\/patagoniambiental.com.ar\/info\/cabandie-e-insaurralde-encabezaron-el-acto-de-entrega-de-maquinaria-para-la-gestion-de-residuos-de-lomas-de-zamora\/#primaryimage"},"thumbnailUrl":"https:\/\/patagoniambiental.com.ar\/info\/wp-content\/uploads\/2021\/02\/jc-en-lomas-ppal.jpg","datePublished":"2021-02-25T13:05:00+00:00","dateModified":"2021-02-25T13:05:03+00:00","breadcrumb":{"@id":"https:\/\/patagoniambiental.com.ar\/info\/cabandie-e-insaurralde-encabezaron-el-acto-de-entrega-de-maquinaria-para-la-gestion-de-residuos-de-lomas-de-zamora\/#breadcrumb"},"inLanguage":"es","potentialAction":[{"@type":"ReadAction","target":["https:\/\/patagoniambiental.com.ar\/info\/cabandie-e-insaurralde-encabezaron-el-acto-de-entrega-de-maquinaria-para-la-gestion-de-residuos-de-lomas-de-zamora\/"]}]},{"@type":"ImageObject","inLanguage":"es","@id":"https:\/\/patagoniambiental.com.ar\/info\/cabandie-e-insaurralde-encabezaron-el-acto-de-entrega-de-maquinaria-para-la-gestion-de-residuos-de-lomas-de-zamora\/#primaryimage","url":"https:\/\/patagoniambiental.com.ar\/info\/wp-content\/uploads\/2021\/02\/jc-en-lomas-ppal.jpg","contentUrl":"https:\/\/patagoniambiental.com.ar\/info\/wp-content\/uploads\/2021\/02\/jc-en-lomas-ppal.jpg","width":600,"height":400},{"@type":"BreadcrumbList","@id":"https:\/\/patagoniambiental.com.ar\/info\/cabandie-e-insaurralde-encabezaron-el-acto-de-entrega-de-maquinaria-para-la-gestion-de-residuos-de-lomas-de-zamora\/#breadcrumb","itemListElement":[{"@type":"ListItem","position":1,"name":"Inicio","item":"https:\/\/patagoniambiental.com.ar\/info\/"},{"@type":"ListItem","position":2,"name":"Cabandi\u00e9 e Insaurralde encabezaron el acto de entrega de maquinaria para la gesti\u00f3n de residuos de Lomas de Zamora"}]},{"@type":"WebSite","@id":"https:\/\/patagoniambiental.com.ar\/info\/#website","url":"https:\/\/patagoniambiental.com.ar\/info\/","name":"Patagonia Ambiental","description":"Monitoreo y an\u00e1lisis de la situaci\u00f3n geopol\u00edtica en el mundo y su implicancia en la Patagonia","publisher":{"@id":"https:\/\/patagoniambiental.com.ar\/info\/#organization"},"potentialAction":[{"@type":"SearchAction","target":{"@type":"EntryPoint","urlTemplate":"https:\/\/patagoniambiental.com.ar\/info\/?s={search_term_string}"},"query-input":{"@type":"PropertyValueSpecification","valueRequired":true,"valueName":"search_term_string"}}],"inLanguage":"es"},{"@type":"Organization","@id":"https:\/\/patagoniambiental.com.ar\/info\/#organization","name":"Patagonia Ambiental","url":"https:\/\/patagoniambiental.com.ar\/info\/","logo":{"@type":"ImageObject","inLanguage":"es","@id":"https:\/\/patagoniambiental.com.ar\/info\/#\/schema\/logo\/image\/","url":"https:\/\/patagoniambiental.com.ar\/info\/wp-content\/uploads\/2025\/05\/LOGO-PATAGONIA-AMBIENTAL.png","contentUrl":"https:\/\/patagoniambiental.com.ar\/info\/wp-content\/uploads\/2025\/05\/LOGO-PATAGONIA-AMBIENTAL.png","width":433,"height":250,"caption":"Patagonia Ambiental"},"image":{"@id":"https:\/\/patagoniambiental.com.ar\/info\/#\/schema\/logo\/image\/"},"sameAs":["https:\/\/www.facebook.com\/patagonia.ambiental","https:\/\/x.com\/PatAmb"]},{"@type":"Person","@id":"https:\/\/patagoniambiental.com.ar\/info\/#\/schema\/person\/e5af09d700b2e82cb10c6b8800e0c691","name":"BRAIAN ESTEVEZ","sameAs":["http:\/\/www.patagoniambiental.com.ar"]}]}},"_links":{"self":[{"href":"https:\/\/patagoniambiental.com.ar\/info\/wp-json\/wp\/v2\/posts\/71089","targetHints":{"allow":["GET"]}}],"collection":[{"href":"https:\/\/patagoniambiental.com.ar\/info\/wp-json\/wp\/v2\/posts"}],"about":[{"href":"https:\/\/patagoniambiental.com.ar\/info\/wp-json\/wp\/v2\/types\/post"}],"author":[{"embeddable":true,"href":"https:\/\/patagoniambiental.com.ar\/info\/wp-json\/wp\/v2\/users\/6"}],"replies":[{"embeddable":true,"href":"https:\/\/patagoniambiental.com.ar\/info\/wp-json\/wp\/v2\/comments?post=71089"}],"version-history":[{"count":0,"href":"https:\/\/patagoniambiental.com.ar\/info\/wp-json\/wp\/v2\/posts\/71089\/revisions"}],"wp:featuredmedia":[{"embeddable":true,"href":"https:\/\/patagoniambiental.com.ar\/info\/wp-json\/wp\/v2\/media\/71090"}],"wp:attachment":[{"href":"https:\/\/patagoniambiental.com.ar\/info\/wp-json\/wp\/v2\/media?parent=71089"}],"wp:term":[{"taxonomy":"category","embeddable":true,"href":"https:\/\/patagoniambiental.com.ar\/info\/wp-json\/wp\/v2\/categories?post=71089"},{"taxonomy":"post_tag","embeddable":true,"href":"https:\/\/patagoniambiental.com.ar\/info\/wp-json\/wp\/v2\/tags?post=71089"}],"curies":[{"name":"wp","href":"https:\/\/api.w.org\/{rel}","templated":true}]}}