{"id":71155,"date":"2021-03-02T07:00:00","date_gmt":"2021-03-02T10:00:00","guid":{"rendered":"http:\/\/patagoniambiental.com.ar\/info\/?p=71155"},"modified":"2021-03-02T09:21:08","modified_gmt":"2021-03-02T12:21:08","slug":"biogas-la-planta-de-25-de-mayo-introducira-2-megavatios-de-energia-al-sistema-nacional","status":"publish","type":"post","link":"https:\/\/patagoniambiental.com.ar\/info\/biogas-la-planta-de-25-de-mayo-introducira-2-megavatios-de-energia-al-sistema-nacional\/","title":{"rendered":"Biogas: la planta de 25 de Mayo introducir\u00e1 2 megavatios de energ\u00eda al sistema nacional"},"content":{"rendered":"\n<!--more-->\n\n\n\n<p>Es la m\u00e1s austrasl del mundo. La empresa tiene previsto pasar de 4000 a 12.000 animales para trabajar.&nbsp;<strong>\u00abEso va acompa\u00f1ado de una ampliaci\u00f3n de la superficie bajo riego\u00bb<\/strong>, dijo el gerente.<\/p>\n\n\n\n<p>La planta de biog\u00e1s ubicada en la localidad pampeana de 25 de Mayo produce 2,4 megavatios de energ\u00eda, de los cuales 2 se introducen al sistema el\u00e9ctrico nacional a trav\u00e9s de CAMMESA. El resto de lo producido permite el funcionamiento de la planta perteneciente a la empresa AB Agro y AB Energ\u00eda.<\/p>\n\n\n\n<p>Daniel Barruti, gerente operativo de la empresa, detall\u00f3 la importante inversi\u00f3n que viene realizando la empresa en la zona de 25 de Mayo con la utilizaci\u00f3n y aprovechamiento del agua del r\u00edo Colorado. Pr\u00f3ximamente, la empresa generar\u00e1 energ\u00eda que ser\u00e1 entregada al sistema el\u00e9ctrico nacional.<\/p>\n\n\n\n<p>\u00abA principios del a\u00f1o 2018 surgi\u00f3 la idea de llevar a cabo este proyecto. Se hizo un estudio de impacto ambiental de algo que no ten\u00eda antecedentes ni reglamentaci\u00f3n en La Pampa\u00bb, relat\u00f3 Barrutti. \u00abFue un proyecto donde todos aprendimos: medio ambiente, las instituciones relacionadas al mismo. Luego de un a\u00f1o, ese proyecto fue aprobado y en marzo de 2019 empez\u00f3 la obra civil\u00bb, agreg\u00f3.<\/p>\n\n\n\n<p>La pandemia sum\u00f3 problemas para el avance de la obra, seg\u00fan cont\u00f3 el gerente. \u00abVen\u00edan t\u00e9cnicos de distintos puntos del pa\u00eds y muchos de ellos dependiendo de la etapa en la que se encontraron quedaban en cuarentena cumpliendo todas las exigencias sanitarias para trabajar 5 d\u00edas\u00bb, indic\u00f3 Barrutti.<\/p>\n\n\n\n<p>Y detall\u00f3 que la empresa ten\u00eda una vivienda separada del resto \u00abpara que se radicara esa gente y pudiera trabajar lejos del resto de los empleados. Por suerte, el campo permite moverse de una forma distinta a una oficina de la ciudad\u00bb.<\/p>\n\n\n\n<p>Agradeci\u00f3 adem\u00e1s al Gobierno de La Pampa \u00abque facilit\u00f3 que nuestros t\u00e9cnicos pudieran ingresar a la provincia siempre y cuando se cumplieran todos los protocolos correspondientes y necesarios exigidos\u00bb, mientras que la parte directiva se hizo en forma virtual y toda la mano de obra ocupada fue local.<\/p>\n\n\n\n<p><strong>Proceso<\/strong><\/p>\n\n\n\n<p>Daniel Barrutti detall\u00f3 el proceso de producci\u00f3n que desarrolla la empresa en la localidad pampeana, desarrollado en varios frentes.<\/p>\n\n\n\n<p>\u00abComenzamos por un lado con la siembra del ma\u00edz, el picado y ensilado del mismo. Por otro lado el encierre de la hacienda, el engorde, la producci\u00f3n de esti\u00e9rcol de los animales. Sacamos la producci\u00f3n de carne y de esti\u00e9rcol, dos recursos muy importantes que alimentan a los digestores donde se produce el gas\u00bb, relat\u00f3 el gerente.<\/p>\n\n\n\n<p>Y ampli\u00f3: \u00abEse gas se produce por una fermentaci\u00f3n de bacterias que ya viene en el esti\u00e9rcol del animal, se le van dando las condiciones de temperatura, humedad y dem\u00e1s para que se produzca ese gas metano que luego se transformar\u00e1 en energ\u00eda. Es algo que parece simple, pero tiene su complejidad biol\u00f3gica, sus correcciones qu\u00edmicas hasta que se logra la calidad de producto que es el metano y es lo que necesitan los motores para transformarlo en energ\u00eda\u00bb.<\/p>\n\n\n\n<p>Una vez que se produce el metano, en los grandes tanques de la planta \u00abpor un lado sale el gas y por el otro un material pobre con materia org\u00e1nica degradada y es separado por bombas en una parte l\u00edquida y otra s\u00f3lida\u00bb, ampli\u00f3 Barrutti.<\/p>\n\n\n\n<p>En cuanto a lo s\u00f3lido, manifest\u00f3 que \u00abse derrama sobre los cultivos en determinados momentos claves con carros estiercoleros y la parte l\u00edquida va hacia una laguna, sin olor que luego se bombea a los equipos de riego, se mezcla con el agua y va a los pivotes y devuelven todo ese material al suelo para la pr\u00f3xima siembra de ma\u00edz, sorgo, vicia y todo lo que forma parte de la cadena forrajera. Lo s\u00f3lido tambi\u00e9n se puede vender porque es un material muy rico en f\u00f3sforo, potasio y nitr\u00f3geno\u00bb.<\/p>\n\n\n\n<p><strong>Energ\u00eda e inversiones<\/strong><\/p>\n\n\n\n<p>En la parte de energ\u00eda, la empresa est\u00e1 avanzando para comenzar a producir donde ya est\u00e1n instalados todos los monitores de la empresa nacional distribuidora de energ\u00eda CAMMESA.<\/p>\n\n\n\n<p>Barrutti explic\u00f3 que \u00abellos monitorean qu\u00e9 cantidad y calidad de energ\u00eda estamos produciendo y abasteciendo en base a la demanda y oferta que tienen\u00bb.<\/p>\n\n\n\n<p>Puntualiz\u00f3 que la producci\u00f3n de la empresa es de 1200 Kva por cada motor o sea 2,4 mega entre los dos. \u00abEn el convenio firmado con CAMMESA, 2 megas van a la l\u00ednea interconectada y los 0,4 Kva restantes van al funcionamiento de la planta. En caso de que dejaran de funcionar los motores por alg\u00fan motivo, la planta es alimentada con un sistema auxiliar que autom\u00e1ticamente se pone en marcha y abastece todo el sistema\u00bb, manifest\u00f3 el gerente.<\/p>\n\n\n\n<p>En cuanto a las inversiones, Barruti adelant\u00f3 que \u00abhay previsto un incremento a 12.000 animales con la construcci\u00f3n de seis naves m\u00e1s, pero eso va acompa\u00f1ado de una ampliaci\u00f3n de la superficie bajo riego\u00bb.<\/p>\n\n\n\n<p>Y complet\u00f3: \u00abHay que colocar 18 pivotes m\u00e1s para abastecer los requerimientos de esos animales y todo el funcionamiento. Hoy la cantidad de animales es de 4000\u00bb.<\/p>\n\n\n\n<p><strong>Mano de obra<\/strong><\/p>\n\n\n\n<p>El gerente hizo hincapi\u00e9 en la contrataci\u00f3n de mano de obra pampeana y calificada. \u00abLa magnitud del emprendimiento hizo que haya que contratar profesionales y en ese aspecto la decisi\u00f3n es que la gran mayor\u00eda sean pampeanos, dando salida laboral a quienes egresan de la Universidad Nacional de La Pampa\u00bb, explic\u00f3 Barruti.<\/p>\n\n\n\n<p>\u00abEste a\u00f1o hicimos una convocatoria y se seleccionaron profesionales pampeanos, ingenieros en recursos naturales, t\u00e9cnicos en electromec\u00e1nica quedando una ingeniera, dos ingenieros y un t\u00e9cnico\u00bb, a\u00f1adi\u00f3 el gerente. Y concluy\u00f3: \u00abEse equipo se ir\u00e1 agrandando a medida que se vaya completando la obra\u00bb.&nbsp;<\/p>\n\n\n\n<p>Fuente: https:\/\/www.eldiariodelapampa.com.ar\/locales\/11443-la-planta-de-biogas-de-25-de-mayo-introducira-2-megavatios-de-energia-al-sistema-nacional<\/p>\n","protected":false},"excerpt":{"rendered":"","protected":false},"author":6,"featured_media":71160,"comment_status":"open","ping_status":"open","sticky":false,"template":"","format":"standard","meta":{"site-sidebar-layout":"default","site-content-layout":"","ast-site-content-layout":"default","site-content-style":"default","site-sidebar-style":"default","ast-global-header-display":"","ast-banner-title-visibility":"","ast-main-header-display":"","ast-hfb-above-header-display":"","ast-hfb-below-header-display":"","ast-hfb-mobile-header-display":"","site-post-title":"","ast-breadcrumbs-content":"","ast-featured-img":"","footer-sml-layout":"","ast-disable-related-posts":"","theme-transparent-header-meta":"","adv-header-id-meta":"","stick-header-meta":"","header-above-stick-meta":"","header-main-stick-meta":"","header-below-stick-meta":"","astra-migrate-meta-layouts":"default","ast-page-background-enabled":"default","ast-page-background-meta":{"desktop":{"background-color":"var(--ast-global-color-5)","background-image":"","background-repeat":"repeat","background-position":"center center","background-size":"auto","background-attachment":"scroll","background-type":"","background-media":"","overlay-type":"","overlay-color":"","overlay-opacity":"","overlay-gradient":""},"tablet":{"background-color":"","background-image":"","background-repeat":"repeat","background-position":"center center","background-size":"auto","background-attachment":"scroll","background-type":"","background-media":"","overlay-type":"","overlay-color":"","overlay-opacity":"","overlay-gradient":""},"mobile":{"background-color":"","background-image":"","background-repeat":"repeat","background-position":"center center","background-size":"auto","background-attachment":"scroll","background-type":"","background-media":"","overlay-type":"","overlay-color":"","overlay-opacity":"","overlay-gradient":""}},"ast-content-background-meta":{"desktop":{"background-color":"var(--ast-global-color-4)","background-image":"","background-repeat":"repeat","background-position":"center center","background-size":"auto","background-attachment":"scroll","background-type":"","background-media":"","overlay-type":"","overlay-color":"","overlay-opacity":"","overlay-gradient":""},"tablet":{"background-color":"var(--ast-global-color-4)","background-image":"","background-repeat":"repeat","background-position":"center center","background-size":"auto","background-attachment":"scroll","background-type":"","background-media":"","overlay-type":"","overlay-color":"","overlay-opacity":"","overlay-gradient":""},"mobile":{"background-color":"var(--ast-global-color-4)","background-image":"","background-repeat":"repeat","background-position":"center center","background-size":"auto","background-attachment":"scroll","background-type":"","background-media":"","overlay-type":"","overlay-color":"","overlay-opacity":"","overlay-gradient":""}},"footnotes":""},"categories":[11,59,1,13,10],"tags":[],"class_list":["post-71155","post","type-post","status-publish","format-standard","has-post-thumbnail","hentry","category-boletin","category-la-pampa","category-noticias","category-provinciales","category-rotador"],"yoast_head":"<!-- This site is optimized with the Yoast SEO Premium plugin v23.0 (Yoast SEO v27.5) - https:\/\/yoast.com\/product\/yoast-seo-premium-wordpress\/ -->\n<title>Biogas: la planta de 25 de Mayo introducir\u00e1 2 megavatios de energ\u00eda al sistema nacional<\/title>\n<meta name=\"robots\" content=\"index, follow, max-snippet:-1, max-image-preview:large, max-video-preview:-1\" \/>\n<link rel=\"canonical\" href=\"https:\/\/patagoniambiental.com.ar\/info\/biogas-la-planta-de-25-de-mayo-introducira-2-megavatios-de-energia-al-sistema-nacional\/\" \/>\n<meta property=\"og:locale\" content=\"es_ES\" \/>\n<meta property=\"og:type\" content=\"article\" \/>\n<meta property=\"og:title\" content=\"Biogas: la planta de 25 de Mayo introducir\u00e1 2 megavatios de energ\u00eda al sistema nacional\" \/>\n<meta property=\"og:url\" content=\"https:\/\/patagoniambiental.com.ar\/info\/biogas-la-planta-de-25-de-mayo-introducira-2-megavatios-de-energia-al-sistema-nacional\/\" \/>\n<meta property=\"og:site_name\" content=\"Patagonia Ambiental\" \/>\n<meta property=\"article:publisher\" content=\"https:\/\/www.facebook.com\/patagonia.ambiental\" \/>\n<meta property=\"article:published_time\" content=\"2021-03-02T10:00:00+00:00\" \/>\n<meta property=\"article:modified_time\" content=\"2021-03-02T12:21:08+00:00\" \/>\n<meta property=\"og:image\" content=\"https:\/\/patagoniambiental.com.ar\/info\/wp-content\/uploads\/2021\/03\/PLANTA-BIOGAS-25deMAYO.jpg\" \/>\n\t<meta property=\"og:image:width\" content=\"700\" \/>\n\t<meta property=\"og:image:height\" content=\"412\" \/>\n\t<meta property=\"og:image:type\" content=\"image\/jpeg\" \/>\n<meta name=\"author\" content=\"BRAIAN ESTEVEZ\" \/>\n<meta name=\"twitter:card\" content=\"summary_large_image\" \/>\n<meta name=\"twitter:creator\" content=\"@PatAmb\" \/>\n<meta name=\"twitter:site\" content=\"@PatAmb\" \/>\n<script type=\"application\/ld+json\" class=\"yoast-schema-graph\">{\"@context\":\"https:\\\/\\\/schema.org\",\"@graph\":[{\"@type\":\"Article\",\"@id\":\"https:\\\/\\\/patagoniambiental.com.ar\\\/info\\\/biogas-la-planta-de-25-de-mayo-introducira-2-megavatios-de-energia-al-sistema-nacional\\\/#article\",\"isPartOf\":{\"@id\":\"https:\\\/\\\/patagoniambiental.com.ar\\\/info\\\/biogas-la-planta-de-25-de-mayo-introducira-2-megavatios-de-energia-al-sistema-nacional\\\/\"},\"author\":{\"name\":\"BRAIAN ESTEVEZ\",\"@id\":\"https:\\\/\\\/patagoniambiental.com.ar\\\/info\\\/#\\\/schema\\\/person\\\/e5af09d700b2e82cb10c6b8800e0c691\"},\"headline\":\"Biogas: la planta de 25 de Mayo introducir\u00e1 2 megavatios de energ\u00eda al sistema nacional\",\"datePublished\":\"2021-03-02T10:00:00+00:00\",\"dateModified\":\"2021-03-02T12:21:08+00:00\",\"mainEntityOfPage\":{\"@id\":\"https:\\\/\\\/patagoniambiental.com.ar\\\/info\\\/biogas-la-planta-de-25-de-mayo-introducira-2-megavatios-de-energia-al-sistema-nacional\\\/\"},\"wordCount\":998,\"commentCount\":0,\"publisher\":{\"@id\":\"https:\\\/\\\/patagoniambiental.com.ar\\\/info\\\/#organization\"},\"image\":{\"@id\":\"https:\\\/\\\/patagoniambiental.com.ar\\\/info\\\/biogas-la-planta-de-25-de-mayo-introducira-2-megavatios-de-energia-al-sistema-nacional\\\/#primaryimage\"},\"thumbnailUrl\":\"https:\\\/\\\/patagoniambiental.com.ar\\\/info\\\/wp-content\\\/uploads\\\/2021\\\/03\\\/PLANTA-BIOGAS-25deMAYO.jpg\",\"articleSection\":[\"Bolet\u00edn\",\"La Pampa\",\"Noticias\",\"Provinciales\",\"Rotador\"],\"inLanguage\":\"es\",\"potentialAction\":[{\"@type\":\"CommentAction\",\"name\":\"Comment\",\"target\":[\"https:\\\/\\\/patagoniambiental.com.ar\\\/info\\\/biogas-la-planta-de-25-de-mayo-introducira-2-megavatios-de-energia-al-sistema-nacional\\\/#respond\"]}]},{\"@type\":\"WebPage\",\"@id\":\"https:\\\/\\\/patagoniambiental.com.ar\\\/info\\\/biogas-la-planta-de-25-de-mayo-introducira-2-megavatios-de-energia-al-sistema-nacional\\\/\",\"url\":\"https:\\\/\\\/patagoniambiental.com.ar\\\/info\\\/biogas-la-planta-de-25-de-mayo-introducira-2-megavatios-de-energia-al-sistema-nacional\\\/\",\"name\":\"Biogas: la planta de 25 de Mayo introducir\u00e1 2 megavatios de energ\u00eda al sistema nacional\",\"isPartOf\":{\"@id\":\"https:\\\/\\\/patagoniambiental.com.ar\\\/info\\\/#website\"},\"primaryImageOfPage\":{\"@id\":\"https:\\\/\\\/patagoniambiental.com.ar\\\/info\\\/biogas-la-planta-de-25-de-mayo-introducira-2-megavatios-de-energia-al-sistema-nacional\\\/#primaryimage\"},\"image\":{\"@id\":\"https:\\\/\\\/patagoniambiental.com.ar\\\/info\\\/biogas-la-planta-de-25-de-mayo-introducira-2-megavatios-de-energia-al-sistema-nacional\\\/#primaryimage\"},\"thumbnailUrl\":\"https:\\\/\\\/patagoniambiental.com.ar\\\/info\\\/wp-content\\\/uploads\\\/2021\\\/03\\\/PLANTA-BIOGAS-25deMAYO.jpg\",\"datePublished\":\"2021-03-02T10:00:00+00:00\",\"dateModified\":\"2021-03-02T12:21:08+00:00\",\"breadcrumb\":{\"@id\":\"https:\\\/\\\/patagoniambiental.com.ar\\\/info\\\/biogas-la-planta-de-25-de-mayo-introducira-2-megavatios-de-energia-al-sistema-nacional\\\/#breadcrumb\"},\"inLanguage\":\"es\",\"potentialAction\":[{\"@type\":\"ReadAction\",\"target\":[\"https:\\\/\\\/patagoniambiental.com.ar\\\/info\\\/biogas-la-planta-de-25-de-mayo-introducira-2-megavatios-de-energia-al-sistema-nacional\\\/\"]}]},{\"@type\":\"ImageObject\",\"inLanguage\":\"es\",\"@id\":\"https:\\\/\\\/patagoniambiental.com.ar\\\/info\\\/biogas-la-planta-de-25-de-mayo-introducira-2-megavatios-de-energia-al-sistema-nacional\\\/#primaryimage\",\"url\":\"https:\\\/\\\/patagoniambiental.com.ar\\\/info\\\/wp-content\\\/uploads\\\/2021\\\/03\\\/PLANTA-BIOGAS-25deMAYO.jpg\",\"contentUrl\":\"https:\\\/\\\/patagoniambiental.com.ar\\\/info\\\/wp-content\\\/uploads\\\/2021\\\/03\\\/PLANTA-BIOGAS-25deMAYO.jpg\",\"width\":700,\"height\":412},{\"@type\":\"BreadcrumbList\",\"@id\":\"https:\\\/\\\/patagoniambiental.com.ar\\\/info\\\/biogas-la-planta-de-25-de-mayo-introducira-2-megavatios-de-energia-al-sistema-nacional\\\/#breadcrumb\",\"itemListElement\":[{\"@type\":\"ListItem\",\"position\":1,\"name\":\"Inicio\",\"item\":\"https:\\\/\\\/patagoniambiental.com.ar\\\/info\\\/\"},{\"@type\":\"ListItem\",\"position\":2,\"name\":\"Biogas: la planta de 25 de Mayo introducir\u00e1 2 megavatios de energ\u00eda al sistema nacional\"}]},{\"@type\":\"WebSite\",\"@id\":\"https:\\\/\\\/patagoniambiental.com.ar\\\/info\\\/#website\",\"url\":\"https:\\\/\\\/patagoniambiental.com.ar\\\/info\\\/\",\"name\":\"Patagonia Ambiental\",\"description\":\"Monitoreo y an\u00e1lisis de la situaci\u00f3n geopol\u00edtica en el mundo y su implicancia en la Patagonia\",\"publisher\":{\"@id\":\"https:\\\/\\\/patagoniambiental.com.ar\\\/info\\\/#organization\"},\"potentialAction\":[{\"@type\":\"SearchAction\",\"target\":{\"@type\":\"EntryPoint\",\"urlTemplate\":\"https:\\\/\\\/patagoniambiental.com.ar\\\/info\\\/?s={search_term_string}\"},\"query-input\":{\"@type\":\"PropertyValueSpecification\",\"valueRequired\":true,\"valueName\":\"search_term_string\"}}],\"inLanguage\":\"es\"},{\"@type\":\"Organization\",\"@id\":\"https:\\\/\\\/patagoniambiental.com.ar\\\/info\\\/#organization\",\"name\":\"Patagonia Ambiental\",\"url\":\"https:\\\/\\\/patagoniambiental.com.ar\\\/info\\\/\",\"logo\":{\"@type\":\"ImageObject\",\"inLanguage\":\"es\",\"@id\":\"https:\\\/\\\/patagoniambiental.com.ar\\\/info\\\/#\\\/schema\\\/logo\\\/image\\\/\",\"url\":\"https:\\\/\\\/patagoniambiental.com.ar\\\/info\\\/wp-content\\\/uploads\\\/2025\\\/05\\\/LOGO-PATAGONIA-AMBIENTAL.png\",\"contentUrl\":\"https:\\\/\\\/patagoniambiental.com.ar\\\/info\\\/wp-content\\\/uploads\\\/2025\\\/05\\\/LOGO-PATAGONIA-AMBIENTAL.png\",\"width\":433,\"height\":250,\"caption\":\"Patagonia Ambiental\"},\"image\":{\"@id\":\"https:\\\/\\\/patagoniambiental.com.ar\\\/info\\\/#\\\/schema\\\/logo\\\/image\\\/\"},\"sameAs\":[\"https:\\\/\\\/www.facebook.com\\\/patagonia.ambiental\",\"https:\\\/\\\/x.com\\\/PatAmb\"]},{\"@type\":\"Person\",\"@id\":\"https:\\\/\\\/patagoniambiental.com.ar\\\/info\\\/#\\\/schema\\\/person\\\/e5af09d700b2e82cb10c6b8800e0c691\",\"name\":\"BRAIAN ESTEVEZ\",\"sameAs\":[\"http:\\\/\\\/www.patagoniambiental.com.ar\"]}]}<\/script>\n<!-- \/ Yoast SEO Premium plugin. -->","yoast_head_json":{"title":"Biogas: la planta de 25 de Mayo introducir\u00e1 2 megavatios de energ\u00eda al sistema nacional","robots":{"index":"index","follow":"follow","max-snippet":"max-snippet:-1","max-image-preview":"max-image-preview:large","max-video-preview":"max-video-preview:-1"},"canonical":"https:\/\/patagoniambiental.com.ar\/info\/biogas-la-planta-de-25-de-mayo-introducira-2-megavatios-de-energia-al-sistema-nacional\/","og_locale":"es_ES","og_type":"article","og_title":"Biogas: la planta de 25 de Mayo introducir\u00e1 2 megavatios de energ\u00eda al sistema nacional","og_url":"https:\/\/patagoniambiental.com.ar\/info\/biogas-la-planta-de-25-de-mayo-introducira-2-megavatios-de-energia-al-sistema-nacional\/","og_site_name":"Patagonia Ambiental","article_publisher":"https:\/\/www.facebook.com\/patagonia.ambiental","article_published_time":"2021-03-02T10:00:00+00:00","article_modified_time":"2021-03-02T12:21:08+00:00","og_image":[{"width":700,"height":412,"url":"https:\/\/patagoniambiental.com.ar\/info\/wp-content\/uploads\/2021\/03\/PLANTA-BIOGAS-25deMAYO.jpg","type":"image\/jpeg"}],"author":"BRAIAN ESTEVEZ","twitter_card":"summary_large_image","twitter_creator":"@PatAmb","twitter_site":"@PatAmb","schema":{"@context":"https:\/\/schema.org","@graph":[{"@type":"Article","@id":"https:\/\/patagoniambiental.com.ar\/info\/biogas-la-planta-de-25-de-mayo-introducira-2-megavatios-de-energia-al-sistema-nacional\/#article","isPartOf":{"@id":"https:\/\/patagoniambiental.com.ar\/info\/biogas-la-planta-de-25-de-mayo-introducira-2-megavatios-de-energia-al-sistema-nacional\/"},"author":{"name":"BRAIAN ESTEVEZ","@id":"https:\/\/patagoniambiental.com.ar\/info\/#\/schema\/person\/e5af09d700b2e82cb10c6b8800e0c691"},"headline":"Biogas: la planta de 25 de Mayo introducir\u00e1 2 megavatios de energ\u00eda al sistema nacional","datePublished":"2021-03-02T10:00:00+00:00","dateModified":"2021-03-02T12:21:08+00:00","mainEntityOfPage":{"@id":"https:\/\/patagoniambiental.com.ar\/info\/biogas-la-planta-de-25-de-mayo-introducira-2-megavatios-de-energia-al-sistema-nacional\/"},"wordCount":998,"commentCount":0,"publisher":{"@id":"https:\/\/patagoniambiental.com.ar\/info\/#organization"},"image":{"@id":"https:\/\/patagoniambiental.com.ar\/info\/biogas-la-planta-de-25-de-mayo-introducira-2-megavatios-de-energia-al-sistema-nacional\/#primaryimage"},"thumbnailUrl":"https:\/\/patagoniambiental.com.ar\/info\/wp-content\/uploads\/2021\/03\/PLANTA-BIOGAS-25deMAYO.jpg","articleSection":["Bolet\u00edn","La Pampa","Noticias","Provinciales","Rotador"],"inLanguage":"es","potentialAction":[{"@type":"CommentAction","name":"Comment","target":["https:\/\/patagoniambiental.com.ar\/info\/biogas-la-planta-de-25-de-mayo-introducira-2-megavatios-de-energia-al-sistema-nacional\/#respond"]}]},{"@type":"WebPage","@id":"https:\/\/patagoniambiental.com.ar\/info\/biogas-la-planta-de-25-de-mayo-introducira-2-megavatios-de-energia-al-sistema-nacional\/","url":"https:\/\/patagoniambiental.com.ar\/info\/biogas-la-planta-de-25-de-mayo-introducira-2-megavatios-de-energia-al-sistema-nacional\/","name":"Biogas: la planta de 25 de Mayo introducir\u00e1 2 megavatios de energ\u00eda al sistema nacional","isPartOf":{"@id":"https:\/\/patagoniambiental.com.ar\/info\/#website"},"primaryImageOfPage":{"@id":"https:\/\/patagoniambiental.com.ar\/info\/biogas-la-planta-de-25-de-mayo-introducira-2-megavatios-de-energia-al-sistema-nacional\/#primaryimage"},"image":{"@id":"https:\/\/patagoniambiental.com.ar\/info\/biogas-la-planta-de-25-de-mayo-introducira-2-megavatios-de-energia-al-sistema-nacional\/#primaryimage"},"thumbnailUrl":"https:\/\/patagoniambiental.com.ar\/info\/wp-content\/uploads\/2021\/03\/PLANTA-BIOGAS-25deMAYO.jpg","datePublished":"2021-03-02T10:00:00+00:00","dateModified":"2021-03-02T12:21:08+00:00","breadcrumb":{"@id":"https:\/\/patagoniambiental.com.ar\/info\/biogas-la-planta-de-25-de-mayo-introducira-2-megavatios-de-energia-al-sistema-nacional\/#breadcrumb"},"inLanguage":"es","potentialAction":[{"@type":"ReadAction","target":["https:\/\/patagoniambiental.com.ar\/info\/biogas-la-planta-de-25-de-mayo-introducira-2-megavatios-de-energia-al-sistema-nacional\/"]}]},{"@type":"ImageObject","inLanguage":"es","@id":"https:\/\/patagoniambiental.com.ar\/info\/biogas-la-planta-de-25-de-mayo-introducira-2-megavatios-de-energia-al-sistema-nacional\/#primaryimage","url":"https:\/\/patagoniambiental.com.ar\/info\/wp-content\/uploads\/2021\/03\/PLANTA-BIOGAS-25deMAYO.jpg","contentUrl":"https:\/\/patagoniambiental.com.ar\/info\/wp-content\/uploads\/2021\/03\/PLANTA-BIOGAS-25deMAYO.jpg","width":700,"height":412},{"@type":"BreadcrumbList","@id":"https:\/\/patagoniambiental.com.ar\/info\/biogas-la-planta-de-25-de-mayo-introducira-2-megavatios-de-energia-al-sistema-nacional\/#breadcrumb","itemListElement":[{"@type":"ListItem","position":1,"name":"Inicio","item":"https:\/\/patagoniambiental.com.ar\/info\/"},{"@type":"ListItem","position":2,"name":"Biogas: la planta de 25 de Mayo introducir\u00e1 2 megavatios de energ\u00eda al sistema nacional"}]},{"@type":"WebSite","@id":"https:\/\/patagoniambiental.com.ar\/info\/#website","url":"https:\/\/patagoniambiental.com.ar\/info\/","name":"Patagonia Ambiental","description":"Monitoreo y an\u00e1lisis de la situaci\u00f3n geopol\u00edtica en el mundo y su implicancia en la Patagonia","publisher":{"@id":"https:\/\/patagoniambiental.com.ar\/info\/#organization"},"potentialAction":[{"@type":"SearchAction","target":{"@type":"EntryPoint","urlTemplate":"https:\/\/patagoniambiental.com.ar\/info\/?s={search_term_string}"},"query-input":{"@type":"PropertyValueSpecification","valueRequired":true,"valueName":"search_term_string"}}],"inLanguage":"es"},{"@type":"Organization","@id":"https:\/\/patagoniambiental.com.ar\/info\/#organization","name":"Patagonia Ambiental","url":"https:\/\/patagoniambiental.com.ar\/info\/","logo":{"@type":"ImageObject","inLanguage":"es","@id":"https:\/\/patagoniambiental.com.ar\/info\/#\/schema\/logo\/image\/","url":"https:\/\/patagoniambiental.com.ar\/info\/wp-content\/uploads\/2025\/05\/LOGO-PATAGONIA-AMBIENTAL.png","contentUrl":"https:\/\/patagoniambiental.com.ar\/info\/wp-content\/uploads\/2025\/05\/LOGO-PATAGONIA-AMBIENTAL.png","width":433,"height":250,"caption":"Patagonia Ambiental"},"image":{"@id":"https:\/\/patagoniambiental.com.ar\/info\/#\/schema\/logo\/image\/"},"sameAs":["https:\/\/www.facebook.com\/patagonia.ambiental","https:\/\/x.com\/PatAmb"]},{"@type":"Person","@id":"https:\/\/patagoniambiental.com.ar\/info\/#\/schema\/person\/e5af09d700b2e82cb10c6b8800e0c691","name":"BRAIAN ESTEVEZ","sameAs":["http:\/\/www.patagoniambiental.com.ar"]}]}},"_links":{"self":[{"href":"https:\/\/patagoniambiental.com.ar\/info\/wp-json\/wp\/v2\/posts\/71155","targetHints":{"allow":["GET"]}}],"collection":[{"href":"https:\/\/patagoniambiental.com.ar\/info\/wp-json\/wp\/v2\/posts"}],"about":[{"href":"https:\/\/patagoniambiental.com.ar\/info\/wp-json\/wp\/v2\/types\/post"}],"author":[{"embeddable":true,"href":"https:\/\/patagoniambiental.com.ar\/info\/wp-json\/wp\/v2\/users\/6"}],"replies":[{"embeddable":true,"href":"https:\/\/patagoniambiental.com.ar\/info\/wp-json\/wp\/v2\/comments?post=71155"}],"version-history":[{"count":0,"href":"https:\/\/patagoniambiental.com.ar\/info\/wp-json\/wp\/v2\/posts\/71155\/revisions"}],"wp:featuredmedia":[{"embeddable":true,"href":"https:\/\/patagoniambiental.com.ar\/info\/wp-json\/wp\/v2\/media\/71160"}],"wp:attachment":[{"href":"https:\/\/patagoniambiental.com.ar\/info\/wp-json\/wp\/v2\/media?parent=71155"}],"wp:term":[{"taxonomy":"category","embeddable":true,"href":"https:\/\/patagoniambiental.com.ar\/info\/wp-json\/wp\/v2\/categories?post=71155"},{"taxonomy":"post_tag","embeddable":true,"href":"https:\/\/patagoniambiental.com.ar\/info\/wp-json\/wp\/v2\/tags?post=71155"}],"curies":[{"name":"wp","href":"https:\/\/api.w.org\/{rel}","templated":true}]}}