{"id":71206,"date":"2021-03-05T07:00:00","date_gmt":"2021-03-05T10:00:00","guid":{"rendered":"http:\/\/patagoniambiental.com.ar\/info\/?p=71206"},"modified":"2021-03-05T09:51:34","modified_gmt":"2021-03-05T12:51:34","slug":"la-adhesion-a-la-ley-yolanda-en-la-legislatura-de-neuquen-obtuvo-despacho-por-unanimidad","status":"publish","type":"post","link":"https:\/\/patagoniambiental.com.ar\/info\/la-adhesion-a-la-ley-yolanda-en-la-legislatura-de-neuquen-obtuvo-despacho-por-unanimidad\/","title":{"rendered":"La adhesi\u00f3n a la \u00abLey Yolanda\u00bb en la legislatura de Neuqu\u00e9n obtuvo despacho por unanimidad"},"content":{"rendered":"\n<!--more-->\n\n\n\n<p>Neuquen.- La comisi\u00f3n de Medio Ambiente, Recursos Naturales y Desarrollo Sustentable inici\u00f3 el tratamiento de tres proyectos de adhesi\u00f3n a la ley nacional 27.592 denominada \u201cLey Yolanda\u201d. La misma crea un Programa de Formaci\u00f3n para Agentes de Cambio en Desarrollo Sostenible e insta a que la provincia capacite de manera obligatoria en tem\u00e1ticas de desarrollo sostenible y ambiente a las personas que se desempe\u00f1en en la funci\u00f3n p\u00fablica.<br>Luego de las exposiciones y la unificaci\u00f3n de los tres proyectos de adhesi\u00f3n a la Ley Nacional Yolanda, la comisi\u00f3n de Medio Ambiente, Recursos Naturales y Desarrollo Sustentable (H) dio despacho por unanimidad a la norma que establece la obligatoriedad de formaci\u00f3n para agentes de cambio en Desarrollo Sostenible e insta a que, en la provincia, todas las personas que se desempe\u00f1en en la funci\u00f3n p\u00fablica se capaciten en tem\u00e1ticas de desarrollo sostenible y ambiente.<br>Las capacitaciones alcanzar\u00e1n a los tres poderes del Estado para generar conciencia ambiental en aquellos funcionarios y funcionarias involucrados en definir y gestionar pol\u00edticas p\u00fablicas.<br><mark>La diputada provincial y vicepresidenta primera de la Legislatura, Mar\u00eda Fernanda Villone sostuvo que la adhesi\u00f3n a la ley nacional en la provincia \u201cbusca revertir de alguna manera el da\u00f1o que nosotros mismos le generamos a nuestro h\u00e1bitat\u201d.<\/mark><br>En el mismo sentido, consider\u00f3 que \u201ctodos los valores mencionados en la norma tienen que ver con la lucha y el cambio clim\u00e1tico. Nuestra adhesi\u00f3n como el de las dem\u00e1s fuerzas tiene que ver con que somos conscientes de lo que est\u00e1 sucediendo, de las cosas que tenemos que modificar, de lo que ya no podemos hacer y de los h\u00e1bitos que tenemos que cambiar\u201d, asegur\u00f3.<br>La adhesi\u00f3n a la \u201cLey Yolanda\u201d que impulsa el bloque del MPN es en homenaje a la primera mujer en Argentina y en Am\u00e9rica Latina en ocupar un cargo en la Secretar\u00eda de Ambiente en 1973 durante la presidencia de Juan D. Per\u00f3n.<br><mark>Las capacitaciones alcanzar\u00e1n a los tres poderes del Estado y a los distintos niveles jer\u00e1rquicos para generar conciencia ambiental en aquellos funcionarios involucrados en definir y gestionar pol\u00edticas p\u00fablicas. Adem\u00e1s, sostiene que la norma pretende ser un espacio de vinculaci\u00f3n permanente entre el Estado y la comunidad cient\u00edfica.<\/mark><br>Sobre los contenidos, indica que los mismos deben contemplar informaci\u00f3n referida al cambio clim\u00e1tico; a la protecci\u00f3n de la biodiversidad y los ecosistemas; a la eficiencia energ\u00e9tica y a las energ\u00edas renovables; a la econom\u00eda circular y al desarrollo sostenible; as\u00ed como tambi\u00e9n deber\u00e1n incorporar informaci\u00f3n relativa a la normativa ambiental vigente.<\/p>\n\n\n\n<p>Fuente:https:\/\/noticiasnqn.com.ar\/politica\/la-adhesin-a-la-ley-yolanda-obtuvo-despacho-por-unanimidad.htm<\/p>\n","protected":false},"excerpt":{"rendered":"","protected":false},"author":6,"featured_media":71207,"comment_status":"open","ping_status":"open","sticky":false,"template":"","format":"standard","meta":{"site-sidebar-layout":"default","site-content-layout":"","ast-site-content-layout":"default","site-content-style":"default","site-sidebar-style":"default","ast-global-header-display":"","ast-banner-title-visibility":"","ast-main-header-display":"","ast-hfb-above-header-display":"","ast-hfb-below-header-display":"","ast-hfb-mobile-header-display":"","site-post-title":"","ast-breadcrumbs-content":"","ast-featured-img":"","footer-sml-layout":"","ast-disable-related-posts":"","theme-transparent-header-meta":"","adv-header-id-meta":"","stick-header-meta":"","header-above-stick-meta":"","header-main-stick-meta":"","header-below-stick-meta":"","astra-migrate-meta-layouts":"default","ast-page-background-enabled":"default","ast-page-background-meta":{"desktop":{"background-color":"var(--ast-global-color-5)","background-image":"","background-repeat":"repeat","background-position":"center center","background-size":"auto","background-attachment":"scroll","background-type":"","background-media":"","overlay-type":"","overlay-color":"","overlay-opacity":"","overlay-gradient":""},"tablet":{"background-color":"","background-image":"","background-repeat":"repeat","background-position":"center center","background-size":"auto","background-attachment":"scroll","background-type":"","background-media":"","overlay-type":"","overlay-color":"","overlay-opacity":"","overlay-gradient":""},"mobile":{"background-color":"","background-image":"","background-repeat":"repeat","background-position":"center center","background-size":"auto","background-attachment":"scroll","background-type":"","background-media":"","overlay-type":"","overlay-color":"","overlay-opacity":"","overlay-gradient":""}},"ast-content-background-meta":{"desktop":{"background-color":"var(--ast-global-color-4)","background-image":"","background-repeat":"repeat","background-position":"center center","background-size":"auto","background-attachment":"scroll","background-type":"","background-media":"","overlay-type":"","overlay-color":"","overlay-opacity":"","overlay-gradient":""},"tablet":{"background-color":"var(--ast-global-color-4)","background-image":"","background-repeat":"repeat","background-position":"center center","background-size":"auto","background-attachment":"scroll","background-type":"","background-media":"","overlay-type":"","overlay-color":"","overlay-opacity":"","overlay-gradient":""},"mobile":{"background-color":"var(--ast-global-color-4)","background-image":"","background-repeat":"repeat","background-position":"center center","background-size":"auto","background-attachment":"scroll","background-type":"","background-media":"","overlay-type":"","overlay-color":"","overlay-opacity":"","overlay-gradient":""}},"footnotes":""},"categories":[11,18,1,13,10],"tags":[],"class_list":["post-71206","post","type-post","status-publish","format-standard","has-post-thumbnail","hentry","category-boletin","category-neuquen","category-noticias","category-provinciales","category-rotador"],"yoast_head":"<!-- This site is optimized with the Yoast SEO Premium plugin v23.0 (Yoast SEO v27.5) - https:\/\/yoast.com\/product\/yoast-seo-premium-wordpress\/ -->\n<title>La adhesi\u00f3n a la &quot;Ley Yolanda&quot; en la legislatura de Neuqu\u00e9n obtuvo despacho por unanimidad<\/title>\n<meta name=\"robots\" content=\"index, follow, max-snippet:-1, max-image-preview:large, max-video-preview:-1\" \/>\n<link rel=\"canonical\" href=\"https:\/\/patagoniambiental.com.ar\/info\/la-adhesion-a-la-ley-yolanda-en-la-legislatura-de-neuquen-obtuvo-despacho-por-unanimidad\/\" \/>\n<meta property=\"og:locale\" content=\"es_ES\" \/>\n<meta property=\"og:type\" content=\"article\" \/>\n<meta property=\"og:title\" content=\"La adhesi\u00f3n a la &quot;Ley Yolanda&quot; en la legislatura de Neuqu\u00e9n obtuvo despacho por unanimidad\" \/>\n<meta property=\"og:url\" content=\"https:\/\/patagoniambiental.com.ar\/info\/la-adhesion-a-la-ley-yolanda-en-la-legislatura-de-neuquen-obtuvo-despacho-por-unanimidad\/\" \/>\n<meta property=\"og:site_name\" content=\"Patagonia Ambiental\" \/>\n<meta property=\"article:publisher\" content=\"https:\/\/www.facebook.com\/patagonia.ambiental\" \/>\n<meta property=\"article:published_time\" content=\"2021-03-05T10:00:00+00:00\" \/>\n<meta property=\"article:modified_time\" content=\"2021-03-05T12:51:34+00:00\" \/>\n<meta property=\"og:image\" content=\"https:\/\/patagoniambiental.com.ar\/info\/wp-content\/uploads\/2021\/03\/l_1614788807.jpeg\" \/>\n\t<meta property=\"og:image:width\" content=\"900\" \/>\n\t<meta property=\"og:image:height\" content=\"600\" \/>\n\t<meta property=\"og:image:type\" content=\"image\/jpeg\" \/>\n<meta name=\"author\" content=\"BRAIAN ESTEVEZ\" \/>\n<meta name=\"twitter:card\" content=\"summary_large_image\" \/>\n<meta name=\"twitter:creator\" content=\"@PatAmb\" \/>\n<meta name=\"twitter:site\" content=\"@PatAmb\" \/>\n<script type=\"application\/ld+json\" class=\"yoast-schema-graph\">{\"@context\":\"https:\\\/\\\/schema.org\",\"@graph\":[{\"@type\":\"Article\",\"@id\":\"https:\\\/\\\/patagoniambiental.com.ar\\\/info\\\/la-adhesion-a-la-ley-yolanda-en-la-legislatura-de-neuquen-obtuvo-despacho-por-unanimidad\\\/#article\",\"isPartOf\":{\"@id\":\"https:\\\/\\\/patagoniambiental.com.ar\\\/info\\\/la-adhesion-a-la-ley-yolanda-en-la-legislatura-de-neuquen-obtuvo-despacho-por-unanimidad\\\/\"},\"author\":{\"name\":\"BRAIAN ESTEVEZ\",\"@id\":\"https:\\\/\\\/patagoniambiental.com.ar\\\/info\\\/#\\\/schema\\\/person\\\/e5af09d700b2e82cb10c6b8800e0c691\"},\"headline\":\"La adhesi\u00f3n a la \u00abLey Yolanda\u00bb en la legislatura de Neuqu\u00e9n obtuvo despacho por unanimidad\",\"datePublished\":\"2021-03-05T10:00:00+00:00\",\"dateModified\":\"2021-03-05T12:51:34+00:00\",\"mainEntityOfPage\":{\"@id\":\"https:\\\/\\\/patagoniambiental.com.ar\\\/info\\\/la-adhesion-a-la-ley-yolanda-en-la-legislatura-de-neuquen-obtuvo-despacho-por-unanimidad\\\/\"},\"wordCount\":485,\"commentCount\":0,\"publisher\":{\"@id\":\"https:\\\/\\\/patagoniambiental.com.ar\\\/info\\\/#organization\"},\"image\":{\"@id\":\"https:\\\/\\\/patagoniambiental.com.ar\\\/info\\\/la-adhesion-a-la-ley-yolanda-en-la-legislatura-de-neuquen-obtuvo-despacho-por-unanimidad\\\/#primaryimage\"},\"thumbnailUrl\":\"https:\\\/\\\/patagoniambiental.com.ar\\\/info\\\/wp-content\\\/uploads\\\/2021\\\/03\\\/l_1614788807.jpeg\",\"articleSection\":[\"Bolet\u00edn\",\"Neuqu\u00e9n\",\"Noticias\",\"Provinciales\",\"Rotador\"],\"inLanguage\":\"es\",\"potentialAction\":[{\"@type\":\"CommentAction\",\"name\":\"Comment\",\"target\":[\"https:\\\/\\\/patagoniambiental.com.ar\\\/info\\\/la-adhesion-a-la-ley-yolanda-en-la-legislatura-de-neuquen-obtuvo-despacho-por-unanimidad\\\/#respond\"]}]},{\"@type\":\"WebPage\",\"@id\":\"https:\\\/\\\/patagoniambiental.com.ar\\\/info\\\/la-adhesion-a-la-ley-yolanda-en-la-legislatura-de-neuquen-obtuvo-despacho-por-unanimidad\\\/\",\"url\":\"https:\\\/\\\/patagoniambiental.com.ar\\\/info\\\/la-adhesion-a-la-ley-yolanda-en-la-legislatura-de-neuquen-obtuvo-despacho-por-unanimidad\\\/\",\"name\":\"La adhesi\u00f3n a la \\\"Ley Yolanda\\\" en la legislatura de Neuqu\u00e9n obtuvo despacho por unanimidad\",\"isPartOf\":{\"@id\":\"https:\\\/\\\/patagoniambiental.com.ar\\\/info\\\/#website\"},\"primaryImageOfPage\":{\"@id\":\"https:\\\/\\\/patagoniambiental.com.ar\\\/info\\\/la-adhesion-a-la-ley-yolanda-en-la-legislatura-de-neuquen-obtuvo-despacho-por-unanimidad\\\/#primaryimage\"},\"image\":{\"@id\":\"https:\\\/\\\/patagoniambiental.com.ar\\\/info\\\/la-adhesion-a-la-ley-yolanda-en-la-legislatura-de-neuquen-obtuvo-despacho-por-unanimidad\\\/#primaryimage\"},\"thumbnailUrl\":\"https:\\\/\\\/patagoniambiental.com.ar\\\/info\\\/wp-content\\\/uploads\\\/2021\\\/03\\\/l_1614788807.jpeg\",\"datePublished\":\"2021-03-05T10:00:00+00:00\",\"dateModified\":\"2021-03-05T12:51:34+00:00\",\"breadcrumb\":{\"@id\":\"https:\\\/\\\/patagoniambiental.com.ar\\\/info\\\/la-adhesion-a-la-ley-yolanda-en-la-legislatura-de-neuquen-obtuvo-despacho-por-unanimidad\\\/#breadcrumb\"},\"inLanguage\":\"es\",\"potentialAction\":[{\"@type\":\"ReadAction\",\"target\":[\"https:\\\/\\\/patagoniambiental.com.ar\\\/info\\\/la-adhesion-a-la-ley-yolanda-en-la-legislatura-de-neuquen-obtuvo-despacho-por-unanimidad\\\/\"]}]},{\"@type\":\"ImageObject\",\"inLanguage\":\"es\",\"@id\":\"https:\\\/\\\/patagoniambiental.com.ar\\\/info\\\/la-adhesion-a-la-ley-yolanda-en-la-legislatura-de-neuquen-obtuvo-despacho-por-unanimidad\\\/#primaryimage\",\"url\":\"https:\\\/\\\/patagoniambiental.com.ar\\\/info\\\/wp-content\\\/uploads\\\/2021\\\/03\\\/l_1614788807.jpeg\",\"contentUrl\":\"https:\\\/\\\/patagoniambiental.com.ar\\\/info\\\/wp-content\\\/uploads\\\/2021\\\/03\\\/l_1614788807.jpeg\",\"width\":900,\"height\":600},{\"@type\":\"BreadcrumbList\",\"@id\":\"https:\\\/\\\/patagoniambiental.com.ar\\\/info\\\/la-adhesion-a-la-ley-yolanda-en-la-legislatura-de-neuquen-obtuvo-despacho-por-unanimidad\\\/#breadcrumb\",\"itemListElement\":[{\"@type\":\"ListItem\",\"position\":1,\"name\":\"Inicio\",\"item\":\"https:\\\/\\\/patagoniambiental.com.ar\\\/info\\\/\"},{\"@type\":\"ListItem\",\"position\":2,\"name\":\"La adhesi\u00f3n a la \u00abLey Yolanda\u00bb en la legislatura de Neuqu\u00e9n obtuvo despacho por unanimidad\"}]},{\"@type\":\"WebSite\",\"@id\":\"https:\\\/\\\/patagoniambiental.com.ar\\\/info\\\/#website\",\"url\":\"https:\\\/\\\/patagoniambiental.com.ar\\\/info\\\/\",\"name\":\"Patagonia Ambiental\",\"description\":\"Monitoreo y an\u00e1lisis de la situaci\u00f3n geopol\u00edtica en el mundo y su implicancia en la Patagonia\",\"publisher\":{\"@id\":\"https:\\\/\\\/patagoniambiental.com.ar\\\/info\\\/#organization\"},\"potentialAction\":[{\"@type\":\"SearchAction\",\"target\":{\"@type\":\"EntryPoint\",\"urlTemplate\":\"https:\\\/\\\/patagoniambiental.com.ar\\\/info\\\/?s={search_term_string}\"},\"query-input\":{\"@type\":\"PropertyValueSpecification\",\"valueRequired\":true,\"valueName\":\"search_term_string\"}}],\"inLanguage\":\"es\"},{\"@type\":\"Organization\",\"@id\":\"https:\\\/\\\/patagoniambiental.com.ar\\\/info\\\/#organization\",\"name\":\"Patagonia Ambiental\",\"url\":\"https:\\\/\\\/patagoniambiental.com.ar\\\/info\\\/\",\"logo\":{\"@type\":\"ImageObject\",\"inLanguage\":\"es\",\"@id\":\"https:\\\/\\\/patagoniambiental.com.ar\\\/info\\\/#\\\/schema\\\/logo\\\/image\\\/\",\"url\":\"https:\\\/\\\/patagoniambiental.com.ar\\\/info\\\/wp-content\\\/uploads\\\/2025\\\/05\\\/LOGO-PATAGONIA-AMBIENTAL.png\",\"contentUrl\":\"https:\\\/\\\/patagoniambiental.com.ar\\\/info\\\/wp-content\\\/uploads\\\/2025\\\/05\\\/LOGO-PATAGONIA-AMBIENTAL.png\",\"width\":433,\"height\":250,\"caption\":\"Patagonia Ambiental\"},\"image\":{\"@id\":\"https:\\\/\\\/patagoniambiental.com.ar\\\/info\\\/#\\\/schema\\\/logo\\\/image\\\/\"},\"sameAs\":[\"https:\\\/\\\/www.facebook.com\\\/patagonia.ambiental\",\"https:\\\/\\\/x.com\\\/PatAmb\"]},{\"@type\":\"Person\",\"@id\":\"https:\\\/\\\/patagoniambiental.com.ar\\\/info\\\/#\\\/schema\\\/person\\\/e5af09d700b2e82cb10c6b8800e0c691\",\"name\":\"BRAIAN ESTEVEZ\",\"sameAs\":[\"http:\\\/\\\/www.patagoniambiental.com.ar\"]}]}<\/script>\n<!-- \/ Yoast SEO Premium plugin. -->","yoast_head_json":{"title":"La adhesi\u00f3n a la \"Ley Yolanda\" en la legislatura de Neuqu\u00e9n obtuvo despacho por unanimidad","robots":{"index":"index","follow":"follow","max-snippet":"max-snippet:-1","max-image-preview":"max-image-preview:large","max-video-preview":"max-video-preview:-1"},"canonical":"https:\/\/patagoniambiental.com.ar\/info\/la-adhesion-a-la-ley-yolanda-en-la-legislatura-de-neuquen-obtuvo-despacho-por-unanimidad\/","og_locale":"es_ES","og_type":"article","og_title":"La adhesi\u00f3n a la \"Ley Yolanda\" en la legislatura de Neuqu\u00e9n obtuvo despacho por unanimidad","og_url":"https:\/\/patagoniambiental.com.ar\/info\/la-adhesion-a-la-ley-yolanda-en-la-legislatura-de-neuquen-obtuvo-despacho-por-unanimidad\/","og_site_name":"Patagonia Ambiental","article_publisher":"https:\/\/www.facebook.com\/patagonia.ambiental","article_published_time":"2021-03-05T10:00:00+00:00","article_modified_time":"2021-03-05T12:51:34+00:00","og_image":[{"width":900,"height":600,"url":"https:\/\/patagoniambiental.com.ar\/info\/wp-content\/uploads\/2021\/03\/l_1614788807.jpeg","type":"image\/jpeg"}],"author":"BRAIAN ESTEVEZ","twitter_card":"summary_large_image","twitter_creator":"@PatAmb","twitter_site":"@PatAmb","schema":{"@context":"https:\/\/schema.org","@graph":[{"@type":"Article","@id":"https:\/\/patagoniambiental.com.ar\/info\/la-adhesion-a-la-ley-yolanda-en-la-legislatura-de-neuquen-obtuvo-despacho-por-unanimidad\/#article","isPartOf":{"@id":"https:\/\/patagoniambiental.com.ar\/info\/la-adhesion-a-la-ley-yolanda-en-la-legislatura-de-neuquen-obtuvo-despacho-por-unanimidad\/"},"author":{"name":"BRAIAN ESTEVEZ","@id":"https:\/\/patagoniambiental.com.ar\/info\/#\/schema\/person\/e5af09d700b2e82cb10c6b8800e0c691"},"headline":"La adhesi\u00f3n a la \u00abLey Yolanda\u00bb en la legislatura de Neuqu\u00e9n obtuvo despacho por unanimidad","datePublished":"2021-03-05T10:00:00+00:00","dateModified":"2021-03-05T12:51:34+00:00","mainEntityOfPage":{"@id":"https:\/\/patagoniambiental.com.ar\/info\/la-adhesion-a-la-ley-yolanda-en-la-legislatura-de-neuquen-obtuvo-despacho-por-unanimidad\/"},"wordCount":485,"commentCount":0,"publisher":{"@id":"https:\/\/patagoniambiental.com.ar\/info\/#organization"},"image":{"@id":"https:\/\/patagoniambiental.com.ar\/info\/la-adhesion-a-la-ley-yolanda-en-la-legislatura-de-neuquen-obtuvo-despacho-por-unanimidad\/#primaryimage"},"thumbnailUrl":"https:\/\/patagoniambiental.com.ar\/info\/wp-content\/uploads\/2021\/03\/l_1614788807.jpeg","articleSection":["Bolet\u00edn","Neuqu\u00e9n","Noticias","Provinciales","Rotador"],"inLanguage":"es","potentialAction":[{"@type":"CommentAction","name":"Comment","target":["https:\/\/patagoniambiental.com.ar\/info\/la-adhesion-a-la-ley-yolanda-en-la-legislatura-de-neuquen-obtuvo-despacho-por-unanimidad\/#respond"]}]},{"@type":"WebPage","@id":"https:\/\/patagoniambiental.com.ar\/info\/la-adhesion-a-la-ley-yolanda-en-la-legislatura-de-neuquen-obtuvo-despacho-por-unanimidad\/","url":"https:\/\/patagoniambiental.com.ar\/info\/la-adhesion-a-la-ley-yolanda-en-la-legislatura-de-neuquen-obtuvo-despacho-por-unanimidad\/","name":"La adhesi\u00f3n a la \"Ley Yolanda\" en la legislatura de Neuqu\u00e9n obtuvo despacho por unanimidad","isPartOf":{"@id":"https:\/\/patagoniambiental.com.ar\/info\/#website"},"primaryImageOfPage":{"@id":"https:\/\/patagoniambiental.com.ar\/info\/la-adhesion-a-la-ley-yolanda-en-la-legislatura-de-neuquen-obtuvo-despacho-por-unanimidad\/#primaryimage"},"image":{"@id":"https:\/\/patagoniambiental.com.ar\/info\/la-adhesion-a-la-ley-yolanda-en-la-legislatura-de-neuquen-obtuvo-despacho-por-unanimidad\/#primaryimage"},"thumbnailUrl":"https:\/\/patagoniambiental.com.ar\/info\/wp-content\/uploads\/2021\/03\/l_1614788807.jpeg","datePublished":"2021-03-05T10:00:00+00:00","dateModified":"2021-03-05T12:51:34+00:00","breadcrumb":{"@id":"https:\/\/patagoniambiental.com.ar\/info\/la-adhesion-a-la-ley-yolanda-en-la-legislatura-de-neuquen-obtuvo-despacho-por-unanimidad\/#breadcrumb"},"inLanguage":"es","potentialAction":[{"@type":"ReadAction","target":["https:\/\/patagoniambiental.com.ar\/info\/la-adhesion-a-la-ley-yolanda-en-la-legislatura-de-neuquen-obtuvo-despacho-por-unanimidad\/"]}]},{"@type":"ImageObject","inLanguage":"es","@id":"https:\/\/patagoniambiental.com.ar\/info\/la-adhesion-a-la-ley-yolanda-en-la-legislatura-de-neuquen-obtuvo-despacho-por-unanimidad\/#primaryimage","url":"https:\/\/patagoniambiental.com.ar\/info\/wp-content\/uploads\/2021\/03\/l_1614788807.jpeg","contentUrl":"https:\/\/patagoniambiental.com.ar\/info\/wp-content\/uploads\/2021\/03\/l_1614788807.jpeg","width":900,"height":600},{"@type":"BreadcrumbList","@id":"https:\/\/patagoniambiental.com.ar\/info\/la-adhesion-a-la-ley-yolanda-en-la-legislatura-de-neuquen-obtuvo-despacho-por-unanimidad\/#breadcrumb","itemListElement":[{"@type":"ListItem","position":1,"name":"Inicio","item":"https:\/\/patagoniambiental.com.ar\/info\/"},{"@type":"ListItem","position":2,"name":"La adhesi\u00f3n a la \u00abLey Yolanda\u00bb en la legislatura de Neuqu\u00e9n obtuvo despacho por unanimidad"}]},{"@type":"WebSite","@id":"https:\/\/patagoniambiental.com.ar\/info\/#website","url":"https:\/\/patagoniambiental.com.ar\/info\/","name":"Patagonia Ambiental","description":"Monitoreo y an\u00e1lisis de la situaci\u00f3n geopol\u00edtica en el mundo y su implicancia en la Patagonia","publisher":{"@id":"https:\/\/patagoniambiental.com.ar\/info\/#organization"},"potentialAction":[{"@type":"SearchAction","target":{"@type":"EntryPoint","urlTemplate":"https:\/\/patagoniambiental.com.ar\/info\/?s={search_term_string}"},"query-input":{"@type":"PropertyValueSpecification","valueRequired":true,"valueName":"search_term_string"}}],"inLanguage":"es"},{"@type":"Organization","@id":"https:\/\/patagoniambiental.com.ar\/info\/#organization","name":"Patagonia Ambiental","url":"https:\/\/patagoniambiental.com.ar\/info\/","logo":{"@type":"ImageObject","inLanguage":"es","@id":"https:\/\/patagoniambiental.com.ar\/info\/#\/schema\/logo\/image\/","url":"https:\/\/patagoniambiental.com.ar\/info\/wp-content\/uploads\/2025\/05\/LOGO-PATAGONIA-AMBIENTAL.png","contentUrl":"https:\/\/patagoniambiental.com.ar\/info\/wp-content\/uploads\/2025\/05\/LOGO-PATAGONIA-AMBIENTAL.png","width":433,"height":250,"caption":"Patagonia Ambiental"},"image":{"@id":"https:\/\/patagoniambiental.com.ar\/info\/#\/schema\/logo\/image\/"},"sameAs":["https:\/\/www.facebook.com\/patagonia.ambiental","https:\/\/x.com\/PatAmb"]},{"@type":"Person","@id":"https:\/\/patagoniambiental.com.ar\/info\/#\/schema\/person\/e5af09d700b2e82cb10c6b8800e0c691","name":"BRAIAN ESTEVEZ","sameAs":["http:\/\/www.patagoniambiental.com.ar"]}]}},"_links":{"self":[{"href":"https:\/\/patagoniambiental.com.ar\/info\/wp-json\/wp\/v2\/posts\/71206","targetHints":{"allow":["GET"]}}],"collection":[{"href":"https:\/\/patagoniambiental.com.ar\/info\/wp-json\/wp\/v2\/posts"}],"about":[{"href":"https:\/\/patagoniambiental.com.ar\/info\/wp-json\/wp\/v2\/types\/post"}],"author":[{"embeddable":true,"href":"https:\/\/patagoniambiental.com.ar\/info\/wp-json\/wp\/v2\/users\/6"}],"replies":[{"embeddable":true,"href":"https:\/\/patagoniambiental.com.ar\/info\/wp-json\/wp\/v2\/comments?post=71206"}],"version-history":[{"count":0,"href":"https:\/\/patagoniambiental.com.ar\/info\/wp-json\/wp\/v2\/posts\/71206\/revisions"}],"wp:featuredmedia":[{"embeddable":true,"href":"https:\/\/patagoniambiental.com.ar\/info\/wp-json\/wp\/v2\/media\/71207"}],"wp:attachment":[{"href":"https:\/\/patagoniambiental.com.ar\/info\/wp-json\/wp\/v2\/media?parent=71206"}],"wp:term":[{"taxonomy":"category","embeddable":true,"href":"https:\/\/patagoniambiental.com.ar\/info\/wp-json\/wp\/v2\/categories?post=71206"},{"taxonomy":"post_tag","embeddable":true,"href":"https:\/\/patagoniambiental.com.ar\/info\/wp-json\/wp\/v2\/tags?post=71206"}],"curies":[{"name":"wp","href":"https:\/\/api.w.org\/{rel}","templated":true}]}}