{"id":7123,"date":"2015-01-15T16:06:03","date_gmt":"2015-01-15T19:06:03","guid":{"rendered":"http:\/\/patagoniambiental.com.ar\/?p=7123"},"modified":"2015-01-15T16:06:03","modified_gmt":"2015-01-15T19:06:03","slug":"general-roca-aguas-rionegrinas-avanza-con-plan-de-recambio-de-colector-caido","status":"publish","type":"post","link":"https:\/\/patagoniambiental.com.ar\/info\/general-roca-aguas-rionegrinas-avanza-con-plan-de-recambio-de-colector-caido\/","title":{"rendered":"General Roca: Aguas Rionegrinas avanza con plan de recambio de colector ca\u00eddo"},"content":{"rendered":"<p style=\"text-align: justify;\">Viedma &#8211; La empresa estatal Aguas Rionegrinas avanza con las obras y trabajos en el marco del plan de contingencia establecido por la ca\u00edda del colector cloacal en Ruta Nacional N\u00b022, entre las calles Jujuy y Mendoza, en General Roca.<!--more--><\/p>\n<p style=\"text-align: justify;\">\n<p style=\"text-align: justify;\">Se trata de una situaci\u00f3n cr\u00edtica sobre la que Aguas Rionegrinas est\u00e1 trabajando para normalizar el sistema a la brevedad. Este colector es uno de los m\u00e1s importantes por donde circula gran parte de los l\u00edquidos cloacales de la ciudad.<\/p>\n<p style=\"text-align: justify;\">\n<p style=\"text-align: justify;\">En la ma\u00f1ana de hoy se iniciaron los trabajos para definir la traza del aliviador auxiliar que empezar\u00e1 a construirse ma\u00f1ana en el marco del plan de contingencia por la rotura del colector cloacal en Ruta Nacional N\u00b022. El aliviador garantizar\u00e1 la actividad del servicio de cloacas y despejar\u00e1 el lugar evitando desbordes.<\/p>\n<p style=\"text-align: justify;\">\n<p style=\"text-align: justify;\">Posteriormente, el Departamento Provincial de Aguas, Aguas Rionegrinas y la Municipalidad de General Roca firmaron un acta en la que se acord\u00f3 el vertido de l\u00edquidos cloacales, previo tratamiento, en el desag\u00fce C21 ubicado a la vera de la Ruta Nacional N\u00b022, hasta tanto se finalice el aliviador.<\/p>\n<p style=\"text-align: justify;\">\n<p style=\"text-align: justify;\">En este sentido Aguas Rionegrinas realizar\u00e1 el tratamiento del l\u00edquido cloacal en el desag\u00fce para garantizar la salubridad p\u00fablica. Para ello se contrat\u00f3 a la empresa\u00a0 Novatec S.R.L. para la colocaci\u00f3n de dos equipos especiales que generan e inyectan ozono en el l\u00edquido cloacal.<\/p>\n<p style=\"text-align: justify;\">\n<p style=\"text-align: justify;\">El ozono es un oxidante efectivo que degrada los l\u00edquidos clocales, disminuye los olores y desinfecta depurando los l\u00edquidos. Adem\u00e1s, personal de la empresa estatal se encuentra colocando cloro sobre el l\u00edquido cloacal para complementar la desinfecci\u00f3n de los mismos.<\/p>\n<p style=\"text-align: justify;\">\n<p style=\"text-align: justify;\">Cabe agregar que la rotura se produjo en dos tramos del colector cloacal que se vio afectado\u00a0 por la degradaci\u00f3n provocada por el tr\u00e1nsito de los l\u00edquidos cloacales y por los gases que estos emanan. No obstante es importante tener en cuenta que se trata de una ca\u00f1er\u00eda con m\u00e1s de 30 a\u00f1os de antig\u00fcedad.<\/p>\n<p style=\"text-align: justify;\">\n<p style=\"text-align: justify;\">La empresa estatal Aguas Rionegrinas solicita especial cuidado a quienes transiten por el sector. Actualmente la zona se encuentra sectorizada con la se\u00f1alizaci\u00f3n y con el sistema de iluminaci\u00f3n correspondiente.<\/p>\n","protected":false},"excerpt":{"rendered":"<p>Viedma &#8211; La empresa estatal Aguas Rionegrinas avanza con las obras y trabajos en el marco del plan de contingencia [&hellip;]<\/p>\n","protected":false},"author":2,"featured_media":7124,"comment_status":"closed","ping_status":"closed","sticky":false,"template":"","format":"standard","meta":{"site-sidebar-layout":"default","site-content-layout":"","ast-site-content-layout":"default","site-content-style":"default","site-sidebar-style":"default","ast-global-header-display":"","ast-banner-title-visibility":"","ast-main-header-display":"","ast-hfb-above-header-display":"","ast-hfb-below-header-display":"","ast-hfb-mobile-header-display":"","site-post-title":"","ast-breadcrumbs-content":"","ast-featured-img":"","footer-sml-layout":"","ast-disable-related-posts":"","theme-transparent-header-meta":"","adv-header-id-meta":"","stick-header-meta":"","header-above-stick-meta":"","header-main-stick-meta":"","header-below-stick-meta":"","astra-migrate-meta-layouts":"default","ast-page-background-enabled":"default","ast-page-background-meta":{"desktop":{"background-color":"var(--ast-global-color-5)","background-image":"","background-repeat":"repeat","background-position":"center center","background-size":"auto","background-attachment":"scroll","background-type":"","background-media":"","overlay-type":"","overlay-color":"","overlay-opacity":"","overlay-gradient":""},"tablet":{"background-color":"","background-image":"","background-repeat":"repeat","background-position":"center center","background-size":"auto","background-attachment":"scroll","background-type":"","background-media":"","overlay-type":"","overlay-color":"","overlay-opacity":"","overlay-gradient":""},"mobile":{"background-color":"","background-image":"","background-repeat":"repeat","background-position":"center center","background-size":"auto","background-attachment":"scroll","background-type":"","background-media":"","overlay-type":"","overlay-color":"","overlay-opacity":"","overlay-gradient":""}},"ast-content-background-meta":{"desktop":{"background-color":"var(--ast-global-color-4)","background-image":"","background-repeat":"repeat","background-position":"center center","background-size":"auto","background-attachment":"scroll","background-type":"","background-media":"","overlay-type":"","overlay-color":"","overlay-opacity":"","overlay-gradient":""},"tablet":{"background-color":"var(--ast-global-color-4)","background-image":"","background-repeat":"repeat","background-position":"center center","background-size":"auto","background-attachment":"scroll","background-type":"","background-media":"","overlay-type":"","overlay-color":"","overlay-opacity":"","overlay-gradient":""},"mobile":{"background-color":"var(--ast-global-color-4)","background-image":"","background-repeat":"repeat","background-position":"center center","background-size":"auto","background-attachment":"scroll","background-type":"","background-media":"","overlay-type":"","overlay-color":"","overlay-opacity":"","overlay-gradient":""}},"footnotes":""},"categories":[53,1],"tags":[1820,1512,2098,2156],"class_list":["post-7123","post","type-post","status-publish","format-standard","has-post-thumbnail","hentry","category-general","category-noticias","tag-aguas-rionegrinas","tag-cloacales","tag-colector","tag-continggencia"],"yoast_head":"<!-- This site is optimized with the Yoast SEO Premium plugin v23.0 (Yoast SEO v27.5) - https:\/\/yoast.com\/product\/yoast-seo-premium-wordpress\/ -->\n<title>General Roca: Aguas Rionegrinas avanza con plan de recambio de colector ca\u00eddo<\/title>\n<meta name=\"robots\" content=\"index, follow, max-snippet:-1, max-image-preview:large, max-video-preview:-1\" \/>\n<link rel=\"canonical\" href=\"https:\/\/patagoniambiental.com.ar\/info\/general-roca-aguas-rionegrinas-avanza-con-plan-de-recambio-de-colector-caido\/\" \/>\n<meta property=\"og:locale\" content=\"es_ES\" \/>\n<meta property=\"og:type\" content=\"article\" \/>\n<meta property=\"og:title\" content=\"General Roca: Aguas Rionegrinas avanza con plan de recambio de colector ca\u00eddo\" \/>\n<meta property=\"og:description\" content=\"Viedma &#8211; La empresa estatal Aguas Rionegrinas avanza con las obras y trabajos en el marco del plan de contingencia [&hellip;]\" \/>\n<meta property=\"og:url\" content=\"https:\/\/patagoniambiental.com.ar\/info\/general-roca-aguas-rionegrinas-avanza-con-plan-de-recambio-de-colector-caido\/\" \/>\n<meta property=\"og:site_name\" content=\"Patagonia Ambiental\" \/>\n<meta property=\"article:publisher\" content=\"https:\/\/www.facebook.com\/patagonia.ambiental\" \/>\n<meta property=\"article:author\" content=\"https:\/\/www.facebook.com\/share\/1C1V8Gv9BX\/?mibextid=qi2Omg\" \/>\n<meta property=\"article:published_time\" content=\"2015-01-15T19:06:03+00:00\" \/>\n<meta name=\"author\" content=\"Patagonia Ambiental\" \/>\n<meta name=\"twitter:card\" content=\"summary_large_image\" \/>\n<meta name=\"twitter:creator\" content=\"@PatAmb\" \/>\n<meta name=\"twitter:site\" content=\"@PatAmb\" \/>\n<script type=\"application\/ld+json\" class=\"yoast-schema-graph\">{\"@context\":\"https:\\\/\\\/schema.org\",\"@graph\":[{\"@type\":\"Article\",\"@id\":\"https:\\\/\\\/patagoniambiental.com.ar\\\/info\\\/general-roca-aguas-rionegrinas-avanza-con-plan-de-recambio-de-colector-caido\\\/#article\",\"isPartOf\":{\"@id\":\"https:\\\/\\\/patagoniambiental.com.ar\\\/info\\\/general-roca-aguas-rionegrinas-avanza-con-plan-de-recambio-de-colector-caido\\\/\"},\"author\":{\"name\":\"Patagonia Ambiental\",\"@id\":\"https:\\\/\\\/patagoniambiental.com.ar\\\/info\\\/#\\\/schema\\\/person\\\/db12bff64bbcbf6a253710bf0ea37b5d\"},\"headline\":\"General Roca: Aguas Rionegrinas avanza con plan de recambio de colector ca\u00eddo\",\"datePublished\":\"2015-01-15T19:06:03+00:00\",\"mainEntityOfPage\":{\"@id\":\"https:\\\/\\\/patagoniambiental.com.ar\\\/info\\\/general-roca-aguas-rionegrinas-avanza-con-plan-de-recambio-de-colector-caido\\\/\"},\"wordCount\":394,\"publisher\":{\"@id\":\"https:\\\/\\\/patagoniambiental.com.ar\\\/info\\\/#organization\"},\"image\":{\"@id\":\"https:\\\/\\\/patagoniambiental.com.ar\\\/info\\\/general-roca-aguas-rionegrinas-avanza-con-plan-de-recambio-de-colector-caido\\\/#primaryimage\"},\"thumbnailUrl\":\"\",\"keywords\":[\"Aguas rionegrinas\",\"cloacales\",\"colector\",\"continggencia\"],\"articleSection\":[\"General\",\"Noticias\"],\"inLanguage\":\"es\"},{\"@type\":\"WebPage\",\"@id\":\"https:\\\/\\\/patagoniambiental.com.ar\\\/info\\\/general-roca-aguas-rionegrinas-avanza-con-plan-de-recambio-de-colector-caido\\\/\",\"url\":\"https:\\\/\\\/patagoniambiental.com.ar\\\/info\\\/general-roca-aguas-rionegrinas-avanza-con-plan-de-recambio-de-colector-caido\\\/\",\"name\":\"General Roca: Aguas Rionegrinas avanza con plan de recambio de colector ca\u00eddo\",\"isPartOf\":{\"@id\":\"https:\\\/\\\/patagoniambiental.com.ar\\\/info\\\/#website\"},\"primaryImageOfPage\":{\"@id\":\"https:\\\/\\\/patagoniambiental.com.ar\\\/info\\\/general-roca-aguas-rionegrinas-avanza-con-plan-de-recambio-de-colector-caido\\\/#primaryimage\"},\"image\":{\"@id\":\"https:\\\/\\\/patagoniambiental.com.ar\\\/info\\\/general-roca-aguas-rionegrinas-avanza-con-plan-de-recambio-de-colector-caido\\\/#primaryimage\"},\"thumbnailUrl\":\"\",\"datePublished\":\"2015-01-15T19:06:03+00:00\",\"breadcrumb\":{\"@id\":\"https:\\\/\\\/patagoniambiental.com.ar\\\/info\\\/general-roca-aguas-rionegrinas-avanza-con-plan-de-recambio-de-colector-caido\\\/#breadcrumb\"},\"inLanguage\":\"es\",\"potentialAction\":[{\"@type\":\"ReadAction\",\"target\":[\"https:\\\/\\\/patagoniambiental.com.ar\\\/info\\\/general-roca-aguas-rionegrinas-avanza-con-plan-de-recambio-de-colector-caido\\\/\"]}]},{\"@type\":\"ImageObject\",\"inLanguage\":\"es\",\"@id\":\"https:\\\/\\\/patagoniambiental.com.ar\\\/info\\\/general-roca-aguas-rionegrinas-avanza-con-plan-de-recambio-de-colector-caido\\\/#primaryimage\",\"url\":\"\",\"contentUrl\":\"\"},{\"@type\":\"BreadcrumbList\",\"@id\":\"https:\\\/\\\/patagoniambiental.com.ar\\\/info\\\/general-roca-aguas-rionegrinas-avanza-con-plan-de-recambio-de-colector-caido\\\/#breadcrumb\",\"itemListElement\":[{\"@type\":\"ListItem\",\"position\":1,\"name\":\"Inicio\",\"item\":\"https:\\\/\\\/patagoniambiental.com.ar\\\/info\\\/\"},{\"@type\":\"ListItem\",\"position\":2,\"name\":\"General Roca: Aguas Rionegrinas avanza con plan de recambio de colector ca\u00eddo\"}]},{\"@type\":\"WebSite\",\"@id\":\"https:\\\/\\\/patagoniambiental.com.ar\\\/info\\\/#website\",\"url\":\"https:\\\/\\\/patagoniambiental.com.ar\\\/info\\\/\",\"name\":\"Patagonia Ambiental\",\"description\":\"Monitoreo y an\u00e1lisis de la situaci\u00f3n geopol\u00edtica en el mundo y su implicancia en la Patagonia\",\"publisher\":{\"@id\":\"https:\\\/\\\/patagoniambiental.com.ar\\\/info\\\/#organization\"},\"potentialAction\":[{\"@type\":\"SearchAction\",\"target\":{\"@type\":\"EntryPoint\",\"urlTemplate\":\"https:\\\/\\\/patagoniambiental.com.ar\\\/info\\\/?s={search_term_string}\"},\"query-input\":{\"@type\":\"PropertyValueSpecification\",\"valueRequired\":true,\"valueName\":\"search_term_string\"}}],\"inLanguage\":\"es\"},{\"@type\":\"Organization\",\"@id\":\"https:\\\/\\\/patagoniambiental.com.ar\\\/info\\\/#organization\",\"name\":\"Patagonia Ambiental\",\"url\":\"https:\\\/\\\/patagoniambiental.com.ar\\\/info\\\/\",\"logo\":{\"@type\":\"ImageObject\",\"inLanguage\":\"es\",\"@id\":\"https:\\\/\\\/patagoniambiental.com.ar\\\/info\\\/#\\\/schema\\\/logo\\\/image\\\/\",\"url\":\"https:\\\/\\\/patagoniambiental.com.ar\\\/info\\\/wp-content\\\/uploads\\\/2025\\\/05\\\/LOGO-PATAGONIA-AMBIENTAL.png\",\"contentUrl\":\"https:\\\/\\\/patagoniambiental.com.ar\\\/info\\\/wp-content\\\/uploads\\\/2025\\\/05\\\/LOGO-PATAGONIA-AMBIENTAL.png\",\"width\":433,\"height\":250,\"caption\":\"Patagonia Ambiental\"},\"image\":{\"@id\":\"https:\\\/\\\/patagoniambiental.com.ar\\\/info\\\/#\\\/schema\\\/logo\\\/image\\\/\"},\"sameAs\":[\"https:\\\/\\\/www.facebook.com\\\/patagonia.ambiental\",\"https:\\\/\\\/x.com\\\/PatAmb\"]},{\"@type\":\"Person\",\"@id\":\"https:\\\/\\\/patagoniambiental.com.ar\\\/info\\\/#\\\/schema\\\/person\\\/db12bff64bbcbf6a253710bf0ea37b5d\",\"name\":\"Patagonia Ambiental\",\"description\":\"Andr\u00e9s Nievas T\u00e9cnico en manejo ambiental, consultor Ambiental y escritor para medios locales e internacionales sobre temas de geopolitica y medio ambiente.\",\"sameAs\":[\"http:\\\/\\\/www.patagoniambiental.com.ar\",\"https:\\\/\\\/www.facebook.com\\\/share\\\/1C1V8Gv9BX\\\/?mibextid=qi2Omg\",\"@patagoniambiental\",\"https:\\\/\\\/youtube.com\\\/@patagoniaambiental2023?si=BLt58t0wuXquxlYZ\"]}]}<\/script>\n<!-- \/ Yoast SEO Premium plugin. -->","yoast_head_json":{"title":"General Roca: Aguas Rionegrinas avanza con plan de recambio de colector ca\u00eddo","robots":{"index":"index","follow":"follow","max-snippet":"max-snippet:-1","max-image-preview":"max-image-preview:large","max-video-preview":"max-video-preview:-1"},"canonical":"https:\/\/patagoniambiental.com.ar\/info\/general-roca-aguas-rionegrinas-avanza-con-plan-de-recambio-de-colector-caido\/","og_locale":"es_ES","og_type":"article","og_title":"General Roca: Aguas Rionegrinas avanza con plan de recambio de colector ca\u00eddo","og_description":"Viedma &#8211; La empresa estatal Aguas Rionegrinas avanza con las obras y trabajos en el marco del plan de contingencia [&hellip;]","og_url":"https:\/\/patagoniambiental.com.ar\/info\/general-roca-aguas-rionegrinas-avanza-con-plan-de-recambio-de-colector-caido\/","og_site_name":"Patagonia Ambiental","article_publisher":"https:\/\/www.facebook.com\/patagonia.ambiental","article_author":"https:\/\/www.facebook.com\/share\/1C1V8Gv9BX\/?mibextid=qi2Omg","article_published_time":"2015-01-15T19:06:03+00:00","author":"Patagonia Ambiental","twitter_card":"summary_large_image","twitter_creator":"@PatAmb","twitter_site":"@PatAmb","schema":{"@context":"https:\/\/schema.org","@graph":[{"@type":"Article","@id":"https:\/\/patagoniambiental.com.ar\/info\/general-roca-aguas-rionegrinas-avanza-con-plan-de-recambio-de-colector-caido\/#article","isPartOf":{"@id":"https:\/\/patagoniambiental.com.ar\/info\/general-roca-aguas-rionegrinas-avanza-con-plan-de-recambio-de-colector-caido\/"},"author":{"name":"Patagonia Ambiental","@id":"https:\/\/patagoniambiental.com.ar\/info\/#\/schema\/person\/db12bff64bbcbf6a253710bf0ea37b5d"},"headline":"General Roca: Aguas Rionegrinas avanza con plan de recambio de colector ca\u00eddo","datePublished":"2015-01-15T19:06:03+00:00","mainEntityOfPage":{"@id":"https:\/\/patagoniambiental.com.ar\/info\/general-roca-aguas-rionegrinas-avanza-con-plan-de-recambio-de-colector-caido\/"},"wordCount":394,"publisher":{"@id":"https:\/\/patagoniambiental.com.ar\/info\/#organization"},"image":{"@id":"https:\/\/patagoniambiental.com.ar\/info\/general-roca-aguas-rionegrinas-avanza-con-plan-de-recambio-de-colector-caido\/#primaryimage"},"thumbnailUrl":"","keywords":["Aguas rionegrinas","cloacales","colector","continggencia"],"articleSection":["General","Noticias"],"inLanguage":"es"},{"@type":"WebPage","@id":"https:\/\/patagoniambiental.com.ar\/info\/general-roca-aguas-rionegrinas-avanza-con-plan-de-recambio-de-colector-caido\/","url":"https:\/\/patagoniambiental.com.ar\/info\/general-roca-aguas-rionegrinas-avanza-con-plan-de-recambio-de-colector-caido\/","name":"General Roca: Aguas Rionegrinas avanza con plan de recambio de colector ca\u00eddo","isPartOf":{"@id":"https:\/\/patagoniambiental.com.ar\/info\/#website"},"primaryImageOfPage":{"@id":"https:\/\/patagoniambiental.com.ar\/info\/general-roca-aguas-rionegrinas-avanza-con-plan-de-recambio-de-colector-caido\/#primaryimage"},"image":{"@id":"https:\/\/patagoniambiental.com.ar\/info\/general-roca-aguas-rionegrinas-avanza-con-plan-de-recambio-de-colector-caido\/#primaryimage"},"thumbnailUrl":"","datePublished":"2015-01-15T19:06:03+00:00","breadcrumb":{"@id":"https:\/\/patagoniambiental.com.ar\/info\/general-roca-aguas-rionegrinas-avanza-con-plan-de-recambio-de-colector-caido\/#breadcrumb"},"inLanguage":"es","potentialAction":[{"@type":"ReadAction","target":["https:\/\/patagoniambiental.com.ar\/info\/general-roca-aguas-rionegrinas-avanza-con-plan-de-recambio-de-colector-caido\/"]}]},{"@type":"ImageObject","inLanguage":"es","@id":"https:\/\/patagoniambiental.com.ar\/info\/general-roca-aguas-rionegrinas-avanza-con-plan-de-recambio-de-colector-caido\/#primaryimage","url":"","contentUrl":""},{"@type":"BreadcrumbList","@id":"https:\/\/patagoniambiental.com.ar\/info\/general-roca-aguas-rionegrinas-avanza-con-plan-de-recambio-de-colector-caido\/#breadcrumb","itemListElement":[{"@type":"ListItem","position":1,"name":"Inicio","item":"https:\/\/patagoniambiental.com.ar\/info\/"},{"@type":"ListItem","position":2,"name":"General Roca: Aguas Rionegrinas avanza con plan de recambio de colector ca\u00eddo"}]},{"@type":"WebSite","@id":"https:\/\/patagoniambiental.com.ar\/info\/#website","url":"https:\/\/patagoniambiental.com.ar\/info\/","name":"Patagonia Ambiental","description":"Monitoreo y an\u00e1lisis de la situaci\u00f3n geopol\u00edtica en el mundo y su implicancia en la Patagonia","publisher":{"@id":"https:\/\/patagoniambiental.com.ar\/info\/#organization"},"potentialAction":[{"@type":"SearchAction","target":{"@type":"EntryPoint","urlTemplate":"https:\/\/patagoniambiental.com.ar\/info\/?s={search_term_string}"},"query-input":{"@type":"PropertyValueSpecification","valueRequired":true,"valueName":"search_term_string"}}],"inLanguage":"es"},{"@type":"Organization","@id":"https:\/\/patagoniambiental.com.ar\/info\/#organization","name":"Patagonia Ambiental","url":"https:\/\/patagoniambiental.com.ar\/info\/","logo":{"@type":"ImageObject","inLanguage":"es","@id":"https:\/\/patagoniambiental.com.ar\/info\/#\/schema\/logo\/image\/","url":"https:\/\/patagoniambiental.com.ar\/info\/wp-content\/uploads\/2025\/05\/LOGO-PATAGONIA-AMBIENTAL.png","contentUrl":"https:\/\/patagoniambiental.com.ar\/info\/wp-content\/uploads\/2025\/05\/LOGO-PATAGONIA-AMBIENTAL.png","width":433,"height":250,"caption":"Patagonia Ambiental"},"image":{"@id":"https:\/\/patagoniambiental.com.ar\/info\/#\/schema\/logo\/image\/"},"sameAs":["https:\/\/www.facebook.com\/patagonia.ambiental","https:\/\/x.com\/PatAmb"]},{"@type":"Person","@id":"https:\/\/patagoniambiental.com.ar\/info\/#\/schema\/person\/db12bff64bbcbf6a253710bf0ea37b5d","name":"Patagonia Ambiental","description":"Andr\u00e9s Nievas T\u00e9cnico en manejo ambiental, consultor Ambiental y escritor para medios locales e internacionales sobre temas de geopolitica y medio ambiente.","sameAs":["http:\/\/www.patagoniambiental.com.ar","https:\/\/www.facebook.com\/share\/1C1V8Gv9BX\/?mibextid=qi2Omg","@patagoniambiental","https:\/\/youtube.com\/@patagoniaambiental2023?si=BLt58t0wuXquxlYZ"]}]}},"_links":{"self":[{"href":"https:\/\/patagoniambiental.com.ar\/info\/wp-json\/wp\/v2\/posts\/7123","targetHints":{"allow":["GET"]}}],"collection":[{"href":"https:\/\/patagoniambiental.com.ar\/info\/wp-json\/wp\/v2\/posts"}],"about":[{"href":"https:\/\/patagoniambiental.com.ar\/info\/wp-json\/wp\/v2\/types\/post"}],"author":[{"embeddable":true,"href":"https:\/\/patagoniambiental.com.ar\/info\/wp-json\/wp\/v2\/users\/2"}],"replies":[{"embeddable":true,"href":"https:\/\/patagoniambiental.com.ar\/info\/wp-json\/wp\/v2\/comments?post=7123"}],"version-history":[{"count":0,"href":"https:\/\/patagoniambiental.com.ar\/info\/wp-json\/wp\/v2\/posts\/7123\/revisions"}],"wp:featuredmedia":[{"embeddable":true,"href":"https:\/\/patagoniambiental.com.ar\/info\/wp-json\/"}],"wp:attachment":[{"href":"https:\/\/patagoniambiental.com.ar\/info\/wp-json\/wp\/v2\/media?parent=7123"}],"wp:term":[{"taxonomy":"category","embeddable":true,"href":"https:\/\/patagoniambiental.com.ar\/info\/wp-json\/wp\/v2\/categories?post=7123"},{"taxonomy":"post_tag","embeddable":true,"href":"https:\/\/patagoniambiental.com.ar\/info\/wp-json\/wp\/v2\/tags?post=7123"}],"curies":[{"name":"wp","href":"https:\/\/api.w.org\/{rel}","templated":true}]}}