{"id":71508,"date":"2021-03-25T07:00:00","date_gmt":"2021-03-25T10:00:00","guid":{"rendered":"http:\/\/patagoniambiental.com.ar\/info\/?p=71508"},"modified":"2021-03-25T15:32:38","modified_gmt":"2021-03-25T18:32:38","slug":"triquinosis-salud-reitera-medidas-de-prevencion-ante-posible-faena-domestica-de-cerdos-y-jabalies","status":"publish","type":"post","link":"https:\/\/patagoniambiental.com.ar\/info\/triquinosis-salud-reitera-medidas-de-prevencion-ante-posible-faena-domestica-de-cerdos-y-jabalies\/","title":{"rendered":"Triquinosis: Salud reitera medidas de prevenci\u00f3n ante posible faena dom\u00e9stica de cerdos y jabal\u00edes"},"content":{"rendered":"\n<!--more-->\n\n\n\n<p>El Ministerio de Salud de R\u00edo Negro, a trav\u00e9s del \u00e1rea de Salud Ambiental, recuerda y reitera medidas y cuidados para prevenir la triquinosis. Esta enfermedad afecta a animales como cerdos, jabal\u00edes o pumas y se transmite al humano a trav\u00e9s de la ingesta de carne cruda o mal cocinada.<\/p>\n\n\n\n<p>La triquinosis es una enfermedad que se transmite a las personas a trav\u00e9s de la ingesta de carne cruda o mal cocinada, o por sus derivados crudos como chorizos, salamines, bondiola, jamones y panceta. El par\u00e1sito que provoca esta enfermedad se aloja en los m\u00fasculos del cerdo, como as\u00ed tambi\u00e9n en otros animales salvajes como jabal\u00edes y pumas.<\/p>\n\n\n\n<p><strong>Signos y s\u00edntomas de la Triquinosis<\/strong><\/p>\n\n\n\n<p>Los signos tempranos caracter\u00edsticos de esta enfermedad son molestias y dolores musculares, inflamaci\u00f3n de p\u00e1rpados y fiebre; s\u00edntomas abdominales tales como dolor gastrointestinal intenso, n\u00e1useas, v\u00f3mitos y diarrea suelen aparecer una o dos semanas despu\u00e9s de la ingesta de la carne infectada.<\/p>\n\n\n\n<p>La triquinosis tambi\u00e9n puede producir fotofobia (rechazo a la luz) y un estado de decaimiento similar al de la gripe. Si la infecci\u00f3n es grave; la persona podr\u00eda presentar problemas de coordinaci\u00f3n, as\u00ed como trastornos card\u00edacos y respiratorios, inclusive la muerte.<\/p>\n\n\n\n<p>Si consumi\u00f3 carne de cerdo o de animales de caza recientemente y se presentan los s\u00edntomas detallados, es importante consultar r\u00e1pidamente al centro de salud m\u00e1s cercano. Cuanto m\u00e1s temprano se detecte, m\u00e1s r\u00e1pida y efectiva es la cura.<\/p>\n\n\n\n<p><strong>Medidas preventivas para el consumidor<\/strong><\/p>\n\n\n\n<p>Consumir siempre carne de cerdo y sus productos derivados elaborados por establecimientos autorizados por la Autoridad Sanitaria competente (SENASA, Ministerio de Producci\u00f3n y Agroindustria, bromatolog\u00eda provincial o municipal seg\u00fan corresponda), y que contengan sus respectivos r\u00f3tulos.<\/p>\n\n\n\n<p>Se recomienda no consumir productos caseros excepto que los mismos hayan resultado negativos a los an\u00e1lisis de laboratorio. Si consume carne fresca de cerdo, puma o jabal\u00ed, cocine completamente hasta que desaparezcan los jugos rosados.<\/p>\n\n\n\n<p>Para los productos de la caza, es importante que las carnes destinadas al consumo sean previamente analizadas por la t\u00e9cnica de digesti\u00f3n enzim\u00e1tica artificial. Para esto la muestra de primera elecci\u00f3n es el diafragma, si este no esta se puede llevar m\u00fasculos de la lengua o maseteros del animal.<\/p>\n\n\n\n<p><strong>Medidas preventivas para la faena casera<\/strong><\/p>\n\n\n\n<p>Los cerdos deben ser criados en instalaciones adecuadas sin presencia de roedores y deben ser bien alimentados, no darles basura, desperdicios de mataderos ni residuos de casas de comidas o restaurantes ya que en ellos puede haber restos de alimentos contaminados con el par\u00e1sito (suele estar presentes en m\u00fasculos de roedores).<\/p>\n\n\n\n<p>En el criadero, eliminar los cad\u00e1veres de cerdos y otros animales para que no puedan ser consumidos por otros cerdos, ratas ni animales carn\u00edvoros.<\/p>\n\n\n\n<p>En caso de realizar la faena de un animal (cerdo o jabal\u00ed) de manera dom\u00e9stica, es importante consultar al veterinario y pedir el an\u00e1lisis de una muestra de entra\u00f1a (al menos 100 gramos de carne) de cada res, a fin de confirmar la ausencia del par\u00e1sito que provoca la triquinosis.<\/p>\n\n\n\n<p>Es importante tener en cuenta que la salaz\u00f3n, el secado y el ahumado no matan al par\u00e1sito.<\/p>\n\n\n\n<p>En R\u00edo Negro los an\u00e1lisis pueden ser solicitados a veterinarios privados o en los laboratorios de Salud Ambiental dependientes del Ministerio de Salud:<\/p>\n\n\n\n<p><strong>Viedma:<\/strong>&nbsp;Estrada y Lamadrid, tel. 02920- 425300, labviedma@yahoo.com.ar<\/p>\n\n\n\n<p><strong>Villa Regina:<\/strong>&nbsp;San Mart\u00edn y Libertad 15, tel. 02941-461926, labvillaregina@yahoo.com<\/p>\n\n\n\n<p><strong>Cinco Saltos:<\/strong>&nbsp;General Roca 113, tel. 0299-4980735, labcsaltos@yahoo.com.ar<\/p>\n\n\n\n<p>Tambi\u00e9n se podr\u00e1n comunicar con las oficinas de Salud Ambiental m\u00e1s cercanas, por mail a zoonosis@salud.rionegro.gov.ar o al 02920-430007.<\/p>\n\n\n\n<p>Fuente: Gobierno de Rio Negro<\/p>\n","protected":false},"excerpt":{"rendered":"","protected":false},"author":6,"featured_media":71509,"comment_status":"open","ping_status":"open","sticky":false,"template":"","format":"standard","meta":{"site-sidebar-layout":"default","site-content-layout":"","ast-site-content-layout":"default","site-content-style":"default","site-sidebar-style":"default","ast-global-header-display":"","ast-banner-title-visibility":"","ast-main-header-display":"","ast-hfb-above-header-display":"","ast-hfb-below-header-display":"","ast-hfb-mobile-header-display":"","site-post-title":"","ast-breadcrumbs-content":"","ast-featured-img":"","footer-sml-layout":"","ast-disable-related-posts":"","theme-transparent-header-meta":"","adv-header-id-meta":"","stick-header-meta":"","header-above-stick-meta":"","header-main-stick-meta":"","header-below-stick-meta":"","astra-migrate-meta-layouts":"default","ast-page-background-enabled":"default","ast-page-background-meta":{"desktop":{"background-color":"var(--ast-global-color-5)","background-image":"","background-repeat":"repeat","background-position":"center center","background-size":"auto","background-attachment":"scroll","background-type":"","background-media":"","overlay-type":"","overlay-color":"","overlay-opacity":"","overlay-gradient":""},"tablet":{"background-color":"","background-image":"","background-repeat":"repeat","background-position":"center center","background-size":"auto","background-attachment":"scroll","background-type":"","background-media":"","overlay-type":"","overlay-color":"","overlay-opacity":"","overlay-gradient":""},"mobile":{"background-color":"","background-image":"","background-repeat":"repeat","background-position":"center center","background-size":"auto","background-attachment":"scroll","background-type":"","background-media":"","overlay-type":"","overlay-color":"","overlay-opacity":"","overlay-gradient":""}},"ast-content-background-meta":{"desktop":{"background-color":"var(--ast-global-color-4)","background-image":"","background-repeat":"repeat","background-position":"center center","background-size":"auto","background-attachment":"scroll","background-type":"","background-media":"","overlay-type":"","overlay-color":"","overlay-opacity":"","overlay-gradient":""},"tablet":{"background-color":"var(--ast-global-color-4)","background-image":"","background-repeat":"repeat","background-position":"center center","background-size":"auto","background-attachment":"scroll","background-type":"","background-media":"","overlay-type":"","overlay-color":"","overlay-opacity":"","overlay-gradient":""},"mobile":{"background-color":"var(--ast-global-color-4)","background-image":"","background-repeat":"repeat","background-position":"center center","background-size":"auto","background-attachment":"scroll","background-type":"","background-media":"","overlay-type":"","overlay-color":"","overlay-opacity":"","overlay-gradient":""}},"footnotes":""},"categories":[11,1,13,14,10],"tags":[],"class_list":["post-71508","post","type-post","status-publish","format-standard","has-post-thumbnail","hentry","category-boletin","category-noticias","category-provinciales","category-rio-negro","category-rotador"],"yoast_head":"<!-- This site is optimized with the Yoast SEO Premium plugin v23.0 (Yoast SEO v27.5) - https:\/\/yoast.com\/product\/yoast-seo-premium-wordpress\/ -->\n<title>Triquinosis: Salud reitera medidas de prevenci\u00f3n ante posible faena dom\u00e9stica de cerdos y jabal\u00edes<\/title>\n<meta name=\"robots\" content=\"index, follow, max-snippet:-1, max-image-preview:large, max-video-preview:-1\" \/>\n<link rel=\"canonical\" href=\"https:\/\/patagoniambiental.com.ar\/info\/triquinosis-salud-reitera-medidas-de-prevencion-ante-posible-faena-domestica-de-cerdos-y-jabalies\/\" \/>\n<meta property=\"og:locale\" content=\"es_ES\" \/>\n<meta property=\"og:type\" content=\"article\" \/>\n<meta property=\"og:title\" content=\"Triquinosis: Salud reitera medidas de prevenci\u00f3n ante posible faena dom\u00e9stica de cerdos y jabal\u00edes\" \/>\n<meta property=\"og:url\" content=\"https:\/\/patagoniambiental.com.ar\/info\/triquinosis-salud-reitera-medidas-de-prevencion-ante-posible-faena-domestica-de-cerdos-y-jabalies\/\" \/>\n<meta property=\"og:site_name\" content=\"Patagonia Ambiental\" \/>\n<meta property=\"article:publisher\" content=\"https:\/\/www.facebook.com\/patagonia.ambiental\" \/>\n<meta property=\"article:published_time\" content=\"2021-03-25T10:00:00+00:00\" \/>\n<meta property=\"article:modified_time\" content=\"2021-03-25T18:32:38+00:00\" \/>\n<meta property=\"og:image\" content=\"https:\/\/patagoniambiental.com.ar\/info\/wp-content\/uploads\/2021\/03\/00055565.jpg\" \/>\n\t<meta property=\"og:image:width\" content=\"462\" \/>\n\t<meta property=\"og:image:height\" content=\"308\" \/>\n\t<meta property=\"og:image:type\" content=\"image\/jpeg\" \/>\n<meta name=\"author\" content=\"BRAIAN ESTEVEZ\" \/>\n<meta name=\"twitter:card\" content=\"summary_large_image\" \/>\n<meta name=\"twitter:creator\" content=\"@PatAmb\" \/>\n<meta name=\"twitter:site\" content=\"@PatAmb\" \/>\n<script type=\"application\/ld+json\" class=\"yoast-schema-graph\">{\"@context\":\"https:\\\/\\\/schema.org\",\"@graph\":[{\"@type\":\"Article\",\"@id\":\"https:\\\/\\\/patagoniambiental.com.ar\\\/info\\\/triquinosis-salud-reitera-medidas-de-prevencion-ante-posible-faena-domestica-de-cerdos-y-jabalies\\\/#article\",\"isPartOf\":{\"@id\":\"https:\\\/\\\/patagoniambiental.com.ar\\\/info\\\/triquinosis-salud-reitera-medidas-de-prevencion-ante-posible-faena-domestica-de-cerdos-y-jabalies\\\/\"},\"author\":{\"name\":\"BRAIAN ESTEVEZ\",\"@id\":\"https:\\\/\\\/patagoniambiental.com.ar\\\/info\\\/#\\\/schema\\\/person\\\/e5af09d700b2e82cb10c6b8800e0c691\"},\"headline\":\"Triquinosis: Salud reitera medidas de prevenci\u00f3n ante posible faena dom\u00e9stica de cerdos y jabal\u00edes\",\"datePublished\":\"2021-03-25T10:00:00+00:00\",\"dateModified\":\"2021-03-25T18:32:38+00:00\",\"mainEntityOfPage\":{\"@id\":\"https:\\\/\\\/patagoniambiental.com.ar\\\/info\\\/triquinosis-salud-reitera-medidas-de-prevencion-ante-posible-faena-domestica-de-cerdos-y-jabalies\\\/\"},\"wordCount\":664,\"commentCount\":0,\"publisher\":{\"@id\":\"https:\\\/\\\/patagoniambiental.com.ar\\\/info\\\/#organization\"},\"image\":{\"@id\":\"https:\\\/\\\/patagoniambiental.com.ar\\\/info\\\/triquinosis-salud-reitera-medidas-de-prevencion-ante-posible-faena-domestica-de-cerdos-y-jabalies\\\/#primaryimage\"},\"thumbnailUrl\":\"https:\\\/\\\/patagoniambiental.com.ar\\\/info\\\/wp-content\\\/uploads\\\/2021\\\/03\\\/00055565.jpg\",\"articleSection\":[\"Bolet\u00edn\",\"Noticias\",\"Provinciales\",\"R\u00edo Negro\",\"Rotador\"],\"inLanguage\":\"es\",\"potentialAction\":[{\"@type\":\"CommentAction\",\"name\":\"Comment\",\"target\":[\"https:\\\/\\\/patagoniambiental.com.ar\\\/info\\\/triquinosis-salud-reitera-medidas-de-prevencion-ante-posible-faena-domestica-de-cerdos-y-jabalies\\\/#respond\"]}]},{\"@type\":\"WebPage\",\"@id\":\"https:\\\/\\\/patagoniambiental.com.ar\\\/info\\\/triquinosis-salud-reitera-medidas-de-prevencion-ante-posible-faena-domestica-de-cerdos-y-jabalies\\\/\",\"url\":\"https:\\\/\\\/patagoniambiental.com.ar\\\/info\\\/triquinosis-salud-reitera-medidas-de-prevencion-ante-posible-faena-domestica-de-cerdos-y-jabalies\\\/\",\"name\":\"Triquinosis: Salud reitera medidas de prevenci\u00f3n ante posible faena dom\u00e9stica de cerdos y jabal\u00edes\",\"isPartOf\":{\"@id\":\"https:\\\/\\\/patagoniambiental.com.ar\\\/info\\\/#website\"},\"primaryImageOfPage\":{\"@id\":\"https:\\\/\\\/patagoniambiental.com.ar\\\/info\\\/triquinosis-salud-reitera-medidas-de-prevencion-ante-posible-faena-domestica-de-cerdos-y-jabalies\\\/#primaryimage\"},\"image\":{\"@id\":\"https:\\\/\\\/patagoniambiental.com.ar\\\/info\\\/triquinosis-salud-reitera-medidas-de-prevencion-ante-posible-faena-domestica-de-cerdos-y-jabalies\\\/#primaryimage\"},\"thumbnailUrl\":\"https:\\\/\\\/patagoniambiental.com.ar\\\/info\\\/wp-content\\\/uploads\\\/2021\\\/03\\\/00055565.jpg\",\"datePublished\":\"2021-03-25T10:00:00+00:00\",\"dateModified\":\"2021-03-25T18:32:38+00:00\",\"breadcrumb\":{\"@id\":\"https:\\\/\\\/patagoniambiental.com.ar\\\/info\\\/triquinosis-salud-reitera-medidas-de-prevencion-ante-posible-faena-domestica-de-cerdos-y-jabalies\\\/#breadcrumb\"},\"inLanguage\":\"es\",\"potentialAction\":[{\"@type\":\"ReadAction\",\"target\":[\"https:\\\/\\\/patagoniambiental.com.ar\\\/info\\\/triquinosis-salud-reitera-medidas-de-prevencion-ante-posible-faena-domestica-de-cerdos-y-jabalies\\\/\"]}]},{\"@type\":\"ImageObject\",\"inLanguage\":\"es\",\"@id\":\"https:\\\/\\\/patagoniambiental.com.ar\\\/info\\\/triquinosis-salud-reitera-medidas-de-prevencion-ante-posible-faena-domestica-de-cerdos-y-jabalies\\\/#primaryimage\",\"url\":\"https:\\\/\\\/patagoniambiental.com.ar\\\/info\\\/wp-content\\\/uploads\\\/2021\\\/03\\\/00055565.jpg\",\"contentUrl\":\"https:\\\/\\\/patagoniambiental.com.ar\\\/info\\\/wp-content\\\/uploads\\\/2021\\\/03\\\/00055565.jpg\",\"width\":462,\"height\":308},{\"@type\":\"BreadcrumbList\",\"@id\":\"https:\\\/\\\/patagoniambiental.com.ar\\\/info\\\/triquinosis-salud-reitera-medidas-de-prevencion-ante-posible-faena-domestica-de-cerdos-y-jabalies\\\/#breadcrumb\",\"itemListElement\":[{\"@type\":\"ListItem\",\"position\":1,\"name\":\"Inicio\",\"item\":\"https:\\\/\\\/patagoniambiental.com.ar\\\/info\\\/\"},{\"@type\":\"ListItem\",\"position\":2,\"name\":\"Triquinosis: Salud reitera medidas de prevenci\u00f3n ante posible faena dom\u00e9stica de cerdos y jabal\u00edes\"}]},{\"@type\":\"WebSite\",\"@id\":\"https:\\\/\\\/patagoniambiental.com.ar\\\/info\\\/#website\",\"url\":\"https:\\\/\\\/patagoniambiental.com.ar\\\/info\\\/\",\"name\":\"Patagonia Ambiental\",\"description\":\"Monitoreo y an\u00e1lisis de la situaci\u00f3n geopol\u00edtica en el mundo y su implicancia en la Patagonia\",\"publisher\":{\"@id\":\"https:\\\/\\\/patagoniambiental.com.ar\\\/info\\\/#organization\"},\"potentialAction\":[{\"@type\":\"SearchAction\",\"target\":{\"@type\":\"EntryPoint\",\"urlTemplate\":\"https:\\\/\\\/patagoniambiental.com.ar\\\/info\\\/?s={search_term_string}\"},\"query-input\":{\"@type\":\"PropertyValueSpecification\",\"valueRequired\":true,\"valueName\":\"search_term_string\"}}],\"inLanguage\":\"es\"},{\"@type\":\"Organization\",\"@id\":\"https:\\\/\\\/patagoniambiental.com.ar\\\/info\\\/#organization\",\"name\":\"Patagonia Ambiental\",\"url\":\"https:\\\/\\\/patagoniambiental.com.ar\\\/info\\\/\",\"logo\":{\"@type\":\"ImageObject\",\"inLanguage\":\"es\",\"@id\":\"https:\\\/\\\/patagoniambiental.com.ar\\\/info\\\/#\\\/schema\\\/logo\\\/image\\\/\",\"url\":\"https:\\\/\\\/patagoniambiental.com.ar\\\/info\\\/wp-content\\\/uploads\\\/2025\\\/05\\\/LOGO-PATAGONIA-AMBIENTAL.png\",\"contentUrl\":\"https:\\\/\\\/patagoniambiental.com.ar\\\/info\\\/wp-content\\\/uploads\\\/2025\\\/05\\\/LOGO-PATAGONIA-AMBIENTAL.png\",\"width\":433,\"height\":250,\"caption\":\"Patagonia Ambiental\"},\"image\":{\"@id\":\"https:\\\/\\\/patagoniambiental.com.ar\\\/info\\\/#\\\/schema\\\/logo\\\/image\\\/\"},\"sameAs\":[\"https:\\\/\\\/www.facebook.com\\\/patagonia.ambiental\",\"https:\\\/\\\/x.com\\\/PatAmb\"]},{\"@type\":\"Person\",\"@id\":\"https:\\\/\\\/patagoniambiental.com.ar\\\/info\\\/#\\\/schema\\\/person\\\/e5af09d700b2e82cb10c6b8800e0c691\",\"name\":\"BRAIAN ESTEVEZ\",\"sameAs\":[\"http:\\\/\\\/www.patagoniambiental.com.ar\"]}]}<\/script>\n<!-- \/ Yoast SEO Premium plugin. -->","yoast_head_json":{"title":"Triquinosis: Salud reitera medidas de prevenci\u00f3n ante posible faena dom\u00e9stica de cerdos y jabal\u00edes","robots":{"index":"index","follow":"follow","max-snippet":"max-snippet:-1","max-image-preview":"max-image-preview:large","max-video-preview":"max-video-preview:-1"},"canonical":"https:\/\/patagoniambiental.com.ar\/info\/triquinosis-salud-reitera-medidas-de-prevencion-ante-posible-faena-domestica-de-cerdos-y-jabalies\/","og_locale":"es_ES","og_type":"article","og_title":"Triquinosis: Salud reitera medidas de prevenci\u00f3n ante posible faena dom\u00e9stica de cerdos y jabal\u00edes","og_url":"https:\/\/patagoniambiental.com.ar\/info\/triquinosis-salud-reitera-medidas-de-prevencion-ante-posible-faena-domestica-de-cerdos-y-jabalies\/","og_site_name":"Patagonia Ambiental","article_publisher":"https:\/\/www.facebook.com\/patagonia.ambiental","article_published_time":"2021-03-25T10:00:00+00:00","article_modified_time":"2021-03-25T18:32:38+00:00","og_image":[{"width":462,"height":308,"url":"https:\/\/patagoniambiental.com.ar\/info\/wp-content\/uploads\/2021\/03\/00055565.jpg","type":"image\/jpeg"}],"author":"BRAIAN ESTEVEZ","twitter_card":"summary_large_image","twitter_creator":"@PatAmb","twitter_site":"@PatAmb","schema":{"@context":"https:\/\/schema.org","@graph":[{"@type":"Article","@id":"https:\/\/patagoniambiental.com.ar\/info\/triquinosis-salud-reitera-medidas-de-prevencion-ante-posible-faena-domestica-de-cerdos-y-jabalies\/#article","isPartOf":{"@id":"https:\/\/patagoniambiental.com.ar\/info\/triquinosis-salud-reitera-medidas-de-prevencion-ante-posible-faena-domestica-de-cerdos-y-jabalies\/"},"author":{"name":"BRAIAN ESTEVEZ","@id":"https:\/\/patagoniambiental.com.ar\/info\/#\/schema\/person\/e5af09d700b2e82cb10c6b8800e0c691"},"headline":"Triquinosis: Salud reitera medidas de prevenci\u00f3n ante posible faena dom\u00e9stica de cerdos y jabal\u00edes","datePublished":"2021-03-25T10:00:00+00:00","dateModified":"2021-03-25T18:32:38+00:00","mainEntityOfPage":{"@id":"https:\/\/patagoniambiental.com.ar\/info\/triquinosis-salud-reitera-medidas-de-prevencion-ante-posible-faena-domestica-de-cerdos-y-jabalies\/"},"wordCount":664,"commentCount":0,"publisher":{"@id":"https:\/\/patagoniambiental.com.ar\/info\/#organization"},"image":{"@id":"https:\/\/patagoniambiental.com.ar\/info\/triquinosis-salud-reitera-medidas-de-prevencion-ante-posible-faena-domestica-de-cerdos-y-jabalies\/#primaryimage"},"thumbnailUrl":"https:\/\/patagoniambiental.com.ar\/info\/wp-content\/uploads\/2021\/03\/00055565.jpg","articleSection":["Bolet\u00edn","Noticias","Provinciales","R\u00edo Negro","Rotador"],"inLanguage":"es","potentialAction":[{"@type":"CommentAction","name":"Comment","target":["https:\/\/patagoniambiental.com.ar\/info\/triquinosis-salud-reitera-medidas-de-prevencion-ante-posible-faena-domestica-de-cerdos-y-jabalies\/#respond"]}]},{"@type":"WebPage","@id":"https:\/\/patagoniambiental.com.ar\/info\/triquinosis-salud-reitera-medidas-de-prevencion-ante-posible-faena-domestica-de-cerdos-y-jabalies\/","url":"https:\/\/patagoniambiental.com.ar\/info\/triquinosis-salud-reitera-medidas-de-prevencion-ante-posible-faena-domestica-de-cerdos-y-jabalies\/","name":"Triquinosis: Salud reitera medidas de prevenci\u00f3n ante posible faena dom\u00e9stica de cerdos y jabal\u00edes","isPartOf":{"@id":"https:\/\/patagoniambiental.com.ar\/info\/#website"},"primaryImageOfPage":{"@id":"https:\/\/patagoniambiental.com.ar\/info\/triquinosis-salud-reitera-medidas-de-prevencion-ante-posible-faena-domestica-de-cerdos-y-jabalies\/#primaryimage"},"image":{"@id":"https:\/\/patagoniambiental.com.ar\/info\/triquinosis-salud-reitera-medidas-de-prevencion-ante-posible-faena-domestica-de-cerdos-y-jabalies\/#primaryimage"},"thumbnailUrl":"https:\/\/patagoniambiental.com.ar\/info\/wp-content\/uploads\/2021\/03\/00055565.jpg","datePublished":"2021-03-25T10:00:00+00:00","dateModified":"2021-03-25T18:32:38+00:00","breadcrumb":{"@id":"https:\/\/patagoniambiental.com.ar\/info\/triquinosis-salud-reitera-medidas-de-prevencion-ante-posible-faena-domestica-de-cerdos-y-jabalies\/#breadcrumb"},"inLanguage":"es","potentialAction":[{"@type":"ReadAction","target":["https:\/\/patagoniambiental.com.ar\/info\/triquinosis-salud-reitera-medidas-de-prevencion-ante-posible-faena-domestica-de-cerdos-y-jabalies\/"]}]},{"@type":"ImageObject","inLanguage":"es","@id":"https:\/\/patagoniambiental.com.ar\/info\/triquinosis-salud-reitera-medidas-de-prevencion-ante-posible-faena-domestica-de-cerdos-y-jabalies\/#primaryimage","url":"https:\/\/patagoniambiental.com.ar\/info\/wp-content\/uploads\/2021\/03\/00055565.jpg","contentUrl":"https:\/\/patagoniambiental.com.ar\/info\/wp-content\/uploads\/2021\/03\/00055565.jpg","width":462,"height":308},{"@type":"BreadcrumbList","@id":"https:\/\/patagoniambiental.com.ar\/info\/triquinosis-salud-reitera-medidas-de-prevencion-ante-posible-faena-domestica-de-cerdos-y-jabalies\/#breadcrumb","itemListElement":[{"@type":"ListItem","position":1,"name":"Inicio","item":"https:\/\/patagoniambiental.com.ar\/info\/"},{"@type":"ListItem","position":2,"name":"Triquinosis: Salud reitera medidas de prevenci\u00f3n ante posible faena dom\u00e9stica de cerdos y jabal\u00edes"}]},{"@type":"WebSite","@id":"https:\/\/patagoniambiental.com.ar\/info\/#website","url":"https:\/\/patagoniambiental.com.ar\/info\/","name":"Patagonia Ambiental","description":"Monitoreo y an\u00e1lisis de la situaci\u00f3n geopol\u00edtica en el mundo y su implicancia en la Patagonia","publisher":{"@id":"https:\/\/patagoniambiental.com.ar\/info\/#organization"},"potentialAction":[{"@type":"SearchAction","target":{"@type":"EntryPoint","urlTemplate":"https:\/\/patagoniambiental.com.ar\/info\/?s={search_term_string}"},"query-input":{"@type":"PropertyValueSpecification","valueRequired":true,"valueName":"search_term_string"}}],"inLanguage":"es"},{"@type":"Organization","@id":"https:\/\/patagoniambiental.com.ar\/info\/#organization","name":"Patagonia Ambiental","url":"https:\/\/patagoniambiental.com.ar\/info\/","logo":{"@type":"ImageObject","inLanguage":"es","@id":"https:\/\/patagoniambiental.com.ar\/info\/#\/schema\/logo\/image\/","url":"https:\/\/patagoniambiental.com.ar\/info\/wp-content\/uploads\/2025\/05\/LOGO-PATAGONIA-AMBIENTAL.png","contentUrl":"https:\/\/patagoniambiental.com.ar\/info\/wp-content\/uploads\/2025\/05\/LOGO-PATAGONIA-AMBIENTAL.png","width":433,"height":250,"caption":"Patagonia Ambiental"},"image":{"@id":"https:\/\/patagoniambiental.com.ar\/info\/#\/schema\/logo\/image\/"},"sameAs":["https:\/\/www.facebook.com\/patagonia.ambiental","https:\/\/x.com\/PatAmb"]},{"@type":"Person","@id":"https:\/\/patagoniambiental.com.ar\/info\/#\/schema\/person\/e5af09d700b2e82cb10c6b8800e0c691","name":"BRAIAN ESTEVEZ","sameAs":["http:\/\/www.patagoniambiental.com.ar"]}]}},"_links":{"self":[{"href":"https:\/\/patagoniambiental.com.ar\/info\/wp-json\/wp\/v2\/posts\/71508","targetHints":{"allow":["GET"]}}],"collection":[{"href":"https:\/\/patagoniambiental.com.ar\/info\/wp-json\/wp\/v2\/posts"}],"about":[{"href":"https:\/\/patagoniambiental.com.ar\/info\/wp-json\/wp\/v2\/types\/post"}],"author":[{"embeddable":true,"href":"https:\/\/patagoniambiental.com.ar\/info\/wp-json\/wp\/v2\/users\/6"}],"replies":[{"embeddable":true,"href":"https:\/\/patagoniambiental.com.ar\/info\/wp-json\/wp\/v2\/comments?post=71508"}],"version-history":[{"count":0,"href":"https:\/\/patagoniambiental.com.ar\/info\/wp-json\/wp\/v2\/posts\/71508\/revisions"}],"wp:featuredmedia":[{"embeddable":true,"href":"https:\/\/patagoniambiental.com.ar\/info\/wp-json\/wp\/v2\/media\/71509"}],"wp:attachment":[{"href":"https:\/\/patagoniambiental.com.ar\/info\/wp-json\/wp\/v2\/media?parent=71508"}],"wp:term":[{"taxonomy":"category","embeddable":true,"href":"https:\/\/patagoniambiental.com.ar\/info\/wp-json\/wp\/v2\/categories?post=71508"},{"taxonomy":"post_tag","embeddable":true,"href":"https:\/\/patagoniambiental.com.ar\/info\/wp-json\/wp\/v2\/tags?post=71508"}],"curies":[{"name":"wp","href":"https:\/\/api.w.org\/{rel}","templated":true}]}}