{"id":71577,"date":"2021-03-29T19:00:00","date_gmt":"2021-03-29T22:00:00","guid":{"rendered":"http:\/\/patagoniambiental.com.ar\/info\/?p=71577"},"modified":"2021-03-29T15:39:28","modified_gmt":"2021-03-29T18:39:28","slug":"el-dpa-realiza-tareas-de-precision-en-la-cuenca-del-rio-colorado-y-en-sistemas-de-riego-de-catriel","status":"publish","type":"post","link":"https:\/\/patagoniambiental.com.ar\/info\/el-dpa-realiza-tareas-de-precision-en-la-cuenca-del-rio-colorado-y-en-sistemas-de-riego-de-catriel\/","title":{"rendered":"El DPA realiza tareas de precisi\u00f3n en la cuenca del r\u00edo Colorado y en sistemas de riego de Catriel"},"content":{"rendered":"\n<!--more-->\n\n\n\n<figure class=\"wp-block-table\"><table><tbody><tr><td>Con el fin de mejorar y obtener mediciones de precisi\u00f3n del consumo de agua, personal t\u00e9cnico del Departamento Provincial de Aguas realiz\u00f3 tareas en la cuenca del R\u00edo Colorado e instal\u00f3 un limn\u00edgrafo en el Canal Principal de riego en Catriel, en reemplazo del equipo vandalizado en abril de 2020.Adem\u00e1s se realizaron aforos tanto en este Canal Principal, como en los de Valle Verde y Pe\u00f1as Blancas, con el fin de conocer los consumos actuales de agua para riego.Estas actividades permiten poner en n\u00fameros concretos la cantidad de agua insumida en los distintos sectores con el objetivo de generar acciones tendientes a una mejor gesti\u00f3n del recurso h\u00eddrico.Mediciones similares se realizaron utilizando el equipo de ACDP (Perfilador de Corriente Ac\u00fastico Doppler) en el cauce del r\u00edo Colorado en el sector de Pasarela Medanito. Este dato sirve para comparar con la estaci\u00f3n de referencia en la cuenca en Buta Ranquil y saber que caudal se traslada por este tramo del r\u00edo.Tambi\u00e9n se realiz\u00f3 un relevamiento en conjunto con personal de recursos h\u00eddricos de La Pampa, con el fin de definir una secci\u00f3n de mediciones aguas arriba de Puente Dique Punto Unido, para tener otra referencia de medici\u00f3n en el cauce del r\u00edo.<\/td><\/tr><\/tbody><\/table><\/figure>\n\n\n\n<figure class=\"wp-block-table\"><table><tbody><tr><td><a href=\"https:\/\/www.rionegro.gov.ar\/?contID=67030\" target=\"_blank\" rel=\"noreferrer noopener\">VER NOTA COMPLETA \u00bb<\/a>GOBIERNO DE R\u00cdO NEGROSecretar\u00eda de Comunicaci\u00f3n<a href=\"https:\/\/www.facebook.com\/rionegrogob\/\" target=\"_blank\" rel=\"noreferrer noopener\">Facebook<\/a><a href=\"https:\/\/twitter.com\/rionegrogob\" target=\"_blank\" rel=\"noreferrer noopener\">Twitter<\/a><a href=\"https:\/\/www.youtube.com\/channel\/UC6H8uadKTor1vy2y1EMqmLg\" target=\"_blank\" rel=\"noreferrer noopener\">Youtube<\/a><a href=\"https:\/\/www.flickr.com\/photos\/comunicacionrionegro\" target=\"_blank\" rel=\"noreferrer noopener\">Flickr<\/a>Laprida 212, Viedma, R.N.<br>comunicacionrionegro@gmail.com+54 02920 425700 \/ Interno 217<\/td><\/tr><\/tbody><\/table><figcaption>Fuente: Gobierno de Rio Negro<\/figcaption><\/figure>\n","protected":false},"excerpt":{"rendered":"","protected":false},"author":6,"featured_media":71578,"comment_status":"open","ping_status":"open","sticky":false,"template":"","format":"standard","meta":{"site-sidebar-layout":"default","site-content-layout":"","ast-site-content-layout":"default","site-content-style":"default","site-sidebar-style":"default","ast-global-header-display":"","ast-banner-title-visibility":"","ast-main-header-display":"","ast-hfb-above-header-display":"","ast-hfb-below-header-display":"","ast-hfb-mobile-header-display":"","site-post-title":"","ast-breadcrumbs-content":"","ast-featured-img":"","footer-sml-layout":"","ast-disable-related-posts":"","theme-transparent-header-meta":"","adv-header-id-meta":"","stick-header-meta":"","header-above-stick-meta":"","header-main-stick-meta":"","header-below-stick-meta":"","astra-migrate-meta-layouts":"default","ast-page-background-enabled":"default","ast-page-background-meta":{"desktop":{"background-color":"var(--ast-global-color-5)","background-image":"","background-repeat":"repeat","background-position":"center center","background-size":"auto","background-attachment":"scroll","background-type":"","background-media":"","overlay-type":"","overlay-color":"","overlay-opacity":"","overlay-gradient":""},"tablet":{"background-color":"","background-image":"","background-repeat":"repeat","background-position":"center center","background-size":"auto","background-attachment":"scroll","background-type":"","background-media":"","overlay-type":"","overlay-color":"","overlay-opacity":"","overlay-gradient":""},"mobile":{"background-color":"","background-image":"","background-repeat":"repeat","background-position":"center center","background-size":"auto","background-attachment":"scroll","background-type":"","background-media":"","overlay-type":"","overlay-color":"","overlay-opacity":"","overlay-gradient":""}},"ast-content-background-meta":{"desktop":{"background-color":"var(--ast-global-color-4)","background-image":"","background-repeat":"repeat","background-position":"center center","background-size":"auto","background-attachment":"scroll","background-type":"","background-media":"","overlay-type":"","overlay-color":"","overlay-opacity":"","overlay-gradient":""},"tablet":{"background-color":"var(--ast-global-color-4)","background-image":"","background-repeat":"repeat","background-position":"center center","background-size":"auto","background-attachment":"scroll","background-type":"","background-media":"","overlay-type":"","overlay-color":"","overlay-opacity":"","overlay-gradient":""},"mobile":{"background-color":"var(--ast-global-color-4)","background-image":"","background-repeat":"repeat","background-position":"center center","background-size":"auto","background-attachment":"scroll","background-type":"","background-media":"","overlay-type":"","overlay-color":"","overlay-opacity":"","overlay-gradient":""}},"footnotes":""},"categories":[11,1,13,14,10],"tags":[],"class_list":["post-71577","post","type-post","status-publish","format-standard","has-post-thumbnail","hentry","category-boletin","category-noticias","category-provinciales","category-rio-negro","category-rotador"],"yoast_head":"<!-- This site is optimized with the Yoast SEO Premium plugin v23.0 (Yoast SEO v27.5) - https:\/\/yoast.com\/product\/yoast-seo-premium-wordpress\/ -->\n<title>El DPA realiza tareas de precisi\u00f3n en la cuenca del r\u00edo Colorado y en sistemas de riego de Catriel<\/title>\n<meta name=\"robots\" content=\"index, follow, max-snippet:-1, max-image-preview:large, max-video-preview:-1\" \/>\n<link rel=\"canonical\" href=\"https:\/\/patagoniambiental.com.ar\/info\/el-dpa-realiza-tareas-de-precision-en-la-cuenca-del-rio-colorado-y-en-sistemas-de-riego-de-catriel\/\" \/>\n<meta property=\"og:locale\" content=\"es_ES\" \/>\n<meta property=\"og:type\" content=\"article\" \/>\n<meta property=\"og:title\" content=\"El DPA realiza tareas de precisi\u00f3n en la cuenca del r\u00edo Colorado y en sistemas de riego de Catriel\" \/>\n<meta property=\"og:url\" content=\"https:\/\/patagoniambiental.com.ar\/info\/el-dpa-realiza-tareas-de-precision-en-la-cuenca-del-rio-colorado-y-en-sistemas-de-riego-de-catriel\/\" \/>\n<meta property=\"og:site_name\" content=\"Patagonia Ambiental\" \/>\n<meta property=\"article:publisher\" content=\"https:\/\/www.facebook.com\/patagonia.ambiental\" \/>\n<meta property=\"article:published_time\" content=\"2021-03-29T22:00:00+00:00\" \/>\n<meta property=\"og:image\" content=\"https:\/\/patagoniambiental.com.ar\/info\/wp-content\/uploads\/2021\/03\/00055630.jpg\" \/>\n\t<meta property=\"og:image:width\" content=\"462\" \/>\n\t<meta property=\"og:image:height\" content=\"308\" \/>\n\t<meta property=\"og:image:type\" content=\"image\/jpeg\" \/>\n<meta name=\"author\" content=\"BRAIAN ESTEVEZ\" \/>\n<meta name=\"twitter:card\" content=\"summary_large_image\" \/>\n<meta name=\"twitter:creator\" content=\"@PatAmb\" \/>\n<meta name=\"twitter:site\" content=\"@PatAmb\" \/>\n<script type=\"application\/ld+json\" class=\"yoast-schema-graph\">{\"@context\":\"https:\\\/\\\/schema.org\",\"@graph\":[{\"@type\":\"Article\",\"@id\":\"https:\\\/\\\/patagoniambiental.com.ar\\\/info\\\/el-dpa-realiza-tareas-de-precision-en-la-cuenca-del-rio-colorado-y-en-sistemas-de-riego-de-catriel\\\/#article\",\"isPartOf\":{\"@id\":\"https:\\\/\\\/patagoniambiental.com.ar\\\/info\\\/el-dpa-realiza-tareas-de-precision-en-la-cuenca-del-rio-colorado-y-en-sistemas-de-riego-de-catriel\\\/\"},\"author\":{\"name\":\"BRAIAN ESTEVEZ\",\"@id\":\"https:\\\/\\\/patagoniambiental.com.ar\\\/info\\\/#\\\/schema\\\/person\\\/e5af09d700b2e82cb10c6b8800e0c691\"},\"headline\":\"El DPA realiza tareas de precisi\u00f3n en la cuenca del r\u00edo Colorado y en sistemas de riego de Catriel\",\"datePublished\":\"2021-03-29T22:00:00+00:00\",\"mainEntityOfPage\":{\"@id\":\"https:\\\/\\\/patagoniambiental.com.ar\\\/info\\\/el-dpa-realiza-tareas-de-precision-en-la-cuenca-del-rio-colorado-y-en-sistemas-de-riego-de-catriel\\\/\"},\"wordCount\":270,\"commentCount\":0,\"publisher\":{\"@id\":\"https:\\\/\\\/patagoniambiental.com.ar\\\/info\\\/#organization\"},\"image\":{\"@id\":\"https:\\\/\\\/patagoniambiental.com.ar\\\/info\\\/el-dpa-realiza-tareas-de-precision-en-la-cuenca-del-rio-colorado-y-en-sistemas-de-riego-de-catriel\\\/#primaryimage\"},\"thumbnailUrl\":\"https:\\\/\\\/patagoniambiental.com.ar\\\/info\\\/wp-content\\\/uploads\\\/2021\\\/03\\\/00055630.jpg\",\"articleSection\":[\"Bolet\u00edn\",\"Noticias\",\"Provinciales\",\"R\u00edo Negro\",\"Rotador\"],\"inLanguage\":\"es\",\"potentialAction\":[{\"@type\":\"CommentAction\",\"name\":\"Comment\",\"target\":[\"https:\\\/\\\/patagoniambiental.com.ar\\\/info\\\/el-dpa-realiza-tareas-de-precision-en-la-cuenca-del-rio-colorado-y-en-sistemas-de-riego-de-catriel\\\/#respond\"]}]},{\"@type\":\"WebPage\",\"@id\":\"https:\\\/\\\/patagoniambiental.com.ar\\\/info\\\/el-dpa-realiza-tareas-de-precision-en-la-cuenca-del-rio-colorado-y-en-sistemas-de-riego-de-catriel\\\/\",\"url\":\"https:\\\/\\\/patagoniambiental.com.ar\\\/info\\\/el-dpa-realiza-tareas-de-precision-en-la-cuenca-del-rio-colorado-y-en-sistemas-de-riego-de-catriel\\\/\",\"name\":\"El DPA realiza tareas de precisi\u00f3n en la cuenca del r\u00edo Colorado y en sistemas de riego de Catriel\",\"isPartOf\":{\"@id\":\"https:\\\/\\\/patagoniambiental.com.ar\\\/info\\\/#website\"},\"primaryImageOfPage\":{\"@id\":\"https:\\\/\\\/patagoniambiental.com.ar\\\/info\\\/el-dpa-realiza-tareas-de-precision-en-la-cuenca-del-rio-colorado-y-en-sistemas-de-riego-de-catriel\\\/#primaryimage\"},\"image\":{\"@id\":\"https:\\\/\\\/patagoniambiental.com.ar\\\/info\\\/el-dpa-realiza-tareas-de-precision-en-la-cuenca-del-rio-colorado-y-en-sistemas-de-riego-de-catriel\\\/#primaryimage\"},\"thumbnailUrl\":\"https:\\\/\\\/patagoniambiental.com.ar\\\/info\\\/wp-content\\\/uploads\\\/2021\\\/03\\\/00055630.jpg\",\"datePublished\":\"2021-03-29T22:00:00+00:00\",\"breadcrumb\":{\"@id\":\"https:\\\/\\\/patagoniambiental.com.ar\\\/info\\\/el-dpa-realiza-tareas-de-precision-en-la-cuenca-del-rio-colorado-y-en-sistemas-de-riego-de-catriel\\\/#breadcrumb\"},\"inLanguage\":\"es\",\"potentialAction\":[{\"@type\":\"ReadAction\",\"target\":[\"https:\\\/\\\/patagoniambiental.com.ar\\\/info\\\/el-dpa-realiza-tareas-de-precision-en-la-cuenca-del-rio-colorado-y-en-sistemas-de-riego-de-catriel\\\/\"]}]},{\"@type\":\"ImageObject\",\"inLanguage\":\"es\",\"@id\":\"https:\\\/\\\/patagoniambiental.com.ar\\\/info\\\/el-dpa-realiza-tareas-de-precision-en-la-cuenca-del-rio-colorado-y-en-sistemas-de-riego-de-catriel\\\/#primaryimage\",\"url\":\"https:\\\/\\\/patagoniambiental.com.ar\\\/info\\\/wp-content\\\/uploads\\\/2021\\\/03\\\/00055630.jpg\",\"contentUrl\":\"https:\\\/\\\/patagoniambiental.com.ar\\\/info\\\/wp-content\\\/uploads\\\/2021\\\/03\\\/00055630.jpg\",\"width\":462,\"height\":308},{\"@type\":\"BreadcrumbList\",\"@id\":\"https:\\\/\\\/patagoniambiental.com.ar\\\/info\\\/el-dpa-realiza-tareas-de-precision-en-la-cuenca-del-rio-colorado-y-en-sistemas-de-riego-de-catriel\\\/#breadcrumb\",\"itemListElement\":[{\"@type\":\"ListItem\",\"position\":1,\"name\":\"Inicio\",\"item\":\"https:\\\/\\\/patagoniambiental.com.ar\\\/info\\\/\"},{\"@type\":\"ListItem\",\"position\":2,\"name\":\"El DPA realiza tareas de precisi\u00f3n en la cuenca del r\u00edo Colorado y en sistemas de riego de Catriel\"}]},{\"@type\":\"WebSite\",\"@id\":\"https:\\\/\\\/patagoniambiental.com.ar\\\/info\\\/#website\",\"url\":\"https:\\\/\\\/patagoniambiental.com.ar\\\/info\\\/\",\"name\":\"Patagonia Ambiental\",\"description\":\"Monitoreo y an\u00e1lisis de la situaci\u00f3n geopol\u00edtica en el mundo y su implicancia en la Patagonia\",\"publisher\":{\"@id\":\"https:\\\/\\\/patagoniambiental.com.ar\\\/info\\\/#organization\"},\"potentialAction\":[{\"@type\":\"SearchAction\",\"target\":{\"@type\":\"EntryPoint\",\"urlTemplate\":\"https:\\\/\\\/patagoniambiental.com.ar\\\/info\\\/?s={search_term_string}\"},\"query-input\":{\"@type\":\"PropertyValueSpecification\",\"valueRequired\":true,\"valueName\":\"search_term_string\"}}],\"inLanguage\":\"es\"},{\"@type\":\"Organization\",\"@id\":\"https:\\\/\\\/patagoniambiental.com.ar\\\/info\\\/#organization\",\"name\":\"Patagonia Ambiental\",\"url\":\"https:\\\/\\\/patagoniambiental.com.ar\\\/info\\\/\",\"logo\":{\"@type\":\"ImageObject\",\"inLanguage\":\"es\",\"@id\":\"https:\\\/\\\/patagoniambiental.com.ar\\\/info\\\/#\\\/schema\\\/logo\\\/image\\\/\",\"url\":\"https:\\\/\\\/patagoniambiental.com.ar\\\/info\\\/wp-content\\\/uploads\\\/2025\\\/05\\\/LOGO-PATAGONIA-AMBIENTAL.png\",\"contentUrl\":\"https:\\\/\\\/patagoniambiental.com.ar\\\/info\\\/wp-content\\\/uploads\\\/2025\\\/05\\\/LOGO-PATAGONIA-AMBIENTAL.png\",\"width\":433,\"height\":250,\"caption\":\"Patagonia Ambiental\"},\"image\":{\"@id\":\"https:\\\/\\\/patagoniambiental.com.ar\\\/info\\\/#\\\/schema\\\/logo\\\/image\\\/\"},\"sameAs\":[\"https:\\\/\\\/www.facebook.com\\\/patagonia.ambiental\",\"https:\\\/\\\/x.com\\\/PatAmb\"]},{\"@type\":\"Person\",\"@id\":\"https:\\\/\\\/patagoniambiental.com.ar\\\/info\\\/#\\\/schema\\\/person\\\/e5af09d700b2e82cb10c6b8800e0c691\",\"name\":\"BRAIAN ESTEVEZ\",\"sameAs\":[\"http:\\\/\\\/www.patagoniambiental.com.ar\"]}]}<\/script>\n<!-- \/ Yoast SEO Premium plugin. -->","yoast_head_json":{"title":"El DPA realiza tareas de precisi\u00f3n en la cuenca del r\u00edo Colorado y en sistemas de riego de Catriel","robots":{"index":"index","follow":"follow","max-snippet":"max-snippet:-1","max-image-preview":"max-image-preview:large","max-video-preview":"max-video-preview:-1"},"canonical":"https:\/\/patagoniambiental.com.ar\/info\/el-dpa-realiza-tareas-de-precision-en-la-cuenca-del-rio-colorado-y-en-sistemas-de-riego-de-catriel\/","og_locale":"es_ES","og_type":"article","og_title":"El DPA realiza tareas de precisi\u00f3n en la cuenca del r\u00edo Colorado y en sistemas de riego de Catriel","og_url":"https:\/\/patagoniambiental.com.ar\/info\/el-dpa-realiza-tareas-de-precision-en-la-cuenca-del-rio-colorado-y-en-sistemas-de-riego-de-catriel\/","og_site_name":"Patagonia Ambiental","article_publisher":"https:\/\/www.facebook.com\/patagonia.ambiental","article_published_time":"2021-03-29T22:00:00+00:00","og_image":[{"width":462,"height":308,"url":"https:\/\/patagoniambiental.com.ar\/info\/wp-content\/uploads\/2021\/03\/00055630.jpg","type":"image\/jpeg"}],"author":"BRAIAN ESTEVEZ","twitter_card":"summary_large_image","twitter_creator":"@PatAmb","twitter_site":"@PatAmb","schema":{"@context":"https:\/\/schema.org","@graph":[{"@type":"Article","@id":"https:\/\/patagoniambiental.com.ar\/info\/el-dpa-realiza-tareas-de-precision-en-la-cuenca-del-rio-colorado-y-en-sistemas-de-riego-de-catriel\/#article","isPartOf":{"@id":"https:\/\/patagoniambiental.com.ar\/info\/el-dpa-realiza-tareas-de-precision-en-la-cuenca-del-rio-colorado-y-en-sistemas-de-riego-de-catriel\/"},"author":{"name":"BRAIAN ESTEVEZ","@id":"https:\/\/patagoniambiental.com.ar\/info\/#\/schema\/person\/e5af09d700b2e82cb10c6b8800e0c691"},"headline":"El DPA realiza tareas de precisi\u00f3n en la cuenca del r\u00edo Colorado y en sistemas de riego de Catriel","datePublished":"2021-03-29T22:00:00+00:00","mainEntityOfPage":{"@id":"https:\/\/patagoniambiental.com.ar\/info\/el-dpa-realiza-tareas-de-precision-en-la-cuenca-del-rio-colorado-y-en-sistemas-de-riego-de-catriel\/"},"wordCount":270,"commentCount":0,"publisher":{"@id":"https:\/\/patagoniambiental.com.ar\/info\/#organization"},"image":{"@id":"https:\/\/patagoniambiental.com.ar\/info\/el-dpa-realiza-tareas-de-precision-en-la-cuenca-del-rio-colorado-y-en-sistemas-de-riego-de-catriel\/#primaryimage"},"thumbnailUrl":"https:\/\/patagoniambiental.com.ar\/info\/wp-content\/uploads\/2021\/03\/00055630.jpg","articleSection":["Bolet\u00edn","Noticias","Provinciales","R\u00edo Negro","Rotador"],"inLanguage":"es","potentialAction":[{"@type":"CommentAction","name":"Comment","target":["https:\/\/patagoniambiental.com.ar\/info\/el-dpa-realiza-tareas-de-precision-en-la-cuenca-del-rio-colorado-y-en-sistemas-de-riego-de-catriel\/#respond"]}]},{"@type":"WebPage","@id":"https:\/\/patagoniambiental.com.ar\/info\/el-dpa-realiza-tareas-de-precision-en-la-cuenca-del-rio-colorado-y-en-sistemas-de-riego-de-catriel\/","url":"https:\/\/patagoniambiental.com.ar\/info\/el-dpa-realiza-tareas-de-precision-en-la-cuenca-del-rio-colorado-y-en-sistemas-de-riego-de-catriel\/","name":"El DPA realiza tareas de precisi\u00f3n en la cuenca del r\u00edo Colorado y en sistemas de riego de Catriel","isPartOf":{"@id":"https:\/\/patagoniambiental.com.ar\/info\/#website"},"primaryImageOfPage":{"@id":"https:\/\/patagoniambiental.com.ar\/info\/el-dpa-realiza-tareas-de-precision-en-la-cuenca-del-rio-colorado-y-en-sistemas-de-riego-de-catriel\/#primaryimage"},"image":{"@id":"https:\/\/patagoniambiental.com.ar\/info\/el-dpa-realiza-tareas-de-precision-en-la-cuenca-del-rio-colorado-y-en-sistemas-de-riego-de-catriel\/#primaryimage"},"thumbnailUrl":"https:\/\/patagoniambiental.com.ar\/info\/wp-content\/uploads\/2021\/03\/00055630.jpg","datePublished":"2021-03-29T22:00:00+00:00","breadcrumb":{"@id":"https:\/\/patagoniambiental.com.ar\/info\/el-dpa-realiza-tareas-de-precision-en-la-cuenca-del-rio-colorado-y-en-sistemas-de-riego-de-catriel\/#breadcrumb"},"inLanguage":"es","potentialAction":[{"@type":"ReadAction","target":["https:\/\/patagoniambiental.com.ar\/info\/el-dpa-realiza-tareas-de-precision-en-la-cuenca-del-rio-colorado-y-en-sistemas-de-riego-de-catriel\/"]}]},{"@type":"ImageObject","inLanguage":"es","@id":"https:\/\/patagoniambiental.com.ar\/info\/el-dpa-realiza-tareas-de-precision-en-la-cuenca-del-rio-colorado-y-en-sistemas-de-riego-de-catriel\/#primaryimage","url":"https:\/\/patagoniambiental.com.ar\/info\/wp-content\/uploads\/2021\/03\/00055630.jpg","contentUrl":"https:\/\/patagoniambiental.com.ar\/info\/wp-content\/uploads\/2021\/03\/00055630.jpg","width":462,"height":308},{"@type":"BreadcrumbList","@id":"https:\/\/patagoniambiental.com.ar\/info\/el-dpa-realiza-tareas-de-precision-en-la-cuenca-del-rio-colorado-y-en-sistemas-de-riego-de-catriel\/#breadcrumb","itemListElement":[{"@type":"ListItem","position":1,"name":"Inicio","item":"https:\/\/patagoniambiental.com.ar\/info\/"},{"@type":"ListItem","position":2,"name":"El DPA realiza tareas de precisi\u00f3n en la cuenca del r\u00edo Colorado y en sistemas de riego de Catriel"}]},{"@type":"WebSite","@id":"https:\/\/patagoniambiental.com.ar\/info\/#website","url":"https:\/\/patagoniambiental.com.ar\/info\/","name":"Patagonia Ambiental","description":"Monitoreo y an\u00e1lisis de la situaci\u00f3n geopol\u00edtica en el mundo y su implicancia en la Patagonia","publisher":{"@id":"https:\/\/patagoniambiental.com.ar\/info\/#organization"},"potentialAction":[{"@type":"SearchAction","target":{"@type":"EntryPoint","urlTemplate":"https:\/\/patagoniambiental.com.ar\/info\/?s={search_term_string}"},"query-input":{"@type":"PropertyValueSpecification","valueRequired":true,"valueName":"search_term_string"}}],"inLanguage":"es"},{"@type":"Organization","@id":"https:\/\/patagoniambiental.com.ar\/info\/#organization","name":"Patagonia Ambiental","url":"https:\/\/patagoniambiental.com.ar\/info\/","logo":{"@type":"ImageObject","inLanguage":"es","@id":"https:\/\/patagoniambiental.com.ar\/info\/#\/schema\/logo\/image\/","url":"https:\/\/patagoniambiental.com.ar\/info\/wp-content\/uploads\/2025\/05\/LOGO-PATAGONIA-AMBIENTAL.png","contentUrl":"https:\/\/patagoniambiental.com.ar\/info\/wp-content\/uploads\/2025\/05\/LOGO-PATAGONIA-AMBIENTAL.png","width":433,"height":250,"caption":"Patagonia Ambiental"},"image":{"@id":"https:\/\/patagoniambiental.com.ar\/info\/#\/schema\/logo\/image\/"},"sameAs":["https:\/\/www.facebook.com\/patagonia.ambiental","https:\/\/x.com\/PatAmb"]},{"@type":"Person","@id":"https:\/\/patagoniambiental.com.ar\/info\/#\/schema\/person\/e5af09d700b2e82cb10c6b8800e0c691","name":"BRAIAN ESTEVEZ","sameAs":["http:\/\/www.patagoniambiental.com.ar"]}]}},"_links":{"self":[{"href":"https:\/\/patagoniambiental.com.ar\/info\/wp-json\/wp\/v2\/posts\/71577","targetHints":{"allow":["GET"]}}],"collection":[{"href":"https:\/\/patagoniambiental.com.ar\/info\/wp-json\/wp\/v2\/posts"}],"about":[{"href":"https:\/\/patagoniambiental.com.ar\/info\/wp-json\/wp\/v2\/types\/post"}],"author":[{"embeddable":true,"href":"https:\/\/patagoniambiental.com.ar\/info\/wp-json\/wp\/v2\/users\/6"}],"replies":[{"embeddable":true,"href":"https:\/\/patagoniambiental.com.ar\/info\/wp-json\/wp\/v2\/comments?post=71577"}],"version-history":[{"count":0,"href":"https:\/\/patagoniambiental.com.ar\/info\/wp-json\/wp\/v2\/posts\/71577\/revisions"}],"wp:featuredmedia":[{"embeddable":true,"href":"https:\/\/patagoniambiental.com.ar\/info\/wp-json\/wp\/v2\/media\/71578"}],"wp:attachment":[{"href":"https:\/\/patagoniambiental.com.ar\/info\/wp-json\/wp\/v2\/media?parent=71577"}],"wp:term":[{"taxonomy":"category","embeddable":true,"href":"https:\/\/patagoniambiental.com.ar\/info\/wp-json\/wp\/v2\/categories?post=71577"},{"taxonomy":"post_tag","embeddable":true,"href":"https:\/\/patagoniambiental.com.ar\/info\/wp-json\/wp\/v2\/tags?post=71577"}],"curies":[{"name":"wp","href":"https:\/\/api.w.org\/{rel}","templated":true}]}}