{"id":71609,"date":"2021-03-31T07:00:00","date_gmt":"2021-03-31T10:00:00","guid":{"rendered":"http:\/\/patagoniambiental.com.ar\/info\/?p=71609"},"modified":"2021-03-31T15:07:37","modified_gmt":"2021-03-31T18:07:37","slug":"40-hogares-de-valle-medio-rionegrino-ya-cuentan-con-las-herramientas-para-crear-su-propio-invernadero","status":"publish","type":"post","link":"https:\/\/patagoniambiental.com.ar\/info\/40-hogares-de-valle-medio-rionegrino-ya-cuentan-con-las-herramientas-para-crear-su-propio-invernadero\/","title":{"rendered":"40 hogares de Valle Medio rionegrino ya cuentan con las herramientas para crear su propio invernadero"},"content":{"rendered":"\n<!--more-->\n\n\n\n<figure class=\"wp-block-table\"><table><tbody><tr><td>Esta semana se realiz\u00f3 la entrega de los primeros certificados y el kit de micro-invernaderos a 40 familias de Lamarque, Darwin, Coronel Belisle y Chimay, en el marco del plan R\u00edo Negro Nutre y el componente Invernaderos, Miles de Oportunidades.Las familias participaron de la capacitaci\u00f3n que les permite comenzar a construir su propio espacio para la producci\u00f3n de hortalizas de autoconsumo.El programa Invernaderos busca generar en la comunidad h\u00e1bitos de alimentaci\u00f3n saludable, por lo tanto la producci\u00f3n es agroecol\u00f3gica.El secretario de Pol\u00edticas Alimentarias del Ministerio de Desarrollo Humano, Miguel Gallardo, explic\u00f3 que \u201cestas 40 familias concretaron la primera capacitaci\u00f3n que const\u00f3 en el armado de la estructura, la preparaci\u00f3n del suelo, los canteros y la instalaci\u00f3n del sistema de riego. Despu\u00e9s se trabaj\u00f3 en torno a la producci\u00f3n de plantines, la siembra directa y el acompa\u00f1amiento de la producci\u00f3n hasta la primer cosecha\u201d.Adem\u00e1s, el funcionario se\u00f1al\u00f3 que \u201clas familias recibieron un kit que consta de toda la estructura para un micro invernadero de seis metros de largo, como as\u00ed tambi\u00e9n todos los insumos para el armado del sistema de riego por goteo\u201d.El acto de entrega cont\u00f3 con la participaci\u00f3n de los referentes de todas las \u00e1reas que conforman el programa en el Gobierno Provincial, y cada uno de los Municipios.<\/td><\/tr><\/tbody><\/table><\/figure>\n\n\n\n<figure class=\"wp-block-table\"><table><tbody><tr><td><a href=\"https:\/\/soundcloud.com\/comunicacionrn\/40-hogares-de-valle-medio-ya-cuentan-con-las-herramientas-para-crear-su-propio-invernadero\" target=\"_blank\" rel=\"noreferrer noopener\">Audio 1 \u00bb<\/a><a href=\"https:\/\/www.rionegro.gov.ar\/?contID=67076\" target=\"_blank\" rel=\"noreferrer noopener\">VER NOTA COMPLETA \u00bb<\/a>GOBIERNO DE R\u00cdO NEGROSecretar\u00eda de Comunicaci\u00f3n<a href=\"https:\/\/www.facebook.com\/rionegrogob\/\" target=\"_blank\" rel=\"noreferrer noopener\">Facebook<\/a><a href=\"https:\/\/twitter.com\/rionegrogob\" target=\"_blank\" rel=\"noreferrer noopener\">Twitter<\/a><a href=\"https:\/\/www.youtube.com\/channel\/UC6H8uadKTor1vy2y1EMqmLg\" target=\"_blank\" rel=\"noreferrer noopener\">Youtube<\/a><a href=\"https:\/\/www.flickr.com\/photos\/comunicacionrionegro\" target=\"_blank\" rel=\"noreferrer noopener\">Flickr<\/a>Laprida 212, Viedma, R.N.<br>comunicacionrionegro@gmail.com+54 02920 425700 \/ Interno 217<\/td><\/tr><\/tbody><\/table><\/figure>\n\n\n\n<p>Fuente: Gobierno de Rio Negro<\/p>\n","protected":false},"excerpt":{"rendered":"","protected":false},"author":6,"featured_media":71610,"comment_status":"open","ping_status":"open","sticky":false,"template":"","format":"standard","meta":{"site-sidebar-layout":"default","site-content-layout":"","ast-site-content-layout":"default","site-content-style":"default","site-sidebar-style":"default","ast-global-header-display":"","ast-banner-title-visibility":"","ast-main-header-display":"","ast-hfb-above-header-display":"","ast-hfb-below-header-display":"","ast-hfb-mobile-header-display":"","site-post-title":"","ast-breadcrumbs-content":"","ast-featured-img":"","footer-sml-layout":"","ast-disable-related-posts":"","theme-transparent-header-meta":"","adv-header-id-meta":"","stick-header-meta":"","header-above-stick-meta":"","header-main-stick-meta":"","header-below-stick-meta":"","astra-migrate-meta-layouts":"default","ast-page-background-enabled":"default","ast-page-background-meta":{"desktop":{"background-color":"var(--ast-global-color-5)","background-image":"","background-repeat":"repeat","background-position":"center center","background-size":"auto","background-attachment":"scroll","background-type":"","background-media":"","overlay-type":"","overlay-color":"","overlay-opacity":"","overlay-gradient":""},"tablet":{"background-color":"","background-image":"","background-repeat":"repeat","background-position":"center center","background-size":"auto","background-attachment":"scroll","background-type":"","background-media":"","overlay-type":"","overlay-color":"","overlay-opacity":"","overlay-gradient":""},"mobile":{"background-color":"","background-image":"","background-repeat":"repeat","background-position":"center center","background-size":"auto","background-attachment":"scroll","background-type":"","background-media":"","overlay-type":"","overlay-color":"","overlay-opacity":"","overlay-gradient":""}},"ast-content-background-meta":{"desktop":{"background-color":"var(--ast-global-color-4)","background-image":"","background-repeat":"repeat","background-position":"center center","background-size":"auto","background-attachment":"scroll","background-type":"","background-media":"","overlay-type":"","overlay-color":"","overlay-opacity":"","overlay-gradient":""},"tablet":{"background-color":"var(--ast-global-color-4)","background-image":"","background-repeat":"repeat","background-position":"center center","background-size":"auto","background-attachment":"scroll","background-type":"","background-media":"","overlay-type":"","overlay-color":"","overlay-opacity":"","overlay-gradient":""},"mobile":{"background-color":"var(--ast-global-color-4)","background-image":"","background-repeat":"repeat","background-position":"center center","background-size":"auto","background-attachment":"scroll","background-type":"","background-media":"","overlay-type":"","overlay-color":"","overlay-opacity":"","overlay-gradient":""}},"footnotes":""},"categories":[11,1,13,14,10],"tags":[],"class_list":["post-71609","post","type-post","status-publish","format-standard","has-post-thumbnail","hentry","category-boletin","category-noticias","category-provinciales","category-rio-negro","category-rotador"],"yoast_head":"<!-- This site is optimized with the Yoast SEO Premium plugin v23.0 (Yoast SEO v27.5) - https:\/\/yoast.com\/product\/yoast-seo-premium-wordpress\/ -->\n<title>40 hogares de Valle Medio rionegrino ya cuentan con las herramientas para crear su propio invernadero<\/title>\n<meta name=\"robots\" content=\"index, follow, max-snippet:-1, max-image-preview:large, max-video-preview:-1\" \/>\n<link rel=\"canonical\" href=\"https:\/\/patagoniambiental.com.ar\/info\/40-hogares-de-valle-medio-rionegrino-ya-cuentan-con-las-herramientas-para-crear-su-propio-invernadero\/\" \/>\n<meta property=\"og:locale\" content=\"es_ES\" \/>\n<meta property=\"og:type\" content=\"article\" \/>\n<meta property=\"og:title\" content=\"40 hogares de Valle Medio rionegrino ya cuentan con las herramientas para crear su propio invernadero\" \/>\n<meta property=\"og:url\" content=\"https:\/\/patagoniambiental.com.ar\/info\/40-hogares-de-valle-medio-rionegrino-ya-cuentan-con-las-herramientas-para-crear-su-propio-invernadero\/\" \/>\n<meta property=\"og:site_name\" content=\"Patagonia Ambiental\" \/>\n<meta property=\"article:publisher\" content=\"https:\/\/www.facebook.com\/patagonia.ambiental\" \/>\n<meta property=\"article:published_time\" content=\"2021-03-31T10:00:00+00:00\" \/>\n<meta property=\"article:modified_time\" content=\"2021-03-31T18:07:37+00:00\" \/>\n<meta property=\"og:image\" content=\"https:\/\/patagoniambiental.com.ar\/info\/wp-content\/uploads\/2021\/03\/00055667-3.jpg\" \/>\n\t<meta property=\"og:image:width\" content=\"924\" \/>\n\t<meta property=\"og:image:height\" content=\"616\" \/>\n\t<meta property=\"og:image:type\" content=\"image\/jpeg\" \/>\n<meta name=\"author\" content=\"BRAIAN ESTEVEZ\" \/>\n<meta name=\"twitter:card\" content=\"summary_large_image\" \/>\n<meta name=\"twitter:creator\" content=\"@PatAmb\" \/>\n<meta name=\"twitter:site\" content=\"@PatAmb\" \/>\n<script type=\"application\/ld+json\" class=\"yoast-schema-graph\">{\"@context\":\"https:\\\/\\\/schema.org\",\"@graph\":[{\"@type\":\"Article\",\"@id\":\"https:\\\/\\\/patagoniambiental.com.ar\\\/info\\\/40-hogares-de-valle-medio-rionegrino-ya-cuentan-con-las-herramientas-para-crear-su-propio-invernadero\\\/#article\",\"isPartOf\":{\"@id\":\"https:\\\/\\\/patagoniambiental.com.ar\\\/info\\\/40-hogares-de-valle-medio-rionegrino-ya-cuentan-con-las-herramientas-para-crear-su-propio-invernadero\\\/\"},\"author\":{\"name\":\"BRAIAN ESTEVEZ\",\"@id\":\"https:\\\/\\\/patagoniambiental.com.ar\\\/info\\\/#\\\/schema\\\/person\\\/e5af09d700b2e82cb10c6b8800e0c691\"},\"headline\":\"40 hogares de Valle Medio rionegrino ya cuentan con las herramientas para crear su propio invernadero\",\"datePublished\":\"2021-03-31T10:00:00+00:00\",\"dateModified\":\"2021-03-31T18:07:37+00:00\",\"mainEntityOfPage\":{\"@id\":\"https:\\\/\\\/patagoniambiental.com.ar\\\/info\\\/40-hogares-de-valle-medio-rionegrino-ya-cuentan-con-las-herramientas-para-crear-su-propio-invernadero\\\/\"},\"wordCount\":275,\"commentCount\":0,\"publisher\":{\"@id\":\"https:\\\/\\\/patagoniambiental.com.ar\\\/info\\\/#organization\"},\"image\":{\"@id\":\"https:\\\/\\\/patagoniambiental.com.ar\\\/info\\\/40-hogares-de-valle-medio-rionegrino-ya-cuentan-con-las-herramientas-para-crear-su-propio-invernadero\\\/#primaryimage\"},\"thumbnailUrl\":\"https:\\\/\\\/patagoniambiental.com.ar\\\/info\\\/wp-content\\\/uploads\\\/2021\\\/03\\\/00055667-3.jpg\",\"articleSection\":[\"Bolet\u00edn\",\"Noticias\",\"Provinciales\",\"R\u00edo Negro\",\"Rotador\"],\"inLanguage\":\"es\",\"potentialAction\":[{\"@type\":\"CommentAction\",\"name\":\"Comment\",\"target\":[\"https:\\\/\\\/patagoniambiental.com.ar\\\/info\\\/40-hogares-de-valle-medio-rionegrino-ya-cuentan-con-las-herramientas-para-crear-su-propio-invernadero\\\/#respond\"]}]},{\"@type\":\"WebPage\",\"@id\":\"https:\\\/\\\/patagoniambiental.com.ar\\\/info\\\/40-hogares-de-valle-medio-rionegrino-ya-cuentan-con-las-herramientas-para-crear-su-propio-invernadero\\\/\",\"url\":\"https:\\\/\\\/patagoniambiental.com.ar\\\/info\\\/40-hogares-de-valle-medio-rionegrino-ya-cuentan-con-las-herramientas-para-crear-su-propio-invernadero\\\/\",\"name\":\"40 hogares de Valle Medio rionegrino ya cuentan con las herramientas para crear su propio invernadero\",\"isPartOf\":{\"@id\":\"https:\\\/\\\/patagoniambiental.com.ar\\\/info\\\/#website\"},\"primaryImageOfPage\":{\"@id\":\"https:\\\/\\\/patagoniambiental.com.ar\\\/info\\\/40-hogares-de-valle-medio-rionegrino-ya-cuentan-con-las-herramientas-para-crear-su-propio-invernadero\\\/#primaryimage\"},\"image\":{\"@id\":\"https:\\\/\\\/patagoniambiental.com.ar\\\/info\\\/40-hogares-de-valle-medio-rionegrino-ya-cuentan-con-las-herramientas-para-crear-su-propio-invernadero\\\/#primaryimage\"},\"thumbnailUrl\":\"https:\\\/\\\/patagoniambiental.com.ar\\\/info\\\/wp-content\\\/uploads\\\/2021\\\/03\\\/00055667-3.jpg\",\"datePublished\":\"2021-03-31T10:00:00+00:00\",\"dateModified\":\"2021-03-31T18:07:37+00:00\",\"breadcrumb\":{\"@id\":\"https:\\\/\\\/patagoniambiental.com.ar\\\/info\\\/40-hogares-de-valle-medio-rionegrino-ya-cuentan-con-las-herramientas-para-crear-su-propio-invernadero\\\/#breadcrumb\"},\"inLanguage\":\"es\",\"potentialAction\":[{\"@type\":\"ReadAction\",\"target\":[\"https:\\\/\\\/patagoniambiental.com.ar\\\/info\\\/40-hogares-de-valle-medio-rionegrino-ya-cuentan-con-las-herramientas-para-crear-su-propio-invernadero\\\/\"]}]},{\"@type\":\"ImageObject\",\"inLanguage\":\"es\",\"@id\":\"https:\\\/\\\/patagoniambiental.com.ar\\\/info\\\/40-hogares-de-valle-medio-rionegrino-ya-cuentan-con-las-herramientas-para-crear-su-propio-invernadero\\\/#primaryimage\",\"url\":\"https:\\\/\\\/patagoniambiental.com.ar\\\/info\\\/wp-content\\\/uploads\\\/2021\\\/03\\\/00055667-3.jpg\",\"contentUrl\":\"https:\\\/\\\/patagoniambiental.com.ar\\\/info\\\/wp-content\\\/uploads\\\/2021\\\/03\\\/00055667-3.jpg\",\"width\":900,\"height\":600},{\"@type\":\"BreadcrumbList\",\"@id\":\"https:\\\/\\\/patagoniambiental.com.ar\\\/info\\\/40-hogares-de-valle-medio-rionegrino-ya-cuentan-con-las-herramientas-para-crear-su-propio-invernadero\\\/#breadcrumb\",\"itemListElement\":[{\"@type\":\"ListItem\",\"position\":1,\"name\":\"Inicio\",\"item\":\"https:\\\/\\\/patagoniambiental.com.ar\\\/info\\\/\"},{\"@type\":\"ListItem\",\"position\":2,\"name\":\"40 hogares de Valle Medio rionegrino ya cuentan con las herramientas para crear su propio invernadero\"}]},{\"@type\":\"WebSite\",\"@id\":\"https:\\\/\\\/patagoniambiental.com.ar\\\/info\\\/#website\",\"url\":\"https:\\\/\\\/patagoniambiental.com.ar\\\/info\\\/\",\"name\":\"Patagonia Ambiental\",\"description\":\"Monitoreo y an\u00e1lisis de la situaci\u00f3n geopol\u00edtica en el mundo y su implicancia en la Patagonia\",\"publisher\":{\"@id\":\"https:\\\/\\\/patagoniambiental.com.ar\\\/info\\\/#organization\"},\"potentialAction\":[{\"@type\":\"SearchAction\",\"target\":{\"@type\":\"EntryPoint\",\"urlTemplate\":\"https:\\\/\\\/patagoniambiental.com.ar\\\/info\\\/?s={search_term_string}\"},\"query-input\":{\"@type\":\"PropertyValueSpecification\",\"valueRequired\":true,\"valueName\":\"search_term_string\"}}],\"inLanguage\":\"es\"},{\"@type\":\"Organization\",\"@id\":\"https:\\\/\\\/patagoniambiental.com.ar\\\/info\\\/#organization\",\"name\":\"Patagonia Ambiental\",\"url\":\"https:\\\/\\\/patagoniambiental.com.ar\\\/info\\\/\",\"logo\":{\"@type\":\"ImageObject\",\"inLanguage\":\"es\",\"@id\":\"https:\\\/\\\/patagoniambiental.com.ar\\\/info\\\/#\\\/schema\\\/logo\\\/image\\\/\",\"url\":\"https:\\\/\\\/patagoniambiental.com.ar\\\/info\\\/wp-content\\\/uploads\\\/2025\\\/05\\\/LOGO-PATAGONIA-AMBIENTAL.png\",\"contentUrl\":\"https:\\\/\\\/patagoniambiental.com.ar\\\/info\\\/wp-content\\\/uploads\\\/2025\\\/05\\\/LOGO-PATAGONIA-AMBIENTAL.png\",\"width\":433,\"height\":250,\"caption\":\"Patagonia Ambiental\"},\"image\":{\"@id\":\"https:\\\/\\\/patagoniambiental.com.ar\\\/info\\\/#\\\/schema\\\/logo\\\/image\\\/\"},\"sameAs\":[\"https:\\\/\\\/www.facebook.com\\\/patagonia.ambiental\",\"https:\\\/\\\/x.com\\\/PatAmb\"]},{\"@type\":\"Person\",\"@id\":\"https:\\\/\\\/patagoniambiental.com.ar\\\/info\\\/#\\\/schema\\\/person\\\/e5af09d700b2e82cb10c6b8800e0c691\",\"name\":\"BRAIAN ESTEVEZ\",\"sameAs\":[\"http:\\\/\\\/www.patagoniambiental.com.ar\"]}]}<\/script>\n<!-- \/ Yoast SEO Premium plugin. -->","yoast_head_json":{"title":"40 hogares de Valle Medio rionegrino ya cuentan con las herramientas para crear su propio invernadero","robots":{"index":"index","follow":"follow","max-snippet":"max-snippet:-1","max-image-preview":"max-image-preview:large","max-video-preview":"max-video-preview:-1"},"canonical":"https:\/\/patagoniambiental.com.ar\/info\/40-hogares-de-valle-medio-rionegrino-ya-cuentan-con-las-herramientas-para-crear-su-propio-invernadero\/","og_locale":"es_ES","og_type":"article","og_title":"40 hogares de Valle Medio rionegrino ya cuentan con las herramientas para crear su propio invernadero","og_url":"https:\/\/patagoniambiental.com.ar\/info\/40-hogares-de-valle-medio-rionegrino-ya-cuentan-con-las-herramientas-para-crear-su-propio-invernadero\/","og_site_name":"Patagonia Ambiental","article_publisher":"https:\/\/www.facebook.com\/patagonia.ambiental","article_published_time":"2021-03-31T10:00:00+00:00","article_modified_time":"2021-03-31T18:07:37+00:00","og_image":[{"width":924,"height":616,"url":"https:\/\/patagoniambiental.com.ar\/info\/wp-content\/uploads\/2021\/03\/00055667-3.jpg","type":"image\/jpeg"}],"author":"BRAIAN ESTEVEZ","twitter_card":"summary_large_image","twitter_creator":"@PatAmb","twitter_site":"@PatAmb","schema":{"@context":"https:\/\/schema.org","@graph":[{"@type":"Article","@id":"https:\/\/patagoniambiental.com.ar\/info\/40-hogares-de-valle-medio-rionegrino-ya-cuentan-con-las-herramientas-para-crear-su-propio-invernadero\/#article","isPartOf":{"@id":"https:\/\/patagoniambiental.com.ar\/info\/40-hogares-de-valle-medio-rionegrino-ya-cuentan-con-las-herramientas-para-crear-su-propio-invernadero\/"},"author":{"name":"BRAIAN ESTEVEZ","@id":"https:\/\/patagoniambiental.com.ar\/info\/#\/schema\/person\/e5af09d700b2e82cb10c6b8800e0c691"},"headline":"40 hogares de Valle Medio rionegrino ya cuentan con las herramientas para crear su propio invernadero","datePublished":"2021-03-31T10:00:00+00:00","dateModified":"2021-03-31T18:07:37+00:00","mainEntityOfPage":{"@id":"https:\/\/patagoniambiental.com.ar\/info\/40-hogares-de-valle-medio-rionegrino-ya-cuentan-con-las-herramientas-para-crear-su-propio-invernadero\/"},"wordCount":275,"commentCount":0,"publisher":{"@id":"https:\/\/patagoniambiental.com.ar\/info\/#organization"},"image":{"@id":"https:\/\/patagoniambiental.com.ar\/info\/40-hogares-de-valle-medio-rionegrino-ya-cuentan-con-las-herramientas-para-crear-su-propio-invernadero\/#primaryimage"},"thumbnailUrl":"https:\/\/patagoniambiental.com.ar\/info\/wp-content\/uploads\/2021\/03\/00055667-3.jpg","articleSection":["Bolet\u00edn","Noticias","Provinciales","R\u00edo Negro","Rotador"],"inLanguage":"es","potentialAction":[{"@type":"CommentAction","name":"Comment","target":["https:\/\/patagoniambiental.com.ar\/info\/40-hogares-de-valle-medio-rionegrino-ya-cuentan-con-las-herramientas-para-crear-su-propio-invernadero\/#respond"]}]},{"@type":"WebPage","@id":"https:\/\/patagoniambiental.com.ar\/info\/40-hogares-de-valle-medio-rionegrino-ya-cuentan-con-las-herramientas-para-crear-su-propio-invernadero\/","url":"https:\/\/patagoniambiental.com.ar\/info\/40-hogares-de-valle-medio-rionegrino-ya-cuentan-con-las-herramientas-para-crear-su-propio-invernadero\/","name":"40 hogares de Valle Medio rionegrino ya cuentan con las herramientas para crear su propio invernadero","isPartOf":{"@id":"https:\/\/patagoniambiental.com.ar\/info\/#website"},"primaryImageOfPage":{"@id":"https:\/\/patagoniambiental.com.ar\/info\/40-hogares-de-valle-medio-rionegrino-ya-cuentan-con-las-herramientas-para-crear-su-propio-invernadero\/#primaryimage"},"image":{"@id":"https:\/\/patagoniambiental.com.ar\/info\/40-hogares-de-valle-medio-rionegrino-ya-cuentan-con-las-herramientas-para-crear-su-propio-invernadero\/#primaryimage"},"thumbnailUrl":"https:\/\/patagoniambiental.com.ar\/info\/wp-content\/uploads\/2021\/03\/00055667-3.jpg","datePublished":"2021-03-31T10:00:00+00:00","dateModified":"2021-03-31T18:07:37+00:00","breadcrumb":{"@id":"https:\/\/patagoniambiental.com.ar\/info\/40-hogares-de-valle-medio-rionegrino-ya-cuentan-con-las-herramientas-para-crear-su-propio-invernadero\/#breadcrumb"},"inLanguage":"es","potentialAction":[{"@type":"ReadAction","target":["https:\/\/patagoniambiental.com.ar\/info\/40-hogares-de-valle-medio-rionegrino-ya-cuentan-con-las-herramientas-para-crear-su-propio-invernadero\/"]}]},{"@type":"ImageObject","inLanguage":"es","@id":"https:\/\/patagoniambiental.com.ar\/info\/40-hogares-de-valle-medio-rionegrino-ya-cuentan-con-las-herramientas-para-crear-su-propio-invernadero\/#primaryimage","url":"https:\/\/patagoniambiental.com.ar\/info\/wp-content\/uploads\/2021\/03\/00055667-3.jpg","contentUrl":"https:\/\/patagoniambiental.com.ar\/info\/wp-content\/uploads\/2021\/03\/00055667-3.jpg","width":900,"height":600},{"@type":"BreadcrumbList","@id":"https:\/\/patagoniambiental.com.ar\/info\/40-hogares-de-valle-medio-rionegrino-ya-cuentan-con-las-herramientas-para-crear-su-propio-invernadero\/#breadcrumb","itemListElement":[{"@type":"ListItem","position":1,"name":"Inicio","item":"https:\/\/patagoniambiental.com.ar\/info\/"},{"@type":"ListItem","position":2,"name":"40 hogares de Valle Medio rionegrino ya cuentan con las herramientas para crear su propio invernadero"}]},{"@type":"WebSite","@id":"https:\/\/patagoniambiental.com.ar\/info\/#website","url":"https:\/\/patagoniambiental.com.ar\/info\/","name":"Patagonia Ambiental","description":"Monitoreo y an\u00e1lisis de la situaci\u00f3n geopol\u00edtica en el mundo y su implicancia en la Patagonia","publisher":{"@id":"https:\/\/patagoniambiental.com.ar\/info\/#organization"},"potentialAction":[{"@type":"SearchAction","target":{"@type":"EntryPoint","urlTemplate":"https:\/\/patagoniambiental.com.ar\/info\/?s={search_term_string}"},"query-input":{"@type":"PropertyValueSpecification","valueRequired":true,"valueName":"search_term_string"}}],"inLanguage":"es"},{"@type":"Organization","@id":"https:\/\/patagoniambiental.com.ar\/info\/#organization","name":"Patagonia Ambiental","url":"https:\/\/patagoniambiental.com.ar\/info\/","logo":{"@type":"ImageObject","inLanguage":"es","@id":"https:\/\/patagoniambiental.com.ar\/info\/#\/schema\/logo\/image\/","url":"https:\/\/patagoniambiental.com.ar\/info\/wp-content\/uploads\/2025\/05\/LOGO-PATAGONIA-AMBIENTAL.png","contentUrl":"https:\/\/patagoniambiental.com.ar\/info\/wp-content\/uploads\/2025\/05\/LOGO-PATAGONIA-AMBIENTAL.png","width":433,"height":250,"caption":"Patagonia Ambiental"},"image":{"@id":"https:\/\/patagoniambiental.com.ar\/info\/#\/schema\/logo\/image\/"},"sameAs":["https:\/\/www.facebook.com\/patagonia.ambiental","https:\/\/x.com\/PatAmb"]},{"@type":"Person","@id":"https:\/\/patagoniambiental.com.ar\/info\/#\/schema\/person\/e5af09d700b2e82cb10c6b8800e0c691","name":"BRAIAN ESTEVEZ","sameAs":["http:\/\/www.patagoniambiental.com.ar"]}]}},"_links":{"self":[{"href":"https:\/\/patagoniambiental.com.ar\/info\/wp-json\/wp\/v2\/posts\/71609","targetHints":{"allow":["GET"]}}],"collection":[{"href":"https:\/\/patagoniambiental.com.ar\/info\/wp-json\/wp\/v2\/posts"}],"about":[{"href":"https:\/\/patagoniambiental.com.ar\/info\/wp-json\/wp\/v2\/types\/post"}],"author":[{"embeddable":true,"href":"https:\/\/patagoniambiental.com.ar\/info\/wp-json\/wp\/v2\/users\/6"}],"replies":[{"embeddable":true,"href":"https:\/\/patagoniambiental.com.ar\/info\/wp-json\/wp\/v2\/comments?post=71609"}],"version-history":[{"count":0,"href":"https:\/\/patagoniambiental.com.ar\/info\/wp-json\/wp\/v2\/posts\/71609\/revisions"}],"wp:featuredmedia":[{"embeddable":true,"href":"https:\/\/patagoniambiental.com.ar\/info\/wp-json\/wp\/v2\/media\/71610"}],"wp:attachment":[{"href":"https:\/\/patagoniambiental.com.ar\/info\/wp-json\/wp\/v2\/media?parent=71609"}],"wp:term":[{"taxonomy":"category","embeddable":true,"href":"https:\/\/patagoniambiental.com.ar\/info\/wp-json\/wp\/v2\/categories?post=71609"},{"taxonomy":"post_tag","embeddable":true,"href":"https:\/\/patagoniambiental.com.ar\/info\/wp-json\/wp\/v2\/tags?post=71609"}],"curies":[{"name":"wp","href":"https:\/\/api.w.org\/{rel}","templated":true}]}}