{"id":71689,"date":"2021-04-05T07:00:00","date_gmt":"2021-04-05T10:00:00","guid":{"rendered":"http:\/\/patagoniambiental.com.ar\/info\/?p=71689"},"modified":"2021-04-05T08:42:24","modified_gmt":"2021-04-05T11:42:24","slug":"el-municipio-de-general-pico-entrego-9-toneladas-de-residuos-electronicos","status":"publish","type":"post","link":"https:\/\/patagoniambiental.com.ar\/info\/el-municipio-de-general-pico-entrego-9-toneladas-de-residuos-electronicos\/","title":{"rendered":"El municipio de General Pico entreg\u00f3 9 toneladas de residuos electr\u00f3nicos"},"content":{"rendered":"\n<!--more-->\n\n\n\n<p>Los aparatos el\u00e9ctricos y electr\u00f3nicos requieren una clasificaci\u00f3n diferenciada antes de ser entregados en la Estaci\u00f3n de Transferencia.<\/p>\n\n\n\n<p>La Municipalidad de General Pico realiz\u00f3 el acondicionamiento y acopio de los residuos de aparatos el\u00e9ctricos y electr\u00f3nicos (RAEE) que fueron dispuestos por las y los vecinos en la Estaci\u00f3n de Transferencia durante aproximadamente dos a\u00f1os.<\/p>\n\n\n\n<p>Despu\u00e9s de un largo tiempo ocasionado por el impedimento de la pandemia durante 2020, el municipio local a trav\u00e9s de la Secretar\u00eda de Ambiente llev\u00f3 a cabo en la ma\u00f1ana del martes pasado la carga de alrededor de 9 toneladas de RAEE al cami\u00f3n de la empresa de C\u00f3rdoba Pro GEAS, habilitada para tratar y disponer este tipo de residuos.<\/p>\n\n\n\n<p>Los aparatos el\u00e9ctricos y electr\u00f3nicos son residuos potencialmente peligrosos para el ambiente, motivo por el cual siempre se les solicita a las y los ciudadanos que los clasifiquen de forma diferenciada y los entreguen en la Estaci\u00f3n de Transferencia, donde se los acopia de la manera correcta y luego se los env\u00eda con empresas habilitadas para su adecuado manejo.<\/p>\n\n\n\n<p>Durante este env\u00edo estuvo presente la directora de Gesti\u00f3n Ambiental del municipio, Carol Castillo, quien coment\u00f3 que \u00abhoy culminamos con un proceso de acopio y acondicionamiento de residuos de aparatos el\u00e9ctricos y electr\u00f3nicos que deben ser gestionados de manera especial. Este tipo de elementos, como electrodom\u00e9sticos, computadoras, impresoras, celulares y dem\u00e1s artefactos, no deben ser mezclados con los residuos urbanos, ya que tienen componentes potencialmente riesgosos para el ambiente, por lo tanto deben ser manejados de manera selectiva\u00bb, indic\u00f3.<\/p>\n\n\n\n<p>La funcionaria coment\u00f3 adem\u00e1s que \u00abel a\u00f1o pasado, por la pandemia, fue imposible realizar una entrega de este tipo de residuos. Son pocas las empresas habilitadas, quienes desarman cada aparato, recuperan algunos materiales y lo dem\u00e1s lo tratan y disponen de manera segura\u00bb.<\/p>\n\n\n\n<p>Consultada sobre la cantidad de residuos enviados hacia la provincia de C\u00f3rdoba, Castillo dio a conocer que \u00abhicimos un env\u00edo con aproximadamente 9 toneladas de RAEE, de un total estimado de 13 toneladas que se acumularon durante aproximadamente dos a\u00f1os. Nos queda para hacer otro env\u00edo m\u00e1s, que seguramente ser\u00e1 efectuado en poco tiempo. La empresa encargada viene desde la provincia de C\u00f3rdoba, se denomina Pro GEAS y est\u00e1 habilitada para realizar su adecuado tratamiento \u00ab.<\/p>\n\n\n\n<p>En cuanto a la cantidad asombrosa de RAEE que se genera, Castillo expres\u00f3 que \u00abla gente cambia muy seguido de computadoras y tel\u00e9fonos, y esto hace que se genere una tasa muy alta de este tipo de residuos\u00bb.<\/p>\n\n\n\n<p>Sin embargo, resalt\u00f3 que \u00abpor suerte han tomado conciencia sobre disponer el residuo electr\u00f3nico de manera distinta, entonces lo clasifican en la Estaci\u00f3n de Transferencia para que nosotros podamos acopiarlo y gestionarlo adecuadamente\u00bb.<\/p>\n\n\n\n<p>Por \u00faltimo, aclar\u00f3 que \u00abes importante saber que el uso racional de artefactos el\u00e9ctricos y electr\u00f3nicos, con su adecuada gesti\u00f3n, evita la liberaci\u00f3n de sustancias peligrosas al ambiente y disminuye la cantidad de di\u00f3xido de carbono generado\u00bb, finaliz\u00f3.<\/p>\n\n\n\n<p>Fuente: https:\/\/www.eldiariodelapampa.com.ar\/provinciales\/13085-el-municipio-de-general-pico-entrego-9-toneladas-de-residuos-electronicos<\/p>\n","protected":false},"excerpt":{"rendered":"","protected":false},"author":6,"featured_media":71690,"comment_status":"open","ping_status":"open","sticky":false,"template":"","format":"standard","meta":{"site-sidebar-layout":"default","site-content-layout":"","ast-site-content-layout":"default","site-content-style":"default","site-sidebar-style":"default","ast-global-header-display":"","ast-banner-title-visibility":"","ast-main-header-display":"","ast-hfb-above-header-display":"","ast-hfb-below-header-display":"","ast-hfb-mobile-header-display":"","site-post-title":"","ast-breadcrumbs-content":"","ast-featured-img":"","footer-sml-layout":"","ast-disable-related-posts":"","theme-transparent-header-meta":"","adv-header-id-meta":"","stick-header-meta":"","header-above-stick-meta":"","header-main-stick-meta":"","header-below-stick-meta":"","astra-migrate-meta-layouts":"default","ast-page-background-enabled":"default","ast-page-background-meta":{"desktop":{"background-color":"var(--ast-global-color-5)","background-image":"","background-repeat":"repeat","background-position":"center center","background-size":"auto","background-attachment":"scroll","background-type":"","background-media":"","overlay-type":"","overlay-color":"","overlay-opacity":"","overlay-gradient":""},"tablet":{"background-color":"","background-image":"","background-repeat":"repeat","background-position":"center center","background-size":"auto","background-attachment":"scroll","background-type":"","background-media":"","overlay-type":"","overlay-color":"","overlay-opacity":"","overlay-gradient":""},"mobile":{"background-color":"","background-image":"","background-repeat":"repeat","background-position":"center center","background-size":"auto","background-attachment":"scroll","background-type":"","background-media":"","overlay-type":"","overlay-color":"","overlay-opacity":"","overlay-gradient":""}},"ast-content-background-meta":{"desktop":{"background-color":"var(--ast-global-color-4)","background-image":"","background-repeat":"repeat","background-position":"center center","background-size":"auto","background-attachment":"scroll","background-type":"","background-media":"","overlay-type":"","overlay-color":"","overlay-opacity":"","overlay-gradient":""},"tablet":{"background-color":"var(--ast-global-color-4)","background-image":"","background-repeat":"repeat","background-position":"center center","background-size":"auto","background-attachment":"scroll","background-type":"","background-media":"","overlay-type":"","overlay-color":"","overlay-opacity":"","overlay-gradient":""},"mobile":{"background-color":"var(--ast-global-color-4)","background-image":"","background-repeat":"repeat","background-position":"center center","background-size":"auto","background-attachment":"scroll","background-type":"","background-media":"","overlay-type":"","overlay-color":"","overlay-opacity":"","overlay-gradient":""}},"footnotes":""},"categories":[11,3357,59,1,13,10],"tags":[],"class_list":["post-71689","post","type-post","status-publish","format-standard","has-post-thumbnail","hentry","category-boletin","category-girsu","category-la-pampa","category-noticias","category-provinciales","category-rotador"],"yoast_head":"<!-- This site is optimized with the Yoast SEO Premium plugin v23.0 (Yoast SEO v27.5) - https:\/\/yoast.com\/product\/yoast-seo-premium-wordpress\/ -->\n<title>El municipio de General Pico entreg\u00f3 9 toneladas de residuos electr\u00f3nicos<\/title>\n<meta name=\"robots\" content=\"index, follow, max-snippet:-1, max-image-preview:large, max-video-preview:-1\" \/>\n<link rel=\"canonical\" href=\"https:\/\/patagoniambiental.com.ar\/info\/el-municipio-de-general-pico-entrego-9-toneladas-de-residuos-electronicos\/\" \/>\n<meta property=\"og:locale\" content=\"es_ES\" \/>\n<meta property=\"og:type\" content=\"article\" \/>\n<meta property=\"og:title\" content=\"El municipio de General Pico entreg\u00f3 9 toneladas de residuos electr\u00f3nicos\" \/>\n<meta property=\"og:url\" content=\"https:\/\/patagoniambiental.com.ar\/info\/el-municipio-de-general-pico-entrego-9-toneladas-de-residuos-electronicos\/\" \/>\n<meta property=\"og:site_name\" content=\"Patagonia Ambiental\" \/>\n<meta property=\"article:publisher\" content=\"https:\/\/www.facebook.com\/patagonia.ambiental\" \/>\n<meta property=\"article:published_time\" content=\"2021-04-05T10:00:00+00:00\" \/>\n<meta property=\"article:modified_time\" content=\"2021-04-05T11:42:24+00:00\" \/>\n<meta property=\"og:image\" content=\"https:\/\/patagoniambiental.com.ar\/info\/wp-content\/uploads\/2021\/04\/tonelada.jpg\" \/>\n\t<meta property=\"og:image:width\" content=\"900\" \/>\n\t<meta property=\"og:image:height\" content=\"502\" \/>\n\t<meta property=\"og:image:type\" content=\"image\/jpeg\" \/>\n<meta name=\"author\" content=\"BRAIAN ESTEVEZ\" \/>\n<meta name=\"twitter:card\" content=\"summary_large_image\" \/>\n<meta name=\"twitter:creator\" content=\"@PatAmb\" \/>\n<meta name=\"twitter:site\" content=\"@PatAmb\" \/>\n<script type=\"application\/ld+json\" class=\"yoast-schema-graph\">{\"@context\":\"https:\\\/\\\/schema.org\",\"@graph\":[{\"@type\":\"Article\",\"@id\":\"https:\\\/\\\/patagoniambiental.com.ar\\\/info\\\/el-municipio-de-general-pico-entrego-9-toneladas-de-residuos-electronicos\\\/#article\",\"isPartOf\":{\"@id\":\"https:\\\/\\\/patagoniambiental.com.ar\\\/info\\\/el-municipio-de-general-pico-entrego-9-toneladas-de-residuos-electronicos\\\/\"},\"author\":{\"name\":\"BRAIAN ESTEVEZ\",\"@id\":\"https:\\\/\\\/patagoniambiental.com.ar\\\/info\\\/#\\\/schema\\\/person\\\/e5af09d700b2e82cb10c6b8800e0c691\"},\"headline\":\"El municipio de General Pico entreg\u00f3 9 toneladas de residuos electr\u00f3nicos\",\"datePublished\":\"2021-04-05T10:00:00+00:00\",\"dateModified\":\"2021-04-05T11:42:24+00:00\",\"mainEntityOfPage\":{\"@id\":\"https:\\\/\\\/patagoniambiental.com.ar\\\/info\\\/el-municipio-de-general-pico-entrego-9-toneladas-de-residuos-electronicos\\\/\"},\"wordCount\":536,\"commentCount\":0,\"publisher\":{\"@id\":\"https:\\\/\\\/patagoniambiental.com.ar\\\/info\\\/#organization\"},\"image\":{\"@id\":\"https:\\\/\\\/patagoniambiental.com.ar\\\/info\\\/el-municipio-de-general-pico-entrego-9-toneladas-de-residuos-electronicos\\\/#primaryimage\"},\"thumbnailUrl\":\"https:\\\/\\\/patagoniambiental.com.ar\\\/info\\\/wp-content\\\/uploads\\\/2021\\\/04\\\/tonelada.jpg\",\"articleSection\":[\"Bolet\u00edn\",\"GIRSU\",\"La Pampa\",\"Noticias\",\"Provinciales\",\"Rotador\"],\"inLanguage\":\"es\",\"potentialAction\":[{\"@type\":\"CommentAction\",\"name\":\"Comment\",\"target\":[\"https:\\\/\\\/patagoniambiental.com.ar\\\/info\\\/el-municipio-de-general-pico-entrego-9-toneladas-de-residuos-electronicos\\\/#respond\"]}]},{\"@type\":\"WebPage\",\"@id\":\"https:\\\/\\\/patagoniambiental.com.ar\\\/info\\\/el-municipio-de-general-pico-entrego-9-toneladas-de-residuos-electronicos\\\/\",\"url\":\"https:\\\/\\\/patagoniambiental.com.ar\\\/info\\\/el-municipio-de-general-pico-entrego-9-toneladas-de-residuos-electronicos\\\/\",\"name\":\"El municipio de General Pico entreg\u00f3 9 toneladas de residuos electr\u00f3nicos\",\"isPartOf\":{\"@id\":\"https:\\\/\\\/patagoniambiental.com.ar\\\/info\\\/#website\"},\"primaryImageOfPage\":{\"@id\":\"https:\\\/\\\/patagoniambiental.com.ar\\\/info\\\/el-municipio-de-general-pico-entrego-9-toneladas-de-residuos-electronicos\\\/#primaryimage\"},\"image\":{\"@id\":\"https:\\\/\\\/patagoniambiental.com.ar\\\/info\\\/el-municipio-de-general-pico-entrego-9-toneladas-de-residuos-electronicos\\\/#primaryimage\"},\"thumbnailUrl\":\"https:\\\/\\\/patagoniambiental.com.ar\\\/info\\\/wp-content\\\/uploads\\\/2021\\\/04\\\/tonelada.jpg\",\"datePublished\":\"2021-04-05T10:00:00+00:00\",\"dateModified\":\"2021-04-05T11:42:24+00:00\",\"breadcrumb\":{\"@id\":\"https:\\\/\\\/patagoniambiental.com.ar\\\/info\\\/el-municipio-de-general-pico-entrego-9-toneladas-de-residuos-electronicos\\\/#breadcrumb\"},\"inLanguage\":\"es\",\"potentialAction\":[{\"@type\":\"ReadAction\",\"target\":[\"https:\\\/\\\/patagoniambiental.com.ar\\\/info\\\/el-municipio-de-general-pico-entrego-9-toneladas-de-residuos-electronicos\\\/\"]}]},{\"@type\":\"ImageObject\",\"inLanguage\":\"es\",\"@id\":\"https:\\\/\\\/patagoniambiental.com.ar\\\/info\\\/el-municipio-de-general-pico-entrego-9-toneladas-de-residuos-electronicos\\\/#primaryimage\",\"url\":\"https:\\\/\\\/patagoniambiental.com.ar\\\/info\\\/wp-content\\\/uploads\\\/2021\\\/04\\\/tonelada.jpg\",\"contentUrl\":\"https:\\\/\\\/patagoniambiental.com.ar\\\/info\\\/wp-content\\\/uploads\\\/2021\\\/04\\\/tonelada.jpg\",\"width\":900,\"height\":502},{\"@type\":\"BreadcrumbList\",\"@id\":\"https:\\\/\\\/patagoniambiental.com.ar\\\/info\\\/el-municipio-de-general-pico-entrego-9-toneladas-de-residuos-electronicos\\\/#breadcrumb\",\"itemListElement\":[{\"@type\":\"ListItem\",\"position\":1,\"name\":\"Inicio\",\"item\":\"https:\\\/\\\/patagoniambiental.com.ar\\\/info\\\/\"},{\"@type\":\"ListItem\",\"position\":2,\"name\":\"El municipio de General Pico entreg\u00f3 9 toneladas de residuos electr\u00f3nicos\"}]},{\"@type\":\"WebSite\",\"@id\":\"https:\\\/\\\/patagoniambiental.com.ar\\\/info\\\/#website\",\"url\":\"https:\\\/\\\/patagoniambiental.com.ar\\\/info\\\/\",\"name\":\"Patagonia Ambiental\",\"description\":\"Monitoreo y an\u00e1lisis de la situaci\u00f3n geopol\u00edtica en el mundo y su implicancia en la Patagonia\",\"publisher\":{\"@id\":\"https:\\\/\\\/patagoniambiental.com.ar\\\/info\\\/#organization\"},\"potentialAction\":[{\"@type\":\"SearchAction\",\"target\":{\"@type\":\"EntryPoint\",\"urlTemplate\":\"https:\\\/\\\/patagoniambiental.com.ar\\\/info\\\/?s={search_term_string}\"},\"query-input\":{\"@type\":\"PropertyValueSpecification\",\"valueRequired\":true,\"valueName\":\"search_term_string\"}}],\"inLanguage\":\"es\"},{\"@type\":\"Organization\",\"@id\":\"https:\\\/\\\/patagoniambiental.com.ar\\\/info\\\/#organization\",\"name\":\"Patagonia Ambiental\",\"url\":\"https:\\\/\\\/patagoniambiental.com.ar\\\/info\\\/\",\"logo\":{\"@type\":\"ImageObject\",\"inLanguage\":\"es\",\"@id\":\"https:\\\/\\\/patagoniambiental.com.ar\\\/info\\\/#\\\/schema\\\/logo\\\/image\\\/\",\"url\":\"https:\\\/\\\/patagoniambiental.com.ar\\\/info\\\/wp-content\\\/uploads\\\/2025\\\/05\\\/LOGO-PATAGONIA-AMBIENTAL.png\",\"contentUrl\":\"https:\\\/\\\/patagoniambiental.com.ar\\\/info\\\/wp-content\\\/uploads\\\/2025\\\/05\\\/LOGO-PATAGONIA-AMBIENTAL.png\",\"width\":433,\"height\":250,\"caption\":\"Patagonia Ambiental\"},\"image\":{\"@id\":\"https:\\\/\\\/patagoniambiental.com.ar\\\/info\\\/#\\\/schema\\\/logo\\\/image\\\/\"},\"sameAs\":[\"https:\\\/\\\/www.facebook.com\\\/patagonia.ambiental\",\"https:\\\/\\\/x.com\\\/PatAmb\"]},{\"@type\":\"Person\",\"@id\":\"https:\\\/\\\/patagoniambiental.com.ar\\\/info\\\/#\\\/schema\\\/person\\\/e5af09d700b2e82cb10c6b8800e0c691\",\"name\":\"BRAIAN ESTEVEZ\",\"sameAs\":[\"http:\\\/\\\/www.patagoniambiental.com.ar\"]}]}<\/script>\n<!-- \/ Yoast SEO Premium plugin. -->","yoast_head_json":{"title":"El municipio de General Pico entreg\u00f3 9 toneladas de residuos electr\u00f3nicos","robots":{"index":"index","follow":"follow","max-snippet":"max-snippet:-1","max-image-preview":"max-image-preview:large","max-video-preview":"max-video-preview:-1"},"canonical":"https:\/\/patagoniambiental.com.ar\/info\/el-municipio-de-general-pico-entrego-9-toneladas-de-residuos-electronicos\/","og_locale":"es_ES","og_type":"article","og_title":"El municipio de General Pico entreg\u00f3 9 toneladas de residuos electr\u00f3nicos","og_url":"https:\/\/patagoniambiental.com.ar\/info\/el-municipio-de-general-pico-entrego-9-toneladas-de-residuos-electronicos\/","og_site_name":"Patagonia Ambiental","article_publisher":"https:\/\/www.facebook.com\/patagonia.ambiental","article_published_time":"2021-04-05T10:00:00+00:00","article_modified_time":"2021-04-05T11:42:24+00:00","og_image":[{"width":900,"height":502,"url":"https:\/\/patagoniambiental.com.ar\/info\/wp-content\/uploads\/2021\/04\/tonelada.jpg","type":"image\/jpeg"}],"author":"BRAIAN ESTEVEZ","twitter_card":"summary_large_image","twitter_creator":"@PatAmb","twitter_site":"@PatAmb","schema":{"@context":"https:\/\/schema.org","@graph":[{"@type":"Article","@id":"https:\/\/patagoniambiental.com.ar\/info\/el-municipio-de-general-pico-entrego-9-toneladas-de-residuos-electronicos\/#article","isPartOf":{"@id":"https:\/\/patagoniambiental.com.ar\/info\/el-municipio-de-general-pico-entrego-9-toneladas-de-residuos-electronicos\/"},"author":{"name":"BRAIAN ESTEVEZ","@id":"https:\/\/patagoniambiental.com.ar\/info\/#\/schema\/person\/e5af09d700b2e82cb10c6b8800e0c691"},"headline":"El municipio de General Pico entreg\u00f3 9 toneladas de residuos electr\u00f3nicos","datePublished":"2021-04-05T10:00:00+00:00","dateModified":"2021-04-05T11:42:24+00:00","mainEntityOfPage":{"@id":"https:\/\/patagoniambiental.com.ar\/info\/el-municipio-de-general-pico-entrego-9-toneladas-de-residuos-electronicos\/"},"wordCount":536,"commentCount":0,"publisher":{"@id":"https:\/\/patagoniambiental.com.ar\/info\/#organization"},"image":{"@id":"https:\/\/patagoniambiental.com.ar\/info\/el-municipio-de-general-pico-entrego-9-toneladas-de-residuos-electronicos\/#primaryimage"},"thumbnailUrl":"https:\/\/patagoniambiental.com.ar\/info\/wp-content\/uploads\/2021\/04\/tonelada.jpg","articleSection":["Bolet\u00edn","GIRSU","La Pampa","Noticias","Provinciales","Rotador"],"inLanguage":"es","potentialAction":[{"@type":"CommentAction","name":"Comment","target":["https:\/\/patagoniambiental.com.ar\/info\/el-municipio-de-general-pico-entrego-9-toneladas-de-residuos-electronicos\/#respond"]}]},{"@type":"WebPage","@id":"https:\/\/patagoniambiental.com.ar\/info\/el-municipio-de-general-pico-entrego-9-toneladas-de-residuos-electronicos\/","url":"https:\/\/patagoniambiental.com.ar\/info\/el-municipio-de-general-pico-entrego-9-toneladas-de-residuos-electronicos\/","name":"El municipio de General Pico entreg\u00f3 9 toneladas de residuos electr\u00f3nicos","isPartOf":{"@id":"https:\/\/patagoniambiental.com.ar\/info\/#website"},"primaryImageOfPage":{"@id":"https:\/\/patagoniambiental.com.ar\/info\/el-municipio-de-general-pico-entrego-9-toneladas-de-residuos-electronicos\/#primaryimage"},"image":{"@id":"https:\/\/patagoniambiental.com.ar\/info\/el-municipio-de-general-pico-entrego-9-toneladas-de-residuos-electronicos\/#primaryimage"},"thumbnailUrl":"https:\/\/patagoniambiental.com.ar\/info\/wp-content\/uploads\/2021\/04\/tonelada.jpg","datePublished":"2021-04-05T10:00:00+00:00","dateModified":"2021-04-05T11:42:24+00:00","breadcrumb":{"@id":"https:\/\/patagoniambiental.com.ar\/info\/el-municipio-de-general-pico-entrego-9-toneladas-de-residuos-electronicos\/#breadcrumb"},"inLanguage":"es","potentialAction":[{"@type":"ReadAction","target":["https:\/\/patagoniambiental.com.ar\/info\/el-municipio-de-general-pico-entrego-9-toneladas-de-residuos-electronicos\/"]}]},{"@type":"ImageObject","inLanguage":"es","@id":"https:\/\/patagoniambiental.com.ar\/info\/el-municipio-de-general-pico-entrego-9-toneladas-de-residuos-electronicos\/#primaryimage","url":"https:\/\/patagoniambiental.com.ar\/info\/wp-content\/uploads\/2021\/04\/tonelada.jpg","contentUrl":"https:\/\/patagoniambiental.com.ar\/info\/wp-content\/uploads\/2021\/04\/tonelada.jpg","width":900,"height":502},{"@type":"BreadcrumbList","@id":"https:\/\/patagoniambiental.com.ar\/info\/el-municipio-de-general-pico-entrego-9-toneladas-de-residuos-electronicos\/#breadcrumb","itemListElement":[{"@type":"ListItem","position":1,"name":"Inicio","item":"https:\/\/patagoniambiental.com.ar\/info\/"},{"@type":"ListItem","position":2,"name":"El municipio de General Pico entreg\u00f3 9 toneladas de residuos electr\u00f3nicos"}]},{"@type":"WebSite","@id":"https:\/\/patagoniambiental.com.ar\/info\/#website","url":"https:\/\/patagoniambiental.com.ar\/info\/","name":"Patagonia Ambiental","description":"Monitoreo y an\u00e1lisis de la situaci\u00f3n geopol\u00edtica en el mundo y su implicancia en la Patagonia","publisher":{"@id":"https:\/\/patagoniambiental.com.ar\/info\/#organization"},"potentialAction":[{"@type":"SearchAction","target":{"@type":"EntryPoint","urlTemplate":"https:\/\/patagoniambiental.com.ar\/info\/?s={search_term_string}"},"query-input":{"@type":"PropertyValueSpecification","valueRequired":true,"valueName":"search_term_string"}}],"inLanguage":"es"},{"@type":"Organization","@id":"https:\/\/patagoniambiental.com.ar\/info\/#organization","name":"Patagonia Ambiental","url":"https:\/\/patagoniambiental.com.ar\/info\/","logo":{"@type":"ImageObject","inLanguage":"es","@id":"https:\/\/patagoniambiental.com.ar\/info\/#\/schema\/logo\/image\/","url":"https:\/\/patagoniambiental.com.ar\/info\/wp-content\/uploads\/2025\/05\/LOGO-PATAGONIA-AMBIENTAL.png","contentUrl":"https:\/\/patagoniambiental.com.ar\/info\/wp-content\/uploads\/2025\/05\/LOGO-PATAGONIA-AMBIENTAL.png","width":433,"height":250,"caption":"Patagonia Ambiental"},"image":{"@id":"https:\/\/patagoniambiental.com.ar\/info\/#\/schema\/logo\/image\/"},"sameAs":["https:\/\/www.facebook.com\/patagonia.ambiental","https:\/\/x.com\/PatAmb"]},{"@type":"Person","@id":"https:\/\/patagoniambiental.com.ar\/info\/#\/schema\/person\/e5af09d700b2e82cb10c6b8800e0c691","name":"BRAIAN ESTEVEZ","sameAs":["http:\/\/www.patagoniambiental.com.ar"]}]}},"_links":{"self":[{"href":"https:\/\/patagoniambiental.com.ar\/info\/wp-json\/wp\/v2\/posts\/71689","targetHints":{"allow":["GET"]}}],"collection":[{"href":"https:\/\/patagoniambiental.com.ar\/info\/wp-json\/wp\/v2\/posts"}],"about":[{"href":"https:\/\/patagoniambiental.com.ar\/info\/wp-json\/wp\/v2\/types\/post"}],"author":[{"embeddable":true,"href":"https:\/\/patagoniambiental.com.ar\/info\/wp-json\/wp\/v2\/users\/6"}],"replies":[{"embeddable":true,"href":"https:\/\/patagoniambiental.com.ar\/info\/wp-json\/wp\/v2\/comments?post=71689"}],"version-history":[{"count":0,"href":"https:\/\/patagoniambiental.com.ar\/info\/wp-json\/wp\/v2\/posts\/71689\/revisions"}],"wp:featuredmedia":[{"embeddable":true,"href":"https:\/\/patagoniambiental.com.ar\/info\/wp-json\/wp\/v2\/media\/71690"}],"wp:attachment":[{"href":"https:\/\/patagoniambiental.com.ar\/info\/wp-json\/wp\/v2\/media?parent=71689"}],"wp:term":[{"taxonomy":"category","embeddable":true,"href":"https:\/\/patagoniambiental.com.ar\/info\/wp-json\/wp\/v2\/categories?post=71689"},{"taxonomy":"post_tag","embeddable":true,"href":"https:\/\/patagoniambiental.com.ar\/info\/wp-json\/wp\/v2\/tags?post=71689"}],"curies":[{"name":"wp","href":"https:\/\/api.w.org\/{rel}","templated":true}]}}