{"id":71703,"date":"2021-04-06T07:00:00","date_gmt":"2021-04-06T10:00:00","guid":{"rendered":"http:\/\/patagoniambiental.com.ar\/info\/?p=71703"},"modified":"2021-04-06T09:22:20","modified_gmt":"2021-04-06T12:22:20","slug":"con-record-de-pasajeros-la-trochita-cerro-la-temporada-estival-de-manera-exitosa","status":"publish","type":"post","link":"https:\/\/patagoniambiental.com.ar\/info\/con-record-de-pasajeros-la-trochita-cerro-la-temporada-estival-de-manera-exitosa\/","title":{"rendered":"Con r\u00e9cord de pasajeros, La Trochita cerr\u00f3 la temporada estival de manera exitosa"},"content":{"rendered":"\n<!--more-->\n\n\n\n<p>Casi 90 pasajeros vivieron este s\u00e1bado la experiencia \u00fanica de atravesar la estepa rionegrina a bordo de la hist\u00f3rica Trochita, en lo que fue el \u00faltimo viaje de la temporada estival 2020\/2021.<\/p>\n\n\n\n<p>En el marco de las actividades programadas en los distintos destinos tur\u00edsticos de la provincia por Semana Santa, el tren rionegrino volvi\u00f3 a unir Jacobacci con Ojos de Agua para que tanto residentes como turistas puedan disfrutar de una experiencia inigualable.&nbsp;<\/p>\n\n\n\n<p>Este \u00faltimo viaje signific\u00f3 un incremento importante en la cantidad de pasajeros, por lo que la empresa prestadora del servicio debi\u00f3 sumar vagones para poder trasladar a todos los excursionistas, asegurando las medidas sanitarias correspondientes.&nbsp;<\/p>\n\n\n\n<p>A lo largo de la temporada, que comenz\u00f3 el 30 de enero, La Trochita realiz\u00f3 9 viajes en los que traslad\u00f3 a 421 pasajeros, lo que demuestra un crecimiento del producto y marca el cierre de una temporada exitosa.<\/p>\n\n\n\n<p>Al respecto, la ministra de Turismo y Deporte de R\u00edo Negro, Martha V\u00e9lez, manifest\u00f3 que \u201ceste crecimiento nos pone muy contentos, queremos seguir apostando a La Trochita y acompa\u00f1ando a este producto premium que tiene la provincia y que pone en valor la actividad ferroviaria desarrollada en Jacobacci y la regi\u00f3n\u201d. Por otra parte, V\u00e9lez destac\u00f3 el trabajo de la Provincia con pol\u00edticas de promoci\u00f3n y talleres de formaci\u00f3n destinados a los referentes tur\u00edsticos de las localidades de la Estepa rionegrina para potenciar el corredor de manera coordinada y s\u00f3lida.&nbsp;<\/p>\n\n\n\n<p>Por su parte el presidente del Tran Patag\u00f3nico, N\u00e9stor Bruno cont\u00f3 que \u201c en un marco de adaptaciones protocolares, se trabaj\u00f3 mucho para que todo est\u00e9 en perfecto estado y&nbsp; nos llena de entusiasmo que la gente se haya volcado por vivir la experiencia que ofrece La Trochita\u201d. El representante del ente valor\u00f3 adem\u00e1s \u201c el empe\u00f1o y el cari\u00f1o que le ponen a esta apuesta todas las personas que trabajan en esta propuesta tur\u00edstica; eso realmente se nota y hace que el viaje sea diferencial\u201d.&nbsp;<\/p>\n\n\n\n<p>En la misma l\u00ednea el secretario de Desarrollo e Infraestructura del ministerio de Turismo y Deporte, Daniel Gonz\u00e1lez, agreg\u00f3 que \u201ces importante agradecer especialmente a los trabajadores ferroviarios que hicieron posible que el tren no tuviese ning\u00fan inconveniente y funcionara de la mejor manera y tambi\u00e9n a la Cooperativa Ayufin Mapu que es la encargada de prestar el servicio de comida y guiada arriba de la formaci\u00f3n\u201d, .<\/p>\n\n\n\n<p><strong>Puesta en valor de un bien hist\u00f3rico<\/strong><\/p>\n\n\n\n<p>R\u00edo Negro recibi\u00f3 un aporte econ\u00f3mico por parte de la Naci\u00f3n en el marco del plan de infraestructura tur\u00edstica \u201c50 destinos\u201d, el cual ser\u00e1 destinado a culminar cuatro obras iniciadas, de las cuales tres de ellas est\u00e1n relacionadas a la puesta en valor de La Trochita.<\/p>\n\n\n\n<p>En este sentido, Gonz\u00e1lez sostuvo que \u201cestamos poniendo en valor este bien hist\u00f3rico de nuestra provincia con diversas obras que se est\u00e1n realizando en el Empalme Apeadero y las estaciones de Ojos de Agua y \u00d1orquinco\u201d.<\/p>\n\n\n\n<p>Se trata de la refacci\u00f3n del parador de la estaci\u00f3n Empalme Apeadero que consiste en la remodelaci\u00f3n de un edificio existente y la refuncionalizaci\u00f3n de dos vagones tanque de combustible para crear un centro de interpretaci\u00f3n en el que se incorporar\u00e1 material informativo sobre la historia del ferrocarril.<\/p>\n\n\n\n<p>Por otra parte, la estaci\u00f3n Ojos de Agua se est\u00e1 trabajando en la ampliaci\u00f3n y refacci\u00f3n del parador para el rescate arquitect\u00f3nico de una antigua vivienda ferroviaria y la ampliaci\u00f3n de and\u00e9n y sanitarios a fines de generar un espacio con servicios de cocina regional.<\/p>\n\n\n\n<p>Tambi\u00e9n se llevar\u00e1 a cabo la construcci\u00f3n del parador en la estaci\u00f3n \u00d1orquinc\u00f3 que incluir\u00e1 la refacci\u00f3n de un tri\u00e1ngulo de maniobras para brindar un refugio en el que se comercializar\u00e1n productos artesanales y gastron\u00f3micos.<\/p>\n\n\n\n<p>Fuente: Gobierno de Rio Negro<\/p>\n","protected":false},"excerpt":{"rendered":"","protected":false},"author":6,"featured_media":71704,"comment_status":"open","ping_status":"open","sticky":false,"template":"","format":"standard","meta":{"site-sidebar-layout":"default","site-content-layout":"","ast-site-content-layout":"default","site-content-style":"default","site-sidebar-style":"default","ast-global-header-display":"","ast-banner-title-visibility":"","ast-main-header-display":"","ast-hfb-above-header-display":"","ast-hfb-below-header-display":"","ast-hfb-mobile-header-display":"","site-post-title":"","ast-breadcrumbs-content":"","ast-featured-img":"","footer-sml-layout":"","ast-disable-related-posts":"","theme-transparent-header-meta":"","adv-header-id-meta":"","stick-header-meta":"","header-above-stick-meta":"","header-main-stick-meta":"","header-below-stick-meta":"","astra-migrate-meta-layouts":"default","ast-page-background-enabled":"default","ast-page-background-meta":{"desktop":{"background-color":"var(--ast-global-color-5)","background-image":"","background-repeat":"repeat","background-position":"center center","background-size":"auto","background-attachment":"scroll","background-type":"","background-media":"","overlay-type":"","overlay-color":"","overlay-opacity":"","overlay-gradient":""},"tablet":{"background-color":"","background-image":"","background-repeat":"repeat","background-position":"center center","background-size":"auto","background-attachment":"scroll","background-type":"","background-media":"","overlay-type":"","overlay-color":"","overlay-opacity":"","overlay-gradient":""},"mobile":{"background-color":"","background-image":"","background-repeat":"repeat","background-position":"center center","background-size":"auto","background-attachment":"scroll","background-type":"","background-media":"","overlay-type":"","overlay-color":"","overlay-opacity":"","overlay-gradient":""}},"ast-content-background-meta":{"desktop":{"background-color":"var(--ast-global-color-4)","background-image":"","background-repeat":"repeat","background-position":"center center","background-size":"auto","background-attachment":"scroll","background-type":"","background-media":"","overlay-type":"","overlay-color":"","overlay-opacity":"","overlay-gradient":""},"tablet":{"background-color":"var(--ast-global-color-4)","background-image":"","background-repeat":"repeat","background-position":"center center","background-size":"auto","background-attachment":"scroll","background-type":"","background-media":"","overlay-type":"","overlay-color":"","overlay-opacity":"","overlay-gradient":""},"mobile":{"background-color":"var(--ast-global-color-4)","background-image":"","background-repeat":"repeat","background-position":"center center","background-size":"auto","background-attachment":"scroll","background-type":"","background-media":"","overlay-type":"","overlay-color":"","overlay-opacity":"","overlay-gradient":""}},"footnotes":""},"categories":[11,1,13,14,10],"tags":[],"class_list":["post-71703","post","type-post","status-publish","format-standard","has-post-thumbnail","hentry","category-boletin","category-noticias","category-provinciales","category-rio-negro","category-rotador"],"yoast_head":"<!-- This site is optimized with the Yoast SEO Premium plugin v23.0 (Yoast SEO v27.5) - https:\/\/yoast.com\/product\/yoast-seo-premium-wordpress\/ -->\n<title>Con r\u00e9cord de pasajeros, La Trochita cerr\u00f3 la temporada estival de manera exitosa<\/title>\n<meta name=\"robots\" content=\"index, follow, max-snippet:-1, max-image-preview:large, max-video-preview:-1\" \/>\n<link rel=\"canonical\" href=\"https:\/\/patagoniambiental.com.ar\/info\/con-record-de-pasajeros-la-trochita-cerro-la-temporada-estival-de-manera-exitosa\/\" \/>\n<meta property=\"og:locale\" content=\"es_ES\" \/>\n<meta property=\"og:type\" content=\"article\" \/>\n<meta property=\"og:title\" content=\"Con r\u00e9cord de pasajeros, La Trochita cerr\u00f3 la temporada estival de manera exitosa\" \/>\n<meta property=\"og:url\" content=\"https:\/\/patagoniambiental.com.ar\/info\/con-record-de-pasajeros-la-trochita-cerro-la-temporada-estival-de-manera-exitosa\/\" \/>\n<meta property=\"og:site_name\" content=\"Patagonia Ambiental\" \/>\n<meta property=\"article:publisher\" content=\"https:\/\/www.facebook.com\/patagonia.ambiental\" \/>\n<meta property=\"article:published_time\" content=\"2021-04-06T10:00:00+00:00\" \/>\n<meta property=\"article:modified_time\" content=\"2021-04-06T12:22:20+00:00\" \/>\n<meta property=\"og:image\" content=\"https:\/\/patagoniambiental.com.ar\/info\/wp-content\/uploads\/2021\/04\/00055763-1.jpg\" \/>\n\t<meta property=\"og:image:width\" content=\"462\" \/>\n\t<meta property=\"og:image:height\" content=\"308\" \/>\n\t<meta property=\"og:image:type\" content=\"image\/jpeg\" \/>\n<meta name=\"author\" content=\"BRAIAN ESTEVEZ\" \/>\n<meta name=\"twitter:card\" content=\"summary_large_image\" \/>\n<meta name=\"twitter:creator\" content=\"@PatAmb\" \/>\n<meta name=\"twitter:site\" content=\"@PatAmb\" \/>\n<script type=\"application\/ld+json\" class=\"yoast-schema-graph\">{\"@context\":\"https:\\\/\\\/schema.org\",\"@graph\":[{\"@type\":\"Article\",\"@id\":\"https:\\\/\\\/patagoniambiental.com.ar\\\/info\\\/con-record-de-pasajeros-la-trochita-cerro-la-temporada-estival-de-manera-exitosa\\\/#article\",\"isPartOf\":{\"@id\":\"https:\\\/\\\/patagoniambiental.com.ar\\\/info\\\/con-record-de-pasajeros-la-trochita-cerro-la-temporada-estival-de-manera-exitosa\\\/\"},\"author\":{\"name\":\"BRAIAN ESTEVEZ\",\"@id\":\"https:\\\/\\\/patagoniambiental.com.ar\\\/info\\\/#\\\/schema\\\/person\\\/e5af09d700b2e82cb10c6b8800e0c691\"},\"headline\":\"Con r\u00e9cord de pasajeros, La Trochita cerr\u00f3 la temporada estival de manera exitosa\",\"datePublished\":\"2021-04-06T10:00:00+00:00\",\"dateModified\":\"2021-04-06T12:22:20+00:00\",\"mainEntityOfPage\":{\"@id\":\"https:\\\/\\\/patagoniambiental.com.ar\\\/info\\\/con-record-de-pasajeros-la-trochita-cerro-la-temporada-estival-de-manera-exitosa\\\/\"},\"wordCount\":674,\"commentCount\":0,\"publisher\":{\"@id\":\"https:\\\/\\\/patagoniambiental.com.ar\\\/info\\\/#organization\"},\"image\":{\"@id\":\"https:\\\/\\\/patagoniambiental.com.ar\\\/info\\\/con-record-de-pasajeros-la-trochita-cerro-la-temporada-estival-de-manera-exitosa\\\/#primaryimage\"},\"thumbnailUrl\":\"https:\\\/\\\/patagoniambiental.com.ar\\\/info\\\/wp-content\\\/uploads\\\/2021\\\/04\\\/00055763-1.jpg\",\"articleSection\":[\"Bolet\u00edn\",\"Noticias\",\"Provinciales\",\"R\u00edo Negro\",\"Rotador\"],\"inLanguage\":\"es\",\"potentialAction\":[{\"@type\":\"CommentAction\",\"name\":\"Comment\",\"target\":[\"https:\\\/\\\/patagoniambiental.com.ar\\\/info\\\/con-record-de-pasajeros-la-trochita-cerro-la-temporada-estival-de-manera-exitosa\\\/#respond\"]}]},{\"@type\":\"WebPage\",\"@id\":\"https:\\\/\\\/patagoniambiental.com.ar\\\/info\\\/con-record-de-pasajeros-la-trochita-cerro-la-temporada-estival-de-manera-exitosa\\\/\",\"url\":\"https:\\\/\\\/patagoniambiental.com.ar\\\/info\\\/con-record-de-pasajeros-la-trochita-cerro-la-temporada-estival-de-manera-exitosa\\\/\",\"name\":\"Con r\u00e9cord de pasajeros, La Trochita cerr\u00f3 la temporada estival de manera exitosa\",\"isPartOf\":{\"@id\":\"https:\\\/\\\/patagoniambiental.com.ar\\\/info\\\/#website\"},\"primaryImageOfPage\":{\"@id\":\"https:\\\/\\\/patagoniambiental.com.ar\\\/info\\\/con-record-de-pasajeros-la-trochita-cerro-la-temporada-estival-de-manera-exitosa\\\/#primaryimage\"},\"image\":{\"@id\":\"https:\\\/\\\/patagoniambiental.com.ar\\\/info\\\/con-record-de-pasajeros-la-trochita-cerro-la-temporada-estival-de-manera-exitosa\\\/#primaryimage\"},\"thumbnailUrl\":\"https:\\\/\\\/patagoniambiental.com.ar\\\/info\\\/wp-content\\\/uploads\\\/2021\\\/04\\\/00055763-1.jpg\",\"datePublished\":\"2021-04-06T10:00:00+00:00\",\"dateModified\":\"2021-04-06T12:22:20+00:00\",\"breadcrumb\":{\"@id\":\"https:\\\/\\\/patagoniambiental.com.ar\\\/info\\\/con-record-de-pasajeros-la-trochita-cerro-la-temporada-estival-de-manera-exitosa\\\/#breadcrumb\"},\"inLanguage\":\"es\",\"potentialAction\":[{\"@type\":\"ReadAction\",\"target\":[\"https:\\\/\\\/patagoniambiental.com.ar\\\/info\\\/con-record-de-pasajeros-la-trochita-cerro-la-temporada-estival-de-manera-exitosa\\\/\"]}]},{\"@type\":\"ImageObject\",\"inLanguage\":\"es\",\"@id\":\"https:\\\/\\\/patagoniambiental.com.ar\\\/info\\\/con-record-de-pasajeros-la-trochita-cerro-la-temporada-estival-de-manera-exitosa\\\/#primaryimage\",\"url\":\"https:\\\/\\\/patagoniambiental.com.ar\\\/info\\\/wp-content\\\/uploads\\\/2021\\\/04\\\/00055763-1.jpg\",\"contentUrl\":\"https:\\\/\\\/patagoniambiental.com.ar\\\/info\\\/wp-content\\\/uploads\\\/2021\\\/04\\\/00055763-1.jpg\",\"width\":462,\"height\":308},{\"@type\":\"BreadcrumbList\",\"@id\":\"https:\\\/\\\/patagoniambiental.com.ar\\\/info\\\/con-record-de-pasajeros-la-trochita-cerro-la-temporada-estival-de-manera-exitosa\\\/#breadcrumb\",\"itemListElement\":[{\"@type\":\"ListItem\",\"position\":1,\"name\":\"Inicio\",\"item\":\"https:\\\/\\\/patagoniambiental.com.ar\\\/info\\\/\"},{\"@type\":\"ListItem\",\"position\":2,\"name\":\"Con r\u00e9cord de pasajeros, La Trochita cerr\u00f3 la temporada estival de manera exitosa\"}]},{\"@type\":\"WebSite\",\"@id\":\"https:\\\/\\\/patagoniambiental.com.ar\\\/info\\\/#website\",\"url\":\"https:\\\/\\\/patagoniambiental.com.ar\\\/info\\\/\",\"name\":\"Patagonia Ambiental\",\"description\":\"Monitoreo y an\u00e1lisis de la situaci\u00f3n geopol\u00edtica en el mundo y su implicancia en la Patagonia\",\"publisher\":{\"@id\":\"https:\\\/\\\/patagoniambiental.com.ar\\\/info\\\/#organization\"},\"potentialAction\":[{\"@type\":\"SearchAction\",\"target\":{\"@type\":\"EntryPoint\",\"urlTemplate\":\"https:\\\/\\\/patagoniambiental.com.ar\\\/info\\\/?s={search_term_string}\"},\"query-input\":{\"@type\":\"PropertyValueSpecification\",\"valueRequired\":true,\"valueName\":\"search_term_string\"}}],\"inLanguage\":\"es\"},{\"@type\":\"Organization\",\"@id\":\"https:\\\/\\\/patagoniambiental.com.ar\\\/info\\\/#organization\",\"name\":\"Patagonia Ambiental\",\"url\":\"https:\\\/\\\/patagoniambiental.com.ar\\\/info\\\/\",\"logo\":{\"@type\":\"ImageObject\",\"inLanguage\":\"es\",\"@id\":\"https:\\\/\\\/patagoniambiental.com.ar\\\/info\\\/#\\\/schema\\\/logo\\\/image\\\/\",\"url\":\"https:\\\/\\\/patagoniambiental.com.ar\\\/info\\\/wp-content\\\/uploads\\\/2025\\\/05\\\/LOGO-PATAGONIA-AMBIENTAL.png\",\"contentUrl\":\"https:\\\/\\\/patagoniambiental.com.ar\\\/info\\\/wp-content\\\/uploads\\\/2025\\\/05\\\/LOGO-PATAGONIA-AMBIENTAL.png\",\"width\":433,\"height\":250,\"caption\":\"Patagonia Ambiental\"},\"image\":{\"@id\":\"https:\\\/\\\/patagoniambiental.com.ar\\\/info\\\/#\\\/schema\\\/logo\\\/image\\\/\"},\"sameAs\":[\"https:\\\/\\\/www.facebook.com\\\/patagonia.ambiental\",\"https:\\\/\\\/x.com\\\/PatAmb\"]},{\"@type\":\"Person\",\"@id\":\"https:\\\/\\\/patagoniambiental.com.ar\\\/info\\\/#\\\/schema\\\/person\\\/e5af09d700b2e82cb10c6b8800e0c691\",\"name\":\"BRAIAN ESTEVEZ\",\"sameAs\":[\"http:\\\/\\\/www.patagoniambiental.com.ar\"]}]}<\/script>\n<!-- \/ Yoast SEO Premium plugin. -->","yoast_head_json":{"title":"Con r\u00e9cord de pasajeros, La Trochita cerr\u00f3 la temporada estival de manera exitosa","robots":{"index":"index","follow":"follow","max-snippet":"max-snippet:-1","max-image-preview":"max-image-preview:large","max-video-preview":"max-video-preview:-1"},"canonical":"https:\/\/patagoniambiental.com.ar\/info\/con-record-de-pasajeros-la-trochita-cerro-la-temporada-estival-de-manera-exitosa\/","og_locale":"es_ES","og_type":"article","og_title":"Con r\u00e9cord de pasajeros, La Trochita cerr\u00f3 la temporada estival de manera exitosa","og_url":"https:\/\/patagoniambiental.com.ar\/info\/con-record-de-pasajeros-la-trochita-cerro-la-temporada-estival-de-manera-exitosa\/","og_site_name":"Patagonia Ambiental","article_publisher":"https:\/\/www.facebook.com\/patagonia.ambiental","article_published_time":"2021-04-06T10:00:00+00:00","article_modified_time":"2021-04-06T12:22:20+00:00","og_image":[{"width":462,"height":308,"url":"https:\/\/patagoniambiental.com.ar\/info\/wp-content\/uploads\/2021\/04\/00055763-1.jpg","type":"image\/jpeg"}],"author":"BRAIAN ESTEVEZ","twitter_card":"summary_large_image","twitter_creator":"@PatAmb","twitter_site":"@PatAmb","schema":{"@context":"https:\/\/schema.org","@graph":[{"@type":"Article","@id":"https:\/\/patagoniambiental.com.ar\/info\/con-record-de-pasajeros-la-trochita-cerro-la-temporada-estival-de-manera-exitosa\/#article","isPartOf":{"@id":"https:\/\/patagoniambiental.com.ar\/info\/con-record-de-pasajeros-la-trochita-cerro-la-temporada-estival-de-manera-exitosa\/"},"author":{"name":"BRAIAN ESTEVEZ","@id":"https:\/\/patagoniambiental.com.ar\/info\/#\/schema\/person\/e5af09d700b2e82cb10c6b8800e0c691"},"headline":"Con r\u00e9cord de pasajeros, La Trochita cerr\u00f3 la temporada estival de manera exitosa","datePublished":"2021-04-06T10:00:00+00:00","dateModified":"2021-04-06T12:22:20+00:00","mainEntityOfPage":{"@id":"https:\/\/patagoniambiental.com.ar\/info\/con-record-de-pasajeros-la-trochita-cerro-la-temporada-estival-de-manera-exitosa\/"},"wordCount":674,"commentCount":0,"publisher":{"@id":"https:\/\/patagoniambiental.com.ar\/info\/#organization"},"image":{"@id":"https:\/\/patagoniambiental.com.ar\/info\/con-record-de-pasajeros-la-trochita-cerro-la-temporada-estival-de-manera-exitosa\/#primaryimage"},"thumbnailUrl":"https:\/\/patagoniambiental.com.ar\/info\/wp-content\/uploads\/2021\/04\/00055763-1.jpg","articleSection":["Bolet\u00edn","Noticias","Provinciales","R\u00edo Negro","Rotador"],"inLanguage":"es","potentialAction":[{"@type":"CommentAction","name":"Comment","target":["https:\/\/patagoniambiental.com.ar\/info\/con-record-de-pasajeros-la-trochita-cerro-la-temporada-estival-de-manera-exitosa\/#respond"]}]},{"@type":"WebPage","@id":"https:\/\/patagoniambiental.com.ar\/info\/con-record-de-pasajeros-la-trochita-cerro-la-temporada-estival-de-manera-exitosa\/","url":"https:\/\/patagoniambiental.com.ar\/info\/con-record-de-pasajeros-la-trochita-cerro-la-temporada-estival-de-manera-exitosa\/","name":"Con r\u00e9cord de pasajeros, La Trochita cerr\u00f3 la temporada estival de manera exitosa","isPartOf":{"@id":"https:\/\/patagoniambiental.com.ar\/info\/#website"},"primaryImageOfPage":{"@id":"https:\/\/patagoniambiental.com.ar\/info\/con-record-de-pasajeros-la-trochita-cerro-la-temporada-estival-de-manera-exitosa\/#primaryimage"},"image":{"@id":"https:\/\/patagoniambiental.com.ar\/info\/con-record-de-pasajeros-la-trochita-cerro-la-temporada-estival-de-manera-exitosa\/#primaryimage"},"thumbnailUrl":"https:\/\/patagoniambiental.com.ar\/info\/wp-content\/uploads\/2021\/04\/00055763-1.jpg","datePublished":"2021-04-06T10:00:00+00:00","dateModified":"2021-04-06T12:22:20+00:00","breadcrumb":{"@id":"https:\/\/patagoniambiental.com.ar\/info\/con-record-de-pasajeros-la-trochita-cerro-la-temporada-estival-de-manera-exitosa\/#breadcrumb"},"inLanguage":"es","potentialAction":[{"@type":"ReadAction","target":["https:\/\/patagoniambiental.com.ar\/info\/con-record-de-pasajeros-la-trochita-cerro-la-temporada-estival-de-manera-exitosa\/"]}]},{"@type":"ImageObject","inLanguage":"es","@id":"https:\/\/patagoniambiental.com.ar\/info\/con-record-de-pasajeros-la-trochita-cerro-la-temporada-estival-de-manera-exitosa\/#primaryimage","url":"https:\/\/patagoniambiental.com.ar\/info\/wp-content\/uploads\/2021\/04\/00055763-1.jpg","contentUrl":"https:\/\/patagoniambiental.com.ar\/info\/wp-content\/uploads\/2021\/04\/00055763-1.jpg","width":462,"height":308},{"@type":"BreadcrumbList","@id":"https:\/\/patagoniambiental.com.ar\/info\/con-record-de-pasajeros-la-trochita-cerro-la-temporada-estival-de-manera-exitosa\/#breadcrumb","itemListElement":[{"@type":"ListItem","position":1,"name":"Inicio","item":"https:\/\/patagoniambiental.com.ar\/info\/"},{"@type":"ListItem","position":2,"name":"Con r\u00e9cord de pasajeros, La Trochita cerr\u00f3 la temporada estival de manera exitosa"}]},{"@type":"WebSite","@id":"https:\/\/patagoniambiental.com.ar\/info\/#website","url":"https:\/\/patagoniambiental.com.ar\/info\/","name":"Patagonia Ambiental","description":"Monitoreo y an\u00e1lisis de la situaci\u00f3n geopol\u00edtica en el mundo y su implicancia en la Patagonia","publisher":{"@id":"https:\/\/patagoniambiental.com.ar\/info\/#organization"},"potentialAction":[{"@type":"SearchAction","target":{"@type":"EntryPoint","urlTemplate":"https:\/\/patagoniambiental.com.ar\/info\/?s={search_term_string}"},"query-input":{"@type":"PropertyValueSpecification","valueRequired":true,"valueName":"search_term_string"}}],"inLanguage":"es"},{"@type":"Organization","@id":"https:\/\/patagoniambiental.com.ar\/info\/#organization","name":"Patagonia Ambiental","url":"https:\/\/patagoniambiental.com.ar\/info\/","logo":{"@type":"ImageObject","inLanguage":"es","@id":"https:\/\/patagoniambiental.com.ar\/info\/#\/schema\/logo\/image\/","url":"https:\/\/patagoniambiental.com.ar\/info\/wp-content\/uploads\/2025\/05\/LOGO-PATAGONIA-AMBIENTAL.png","contentUrl":"https:\/\/patagoniambiental.com.ar\/info\/wp-content\/uploads\/2025\/05\/LOGO-PATAGONIA-AMBIENTAL.png","width":433,"height":250,"caption":"Patagonia Ambiental"},"image":{"@id":"https:\/\/patagoniambiental.com.ar\/info\/#\/schema\/logo\/image\/"},"sameAs":["https:\/\/www.facebook.com\/patagonia.ambiental","https:\/\/x.com\/PatAmb"]},{"@type":"Person","@id":"https:\/\/patagoniambiental.com.ar\/info\/#\/schema\/person\/e5af09d700b2e82cb10c6b8800e0c691","name":"BRAIAN ESTEVEZ","sameAs":["http:\/\/www.patagoniambiental.com.ar"]}]}},"_links":{"self":[{"href":"https:\/\/patagoniambiental.com.ar\/info\/wp-json\/wp\/v2\/posts\/71703","targetHints":{"allow":["GET"]}}],"collection":[{"href":"https:\/\/patagoniambiental.com.ar\/info\/wp-json\/wp\/v2\/posts"}],"about":[{"href":"https:\/\/patagoniambiental.com.ar\/info\/wp-json\/wp\/v2\/types\/post"}],"author":[{"embeddable":true,"href":"https:\/\/patagoniambiental.com.ar\/info\/wp-json\/wp\/v2\/users\/6"}],"replies":[{"embeddable":true,"href":"https:\/\/patagoniambiental.com.ar\/info\/wp-json\/wp\/v2\/comments?post=71703"}],"version-history":[{"count":0,"href":"https:\/\/patagoniambiental.com.ar\/info\/wp-json\/wp\/v2\/posts\/71703\/revisions"}],"wp:featuredmedia":[{"embeddable":true,"href":"https:\/\/patagoniambiental.com.ar\/info\/wp-json\/wp\/v2\/media\/71704"}],"wp:attachment":[{"href":"https:\/\/patagoniambiental.com.ar\/info\/wp-json\/wp\/v2\/media?parent=71703"}],"wp:term":[{"taxonomy":"category","embeddable":true,"href":"https:\/\/patagoniambiental.com.ar\/info\/wp-json\/wp\/v2\/categories?post=71703"},{"taxonomy":"post_tag","embeddable":true,"href":"https:\/\/patagoniambiental.com.ar\/info\/wp-json\/wp\/v2\/tags?post=71703"}],"curies":[{"name":"wp","href":"https:\/\/api.w.org\/{rel}","templated":true}]}}