{"id":71715,"date":"2021-04-07T07:00:00","date_gmt":"2021-04-07T10:00:00","guid":{"rendered":"http:\/\/patagoniambiental.com.ar\/info\/?p=71715"},"modified":"2021-04-06T09:42:45","modified_gmt":"2021-04-06T12:42:45","slug":"fabrican-un-dispositivo-de-bajo-costo-para-medir-el-dioxido-de-carbono-en-espacios-cerrados","status":"publish","type":"post","link":"https:\/\/patagoniambiental.com.ar\/info\/fabrican-un-dispositivo-de-bajo-costo-para-medir-el-dioxido-de-carbono-en-espacios-cerrados\/","title":{"rendered":"Fabrican un dispositivo de bajo costo para medir el di\u00f3xido de carbono en espacios cerrados"},"content":{"rendered":"\n<!--more-->\n\n\n\n<p><strong>El Dr. Gustavo Lovrich, investigador cient\u00edfico quien se desempe\u00f1a en el CONICET, acompa\u00f1ado de los ingenieros Alejandro F\u00e1bregas y Luciano Lamaita de La Plata, se encuentran trabajando en la fabricaci\u00f3n de un sensor de CO2 de bajo costo. Ser\u00e1 para medir el di\u00f3xido de carbono que existe en un ambiente cerrado determinado.<\/strong><\/p>\n\n\n\n<figure class=\"wp-block-image\"><a href=\"https:\/\/www.tierradelfuego.gob.ar\/coronavirus\/\" target=\"_blank\" rel=\"noreferrer noopener\"><img decoding=\"async\" src=\"https:\/\/www.surenio.com.ar\/wp-content\/uploads\/2021\/02\/banner-coronavirus-780x90-1.gif\" alt=\"\"\/><\/a><\/figure>\n\n\n\n<figure class=\"wp-block-image\"><a href=\"https:\/\/www.ushuaia.gob.ar\/\" target=\"_blank\" rel=\"noreferrer noopener\"><img decoding=\"async\" src=\"https:\/\/www.surenio.com.ar\/wp-content\/uploads\/2021\/01\/um_obras-21-21_banner-728x90-1.gif\" alt=\"\"\/><\/a><\/figure>\n\n\n\n<p><strong>RIO GRANDE.-<\/strong>&nbsp;De la mano del Dr. Gustavo Lovrich, investigador cient\u00edfico quien se desempe\u00f1a en el CONICET, un grupo de profesionales se encuentra en la etapa de fabricaci\u00f3n de un sensor&nbsp; de CO2 para medir el di\u00f3xido de carbono que se encuentra en un ambiente cerrado.<\/p>\n\n\n\n<p>El dispositivo no es m\u00e1s que un sensor de CO2 de \u201cbajo costo\u201d que es una particularidad atractiva si se considera que, tradicionalmente, este tipo de aparatos son caros.<\/p>\n\n\n\n<p>Seg\u00fan detallaron los investigadores, este sensor est\u00e1 en etapa preparatoria y una vez finalizado va a permitir medir el di\u00f3xido y demostrar, de forma pr\u00e1ctica, la exposici\u00f3n a la que las personas se encuentran dentro de un ambiente con aire viciado.<\/p>\n\n\n\n<p>El proyecto lo lleva adelante un grupo de profesionales encabezados por el investigador del CONICET, Dr. Gustavo Lovrich quien trabaja junto a los ingenieros Alejandro F\u00e1bregas y Luciano Lamaita de La Plata.<\/p>\n\n\n\n<p>Al respecto, uno de los que forma parte del equipo, el Ing., Alejandro F\u00e1bregas, se\u00f1al\u00f3 que \u201ces muy importante ventilar los ambientes y mantenerlos libres de di\u00f3xido de carbono y muy recomendable la utilizaci\u00f3n de alcohol en gel\u201d y en esta l\u00ednea \u201ccreemos que estamos un pasito adelantado ya que hay mucha gente que mantiene los ambientes cerrados como lo es el caso de los habitantes de Tierra del Fuego, por lo que entendemos que es important\u00edsimo poder implementar estos medidores en edificios p\u00fablicos y los privados de acceso p\u00fablico de toda la provincia\u201d.<\/p>\n\n\n\n<p>En tanto, uno de los mentores del proyecto, el investigador del CONICET, Gustavo Lovrich, coincidi\u00f3 que para evitar la propagaci\u00f3n de COVID-19 se debe ventilar porque, al hacerlo, \u201chacemos que circule el aire, dispersando las part\u00edculas que contienen el virus\u201d. Explic\u00f3 que \u201cla propagaci\u00f3n del virus sucede debido a la suspensi\u00f3n de unas micropart\u00edculas llamadas \u201caerosoles\u201d. Agreg\u00f3 que para visualizarlas \u201cpodemos pensar en c\u00f3mo se acumula el humo de un cigarrillo en una habitaci\u00f3n que no est\u00e1 ventilada. Ese aerosol no es un desodorante de ambiente o personal, son esas part\u00edculas que transmiten el virus del COVID-19\u201d. Para reforzar su explicaci\u00f3n, el especialista agreg\u00f3 que las personas, al respirar emiten part\u00edculas permanentemente. \u201cEsas son part\u00edculas que se ven y caen inmediatamente a un metro y medio, por eso la importancia de la distancia, pero tambi\u00e9n hay gotas mucho m\u00e1s chicas que pueden quedar suspendidas en el aire durante mucho m\u00e1s tiempo. Si la habitaci\u00f3n no est\u00e1 ventilada, es probable que la gente que respira ese mismo aire se contagie\u201d, por eso la importancia de ventilar los espacios porque con esa acci\u00f3n logramos que circule el aire, dispersando las part\u00edculas que contienen el virus. Por esto es tan importante la ventilaci\u00f3n continua, cruzada y distribuida, principalmente en oficinas, comercios gastron\u00f3micos y transportes p\u00fablicos\u201d.<\/p>\n\n\n\n<p>Petitorio a los funcionarios<\/p>\n\n\n\n<p>El 29 de marzo el Dr. Gustavo Lovrich dio a conocer una carta que envi\u00f3 a las autoridades a la que tuvo acceso este medio.<\/p>\n\n\n\n<p>De mi consideraci\u00f3n:<\/p>\n\n\n\n<p>Me dirijo a Uds. a fin de solicitar se disponga intensificar la recomendaci\u00f3n de ventilaci\u00f3n en espacios p\u00fablicos. Al menos en Ushuaia se puede notar un relajamiento general de las medidas de prevenci\u00f3n de la Covid-19 y poco conocimiento sobre la importancia fundamental de la ventilaci\u00f3n.<\/p>\n\n\n\n<p>Durante el \u00faltimo a\u00f1o de pandemia se pudo mejorar el conocimiento de transmisi\u00f3n del virus Sars-Covid-19. Actualmente se acepta que el principal medio de transmisi\u00f3n es por aerosoles que quedan suspendidos en lugares mal ventilados (Lewis 2021), en donde la probabilidad de transmisi\u00f3n aumenta si hay aglomeraci\u00f3n de personas. La transmisi\u00f3n a trav\u00e9s de las superficies es rara (Goldman 2020). Una manera sencilla de evitar la acumulaci\u00f3n de aerosoles en ambientes cerrados es la ventilaci\u00f3n continua, cruzada, distribuida, y que puede ser evaluada a partir de la concentraci\u00f3n de CO2 en el ambiente (Peng y Jim\u00e9nez 2020). \u00c9sta es una medida del aire exhalado por otra(s) persona(s) y respirado, que podr\u00eda contener el virus y ser la causa de contagio (Peng y Jim\u00e9nez 2020). Los niveles de CO2 en un espacio de trabajo deber\u00edan ser mantenidos debajo de 700 ppm para evitar la inhalaci\u00f3n del aire ya respirado (Allen et al. 2020). Este criterio se est\u00e1 tomando en Argentina para la vuelta a las aulas en varios distritos.<\/p>\n\n\n\n<p>Es por ello que solicito sea m\u00e1s intensa la concientizaci\u00f3n sobre ventilaci\u00f3n de los administradores de espacios p\u00fablicos como establecimientos de salud y pr\u00e1cticas profesionales, comercio, transporte p\u00fablico, oficinas, entre otros. Asimismo, incorporarlo a los protocolos vigentes para hacerlo tan obligatorio como otras medidas. A mi entender el desaf\u00edo que tenemos en estas latitudes es convencer a la poblaci\u00f3n que la ventilaci\u00f3n ser\u00e1 incomoda -porque al interior de los espacios estar\u00e1 m\u00e1s fresco- pero m\u00e1s sana.<\/p>\n\n\n\n<p>En las \u00faltimas semanas el Gobierno nacional ha promovido una campa\u00f1a para comprender la importancia de los aerosoles en la transmisi\u00f3n de la Covid-19 https:\/\/www.argentina.gob.ar\/ciencia\/unidad- coronavirus\/ventilar. Esto est\u00e1 en sinton\u00eda con la aceptaci\u00f3n por parte de la comunidad cient\u00edfica internacional de la importancia de ventilar y monitorear los niveles de di\u00f3xido de carbono, como estimador de la acumulaci\u00f3n del aire ya respirado en un ambiente cerrado (Alcam\u00ed y otros 2021). La pr\u00e1ctica indica que debe crearse una corriente de aire continua, cruzada, y distribuida, muchas veces significa la apertura limitada de ventanas, y que no comprometer\u00eda el confort interno.<\/p>\n\n\n\n<p>Fuente: https:\/\/www.surenio.com.ar\/fabrican-un-dispositivo-de-bajo-costo-para-medir-el-dioxido-de-carbono-en-espacios-cerrados\/<\/p>\n","protected":false},"excerpt":{"rendered":"","protected":false},"author":6,"featured_media":71717,"comment_status":"open","ping_status":"open","sticky":false,"template":"","format":"standard","meta":{"site-sidebar-layout":"default","site-content-layout":"","ast-site-content-layout":"default","site-content-style":"default","site-sidebar-style":"default","ast-global-header-display":"","ast-banner-title-visibility":"","ast-main-header-display":"","ast-hfb-above-header-display":"","ast-hfb-below-header-display":"","ast-hfb-mobile-header-display":"","site-post-title":"","ast-breadcrumbs-content":"","ast-featured-img":"","footer-sml-layout":"","ast-disable-related-posts":"","theme-transparent-header-meta":"","adv-header-id-meta":"","stick-header-meta":"","header-above-stick-meta":"","header-main-stick-meta":"","header-below-stick-meta":"","astra-migrate-meta-layouts":"default","ast-page-background-enabled":"default","ast-page-background-meta":{"desktop":{"background-color":"var(--ast-global-color-5)","background-image":"","background-repeat":"repeat","background-position":"center center","background-size":"auto","background-attachment":"scroll","background-type":"","background-media":"","overlay-type":"","overlay-color":"","overlay-opacity":"","overlay-gradient":""},"tablet":{"background-color":"","background-image":"","background-repeat":"repeat","background-position":"center center","background-size":"auto","background-attachment":"scroll","background-type":"","background-media":"","overlay-type":"","overlay-color":"","overlay-opacity":"","overlay-gradient":""},"mobile":{"background-color":"","background-image":"","background-repeat":"repeat","background-position":"center center","background-size":"auto","background-attachment":"scroll","background-type":"","background-media":"","overlay-type":"","overlay-color":"","overlay-opacity":"","overlay-gradient":""}},"ast-content-background-meta":{"desktop":{"background-color":"var(--ast-global-color-4)","background-image":"","background-repeat":"repeat","background-position":"center center","background-size":"auto","background-attachment":"scroll","background-type":"","background-media":"","overlay-type":"","overlay-color":"","overlay-opacity":"","overlay-gradient":""},"tablet":{"background-color":"var(--ast-global-color-4)","background-image":"","background-repeat":"repeat","background-position":"center center","background-size":"auto","background-attachment":"scroll","background-type":"","background-media":"","overlay-type":"","overlay-color":"","overlay-opacity":"","overlay-gradient":""},"mobile":{"background-color":"var(--ast-global-color-4)","background-image":"","background-repeat":"repeat","background-position":"center center","background-size":"auto","background-attachment":"scroll","background-type":"","background-media":"","overlay-type":"","overlay-color":"","overlay-opacity":"","overlay-gradient":""}},"footnotes":""},"categories":[53,1],"tags":[],"class_list":["post-71715","post","type-post","status-publish","format-standard","has-post-thumbnail","hentry","category-general","category-noticias"],"yoast_head":"<!-- This site is optimized with the Yoast SEO Premium plugin v23.0 (Yoast SEO v27.5) - https:\/\/yoast.com\/product\/yoast-seo-premium-wordpress\/ -->\n<title>Fabrican un dispositivo de bajo costo para medir el di\u00f3xido de carbono en espacios cerrados<\/title>\n<meta name=\"robots\" content=\"index, follow, max-snippet:-1, max-image-preview:large, max-video-preview:-1\" \/>\n<link rel=\"canonical\" href=\"https:\/\/patagoniambiental.com.ar\/info\/fabrican-un-dispositivo-de-bajo-costo-para-medir-el-dioxido-de-carbono-en-espacios-cerrados\/\" \/>\n<meta property=\"og:locale\" content=\"es_ES\" \/>\n<meta property=\"og:type\" content=\"article\" \/>\n<meta property=\"og:title\" content=\"Fabrican un dispositivo de bajo costo para medir el di\u00f3xido de carbono en espacios cerrados\" \/>\n<meta property=\"og:url\" content=\"https:\/\/patagoniambiental.com.ar\/info\/fabrican-un-dispositivo-de-bajo-costo-para-medir-el-dioxido-de-carbono-en-espacios-cerrados\/\" \/>\n<meta property=\"og:site_name\" content=\"Patagonia Ambiental\" \/>\n<meta property=\"article:publisher\" content=\"https:\/\/www.facebook.com\/patagonia.ambiental\" \/>\n<meta property=\"article:published_time\" content=\"2021-04-07T10:00:00+00:00\" \/>\n<meta property=\"og:image\" content=\"https:\/\/patagoniambiental.com.ar\/info\/wp-content\/uploads\/2021\/04\/Sin-titulo.jpg\" \/>\n\t<meta property=\"og:image:width\" content=\"839\" \/>\n\t<meta property=\"og:image:height\" content=\"500\" \/>\n\t<meta property=\"og:image:type\" content=\"image\/jpeg\" \/>\n<meta name=\"author\" content=\"BRAIAN ESTEVEZ\" \/>\n<meta name=\"twitter:card\" content=\"summary_large_image\" \/>\n<meta name=\"twitter:creator\" content=\"@PatAmb\" \/>\n<meta name=\"twitter:site\" content=\"@PatAmb\" \/>\n<script type=\"application\/ld+json\" class=\"yoast-schema-graph\">{\"@context\":\"https:\\\/\\\/schema.org\",\"@graph\":[{\"@type\":\"Article\",\"@id\":\"https:\\\/\\\/patagoniambiental.com.ar\\\/info\\\/fabrican-un-dispositivo-de-bajo-costo-para-medir-el-dioxido-de-carbono-en-espacios-cerrados\\\/#article\",\"isPartOf\":{\"@id\":\"https:\\\/\\\/patagoniambiental.com.ar\\\/info\\\/fabrican-un-dispositivo-de-bajo-costo-para-medir-el-dioxido-de-carbono-en-espacios-cerrados\\\/\"},\"author\":{\"name\":\"BRAIAN ESTEVEZ\",\"@id\":\"https:\\\/\\\/patagoniambiental.com.ar\\\/info\\\/#\\\/schema\\\/person\\\/e5af09d700b2e82cb10c6b8800e0c691\"},\"headline\":\"Fabrican un dispositivo de bajo costo para medir el di\u00f3xido de carbono en espacios cerrados\",\"datePublished\":\"2021-04-07T10:00:00+00:00\",\"mainEntityOfPage\":{\"@id\":\"https:\\\/\\\/patagoniambiental.com.ar\\\/info\\\/fabrican-un-dispositivo-de-bajo-costo-para-medir-el-dioxido-de-carbono-en-espacios-cerrados\\\/\"},\"wordCount\":1039,\"commentCount\":0,\"publisher\":{\"@id\":\"https:\\\/\\\/patagoniambiental.com.ar\\\/info\\\/#organization\"},\"image\":{\"@id\":\"https:\\\/\\\/patagoniambiental.com.ar\\\/info\\\/fabrican-un-dispositivo-de-bajo-costo-para-medir-el-dioxido-de-carbono-en-espacios-cerrados\\\/#primaryimage\"},\"thumbnailUrl\":\"https:\\\/\\\/patagoniambiental.com.ar\\\/info\\\/wp-content\\\/uploads\\\/2021\\\/04\\\/Sin-titulo.jpg\",\"articleSection\":[\"General\",\"Noticias\"],\"inLanguage\":\"es\",\"potentialAction\":[{\"@type\":\"CommentAction\",\"name\":\"Comment\",\"target\":[\"https:\\\/\\\/patagoniambiental.com.ar\\\/info\\\/fabrican-un-dispositivo-de-bajo-costo-para-medir-el-dioxido-de-carbono-en-espacios-cerrados\\\/#respond\"]}]},{\"@type\":\"WebPage\",\"@id\":\"https:\\\/\\\/patagoniambiental.com.ar\\\/info\\\/fabrican-un-dispositivo-de-bajo-costo-para-medir-el-dioxido-de-carbono-en-espacios-cerrados\\\/\",\"url\":\"https:\\\/\\\/patagoniambiental.com.ar\\\/info\\\/fabrican-un-dispositivo-de-bajo-costo-para-medir-el-dioxido-de-carbono-en-espacios-cerrados\\\/\",\"name\":\"Fabrican un dispositivo de bajo costo para medir el di\u00f3xido de carbono en espacios cerrados\",\"isPartOf\":{\"@id\":\"https:\\\/\\\/patagoniambiental.com.ar\\\/info\\\/#website\"},\"primaryImageOfPage\":{\"@id\":\"https:\\\/\\\/patagoniambiental.com.ar\\\/info\\\/fabrican-un-dispositivo-de-bajo-costo-para-medir-el-dioxido-de-carbono-en-espacios-cerrados\\\/#primaryimage\"},\"image\":{\"@id\":\"https:\\\/\\\/patagoniambiental.com.ar\\\/info\\\/fabrican-un-dispositivo-de-bajo-costo-para-medir-el-dioxido-de-carbono-en-espacios-cerrados\\\/#primaryimage\"},\"thumbnailUrl\":\"https:\\\/\\\/patagoniambiental.com.ar\\\/info\\\/wp-content\\\/uploads\\\/2021\\\/04\\\/Sin-titulo.jpg\",\"datePublished\":\"2021-04-07T10:00:00+00:00\",\"breadcrumb\":{\"@id\":\"https:\\\/\\\/patagoniambiental.com.ar\\\/info\\\/fabrican-un-dispositivo-de-bajo-costo-para-medir-el-dioxido-de-carbono-en-espacios-cerrados\\\/#breadcrumb\"},\"inLanguage\":\"es\",\"potentialAction\":[{\"@type\":\"ReadAction\",\"target\":[\"https:\\\/\\\/patagoniambiental.com.ar\\\/info\\\/fabrican-un-dispositivo-de-bajo-costo-para-medir-el-dioxido-de-carbono-en-espacios-cerrados\\\/\"]}]},{\"@type\":\"ImageObject\",\"inLanguage\":\"es\",\"@id\":\"https:\\\/\\\/patagoniambiental.com.ar\\\/info\\\/fabrican-un-dispositivo-de-bajo-costo-para-medir-el-dioxido-de-carbono-en-espacios-cerrados\\\/#primaryimage\",\"url\":\"https:\\\/\\\/patagoniambiental.com.ar\\\/info\\\/wp-content\\\/uploads\\\/2021\\\/04\\\/Sin-titulo.jpg\",\"contentUrl\":\"https:\\\/\\\/patagoniambiental.com.ar\\\/info\\\/wp-content\\\/uploads\\\/2021\\\/04\\\/Sin-titulo.jpg\",\"width\":839,\"height\":500},{\"@type\":\"BreadcrumbList\",\"@id\":\"https:\\\/\\\/patagoniambiental.com.ar\\\/info\\\/fabrican-un-dispositivo-de-bajo-costo-para-medir-el-dioxido-de-carbono-en-espacios-cerrados\\\/#breadcrumb\",\"itemListElement\":[{\"@type\":\"ListItem\",\"position\":1,\"name\":\"Inicio\",\"item\":\"https:\\\/\\\/patagoniambiental.com.ar\\\/info\\\/\"},{\"@type\":\"ListItem\",\"position\":2,\"name\":\"Fabrican un dispositivo de bajo costo para medir el di\u00f3xido de carbono en espacios cerrados\"}]},{\"@type\":\"WebSite\",\"@id\":\"https:\\\/\\\/patagoniambiental.com.ar\\\/info\\\/#website\",\"url\":\"https:\\\/\\\/patagoniambiental.com.ar\\\/info\\\/\",\"name\":\"Patagonia Ambiental\",\"description\":\"Monitoreo y an\u00e1lisis de la situaci\u00f3n geopol\u00edtica en el mundo y su implicancia en la Patagonia\",\"publisher\":{\"@id\":\"https:\\\/\\\/patagoniambiental.com.ar\\\/info\\\/#organization\"},\"potentialAction\":[{\"@type\":\"SearchAction\",\"target\":{\"@type\":\"EntryPoint\",\"urlTemplate\":\"https:\\\/\\\/patagoniambiental.com.ar\\\/info\\\/?s={search_term_string}\"},\"query-input\":{\"@type\":\"PropertyValueSpecification\",\"valueRequired\":true,\"valueName\":\"search_term_string\"}}],\"inLanguage\":\"es\"},{\"@type\":\"Organization\",\"@id\":\"https:\\\/\\\/patagoniambiental.com.ar\\\/info\\\/#organization\",\"name\":\"Patagonia Ambiental\",\"url\":\"https:\\\/\\\/patagoniambiental.com.ar\\\/info\\\/\",\"logo\":{\"@type\":\"ImageObject\",\"inLanguage\":\"es\",\"@id\":\"https:\\\/\\\/patagoniambiental.com.ar\\\/info\\\/#\\\/schema\\\/logo\\\/image\\\/\",\"url\":\"https:\\\/\\\/patagoniambiental.com.ar\\\/info\\\/wp-content\\\/uploads\\\/2025\\\/05\\\/LOGO-PATAGONIA-AMBIENTAL.png\",\"contentUrl\":\"https:\\\/\\\/patagoniambiental.com.ar\\\/info\\\/wp-content\\\/uploads\\\/2025\\\/05\\\/LOGO-PATAGONIA-AMBIENTAL.png\",\"width\":433,\"height\":250,\"caption\":\"Patagonia Ambiental\"},\"image\":{\"@id\":\"https:\\\/\\\/patagoniambiental.com.ar\\\/info\\\/#\\\/schema\\\/logo\\\/image\\\/\"},\"sameAs\":[\"https:\\\/\\\/www.facebook.com\\\/patagonia.ambiental\",\"https:\\\/\\\/x.com\\\/PatAmb\"]},{\"@type\":\"Person\",\"@id\":\"https:\\\/\\\/patagoniambiental.com.ar\\\/info\\\/#\\\/schema\\\/person\\\/e5af09d700b2e82cb10c6b8800e0c691\",\"name\":\"BRAIAN ESTEVEZ\",\"sameAs\":[\"http:\\\/\\\/www.patagoniambiental.com.ar\"]}]}<\/script>\n<!-- \/ Yoast SEO Premium plugin. -->","yoast_head_json":{"title":"Fabrican un dispositivo de bajo costo para medir el di\u00f3xido de carbono en espacios cerrados","robots":{"index":"index","follow":"follow","max-snippet":"max-snippet:-1","max-image-preview":"max-image-preview:large","max-video-preview":"max-video-preview:-1"},"canonical":"https:\/\/patagoniambiental.com.ar\/info\/fabrican-un-dispositivo-de-bajo-costo-para-medir-el-dioxido-de-carbono-en-espacios-cerrados\/","og_locale":"es_ES","og_type":"article","og_title":"Fabrican un dispositivo de bajo costo para medir el di\u00f3xido de carbono en espacios cerrados","og_url":"https:\/\/patagoniambiental.com.ar\/info\/fabrican-un-dispositivo-de-bajo-costo-para-medir-el-dioxido-de-carbono-en-espacios-cerrados\/","og_site_name":"Patagonia Ambiental","article_publisher":"https:\/\/www.facebook.com\/patagonia.ambiental","article_published_time":"2021-04-07T10:00:00+00:00","og_image":[{"width":839,"height":500,"url":"https:\/\/patagoniambiental.com.ar\/info\/wp-content\/uploads\/2021\/04\/Sin-titulo.jpg","type":"image\/jpeg"}],"author":"BRAIAN ESTEVEZ","twitter_card":"summary_large_image","twitter_creator":"@PatAmb","twitter_site":"@PatAmb","schema":{"@context":"https:\/\/schema.org","@graph":[{"@type":"Article","@id":"https:\/\/patagoniambiental.com.ar\/info\/fabrican-un-dispositivo-de-bajo-costo-para-medir-el-dioxido-de-carbono-en-espacios-cerrados\/#article","isPartOf":{"@id":"https:\/\/patagoniambiental.com.ar\/info\/fabrican-un-dispositivo-de-bajo-costo-para-medir-el-dioxido-de-carbono-en-espacios-cerrados\/"},"author":{"name":"BRAIAN ESTEVEZ","@id":"https:\/\/patagoniambiental.com.ar\/info\/#\/schema\/person\/e5af09d700b2e82cb10c6b8800e0c691"},"headline":"Fabrican un dispositivo de bajo costo para medir el di\u00f3xido de carbono en espacios cerrados","datePublished":"2021-04-07T10:00:00+00:00","mainEntityOfPage":{"@id":"https:\/\/patagoniambiental.com.ar\/info\/fabrican-un-dispositivo-de-bajo-costo-para-medir-el-dioxido-de-carbono-en-espacios-cerrados\/"},"wordCount":1039,"commentCount":0,"publisher":{"@id":"https:\/\/patagoniambiental.com.ar\/info\/#organization"},"image":{"@id":"https:\/\/patagoniambiental.com.ar\/info\/fabrican-un-dispositivo-de-bajo-costo-para-medir-el-dioxido-de-carbono-en-espacios-cerrados\/#primaryimage"},"thumbnailUrl":"https:\/\/patagoniambiental.com.ar\/info\/wp-content\/uploads\/2021\/04\/Sin-titulo.jpg","articleSection":["General","Noticias"],"inLanguage":"es","potentialAction":[{"@type":"CommentAction","name":"Comment","target":["https:\/\/patagoniambiental.com.ar\/info\/fabrican-un-dispositivo-de-bajo-costo-para-medir-el-dioxido-de-carbono-en-espacios-cerrados\/#respond"]}]},{"@type":"WebPage","@id":"https:\/\/patagoniambiental.com.ar\/info\/fabrican-un-dispositivo-de-bajo-costo-para-medir-el-dioxido-de-carbono-en-espacios-cerrados\/","url":"https:\/\/patagoniambiental.com.ar\/info\/fabrican-un-dispositivo-de-bajo-costo-para-medir-el-dioxido-de-carbono-en-espacios-cerrados\/","name":"Fabrican un dispositivo de bajo costo para medir el di\u00f3xido de carbono en espacios cerrados","isPartOf":{"@id":"https:\/\/patagoniambiental.com.ar\/info\/#website"},"primaryImageOfPage":{"@id":"https:\/\/patagoniambiental.com.ar\/info\/fabrican-un-dispositivo-de-bajo-costo-para-medir-el-dioxido-de-carbono-en-espacios-cerrados\/#primaryimage"},"image":{"@id":"https:\/\/patagoniambiental.com.ar\/info\/fabrican-un-dispositivo-de-bajo-costo-para-medir-el-dioxido-de-carbono-en-espacios-cerrados\/#primaryimage"},"thumbnailUrl":"https:\/\/patagoniambiental.com.ar\/info\/wp-content\/uploads\/2021\/04\/Sin-titulo.jpg","datePublished":"2021-04-07T10:00:00+00:00","breadcrumb":{"@id":"https:\/\/patagoniambiental.com.ar\/info\/fabrican-un-dispositivo-de-bajo-costo-para-medir-el-dioxido-de-carbono-en-espacios-cerrados\/#breadcrumb"},"inLanguage":"es","potentialAction":[{"@type":"ReadAction","target":["https:\/\/patagoniambiental.com.ar\/info\/fabrican-un-dispositivo-de-bajo-costo-para-medir-el-dioxido-de-carbono-en-espacios-cerrados\/"]}]},{"@type":"ImageObject","inLanguage":"es","@id":"https:\/\/patagoniambiental.com.ar\/info\/fabrican-un-dispositivo-de-bajo-costo-para-medir-el-dioxido-de-carbono-en-espacios-cerrados\/#primaryimage","url":"https:\/\/patagoniambiental.com.ar\/info\/wp-content\/uploads\/2021\/04\/Sin-titulo.jpg","contentUrl":"https:\/\/patagoniambiental.com.ar\/info\/wp-content\/uploads\/2021\/04\/Sin-titulo.jpg","width":839,"height":500},{"@type":"BreadcrumbList","@id":"https:\/\/patagoniambiental.com.ar\/info\/fabrican-un-dispositivo-de-bajo-costo-para-medir-el-dioxido-de-carbono-en-espacios-cerrados\/#breadcrumb","itemListElement":[{"@type":"ListItem","position":1,"name":"Inicio","item":"https:\/\/patagoniambiental.com.ar\/info\/"},{"@type":"ListItem","position":2,"name":"Fabrican un dispositivo de bajo costo para medir el di\u00f3xido de carbono en espacios cerrados"}]},{"@type":"WebSite","@id":"https:\/\/patagoniambiental.com.ar\/info\/#website","url":"https:\/\/patagoniambiental.com.ar\/info\/","name":"Patagonia Ambiental","description":"Monitoreo y an\u00e1lisis de la situaci\u00f3n geopol\u00edtica en el mundo y su implicancia en la Patagonia","publisher":{"@id":"https:\/\/patagoniambiental.com.ar\/info\/#organization"},"potentialAction":[{"@type":"SearchAction","target":{"@type":"EntryPoint","urlTemplate":"https:\/\/patagoniambiental.com.ar\/info\/?s={search_term_string}"},"query-input":{"@type":"PropertyValueSpecification","valueRequired":true,"valueName":"search_term_string"}}],"inLanguage":"es"},{"@type":"Organization","@id":"https:\/\/patagoniambiental.com.ar\/info\/#organization","name":"Patagonia Ambiental","url":"https:\/\/patagoniambiental.com.ar\/info\/","logo":{"@type":"ImageObject","inLanguage":"es","@id":"https:\/\/patagoniambiental.com.ar\/info\/#\/schema\/logo\/image\/","url":"https:\/\/patagoniambiental.com.ar\/info\/wp-content\/uploads\/2025\/05\/LOGO-PATAGONIA-AMBIENTAL.png","contentUrl":"https:\/\/patagoniambiental.com.ar\/info\/wp-content\/uploads\/2025\/05\/LOGO-PATAGONIA-AMBIENTAL.png","width":433,"height":250,"caption":"Patagonia Ambiental"},"image":{"@id":"https:\/\/patagoniambiental.com.ar\/info\/#\/schema\/logo\/image\/"},"sameAs":["https:\/\/www.facebook.com\/patagonia.ambiental","https:\/\/x.com\/PatAmb"]},{"@type":"Person","@id":"https:\/\/patagoniambiental.com.ar\/info\/#\/schema\/person\/e5af09d700b2e82cb10c6b8800e0c691","name":"BRAIAN ESTEVEZ","sameAs":["http:\/\/www.patagoniambiental.com.ar"]}]}},"_links":{"self":[{"href":"https:\/\/patagoniambiental.com.ar\/info\/wp-json\/wp\/v2\/posts\/71715","targetHints":{"allow":["GET"]}}],"collection":[{"href":"https:\/\/patagoniambiental.com.ar\/info\/wp-json\/wp\/v2\/posts"}],"about":[{"href":"https:\/\/patagoniambiental.com.ar\/info\/wp-json\/wp\/v2\/types\/post"}],"author":[{"embeddable":true,"href":"https:\/\/patagoniambiental.com.ar\/info\/wp-json\/wp\/v2\/users\/6"}],"replies":[{"embeddable":true,"href":"https:\/\/patagoniambiental.com.ar\/info\/wp-json\/wp\/v2\/comments?post=71715"}],"version-history":[{"count":0,"href":"https:\/\/patagoniambiental.com.ar\/info\/wp-json\/wp\/v2\/posts\/71715\/revisions"}],"wp:featuredmedia":[{"embeddable":true,"href":"https:\/\/patagoniambiental.com.ar\/info\/wp-json\/wp\/v2\/media\/71717"}],"wp:attachment":[{"href":"https:\/\/patagoniambiental.com.ar\/info\/wp-json\/wp\/v2\/media?parent=71715"}],"wp:term":[{"taxonomy":"category","embeddable":true,"href":"https:\/\/patagoniambiental.com.ar\/info\/wp-json\/wp\/v2\/categories?post=71715"},{"taxonomy":"post_tag","embeddable":true,"href":"https:\/\/patagoniambiental.com.ar\/info\/wp-json\/wp\/v2\/tags?post=71715"}],"curies":[{"name":"wp","href":"https:\/\/api.w.org\/{rel}","templated":true}]}}