{"id":71839,"date":"2021-04-13T07:00:00","date_gmt":"2021-04-13T10:00:00","guid":{"rendered":"http:\/\/patagoniambiental.com.ar\/info\/?p=71839"},"modified":"2021-04-13T08:53:50","modified_gmt":"2021-04-13T11:53:50","slug":"vivero-pidio-que-se-revise-el-proceso-licitatorio-de-la-represa-de-chihuido-i","status":"publish","type":"post","link":"https:\/\/patagoniambiental.com.ar\/info\/vivero-pidio-que-se-revise-el-proceso-licitatorio-de-la-represa-de-chihuido-i\/","title":{"rendered":"Vivero pidi\u00f3 que se revise el proceso licitatorio de la represa de Chihuido I"},"content":{"rendered":"\n<!--more-->\n\n\n\n<p><em>A siete a\u00f1os de la licitaci\u00f3n y la posterior pol\u00e9mica readecuaci\u00f3n de las condiciones de adjuidaci\u00f3n durante el gobierno de Macri \u2013que tampoco posibilitaron el inicio de la obra-, Vivero pide que se revise el proceso licitatorio dado que habr\u00eda oferentes que garantizan el financiamiento de la obra.<\/em><\/p>\n\n\n\n<p>El diputado nacional Carlos Alberto Vivero present\u00f3 un proyecto para que se declare de inter\u00e9s la obra de Chihuido, que permitir\u00e1 el aprovechamiento hidroel\u00e9ctrico y, mediante la regulaci\u00f3n del caudal del r\u00edo Neuqu\u00e9n, &nbsp;permitir\u00e1 una mejor regulaci\u00f3n del caudal del r\u00edo Neuqu\u00e9n mediante un abastecimiento tendiente a asegurar suministro de agua para consumo humano, riego y uso industrial durante per\u00edodos de sequ\u00eda.&nbsp; El proyecto ser\u00e1 tratado por la Comisi\u00f3n de Obras P\u00fablicas de la C\u00e1mara de Diputados y el legislador neuquino lo enviar\u00e1 al ministro de Obras P\u00fablicas de la Naci\u00f3n, Gabriel Katopodis.<\/p>\n\n\n\n<p>Vivero sostuvo que \u201cen primer lugar hay que respetar el proceso licitatorio tal cual se plante\u00f3 en el a\u00f1o 2014 y entendiendo tambi\u00e9n que la adjudicataria de esa licitaci\u00f3n no cumpli\u00f3 los requisitos financieros ni tampoco cumplimento los requisitos que estaban planteados en el pliego y nos parece atendible el planteo que est\u00e1 haciendo el conglomerado que lleva adelante la empresa Power China para que se revise esa licitaci\u00f3n y que se adjudique a quien ven\u00eda detr\u00e1s y que garantiza el financiamiento de 2.400 millones de d\u00f3lares, porque lo fundamenta con antecedentes y lo que dice el proceso licitatorio es claro\u201d.<\/p>\n\n\n\n<p>\u201cNos parece una obra clave y necesaria en el proceso de desarrollo econ\u00f3mico de la regi\u00f3n centro, entendemos que el Estado nacional debe asumir esta situaci\u00f3n y debemos accionar para generar un impulso de reactivaci\u00f3n econ\u00f3mica m\u00e1s que urgente y necesaria y que si se respeta el proceso licitatorio y se atiende el reclamo del conglomerado encabezado por la empresa china, que adem\u00e1s garantiza el financiamiento, estamos en condiciones de iniciar una obra emblem\u00e1tica y largamente anhelada\u201d, sostuvo Vivero.<\/p>\n\n\n\n<p>\u201cEsperamos del gobernador Omar Guti\u00e9rrez y de las autoridades de la Legislatura neuquina un pronunciamiento en ese sentido, entendiendo que es un fuerte impulso para la regi\u00f3n\u201d, plante\u00f3 el diputado nacional neuquino, integrante del Frente de Todos.<\/p>\n\n\n\n<p>En el proyecto, tambi\u00e9n da cuenta que \u201cla obra de la represa Chihuido I transciende ampliamente la propia construcci\u00f3n de la misma, ya que el proyecto prev\u00e9 adem\u00e1s una ampliaci\u00f3n de la estaci\u00f3n transformadora de la localidad de Las Lajas y construcci\u00f3n de una l\u00ednea de media tensi\u00f3n hasta la futura central Chihuido I; construcci\u00f3n del tendido de l\u00edneas de media y baja tensi\u00f3n para las localidades de Quili Malal, Bajada del Agrio y el paraje Ca\u00f1ad\u00f3n Rojo; construcci\u00f3n del tendido de 81km de l\u00ednea de media tensi\u00f3n al paraje Los Chihuidos; repavimentaci\u00f3n de la Ruta Provincial N\u00b0 14 desde la Ciudad de Zapala hasta Covunco y mejoramiento del tramo puente del arroyo Covunco hasta el empalme con la Ruta Nacional 40 pasando por Bajada del Agrio; reubicaci\u00f3n de la Ruta Provincial N\u00b0 10 desde su empalme con la Ruta Provincial N\u00b0 14 hasta el emplazamiento de la represa; repavimentaci\u00f3n de la Avenida Alfredo Fortabat de la Ciudad de Zapala; construcci\u00f3n de un nuevo puente sobre el arroyo Covunco; y la construcci\u00f3n de un nuevo puente sobre el r\u00edo Agrio\u201d.<\/p>\n\n\n\n<p>Vivero se\u00f1al\u00f3 que la represa fue planificada \u201cen la d\u00e9cada del 70\u00b4 por la empresa estatal Agua y Energ\u00eda El\u00e9ctrica, el proyecto de la Represa Chihuido I ten\u00eda como objetivo el aprovechamiento del r\u00edo Neuqu\u00e9n en su curso medio, cuyo proceso hist\u00f3rico nos indica que el mismo jam\u00e1s logr\u00f3 concretarse desde el momento de su planificaci\u00f3n\u201d.<\/p>\n\n\n\n<p>Esta obra generar\u00e1 una importante cantidad de puestos de trabajo en la construcci\u00f3n y luego en la operaci\u00f3n, adem\u00e1s de un sinn\u00famero de obras complementarias que demandar\u00e1 la iniciativa.<\/p>\n\n\n\n<p>Vivero destac\u00f3 que \u201cel proyecto prev\u00e9 acciones, obras y desarrollo de proyectos socioambientales de una gran envergadura a nivel local y regional, en tanto que se deber\u00e1 realizar un reasentamiento de la Localidad de Quili Malal, en la zona denominada El Bolsico a 4 km al sur de su ubicaci\u00f3n actual. Para esto se planific\u00f3 una nueva estructura urbana y rural y se dise\u00f1\u00f3 un programa de desarrollo destinado a ofrecer distintas alternativas productivas\u201d.<\/p>\n\n\n\n<p>Apunt\u00f3 que tambi\u00e9n generar\u00e1 \u201cel reasentamiento de los parajes rurales Bajada del Puente, Villa del Agrio y Agrio del Medio, los cuales ser\u00e1n reubicados en la localidad de Bajada del Agrio, se encuentra dentro de una ampliaci\u00f3n y remodelaci\u00f3n de referida localidad que permitir\u00e1 albergar a pobladores relocalizados\u201d.<\/p>\n\n\n\n<p>El diputado neuquino afirma que todos estos puntos ponen en valor \u201cla importancia y relevancia que esta obra energ\u00e9tica posee tanto para la Provincia del Neuqu\u00e9n, como para todo el sistema energ\u00e9tico nacional. Luego a\u00f1os de retrasos y contramarchas, la obra del Chihuido I sigue a\u00fan sin concretarse en gran medida por la inacci\u00f3n y desinter\u00e9s del gobierno del ex presidente Mauricio Macri, quien nunca proyect\u00f3 promover inversiones que permitan desarrollar territorios que se encuentran m\u00e1s alejados a la Ciudad Aut\u00f3noma de Buenos Aires (CABA)\u201d.<\/p>\n\n\n\n<p>Fuente: Servicios Integrales de Comunicaci\u00f3n<\/p>\n","protected":false},"excerpt":{"rendered":"","protected":false},"author":6,"featured_media":71840,"comment_status":"open","ping_status":"open","sticky":false,"template":"","format":"standard","meta":{"site-sidebar-layout":"default","site-content-layout":"","ast-site-content-layout":"default","site-content-style":"default","site-sidebar-style":"default","ast-global-header-display":"","ast-banner-title-visibility":"","ast-main-header-display":"","ast-hfb-above-header-display":"","ast-hfb-below-header-display":"","ast-hfb-mobile-header-display":"","site-post-title":"","ast-breadcrumbs-content":"","ast-featured-img":"","footer-sml-layout":"","ast-disable-related-posts":"","theme-transparent-header-meta":"","adv-header-id-meta":"","stick-header-meta":"","header-above-stick-meta":"","header-main-stick-meta":"","header-below-stick-meta":"","astra-migrate-meta-layouts":"default","ast-page-background-enabled":"default","ast-page-background-meta":{"desktop":{"background-color":"var(--ast-global-color-5)","background-image":"","background-repeat":"repeat","background-position":"center center","background-size":"auto","background-attachment":"scroll","background-type":"","background-media":"","overlay-type":"","overlay-color":"","overlay-opacity":"","overlay-gradient":""},"tablet":{"background-color":"","background-image":"","background-repeat":"repeat","background-position":"center center","background-size":"auto","background-attachment":"scroll","background-type":"","background-media":"","overlay-type":"","overlay-color":"","overlay-opacity":"","overlay-gradient":""},"mobile":{"background-color":"","background-image":"","background-repeat":"repeat","background-position":"center center","background-size":"auto","background-attachment":"scroll","background-type":"","background-media":"","overlay-type":"","overlay-color":"","overlay-opacity":"","overlay-gradient":""}},"ast-content-background-meta":{"desktop":{"background-color":"var(--ast-global-color-4)","background-image":"","background-repeat":"repeat","background-position":"center center","background-size":"auto","background-attachment":"scroll","background-type":"","background-media":"","overlay-type":"","overlay-color":"","overlay-opacity":"","overlay-gradient":""},"tablet":{"background-color":"var(--ast-global-color-4)","background-image":"","background-repeat":"repeat","background-position":"center center","background-size":"auto","background-attachment":"scroll","background-type":"","background-media":"","overlay-type":"","overlay-color":"","overlay-opacity":"","overlay-gradient":""},"mobile":{"background-color":"var(--ast-global-color-4)","background-image":"","background-repeat":"repeat","background-position":"center center","background-size":"auto","background-attachment":"scroll","background-type":"","background-media":"","overlay-type":"","overlay-color":"","overlay-opacity":"","overlay-gradient":""}},"footnotes":""},"categories":[11,19,1,10],"tags":[],"class_list":["post-71839","post","type-post","status-publish","format-standard","has-post-thumbnail","hentry","category-boletin","category-nacionales","category-noticias","category-rotador"],"yoast_head":"<!-- This site is optimized with the Yoast SEO Premium plugin v23.0 (Yoast SEO v27.5) - https:\/\/yoast.com\/product\/yoast-seo-premium-wordpress\/ -->\n<title>Vivero pidi\u00f3 que se revise el proceso licitatorio de la represa de Chihuido I<\/title>\n<meta name=\"robots\" content=\"index, follow, max-snippet:-1, max-image-preview:large, max-video-preview:-1\" \/>\n<link rel=\"canonical\" href=\"https:\/\/patagoniambiental.com.ar\/info\/vivero-pidio-que-se-revise-el-proceso-licitatorio-de-la-represa-de-chihuido-i\/\" \/>\n<meta property=\"og:locale\" content=\"es_ES\" \/>\n<meta property=\"og:type\" content=\"article\" \/>\n<meta property=\"og:title\" content=\"Vivero pidi\u00f3 que se revise el proceso licitatorio de la represa de Chihuido I\" \/>\n<meta property=\"og:url\" content=\"https:\/\/patagoniambiental.com.ar\/info\/vivero-pidio-que-se-revise-el-proceso-licitatorio-de-la-represa-de-chihuido-i\/\" \/>\n<meta property=\"og:site_name\" content=\"Patagonia Ambiental\" \/>\n<meta property=\"article:publisher\" content=\"https:\/\/www.facebook.com\/patagonia.ambiental\" \/>\n<meta property=\"article:published_time\" content=\"2021-04-13T10:00:00+00:00\" \/>\n<meta property=\"article:modified_time\" content=\"2021-04-13T11:53:50+00:00\" \/>\n<meta property=\"og:image\" content=\"https:\/\/patagoniambiental.com.ar\/info\/wp-content\/uploads\/2021\/04\/thumbnail_Carlos-Alberto-Vivero-3.jpg\" \/>\n\t<meta property=\"og:image:width\" content=\"1280\" \/>\n\t<meta property=\"og:image:height\" content=\"853\" \/>\n\t<meta property=\"og:image:type\" content=\"image\/jpeg\" \/>\n<meta name=\"author\" content=\"BRAIAN ESTEVEZ\" \/>\n<meta name=\"twitter:card\" content=\"summary_large_image\" \/>\n<meta name=\"twitter:creator\" content=\"@PatAmb\" \/>\n<meta name=\"twitter:site\" content=\"@PatAmb\" \/>\n<script type=\"application\/ld+json\" class=\"yoast-schema-graph\">{\"@context\":\"https:\\\/\\\/schema.org\",\"@graph\":[{\"@type\":\"Article\",\"@id\":\"https:\\\/\\\/patagoniambiental.com.ar\\\/info\\\/vivero-pidio-que-se-revise-el-proceso-licitatorio-de-la-represa-de-chihuido-i\\\/#article\",\"isPartOf\":{\"@id\":\"https:\\\/\\\/patagoniambiental.com.ar\\\/info\\\/vivero-pidio-que-se-revise-el-proceso-licitatorio-de-la-represa-de-chihuido-i\\\/\"},\"author\":{\"name\":\"BRAIAN ESTEVEZ\",\"@id\":\"https:\\\/\\\/patagoniambiental.com.ar\\\/info\\\/#\\\/schema\\\/person\\\/e5af09d700b2e82cb10c6b8800e0c691\"},\"headline\":\"Vivero pidi\u00f3 que se revise el proceso licitatorio de la represa de Chihuido I\",\"datePublished\":\"2021-04-13T10:00:00+00:00\",\"dateModified\":\"2021-04-13T11:53:50+00:00\",\"mainEntityOfPage\":{\"@id\":\"https:\\\/\\\/patagoniambiental.com.ar\\\/info\\\/vivero-pidio-que-se-revise-el-proceso-licitatorio-de-la-represa-de-chihuido-i\\\/\"},\"wordCount\":932,\"commentCount\":0,\"publisher\":{\"@id\":\"https:\\\/\\\/patagoniambiental.com.ar\\\/info\\\/#organization\"},\"image\":{\"@id\":\"https:\\\/\\\/patagoniambiental.com.ar\\\/info\\\/vivero-pidio-que-se-revise-el-proceso-licitatorio-de-la-represa-de-chihuido-i\\\/#primaryimage\"},\"thumbnailUrl\":\"https:\\\/\\\/patagoniambiental.com.ar\\\/info\\\/wp-content\\\/uploads\\\/2021\\\/04\\\/thumbnail_Carlos-Alberto-Vivero-3.jpg\",\"articleSection\":[\"Bolet\u00edn\",\"Nacionales\",\"Noticias\",\"Rotador\"],\"inLanguage\":\"es\",\"potentialAction\":[{\"@type\":\"CommentAction\",\"name\":\"Comment\",\"target\":[\"https:\\\/\\\/patagoniambiental.com.ar\\\/info\\\/vivero-pidio-que-se-revise-el-proceso-licitatorio-de-la-represa-de-chihuido-i\\\/#respond\"]}]},{\"@type\":\"WebPage\",\"@id\":\"https:\\\/\\\/patagoniambiental.com.ar\\\/info\\\/vivero-pidio-que-se-revise-el-proceso-licitatorio-de-la-represa-de-chihuido-i\\\/\",\"url\":\"https:\\\/\\\/patagoniambiental.com.ar\\\/info\\\/vivero-pidio-que-se-revise-el-proceso-licitatorio-de-la-represa-de-chihuido-i\\\/\",\"name\":\"Vivero pidi\u00f3 que se revise el proceso licitatorio de la represa de Chihuido I\",\"isPartOf\":{\"@id\":\"https:\\\/\\\/patagoniambiental.com.ar\\\/info\\\/#website\"},\"primaryImageOfPage\":{\"@id\":\"https:\\\/\\\/patagoniambiental.com.ar\\\/info\\\/vivero-pidio-que-se-revise-el-proceso-licitatorio-de-la-represa-de-chihuido-i\\\/#primaryimage\"},\"image\":{\"@id\":\"https:\\\/\\\/patagoniambiental.com.ar\\\/info\\\/vivero-pidio-que-se-revise-el-proceso-licitatorio-de-la-represa-de-chihuido-i\\\/#primaryimage\"},\"thumbnailUrl\":\"https:\\\/\\\/patagoniambiental.com.ar\\\/info\\\/wp-content\\\/uploads\\\/2021\\\/04\\\/thumbnail_Carlos-Alberto-Vivero-3.jpg\",\"datePublished\":\"2021-04-13T10:00:00+00:00\",\"dateModified\":\"2021-04-13T11:53:50+00:00\",\"breadcrumb\":{\"@id\":\"https:\\\/\\\/patagoniambiental.com.ar\\\/info\\\/vivero-pidio-que-se-revise-el-proceso-licitatorio-de-la-represa-de-chihuido-i\\\/#breadcrumb\"},\"inLanguage\":\"es\",\"potentialAction\":[{\"@type\":\"ReadAction\",\"target\":[\"https:\\\/\\\/patagoniambiental.com.ar\\\/info\\\/vivero-pidio-que-se-revise-el-proceso-licitatorio-de-la-represa-de-chihuido-i\\\/\"]}]},{\"@type\":\"ImageObject\",\"inLanguage\":\"es\",\"@id\":\"https:\\\/\\\/patagoniambiental.com.ar\\\/info\\\/vivero-pidio-que-se-revise-el-proceso-licitatorio-de-la-represa-de-chihuido-i\\\/#primaryimage\",\"url\":\"https:\\\/\\\/patagoniambiental.com.ar\\\/info\\\/wp-content\\\/uploads\\\/2021\\\/04\\\/thumbnail_Carlos-Alberto-Vivero-3.jpg\",\"contentUrl\":\"https:\\\/\\\/patagoniambiental.com.ar\\\/info\\\/wp-content\\\/uploads\\\/2021\\\/04\\\/thumbnail_Carlos-Alberto-Vivero-3.jpg\",\"width\":900,\"height\":600},{\"@type\":\"BreadcrumbList\",\"@id\":\"https:\\\/\\\/patagoniambiental.com.ar\\\/info\\\/vivero-pidio-que-se-revise-el-proceso-licitatorio-de-la-represa-de-chihuido-i\\\/#breadcrumb\",\"itemListElement\":[{\"@type\":\"ListItem\",\"position\":1,\"name\":\"Inicio\",\"item\":\"https:\\\/\\\/patagoniambiental.com.ar\\\/info\\\/\"},{\"@type\":\"ListItem\",\"position\":2,\"name\":\"Vivero pidi\u00f3 que se revise el proceso licitatorio de la represa de Chihuido I\"}]},{\"@type\":\"WebSite\",\"@id\":\"https:\\\/\\\/patagoniambiental.com.ar\\\/info\\\/#website\",\"url\":\"https:\\\/\\\/patagoniambiental.com.ar\\\/info\\\/\",\"name\":\"Patagonia Ambiental\",\"description\":\"Monitoreo y an\u00e1lisis de la situaci\u00f3n geopol\u00edtica en el mundo y su implicancia en la Patagonia\",\"publisher\":{\"@id\":\"https:\\\/\\\/patagoniambiental.com.ar\\\/info\\\/#organization\"},\"potentialAction\":[{\"@type\":\"SearchAction\",\"target\":{\"@type\":\"EntryPoint\",\"urlTemplate\":\"https:\\\/\\\/patagoniambiental.com.ar\\\/info\\\/?s={search_term_string}\"},\"query-input\":{\"@type\":\"PropertyValueSpecification\",\"valueRequired\":true,\"valueName\":\"search_term_string\"}}],\"inLanguage\":\"es\"},{\"@type\":\"Organization\",\"@id\":\"https:\\\/\\\/patagoniambiental.com.ar\\\/info\\\/#organization\",\"name\":\"Patagonia Ambiental\",\"url\":\"https:\\\/\\\/patagoniambiental.com.ar\\\/info\\\/\",\"logo\":{\"@type\":\"ImageObject\",\"inLanguage\":\"es\",\"@id\":\"https:\\\/\\\/patagoniambiental.com.ar\\\/info\\\/#\\\/schema\\\/logo\\\/image\\\/\",\"url\":\"https:\\\/\\\/patagoniambiental.com.ar\\\/info\\\/wp-content\\\/uploads\\\/2025\\\/05\\\/LOGO-PATAGONIA-AMBIENTAL.png\",\"contentUrl\":\"https:\\\/\\\/patagoniambiental.com.ar\\\/info\\\/wp-content\\\/uploads\\\/2025\\\/05\\\/LOGO-PATAGONIA-AMBIENTAL.png\",\"width\":433,\"height\":250,\"caption\":\"Patagonia Ambiental\"},\"image\":{\"@id\":\"https:\\\/\\\/patagoniambiental.com.ar\\\/info\\\/#\\\/schema\\\/logo\\\/image\\\/\"},\"sameAs\":[\"https:\\\/\\\/www.facebook.com\\\/patagonia.ambiental\",\"https:\\\/\\\/x.com\\\/PatAmb\"]},{\"@type\":\"Person\",\"@id\":\"https:\\\/\\\/patagoniambiental.com.ar\\\/info\\\/#\\\/schema\\\/person\\\/e5af09d700b2e82cb10c6b8800e0c691\",\"name\":\"BRAIAN ESTEVEZ\",\"sameAs\":[\"http:\\\/\\\/www.patagoniambiental.com.ar\"]}]}<\/script>\n<!-- \/ Yoast SEO Premium plugin. -->","yoast_head_json":{"title":"Vivero pidi\u00f3 que se revise el proceso licitatorio de la represa de Chihuido I","robots":{"index":"index","follow":"follow","max-snippet":"max-snippet:-1","max-image-preview":"max-image-preview:large","max-video-preview":"max-video-preview:-1"},"canonical":"https:\/\/patagoniambiental.com.ar\/info\/vivero-pidio-que-se-revise-el-proceso-licitatorio-de-la-represa-de-chihuido-i\/","og_locale":"es_ES","og_type":"article","og_title":"Vivero pidi\u00f3 que se revise el proceso licitatorio de la represa de Chihuido I","og_url":"https:\/\/patagoniambiental.com.ar\/info\/vivero-pidio-que-se-revise-el-proceso-licitatorio-de-la-represa-de-chihuido-i\/","og_site_name":"Patagonia Ambiental","article_publisher":"https:\/\/www.facebook.com\/patagonia.ambiental","article_published_time":"2021-04-13T10:00:00+00:00","article_modified_time":"2021-04-13T11:53:50+00:00","og_image":[{"width":1280,"height":853,"url":"https:\/\/patagoniambiental.com.ar\/info\/wp-content\/uploads\/2021\/04\/thumbnail_Carlos-Alberto-Vivero-3.jpg","type":"image\/jpeg"}],"author":"BRAIAN ESTEVEZ","twitter_card":"summary_large_image","twitter_creator":"@PatAmb","twitter_site":"@PatAmb","schema":{"@context":"https:\/\/schema.org","@graph":[{"@type":"Article","@id":"https:\/\/patagoniambiental.com.ar\/info\/vivero-pidio-que-se-revise-el-proceso-licitatorio-de-la-represa-de-chihuido-i\/#article","isPartOf":{"@id":"https:\/\/patagoniambiental.com.ar\/info\/vivero-pidio-que-se-revise-el-proceso-licitatorio-de-la-represa-de-chihuido-i\/"},"author":{"name":"BRAIAN ESTEVEZ","@id":"https:\/\/patagoniambiental.com.ar\/info\/#\/schema\/person\/e5af09d700b2e82cb10c6b8800e0c691"},"headline":"Vivero pidi\u00f3 que se revise el proceso licitatorio de la represa de Chihuido I","datePublished":"2021-04-13T10:00:00+00:00","dateModified":"2021-04-13T11:53:50+00:00","mainEntityOfPage":{"@id":"https:\/\/patagoniambiental.com.ar\/info\/vivero-pidio-que-se-revise-el-proceso-licitatorio-de-la-represa-de-chihuido-i\/"},"wordCount":932,"commentCount":0,"publisher":{"@id":"https:\/\/patagoniambiental.com.ar\/info\/#organization"},"image":{"@id":"https:\/\/patagoniambiental.com.ar\/info\/vivero-pidio-que-se-revise-el-proceso-licitatorio-de-la-represa-de-chihuido-i\/#primaryimage"},"thumbnailUrl":"https:\/\/patagoniambiental.com.ar\/info\/wp-content\/uploads\/2021\/04\/thumbnail_Carlos-Alberto-Vivero-3.jpg","articleSection":["Bolet\u00edn","Nacionales","Noticias","Rotador"],"inLanguage":"es","potentialAction":[{"@type":"CommentAction","name":"Comment","target":["https:\/\/patagoniambiental.com.ar\/info\/vivero-pidio-que-se-revise-el-proceso-licitatorio-de-la-represa-de-chihuido-i\/#respond"]}]},{"@type":"WebPage","@id":"https:\/\/patagoniambiental.com.ar\/info\/vivero-pidio-que-se-revise-el-proceso-licitatorio-de-la-represa-de-chihuido-i\/","url":"https:\/\/patagoniambiental.com.ar\/info\/vivero-pidio-que-se-revise-el-proceso-licitatorio-de-la-represa-de-chihuido-i\/","name":"Vivero pidi\u00f3 que se revise el proceso licitatorio de la represa de Chihuido I","isPartOf":{"@id":"https:\/\/patagoniambiental.com.ar\/info\/#website"},"primaryImageOfPage":{"@id":"https:\/\/patagoniambiental.com.ar\/info\/vivero-pidio-que-se-revise-el-proceso-licitatorio-de-la-represa-de-chihuido-i\/#primaryimage"},"image":{"@id":"https:\/\/patagoniambiental.com.ar\/info\/vivero-pidio-que-se-revise-el-proceso-licitatorio-de-la-represa-de-chihuido-i\/#primaryimage"},"thumbnailUrl":"https:\/\/patagoniambiental.com.ar\/info\/wp-content\/uploads\/2021\/04\/thumbnail_Carlos-Alberto-Vivero-3.jpg","datePublished":"2021-04-13T10:00:00+00:00","dateModified":"2021-04-13T11:53:50+00:00","breadcrumb":{"@id":"https:\/\/patagoniambiental.com.ar\/info\/vivero-pidio-que-se-revise-el-proceso-licitatorio-de-la-represa-de-chihuido-i\/#breadcrumb"},"inLanguage":"es","potentialAction":[{"@type":"ReadAction","target":["https:\/\/patagoniambiental.com.ar\/info\/vivero-pidio-que-se-revise-el-proceso-licitatorio-de-la-represa-de-chihuido-i\/"]}]},{"@type":"ImageObject","inLanguage":"es","@id":"https:\/\/patagoniambiental.com.ar\/info\/vivero-pidio-que-se-revise-el-proceso-licitatorio-de-la-represa-de-chihuido-i\/#primaryimage","url":"https:\/\/patagoniambiental.com.ar\/info\/wp-content\/uploads\/2021\/04\/thumbnail_Carlos-Alberto-Vivero-3.jpg","contentUrl":"https:\/\/patagoniambiental.com.ar\/info\/wp-content\/uploads\/2021\/04\/thumbnail_Carlos-Alberto-Vivero-3.jpg","width":900,"height":600},{"@type":"BreadcrumbList","@id":"https:\/\/patagoniambiental.com.ar\/info\/vivero-pidio-que-se-revise-el-proceso-licitatorio-de-la-represa-de-chihuido-i\/#breadcrumb","itemListElement":[{"@type":"ListItem","position":1,"name":"Inicio","item":"https:\/\/patagoniambiental.com.ar\/info\/"},{"@type":"ListItem","position":2,"name":"Vivero pidi\u00f3 que se revise el proceso licitatorio de la represa de Chihuido I"}]},{"@type":"WebSite","@id":"https:\/\/patagoniambiental.com.ar\/info\/#website","url":"https:\/\/patagoniambiental.com.ar\/info\/","name":"Patagonia Ambiental","description":"Monitoreo y an\u00e1lisis de la situaci\u00f3n geopol\u00edtica en el mundo y su implicancia en la Patagonia","publisher":{"@id":"https:\/\/patagoniambiental.com.ar\/info\/#organization"},"potentialAction":[{"@type":"SearchAction","target":{"@type":"EntryPoint","urlTemplate":"https:\/\/patagoniambiental.com.ar\/info\/?s={search_term_string}"},"query-input":{"@type":"PropertyValueSpecification","valueRequired":true,"valueName":"search_term_string"}}],"inLanguage":"es"},{"@type":"Organization","@id":"https:\/\/patagoniambiental.com.ar\/info\/#organization","name":"Patagonia Ambiental","url":"https:\/\/patagoniambiental.com.ar\/info\/","logo":{"@type":"ImageObject","inLanguage":"es","@id":"https:\/\/patagoniambiental.com.ar\/info\/#\/schema\/logo\/image\/","url":"https:\/\/patagoniambiental.com.ar\/info\/wp-content\/uploads\/2025\/05\/LOGO-PATAGONIA-AMBIENTAL.png","contentUrl":"https:\/\/patagoniambiental.com.ar\/info\/wp-content\/uploads\/2025\/05\/LOGO-PATAGONIA-AMBIENTAL.png","width":433,"height":250,"caption":"Patagonia Ambiental"},"image":{"@id":"https:\/\/patagoniambiental.com.ar\/info\/#\/schema\/logo\/image\/"},"sameAs":["https:\/\/www.facebook.com\/patagonia.ambiental","https:\/\/x.com\/PatAmb"]},{"@type":"Person","@id":"https:\/\/patagoniambiental.com.ar\/info\/#\/schema\/person\/e5af09d700b2e82cb10c6b8800e0c691","name":"BRAIAN ESTEVEZ","sameAs":["http:\/\/www.patagoniambiental.com.ar"]}]}},"_links":{"self":[{"href":"https:\/\/patagoniambiental.com.ar\/info\/wp-json\/wp\/v2\/posts\/71839","targetHints":{"allow":["GET"]}}],"collection":[{"href":"https:\/\/patagoniambiental.com.ar\/info\/wp-json\/wp\/v2\/posts"}],"about":[{"href":"https:\/\/patagoniambiental.com.ar\/info\/wp-json\/wp\/v2\/types\/post"}],"author":[{"embeddable":true,"href":"https:\/\/patagoniambiental.com.ar\/info\/wp-json\/wp\/v2\/users\/6"}],"replies":[{"embeddable":true,"href":"https:\/\/patagoniambiental.com.ar\/info\/wp-json\/wp\/v2\/comments?post=71839"}],"version-history":[{"count":0,"href":"https:\/\/patagoniambiental.com.ar\/info\/wp-json\/wp\/v2\/posts\/71839\/revisions"}],"wp:featuredmedia":[{"embeddable":true,"href":"https:\/\/patagoniambiental.com.ar\/info\/wp-json\/wp\/v2\/media\/71840"}],"wp:attachment":[{"href":"https:\/\/patagoniambiental.com.ar\/info\/wp-json\/wp\/v2\/media?parent=71839"}],"wp:term":[{"taxonomy":"category","embeddable":true,"href":"https:\/\/patagoniambiental.com.ar\/info\/wp-json\/wp\/v2\/categories?post=71839"},{"taxonomy":"post_tag","embeddable":true,"href":"https:\/\/patagoniambiental.com.ar\/info\/wp-json\/wp\/v2\/tags?post=71839"}],"curies":[{"name":"wp","href":"https:\/\/api.w.org\/{rel}","templated":true}]}}