{"id":72033,"date":"2021-04-25T07:00:00","date_gmt":"2021-04-25T10:00:00","guid":{"rendered":"http:\/\/patagoniambiental.com.ar\/info\/?p=72033"},"modified":"2021-04-23T19:53:34","modified_gmt":"2021-04-23T22:53:34","slug":"el-gobierno-nacional-construira-viviendas-sustentables-en-todas-las-regiones-bioclimaticas-2","status":"publish","type":"post","link":"https:\/\/patagoniambiental.com.ar\/info\/el-gobierno-nacional-construira-viviendas-sustentables-en-todas-las-regiones-bioclimaticas-2\/","title":{"rendered":"El Gobierno Nacional construir\u00e1 viviendas sustentables en todas las regiones bioclim\u00e1ticas"},"content":{"rendered":"\n<!--more-->\n\n\n\n<p>El Ministerio de Desarrollo Territorial y H\u00e1bitat que conduce el ingeniero Jorge Ferraresi, llevar\u00e1 adelante el Programa de Viviendas Piloto con Eficiencia Energ\u00e9tica y Energ\u00eda Renovable que posibilitar\u00e1 la construcci\u00f3n de 128 viviendas sustentables en las seis regiones bioclim\u00e1ticas de nuestro pa\u00eds.<br>El programa tiene como objetivo cuantificar la reducci\u00f3n en el consumo de energ\u00eda y consecuente reducci\u00f3n de emisiones de di\u00f3xido de carbono, producto de un adecuado dise\u00f1o arquitect\u00f3nico, el empleo de materiales eficientes y la incorporaci\u00f3n de sistemas de energ\u00edas renovables.<br>Estas 128 viviendas se desarrollar\u00e1n en las capitales de Salta y Formosa; en Mercedes, provincia de Buenos Aires; en Taf\u00ed Viejo, Tucum\u00e1n; en Ushuaia, Tierra del Fuego; en Jun\u00edn, Mendoza; en Rawson, Chubut; y<mark>\u00a0en Zapala, Neuqu\u00e9n.<\/mark><br>Se estima que la construcci\u00f3n de las mismas finalizar\u00e1 en julio del 2022, momento en que comenzar\u00e1 la etapa de monitoreo de su desempe\u00f1o ambiental por el per\u00edodo de un a\u00f1o, y luego podr\u00e1n elaborarse los est\u00e1ndares m\u00ednimos de habitabilidad.<br>Cabe destacar que esta iniciativa se ejecutar\u00e1n en articulaci\u00f3n con los Ministerios de Ambiente y Desarrollo Sostenible, de Ciencia, Tecnolog\u00eda e Innovaci\u00f3n, y de Desarrollo Productivo, en conjunto con los Institutos Provinciales de Vivienda y del Instituto Nacional de Tecnolog\u00eda Industrial, y contar\u00e1 con la financiaci\u00f3n del Gobierno Nacional a trav\u00e9s del Fondo para el Medio Ambiente Mundial (GEF) y del Banco Interamericano De Desarrollo (BID).<\/p>\n\n\n\n<p>Fuente: https:\/\/noticiasnqn.com.ar\/actualidad\/el-gobierno-nacional-construir-viviendas-sustentables-en-todas-las-regiones-bioclimticas.htm<\/p>\n","protected":false},"excerpt":{"rendered":"","protected":false},"author":6,"featured_media":72034,"comment_status":"open","ping_status":"open","sticky":false,"template":"","format":"standard","meta":{"site-sidebar-layout":"default","site-content-layout":"","ast-site-content-layout":"default","site-content-style":"default","site-sidebar-style":"default","ast-global-header-display":"","ast-banner-title-visibility":"","ast-main-header-display":"","ast-hfb-above-header-display":"","ast-hfb-below-header-display":"","ast-hfb-mobile-header-display":"","site-post-title":"","ast-breadcrumbs-content":"","ast-featured-img":"","footer-sml-layout":"","ast-disable-related-posts":"","theme-transparent-header-meta":"","adv-header-id-meta":"","stick-header-meta":"","header-above-stick-meta":"","header-main-stick-meta":"","header-below-stick-meta":"","astra-migrate-meta-layouts":"default","ast-page-background-enabled":"default","ast-page-background-meta":{"desktop":{"background-color":"var(--ast-global-color-5)","background-image":"","background-repeat":"repeat","background-position":"center center","background-size":"auto","background-attachment":"scroll","background-type":"","background-media":"","overlay-type":"","overlay-color":"","overlay-opacity":"","overlay-gradient":""},"tablet":{"background-color":"","background-image":"","background-repeat":"repeat","background-position":"center center","background-size":"auto","background-attachment":"scroll","background-type":"","background-media":"","overlay-type":"","overlay-color":"","overlay-opacity":"","overlay-gradient":""},"mobile":{"background-color":"","background-image":"","background-repeat":"repeat","background-position":"center center","background-size":"auto","background-attachment":"scroll","background-type":"","background-media":"","overlay-type":"","overlay-color":"","overlay-opacity":"","overlay-gradient":""}},"ast-content-background-meta":{"desktop":{"background-color":"var(--ast-global-color-4)","background-image":"","background-repeat":"repeat","background-position":"center center","background-size":"auto","background-attachment":"scroll","background-type":"","background-media":"","overlay-type":"","overlay-color":"","overlay-opacity":"","overlay-gradient":""},"tablet":{"background-color":"var(--ast-global-color-4)","background-image":"","background-repeat":"repeat","background-position":"center center","background-size":"auto","background-attachment":"scroll","background-type":"","background-media":"","overlay-type":"","overlay-color":"","overlay-opacity":"","overlay-gradient":""},"mobile":{"background-color":"var(--ast-global-color-4)","background-image":"","background-repeat":"repeat","background-position":"center center","background-size":"auto","background-attachment":"scroll","background-type":"","background-media":"","overlay-type":"","overlay-color":"","overlay-opacity":"","overlay-gradient":""}},"footnotes":""},"categories":[11,19,1,10],"tags":[],"class_list":["post-72033","post","type-post","status-publish","format-standard","has-post-thumbnail","hentry","category-boletin","category-nacionales","category-noticias","category-rotador"],"yoast_head":"<!-- This site is optimized with the Yoast SEO Premium plugin v23.0 (Yoast SEO v27.5) - https:\/\/yoast.com\/product\/yoast-seo-premium-wordpress\/ -->\n<title>El Gobierno Nacional construir\u00e1 viviendas sustentables en todas las regiones bioclim\u00e1ticas<\/title>\n<meta name=\"robots\" content=\"index, follow, max-snippet:-1, max-image-preview:large, max-video-preview:-1\" \/>\n<link rel=\"canonical\" href=\"https:\/\/patagoniambiental.com.ar\/info\/el-gobierno-nacional-construira-viviendas-sustentables-en-todas-las-regiones-bioclimaticas-2\/\" \/>\n<meta property=\"og:locale\" content=\"es_ES\" \/>\n<meta property=\"og:type\" content=\"article\" \/>\n<meta property=\"og:title\" content=\"El Gobierno Nacional construir\u00e1 viviendas sustentables en todas las regiones bioclim\u00e1ticas\" \/>\n<meta property=\"og:url\" content=\"https:\/\/patagoniambiental.com.ar\/info\/el-gobierno-nacional-construira-viviendas-sustentables-en-todas-las-regiones-bioclimaticas-2\/\" \/>\n<meta property=\"og:site_name\" content=\"Patagonia Ambiental\" \/>\n<meta property=\"article:publisher\" content=\"https:\/\/www.facebook.com\/patagonia.ambiental\" \/>\n<meta property=\"article:published_time\" content=\"2021-04-25T10:00:00+00:00\" \/>\n<meta property=\"og:image\" content=\"https:\/\/patagoniambiental.com.ar\/info\/wp-content\/uploads\/2021\/04\/l_1619130881.jpg\" \/>\n\t<meta property=\"og:image:width\" content=\"900\" \/>\n\t<meta property=\"og:image:height\" content=\"600\" \/>\n\t<meta property=\"og:image:type\" content=\"image\/jpeg\" \/>\n<meta name=\"author\" content=\"BRAIAN ESTEVEZ\" \/>\n<meta name=\"twitter:card\" content=\"summary_large_image\" \/>\n<meta name=\"twitter:creator\" content=\"@PatAmb\" \/>\n<meta name=\"twitter:site\" content=\"@PatAmb\" \/>\n<script type=\"application\/ld+json\" class=\"yoast-schema-graph\">{\"@context\":\"https:\\\/\\\/schema.org\",\"@graph\":[{\"@type\":\"Article\",\"@id\":\"https:\\\/\\\/patagoniambiental.com.ar\\\/info\\\/el-gobierno-nacional-construira-viviendas-sustentables-en-todas-las-regiones-bioclimaticas-2\\\/#article\",\"isPartOf\":{\"@id\":\"https:\\\/\\\/patagoniambiental.com.ar\\\/info\\\/el-gobierno-nacional-construira-viviendas-sustentables-en-todas-las-regiones-bioclimaticas-2\\\/\"},\"author\":{\"name\":\"BRAIAN ESTEVEZ\",\"@id\":\"https:\\\/\\\/patagoniambiental.com.ar\\\/info\\\/#\\\/schema\\\/person\\\/e5af09d700b2e82cb10c6b8800e0c691\"},\"headline\":\"El Gobierno Nacional construir\u00e1 viviendas sustentables en todas las regiones bioclim\u00e1ticas\",\"datePublished\":\"2021-04-25T10:00:00+00:00\",\"mainEntityOfPage\":{\"@id\":\"https:\\\/\\\/patagoniambiental.com.ar\\\/info\\\/el-gobierno-nacional-construira-viviendas-sustentables-en-todas-las-regiones-bioclimaticas-2\\\/\"},\"wordCount\":275,\"commentCount\":0,\"publisher\":{\"@id\":\"https:\\\/\\\/patagoniambiental.com.ar\\\/info\\\/#organization\"},\"image\":{\"@id\":\"https:\\\/\\\/patagoniambiental.com.ar\\\/info\\\/el-gobierno-nacional-construira-viviendas-sustentables-en-todas-las-regiones-bioclimaticas-2\\\/#primaryimage\"},\"thumbnailUrl\":\"https:\\\/\\\/patagoniambiental.com.ar\\\/info\\\/wp-content\\\/uploads\\\/2021\\\/04\\\/l_1619130881.jpg\",\"articleSection\":[\"Bolet\u00edn\",\"Nacionales\",\"Noticias\",\"Rotador\"],\"inLanguage\":\"es\",\"potentialAction\":[{\"@type\":\"CommentAction\",\"name\":\"Comment\",\"target\":[\"https:\\\/\\\/patagoniambiental.com.ar\\\/info\\\/el-gobierno-nacional-construira-viviendas-sustentables-en-todas-las-regiones-bioclimaticas-2\\\/#respond\"]}]},{\"@type\":\"WebPage\",\"@id\":\"https:\\\/\\\/patagoniambiental.com.ar\\\/info\\\/el-gobierno-nacional-construira-viviendas-sustentables-en-todas-las-regiones-bioclimaticas-2\\\/\",\"url\":\"https:\\\/\\\/patagoniambiental.com.ar\\\/info\\\/el-gobierno-nacional-construira-viviendas-sustentables-en-todas-las-regiones-bioclimaticas-2\\\/\",\"name\":\"El Gobierno Nacional construir\u00e1 viviendas sustentables en todas las regiones bioclim\u00e1ticas\",\"isPartOf\":{\"@id\":\"https:\\\/\\\/patagoniambiental.com.ar\\\/info\\\/#website\"},\"primaryImageOfPage\":{\"@id\":\"https:\\\/\\\/patagoniambiental.com.ar\\\/info\\\/el-gobierno-nacional-construira-viviendas-sustentables-en-todas-las-regiones-bioclimaticas-2\\\/#primaryimage\"},\"image\":{\"@id\":\"https:\\\/\\\/patagoniambiental.com.ar\\\/info\\\/el-gobierno-nacional-construira-viviendas-sustentables-en-todas-las-regiones-bioclimaticas-2\\\/#primaryimage\"},\"thumbnailUrl\":\"https:\\\/\\\/patagoniambiental.com.ar\\\/info\\\/wp-content\\\/uploads\\\/2021\\\/04\\\/l_1619130881.jpg\",\"datePublished\":\"2021-04-25T10:00:00+00:00\",\"breadcrumb\":{\"@id\":\"https:\\\/\\\/patagoniambiental.com.ar\\\/info\\\/el-gobierno-nacional-construira-viviendas-sustentables-en-todas-las-regiones-bioclimaticas-2\\\/#breadcrumb\"},\"inLanguage\":\"es\",\"potentialAction\":[{\"@type\":\"ReadAction\",\"target\":[\"https:\\\/\\\/patagoniambiental.com.ar\\\/info\\\/el-gobierno-nacional-construira-viviendas-sustentables-en-todas-las-regiones-bioclimaticas-2\\\/\"]}]},{\"@type\":\"ImageObject\",\"inLanguage\":\"es\",\"@id\":\"https:\\\/\\\/patagoniambiental.com.ar\\\/info\\\/el-gobierno-nacional-construira-viviendas-sustentables-en-todas-las-regiones-bioclimaticas-2\\\/#primaryimage\",\"url\":\"https:\\\/\\\/patagoniambiental.com.ar\\\/info\\\/wp-content\\\/uploads\\\/2021\\\/04\\\/l_1619130881.jpg\",\"contentUrl\":\"https:\\\/\\\/patagoniambiental.com.ar\\\/info\\\/wp-content\\\/uploads\\\/2021\\\/04\\\/l_1619130881.jpg\",\"width\":900,\"height\":600},{\"@type\":\"BreadcrumbList\",\"@id\":\"https:\\\/\\\/patagoniambiental.com.ar\\\/info\\\/el-gobierno-nacional-construira-viviendas-sustentables-en-todas-las-regiones-bioclimaticas-2\\\/#breadcrumb\",\"itemListElement\":[{\"@type\":\"ListItem\",\"position\":1,\"name\":\"Inicio\",\"item\":\"https:\\\/\\\/patagoniambiental.com.ar\\\/info\\\/\"},{\"@type\":\"ListItem\",\"position\":2,\"name\":\"El Gobierno Nacional construir\u00e1 viviendas sustentables en todas las regiones bioclim\u00e1ticas\"}]},{\"@type\":\"WebSite\",\"@id\":\"https:\\\/\\\/patagoniambiental.com.ar\\\/info\\\/#website\",\"url\":\"https:\\\/\\\/patagoniambiental.com.ar\\\/info\\\/\",\"name\":\"Patagonia Ambiental\",\"description\":\"Monitoreo y an\u00e1lisis de la situaci\u00f3n geopol\u00edtica en el mundo y su implicancia en la Patagonia\",\"publisher\":{\"@id\":\"https:\\\/\\\/patagoniambiental.com.ar\\\/info\\\/#organization\"},\"potentialAction\":[{\"@type\":\"SearchAction\",\"target\":{\"@type\":\"EntryPoint\",\"urlTemplate\":\"https:\\\/\\\/patagoniambiental.com.ar\\\/info\\\/?s={search_term_string}\"},\"query-input\":{\"@type\":\"PropertyValueSpecification\",\"valueRequired\":true,\"valueName\":\"search_term_string\"}}],\"inLanguage\":\"es\"},{\"@type\":\"Organization\",\"@id\":\"https:\\\/\\\/patagoniambiental.com.ar\\\/info\\\/#organization\",\"name\":\"Patagonia Ambiental\",\"url\":\"https:\\\/\\\/patagoniambiental.com.ar\\\/info\\\/\",\"logo\":{\"@type\":\"ImageObject\",\"inLanguage\":\"es\",\"@id\":\"https:\\\/\\\/patagoniambiental.com.ar\\\/info\\\/#\\\/schema\\\/logo\\\/image\\\/\",\"url\":\"https:\\\/\\\/patagoniambiental.com.ar\\\/info\\\/wp-content\\\/uploads\\\/2025\\\/05\\\/LOGO-PATAGONIA-AMBIENTAL.png\",\"contentUrl\":\"https:\\\/\\\/patagoniambiental.com.ar\\\/info\\\/wp-content\\\/uploads\\\/2025\\\/05\\\/LOGO-PATAGONIA-AMBIENTAL.png\",\"width\":433,\"height\":250,\"caption\":\"Patagonia Ambiental\"},\"image\":{\"@id\":\"https:\\\/\\\/patagoniambiental.com.ar\\\/info\\\/#\\\/schema\\\/logo\\\/image\\\/\"},\"sameAs\":[\"https:\\\/\\\/www.facebook.com\\\/patagonia.ambiental\",\"https:\\\/\\\/x.com\\\/PatAmb\"]},{\"@type\":\"Person\",\"@id\":\"https:\\\/\\\/patagoniambiental.com.ar\\\/info\\\/#\\\/schema\\\/person\\\/e5af09d700b2e82cb10c6b8800e0c691\",\"name\":\"BRAIAN ESTEVEZ\",\"sameAs\":[\"http:\\\/\\\/www.patagoniambiental.com.ar\"]}]}<\/script>\n<!-- \/ Yoast SEO Premium plugin. -->","yoast_head_json":{"title":"El Gobierno Nacional construir\u00e1 viviendas sustentables en todas las regiones bioclim\u00e1ticas","robots":{"index":"index","follow":"follow","max-snippet":"max-snippet:-1","max-image-preview":"max-image-preview:large","max-video-preview":"max-video-preview:-1"},"canonical":"https:\/\/patagoniambiental.com.ar\/info\/el-gobierno-nacional-construira-viviendas-sustentables-en-todas-las-regiones-bioclimaticas-2\/","og_locale":"es_ES","og_type":"article","og_title":"El Gobierno Nacional construir\u00e1 viviendas sustentables en todas las regiones bioclim\u00e1ticas","og_url":"https:\/\/patagoniambiental.com.ar\/info\/el-gobierno-nacional-construira-viviendas-sustentables-en-todas-las-regiones-bioclimaticas-2\/","og_site_name":"Patagonia Ambiental","article_publisher":"https:\/\/www.facebook.com\/patagonia.ambiental","article_published_time":"2021-04-25T10:00:00+00:00","og_image":[{"width":900,"height":600,"url":"https:\/\/patagoniambiental.com.ar\/info\/wp-content\/uploads\/2021\/04\/l_1619130881.jpg","type":"image\/jpeg"}],"author":"BRAIAN ESTEVEZ","twitter_card":"summary_large_image","twitter_creator":"@PatAmb","twitter_site":"@PatAmb","schema":{"@context":"https:\/\/schema.org","@graph":[{"@type":"Article","@id":"https:\/\/patagoniambiental.com.ar\/info\/el-gobierno-nacional-construira-viviendas-sustentables-en-todas-las-regiones-bioclimaticas-2\/#article","isPartOf":{"@id":"https:\/\/patagoniambiental.com.ar\/info\/el-gobierno-nacional-construira-viviendas-sustentables-en-todas-las-regiones-bioclimaticas-2\/"},"author":{"name":"BRAIAN ESTEVEZ","@id":"https:\/\/patagoniambiental.com.ar\/info\/#\/schema\/person\/e5af09d700b2e82cb10c6b8800e0c691"},"headline":"El Gobierno Nacional construir\u00e1 viviendas sustentables en todas las regiones bioclim\u00e1ticas","datePublished":"2021-04-25T10:00:00+00:00","mainEntityOfPage":{"@id":"https:\/\/patagoniambiental.com.ar\/info\/el-gobierno-nacional-construira-viviendas-sustentables-en-todas-las-regiones-bioclimaticas-2\/"},"wordCount":275,"commentCount":0,"publisher":{"@id":"https:\/\/patagoniambiental.com.ar\/info\/#organization"},"image":{"@id":"https:\/\/patagoniambiental.com.ar\/info\/el-gobierno-nacional-construira-viviendas-sustentables-en-todas-las-regiones-bioclimaticas-2\/#primaryimage"},"thumbnailUrl":"https:\/\/patagoniambiental.com.ar\/info\/wp-content\/uploads\/2021\/04\/l_1619130881.jpg","articleSection":["Bolet\u00edn","Nacionales","Noticias","Rotador"],"inLanguage":"es","potentialAction":[{"@type":"CommentAction","name":"Comment","target":["https:\/\/patagoniambiental.com.ar\/info\/el-gobierno-nacional-construira-viviendas-sustentables-en-todas-las-regiones-bioclimaticas-2\/#respond"]}]},{"@type":"WebPage","@id":"https:\/\/patagoniambiental.com.ar\/info\/el-gobierno-nacional-construira-viviendas-sustentables-en-todas-las-regiones-bioclimaticas-2\/","url":"https:\/\/patagoniambiental.com.ar\/info\/el-gobierno-nacional-construira-viviendas-sustentables-en-todas-las-regiones-bioclimaticas-2\/","name":"El Gobierno Nacional construir\u00e1 viviendas sustentables en todas las regiones bioclim\u00e1ticas","isPartOf":{"@id":"https:\/\/patagoniambiental.com.ar\/info\/#website"},"primaryImageOfPage":{"@id":"https:\/\/patagoniambiental.com.ar\/info\/el-gobierno-nacional-construira-viviendas-sustentables-en-todas-las-regiones-bioclimaticas-2\/#primaryimage"},"image":{"@id":"https:\/\/patagoniambiental.com.ar\/info\/el-gobierno-nacional-construira-viviendas-sustentables-en-todas-las-regiones-bioclimaticas-2\/#primaryimage"},"thumbnailUrl":"https:\/\/patagoniambiental.com.ar\/info\/wp-content\/uploads\/2021\/04\/l_1619130881.jpg","datePublished":"2021-04-25T10:00:00+00:00","breadcrumb":{"@id":"https:\/\/patagoniambiental.com.ar\/info\/el-gobierno-nacional-construira-viviendas-sustentables-en-todas-las-regiones-bioclimaticas-2\/#breadcrumb"},"inLanguage":"es","potentialAction":[{"@type":"ReadAction","target":["https:\/\/patagoniambiental.com.ar\/info\/el-gobierno-nacional-construira-viviendas-sustentables-en-todas-las-regiones-bioclimaticas-2\/"]}]},{"@type":"ImageObject","inLanguage":"es","@id":"https:\/\/patagoniambiental.com.ar\/info\/el-gobierno-nacional-construira-viviendas-sustentables-en-todas-las-regiones-bioclimaticas-2\/#primaryimage","url":"https:\/\/patagoniambiental.com.ar\/info\/wp-content\/uploads\/2021\/04\/l_1619130881.jpg","contentUrl":"https:\/\/patagoniambiental.com.ar\/info\/wp-content\/uploads\/2021\/04\/l_1619130881.jpg","width":900,"height":600},{"@type":"BreadcrumbList","@id":"https:\/\/patagoniambiental.com.ar\/info\/el-gobierno-nacional-construira-viviendas-sustentables-en-todas-las-regiones-bioclimaticas-2\/#breadcrumb","itemListElement":[{"@type":"ListItem","position":1,"name":"Inicio","item":"https:\/\/patagoniambiental.com.ar\/info\/"},{"@type":"ListItem","position":2,"name":"El Gobierno Nacional construir\u00e1 viviendas sustentables en todas las regiones bioclim\u00e1ticas"}]},{"@type":"WebSite","@id":"https:\/\/patagoniambiental.com.ar\/info\/#website","url":"https:\/\/patagoniambiental.com.ar\/info\/","name":"Patagonia Ambiental","description":"Monitoreo y an\u00e1lisis de la situaci\u00f3n geopol\u00edtica en el mundo y su implicancia en la Patagonia","publisher":{"@id":"https:\/\/patagoniambiental.com.ar\/info\/#organization"},"potentialAction":[{"@type":"SearchAction","target":{"@type":"EntryPoint","urlTemplate":"https:\/\/patagoniambiental.com.ar\/info\/?s={search_term_string}"},"query-input":{"@type":"PropertyValueSpecification","valueRequired":true,"valueName":"search_term_string"}}],"inLanguage":"es"},{"@type":"Organization","@id":"https:\/\/patagoniambiental.com.ar\/info\/#organization","name":"Patagonia Ambiental","url":"https:\/\/patagoniambiental.com.ar\/info\/","logo":{"@type":"ImageObject","inLanguage":"es","@id":"https:\/\/patagoniambiental.com.ar\/info\/#\/schema\/logo\/image\/","url":"https:\/\/patagoniambiental.com.ar\/info\/wp-content\/uploads\/2025\/05\/LOGO-PATAGONIA-AMBIENTAL.png","contentUrl":"https:\/\/patagoniambiental.com.ar\/info\/wp-content\/uploads\/2025\/05\/LOGO-PATAGONIA-AMBIENTAL.png","width":433,"height":250,"caption":"Patagonia Ambiental"},"image":{"@id":"https:\/\/patagoniambiental.com.ar\/info\/#\/schema\/logo\/image\/"},"sameAs":["https:\/\/www.facebook.com\/patagonia.ambiental","https:\/\/x.com\/PatAmb"]},{"@type":"Person","@id":"https:\/\/patagoniambiental.com.ar\/info\/#\/schema\/person\/e5af09d700b2e82cb10c6b8800e0c691","name":"BRAIAN ESTEVEZ","sameAs":["http:\/\/www.patagoniambiental.com.ar"]}]}},"_links":{"self":[{"href":"https:\/\/patagoniambiental.com.ar\/info\/wp-json\/wp\/v2\/posts\/72033","targetHints":{"allow":["GET"]}}],"collection":[{"href":"https:\/\/patagoniambiental.com.ar\/info\/wp-json\/wp\/v2\/posts"}],"about":[{"href":"https:\/\/patagoniambiental.com.ar\/info\/wp-json\/wp\/v2\/types\/post"}],"author":[{"embeddable":true,"href":"https:\/\/patagoniambiental.com.ar\/info\/wp-json\/wp\/v2\/users\/6"}],"replies":[{"embeddable":true,"href":"https:\/\/patagoniambiental.com.ar\/info\/wp-json\/wp\/v2\/comments?post=72033"}],"version-history":[{"count":0,"href":"https:\/\/patagoniambiental.com.ar\/info\/wp-json\/wp\/v2\/posts\/72033\/revisions"}],"wp:featuredmedia":[{"embeddable":true,"href":"https:\/\/patagoniambiental.com.ar\/info\/wp-json\/wp\/v2\/media\/72034"}],"wp:attachment":[{"href":"https:\/\/patagoniambiental.com.ar\/info\/wp-json\/wp\/v2\/media?parent=72033"}],"wp:term":[{"taxonomy":"category","embeddable":true,"href":"https:\/\/patagoniambiental.com.ar\/info\/wp-json\/wp\/v2\/categories?post=72033"},{"taxonomy":"post_tag","embeddable":true,"href":"https:\/\/patagoniambiental.com.ar\/info\/wp-json\/wp\/v2\/tags?post=72033"}],"curies":[{"name":"wp","href":"https:\/\/api.w.org\/{rel}","templated":true}]}}