{"id":72142,"date":"2021-05-03T09:53:40","date_gmt":"2021-05-03T12:53:40","guid":{"rendered":"http:\/\/patagoniambiental.com.ar\/info\/?p=72142"},"modified":"2021-05-03T09:53:42","modified_gmt":"2021-05-03T12:53:42","slug":"gustavo-casas-el-paso-el-manso-se-convierte-en-algo-estrategico-va-a-ser-el-nuevo-hito-que-modificara-la-realidad-economica-social-cultural-de-toda-la-region-sur","status":"publish","type":"post","link":"https:\/\/patagoniambiental.com.ar\/info\/gustavo-casas-el-paso-el-manso-se-convierte-en-algo-estrategico-va-a-ser-el-nuevo-hito-que-modificara-la-realidad-economica-social-cultural-de-toda-la-region-sur\/","title":{"rendered":"GUSTAVO CASAS \u201cEl Paso El Manso se convierte en algo estrat\u00e9gico. Va a ser el nuevo hito que modificara la realidad econ\u00f3mica, social, cultural de toda la regi\u00f3n sur.\u201d"},"content":{"rendered":"\n<!--more-->\n\n\n\n<p>Patagonia Ambiental entrevisto al Arq. Gustavo Casas Jefe del Distrito 20 de Vialidad Nacional con quien repasamos los proyectos vinculados al Corredor Bioceanico Norpatagonico y al desarrollo provincial como la finalizaci\u00f3n de la Ruta Nacional 23 y la apertura del Paso Internacional El Manso que nos conectara con Chile. Esto nos contaba:<\/p>\n\n\n\n<ul class=\"wp-block-list\"><li><strong>\u00bfQu\u00e9 proyectos hay en agenda para la Provincia de Rio Negro en esta gesti\u00f3n de vialidad Nacional (Distrito 20)?<\/strong><\/li><\/ul>\n\n\n\n<p>Tenemos tres rutas sobre las cuales estamos poniendo todo lo que hay que poner la energ\u00eda. Conseguir el recurso econ\u00f3mico que son las principales para la provincia de Rio Negro, la 22 donde todav\u00eda estamos tratando de destrabar dos zonas, firmando actas de acuerdo con el intendente de Cipolletti y de Gral. Roca. Es la ruta de la Patagonia m\u00e1s importante en lo econ\u00f3mico\u00a0 y demogr\u00e1fico. La 151 que se termin\u00f3 una licitaci\u00f3n que no logro llegar al punto final, se dio de baja y empezamos a trabajar sobre la conectividad entre Cipolletti y Catriel. En cinco meses m\u00e1s estamos licitando parte de ello y pensando a futuro una autov\u00eda entre Cinco Saltos y Cipolletti. Pero la ruta que nos interesa, la m\u00e1s rionegrina de todas es la 23 \u00a0donde varias generaciones han querido desarrollarla con asfalto, es la columna vertebral rionegrina de este a oeste y desde Bariloche a la Costa atl\u00e1ntica vamos a estar en seis horas. Esto cambia la estructura, la forma de pensar y como vamos a desarrollar la regi\u00f3n sur que tendr\u00e1 que empezar a dise\u00f1ar un modelo y yo siempre digo que lo tienen que dise\u00f1ar ellos.<\/p>\n\n\n\n<ul class=\"wp-block-list\"><li><strong>Dentro de esos proyectos est\u00e1 la conexi\u00f3n con Chile a trav\u00e9s de la apertura del paso internacional El manso dentro del Corredor Bioce\u00e1nico Norpatagonico. En octubre de 2020 la gobernadora Carreras anuncio que los fondos de naci\u00f3n para la apertura de dicho paso ya estaban comprometidos para el presupuesto 2021 \u00bfEsos fondos que abarcaran?  \u00bfPara cu\u00e1ndo se prev\u00e9 que estar\u00e1 listo el Paso El Manso para cruzar al vecino pa\u00eds?<\/strong><\/li><\/ul>\n\n\n\n<p>Est\u00e1 en el Gobierno Nacional la idea de la conectividad y estamos acompa\u00f1ando esa decisi\u00f3n con esta terminaci\u00f3n de la Ruta Nacional 23 despu\u00e9s de tantos a\u00f1os y \u00faltimamente de abandono. Hay una pol\u00edtica nacional de encuentro de estos 2 pa\u00edses que tienen una estructura de la cordillera que hace que tengamos un l\u00edmite extens\u00edsimo y lo mejor que hay es que trabajemos juntos en el desarrollo com\u00fan que tenemos ambos pueblos. El Paso El Manso se convierte en algo estrat\u00e9gico. Va a ser el nuevo hito que modificara la realidad econ\u00f3mica, social, cultural de toda la regi\u00f3n sur. Y a eso iba cuando quer\u00eda comentar que los habitantes de la regi\u00f3n sur tienen que empezar a pensar en un desarrollo de crecimiento propio. Significa que va a pasar un recurso humano, demogr\u00e1fico y econ\u00f3mico que va a venir del oeste con casi 4 millones de habitantes en no menos de 200 km cosa que en la Patagonia tenemos 2 en 3 mil km. As\u00ed que ese flujo van a venir empresarios van a ver nuestra regi\u00f3n van a pensar en el desarrollo tur\u00edstico, en la peque\u00f1a y mediana miner\u00eda, en lavaderos de lana como tiene Chubut y tambi\u00e9n hay que repensar para la juventud porque el asfalto a veces hace que los j\u00f3venes se vayan para Viedma para Bariloche o el Alto Valle y nosotros queremos que el asfalto se piense con un desarrollo y tambi\u00e9n que naci\u00f3n, provincia y municipios est\u00e9n atentos a las cuestiones de inversi\u00f3n. Inversi\u00f3n que tenemos que empezar a pensar que quien se radica ah\u00ed tiene que tener un beneficio impositivo important\u00edsimo porque son los primeros asentamientos donde tenemos que convocar y atraer a la energ\u00eda econ\u00f3mica para generar recursos. Yo siempre digo que Vialidad no es un poco de mezcla asf\u00e1ltica ni un tambor de hormig\u00f3n. Es una conectividad cultural familiar pero b\u00e1sicamente hace al crecimiento y desarrollo econ\u00f3mico de nuestros pueblos. Esa es la integraci\u00f3n que nosotros estamos buscando cuando hacemos una ruta.<\/p>\n\n\n\n<ul class=\"wp-block-list\"><li><strong>\u00bfSe apunta al uso tur\u00edstico el Paso El manso?<\/strong><\/li><\/ul>\n\n\n\n<p>S\u00ed. La primera etapa va a ser para desarrollo tur\u00edstico. Esto es lo que se viene charlando con el pueblo hermano de Chile y creo que va a ser significante pero aquel empresario que venga a visitar nuestras costas atl\u00e1ntica, la m\u00e1s bella de toda la Argentina y empiece a recorrer este lugar tan bello como es la regi\u00f3n sur, &nbsp;atractivo y sobe todo para los que vienen de las grandes urbes, verlo distinto ver la fauna la flora ver el cielo la tranquilidad y un valor la seguridad los va a atraer los va a atrapar y creo que van a empezar a radicar importantes centros de crecimiento de desarrollo y del punto de vista empresarial la generaci\u00f3n de riqueza y trabajo. Esa es la idea fuerza que tenemos con el Paso El Manso. Es un paso donde del otro lado en Chile hay en menos de 200 km hay 4 millones de habitantes. Nosotros tenemos charlas con las c\u00e1maras de comercio c\u00e1maras hoteleras, gremios, organizaciones intermedias y en Bariloche les dec\u00eda \u201cprep\u00e1rense para duplicar la cantidad de hoteles\u201d, esperen los inversionistas. Lo mismo en El Bols\u00f3n y lo mismo toda la regi\u00f3n sur. Yo creo que tienen que estar atentos, hay momentos especiales en la vida que tienen que aprovecharlos y para beneficio de ellos de todas las generaciones que vienen. Mucho tiempo esperando mucho tiempo de cenicienta les va a tocar a ellos estar al frente de esta gran transformaci\u00f3n.<\/p>\n\n\n\n<ul class=\"wp-block-list\"><li><strong>Para la apertura de cualquier paso binacional, las rutas provinciales deben pasar a jurisdicci\u00f3n de la naci\u00f3n, o sea rutas nacionales, \u00bfHay alg\u00fan principio de acuerdo entre las dos vialidades nacional y provincial en ese sentido para el traspaso de jurisdicci\u00f3n de la Ruta Provincial 83?<\/strong><\/li><\/ul>\n\n\n\n<p>En principio b\u00e1sicamente, yo hace un a\u00f1o que asum\u00ed ac\u00e1, en los primeros 2-3 meses ya mande una nota a Vialidad Provincial con la cual tenemos una relaci\u00f3n espectacular pidi\u00e9ndole todo lo referente al Paso El Manso y a la Ruta 1 porque la complementariedad tiene mucho sentido. Yo creo que el chileno va a buscar la costa atl\u00e1ntica y en ese paso va a dejar su visita y su conocimiento de toda esta regi\u00f3n la posibilidad de invertir a futuro. En la costa atl\u00e1ntica tenemos m\u00e1s de 300 km de playas que si trabajamos en sinton\u00eda con provincia termina el acueducto tur\u00edstico y nosotros ponemos algo de recurso econ\u00f3mico para hacer 15 km por a\u00f1o podemos asfaltar toda la ruta 1 que une todas las playas nuestras y definir urban\u00edsticamente los asentamientos actuales consolidarlos, tipo Bah\u00eda Creek, Lober\u00eda, Pozo salado y generar espacios definidos por nuevos asentamientos para la localizaci\u00f3n de la industria tur\u00edstica de tan r\u00e1pida generaci\u00f3n de riqueza y de trabajo. Adem\u00e1s estamos dispuestos a trabajar en conjunto con la provincia, mediante un acuerdo, para abrir la Ruta Provincial N\u00b02 para poder llegar al \u00c1rea Natural Protegida &nbsp;Islote Lobos y que todos puedan disfrutarla.<\/p>\n\n\n\n<ul class=\"wp-block-list\"><li><strong>\u00bfC\u00f3mo impactara en la econom\u00eda, el medio ambiente y en el turismo provincial la apertura del Paso Internacional El Manso?<\/strong><\/li><\/ul>\n\n\n\n<p>Va a impactar de sobremanera. Yo creo que ni nosotros estamos con capacidad de evaluar el gran impacto que va a tener. Yo no s\u00e9 si Bariloche y Bols\u00f3n se van a triplicar pero si s\u00e9 que se va a quintuplicar la regi\u00f3n sur. Donde antes pasaban tres autos van a pasar 300. Tambi\u00e9n toda la costa atl\u00e1ntica desde Viedma, la costa de Sierra Grande, Playas Doradas yo creo que van&nbsp; a tener que estar atentos porque van&nbsp; a venir un cumulo de recursos econ\u00f3micos para venir a instalar una industria que no tiene chimenea que no es agresiva con el medio ambiente y que tanto trabajo genera y es de por vida y no destruye el medio ambiente y es uno de los valores m\u00e1s importantes que tenemos los rionegrinos. Yo digo que Dios ha sido exageradamente generoso con esta provincia. No hay nada que no tenga de belleza de posibilidades econ\u00f3micas de desarrollo y nosotros no es que estamos pidiendo una migaja a naci\u00f3n, estamos entregando energ\u00eda petr\u00f3leo piscicultura, pesca, desarrollo tur\u00edstico. Vialidad Nacional ya no es la mesa de entrada de Buenos Aires, tiene la camiseta rionegrina y por eso es la que hace propuestas a todas las regionales, distritos que son escuchadas gratamente a nivel nacional. Ahora hay recursos para Rio Negro para Santa Cruz para Chaco en lugares que pareciera que no fueran argentinos.<\/p>\n\n\n\n<ul class=\"wp-block-list\"><li><strong>Hace unos a\u00f1os atr\u00e1s se pretend\u00eda abrir el Paso del lado de Chile con una empresa privada que iba a desarrollar un complejo hidroel\u00e9ctrico pero por cuestiones ambientales se fren\u00f3 \u00bfC\u00f3mo est\u00e1 actualmente la situaci\u00f3n de las obras del lado chileno denominado El le\u00f3n? <\/strong>Nosotros no somos de lo que se haya hecho antes borr\u00f3n y cuenta nueva, al contrario. Hay muchos aciertos que tenemos que seguirlos y acompa\u00f1arlos. Entonces donde haya una cuesti\u00f3n que imposibilita este desarrollo por supuesto buscaremos universidades ONG, organizaciones intermedias con mucho respeto con todas las organizaciones y con todos los que viven en el lugar. No va a ser nuestra posici\u00f3n avallasadora por condiciones clim\u00e1ticas ambientales culturales en ning\u00fan pueblo que este a la vera de este camino que estamos proponiendo. Porque el camino es conectividad. Va a servir tanto para el desarrollo de los pueblos vecinos de esta ruta como a los dos pa\u00edses y b\u00e1sicamente a la provincia de Rio Negro.<\/li><\/ul>\n\n\n\n<ul class=\"wp-block-list\"><li><strong>\u00bfHay alg\u00fan acuerdo entre el presidente Fern\u00e1ndez y el Presidente Sebasti\u00e1n Pi\u00f1era para que las obras se lleven delante de forma simult\u00e1nea en ambos lados de la cordillera?<\/strong><\/li><\/ul>\n\n\n\n<p>No sabr\u00eda decirte pero creo que al principio fue uno de los temas, este y algunas represas que andan por la provincia de Rio Negro. No tengo un seguimiento pero siempre creo que la conciencia hay que crearla de abajo hacia arriba. Si nosotros, los que estamos trabajando ac\u00e1 y los rionegrinos se apropian de este proyecto, el proyecto se hace. Ahora si es una l\u00ednea m\u00e1s un peso m\u00e1s que va a caer como manada del cielo es un proyecto que no sirve, o es nuestro o es nuestro. No hay posibilidad de que seamos los administradores de un proyecto que este pensado en otro lugar.<\/p>\n\n\n\n<p><\/p>\n","protected":false},"excerpt":{"rendered":"","protected":false},"author":6,"featured_media":72143,"comment_status":"open","ping_status":"open","sticky":false,"template":"","format":"standard","meta":{"site-sidebar-layout":"default","site-content-layout":"","ast-site-content-layout":"default","site-content-style":"default","site-sidebar-style":"default","ast-global-header-display":"","ast-banner-title-visibility":"","ast-main-header-display":"","ast-hfb-above-header-display":"","ast-hfb-below-header-display":"","ast-hfb-mobile-header-display":"","site-post-title":"","ast-breadcrumbs-content":"","ast-featured-img":"","footer-sml-layout":"","ast-disable-related-posts":"","theme-transparent-header-meta":"","adv-header-id-meta":"","stick-header-meta":"","header-above-stick-meta":"","header-main-stick-meta":"","header-below-stick-meta":"","astra-migrate-meta-layouts":"default","ast-page-background-enabled":"default","ast-page-background-meta":{"desktop":{"background-color":"var(--ast-global-color-5)","background-image":"","background-repeat":"repeat","background-position":"center center","background-size":"auto","background-attachment":"scroll","background-type":"","background-media":"","overlay-type":"","overlay-color":"","overlay-opacity":"","overlay-gradient":""},"tablet":{"background-color":"","background-image":"","background-repeat":"repeat","background-position":"center center","background-size":"auto","background-attachment":"scroll","background-type":"","background-media":"","overlay-type":"","overlay-color":"","overlay-opacity":"","overlay-gradient":""},"mobile":{"background-color":"","background-image":"","background-repeat":"repeat","background-position":"center center","background-size":"auto","background-attachment":"scroll","background-type":"","background-media":"","overlay-type":"","overlay-color":"","overlay-opacity":"","overlay-gradient":""}},"ast-content-background-meta":{"desktop":{"background-color":"var(--ast-global-color-4)","background-image":"","background-repeat":"repeat","background-position":"center center","background-size":"auto","background-attachment":"scroll","background-type":"","background-media":"","overlay-type":"","overlay-color":"","overlay-opacity":"","overlay-gradient":""},"tablet":{"background-color":"var(--ast-global-color-4)","background-image":"","background-repeat":"repeat","background-position":"center center","background-size":"auto","background-attachment":"scroll","background-type":"","background-media":"","overlay-type":"","overlay-color":"","overlay-opacity":"","overlay-gradient":""},"mobile":{"background-color":"var(--ast-global-color-4)","background-image":"","background-repeat":"repeat","background-position":"center center","background-size":"auto","background-attachment":"scroll","background-type":"","background-media":"","overlay-type":"","overlay-color":"","overlay-opacity":"","overlay-gradient":""}},"footnotes":""},"categories":[11,51,1,10],"tags":[],"class_list":["post-72142","post","type-post","status-publish","format-standard","has-post-thumbnail","hentry","category-boletin","category-entrevistas","category-noticias","category-rotador"],"yoast_head":"<!-- This site is optimized with the Yoast SEO Premium plugin v23.0 (Yoast SEO v27.5) - https:\/\/yoast.com\/product\/yoast-seo-premium-wordpress\/ -->\n<title>GUSTAVO CASAS \u201cEl Paso El Manso se convierte en algo estrat\u00e9gico. Va a ser el nuevo hito que modificara la realidad econ\u00f3mica, social, cultural de toda la regi\u00f3n sur.\u201d<\/title>\n<meta name=\"robots\" content=\"index, follow, max-snippet:-1, max-image-preview:large, max-video-preview:-1\" \/>\n<link rel=\"canonical\" href=\"https:\/\/patagoniambiental.com.ar\/info\/gustavo-casas-el-paso-el-manso-se-convierte-en-algo-estrategico-va-a-ser-el-nuevo-hito-que-modificara-la-realidad-economica-social-cultural-de-toda-la-region-sur\/\" \/>\n<meta property=\"og:locale\" content=\"es_ES\" \/>\n<meta property=\"og:type\" content=\"article\" \/>\n<meta property=\"og:title\" content=\"GUSTAVO CASAS \u201cEl Paso El Manso se convierte en algo estrat\u00e9gico. Va a ser el nuevo hito que modificara la realidad econ\u00f3mica, social, cultural de toda la regi\u00f3n sur.\u201d\" \/>\n<meta property=\"og:url\" content=\"https:\/\/patagoniambiental.com.ar\/info\/gustavo-casas-el-paso-el-manso-se-convierte-en-algo-estrategico-va-a-ser-el-nuevo-hito-que-modificara-la-realidad-economica-social-cultural-de-toda-la-region-sur\/\" \/>\n<meta property=\"og:site_name\" content=\"Patagonia Ambiental\" \/>\n<meta property=\"article:publisher\" content=\"https:\/\/www.facebook.com\/patagonia.ambiental\" \/>\n<meta property=\"article:published_time\" content=\"2021-05-03T12:53:40+00:00\" \/>\n<meta property=\"article:modified_time\" content=\"2021-05-03T12:53:42+00:00\" \/>\n<meta property=\"og:image\" content=\"https:\/\/patagoniambiental.com.ar\/info\/wp-content\/uploads\/2021\/05\/DSC05153.jpg\" \/>\n\t<meta property=\"og:image:width\" content=\"1000\" \/>\n\t<meta property=\"og:image:height\" content=\"750\" \/>\n\t<meta property=\"og:image:type\" content=\"image\/jpeg\" \/>\n<meta name=\"author\" content=\"BRAIAN ESTEVEZ\" \/>\n<meta name=\"twitter:card\" content=\"summary_large_image\" \/>\n<meta name=\"twitter:creator\" content=\"@PatAmb\" \/>\n<meta name=\"twitter:site\" content=\"@PatAmb\" \/>\n<script type=\"application\/ld+json\" class=\"yoast-schema-graph\">{\"@context\":\"https:\\\/\\\/schema.org\",\"@graph\":[{\"@type\":\"Article\",\"@id\":\"https:\\\/\\\/patagoniambiental.com.ar\\\/info\\\/gustavo-casas-el-paso-el-manso-se-convierte-en-algo-estrategico-va-a-ser-el-nuevo-hito-que-modificara-la-realidad-economica-social-cultural-de-toda-la-region-sur\\\/#article\",\"isPartOf\":{\"@id\":\"https:\\\/\\\/patagoniambiental.com.ar\\\/info\\\/gustavo-casas-el-paso-el-manso-se-convierte-en-algo-estrategico-va-a-ser-el-nuevo-hito-que-modificara-la-realidad-economica-social-cultural-de-toda-la-region-sur\\\/\"},\"author\":{\"name\":\"BRAIAN ESTEVEZ\",\"@id\":\"https:\\\/\\\/patagoniambiental.com.ar\\\/info\\\/#\\\/schema\\\/person\\\/e5af09d700b2e82cb10c6b8800e0c691\"},\"headline\":\"GUSTAVO CASAS \u201cEl Paso El Manso se convierte en algo estrat\u00e9gico. Va a ser el nuevo hito que modificara la realidad econ\u00f3mica, social, cultural de toda la regi\u00f3n sur.\u201d\",\"datePublished\":\"2021-05-03T12:53:40+00:00\",\"dateModified\":\"2021-05-03T12:53:42+00:00\",\"mainEntityOfPage\":{\"@id\":\"https:\\\/\\\/patagoniambiental.com.ar\\\/info\\\/gustavo-casas-el-paso-el-manso-se-convierte-en-algo-estrategico-va-a-ser-el-nuevo-hito-que-modificara-la-realidad-economica-social-cultural-de-toda-la-region-sur\\\/\"},\"wordCount\":1849,\"commentCount\":0,\"publisher\":{\"@id\":\"https:\\\/\\\/patagoniambiental.com.ar\\\/info\\\/#organization\"},\"image\":{\"@id\":\"https:\\\/\\\/patagoniambiental.com.ar\\\/info\\\/gustavo-casas-el-paso-el-manso-se-convierte-en-algo-estrategico-va-a-ser-el-nuevo-hito-que-modificara-la-realidad-economica-social-cultural-de-toda-la-region-sur\\\/#primaryimage\"},\"thumbnailUrl\":\"https:\\\/\\\/patagoniambiental.com.ar\\\/info\\\/wp-content\\\/uploads\\\/2021\\\/05\\\/DSC05153.jpg\",\"articleSection\":[\"Bolet\u00edn\",\"Entrevistas\",\"Noticias\",\"Rotador\"],\"inLanguage\":\"es\",\"potentialAction\":[{\"@type\":\"CommentAction\",\"name\":\"Comment\",\"target\":[\"https:\\\/\\\/patagoniambiental.com.ar\\\/info\\\/gustavo-casas-el-paso-el-manso-se-convierte-en-algo-estrategico-va-a-ser-el-nuevo-hito-que-modificara-la-realidad-economica-social-cultural-de-toda-la-region-sur\\\/#respond\"]}]},{\"@type\":\"WebPage\",\"@id\":\"https:\\\/\\\/patagoniambiental.com.ar\\\/info\\\/gustavo-casas-el-paso-el-manso-se-convierte-en-algo-estrategico-va-a-ser-el-nuevo-hito-que-modificara-la-realidad-economica-social-cultural-de-toda-la-region-sur\\\/\",\"url\":\"https:\\\/\\\/patagoniambiental.com.ar\\\/info\\\/gustavo-casas-el-paso-el-manso-se-convierte-en-algo-estrategico-va-a-ser-el-nuevo-hito-que-modificara-la-realidad-economica-social-cultural-de-toda-la-region-sur\\\/\",\"name\":\"GUSTAVO CASAS \u201cEl Paso El Manso se convierte en algo estrat\u00e9gico. Va a ser el nuevo hito que modificara la realidad econ\u00f3mica, social, cultural de toda la regi\u00f3n sur.\u201d\",\"isPartOf\":{\"@id\":\"https:\\\/\\\/patagoniambiental.com.ar\\\/info\\\/#website\"},\"primaryImageOfPage\":{\"@id\":\"https:\\\/\\\/patagoniambiental.com.ar\\\/info\\\/gustavo-casas-el-paso-el-manso-se-convierte-en-algo-estrategico-va-a-ser-el-nuevo-hito-que-modificara-la-realidad-economica-social-cultural-de-toda-la-region-sur\\\/#primaryimage\"},\"image\":{\"@id\":\"https:\\\/\\\/patagoniambiental.com.ar\\\/info\\\/gustavo-casas-el-paso-el-manso-se-convierte-en-algo-estrategico-va-a-ser-el-nuevo-hito-que-modificara-la-realidad-economica-social-cultural-de-toda-la-region-sur\\\/#primaryimage\"},\"thumbnailUrl\":\"https:\\\/\\\/patagoniambiental.com.ar\\\/info\\\/wp-content\\\/uploads\\\/2021\\\/05\\\/DSC05153.jpg\",\"datePublished\":\"2021-05-03T12:53:40+00:00\",\"dateModified\":\"2021-05-03T12:53:42+00:00\",\"breadcrumb\":{\"@id\":\"https:\\\/\\\/patagoniambiental.com.ar\\\/info\\\/gustavo-casas-el-paso-el-manso-se-convierte-en-algo-estrategico-va-a-ser-el-nuevo-hito-que-modificara-la-realidad-economica-social-cultural-de-toda-la-region-sur\\\/#breadcrumb\"},\"inLanguage\":\"es\",\"potentialAction\":[{\"@type\":\"ReadAction\",\"target\":[\"https:\\\/\\\/patagoniambiental.com.ar\\\/info\\\/gustavo-casas-el-paso-el-manso-se-convierte-en-algo-estrategico-va-a-ser-el-nuevo-hito-que-modificara-la-realidad-economica-social-cultural-de-toda-la-region-sur\\\/\"]}]},{\"@type\":\"ImageObject\",\"inLanguage\":\"es\",\"@id\":\"https:\\\/\\\/patagoniambiental.com.ar\\\/info\\\/gustavo-casas-el-paso-el-manso-se-convierte-en-algo-estrategico-va-a-ser-el-nuevo-hito-que-modificara-la-realidad-economica-social-cultural-de-toda-la-region-sur\\\/#primaryimage\",\"url\":\"https:\\\/\\\/patagoniambiental.com.ar\\\/info\\\/wp-content\\\/uploads\\\/2021\\\/05\\\/DSC05153.jpg\",\"contentUrl\":\"https:\\\/\\\/patagoniambiental.com.ar\\\/info\\\/wp-content\\\/uploads\\\/2021\\\/05\\\/DSC05153.jpg\",\"width\":800,\"height\":600},{\"@type\":\"BreadcrumbList\",\"@id\":\"https:\\\/\\\/patagoniambiental.com.ar\\\/info\\\/gustavo-casas-el-paso-el-manso-se-convierte-en-algo-estrategico-va-a-ser-el-nuevo-hito-que-modificara-la-realidad-economica-social-cultural-de-toda-la-region-sur\\\/#breadcrumb\",\"itemListElement\":[{\"@type\":\"ListItem\",\"position\":1,\"name\":\"Inicio\",\"item\":\"https:\\\/\\\/patagoniambiental.com.ar\\\/info\\\/\"},{\"@type\":\"ListItem\",\"position\":2,\"name\":\"GUSTAVO CASAS \u201cEl Paso El Manso se convierte en algo estrat\u00e9gico. Va a ser el nuevo hito que modificara la realidad econ\u00f3mica, social, cultural de toda la regi\u00f3n sur.\u201d\"}]},{\"@type\":\"WebSite\",\"@id\":\"https:\\\/\\\/patagoniambiental.com.ar\\\/info\\\/#website\",\"url\":\"https:\\\/\\\/patagoniambiental.com.ar\\\/info\\\/\",\"name\":\"Patagonia Ambiental\",\"description\":\"Monitoreo y an\u00e1lisis de la situaci\u00f3n geopol\u00edtica en el mundo y su implicancia en la Patagonia\",\"publisher\":{\"@id\":\"https:\\\/\\\/patagoniambiental.com.ar\\\/info\\\/#organization\"},\"potentialAction\":[{\"@type\":\"SearchAction\",\"target\":{\"@type\":\"EntryPoint\",\"urlTemplate\":\"https:\\\/\\\/patagoniambiental.com.ar\\\/info\\\/?s={search_term_string}\"},\"query-input\":{\"@type\":\"PropertyValueSpecification\",\"valueRequired\":true,\"valueName\":\"search_term_string\"}}],\"inLanguage\":\"es\"},{\"@type\":\"Organization\",\"@id\":\"https:\\\/\\\/patagoniambiental.com.ar\\\/info\\\/#organization\",\"name\":\"Patagonia Ambiental\",\"url\":\"https:\\\/\\\/patagoniambiental.com.ar\\\/info\\\/\",\"logo\":{\"@type\":\"ImageObject\",\"inLanguage\":\"es\",\"@id\":\"https:\\\/\\\/patagoniambiental.com.ar\\\/info\\\/#\\\/schema\\\/logo\\\/image\\\/\",\"url\":\"https:\\\/\\\/patagoniambiental.com.ar\\\/info\\\/wp-content\\\/uploads\\\/2025\\\/05\\\/LOGO-PATAGONIA-AMBIENTAL.png\",\"contentUrl\":\"https:\\\/\\\/patagoniambiental.com.ar\\\/info\\\/wp-content\\\/uploads\\\/2025\\\/05\\\/LOGO-PATAGONIA-AMBIENTAL.png\",\"width\":433,\"height\":250,\"caption\":\"Patagonia Ambiental\"},\"image\":{\"@id\":\"https:\\\/\\\/patagoniambiental.com.ar\\\/info\\\/#\\\/schema\\\/logo\\\/image\\\/\"},\"sameAs\":[\"https:\\\/\\\/www.facebook.com\\\/patagonia.ambiental\",\"https:\\\/\\\/x.com\\\/PatAmb\"]},{\"@type\":\"Person\",\"@id\":\"https:\\\/\\\/patagoniambiental.com.ar\\\/info\\\/#\\\/schema\\\/person\\\/e5af09d700b2e82cb10c6b8800e0c691\",\"name\":\"BRAIAN ESTEVEZ\",\"sameAs\":[\"http:\\\/\\\/www.patagoniambiental.com.ar\"]}]}<\/script>\n<!-- \/ Yoast SEO Premium plugin. -->","yoast_head_json":{"title":"GUSTAVO CASAS \u201cEl Paso El Manso se convierte en algo estrat\u00e9gico. Va a ser el nuevo hito que modificara la realidad econ\u00f3mica, social, cultural de toda la regi\u00f3n sur.\u201d","robots":{"index":"index","follow":"follow","max-snippet":"max-snippet:-1","max-image-preview":"max-image-preview:large","max-video-preview":"max-video-preview:-1"},"canonical":"https:\/\/patagoniambiental.com.ar\/info\/gustavo-casas-el-paso-el-manso-se-convierte-en-algo-estrategico-va-a-ser-el-nuevo-hito-que-modificara-la-realidad-economica-social-cultural-de-toda-la-region-sur\/","og_locale":"es_ES","og_type":"article","og_title":"GUSTAVO CASAS \u201cEl Paso El Manso se convierte en algo estrat\u00e9gico. Va a ser el nuevo hito que modificara la realidad econ\u00f3mica, social, cultural de toda la regi\u00f3n sur.\u201d","og_url":"https:\/\/patagoniambiental.com.ar\/info\/gustavo-casas-el-paso-el-manso-se-convierte-en-algo-estrategico-va-a-ser-el-nuevo-hito-que-modificara-la-realidad-economica-social-cultural-de-toda-la-region-sur\/","og_site_name":"Patagonia Ambiental","article_publisher":"https:\/\/www.facebook.com\/patagonia.ambiental","article_published_time":"2021-05-03T12:53:40+00:00","article_modified_time":"2021-05-03T12:53:42+00:00","og_image":[{"width":1000,"height":750,"url":"https:\/\/patagoniambiental.com.ar\/info\/wp-content\/uploads\/2021\/05\/DSC05153.jpg","type":"image\/jpeg"}],"author":"BRAIAN ESTEVEZ","twitter_card":"summary_large_image","twitter_creator":"@PatAmb","twitter_site":"@PatAmb","schema":{"@context":"https:\/\/schema.org","@graph":[{"@type":"Article","@id":"https:\/\/patagoniambiental.com.ar\/info\/gustavo-casas-el-paso-el-manso-se-convierte-en-algo-estrategico-va-a-ser-el-nuevo-hito-que-modificara-la-realidad-economica-social-cultural-de-toda-la-region-sur\/#article","isPartOf":{"@id":"https:\/\/patagoniambiental.com.ar\/info\/gustavo-casas-el-paso-el-manso-se-convierte-en-algo-estrategico-va-a-ser-el-nuevo-hito-que-modificara-la-realidad-economica-social-cultural-de-toda-la-region-sur\/"},"author":{"name":"BRAIAN ESTEVEZ","@id":"https:\/\/patagoniambiental.com.ar\/info\/#\/schema\/person\/e5af09d700b2e82cb10c6b8800e0c691"},"headline":"GUSTAVO CASAS \u201cEl Paso El Manso se convierte en algo estrat\u00e9gico. Va a ser el nuevo hito que modificara la realidad econ\u00f3mica, social, cultural de toda la regi\u00f3n sur.\u201d","datePublished":"2021-05-03T12:53:40+00:00","dateModified":"2021-05-03T12:53:42+00:00","mainEntityOfPage":{"@id":"https:\/\/patagoniambiental.com.ar\/info\/gustavo-casas-el-paso-el-manso-se-convierte-en-algo-estrategico-va-a-ser-el-nuevo-hito-que-modificara-la-realidad-economica-social-cultural-de-toda-la-region-sur\/"},"wordCount":1849,"commentCount":0,"publisher":{"@id":"https:\/\/patagoniambiental.com.ar\/info\/#organization"},"image":{"@id":"https:\/\/patagoniambiental.com.ar\/info\/gustavo-casas-el-paso-el-manso-se-convierte-en-algo-estrategico-va-a-ser-el-nuevo-hito-que-modificara-la-realidad-economica-social-cultural-de-toda-la-region-sur\/#primaryimage"},"thumbnailUrl":"https:\/\/patagoniambiental.com.ar\/info\/wp-content\/uploads\/2021\/05\/DSC05153.jpg","articleSection":["Bolet\u00edn","Entrevistas","Noticias","Rotador"],"inLanguage":"es","potentialAction":[{"@type":"CommentAction","name":"Comment","target":["https:\/\/patagoniambiental.com.ar\/info\/gustavo-casas-el-paso-el-manso-se-convierte-en-algo-estrategico-va-a-ser-el-nuevo-hito-que-modificara-la-realidad-economica-social-cultural-de-toda-la-region-sur\/#respond"]}]},{"@type":"WebPage","@id":"https:\/\/patagoniambiental.com.ar\/info\/gustavo-casas-el-paso-el-manso-se-convierte-en-algo-estrategico-va-a-ser-el-nuevo-hito-que-modificara-la-realidad-economica-social-cultural-de-toda-la-region-sur\/","url":"https:\/\/patagoniambiental.com.ar\/info\/gustavo-casas-el-paso-el-manso-se-convierte-en-algo-estrategico-va-a-ser-el-nuevo-hito-que-modificara-la-realidad-economica-social-cultural-de-toda-la-region-sur\/","name":"GUSTAVO CASAS \u201cEl Paso El Manso se convierte en algo estrat\u00e9gico. Va a ser el nuevo hito que modificara la realidad econ\u00f3mica, social, cultural de toda la regi\u00f3n sur.\u201d","isPartOf":{"@id":"https:\/\/patagoniambiental.com.ar\/info\/#website"},"primaryImageOfPage":{"@id":"https:\/\/patagoniambiental.com.ar\/info\/gustavo-casas-el-paso-el-manso-se-convierte-en-algo-estrategico-va-a-ser-el-nuevo-hito-que-modificara-la-realidad-economica-social-cultural-de-toda-la-region-sur\/#primaryimage"},"image":{"@id":"https:\/\/patagoniambiental.com.ar\/info\/gustavo-casas-el-paso-el-manso-se-convierte-en-algo-estrategico-va-a-ser-el-nuevo-hito-que-modificara-la-realidad-economica-social-cultural-de-toda-la-region-sur\/#primaryimage"},"thumbnailUrl":"https:\/\/patagoniambiental.com.ar\/info\/wp-content\/uploads\/2021\/05\/DSC05153.jpg","datePublished":"2021-05-03T12:53:40+00:00","dateModified":"2021-05-03T12:53:42+00:00","breadcrumb":{"@id":"https:\/\/patagoniambiental.com.ar\/info\/gustavo-casas-el-paso-el-manso-se-convierte-en-algo-estrategico-va-a-ser-el-nuevo-hito-que-modificara-la-realidad-economica-social-cultural-de-toda-la-region-sur\/#breadcrumb"},"inLanguage":"es","potentialAction":[{"@type":"ReadAction","target":["https:\/\/patagoniambiental.com.ar\/info\/gustavo-casas-el-paso-el-manso-se-convierte-en-algo-estrategico-va-a-ser-el-nuevo-hito-que-modificara-la-realidad-economica-social-cultural-de-toda-la-region-sur\/"]}]},{"@type":"ImageObject","inLanguage":"es","@id":"https:\/\/patagoniambiental.com.ar\/info\/gustavo-casas-el-paso-el-manso-se-convierte-en-algo-estrategico-va-a-ser-el-nuevo-hito-que-modificara-la-realidad-economica-social-cultural-de-toda-la-region-sur\/#primaryimage","url":"https:\/\/patagoniambiental.com.ar\/info\/wp-content\/uploads\/2021\/05\/DSC05153.jpg","contentUrl":"https:\/\/patagoniambiental.com.ar\/info\/wp-content\/uploads\/2021\/05\/DSC05153.jpg","width":800,"height":600},{"@type":"BreadcrumbList","@id":"https:\/\/patagoniambiental.com.ar\/info\/gustavo-casas-el-paso-el-manso-se-convierte-en-algo-estrategico-va-a-ser-el-nuevo-hito-que-modificara-la-realidad-economica-social-cultural-de-toda-la-region-sur\/#breadcrumb","itemListElement":[{"@type":"ListItem","position":1,"name":"Inicio","item":"https:\/\/patagoniambiental.com.ar\/info\/"},{"@type":"ListItem","position":2,"name":"GUSTAVO CASAS \u201cEl Paso El Manso se convierte en algo estrat\u00e9gico. Va a ser el nuevo hito que modificara la realidad econ\u00f3mica, social, cultural de toda la regi\u00f3n sur.\u201d"}]},{"@type":"WebSite","@id":"https:\/\/patagoniambiental.com.ar\/info\/#website","url":"https:\/\/patagoniambiental.com.ar\/info\/","name":"Patagonia Ambiental","description":"Monitoreo y an\u00e1lisis de la situaci\u00f3n geopol\u00edtica en el mundo y su implicancia en la Patagonia","publisher":{"@id":"https:\/\/patagoniambiental.com.ar\/info\/#organization"},"potentialAction":[{"@type":"SearchAction","target":{"@type":"EntryPoint","urlTemplate":"https:\/\/patagoniambiental.com.ar\/info\/?s={search_term_string}"},"query-input":{"@type":"PropertyValueSpecification","valueRequired":true,"valueName":"search_term_string"}}],"inLanguage":"es"},{"@type":"Organization","@id":"https:\/\/patagoniambiental.com.ar\/info\/#organization","name":"Patagonia Ambiental","url":"https:\/\/patagoniambiental.com.ar\/info\/","logo":{"@type":"ImageObject","inLanguage":"es","@id":"https:\/\/patagoniambiental.com.ar\/info\/#\/schema\/logo\/image\/","url":"https:\/\/patagoniambiental.com.ar\/info\/wp-content\/uploads\/2025\/05\/LOGO-PATAGONIA-AMBIENTAL.png","contentUrl":"https:\/\/patagoniambiental.com.ar\/info\/wp-content\/uploads\/2025\/05\/LOGO-PATAGONIA-AMBIENTAL.png","width":433,"height":250,"caption":"Patagonia Ambiental"},"image":{"@id":"https:\/\/patagoniambiental.com.ar\/info\/#\/schema\/logo\/image\/"},"sameAs":["https:\/\/www.facebook.com\/patagonia.ambiental","https:\/\/x.com\/PatAmb"]},{"@type":"Person","@id":"https:\/\/patagoniambiental.com.ar\/info\/#\/schema\/person\/e5af09d700b2e82cb10c6b8800e0c691","name":"BRAIAN ESTEVEZ","sameAs":["http:\/\/www.patagoniambiental.com.ar"]}]}},"_links":{"self":[{"href":"https:\/\/patagoniambiental.com.ar\/info\/wp-json\/wp\/v2\/posts\/72142","targetHints":{"allow":["GET"]}}],"collection":[{"href":"https:\/\/patagoniambiental.com.ar\/info\/wp-json\/wp\/v2\/posts"}],"about":[{"href":"https:\/\/patagoniambiental.com.ar\/info\/wp-json\/wp\/v2\/types\/post"}],"author":[{"embeddable":true,"href":"https:\/\/patagoniambiental.com.ar\/info\/wp-json\/wp\/v2\/users\/6"}],"replies":[{"embeddable":true,"href":"https:\/\/patagoniambiental.com.ar\/info\/wp-json\/wp\/v2\/comments?post=72142"}],"version-history":[{"count":0,"href":"https:\/\/patagoniambiental.com.ar\/info\/wp-json\/wp\/v2\/posts\/72142\/revisions"}],"wp:featuredmedia":[{"embeddable":true,"href":"https:\/\/patagoniambiental.com.ar\/info\/wp-json\/wp\/v2\/media\/72143"}],"wp:attachment":[{"href":"https:\/\/patagoniambiental.com.ar\/info\/wp-json\/wp\/v2\/media?parent=72142"}],"wp:term":[{"taxonomy":"category","embeddable":true,"href":"https:\/\/patagoniambiental.com.ar\/info\/wp-json\/wp\/v2\/categories?post=72142"},{"taxonomy":"post_tag","embeddable":true,"href":"https:\/\/patagoniambiental.com.ar\/info\/wp-json\/wp\/v2\/tags?post=72142"}],"curies":[{"name":"wp","href":"https:\/\/api.w.org\/{rel}","templated":true}]}}