{"id":72240,"date":"2021-05-07T07:00:00","date_gmt":"2021-05-07T10:00:00","guid":{"rendered":"http:\/\/patagoniambiental.com.ar\/info\/?p=72240"},"modified":"2021-05-07T10:25:22","modified_gmt":"2021-05-07T13:25:22","slug":"la-brigada-de-control-ambiental-rescato-68-aves-victimas-del-trafico-de-fauna","status":"publish","type":"post","link":"https:\/\/patagoniambiental.com.ar\/info\/la-brigada-de-control-ambiental-rescato-68-aves-victimas-del-trafico-de-fauna\/","title":{"rendered":"La Brigada de Control Ambiental rescat\u00f3 68 aves v\u00edctimas del tr\u00e1fico de fauna"},"content":{"rendered":"\n<!--more-->\n\n\n\n<figure class=\"wp-block-table\"><table><tbody><tr><td><em>El procedimiento que encabez\u00f3 ese cuerpo de fiscalizaci\u00f3n de la cartera de Ambiente nacional tuvo lugar en una forrajer\u00eda ubicada en la localidad de Gonz\u00e1lez Cat\u00e1n, provincia de Buenos Aires.<\/em><br><br><strong>Ciudad Aut\u00f3noma de Buenos Aires, 7 de mayo de 2021.-<\/strong> El Ministerio de Ambiente y Desarrollo Sostenible de la Naci\u00f3n, a cargo de Juan Cabandi\u00e9, a trav\u00e9s de la Brigada de Control Ambiental (BCA), se traslad\u00f3 ayer hacia el municipio bonaerense de Gonz\u00e1lez Cat\u00e1n, donde rescat\u00f3 68 aves del comercio ilegal de fauna como resultado de un operativo de inspecci\u00f3n en una forrajer\u00eda. Ello en cumplimiento de la normativa vigente en materia de manejo y conservaci\u00f3n de fauna silvestre.&nbsp;<br>En el marco del procedimiento que la BCA despleg\u00f3 junto a la Polic\u00eda Ecol\u00f3gica bonaerense \u2014Delegaci\u00f3n de Prevenci\u00f3n Ecol\u00f3gica y Sustancias Peligrosas Esteban Echeverr\u00eda\u2014, se recuperaron seis cardenales de copete rojo, tres manones, un calafate, diez cotorritas australianas, dos cocotillas, cuatro corbatitas, tres charlatanes, una reina mora, una corbatita overo, un cabecita negra, un cardelino, 30 jilgueros, dos piquitos de oro, dos capuchinos garganta caf\u00e9, y una monterita canela.<br>Por lo tanto, los ejemplares fueron trasladados al centro de rescate de la Reserva Ecol\u00f3gica Costanera Sur, donde recibir\u00e1n los controles y cuidados necesarios para garantizar su adecuado estado de salud. Posteriormente, aquellas especies aut\u00f3ctonas ser\u00e1n liberadas en su zona de distribuci\u00f3n natural, mientras que las ex\u00f3ticas, ser\u00e1n destinadas a un establecimiento que resguarde su bienestar animal.<br>Para acceder al material fotogr\u00e1fico completo cliquear <a href=\"https:\/\/ambiente.tr.pemsv30.net\/c\/eyJhIjoiYW1iaWVudGUiLCJtIjoibWFpbF9ja29lYXVlaDNpejA4MDcyMTFpa2lrcHduIiwibCI6ImxpbmtfNTFmYTVjZTg3ZTJkNDdiZGNhOTYzZmM2OWQ3NDNhMjhlNGM3MzY5OSIsImkiOltdLCJ1IjoiaHR0cHM6Ly9kcml2ZS5nb29nbGUuY29tL2RyaXZlL2ZvbGRlcnMvMWZCNGhFQUhMcjRnV0thNkNiWEdNOFpZbEdBTXR6ZnFEP3VzcD1zaGFyaW5nIiwiYyI6IiIsImgiOiI0MGQ2MTcifQ\" target=\"_blank\" rel=\"noreferrer noopener\">ac\u00e1<\/a>.<\/td><\/tr><\/tbody><\/table><\/figure>\n\n\n\n<figure class=\"wp-block-table\"><table><tbody><tr><td><img decoding=\"async\" src=\"https:\/\/1641517048.rsc.cdn77.org\/3674\/la-brigada-de-control-ambiental-rescat-68-aves-vctimas-del-trfico-de-fauna.jpeg\" width=\"auto\" height=\"auto\" alt=\"\"><\/td><\/tr><\/tbody><\/table><\/figure>\n\n\n\n<figure class=\"wp-block-table\"><table><tbody><tr><td><a href=\"https:\/\/ambiente.tr.pemsv30.net\/c\/eyJhIjoiYW1iaWVudGUiLCJtIjoibWFpbF9ja29lYXVlaDNpejA4MDcyMTFpa2lrcHduIiwibCI6ImxpbmtfYmM1YjZkZmYyMmNkMWJmNGQwZTFkMTFhOWI1YjAxNDNkYWRmOTEwYyIsImkiOltdLCJ1IjoiaHR0cHM6Ly93d3cuYXJnZW50aW5hLmdvYi5hci9hbWJpZW50ZSIsImMiOiIiLCJoIjoiZWU1NGU2In0\" target=\"_blank\" rel=\"noreferrer noopener\"><\/a><\/td><\/tr><\/tbody><\/table><figcaption>Fuente: Ministerio de Ambiente de Naci\u00f3n<\/figcaption><\/figure>\n","protected":false},"excerpt":{"rendered":"","protected":false},"author":6,"featured_media":72241,"comment_status":"open","ping_status":"open","sticky":false,"template":"","format":"standard","meta":{"site-sidebar-layout":"default","site-content-layout":"","ast-site-content-layout":"default","site-content-style":"default","site-sidebar-style":"default","ast-global-header-display":"","ast-banner-title-visibility":"","ast-main-header-display":"","ast-hfb-above-header-display":"","ast-hfb-below-header-display":"","ast-hfb-mobile-header-display":"","site-post-title":"","ast-breadcrumbs-content":"","ast-featured-img":"","footer-sml-layout":"","ast-disable-related-posts":"","theme-transparent-header-meta":"","adv-header-id-meta":"","stick-header-meta":"","header-above-stick-meta":"","header-main-stick-meta":"","header-below-stick-meta":"","astra-migrate-meta-layouts":"default","ast-page-background-enabled":"default","ast-page-background-meta":{"desktop":{"background-color":"var(--ast-global-color-5)","background-image":"","background-repeat":"repeat","background-position":"center center","background-size":"auto","background-attachment":"scroll","background-type":"","background-media":"","overlay-type":"","overlay-color":"","overlay-opacity":"","overlay-gradient":""},"tablet":{"background-color":"","background-image":"","background-repeat":"repeat","background-position":"center center","background-size":"auto","background-attachment":"scroll","background-type":"","background-media":"","overlay-type":"","overlay-color":"","overlay-opacity":"","overlay-gradient":""},"mobile":{"background-color":"","background-image":"","background-repeat":"repeat","background-position":"center center","background-size":"auto","background-attachment":"scroll","background-type":"","background-media":"","overlay-type":"","overlay-color":"","overlay-opacity":"","overlay-gradient":""}},"ast-content-background-meta":{"desktop":{"background-color":"var(--ast-global-color-4)","background-image":"","background-repeat":"repeat","background-position":"center center","background-size":"auto","background-attachment":"scroll","background-type":"","background-media":"","overlay-type":"","overlay-color":"","overlay-opacity":"","overlay-gradient":""},"tablet":{"background-color":"var(--ast-global-color-4)","background-image":"","background-repeat":"repeat","background-position":"center center","background-size":"auto","background-attachment":"scroll","background-type":"","background-media":"","overlay-type":"","overlay-color":"","overlay-opacity":"","overlay-gradient":""},"mobile":{"background-color":"var(--ast-global-color-4)","background-image":"","background-repeat":"repeat","background-position":"center center","background-size":"auto","background-attachment":"scroll","background-type":"","background-media":"","overlay-type":"","overlay-color":"","overlay-opacity":"","overlay-gradient":""}},"footnotes":""},"categories":[11,19,1,10],"tags":[],"class_list":["post-72240","post","type-post","status-publish","format-standard","has-post-thumbnail","hentry","category-boletin","category-nacionales","category-noticias","category-rotador"],"yoast_head":"<!-- This site is optimized with the Yoast SEO Premium plugin v23.0 (Yoast SEO v27.5) - https:\/\/yoast.com\/product\/yoast-seo-premium-wordpress\/ -->\n<title>La Brigada de Control Ambiental rescat\u00f3 68 aves v\u00edctimas del tr\u00e1fico de fauna<\/title>\n<meta name=\"robots\" content=\"index, follow, max-snippet:-1, max-image-preview:large, max-video-preview:-1\" \/>\n<link rel=\"canonical\" href=\"https:\/\/patagoniambiental.com.ar\/info\/la-brigada-de-control-ambiental-rescato-68-aves-victimas-del-trafico-de-fauna\/\" \/>\n<meta property=\"og:locale\" content=\"es_ES\" \/>\n<meta property=\"og:type\" content=\"article\" \/>\n<meta property=\"og:title\" content=\"La Brigada de Control Ambiental rescat\u00f3 68 aves v\u00edctimas del tr\u00e1fico de fauna\" \/>\n<meta property=\"og:url\" content=\"https:\/\/patagoniambiental.com.ar\/info\/la-brigada-de-control-ambiental-rescato-68-aves-victimas-del-trafico-de-fauna\/\" \/>\n<meta property=\"og:site_name\" content=\"Patagonia Ambiental\" \/>\n<meta property=\"article:publisher\" content=\"https:\/\/www.facebook.com\/patagonia.ambiental\" \/>\n<meta property=\"article:published_time\" content=\"2021-05-07T10:00:00+00:00\" \/>\n<meta property=\"article:modified_time\" content=\"2021-05-07T13:25:22+00:00\" \/>\n<meta property=\"og:image\" content=\"https:\/\/patagoniambiental.com.ar\/info\/wp-content\/uploads\/2021\/05\/la-brigada-de-control-ambiental-rescat-68-aves-vctimas-del-trfico-de-fauna.jpeg\" \/>\n\t<meta property=\"og:image:width\" content=\"600\" \/>\n\t<meta property=\"og:image:height\" content=\"400\" \/>\n\t<meta property=\"og:image:type\" content=\"image\/jpeg\" \/>\n<meta name=\"author\" content=\"BRAIAN ESTEVEZ\" \/>\n<meta name=\"twitter:card\" content=\"summary_large_image\" \/>\n<meta name=\"twitter:creator\" content=\"@PatAmb\" \/>\n<meta name=\"twitter:site\" content=\"@PatAmb\" \/>\n<script type=\"application\/ld+json\" class=\"yoast-schema-graph\">{\"@context\":\"https:\\\/\\\/schema.org\",\"@graph\":[{\"@type\":\"Article\",\"@id\":\"https:\\\/\\\/patagoniambiental.com.ar\\\/info\\\/la-brigada-de-control-ambiental-rescato-68-aves-victimas-del-trafico-de-fauna\\\/#article\",\"isPartOf\":{\"@id\":\"https:\\\/\\\/patagoniambiental.com.ar\\\/info\\\/la-brigada-de-control-ambiental-rescato-68-aves-victimas-del-trafico-de-fauna\\\/\"},\"author\":{\"name\":\"BRAIAN ESTEVEZ\",\"@id\":\"https:\\\/\\\/patagoniambiental.com.ar\\\/info\\\/#\\\/schema\\\/person\\\/e5af09d700b2e82cb10c6b8800e0c691\"},\"headline\":\"La Brigada de Control Ambiental rescat\u00f3 68 aves v\u00edctimas del tr\u00e1fico de fauna\",\"datePublished\":\"2021-05-07T10:00:00+00:00\",\"dateModified\":\"2021-05-07T13:25:22+00:00\",\"mainEntityOfPage\":{\"@id\":\"https:\\\/\\\/patagoniambiental.com.ar\\\/info\\\/la-brigada-de-control-ambiental-rescato-68-aves-victimas-del-trafico-de-fauna\\\/\"},\"wordCount\":288,\"commentCount\":0,\"publisher\":{\"@id\":\"https:\\\/\\\/patagoniambiental.com.ar\\\/info\\\/#organization\"},\"image\":{\"@id\":\"https:\\\/\\\/patagoniambiental.com.ar\\\/info\\\/la-brigada-de-control-ambiental-rescato-68-aves-victimas-del-trafico-de-fauna\\\/#primaryimage\"},\"thumbnailUrl\":\"https:\\\/\\\/patagoniambiental.com.ar\\\/info\\\/wp-content\\\/uploads\\\/2021\\\/05\\\/la-brigada-de-control-ambiental-rescat-68-aves-vctimas-del-trfico-de-fauna.jpeg\",\"articleSection\":[\"Bolet\u00edn\",\"Nacionales\",\"Noticias\",\"Rotador\"],\"inLanguage\":\"es\",\"potentialAction\":[{\"@type\":\"CommentAction\",\"name\":\"Comment\",\"target\":[\"https:\\\/\\\/patagoniambiental.com.ar\\\/info\\\/la-brigada-de-control-ambiental-rescato-68-aves-victimas-del-trafico-de-fauna\\\/#respond\"]}]},{\"@type\":\"WebPage\",\"@id\":\"https:\\\/\\\/patagoniambiental.com.ar\\\/info\\\/la-brigada-de-control-ambiental-rescato-68-aves-victimas-del-trafico-de-fauna\\\/\",\"url\":\"https:\\\/\\\/patagoniambiental.com.ar\\\/info\\\/la-brigada-de-control-ambiental-rescato-68-aves-victimas-del-trafico-de-fauna\\\/\",\"name\":\"La Brigada de Control Ambiental rescat\u00f3 68 aves v\u00edctimas del tr\u00e1fico de fauna\",\"isPartOf\":{\"@id\":\"https:\\\/\\\/patagoniambiental.com.ar\\\/info\\\/#website\"},\"primaryImageOfPage\":{\"@id\":\"https:\\\/\\\/patagoniambiental.com.ar\\\/info\\\/la-brigada-de-control-ambiental-rescato-68-aves-victimas-del-trafico-de-fauna\\\/#primaryimage\"},\"image\":{\"@id\":\"https:\\\/\\\/patagoniambiental.com.ar\\\/info\\\/la-brigada-de-control-ambiental-rescato-68-aves-victimas-del-trafico-de-fauna\\\/#primaryimage\"},\"thumbnailUrl\":\"https:\\\/\\\/patagoniambiental.com.ar\\\/info\\\/wp-content\\\/uploads\\\/2021\\\/05\\\/la-brigada-de-control-ambiental-rescat-68-aves-vctimas-del-trfico-de-fauna.jpeg\",\"datePublished\":\"2021-05-07T10:00:00+00:00\",\"dateModified\":\"2021-05-07T13:25:22+00:00\",\"breadcrumb\":{\"@id\":\"https:\\\/\\\/patagoniambiental.com.ar\\\/info\\\/la-brigada-de-control-ambiental-rescato-68-aves-victimas-del-trafico-de-fauna\\\/#breadcrumb\"},\"inLanguage\":\"es\",\"potentialAction\":[{\"@type\":\"ReadAction\",\"target\":[\"https:\\\/\\\/patagoniambiental.com.ar\\\/info\\\/la-brigada-de-control-ambiental-rescato-68-aves-victimas-del-trafico-de-fauna\\\/\"]}]},{\"@type\":\"ImageObject\",\"inLanguage\":\"es\",\"@id\":\"https:\\\/\\\/patagoniambiental.com.ar\\\/info\\\/la-brigada-de-control-ambiental-rescato-68-aves-victimas-del-trafico-de-fauna\\\/#primaryimage\",\"url\":\"https:\\\/\\\/patagoniambiental.com.ar\\\/info\\\/wp-content\\\/uploads\\\/2021\\\/05\\\/la-brigada-de-control-ambiental-rescat-68-aves-vctimas-del-trfico-de-fauna.jpeg\",\"contentUrl\":\"https:\\\/\\\/patagoniambiental.com.ar\\\/info\\\/wp-content\\\/uploads\\\/2021\\\/05\\\/la-brigada-de-control-ambiental-rescat-68-aves-vctimas-del-trfico-de-fauna.jpeg\",\"width\":600,\"height\":400},{\"@type\":\"BreadcrumbList\",\"@id\":\"https:\\\/\\\/patagoniambiental.com.ar\\\/info\\\/la-brigada-de-control-ambiental-rescato-68-aves-victimas-del-trafico-de-fauna\\\/#breadcrumb\",\"itemListElement\":[{\"@type\":\"ListItem\",\"position\":1,\"name\":\"Inicio\",\"item\":\"https:\\\/\\\/patagoniambiental.com.ar\\\/info\\\/\"},{\"@type\":\"ListItem\",\"position\":2,\"name\":\"La Brigada de Control Ambiental rescat\u00f3 68 aves v\u00edctimas del tr\u00e1fico de fauna\"}]},{\"@type\":\"WebSite\",\"@id\":\"https:\\\/\\\/patagoniambiental.com.ar\\\/info\\\/#website\",\"url\":\"https:\\\/\\\/patagoniambiental.com.ar\\\/info\\\/\",\"name\":\"Patagonia Ambiental\",\"description\":\"Monitoreo y an\u00e1lisis de la situaci\u00f3n geopol\u00edtica en el mundo y su implicancia en la Patagonia\",\"publisher\":{\"@id\":\"https:\\\/\\\/patagoniambiental.com.ar\\\/info\\\/#organization\"},\"potentialAction\":[{\"@type\":\"SearchAction\",\"target\":{\"@type\":\"EntryPoint\",\"urlTemplate\":\"https:\\\/\\\/patagoniambiental.com.ar\\\/info\\\/?s={search_term_string}\"},\"query-input\":{\"@type\":\"PropertyValueSpecification\",\"valueRequired\":true,\"valueName\":\"search_term_string\"}}],\"inLanguage\":\"es\"},{\"@type\":\"Organization\",\"@id\":\"https:\\\/\\\/patagoniambiental.com.ar\\\/info\\\/#organization\",\"name\":\"Patagonia Ambiental\",\"url\":\"https:\\\/\\\/patagoniambiental.com.ar\\\/info\\\/\",\"logo\":{\"@type\":\"ImageObject\",\"inLanguage\":\"es\",\"@id\":\"https:\\\/\\\/patagoniambiental.com.ar\\\/info\\\/#\\\/schema\\\/logo\\\/image\\\/\",\"url\":\"https:\\\/\\\/patagoniambiental.com.ar\\\/info\\\/wp-content\\\/uploads\\\/2025\\\/05\\\/LOGO-PATAGONIA-AMBIENTAL.png\",\"contentUrl\":\"https:\\\/\\\/patagoniambiental.com.ar\\\/info\\\/wp-content\\\/uploads\\\/2025\\\/05\\\/LOGO-PATAGONIA-AMBIENTAL.png\",\"width\":433,\"height\":250,\"caption\":\"Patagonia Ambiental\"},\"image\":{\"@id\":\"https:\\\/\\\/patagoniambiental.com.ar\\\/info\\\/#\\\/schema\\\/logo\\\/image\\\/\"},\"sameAs\":[\"https:\\\/\\\/www.facebook.com\\\/patagonia.ambiental\",\"https:\\\/\\\/x.com\\\/PatAmb\"]},{\"@type\":\"Person\",\"@id\":\"https:\\\/\\\/patagoniambiental.com.ar\\\/info\\\/#\\\/schema\\\/person\\\/e5af09d700b2e82cb10c6b8800e0c691\",\"name\":\"BRAIAN ESTEVEZ\",\"sameAs\":[\"http:\\\/\\\/www.patagoniambiental.com.ar\"]}]}<\/script>\n<!-- \/ Yoast SEO Premium plugin. -->","yoast_head_json":{"title":"La Brigada de Control Ambiental rescat\u00f3 68 aves v\u00edctimas del tr\u00e1fico de fauna","robots":{"index":"index","follow":"follow","max-snippet":"max-snippet:-1","max-image-preview":"max-image-preview:large","max-video-preview":"max-video-preview:-1"},"canonical":"https:\/\/patagoniambiental.com.ar\/info\/la-brigada-de-control-ambiental-rescato-68-aves-victimas-del-trafico-de-fauna\/","og_locale":"es_ES","og_type":"article","og_title":"La Brigada de Control Ambiental rescat\u00f3 68 aves v\u00edctimas del tr\u00e1fico de fauna","og_url":"https:\/\/patagoniambiental.com.ar\/info\/la-brigada-de-control-ambiental-rescato-68-aves-victimas-del-trafico-de-fauna\/","og_site_name":"Patagonia Ambiental","article_publisher":"https:\/\/www.facebook.com\/patagonia.ambiental","article_published_time":"2021-05-07T10:00:00+00:00","article_modified_time":"2021-05-07T13:25:22+00:00","og_image":[{"width":600,"height":400,"url":"https:\/\/patagoniambiental.com.ar\/info\/wp-content\/uploads\/2021\/05\/la-brigada-de-control-ambiental-rescat-68-aves-vctimas-del-trfico-de-fauna.jpeg","type":"image\/jpeg"}],"author":"BRAIAN ESTEVEZ","twitter_card":"summary_large_image","twitter_creator":"@PatAmb","twitter_site":"@PatAmb","schema":{"@context":"https:\/\/schema.org","@graph":[{"@type":"Article","@id":"https:\/\/patagoniambiental.com.ar\/info\/la-brigada-de-control-ambiental-rescato-68-aves-victimas-del-trafico-de-fauna\/#article","isPartOf":{"@id":"https:\/\/patagoniambiental.com.ar\/info\/la-brigada-de-control-ambiental-rescato-68-aves-victimas-del-trafico-de-fauna\/"},"author":{"name":"BRAIAN ESTEVEZ","@id":"https:\/\/patagoniambiental.com.ar\/info\/#\/schema\/person\/e5af09d700b2e82cb10c6b8800e0c691"},"headline":"La Brigada de Control Ambiental rescat\u00f3 68 aves v\u00edctimas del tr\u00e1fico de fauna","datePublished":"2021-05-07T10:00:00+00:00","dateModified":"2021-05-07T13:25:22+00:00","mainEntityOfPage":{"@id":"https:\/\/patagoniambiental.com.ar\/info\/la-brigada-de-control-ambiental-rescato-68-aves-victimas-del-trafico-de-fauna\/"},"wordCount":288,"commentCount":0,"publisher":{"@id":"https:\/\/patagoniambiental.com.ar\/info\/#organization"},"image":{"@id":"https:\/\/patagoniambiental.com.ar\/info\/la-brigada-de-control-ambiental-rescato-68-aves-victimas-del-trafico-de-fauna\/#primaryimage"},"thumbnailUrl":"https:\/\/patagoniambiental.com.ar\/info\/wp-content\/uploads\/2021\/05\/la-brigada-de-control-ambiental-rescat-68-aves-vctimas-del-trfico-de-fauna.jpeg","articleSection":["Bolet\u00edn","Nacionales","Noticias","Rotador"],"inLanguage":"es","potentialAction":[{"@type":"CommentAction","name":"Comment","target":["https:\/\/patagoniambiental.com.ar\/info\/la-brigada-de-control-ambiental-rescato-68-aves-victimas-del-trafico-de-fauna\/#respond"]}]},{"@type":"WebPage","@id":"https:\/\/patagoniambiental.com.ar\/info\/la-brigada-de-control-ambiental-rescato-68-aves-victimas-del-trafico-de-fauna\/","url":"https:\/\/patagoniambiental.com.ar\/info\/la-brigada-de-control-ambiental-rescato-68-aves-victimas-del-trafico-de-fauna\/","name":"La Brigada de Control Ambiental rescat\u00f3 68 aves v\u00edctimas del tr\u00e1fico de fauna","isPartOf":{"@id":"https:\/\/patagoniambiental.com.ar\/info\/#website"},"primaryImageOfPage":{"@id":"https:\/\/patagoniambiental.com.ar\/info\/la-brigada-de-control-ambiental-rescato-68-aves-victimas-del-trafico-de-fauna\/#primaryimage"},"image":{"@id":"https:\/\/patagoniambiental.com.ar\/info\/la-brigada-de-control-ambiental-rescato-68-aves-victimas-del-trafico-de-fauna\/#primaryimage"},"thumbnailUrl":"https:\/\/patagoniambiental.com.ar\/info\/wp-content\/uploads\/2021\/05\/la-brigada-de-control-ambiental-rescat-68-aves-vctimas-del-trfico-de-fauna.jpeg","datePublished":"2021-05-07T10:00:00+00:00","dateModified":"2021-05-07T13:25:22+00:00","breadcrumb":{"@id":"https:\/\/patagoniambiental.com.ar\/info\/la-brigada-de-control-ambiental-rescato-68-aves-victimas-del-trafico-de-fauna\/#breadcrumb"},"inLanguage":"es","potentialAction":[{"@type":"ReadAction","target":["https:\/\/patagoniambiental.com.ar\/info\/la-brigada-de-control-ambiental-rescato-68-aves-victimas-del-trafico-de-fauna\/"]}]},{"@type":"ImageObject","inLanguage":"es","@id":"https:\/\/patagoniambiental.com.ar\/info\/la-brigada-de-control-ambiental-rescato-68-aves-victimas-del-trafico-de-fauna\/#primaryimage","url":"https:\/\/patagoniambiental.com.ar\/info\/wp-content\/uploads\/2021\/05\/la-brigada-de-control-ambiental-rescat-68-aves-vctimas-del-trfico-de-fauna.jpeg","contentUrl":"https:\/\/patagoniambiental.com.ar\/info\/wp-content\/uploads\/2021\/05\/la-brigada-de-control-ambiental-rescat-68-aves-vctimas-del-trfico-de-fauna.jpeg","width":600,"height":400},{"@type":"BreadcrumbList","@id":"https:\/\/patagoniambiental.com.ar\/info\/la-brigada-de-control-ambiental-rescato-68-aves-victimas-del-trafico-de-fauna\/#breadcrumb","itemListElement":[{"@type":"ListItem","position":1,"name":"Inicio","item":"https:\/\/patagoniambiental.com.ar\/info\/"},{"@type":"ListItem","position":2,"name":"La Brigada de Control Ambiental rescat\u00f3 68 aves v\u00edctimas del tr\u00e1fico de fauna"}]},{"@type":"WebSite","@id":"https:\/\/patagoniambiental.com.ar\/info\/#website","url":"https:\/\/patagoniambiental.com.ar\/info\/","name":"Patagonia Ambiental","description":"Monitoreo y an\u00e1lisis de la situaci\u00f3n geopol\u00edtica en el mundo y su implicancia en la Patagonia","publisher":{"@id":"https:\/\/patagoniambiental.com.ar\/info\/#organization"},"potentialAction":[{"@type":"SearchAction","target":{"@type":"EntryPoint","urlTemplate":"https:\/\/patagoniambiental.com.ar\/info\/?s={search_term_string}"},"query-input":{"@type":"PropertyValueSpecification","valueRequired":true,"valueName":"search_term_string"}}],"inLanguage":"es"},{"@type":"Organization","@id":"https:\/\/patagoniambiental.com.ar\/info\/#organization","name":"Patagonia Ambiental","url":"https:\/\/patagoniambiental.com.ar\/info\/","logo":{"@type":"ImageObject","inLanguage":"es","@id":"https:\/\/patagoniambiental.com.ar\/info\/#\/schema\/logo\/image\/","url":"https:\/\/patagoniambiental.com.ar\/info\/wp-content\/uploads\/2025\/05\/LOGO-PATAGONIA-AMBIENTAL.png","contentUrl":"https:\/\/patagoniambiental.com.ar\/info\/wp-content\/uploads\/2025\/05\/LOGO-PATAGONIA-AMBIENTAL.png","width":433,"height":250,"caption":"Patagonia Ambiental"},"image":{"@id":"https:\/\/patagoniambiental.com.ar\/info\/#\/schema\/logo\/image\/"},"sameAs":["https:\/\/www.facebook.com\/patagonia.ambiental","https:\/\/x.com\/PatAmb"]},{"@type":"Person","@id":"https:\/\/patagoniambiental.com.ar\/info\/#\/schema\/person\/e5af09d700b2e82cb10c6b8800e0c691","name":"BRAIAN ESTEVEZ","sameAs":["http:\/\/www.patagoniambiental.com.ar"]}]}},"_links":{"self":[{"href":"https:\/\/patagoniambiental.com.ar\/info\/wp-json\/wp\/v2\/posts\/72240","targetHints":{"allow":["GET"]}}],"collection":[{"href":"https:\/\/patagoniambiental.com.ar\/info\/wp-json\/wp\/v2\/posts"}],"about":[{"href":"https:\/\/patagoniambiental.com.ar\/info\/wp-json\/wp\/v2\/types\/post"}],"author":[{"embeddable":true,"href":"https:\/\/patagoniambiental.com.ar\/info\/wp-json\/wp\/v2\/users\/6"}],"replies":[{"embeddable":true,"href":"https:\/\/patagoniambiental.com.ar\/info\/wp-json\/wp\/v2\/comments?post=72240"}],"version-history":[{"count":0,"href":"https:\/\/patagoniambiental.com.ar\/info\/wp-json\/wp\/v2\/posts\/72240\/revisions"}],"wp:featuredmedia":[{"embeddable":true,"href":"https:\/\/patagoniambiental.com.ar\/info\/wp-json\/wp\/v2\/media\/72241"}],"wp:attachment":[{"href":"https:\/\/patagoniambiental.com.ar\/info\/wp-json\/wp\/v2\/media?parent=72240"}],"wp:term":[{"taxonomy":"category","embeddable":true,"href":"https:\/\/patagoniambiental.com.ar\/info\/wp-json\/wp\/v2\/categories?post=72240"},{"taxonomy":"post_tag","embeddable":true,"href":"https:\/\/patagoniambiental.com.ar\/info\/wp-json\/wp\/v2\/tags?post=72240"}],"curies":[{"name":"wp","href":"https:\/\/api.w.org\/{rel}","templated":true}]}}