{"id":72311,"date":"2021-05-11T10:44:21","date_gmt":"2021-05-11T13:44:21","guid":{"rendered":"http:\/\/patagoniambiental.com.ar\/info\/?p=72311"},"modified":"2021-05-11T10:44:39","modified_gmt":"2021-05-11T13:44:39","slug":"rio-negro-proponen-crear-mapas-turisticos-binacionales-de-electromovilidad","status":"publish","type":"post","link":"https:\/\/patagoniambiental.com.ar\/info\/rio-negro-proponen-crear-mapas-turisticos-binacionales-de-electromovilidad\/","title":{"rendered":"R\u00edo Negro: Proponen crear mapas tur\u00edsticos binacionales de electromovilidad"},"content":{"rendered":"\n<!--more-->\n\n\n\n<p>Las Grutas.-Se trata de una iniciativa de la legisladora Maria Liliana Gemignani del Bloque JSRN en el marco de la propuesta de incluir a Rio Negro en un corredor binacional de electromovilidad. La misma comunica al Comit\u00e9 de Integraci\u00f3n Regi\u00f3n de los Lagos, la Canciller\u00eda Argentina, y a la Secretaria de Energ\u00eda de la Naci\u00f3n la necesidad de crear y difundir mapas del Primer Circuito Binacional (Argentino\/Chileno) de Electromovilidad para fomentar ese tipo de turismo.<\/p>\n\n\n\n<p>Diferentes provincias argentinas se van sumando paulatinamente a la <strong>electromovilidad<\/strong> para luchar contra el cambio clim\u00e1tico y la contaminaci\u00f3n, fabricando e incorporando veh\u00edculos el\u00e9ctricos para organismos p\u00fablicos, transporte de pasajeros y particulares. Dicho t\u00e9rmino describe el desarrollo y uso de veh\u00edculos el\u00e9ctricos por las rutas y calles de las ciudades, m\u00e1s toda la infraestructura que debe montarse para soportar las recargas de las bater\u00edas.<\/p>\n\n\n\n<p>Al ser el\u00e9ctricas estas unidades van de a poco comenzando a satisfacer las necesidades del presente en cuanto a movilidad sustentable sin comprometer las necesidades de las generaciones futuras, ya que no emiten Gases de Efecto Invernadero.<\/p>\n\n\n\n<p>En este marco en febrero de 2020 la Distribuidora de energ\u00eda el\u00e9ctrica de Neuqu\u00e9n presento cuatro coches el\u00e9ctricos denominados \u201cCity Car\u201d de cero emisiones que forman parte de su flota. En 2019 en la ciudad de San Mart\u00edn de los Andes se inaugur\u00f3 el primer punto de recarga para autos el\u00e9ctricos en la regi\u00f3n ubicado en el estacionamiento de un conocido complejo tur\u00edstico. Fue una iniciativa de una expedici\u00f3n de veh\u00edculos el\u00e9ctricos que tuvo un corto paso por la ciudad, con tecnolog\u00eda de una empresa privada especializada en la instalaci\u00f3n, provisi\u00f3n y mantenimiento de estaciones de recarga en varios pa\u00edses del mundo. Desde mayo del a\u00f1o 2019 la Ciudad Aut\u00f3noma de Buenos Aires cuenta con colectivos el\u00e9ctricos interurbanos.<\/p>\n\n\n\n<p>La Provincia de Neuqu\u00e9n es otra de las que ya cuenta tambi\u00e9n&nbsp; con colectivos el\u00e9ctricos interurbanos. R\u00edo Negro ha comenzado a dar los primeros pasos para dise\u00f1ar pol\u00edticas a favor de la circulaci\u00f3n de veh\u00edculos el\u00e9ctricos e h\u00edbridos.<\/p>\n\n\n\n<p>A la fecha es cierto que nuestro pa\u00eds no cuenta con gran cantidad de unidades el\u00e9ctricas en su parque automotor y menos a\u00fan nuestra regi\u00f3n, por ello toda acci\u00f3n de fomento es necesaria.<\/p>\n\n\n\n<p>En la provincia a\u00fan no han desembarcado este tipo de veh\u00edculos pero desde el a\u00f1o 2020 se comenz\u00f3 a dise\u00f1ar un corredor Binacional de electro movilidad con el vecino pa\u00eds de Chile, aprovechando la cercan\u00eda, para captar a turistas que se muevan en ese tipo de veh\u00edculos. Es una forma m\u00e1s de recibir turismo, \u00e1rea muy afectada por la pandemia por el Covid-19. Se estima que en el pa\u00eds vecino existen acerca de 1 mill\u00f3n de unidades. Por su parte la Superintendencia de Electricidad y Combustibles (SEC) de Chile registra actualmente 149 conectores implementados para este tipo de veh\u00edculos a lo largo del pa\u00eds.<\/p>\n\n\n\n<p>Para ello se debe preparar la infraestructura necesaria para la recarga de las unidades y en eso est\u00e1 trabajando el gobierno provincial. En Bariloche se realizara una experiencia piloto, cuyo emplazamiento se acordar\u00e1 con la distribuidora el\u00e9ctrica local, que ya posee un estudio de la red donde t\u00e9cnicamente es posible colocar este tipo de cargadores.<\/p>\n\n\n\n<p>Adem\u00e1s se cuenta desde el d\u00eda 23 de abril del 2021 con su primer cargador para autom\u00f3viles el\u00e9ctricos que se ubica en la ciudad de Cipolletti. La Gobernadora, Arabela Carreras, fue la encargada de inaugurar el cargador, instalado como parte de la pol\u00edtica energ\u00e9tica del Gobierno Provincial. Esto busca generar cambios culturales y tecnol\u00f3gicos en beneficio del ambiente. Para que esta realidad avance es necesario acompa\u00f1arla con el marco legal adecuado para impulsarla y fomentarla.<\/p>\n\n\n\n<p>Atentos a la iniciativa del gobierno provincial de incluir a la provincia en un corredor binacional de electromovilidad, es necesario acompa\u00f1arla con la difusi\u00f3n de mapas tur\u00edsticos que indiquen las rutas y puntos de recarga para estos veh\u00edculos.<\/p>\n\n\n\n<p>Fuente: Patagonia Ambiental<\/p>\n","protected":false},"excerpt":{"rendered":"","protected":false},"author":6,"featured_media":72312,"comment_status":"open","ping_status":"open","sticky":false,"template":"","format":"standard","meta":{"site-sidebar-layout":"default","site-content-layout":"","ast-site-content-layout":"default","site-content-style":"default","site-sidebar-style":"default","ast-global-header-display":"","ast-banner-title-visibility":"","ast-main-header-display":"","ast-hfb-above-header-display":"","ast-hfb-below-header-display":"","ast-hfb-mobile-header-display":"","site-post-title":"","ast-breadcrumbs-content":"","ast-featured-img":"","footer-sml-layout":"","ast-disable-related-posts":"","theme-transparent-header-meta":"","adv-header-id-meta":"","stick-header-meta":"","header-above-stick-meta":"","header-main-stick-meta":"","header-below-stick-meta":"","astra-migrate-meta-layouts":"default","ast-page-background-enabled":"default","ast-page-background-meta":{"desktop":{"background-color":"var(--ast-global-color-5)","background-image":"","background-repeat":"repeat","background-position":"center center","background-size":"auto","background-attachment":"scroll","background-type":"","background-media":"","overlay-type":"","overlay-color":"","overlay-opacity":"","overlay-gradient":""},"tablet":{"background-color":"","background-image":"","background-repeat":"repeat","background-position":"center center","background-size":"auto","background-attachment":"scroll","background-type":"","background-media":"","overlay-type":"","overlay-color":"","overlay-opacity":"","overlay-gradient":""},"mobile":{"background-color":"","background-image":"","background-repeat":"repeat","background-position":"center center","background-size":"auto","background-attachment":"scroll","background-type":"","background-media":"","overlay-type":"","overlay-color":"","overlay-opacity":"","overlay-gradient":""}},"ast-content-background-meta":{"desktop":{"background-color":"var(--ast-global-color-4)","background-image":"","background-repeat":"repeat","background-position":"center center","background-size":"auto","background-attachment":"scroll","background-type":"","background-media":"","overlay-type":"","overlay-color":"","overlay-opacity":"","overlay-gradient":""},"tablet":{"background-color":"var(--ast-global-color-4)","background-image":"","background-repeat":"repeat","background-position":"center center","background-size":"auto","background-attachment":"scroll","background-type":"","background-media":"","overlay-type":"","overlay-color":"","overlay-opacity":"","overlay-gradient":""},"mobile":{"background-color":"var(--ast-global-color-4)","background-image":"","background-repeat":"repeat","background-position":"center center","background-size":"auto","background-attachment":"scroll","background-type":"","background-media":"","overlay-type":"","overlay-color":"","overlay-opacity":"","overlay-gradient":""}},"footnotes":""},"categories":[11,19,1,10],"tags":[],"class_list":["post-72311","post","type-post","status-publish","format-standard","has-post-thumbnail","hentry","category-boletin","category-nacionales","category-noticias","category-rotador"],"yoast_head":"<!-- This site is optimized with the Yoast SEO Premium plugin v23.0 (Yoast SEO v27.5) - https:\/\/yoast.com\/product\/yoast-seo-premium-wordpress\/ -->\n<title>R\u00edo Negro: Proponen crear mapas tur\u00edsticos binacionales de electromovilidad<\/title>\n<meta name=\"robots\" content=\"index, follow, max-snippet:-1, max-image-preview:large, max-video-preview:-1\" \/>\n<link rel=\"canonical\" href=\"https:\/\/patagoniambiental.com.ar\/info\/rio-negro-proponen-crear-mapas-turisticos-binacionales-de-electromovilidad\/\" \/>\n<meta property=\"og:locale\" content=\"es_ES\" \/>\n<meta property=\"og:type\" content=\"article\" \/>\n<meta property=\"og:title\" content=\"R\u00edo Negro: Proponen crear mapas tur\u00edsticos binacionales de electromovilidad\" \/>\n<meta property=\"og:url\" content=\"https:\/\/patagoniambiental.com.ar\/info\/rio-negro-proponen-crear-mapas-turisticos-binacionales-de-electromovilidad\/\" \/>\n<meta property=\"og:site_name\" content=\"Patagonia Ambiental\" \/>\n<meta property=\"article:publisher\" content=\"https:\/\/www.facebook.com\/patagonia.ambiental\" \/>\n<meta property=\"article:published_time\" content=\"2021-05-11T13:44:21+00:00\" \/>\n<meta property=\"article:modified_time\" content=\"2021-05-11T13:44:39+00:00\" \/>\n<meta property=\"og:image\" content=\"https:\/\/patagoniambiental.com.ar\/info\/wp-content\/uploads\/2021\/05\/Imagen-punto-de-carga.jpg\" \/>\n\t<meta property=\"og:image:width\" content=\"920\" \/>\n\t<meta property=\"og:image:height\" content=\"520\" \/>\n\t<meta property=\"og:image:type\" content=\"image\/jpeg\" \/>\n<meta name=\"author\" content=\"BRAIAN ESTEVEZ\" \/>\n<meta name=\"twitter:card\" content=\"summary_large_image\" \/>\n<meta name=\"twitter:creator\" content=\"@PatAmb\" \/>\n<meta name=\"twitter:site\" content=\"@PatAmb\" \/>\n<script type=\"application\/ld+json\" class=\"yoast-schema-graph\">{\"@context\":\"https:\\\/\\\/schema.org\",\"@graph\":[{\"@type\":\"Article\",\"@id\":\"https:\\\/\\\/patagoniambiental.com.ar\\\/info\\\/rio-negro-proponen-crear-mapas-turisticos-binacionales-de-electromovilidad\\\/#article\",\"isPartOf\":{\"@id\":\"https:\\\/\\\/patagoniambiental.com.ar\\\/info\\\/rio-negro-proponen-crear-mapas-turisticos-binacionales-de-electromovilidad\\\/\"},\"author\":{\"name\":\"BRAIAN ESTEVEZ\",\"@id\":\"https:\\\/\\\/patagoniambiental.com.ar\\\/info\\\/#\\\/schema\\\/person\\\/e5af09d700b2e82cb10c6b8800e0c691\"},\"headline\":\"R\u00edo Negro: Proponen crear mapas tur\u00edsticos binacionales de electromovilidad\",\"datePublished\":\"2021-05-11T13:44:21+00:00\",\"dateModified\":\"2021-05-11T13:44:39+00:00\",\"mainEntityOfPage\":{\"@id\":\"https:\\\/\\\/patagoniambiental.com.ar\\\/info\\\/rio-negro-proponen-crear-mapas-turisticos-binacionales-de-electromovilidad\\\/\"},\"wordCount\":721,\"commentCount\":0,\"publisher\":{\"@id\":\"https:\\\/\\\/patagoniambiental.com.ar\\\/info\\\/#organization\"},\"image\":{\"@id\":\"https:\\\/\\\/patagoniambiental.com.ar\\\/info\\\/rio-negro-proponen-crear-mapas-turisticos-binacionales-de-electromovilidad\\\/#primaryimage\"},\"thumbnailUrl\":\"https:\\\/\\\/patagoniambiental.com.ar\\\/info\\\/wp-content\\\/uploads\\\/2021\\\/05\\\/Imagen-punto-de-carga.jpg\",\"articleSection\":[\"Bolet\u00edn\",\"Nacionales\",\"Noticias\",\"Rotador\"],\"inLanguage\":\"es\",\"potentialAction\":[{\"@type\":\"CommentAction\",\"name\":\"Comment\",\"target\":[\"https:\\\/\\\/patagoniambiental.com.ar\\\/info\\\/rio-negro-proponen-crear-mapas-turisticos-binacionales-de-electromovilidad\\\/#respond\"]}]},{\"@type\":\"WebPage\",\"@id\":\"https:\\\/\\\/patagoniambiental.com.ar\\\/info\\\/rio-negro-proponen-crear-mapas-turisticos-binacionales-de-electromovilidad\\\/\",\"url\":\"https:\\\/\\\/patagoniambiental.com.ar\\\/info\\\/rio-negro-proponen-crear-mapas-turisticos-binacionales-de-electromovilidad\\\/\",\"name\":\"R\u00edo Negro: Proponen crear mapas tur\u00edsticos binacionales de electromovilidad\",\"isPartOf\":{\"@id\":\"https:\\\/\\\/patagoniambiental.com.ar\\\/info\\\/#website\"},\"primaryImageOfPage\":{\"@id\":\"https:\\\/\\\/patagoniambiental.com.ar\\\/info\\\/rio-negro-proponen-crear-mapas-turisticos-binacionales-de-electromovilidad\\\/#primaryimage\"},\"image\":{\"@id\":\"https:\\\/\\\/patagoniambiental.com.ar\\\/info\\\/rio-negro-proponen-crear-mapas-turisticos-binacionales-de-electromovilidad\\\/#primaryimage\"},\"thumbnailUrl\":\"https:\\\/\\\/patagoniambiental.com.ar\\\/info\\\/wp-content\\\/uploads\\\/2021\\\/05\\\/Imagen-punto-de-carga.jpg\",\"datePublished\":\"2021-05-11T13:44:21+00:00\",\"dateModified\":\"2021-05-11T13:44:39+00:00\",\"breadcrumb\":{\"@id\":\"https:\\\/\\\/patagoniambiental.com.ar\\\/info\\\/rio-negro-proponen-crear-mapas-turisticos-binacionales-de-electromovilidad\\\/#breadcrumb\"},\"inLanguage\":\"es\",\"potentialAction\":[{\"@type\":\"ReadAction\",\"target\":[\"https:\\\/\\\/patagoniambiental.com.ar\\\/info\\\/rio-negro-proponen-crear-mapas-turisticos-binacionales-de-electromovilidad\\\/\"]}]},{\"@type\":\"ImageObject\",\"inLanguage\":\"es\",\"@id\":\"https:\\\/\\\/patagoniambiental.com.ar\\\/info\\\/rio-negro-proponen-crear-mapas-turisticos-binacionales-de-electromovilidad\\\/#primaryimage\",\"url\":\"https:\\\/\\\/patagoniambiental.com.ar\\\/info\\\/wp-content\\\/uploads\\\/2021\\\/05\\\/Imagen-punto-de-carga.jpg\",\"contentUrl\":\"https:\\\/\\\/patagoniambiental.com.ar\\\/info\\\/wp-content\\\/uploads\\\/2021\\\/05\\\/Imagen-punto-de-carga.jpg\",\"width\":920,\"height\":520},{\"@type\":\"BreadcrumbList\",\"@id\":\"https:\\\/\\\/patagoniambiental.com.ar\\\/info\\\/rio-negro-proponen-crear-mapas-turisticos-binacionales-de-electromovilidad\\\/#breadcrumb\",\"itemListElement\":[{\"@type\":\"ListItem\",\"position\":1,\"name\":\"Inicio\",\"item\":\"https:\\\/\\\/patagoniambiental.com.ar\\\/info\\\/\"},{\"@type\":\"ListItem\",\"position\":2,\"name\":\"R\u00edo Negro: Proponen crear mapas tur\u00edsticos binacionales de electromovilidad\"}]},{\"@type\":\"WebSite\",\"@id\":\"https:\\\/\\\/patagoniambiental.com.ar\\\/info\\\/#website\",\"url\":\"https:\\\/\\\/patagoniambiental.com.ar\\\/info\\\/\",\"name\":\"Patagonia Ambiental\",\"description\":\"Monitoreo y an\u00e1lisis de la situaci\u00f3n geopol\u00edtica en el mundo y su implicancia en la Patagonia\",\"publisher\":{\"@id\":\"https:\\\/\\\/patagoniambiental.com.ar\\\/info\\\/#organization\"},\"potentialAction\":[{\"@type\":\"SearchAction\",\"target\":{\"@type\":\"EntryPoint\",\"urlTemplate\":\"https:\\\/\\\/patagoniambiental.com.ar\\\/info\\\/?s={search_term_string}\"},\"query-input\":{\"@type\":\"PropertyValueSpecification\",\"valueRequired\":true,\"valueName\":\"search_term_string\"}}],\"inLanguage\":\"es\"},{\"@type\":\"Organization\",\"@id\":\"https:\\\/\\\/patagoniambiental.com.ar\\\/info\\\/#organization\",\"name\":\"Patagonia Ambiental\",\"url\":\"https:\\\/\\\/patagoniambiental.com.ar\\\/info\\\/\",\"logo\":{\"@type\":\"ImageObject\",\"inLanguage\":\"es\",\"@id\":\"https:\\\/\\\/patagoniambiental.com.ar\\\/info\\\/#\\\/schema\\\/logo\\\/image\\\/\",\"url\":\"https:\\\/\\\/patagoniambiental.com.ar\\\/info\\\/wp-content\\\/uploads\\\/2025\\\/05\\\/LOGO-PATAGONIA-AMBIENTAL.png\",\"contentUrl\":\"https:\\\/\\\/patagoniambiental.com.ar\\\/info\\\/wp-content\\\/uploads\\\/2025\\\/05\\\/LOGO-PATAGONIA-AMBIENTAL.png\",\"width\":433,\"height\":250,\"caption\":\"Patagonia Ambiental\"},\"image\":{\"@id\":\"https:\\\/\\\/patagoniambiental.com.ar\\\/info\\\/#\\\/schema\\\/logo\\\/image\\\/\"},\"sameAs\":[\"https:\\\/\\\/www.facebook.com\\\/patagonia.ambiental\",\"https:\\\/\\\/x.com\\\/PatAmb\"]},{\"@type\":\"Person\",\"@id\":\"https:\\\/\\\/patagoniambiental.com.ar\\\/info\\\/#\\\/schema\\\/person\\\/e5af09d700b2e82cb10c6b8800e0c691\",\"name\":\"BRAIAN ESTEVEZ\",\"sameAs\":[\"http:\\\/\\\/www.patagoniambiental.com.ar\"]}]}<\/script>\n<!-- \/ Yoast SEO Premium plugin. -->","yoast_head_json":{"title":"R\u00edo Negro: Proponen crear mapas tur\u00edsticos binacionales de electromovilidad","robots":{"index":"index","follow":"follow","max-snippet":"max-snippet:-1","max-image-preview":"max-image-preview:large","max-video-preview":"max-video-preview:-1"},"canonical":"https:\/\/patagoniambiental.com.ar\/info\/rio-negro-proponen-crear-mapas-turisticos-binacionales-de-electromovilidad\/","og_locale":"es_ES","og_type":"article","og_title":"R\u00edo Negro: Proponen crear mapas tur\u00edsticos binacionales de electromovilidad","og_url":"https:\/\/patagoniambiental.com.ar\/info\/rio-negro-proponen-crear-mapas-turisticos-binacionales-de-electromovilidad\/","og_site_name":"Patagonia Ambiental","article_publisher":"https:\/\/www.facebook.com\/patagonia.ambiental","article_published_time":"2021-05-11T13:44:21+00:00","article_modified_time":"2021-05-11T13:44:39+00:00","og_image":[{"width":920,"height":520,"url":"https:\/\/patagoniambiental.com.ar\/info\/wp-content\/uploads\/2021\/05\/Imagen-punto-de-carga.jpg","type":"image\/jpeg"}],"author":"BRAIAN ESTEVEZ","twitter_card":"summary_large_image","twitter_creator":"@PatAmb","twitter_site":"@PatAmb","schema":{"@context":"https:\/\/schema.org","@graph":[{"@type":"Article","@id":"https:\/\/patagoniambiental.com.ar\/info\/rio-negro-proponen-crear-mapas-turisticos-binacionales-de-electromovilidad\/#article","isPartOf":{"@id":"https:\/\/patagoniambiental.com.ar\/info\/rio-negro-proponen-crear-mapas-turisticos-binacionales-de-electromovilidad\/"},"author":{"name":"BRAIAN ESTEVEZ","@id":"https:\/\/patagoniambiental.com.ar\/info\/#\/schema\/person\/e5af09d700b2e82cb10c6b8800e0c691"},"headline":"R\u00edo Negro: Proponen crear mapas tur\u00edsticos binacionales de electromovilidad","datePublished":"2021-05-11T13:44:21+00:00","dateModified":"2021-05-11T13:44:39+00:00","mainEntityOfPage":{"@id":"https:\/\/patagoniambiental.com.ar\/info\/rio-negro-proponen-crear-mapas-turisticos-binacionales-de-electromovilidad\/"},"wordCount":721,"commentCount":0,"publisher":{"@id":"https:\/\/patagoniambiental.com.ar\/info\/#organization"},"image":{"@id":"https:\/\/patagoniambiental.com.ar\/info\/rio-negro-proponen-crear-mapas-turisticos-binacionales-de-electromovilidad\/#primaryimage"},"thumbnailUrl":"https:\/\/patagoniambiental.com.ar\/info\/wp-content\/uploads\/2021\/05\/Imagen-punto-de-carga.jpg","articleSection":["Bolet\u00edn","Nacionales","Noticias","Rotador"],"inLanguage":"es","potentialAction":[{"@type":"CommentAction","name":"Comment","target":["https:\/\/patagoniambiental.com.ar\/info\/rio-negro-proponen-crear-mapas-turisticos-binacionales-de-electromovilidad\/#respond"]}]},{"@type":"WebPage","@id":"https:\/\/patagoniambiental.com.ar\/info\/rio-negro-proponen-crear-mapas-turisticos-binacionales-de-electromovilidad\/","url":"https:\/\/patagoniambiental.com.ar\/info\/rio-negro-proponen-crear-mapas-turisticos-binacionales-de-electromovilidad\/","name":"R\u00edo Negro: Proponen crear mapas tur\u00edsticos binacionales de electromovilidad","isPartOf":{"@id":"https:\/\/patagoniambiental.com.ar\/info\/#website"},"primaryImageOfPage":{"@id":"https:\/\/patagoniambiental.com.ar\/info\/rio-negro-proponen-crear-mapas-turisticos-binacionales-de-electromovilidad\/#primaryimage"},"image":{"@id":"https:\/\/patagoniambiental.com.ar\/info\/rio-negro-proponen-crear-mapas-turisticos-binacionales-de-electromovilidad\/#primaryimage"},"thumbnailUrl":"https:\/\/patagoniambiental.com.ar\/info\/wp-content\/uploads\/2021\/05\/Imagen-punto-de-carga.jpg","datePublished":"2021-05-11T13:44:21+00:00","dateModified":"2021-05-11T13:44:39+00:00","breadcrumb":{"@id":"https:\/\/patagoniambiental.com.ar\/info\/rio-negro-proponen-crear-mapas-turisticos-binacionales-de-electromovilidad\/#breadcrumb"},"inLanguage":"es","potentialAction":[{"@type":"ReadAction","target":["https:\/\/patagoniambiental.com.ar\/info\/rio-negro-proponen-crear-mapas-turisticos-binacionales-de-electromovilidad\/"]}]},{"@type":"ImageObject","inLanguage":"es","@id":"https:\/\/patagoniambiental.com.ar\/info\/rio-negro-proponen-crear-mapas-turisticos-binacionales-de-electromovilidad\/#primaryimage","url":"https:\/\/patagoniambiental.com.ar\/info\/wp-content\/uploads\/2021\/05\/Imagen-punto-de-carga.jpg","contentUrl":"https:\/\/patagoniambiental.com.ar\/info\/wp-content\/uploads\/2021\/05\/Imagen-punto-de-carga.jpg","width":920,"height":520},{"@type":"BreadcrumbList","@id":"https:\/\/patagoniambiental.com.ar\/info\/rio-negro-proponen-crear-mapas-turisticos-binacionales-de-electromovilidad\/#breadcrumb","itemListElement":[{"@type":"ListItem","position":1,"name":"Inicio","item":"https:\/\/patagoniambiental.com.ar\/info\/"},{"@type":"ListItem","position":2,"name":"R\u00edo Negro: Proponen crear mapas tur\u00edsticos binacionales de electromovilidad"}]},{"@type":"WebSite","@id":"https:\/\/patagoniambiental.com.ar\/info\/#website","url":"https:\/\/patagoniambiental.com.ar\/info\/","name":"Patagonia Ambiental","description":"Monitoreo y an\u00e1lisis de la situaci\u00f3n geopol\u00edtica en el mundo y su implicancia en la Patagonia","publisher":{"@id":"https:\/\/patagoniambiental.com.ar\/info\/#organization"},"potentialAction":[{"@type":"SearchAction","target":{"@type":"EntryPoint","urlTemplate":"https:\/\/patagoniambiental.com.ar\/info\/?s={search_term_string}"},"query-input":{"@type":"PropertyValueSpecification","valueRequired":true,"valueName":"search_term_string"}}],"inLanguage":"es"},{"@type":"Organization","@id":"https:\/\/patagoniambiental.com.ar\/info\/#organization","name":"Patagonia Ambiental","url":"https:\/\/patagoniambiental.com.ar\/info\/","logo":{"@type":"ImageObject","inLanguage":"es","@id":"https:\/\/patagoniambiental.com.ar\/info\/#\/schema\/logo\/image\/","url":"https:\/\/patagoniambiental.com.ar\/info\/wp-content\/uploads\/2025\/05\/LOGO-PATAGONIA-AMBIENTAL.png","contentUrl":"https:\/\/patagoniambiental.com.ar\/info\/wp-content\/uploads\/2025\/05\/LOGO-PATAGONIA-AMBIENTAL.png","width":433,"height":250,"caption":"Patagonia Ambiental"},"image":{"@id":"https:\/\/patagoniambiental.com.ar\/info\/#\/schema\/logo\/image\/"},"sameAs":["https:\/\/www.facebook.com\/patagonia.ambiental","https:\/\/x.com\/PatAmb"]},{"@type":"Person","@id":"https:\/\/patagoniambiental.com.ar\/info\/#\/schema\/person\/e5af09d700b2e82cb10c6b8800e0c691","name":"BRAIAN ESTEVEZ","sameAs":["http:\/\/www.patagoniambiental.com.ar"]}]}},"_links":{"self":[{"href":"https:\/\/patagoniambiental.com.ar\/info\/wp-json\/wp\/v2\/posts\/72311","targetHints":{"allow":["GET"]}}],"collection":[{"href":"https:\/\/patagoniambiental.com.ar\/info\/wp-json\/wp\/v2\/posts"}],"about":[{"href":"https:\/\/patagoniambiental.com.ar\/info\/wp-json\/wp\/v2\/types\/post"}],"author":[{"embeddable":true,"href":"https:\/\/patagoniambiental.com.ar\/info\/wp-json\/wp\/v2\/users\/6"}],"replies":[{"embeddable":true,"href":"https:\/\/patagoniambiental.com.ar\/info\/wp-json\/wp\/v2\/comments?post=72311"}],"version-history":[{"count":0,"href":"https:\/\/patagoniambiental.com.ar\/info\/wp-json\/wp\/v2\/posts\/72311\/revisions"}],"wp:featuredmedia":[{"embeddable":true,"href":"https:\/\/patagoniambiental.com.ar\/info\/wp-json\/wp\/v2\/media\/72312"}],"wp:attachment":[{"href":"https:\/\/patagoniambiental.com.ar\/info\/wp-json\/wp\/v2\/media?parent=72311"}],"wp:term":[{"taxonomy":"category","embeddable":true,"href":"https:\/\/patagoniambiental.com.ar\/info\/wp-json\/wp\/v2\/categories?post=72311"},{"taxonomy":"post_tag","embeddable":true,"href":"https:\/\/patagoniambiental.com.ar\/info\/wp-json\/wp\/v2\/tags?post=72311"}],"curies":[{"name":"wp","href":"https:\/\/api.w.org\/{rel}","templated":true}]}}