{"id":72406,"date":"2021-05-17T17:28:45","date_gmt":"2021-05-17T20:28:45","guid":{"rendered":"http:\/\/patagoniambiental.com.ar\/info\/?p=72406"},"modified":"2021-05-17T17:28:48","modified_gmt":"2021-05-17T20:28:48","slug":"madryn-expuso-su-experiencia-en-el-ii-foro-iberoamericano-de-turismo-sostenible","status":"publish","type":"post","link":"https:\/\/patagoniambiental.com.ar\/info\/madryn-expuso-su-experiencia-en-el-ii-foro-iberoamericano-de-turismo-sostenible\/","title":{"rendered":"Madryn expuso su experiencia en el II Foro Iberoamericano de Turismo Sostenible"},"content":{"rendered":"\n<!--more-->\n\n\n\n<p>Puerto Madryn.-Marcos Grosso present\u00f3 en formato digital la experiencia de Puerto Madryn sobre Turismo Sostenible, Calidad Sanitaria para la reactivaci\u00f3n del Turismo en Pandemia y las acciones que se realizan desde el Municipio por una ciudad de calidad y sustentable para la actividad.<\/p>\n\n\n\n<figure class=\"wp-block-image\"><a href=\"https:\/\/www.elchubut.com.ar\/nota\/2021-5-17-9-23-0-madryn-expuso-su-experiencia-en-el-ii-foro-iberoamericano-de-turismo-sostenible\"><img decoding=\"async\" src=\"https:\/\/pxb.cdn.elchubut.com.ar\/chubut\/052021\/1621254351047.jpg\" alt=\"\"\/><\/a><\/figure>\n\n\n\n<figure class=\"wp-block-table\"><table><tbody><tr><td><\/td><td>|<\/td><\/tr><\/tbody><\/table><\/figure>\n\n\n\n<p>El Secretario de Turismo de la Municipalidad de Puerto Madryn, Marcos Grosso, particip\u00f3 el viernes en forma virtual del II Foro Iberoamericano de Turismo SOStenible Internacional #TuriSOS2021 \u201cUn puente SOStenible entre Europa y Am\u00e9rica Latina\u201d.&nbsp; All\u00ed expuso sobre la experiencia de Puerto Madryn en distintos aspectos relacionados con el turismo y la conservaci\u00f3n, la sustentabilidad y la calidad sanitaria en tiempos de pandemia.<\/p>\n\n\n\n<p>Bajo la organizaci\u00f3n del programa de turismo internacional M\u00e1laga es Mundial, difundido en M\u00e1laga por Canal M\u00e1laga y en toda Am\u00e9rica Latina como por Washington D.C. , por la Uni\u00f3n Continental Latinoamericana- UCLTV y BVC Argentina, Puerto Madryn pudo exponer su experiencia para miles de personas alrededor del mundo en el que participaron m\u00e1s de 12 pa\u00edses a trav\u00e9s de distintas representaciones con gran presencia de Am\u00e9rica Latina.<\/p>\n\n\n\n<p>\u201cEl cuidado del medioambiente en torno a la actividad tur\u00edstica es fundamental para nuestra ciudad, por eso expusimos sobre&nbsp; c\u00f3mo trabaj\u00f3 y contin\u00faa trabajando la ciudad con respecto a la actividad tur\u00edstica y la responsabilidad con los cuidados del medio ambiente, fundamentales para continuar disfrutando de nuestros atractivos naturales y nuestros paisajes \u00fanicos\u201d, destac\u00f3 Marcos Grosso tras su participaci\u00f3n en el Foro.<br><br><img decoding=\"async\" height=\"auto\" src=\"https:\/\/pxb.cdn.elchubut.com.ar\/chubut\/052021\/1621254436077\/Turismo%202.jpg\" width=\"100%\"><br><br>En la presentaci\u00f3n de Puerto Madryn se hizo especial hincapi\u00e9 en el trabajo que se lleva a cabo desde la Secretar\u00eda de Ecolog\u00eda y Protecci\u00f3n Ambiental con respecto a los cuidados en materia de separaci\u00f3n de residuos, disponibilidad de residuos s\u00f3lidos urbanos, mantenimiento de la ciudad y especiales cuidados con respecto al entorno natural como playas.<\/p>\n\n\n\n<p>En cuanto al trabajo sanitario que se llev\u00f3 a cabo previamente a la reactivaci\u00f3n del turismo en Puerto Madryn, el funcionario municipal explic\u00f3 que m\u00e1s de 70 prestadores distinguieron en el Sello de Calidad Sanitaria de la Municipalidad de Puerto Madryn con protocolos sanitarios por Covid 19. Los resultados obtenidos fueron por dem\u00e1s positivos teniendo en cuenta la baja incidencia de contagios que hubo, por ejemplo, durante la temporada de verano en la ciudad en donde se implementaron dichos protocolos ante m\u00e1s de 62 mil turistas que llegaron a Puerto Madryn durante la temporada estival.<\/p>\n\n\n\n<p>A la vez, se expuso sobre el trabajo llevado a cabo bajo el Programa de Municipios Tur\u00edsticos Responsables, a cargo del Ministerio de Turismo de Naci\u00f3n y en el cual Puerto Madryn se conform\u00f3 como destino destacado de Patagonia. La articulaci\u00f3n Turismo \u2013 Salud tuvo como resultado una temporada segura, sin sobresaltos en materia de contagios y trabajo sanitario tanto en el hospital local como en el nuevo hospital modular que funciona en la ciudad desde este 2021.<\/p>\n\n\n\n<p>Fuente: https:\/\/www.elchubut.com.ar\/nota\/2021-5-17-9-23-0-madryn-expuso-su-experiencia-en-el-ii-foro-iberoamericano-de-turismo-sostenible<\/p>\n","protected":false},"excerpt":{"rendered":"","protected":false},"author":6,"featured_media":72407,"comment_status":"open","ping_status":"open","sticky":false,"template":"","format":"standard","meta":{"site-sidebar-layout":"default","site-content-layout":"","ast-site-content-layout":"default","site-content-style":"default","site-sidebar-style":"default","ast-global-header-display":"","ast-banner-title-visibility":"","ast-main-header-display":"","ast-hfb-above-header-display":"","ast-hfb-below-header-display":"","ast-hfb-mobile-header-display":"","site-post-title":"","ast-breadcrumbs-content":"","ast-featured-img":"","footer-sml-layout":"","ast-disable-related-posts":"","theme-transparent-header-meta":"","adv-header-id-meta":"","stick-header-meta":"","header-above-stick-meta":"","header-main-stick-meta":"","header-below-stick-meta":"","astra-migrate-meta-layouts":"default","ast-page-background-enabled":"default","ast-page-background-meta":{"desktop":{"background-color":"var(--ast-global-color-5)","background-image":"","background-repeat":"repeat","background-position":"center center","background-size":"auto","background-attachment":"scroll","background-type":"","background-media":"","overlay-type":"","overlay-color":"","overlay-opacity":"","overlay-gradient":""},"tablet":{"background-color":"","background-image":"","background-repeat":"repeat","background-position":"center center","background-size":"auto","background-attachment":"scroll","background-type":"","background-media":"","overlay-type":"","overlay-color":"","overlay-opacity":"","overlay-gradient":""},"mobile":{"background-color":"","background-image":"","background-repeat":"repeat","background-position":"center center","background-size":"auto","background-attachment":"scroll","background-type":"","background-media":"","overlay-type":"","overlay-color":"","overlay-opacity":"","overlay-gradient":""}},"ast-content-background-meta":{"desktop":{"background-color":"var(--ast-global-color-4)","background-image":"","background-repeat":"repeat","background-position":"center center","background-size":"auto","background-attachment":"scroll","background-type":"","background-media":"","overlay-type":"","overlay-color":"","overlay-opacity":"","overlay-gradient":""},"tablet":{"background-color":"var(--ast-global-color-4)","background-image":"","background-repeat":"repeat","background-position":"center center","background-size":"auto","background-attachment":"scroll","background-type":"","background-media":"","overlay-type":"","overlay-color":"","overlay-opacity":"","overlay-gradient":""},"mobile":{"background-color":"var(--ast-global-color-4)","background-image":"","background-repeat":"repeat","background-position":"center center","background-size":"auto","background-attachment":"scroll","background-type":"","background-media":"","overlay-type":"","overlay-color":"","overlay-opacity":"","overlay-gradient":""}},"footnotes":""},"categories":[12,11,1,10],"tags":[],"class_list":["post-72406","post","type-post","status-publish","format-standard","has-post-thumbnail","hentry","category-agenda-ambiental","category-boletin","category-noticias","category-rotador"],"yoast_head":"<!-- This site is optimized with the Yoast SEO Premium plugin v23.0 (Yoast SEO v27.5) - https:\/\/yoast.com\/product\/yoast-seo-premium-wordpress\/ -->\n<title>Madryn expuso su experiencia en el II Foro Iberoamericano de Turismo Sostenible<\/title>\n<meta name=\"robots\" content=\"index, follow, max-snippet:-1, max-image-preview:large, max-video-preview:-1\" \/>\n<link rel=\"canonical\" href=\"https:\/\/patagoniambiental.com.ar\/info\/madryn-expuso-su-experiencia-en-el-ii-foro-iberoamericano-de-turismo-sostenible\/\" \/>\n<meta property=\"og:locale\" content=\"es_ES\" \/>\n<meta property=\"og:type\" content=\"article\" \/>\n<meta property=\"og:title\" content=\"Madryn expuso su experiencia en el II Foro Iberoamericano de Turismo Sostenible\" \/>\n<meta property=\"og:url\" content=\"https:\/\/patagoniambiental.com.ar\/info\/madryn-expuso-su-experiencia-en-el-ii-foro-iberoamericano-de-turismo-sostenible\/\" \/>\n<meta property=\"og:site_name\" content=\"Patagonia Ambiental\" \/>\n<meta property=\"article:publisher\" content=\"https:\/\/www.facebook.com\/patagonia.ambiental\" \/>\n<meta property=\"article:published_time\" content=\"2021-05-17T20:28:45+00:00\" \/>\n<meta property=\"article:modified_time\" content=\"2021-05-17T20:28:48+00:00\" \/>\n<meta property=\"og:image\" content=\"https:\/\/patagoniambiental.com.ar\/info\/wp-content\/uploads\/2021\/05\/1621254351047.jpg\" \/>\n\t<meta property=\"og:image:width\" content=\"1024\" \/>\n\t<meta property=\"og:image:height\" content=\"624\" \/>\n\t<meta property=\"og:image:type\" content=\"image\/jpeg\" \/>\n<meta name=\"author\" content=\"BRAIAN ESTEVEZ\" \/>\n<meta name=\"twitter:card\" content=\"summary_large_image\" \/>\n<meta name=\"twitter:creator\" content=\"@PatAmb\" \/>\n<meta name=\"twitter:site\" content=\"@PatAmb\" \/>\n<script type=\"application\/ld+json\" class=\"yoast-schema-graph\">{\"@context\":\"https:\\\/\\\/schema.org\",\"@graph\":[{\"@type\":\"Article\",\"@id\":\"https:\\\/\\\/patagoniambiental.com.ar\\\/info\\\/madryn-expuso-su-experiencia-en-el-ii-foro-iberoamericano-de-turismo-sostenible\\\/#article\",\"isPartOf\":{\"@id\":\"https:\\\/\\\/patagoniambiental.com.ar\\\/info\\\/madryn-expuso-su-experiencia-en-el-ii-foro-iberoamericano-de-turismo-sostenible\\\/\"},\"author\":{\"name\":\"BRAIAN ESTEVEZ\",\"@id\":\"https:\\\/\\\/patagoniambiental.com.ar\\\/info\\\/#\\\/schema\\\/person\\\/e5af09d700b2e82cb10c6b8800e0c691\"},\"headline\":\"Madryn expuso su experiencia en el II Foro Iberoamericano de Turismo Sostenible\",\"datePublished\":\"2021-05-17T20:28:45+00:00\",\"dateModified\":\"2021-05-17T20:28:48+00:00\",\"mainEntityOfPage\":{\"@id\":\"https:\\\/\\\/patagoniambiental.com.ar\\\/info\\\/madryn-expuso-su-experiencia-en-el-ii-foro-iberoamericano-de-turismo-sostenible\\\/\"},\"wordCount\":518,\"commentCount\":0,\"publisher\":{\"@id\":\"https:\\\/\\\/patagoniambiental.com.ar\\\/info\\\/#organization\"},\"image\":{\"@id\":\"https:\\\/\\\/patagoniambiental.com.ar\\\/info\\\/madryn-expuso-su-experiencia-en-el-ii-foro-iberoamericano-de-turismo-sostenible\\\/#primaryimage\"},\"thumbnailUrl\":\"https:\\\/\\\/patagoniambiental.com.ar\\\/info\\\/wp-content\\\/uploads\\\/2021\\\/05\\\/1621254351047.jpg\",\"articleSection\":[\"Agenda Ambiental\",\"Bolet\u00edn\",\"Noticias\",\"Rotador\"],\"inLanguage\":\"es\",\"potentialAction\":[{\"@type\":\"CommentAction\",\"name\":\"Comment\",\"target\":[\"https:\\\/\\\/patagoniambiental.com.ar\\\/info\\\/madryn-expuso-su-experiencia-en-el-ii-foro-iberoamericano-de-turismo-sostenible\\\/#respond\"]}]},{\"@type\":\"WebPage\",\"@id\":\"https:\\\/\\\/patagoniambiental.com.ar\\\/info\\\/madryn-expuso-su-experiencia-en-el-ii-foro-iberoamericano-de-turismo-sostenible\\\/\",\"url\":\"https:\\\/\\\/patagoniambiental.com.ar\\\/info\\\/madryn-expuso-su-experiencia-en-el-ii-foro-iberoamericano-de-turismo-sostenible\\\/\",\"name\":\"Madryn expuso su experiencia en el II Foro Iberoamericano de Turismo Sostenible\",\"isPartOf\":{\"@id\":\"https:\\\/\\\/patagoniambiental.com.ar\\\/info\\\/#website\"},\"primaryImageOfPage\":{\"@id\":\"https:\\\/\\\/patagoniambiental.com.ar\\\/info\\\/madryn-expuso-su-experiencia-en-el-ii-foro-iberoamericano-de-turismo-sostenible\\\/#primaryimage\"},\"image\":{\"@id\":\"https:\\\/\\\/patagoniambiental.com.ar\\\/info\\\/madryn-expuso-su-experiencia-en-el-ii-foro-iberoamericano-de-turismo-sostenible\\\/#primaryimage\"},\"thumbnailUrl\":\"https:\\\/\\\/patagoniambiental.com.ar\\\/info\\\/wp-content\\\/uploads\\\/2021\\\/05\\\/1621254351047.jpg\",\"datePublished\":\"2021-05-17T20:28:45+00:00\",\"dateModified\":\"2021-05-17T20:28:48+00:00\",\"breadcrumb\":{\"@id\":\"https:\\\/\\\/patagoniambiental.com.ar\\\/info\\\/madryn-expuso-su-experiencia-en-el-ii-foro-iberoamericano-de-turismo-sostenible\\\/#breadcrumb\"},\"inLanguage\":\"es\",\"potentialAction\":[{\"@type\":\"ReadAction\",\"target\":[\"https:\\\/\\\/patagoniambiental.com.ar\\\/info\\\/madryn-expuso-su-experiencia-en-el-ii-foro-iberoamericano-de-turismo-sostenible\\\/\"]}]},{\"@type\":\"ImageObject\",\"inLanguage\":\"es\",\"@id\":\"https:\\\/\\\/patagoniambiental.com.ar\\\/info\\\/madryn-expuso-su-experiencia-en-el-ii-foro-iberoamericano-de-turismo-sostenible\\\/#primaryimage\",\"url\":\"https:\\\/\\\/patagoniambiental.com.ar\\\/info\\\/wp-content\\\/uploads\\\/2021\\\/05\\\/1621254351047.jpg\",\"contentUrl\":\"https:\\\/\\\/patagoniambiental.com.ar\\\/info\\\/wp-content\\\/uploads\\\/2021\\\/05\\\/1621254351047.jpg\",\"width\":985,\"height\":600},{\"@type\":\"BreadcrumbList\",\"@id\":\"https:\\\/\\\/patagoniambiental.com.ar\\\/info\\\/madryn-expuso-su-experiencia-en-el-ii-foro-iberoamericano-de-turismo-sostenible\\\/#breadcrumb\",\"itemListElement\":[{\"@type\":\"ListItem\",\"position\":1,\"name\":\"Inicio\",\"item\":\"https:\\\/\\\/patagoniambiental.com.ar\\\/info\\\/\"},{\"@type\":\"ListItem\",\"position\":2,\"name\":\"Madryn expuso su experiencia en el II Foro Iberoamericano de Turismo Sostenible\"}]},{\"@type\":\"WebSite\",\"@id\":\"https:\\\/\\\/patagoniambiental.com.ar\\\/info\\\/#website\",\"url\":\"https:\\\/\\\/patagoniambiental.com.ar\\\/info\\\/\",\"name\":\"Patagonia Ambiental\",\"description\":\"Monitoreo y an\u00e1lisis de la situaci\u00f3n geopol\u00edtica en el mundo y su implicancia en la Patagonia\",\"publisher\":{\"@id\":\"https:\\\/\\\/patagoniambiental.com.ar\\\/info\\\/#organization\"},\"potentialAction\":[{\"@type\":\"SearchAction\",\"target\":{\"@type\":\"EntryPoint\",\"urlTemplate\":\"https:\\\/\\\/patagoniambiental.com.ar\\\/info\\\/?s={search_term_string}\"},\"query-input\":{\"@type\":\"PropertyValueSpecification\",\"valueRequired\":true,\"valueName\":\"search_term_string\"}}],\"inLanguage\":\"es\"},{\"@type\":\"Organization\",\"@id\":\"https:\\\/\\\/patagoniambiental.com.ar\\\/info\\\/#organization\",\"name\":\"Patagonia Ambiental\",\"url\":\"https:\\\/\\\/patagoniambiental.com.ar\\\/info\\\/\",\"logo\":{\"@type\":\"ImageObject\",\"inLanguage\":\"es\",\"@id\":\"https:\\\/\\\/patagoniambiental.com.ar\\\/info\\\/#\\\/schema\\\/logo\\\/image\\\/\",\"url\":\"https:\\\/\\\/patagoniambiental.com.ar\\\/info\\\/wp-content\\\/uploads\\\/2025\\\/05\\\/LOGO-PATAGONIA-AMBIENTAL.png\",\"contentUrl\":\"https:\\\/\\\/patagoniambiental.com.ar\\\/info\\\/wp-content\\\/uploads\\\/2025\\\/05\\\/LOGO-PATAGONIA-AMBIENTAL.png\",\"width\":433,\"height\":250,\"caption\":\"Patagonia Ambiental\"},\"image\":{\"@id\":\"https:\\\/\\\/patagoniambiental.com.ar\\\/info\\\/#\\\/schema\\\/logo\\\/image\\\/\"},\"sameAs\":[\"https:\\\/\\\/www.facebook.com\\\/patagonia.ambiental\",\"https:\\\/\\\/x.com\\\/PatAmb\"]},{\"@type\":\"Person\",\"@id\":\"https:\\\/\\\/patagoniambiental.com.ar\\\/info\\\/#\\\/schema\\\/person\\\/e5af09d700b2e82cb10c6b8800e0c691\",\"name\":\"BRAIAN ESTEVEZ\",\"sameAs\":[\"http:\\\/\\\/www.patagoniambiental.com.ar\"]}]}<\/script>\n<!-- \/ Yoast SEO Premium plugin. -->","yoast_head_json":{"title":"Madryn expuso su experiencia en el II Foro Iberoamericano de Turismo Sostenible","robots":{"index":"index","follow":"follow","max-snippet":"max-snippet:-1","max-image-preview":"max-image-preview:large","max-video-preview":"max-video-preview:-1"},"canonical":"https:\/\/patagoniambiental.com.ar\/info\/madryn-expuso-su-experiencia-en-el-ii-foro-iberoamericano-de-turismo-sostenible\/","og_locale":"es_ES","og_type":"article","og_title":"Madryn expuso su experiencia en el II Foro Iberoamericano de Turismo Sostenible","og_url":"https:\/\/patagoniambiental.com.ar\/info\/madryn-expuso-su-experiencia-en-el-ii-foro-iberoamericano-de-turismo-sostenible\/","og_site_name":"Patagonia Ambiental","article_publisher":"https:\/\/www.facebook.com\/patagonia.ambiental","article_published_time":"2021-05-17T20:28:45+00:00","article_modified_time":"2021-05-17T20:28:48+00:00","og_image":[{"width":1024,"height":624,"url":"https:\/\/patagoniambiental.com.ar\/info\/wp-content\/uploads\/2021\/05\/1621254351047.jpg","type":"image\/jpeg"}],"author":"BRAIAN ESTEVEZ","twitter_card":"summary_large_image","twitter_creator":"@PatAmb","twitter_site":"@PatAmb","schema":{"@context":"https:\/\/schema.org","@graph":[{"@type":"Article","@id":"https:\/\/patagoniambiental.com.ar\/info\/madryn-expuso-su-experiencia-en-el-ii-foro-iberoamericano-de-turismo-sostenible\/#article","isPartOf":{"@id":"https:\/\/patagoniambiental.com.ar\/info\/madryn-expuso-su-experiencia-en-el-ii-foro-iberoamericano-de-turismo-sostenible\/"},"author":{"name":"BRAIAN ESTEVEZ","@id":"https:\/\/patagoniambiental.com.ar\/info\/#\/schema\/person\/e5af09d700b2e82cb10c6b8800e0c691"},"headline":"Madryn expuso su experiencia en el II Foro Iberoamericano de Turismo Sostenible","datePublished":"2021-05-17T20:28:45+00:00","dateModified":"2021-05-17T20:28:48+00:00","mainEntityOfPage":{"@id":"https:\/\/patagoniambiental.com.ar\/info\/madryn-expuso-su-experiencia-en-el-ii-foro-iberoamericano-de-turismo-sostenible\/"},"wordCount":518,"commentCount":0,"publisher":{"@id":"https:\/\/patagoniambiental.com.ar\/info\/#organization"},"image":{"@id":"https:\/\/patagoniambiental.com.ar\/info\/madryn-expuso-su-experiencia-en-el-ii-foro-iberoamericano-de-turismo-sostenible\/#primaryimage"},"thumbnailUrl":"https:\/\/patagoniambiental.com.ar\/info\/wp-content\/uploads\/2021\/05\/1621254351047.jpg","articleSection":["Agenda Ambiental","Bolet\u00edn","Noticias","Rotador"],"inLanguage":"es","potentialAction":[{"@type":"CommentAction","name":"Comment","target":["https:\/\/patagoniambiental.com.ar\/info\/madryn-expuso-su-experiencia-en-el-ii-foro-iberoamericano-de-turismo-sostenible\/#respond"]}]},{"@type":"WebPage","@id":"https:\/\/patagoniambiental.com.ar\/info\/madryn-expuso-su-experiencia-en-el-ii-foro-iberoamericano-de-turismo-sostenible\/","url":"https:\/\/patagoniambiental.com.ar\/info\/madryn-expuso-su-experiencia-en-el-ii-foro-iberoamericano-de-turismo-sostenible\/","name":"Madryn expuso su experiencia en el II Foro Iberoamericano de Turismo Sostenible","isPartOf":{"@id":"https:\/\/patagoniambiental.com.ar\/info\/#website"},"primaryImageOfPage":{"@id":"https:\/\/patagoniambiental.com.ar\/info\/madryn-expuso-su-experiencia-en-el-ii-foro-iberoamericano-de-turismo-sostenible\/#primaryimage"},"image":{"@id":"https:\/\/patagoniambiental.com.ar\/info\/madryn-expuso-su-experiencia-en-el-ii-foro-iberoamericano-de-turismo-sostenible\/#primaryimage"},"thumbnailUrl":"https:\/\/patagoniambiental.com.ar\/info\/wp-content\/uploads\/2021\/05\/1621254351047.jpg","datePublished":"2021-05-17T20:28:45+00:00","dateModified":"2021-05-17T20:28:48+00:00","breadcrumb":{"@id":"https:\/\/patagoniambiental.com.ar\/info\/madryn-expuso-su-experiencia-en-el-ii-foro-iberoamericano-de-turismo-sostenible\/#breadcrumb"},"inLanguage":"es","potentialAction":[{"@type":"ReadAction","target":["https:\/\/patagoniambiental.com.ar\/info\/madryn-expuso-su-experiencia-en-el-ii-foro-iberoamericano-de-turismo-sostenible\/"]}]},{"@type":"ImageObject","inLanguage":"es","@id":"https:\/\/patagoniambiental.com.ar\/info\/madryn-expuso-su-experiencia-en-el-ii-foro-iberoamericano-de-turismo-sostenible\/#primaryimage","url":"https:\/\/patagoniambiental.com.ar\/info\/wp-content\/uploads\/2021\/05\/1621254351047.jpg","contentUrl":"https:\/\/patagoniambiental.com.ar\/info\/wp-content\/uploads\/2021\/05\/1621254351047.jpg","width":985,"height":600},{"@type":"BreadcrumbList","@id":"https:\/\/patagoniambiental.com.ar\/info\/madryn-expuso-su-experiencia-en-el-ii-foro-iberoamericano-de-turismo-sostenible\/#breadcrumb","itemListElement":[{"@type":"ListItem","position":1,"name":"Inicio","item":"https:\/\/patagoniambiental.com.ar\/info\/"},{"@type":"ListItem","position":2,"name":"Madryn expuso su experiencia en el II Foro Iberoamericano de Turismo Sostenible"}]},{"@type":"WebSite","@id":"https:\/\/patagoniambiental.com.ar\/info\/#website","url":"https:\/\/patagoniambiental.com.ar\/info\/","name":"Patagonia Ambiental","description":"Monitoreo y an\u00e1lisis de la situaci\u00f3n geopol\u00edtica en el mundo y su implicancia en la Patagonia","publisher":{"@id":"https:\/\/patagoniambiental.com.ar\/info\/#organization"},"potentialAction":[{"@type":"SearchAction","target":{"@type":"EntryPoint","urlTemplate":"https:\/\/patagoniambiental.com.ar\/info\/?s={search_term_string}"},"query-input":{"@type":"PropertyValueSpecification","valueRequired":true,"valueName":"search_term_string"}}],"inLanguage":"es"},{"@type":"Organization","@id":"https:\/\/patagoniambiental.com.ar\/info\/#organization","name":"Patagonia Ambiental","url":"https:\/\/patagoniambiental.com.ar\/info\/","logo":{"@type":"ImageObject","inLanguage":"es","@id":"https:\/\/patagoniambiental.com.ar\/info\/#\/schema\/logo\/image\/","url":"https:\/\/patagoniambiental.com.ar\/info\/wp-content\/uploads\/2025\/05\/LOGO-PATAGONIA-AMBIENTAL.png","contentUrl":"https:\/\/patagoniambiental.com.ar\/info\/wp-content\/uploads\/2025\/05\/LOGO-PATAGONIA-AMBIENTAL.png","width":433,"height":250,"caption":"Patagonia Ambiental"},"image":{"@id":"https:\/\/patagoniambiental.com.ar\/info\/#\/schema\/logo\/image\/"},"sameAs":["https:\/\/www.facebook.com\/patagonia.ambiental","https:\/\/x.com\/PatAmb"]},{"@type":"Person","@id":"https:\/\/patagoniambiental.com.ar\/info\/#\/schema\/person\/e5af09d700b2e82cb10c6b8800e0c691","name":"BRAIAN ESTEVEZ","sameAs":["http:\/\/www.patagoniambiental.com.ar"]}]}},"_links":{"self":[{"href":"https:\/\/patagoniambiental.com.ar\/info\/wp-json\/wp\/v2\/posts\/72406","targetHints":{"allow":["GET"]}}],"collection":[{"href":"https:\/\/patagoniambiental.com.ar\/info\/wp-json\/wp\/v2\/posts"}],"about":[{"href":"https:\/\/patagoniambiental.com.ar\/info\/wp-json\/wp\/v2\/types\/post"}],"author":[{"embeddable":true,"href":"https:\/\/patagoniambiental.com.ar\/info\/wp-json\/wp\/v2\/users\/6"}],"replies":[{"embeddable":true,"href":"https:\/\/patagoniambiental.com.ar\/info\/wp-json\/wp\/v2\/comments?post=72406"}],"version-history":[{"count":0,"href":"https:\/\/patagoniambiental.com.ar\/info\/wp-json\/wp\/v2\/posts\/72406\/revisions"}],"wp:featuredmedia":[{"embeddable":true,"href":"https:\/\/patagoniambiental.com.ar\/info\/wp-json\/wp\/v2\/media\/72407"}],"wp:attachment":[{"href":"https:\/\/patagoniambiental.com.ar\/info\/wp-json\/wp\/v2\/media?parent=72406"}],"wp:term":[{"taxonomy":"category","embeddable":true,"href":"https:\/\/patagoniambiental.com.ar\/info\/wp-json\/wp\/v2\/categories?post=72406"},{"taxonomy":"post_tag","embeddable":true,"href":"https:\/\/patagoniambiental.com.ar\/info\/wp-json\/wp\/v2\/tags?post=72406"}],"curies":[{"name":"wp","href":"https:\/\/api.w.org\/{rel}","templated":true}]}}