{"id":72453,"date":"2021-05-19T11:41:45","date_gmt":"2021-05-19T14:41:45","guid":{"rendered":"http:\/\/patagoniambiental.com.ar\/info\/?p=72453"},"modified":"2021-05-19T11:41:49","modified_gmt":"2021-05-19T14:41:49","slug":"interes-legislativo-por-el-legado-de-paez-vilaro-en-las-grutas","status":"publish","type":"post","link":"https:\/\/patagoniambiental.com.ar\/info\/interes-legislativo-por-el-legado-de-paez-vilaro-en-las-grutas\/","title":{"rendered":"Inter\u00e9s legislativo por el legado de Pa\u00e9z Vilaro en Las Grutas"},"content":{"rendered":"\n<!--more-->\n\n\n\n<p>Las Grutas.-La legisladora Mar\u00eda Liliana Gemignani del Bloque JSRN presento una iniciativa para profundizar la puesta en valor del legado del artista pl\u00e1stico uruguayo Carlos Paez Vilaro en Las Grutas. Se trata de un proyecto para declarar\u00a0 de inter\u00e9s tur\u00edstico, art\u00edstico, social y cultural: a) Las obras del artista ubicadas en el interior del Aer\u00f3dromo Antoine Saint Exupery, en el edificio de la Delegaci\u00f3n Municipal de Las Grutas y el logo del 50 aniversario de la villa balnearia dise\u00f1ado y obsequiado por el en el a\u00f1o 2010. b) La obra de su hija Ago Pa\u00e9z Vilaro que se halla expuestas en el edificio de la delegaci\u00f3n municipal de la ciudad de Las Grutas. c) Al murall\u00f3n costero blanco con ondulaciones que se extiende desde barrio Terraza al Mar hasta la S\u00e9ptima Bajada cubriendo 3.300 metros del cual su construcci\u00f3n fue inspirada por dicho artista en su visita a la Villa Balnearia en el a\u00f1o 1989.<\/p>\n\n\n\n<figure class=\"wp-block-image size-large\"><img fetchpriority=\"high\" decoding=\"async\" width=\"750\" height=\"500\" src=\"https:\/\/patagoniambiental.com.ar\/info\/wp-content\/uploads\/2021\/05\/5167786.jpg\" alt=\"\" class=\"wp-image-72454\"\/><figcaption>Foto: Diario Rio Negro. Pintura de Carlos Paez Vilaro ubicada en la delegaci\u00f3n Municipal de San Antonio oeste en Las Grutas.<\/figcaption><\/figure>\n\n\n\n<p>En los fundamentos se explica que a fines de 1989, el artista pl\u00e1stico uruguayo Carlos Pa\u00e9z Vilaro vino a conocer la ciudad de Las Grutas quedando maravillado por sus bellezas naturales y porque le recordaba a \u201cCasa Pueblo\u201d, un hotel paradisiaco de estilo mediterraneo construido por el muy visitado en Punta Ballena, a 13 km de Punta del Este, Uruguay. Al inicio, la construcci\u00f3n que comenz\u00f3 en el a\u00f1o 1958, que termino siendo dicho hotel, fue su casa, taller y lugar de veraneo. Incluye un museo, una galer\u00eda de arte, donde se pueden apreciar y adquirir sus obras. All\u00ed pas\u00f3 sus \u00faltimos d\u00edas hasta el 24 de febrero del 2014 cuando parti\u00f3 a los 90 a\u00f1os dejando una obra invaluable. Fue pintor,ceramista, escultor, muralista,escritor,compositor y constructor. Se destaca entre sus poemas uno titulado \u201cla Ceremonia del Sol\u201d .En su estad\u00eda en la ciudad de Las Grutas promovi\u00f3, al igual que en Casa Pueblo, las formas de estilo mediterr\u00e1neo que hoy se pueden apreciar en los paredones de la costanera, bajadas a la playa y propiedades privadas. Alejandro Izco, arquitecto del municipio durante la intendencia de Carlos Carasale en la visita de Vilaro fue quien bajo a la pr\u00e1ctica la idea de ladrillos y concreto de formas onduladas que marca el l\u00edmite entre la vereda y el acantilado e ideo los paredones blancos con las ondulaciones. En su visita, Vilaro obsequi\u00f3 a la comunidad dos murales. Uno para la inauguraci\u00f3n del aer\u00f3dromo Antoine de Saint-Exup\u00e9ry y otro en la Delegaci\u00f3n Municipal la cual hab\u00eda pintado en el anterior edificio comunal el cual fue demolido para construir el complejo de un gremio que compr\u00f3 el terreno escindieron el trozo de pared donde lo hab\u00eda pintado y lo trasladaron al nuevo edificio, donde est\u00e1 expuesto al p\u00fablico y se conserva intacto. <\/p>\n\n\n\n<figure class=\"wp-block-image size-large\"><img decoding=\"async\" width=\"696\" height=\"522\" src=\"https:\/\/patagoniambiental.com.ar\/info\/wp-content\/uploads\/2021\/05\/San-Antonio-Oeste-LADE-Fokker-F27_PICT2208.jpg\" alt=\"\" class=\"wp-image-72456\"\/><figcaption>Foto: www.aviacionline.com\/. Pintura de Carlos Paez Vilaro en el Aer\u00f3dromo Antoine Saint Exupery de las Grutas<\/figcaption><\/figure>\n\n\n\n<p>En 2010 Vilaro visito nuevamente la Villa tur\u00edstica y aport\u00f3 el logotipo por los 50 a\u00f1os para el cual se le hab\u00eda solicitado colaboraci\u00f3n y accedi\u00f3 desinteresadamente. El 17 de septiembre de 2014, la artista pl\u00e1stica Ag\u00f3, hija del Carlos P\u00e1ez Vilar\u00f3, y continuadora de su obra, pint\u00f3 un mural en uno de las salones del centro c\u00edvico de esta ciudad donde se conserva uno de los que cre\u00f3 su padre. Ese estilo arquitect\u00f3nico mediterraneo que se puede apreciar en la ciudad de Las Grutas es un patrimonio de identidad arquitect\u00f3nica y cultural Por ello en diciembre de 2020 fue protegido por la Ordenanza N\u00b0 6063 del 2-12-2020 que declara Patrimonio Cultural Municipal al murall\u00f3n costero que se Legislatura de la Provincia de R\u00edo Negro extiende desde el barrio Terraza al Mar hasta la S\u00e9ptima Bajada y prev\u00e9 que ante la \u201cmodificaci\u00f3n, intervenci\u00f3n, alteraci\u00f3n y\/o da\u00f1o\u201d se impondr\u00e1 una multa. El legado del artista uruguayo en la villa turistica no es muy conocido a nivel local por lo que esta iniciativa, complementada a lo realizado a nivel municipal e iniciativas particulares privadas contribuir\u00e1 a su puesta en valor.<\/p>\n\n\n\n<p>Fuente: legislatura de Rio Negro<\/p>\n","protected":false},"excerpt":{"rendered":"","protected":false},"author":6,"featured_media":72456,"comment_status":"open","ping_status":"open","sticky":false,"template":"","format":"standard","meta":{"site-sidebar-layout":"default","site-content-layout":"","ast-site-content-layout":"default","site-content-style":"default","site-sidebar-style":"default","ast-global-header-display":"","ast-banner-title-visibility":"","ast-main-header-display":"","ast-hfb-above-header-display":"","ast-hfb-below-header-display":"","ast-hfb-mobile-header-display":"","site-post-title":"","ast-breadcrumbs-content":"","ast-featured-img":"","footer-sml-layout":"","ast-disable-related-posts":"","theme-transparent-header-meta":"","adv-header-id-meta":"","stick-header-meta":"","header-above-stick-meta":"","header-main-stick-meta":"","header-below-stick-meta":"","astra-migrate-meta-layouts":"default","ast-page-background-enabled":"default","ast-page-background-meta":{"desktop":{"background-color":"var(--ast-global-color-5)","background-image":"","background-repeat":"repeat","background-position":"center center","background-size":"auto","background-attachment":"scroll","background-type":"","background-media":"","overlay-type":"","overlay-color":"","overlay-opacity":"","overlay-gradient":""},"tablet":{"background-color":"","background-image":"","background-repeat":"repeat","background-position":"center center","background-size":"auto","background-attachment":"scroll","background-type":"","background-media":"","overlay-type":"","overlay-color":"","overlay-opacity":"","overlay-gradient":""},"mobile":{"background-color":"","background-image":"","background-repeat":"repeat","background-position":"center center","background-size":"auto","background-attachment":"scroll","background-type":"","background-media":"","overlay-type":"","overlay-color":"","overlay-opacity":"","overlay-gradient":""}},"ast-content-background-meta":{"desktop":{"background-color":"var(--ast-global-color-4)","background-image":"","background-repeat":"repeat","background-position":"center center","background-size":"auto","background-attachment":"scroll","background-type":"","background-media":"","overlay-type":"","overlay-color":"","overlay-opacity":"","overlay-gradient":""},"tablet":{"background-color":"var(--ast-global-color-4)","background-image":"","background-repeat":"repeat","background-position":"center center","background-size":"auto","background-attachment":"scroll","background-type":"","background-media":"","overlay-type":"","overlay-color":"","overlay-opacity":"","overlay-gradient":""},"mobile":{"background-color":"var(--ast-global-color-4)","background-image":"","background-repeat":"repeat","background-position":"center center","background-size":"auto","background-attachment":"scroll","background-type":"","background-media":"","overlay-type":"","overlay-color":"","overlay-opacity":"","overlay-gradient":""}},"footnotes":""},"categories":[11,23,1,10],"tags":[],"class_list":["post-72453","post","type-post","status-publish","format-standard","has-post-thumbnail","hentry","category-boletin","category-internacionales","category-noticias","category-rotador"],"yoast_head":"<!-- This site is optimized with the Yoast SEO Premium plugin v23.0 (Yoast SEO v27.5) - https:\/\/yoast.com\/product\/yoast-seo-premium-wordpress\/ -->\n<title>Inter\u00e9s legislativo por el legado de Pa\u00e9z Vilaro en Las Grutas<\/title>\n<meta name=\"robots\" content=\"index, follow, max-snippet:-1, max-image-preview:large, max-video-preview:-1\" \/>\n<link rel=\"canonical\" href=\"https:\/\/patagoniambiental.com.ar\/info\/interes-legislativo-por-el-legado-de-paez-vilaro-en-las-grutas\/\" \/>\n<meta property=\"og:locale\" content=\"es_ES\" \/>\n<meta property=\"og:type\" content=\"article\" \/>\n<meta property=\"og:title\" content=\"Inter\u00e9s legislativo por el legado de Pa\u00e9z Vilaro en Las Grutas\" \/>\n<meta property=\"og:url\" content=\"https:\/\/patagoniambiental.com.ar\/info\/interes-legislativo-por-el-legado-de-paez-vilaro-en-las-grutas\/\" \/>\n<meta property=\"og:site_name\" content=\"Patagonia Ambiental\" \/>\n<meta property=\"article:publisher\" content=\"https:\/\/www.facebook.com\/patagonia.ambiental\" \/>\n<meta property=\"article:published_time\" content=\"2021-05-19T14:41:45+00:00\" \/>\n<meta property=\"article:modified_time\" content=\"2021-05-19T14:41:49+00:00\" \/>\n<meta property=\"og:image\" content=\"https:\/\/patagoniambiental.com.ar\/info\/wp-content\/uploads\/2021\/05\/San-Antonio-Oeste-LADE-Fokker-F27_PICT2208.jpg\" \/>\n\t<meta property=\"og:image:width\" content=\"696\" \/>\n\t<meta property=\"og:image:height\" content=\"522\" \/>\n\t<meta property=\"og:image:type\" content=\"image\/jpeg\" \/>\n<meta name=\"author\" content=\"BRAIAN ESTEVEZ\" \/>\n<meta name=\"twitter:card\" content=\"summary_large_image\" \/>\n<meta name=\"twitter:creator\" content=\"@PatAmb\" \/>\n<meta name=\"twitter:site\" content=\"@PatAmb\" \/>\n<script type=\"application\/ld+json\" class=\"yoast-schema-graph\">{\"@context\":\"https:\\\/\\\/schema.org\",\"@graph\":[{\"@type\":\"Article\",\"@id\":\"https:\\\/\\\/patagoniambiental.com.ar\\\/info\\\/interes-legislativo-por-el-legado-de-paez-vilaro-en-las-grutas\\\/#article\",\"isPartOf\":{\"@id\":\"https:\\\/\\\/patagoniambiental.com.ar\\\/info\\\/interes-legislativo-por-el-legado-de-paez-vilaro-en-las-grutas\\\/\"},\"author\":{\"name\":\"BRAIAN ESTEVEZ\",\"@id\":\"https:\\\/\\\/patagoniambiental.com.ar\\\/info\\\/#\\\/schema\\\/person\\\/e5af09d700b2e82cb10c6b8800e0c691\"},\"headline\":\"Inter\u00e9s legislativo por el legado de Pa\u00e9z Vilaro en Las Grutas\",\"datePublished\":\"2021-05-19T14:41:45+00:00\",\"dateModified\":\"2021-05-19T14:41:49+00:00\",\"mainEntityOfPage\":{\"@id\":\"https:\\\/\\\/patagoniambiental.com.ar\\\/info\\\/interes-legislativo-por-el-legado-de-paez-vilaro-en-las-grutas\\\/\"},\"wordCount\":739,\"commentCount\":0,\"publisher\":{\"@id\":\"https:\\\/\\\/patagoniambiental.com.ar\\\/info\\\/#organization\"},\"image\":{\"@id\":\"https:\\\/\\\/patagoniambiental.com.ar\\\/info\\\/interes-legislativo-por-el-legado-de-paez-vilaro-en-las-grutas\\\/#primaryimage\"},\"thumbnailUrl\":\"https:\\\/\\\/patagoniambiental.com.ar\\\/info\\\/wp-content\\\/uploads\\\/2021\\\/05\\\/San-Antonio-Oeste-LADE-Fokker-F27_PICT2208.jpg\",\"articleSection\":[\"Bolet\u00edn\",\"Internacionales\",\"Noticias\",\"Rotador\"],\"inLanguage\":\"es\",\"potentialAction\":[{\"@type\":\"CommentAction\",\"name\":\"Comment\",\"target\":[\"https:\\\/\\\/patagoniambiental.com.ar\\\/info\\\/interes-legislativo-por-el-legado-de-paez-vilaro-en-las-grutas\\\/#respond\"]}]},{\"@type\":\"WebPage\",\"@id\":\"https:\\\/\\\/patagoniambiental.com.ar\\\/info\\\/interes-legislativo-por-el-legado-de-paez-vilaro-en-las-grutas\\\/\",\"url\":\"https:\\\/\\\/patagoniambiental.com.ar\\\/info\\\/interes-legislativo-por-el-legado-de-paez-vilaro-en-las-grutas\\\/\",\"name\":\"Inter\u00e9s legislativo por el legado de Pa\u00e9z Vilaro en Las Grutas\",\"isPartOf\":{\"@id\":\"https:\\\/\\\/patagoniambiental.com.ar\\\/info\\\/#website\"},\"primaryImageOfPage\":{\"@id\":\"https:\\\/\\\/patagoniambiental.com.ar\\\/info\\\/interes-legislativo-por-el-legado-de-paez-vilaro-en-las-grutas\\\/#primaryimage\"},\"image\":{\"@id\":\"https:\\\/\\\/patagoniambiental.com.ar\\\/info\\\/interes-legislativo-por-el-legado-de-paez-vilaro-en-las-grutas\\\/#primaryimage\"},\"thumbnailUrl\":\"https:\\\/\\\/patagoniambiental.com.ar\\\/info\\\/wp-content\\\/uploads\\\/2021\\\/05\\\/San-Antonio-Oeste-LADE-Fokker-F27_PICT2208.jpg\",\"datePublished\":\"2021-05-19T14:41:45+00:00\",\"dateModified\":\"2021-05-19T14:41:49+00:00\",\"breadcrumb\":{\"@id\":\"https:\\\/\\\/patagoniambiental.com.ar\\\/info\\\/interes-legislativo-por-el-legado-de-paez-vilaro-en-las-grutas\\\/#breadcrumb\"},\"inLanguage\":\"es\",\"potentialAction\":[{\"@type\":\"ReadAction\",\"target\":[\"https:\\\/\\\/patagoniambiental.com.ar\\\/info\\\/interes-legislativo-por-el-legado-de-paez-vilaro-en-las-grutas\\\/\"]}]},{\"@type\":\"ImageObject\",\"inLanguage\":\"es\",\"@id\":\"https:\\\/\\\/patagoniambiental.com.ar\\\/info\\\/interes-legislativo-por-el-legado-de-paez-vilaro-en-las-grutas\\\/#primaryimage\",\"url\":\"https:\\\/\\\/patagoniambiental.com.ar\\\/info\\\/wp-content\\\/uploads\\\/2021\\\/05\\\/San-Antonio-Oeste-LADE-Fokker-F27_PICT2208.jpg\",\"contentUrl\":\"https:\\\/\\\/patagoniambiental.com.ar\\\/info\\\/wp-content\\\/uploads\\\/2021\\\/05\\\/San-Antonio-Oeste-LADE-Fokker-F27_PICT2208.jpg\",\"width\":696,\"height\":522},{\"@type\":\"BreadcrumbList\",\"@id\":\"https:\\\/\\\/patagoniambiental.com.ar\\\/info\\\/interes-legislativo-por-el-legado-de-paez-vilaro-en-las-grutas\\\/#breadcrumb\",\"itemListElement\":[{\"@type\":\"ListItem\",\"position\":1,\"name\":\"Inicio\",\"item\":\"https:\\\/\\\/patagoniambiental.com.ar\\\/info\\\/\"},{\"@type\":\"ListItem\",\"position\":2,\"name\":\"Inter\u00e9s legislativo por el legado de Pa\u00e9z Vilaro en Las Grutas\"}]},{\"@type\":\"WebSite\",\"@id\":\"https:\\\/\\\/patagoniambiental.com.ar\\\/info\\\/#website\",\"url\":\"https:\\\/\\\/patagoniambiental.com.ar\\\/info\\\/\",\"name\":\"Patagonia Ambiental\",\"description\":\"Monitoreo y an\u00e1lisis de la situaci\u00f3n geopol\u00edtica en el mundo y su implicancia en la Patagonia\",\"publisher\":{\"@id\":\"https:\\\/\\\/patagoniambiental.com.ar\\\/info\\\/#organization\"},\"potentialAction\":[{\"@type\":\"SearchAction\",\"target\":{\"@type\":\"EntryPoint\",\"urlTemplate\":\"https:\\\/\\\/patagoniambiental.com.ar\\\/info\\\/?s={search_term_string}\"},\"query-input\":{\"@type\":\"PropertyValueSpecification\",\"valueRequired\":true,\"valueName\":\"search_term_string\"}}],\"inLanguage\":\"es\"},{\"@type\":\"Organization\",\"@id\":\"https:\\\/\\\/patagoniambiental.com.ar\\\/info\\\/#organization\",\"name\":\"Patagonia Ambiental\",\"url\":\"https:\\\/\\\/patagoniambiental.com.ar\\\/info\\\/\",\"logo\":{\"@type\":\"ImageObject\",\"inLanguage\":\"es\",\"@id\":\"https:\\\/\\\/patagoniambiental.com.ar\\\/info\\\/#\\\/schema\\\/logo\\\/image\\\/\",\"url\":\"https:\\\/\\\/patagoniambiental.com.ar\\\/info\\\/wp-content\\\/uploads\\\/2025\\\/05\\\/LOGO-PATAGONIA-AMBIENTAL.png\",\"contentUrl\":\"https:\\\/\\\/patagoniambiental.com.ar\\\/info\\\/wp-content\\\/uploads\\\/2025\\\/05\\\/LOGO-PATAGONIA-AMBIENTAL.png\",\"width\":433,\"height\":250,\"caption\":\"Patagonia Ambiental\"},\"image\":{\"@id\":\"https:\\\/\\\/patagoniambiental.com.ar\\\/info\\\/#\\\/schema\\\/logo\\\/image\\\/\"},\"sameAs\":[\"https:\\\/\\\/www.facebook.com\\\/patagonia.ambiental\",\"https:\\\/\\\/x.com\\\/PatAmb\"]},{\"@type\":\"Person\",\"@id\":\"https:\\\/\\\/patagoniambiental.com.ar\\\/info\\\/#\\\/schema\\\/person\\\/e5af09d700b2e82cb10c6b8800e0c691\",\"name\":\"BRAIAN ESTEVEZ\",\"sameAs\":[\"http:\\\/\\\/www.patagoniambiental.com.ar\"]}]}<\/script>\n<!-- \/ Yoast SEO Premium plugin. -->","yoast_head_json":{"title":"Inter\u00e9s legislativo por el legado de Pa\u00e9z Vilaro en Las Grutas","robots":{"index":"index","follow":"follow","max-snippet":"max-snippet:-1","max-image-preview":"max-image-preview:large","max-video-preview":"max-video-preview:-1"},"canonical":"https:\/\/patagoniambiental.com.ar\/info\/interes-legislativo-por-el-legado-de-paez-vilaro-en-las-grutas\/","og_locale":"es_ES","og_type":"article","og_title":"Inter\u00e9s legislativo por el legado de Pa\u00e9z Vilaro en Las Grutas","og_url":"https:\/\/patagoniambiental.com.ar\/info\/interes-legislativo-por-el-legado-de-paez-vilaro-en-las-grutas\/","og_site_name":"Patagonia Ambiental","article_publisher":"https:\/\/www.facebook.com\/patagonia.ambiental","article_published_time":"2021-05-19T14:41:45+00:00","article_modified_time":"2021-05-19T14:41:49+00:00","og_image":[{"width":696,"height":522,"url":"https:\/\/patagoniambiental.com.ar\/info\/wp-content\/uploads\/2021\/05\/San-Antonio-Oeste-LADE-Fokker-F27_PICT2208.jpg","type":"image\/jpeg"}],"author":"BRAIAN ESTEVEZ","twitter_card":"summary_large_image","twitter_creator":"@PatAmb","twitter_site":"@PatAmb","schema":{"@context":"https:\/\/schema.org","@graph":[{"@type":"Article","@id":"https:\/\/patagoniambiental.com.ar\/info\/interes-legislativo-por-el-legado-de-paez-vilaro-en-las-grutas\/#article","isPartOf":{"@id":"https:\/\/patagoniambiental.com.ar\/info\/interes-legislativo-por-el-legado-de-paez-vilaro-en-las-grutas\/"},"author":{"name":"BRAIAN ESTEVEZ","@id":"https:\/\/patagoniambiental.com.ar\/info\/#\/schema\/person\/e5af09d700b2e82cb10c6b8800e0c691"},"headline":"Inter\u00e9s legislativo por el legado de Pa\u00e9z Vilaro en Las Grutas","datePublished":"2021-05-19T14:41:45+00:00","dateModified":"2021-05-19T14:41:49+00:00","mainEntityOfPage":{"@id":"https:\/\/patagoniambiental.com.ar\/info\/interes-legislativo-por-el-legado-de-paez-vilaro-en-las-grutas\/"},"wordCount":739,"commentCount":0,"publisher":{"@id":"https:\/\/patagoniambiental.com.ar\/info\/#organization"},"image":{"@id":"https:\/\/patagoniambiental.com.ar\/info\/interes-legislativo-por-el-legado-de-paez-vilaro-en-las-grutas\/#primaryimage"},"thumbnailUrl":"https:\/\/patagoniambiental.com.ar\/info\/wp-content\/uploads\/2021\/05\/San-Antonio-Oeste-LADE-Fokker-F27_PICT2208.jpg","articleSection":["Bolet\u00edn","Internacionales","Noticias","Rotador"],"inLanguage":"es","potentialAction":[{"@type":"CommentAction","name":"Comment","target":["https:\/\/patagoniambiental.com.ar\/info\/interes-legislativo-por-el-legado-de-paez-vilaro-en-las-grutas\/#respond"]}]},{"@type":"WebPage","@id":"https:\/\/patagoniambiental.com.ar\/info\/interes-legislativo-por-el-legado-de-paez-vilaro-en-las-grutas\/","url":"https:\/\/patagoniambiental.com.ar\/info\/interes-legislativo-por-el-legado-de-paez-vilaro-en-las-grutas\/","name":"Inter\u00e9s legislativo por el legado de Pa\u00e9z Vilaro en Las Grutas","isPartOf":{"@id":"https:\/\/patagoniambiental.com.ar\/info\/#website"},"primaryImageOfPage":{"@id":"https:\/\/patagoniambiental.com.ar\/info\/interes-legislativo-por-el-legado-de-paez-vilaro-en-las-grutas\/#primaryimage"},"image":{"@id":"https:\/\/patagoniambiental.com.ar\/info\/interes-legislativo-por-el-legado-de-paez-vilaro-en-las-grutas\/#primaryimage"},"thumbnailUrl":"https:\/\/patagoniambiental.com.ar\/info\/wp-content\/uploads\/2021\/05\/San-Antonio-Oeste-LADE-Fokker-F27_PICT2208.jpg","datePublished":"2021-05-19T14:41:45+00:00","dateModified":"2021-05-19T14:41:49+00:00","breadcrumb":{"@id":"https:\/\/patagoniambiental.com.ar\/info\/interes-legislativo-por-el-legado-de-paez-vilaro-en-las-grutas\/#breadcrumb"},"inLanguage":"es","potentialAction":[{"@type":"ReadAction","target":["https:\/\/patagoniambiental.com.ar\/info\/interes-legislativo-por-el-legado-de-paez-vilaro-en-las-grutas\/"]}]},{"@type":"ImageObject","inLanguage":"es","@id":"https:\/\/patagoniambiental.com.ar\/info\/interes-legislativo-por-el-legado-de-paez-vilaro-en-las-grutas\/#primaryimage","url":"https:\/\/patagoniambiental.com.ar\/info\/wp-content\/uploads\/2021\/05\/San-Antonio-Oeste-LADE-Fokker-F27_PICT2208.jpg","contentUrl":"https:\/\/patagoniambiental.com.ar\/info\/wp-content\/uploads\/2021\/05\/San-Antonio-Oeste-LADE-Fokker-F27_PICT2208.jpg","width":696,"height":522},{"@type":"BreadcrumbList","@id":"https:\/\/patagoniambiental.com.ar\/info\/interes-legislativo-por-el-legado-de-paez-vilaro-en-las-grutas\/#breadcrumb","itemListElement":[{"@type":"ListItem","position":1,"name":"Inicio","item":"https:\/\/patagoniambiental.com.ar\/info\/"},{"@type":"ListItem","position":2,"name":"Inter\u00e9s legislativo por el legado de Pa\u00e9z Vilaro en Las Grutas"}]},{"@type":"WebSite","@id":"https:\/\/patagoniambiental.com.ar\/info\/#website","url":"https:\/\/patagoniambiental.com.ar\/info\/","name":"Patagonia Ambiental","description":"Monitoreo y an\u00e1lisis de la situaci\u00f3n geopol\u00edtica en el mundo y su implicancia en la Patagonia","publisher":{"@id":"https:\/\/patagoniambiental.com.ar\/info\/#organization"},"potentialAction":[{"@type":"SearchAction","target":{"@type":"EntryPoint","urlTemplate":"https:\/\/patagoniambiental.com.ar\/info\/?s={search_term_string}"},"query-input":{"@type":"PropertyValueSpecification","valueRequired":true,"valueName":"search_term_string"}}],"inLanguage":"es"},{"@type":"Organization","@id":"https:\/\/patagoniambiental.com.ar\/info\/#organization","name":"Patagonia Ambiental","url":"https:\/\/patagoniambiental.com.ar\/info\/","logo":{"@type":"ImageObject","inLanguage":"es","@id":"https:\/\/patagoniambiental.com.ar\/info\/#\/schema\/logo\/image\/","url":"https:\/\/patagoniambiental.com.ar\/info\/wp-content\/uploads\/2025\/05\/LOGO-PATAGONIA-AMBIENTAL.png","contentUrl":"https:\/\/patagoniambiental.com.ar\/info\/wp-content\/uploads\/2025\/05\/LOGO-PATAGONIA-AMBIENTAL.png","width":433,"height":250,"caption":"Patagonia Ambiental"},"image":{"@id":"https:\/\/patagoniambiental.com.ar\/info\/#\/schema\/logo\/image\/"},"sameAs":["https:\/\/www.facebook.com\/patagonia.ambiental","https:\/\/x.com\/PatAmb"]},{"@type":"Person","@id":"https:\/\/patagoniambiental.com.ar\/info\/#\/schema\/person\/e5af09d700b2e82cb10c6b8800e0c691","name":"BRAIAN ESTEVEZ","sameAs":["http:\/\/www.patagoniambiental.com.ar"]}]}},"_links":{"self":[{"href":"https:\/\/patagoniambiental.com.ar\/info\/wp-json\/wp\/v2\/posts\/72453","targetHints":{"allow":["GET"]}}],"collection":[{"href":"https:\/\/patagoniambiental.com.ar\/info\/wp-json\/wp\/v2\/posts"}],"about":[{"href":"https:\/\/patagoniambiental.com.ar\/info\/wp-json\/wp\/v2\/types\/post"}],"author":[{"embeddable":true,"href":"https:\/\/patagoniambiental.com.ar\/info\/wp-json\/wp\/v2\/users\/6"}],"replies":[{"embeddable":true,"href":"https:\/\/patagoniambiental.com.ar\/info\/wp-json\/wp\/v2\/comments?post=72453"}],"version-history":[{"count":0,"href":"https:\/\/patagoniambiental.com.ar\/info\/wp-json\/wp\/v2\/posts\/72453\/revisions"}],"wp:featuredmedia":[{"embeddable":true,"href":"https:\/\/patagoniambiental.com.ar\/info\/wp-json\/wp\/v2\/media\/72456"}],"wp:attachment":[{"href":"https:\/\/patagoniambiental.com.ar\/info\/wp-json\/wp\/v2\/media?parent=72453"}],"wp:term":[{"taxonomy":"category","embeddable":true,"href":"https:\/\/patagoniambiental.com.ar\/info\/wp-json\/wp\/v2\/categories?post=72453"},{"taxonomy":"post_tag","embeddable":true,"href":"https:\/\/patagoniambiental.com.ar\/info\/wp-json\/wp\/v2\/tags?post=72453"}],"curies":[{"name":"wp","href":"https:\/\/api.w.org\/{rel}","templated":true}]}}