{"id":72584,"date":"2021-05-29T07:00:00","date_gmt":"2021-05-29T10:00:00","guid":{"rendered":"http:\/\/patagoniambiental.com.ar\/info\/?p=72584"},"modified":"2021-05-28T10:25:05","modified_gmt":"2021-05-28T13:25:05","slug":"el-2-de-junio-comenzara-un-foro-ambiental-en-rio-grande","status":"publish","type":"post","link":"https:\/\/patagoniambiental.com.ar\/info\/el-2-de-junio-comenzara-un-foro-ambiental-en-rio-grande\/","title":{"rendered":"El 2 de junio comenzar\u00e1 un Foro Ambiental en R\u00edo Grande"},"content":{"rendered":"\n<!--more-->\n\n\n\n<h5 class=\"wp-block-heading\">La propuesta consiste en el dictado de charlas expositivas, de manera virtual, por los profesionales que manejan distintos aspectos de la tem\u00e1tica, con el fin de abordar y difundir temas actuales en la materia. El Municipio presentar\u00e1 el informe sobre la caracterizaci\u00f3n de residuos, en base al trabajo realizado entre marzo y abril de este a\u00f1o.<\/h5>\n\n\n\n<p><strong>RIO GRANDE.-<\/strong>&nbsp;La Direcci\u00f3n de Ambiente del Municipio invita a la comunidad en general, instituciones de nivel secundario y superior, cooperativas y organizaciones ambientalistas a participar de un Foro Ambiental, en el marco de las acciones que lleva adelante el Municipio de R\u00edo Grande para fortalecer las pol\u00edticas destinadas al cuidado del medioambiente.<\/p>\n\n\n\n<figure class=\"wp-block-image\"><a href=\"https:\/\/www.tierradelfuego.gob.ar\/coronavirus\/\" target=\"_blank\" rel=\"noreferrer noopener\"><img decoding=\"async\" src=\"https:\/\/www.surenio.com.ar\/wp-content\/uploads\/2021\/02\/banner-coronavirus-780x90-1.gif\" alt=\"\"\/><\/a><\/figure>\n\n\n\n<figure class=\"wp-block-image\"><a href=\"https:\/\/www.ushuaia.gob.ar\/\" target=\"_blank\" rel=\"noreferrer noopener\"><img decoding=\"async\" src=\"https:\/\/www.surenio.com.ar\/wp-content\/uploads\/2021\/01\/um_obras-21-21_banner-728x90-1.gif\" alt=\"\"\/><\/a><\/figure>\n\n\n\n<p>El Foro se realizar\u00e1 entre el 2 y 5 de junio, a trav\u00e9s de la plataforma Zoom, con motivo de conmemorarse la semana del medio ambiente, en el a\u00f1o en que se celebra el Centenario de la Ciudad.<\/p>\n\n\n\n<p>En el marco de las exposiciones, profesionales y referentes ambientales expondr\u00e1n sobre cambio clim\u00e1tico, vulnerabilidad y resiliencia clim\u00e1tica, eficiencia energ\u00e9tica, energ\u00edas alternativas, consumo responsable, valorizaci\u00f3n de residuos, desarrollo sostenible, biodiversidad y reservas naturales urbanas, estudios de impacto ambiental y las distintas formas de contaminaci\u00f3n de las aguas y de la atm\u00f3sfera.<\/p>\n\n\n\n<p>A trav\u00e9s de este Foro Ambiental se busca fortalecer con acciones concretas las pol\u00edticas destinadas al cuidado de medioambiente, partiendo de la premisa de que el ambiente es patrimonio com\u00fan y que la pol\u00edtica de Estado trazada es el desarrollo sostenible, es decir, encontrar un punto de equilibrio entre la producci\u00f3n y el ambiente.<\/p>\n\n\n\n<p>Cabe destacar que, al finalizar el Foro, se dar\u00e1n a conocer los datos finales de la caracterizaci\u00f3n de residuos que llev\u00f3 adelante el Municipio de R\u00edo Grande en una nueva pol\u00edtica implementada por la actual gesti\u00f3n del intendente Mart\u00edn Perez.<\/p>\n\n\n\n<p><strong>Temas y disertantes<\/strong><\/p>\n\n\n\n<p>El siguiente es el cronograma de las disertaciones programadas desde el 2 al 5 de junio.<\/p>\n\n\n\n<p>Mi\u00e9rcoles 2<\/p>\n\n\n\n<p>Nora Jara: Los espacios naturales urbanos como refugios de biodiversidad y valores sociales.<\/p>\n\n\n\n<p>Dra. Soledad Schwarz y Dr. Alejandro Montes: La geodiversidad de las reservas naturales urbanas de R\u00edo Grande.<\/p>\n\n\n\n<p>Lic. Mabel Cintia Mart\u00ednez: Conociendo los suelos de Tierra del Fuego para su conservaci\u00f3n.<\/p>\n\n\n\n<p>Lic. Juan Daniel Aparicio: Desarrollo de tecnolog\u00edas para la remediaci\u00f3n de aguas y suelos contaminados.<\/p>\n\n\n\n<p>Dra. Marina Tagliaferro: Integridad ecol\u00f3gica y monitoreo de grandes r\u00edos: desde la contaminaci\u00f3n qu\u00edmica a las invasiones biol\u00f3gicas.<\/p>\n\n\n\n<p><strong>Jueves 3<\/strong><\/p>\n\n\n\n<p>Tec. Forestal. Carla Boncalsa y Tec. Forestal Juan Manuel Allende: Censo y planificaci\u00f3n de arbolado urbano.<\/p>\n\n\n\n<p>Dr. Tom\u00e1s Chalde: \u00bfQu\u00e9 es la acuicultura multitr\u00f3fica? Conceptos y posibilidades de desarrollo.<\/p>\n\n\n\n<p>Ing. Ricardo Bianciotto: La valorizaci\u00f3n del paisaje en la internalizaci\u00f3n de los costos ambientales de obras lineales: un caso de an\u00e1lisis en el canal Beagle.<\/p>\n\n\n\n<p>Lic. Alejandro Vinazza: Desarrollo sustentable y consumo responsable vistos en clave mar\u00edtima.<\/p>\n\n\n\n<p>Ing. Adriana Urciuolo: Agua y humedales de la ciudad de R\u00edo Grande. Beneficios para la poblaci\u00f3n y la importancia de su preservaci\u00f3n.<\/p>\n\n\n\n<p>Ing. Gustavo Luna: Energ\u00eda solar en Tierra del Fuego.<\/p>\n\n\n\n<p><strong>Viernes 4<\/strong><\/p>\n\n\n\n<p>Dra. Romina Mansilla: Dise\u00f1o de muestreo socioecol\u00f3gico en relaci\u00f3n a la problem\u00e1tica de los&nbsp; residuos en espacios p\u00fablicos urbanos.<\/p>\n\n\n\n<p>Dra. Nancy Fern\u00e1ndez: La comunicaci\u00f3n ambiental como campo emergente.<\/p>\n\n\n\n<p>Ing. Daniel Blazquez: Eficiencia Energ\u00e9tica.<\/p>\n\n\n\n<p>Lic. Silvina Romano: De la ciudad al campo: Pr\u00e1cticas perjudiciales para el ambiente.<\/p>\n\n\n\n<p>Lic. Sabrina Labrone y Lic. Grisel Guerrero Gallardo: Paisajes costeros de R\u00edo Grande: un recorrido por sus cabos.<\/p>\n\n\n\n<p>Ing. Marcela Arg\u00fcello: Caracterizaci\u00f3n de Residuos de la Ciudad de R\u00edo Grande (marzo- abril 2021).<\/p>\n\n\n\n<p><strong>S\u00e1bado 5<\/strong><\/p>\n\n\n\n<p>Dra. Natalia Paso Viola y Dr. Ignacio Chiessa: Mam\u00edferos marinos de Tierra del Fuego y micropl\u00e1sticos.<\/p>\n\n\n\n<p>Fuente: https:\/\/www.surenio.com.ar\/el-2-de-junio-comenzara-un-foro-ambiental\/<\/p>\n","protected":false},"excerpt":{"rendered":"","protected":false},"author":6,"featured_media":72585,"comment_status":"open","ping_status":"open","sticky":false,"template":"","format":"standard","meta":{"site-sidebar-layout":"default","site-content-layout":"","ast-site-content-layout":"default","site-content-style":"default","site-sidebar-style":"default","ast-global-header-display":"","ast-banner-title-visibility":"","ast-main-header-display":"","ast-hfb-above-header-display":"","ast-hfb-below-header-display":"","ast-hfb-mobile-header-display":"","site-post-title":"","ast-breadcrumbs-content":"","ast-featured-img":"","footer-sml-layout":"","ast-disable-related-posts":"","theme-transparent-header-meta":"","adv-header-id-meta":"","stick-header-meta":"","header-above-stick-meta":"","header-main-stick-meta":"","header-below-stick-meta":"","astra-migrate-meta-layouts":"default","ast-page-background-enabled":"default","ast-page-background-meta":{"desktop":{"background-color":"var(--ast-global-color-5)","background-image":"","background-repeat":"repeat","background-position":"center center","background-size":"auto","background-attachment":"scroll","background-type":"","background-media":"","overlay-type":"","overlay-color":"","overlay-opacity":"","overlay-gradient":""},"tablet":{"background-color":"","background-image":"","background-repeat":"repeat","background-position":"center center","background-size":"auto","background-attachment":"scroll","background-type":"","background-media":"","overlay-type":"","overlay-color":"","overlay-opacity":"","overlay-gradient":""},"mobile":{"background-color":"","background-image":"","background-repeat":"repeat","background-position":"center center","background-size":"auto","background-attachment":"scroll","background-type":"","background-media":"","overlay-type":"","overlay-color":"","overlay-opacity":"","overlay-gradient":""}},"ast-content-background-meta":{"desktop":{"background-color":"var(--ast-global-color-4)","background-image":"","background-repeat":"repeat","background-position":"center center","background-size":"auto","background-attachment":"scroll","background-type":"","background-media":"","overlay-type":"","overlay-color":"","overlay-opacity":"","overlay-gradient":""},"tablet":{"background-color":"var(--ast-global-color-4)","background-image":"","background-repeat":"repeat","background-position":"center center","background-size":"auto","background-attachment":"scroll","background-type":"","background-media":"","overlay-type":"","overlay-color":"","overlay-opacity":"","overlay-gradient":""},"mobile":{"background-color":"var(--ast-global-color-4)","background-image":"","background-repeat":"repeat","background-position":"center center","background-size":"auto","background-attachment":"scroll","background-type":"","background-media":"","overlay-type":"","overlay-color":"","overlay-opacity":"","overlay-gradient":""}},"footnotes":""},"categories":[12,11,3357,1,10],"tags":[],"class_list":["post-72584","post","type-post","status-publish","format-standard","has-post-thumbnail","hentry","category-agenda-ambiental","category-boletin","category-girsu","category-noticias","category-rotador"],"yoast_head":"<!-- This site is optimized with the Yoast SEO Premium plugin v23.0 (Yoast SEO v27.5) - https:\/\/yoast.com\/product\/yoast-seo-premium-wordpress\/ -->\n<title>El 2 de junio comenzar\u00e1 un Foro Ambiental en R\u00edo Grande<\/title>\n<meta name=\"robots\" content=\"index, follow, max-snippet:-1, max-image-preview:large, max-video-preview:-1\" \/>\n<link rel=\"canonical\" href=\"https:\/\/patagoniambiental.com.ar\/info\/el-2-de-junio-comenzara-un-foro-ambiental-en-rio-grande\/\" \/>\n<meta property=\"og:locale\" content=\"es_ES\" \/>\n<meta property=\"og:type\" content=\"article\" \/>\n<meta property=\"og:title\" content=\"El 2 de junio comenzar\u00e1 un Foro Ambiental en R\u00edo Grande\" \/>\n<meta property=\"og:url\" content=\"https:\/\/patagoniambiental.com.ar\/info\/el-2-de-junio-comenzara-un-foro-ambiental-en-rio-grande\/\" \/>\n<meta property=\"og:site_name\" content=\"Patagonia Ambiental\" \/>\n<meta property=\"article:publisher\" content=\"https:\/\/www.facebook.com\/patagonia.ambiental\" \/>\n<meta property=\"article:published_time\" content=\"2021-05-29T10:00:00+00:00\" \/>\n<meta property=\"og:image\" content=\"https:\/\/patagoniambiental.com.ar\/info\/wp-content\/uploads\/2021\/05\/Sin-titulo-9.jpg\" \/>\n\t<meta property=\"og:image:width\" content=\"839\" \/>\n\t<meta property=\"og:image:height\" content=\"500\" \/>\n\t<meta property=\"og:image:type\" content=\"image\/jpeg\" \/>\n<meta name=\"author\" content=\"BRAIAN ESTEVEZ\" \/>\n<meta name=\"twitter:card\" content=\"summary_large_image\" \/>\n<meta name=\"twitter:creator\" content=\"@PatAmb\" \/>\n<meta name=\"twitter:site\" content=\"@PatAmb\" \/>\n<script type=\"application\/ld+json\" class=\"yoast-schema-graph\">{\"@context\":\"https:\\\/\\\/schema.org\",\"@graph\":[{\"@type\":\"Article\",\"@id\":\"https:\\\/\\\/patagoniambiental.com.ar\\\/info\\\/el-2-de-junio-comenzara-un-foro-ambiental-en-rio-grande\\\/#article\",\"isPartOf\":{\"@id\":\"https:\\\/\\\/patagoniambiental.com.ar\\\/info\\\/el-2-de-junio-comenzara-un-foro-ambiental-en-rio-grande\\\/\"},\"author\":{\"name\":\"BRAIAN ESTEVEZ\",\"@id\":\"https:\\\/\\\/patagoniambiental.com.ar\\\/info\\\/#\\\/schema\\\/person\\\/e5af09d700b2e82cb10c6b8800e0c691\"},\"headline\":\"El 2 de junio comenzar\u00e1 un Foro Ambiental en R\u00edo Grande\",\"datePublished\":\"2021-05-29T10:00:00+00:00\",\"mainEntityOfPage\":{\"@id\":\"https:\\\/\\\/patagoniambiental.com.ar\\\/info\\\/el-2-de-junio-comenzara-un-foro-ambiental-en-rio-grande\\\/\"},\"wordCount\":666,\"commentCount\":0,\"publisher\":{\"@id\":\"https:\\\/\\\/patagoniambiental.com.ar\\\/info\\\/#organization\"},\"image\":{\"@id\":\"https:\\\/\\\/patagoniambiental.com.ar\\\/info\\\/el-2-de-junio-comenzara-un-foro-ambiental-en-rio-grande\\\/#primaryimage\"},\"thumbnailUrl\":\"https:\\\/\\\/patagoniambiental.com.ar\\\/info\\\/wp-content\\\/uploads\\\/2021\\\/05\\\/Sin-titulo-9.jpg\",\"articleSection\":[\"Agenda Ambiental\",\"Bolet\u00edn\",\"GIRSU\",\"Noticias\",\"Rotador\"],\"inLanguage\":\"es\",\"potentialAction\":[{\"@type\":\"CommentAction\",\"name\":\"Comment\",\"target\":[\"https:\\\/\\\/patagoniambiental.com.ar\\\/info\\\/el-2-de-junio-comenzara-un-foro-ambiental-en-rio-grande\\\/#respond\"]}]},{\"@type\":\"WebPage\",\"@id\":\"https:\\\/\\\/patagoniambiental.com.ar\\\/info\\\/el-2-de-junio-comenzara-un-foro-ambiental-en-rio-grande\\\/\",\"url\":\"https:\\\/\\\/patagoniambiental.com.ar\\\/info\\\/el-2-de-junio-comenzara-un-foro-ambiental-en-rio-grande\\\/\",\"name\":\"El 2 de junio comenzar\u00e1 un Foro Ambiental en R\u00edo Grande\",\"isPartOf\":{\"@id\":\"https:\\\/\\\/patagoniambiental.com.ar\\\/info\\\/#website\"},\"primaryImageOfPage\":{\"@id\":\"https:\\\/\\\/patagoniambiental.com.ar\\\/info\\\/el-2-de-junio-comenzara-un-foro-ambiental-en-rio-grande\\\/#primaryimage\"},\"image\":{\"@id\":\"https:\\\/\\\/patagoniambiental.com.ar\\\/info\\\/el-2-de-junio-comenzara-un-foro-ambiental-en-rio-grande\\\/#primaryimage\"},\"thumbnailUrl\":\"https:\\\/\\\/patagoniambiental.com.ar\\\/info\\\/wp-content\\\/uploads\\\/2021\\\/05\\\/Sin-titulo-9.jpg\",\"datePublished\":\"2021-05-29T10:00:00+00:00\",\"breadcrumb\":{\"@id\":\"https:\\\/\\\/patagoniambiental.com.ar\\\/info\\\/el-2-de-junio-comenzara-un-foro-ambiental-en-rio-grande\\\/#breadcrumb\"},\"inLanguage\":\"es\",\"potentialAction\":[{\"@type\":\"ReadAction\",\"target\":[\"https:\\\/\\\/patagoniambiental.com.ar\\\/info\\\/el-2-de-junio-comenzara-un-foro-ambiental-en-rio-grande\\\/\"]}]},{\"@type\":\"ImageObject\",\"inLanguage\":\"es\",\"@id\":\"https:\\\/\\\/patagoniambiental.com.ar\\\/info\\\/el-2-de-junio-comenzara-un-foro-ambiental-en-rio-grande\\\/#primaryimage\",\"url\":\"https:\\\/\\\/patagoniambiental.com.ar\\\/info\\\/wp-content\\\/uploads\\\/2021\\\/05\\\/Sin-titulo-9.jpg\",\"contentUrl\":\"https:\\\/\\\/patagoniambiental.com.ar\\\/info\\\/wp-content\\\/uploads\\\/2021\\\/05\\\/Sin-titulo-9.jpg\",\"width\":839,\"height\":500},{\"@type\":\"BreadcrumbList\",\"@id\":\"https:\\\/\\\/patagoniambiental.com.ar\\\/info\\\/el-2-de-junio-comenzara-un-foro-ambiental-en-rio-grande\\\/#breadcrumb\",\"itemListElement\":[{\"@type\":\"ListItem\",\"position\":1,\"name\":\"Inicio\",\"item\":\"https:\\\/\\\/patagoniambiental.com.ar\\\/info\\\/\"},{\"@type\":\"ListItem\",\"position\":2,\"name\":\"El 2 de junio comenzar\u00e1 un Foro Ambiental en R\u00edo Grande\"}]},{\"@type\":\"WebSite\",\"@id\":\"https:\\\/\\\/patagoniambiental.com.ar\\\/info\\\/#website\",\"url\":\"https:\\\/\\\/patagoniambiental.com.ar\\\/info\\\/\",\"name\":\"Patagonia Ambiental\",\"description\":\"Monitoreo y an\u00e1lisis de la situaci\u00f3n geopol\u00edtica en el mundo y su implicancia en la Patagonia\",\"publisher\":{\"@id\":\"https:\\\/\\\/patagoniambiental.com.ar\\\/info\\\/#organization\"},\"potentialAction\":[{\"@type\":\"SearchAction\",\"target\":{\"@type\":\"EntryPoint\",\"urlTemplate\":\"https:\\\/\\\/patagoniambiental.com.ar\\\/info\\\/?s={search_term_string}\"},\"query-input\":{\"@type\":\"PropertyValueSpecification\",\"valueRequired\":true,\"valueName\":\"search_term_string\"}}],\"inLanguage\":\"es\"},{\"@type\":\"Organization\",\"@id\":\"https:\\\/\\\/patagoniambiental.com.ar\\\/info\\\/#organization\",\"name\":\"Patagonia Ambiental\",\"url\":\"https:\\\/\\\/patagoniambiental.com.ar\\\/info\\\/\",\"logo\":{\"@type\":\"ImageObject\",\"inLanguage\":\"es\",\"@id\":\"https:\\\/\\\/patagoniambiental.com.ar\\\/info\\\/#\\\/schema\\\/logo\\\/image\\\/\",\"url\":\"https:\\\/\\\/patagoniambiental.com.ar\\\/info\\\/wp-content\\\/uploads\\\/2025\\\/05\\\/LOGO-PATAGONIA-AMBIENTAL.png\",\"contentUrl\":\"https:\\\/\\\/patagoniambiental.com.ar\\\/info\\\/wp-content\\\/uploads\\\/2025\\\/05\\\/LOGO-PATAGONIA-AMBIENTAL.png\",\"width\":433,\"height\":250,\"caption\":\"Patagonia Ambiental\"},\"image\":{\"@id\":\"https:\\\/\\\/patagoniambiental.com.ar\\\/info\\\/#\\\/schema\\\/logo\\\/image\\\/\"},\"sameAs\":[\"https:\\\/\\\/www.facebook.com\\\/patagonia.ambiental\",\"https:\\\/\\\/x.com\\\/PatAmb\"]},{\"@type\":\"Person\",\"@id\":\"https:\\\/\\\/patagoniambiental.com.ar\\\/info\\\/#\\\/schema\\\/person\\\/e5af09d700b2e82cb10c6b8800e0c691\",\"name\":\"BRAIAN ESTEVEZ\",\"sameAs\":[\"http:\\\/\\\/www.patagoniambiental.com.ar\"]}]}<\/script>\n<!-- \/ Yoast SEO Premium plugin. -->","yoast_head_json":{"title":"El 2 de junio comenzar\u00e1 un Foro Ambiental en R\u00edo Grande","robots":{"index":"index","follow":"follow","max-snippet":"max-snippet:-1","max-image-preview":"max-image-preview:large","max-video-preview":"max-video-preview:-1"},"canonical":"https:\/\/patagoniambiental.com.ar\/info\/el-2-de-junio-comenzara-un-foro-ambiental-en-rio-grande\/","og_locale":"es_ES","og_type":"article","og_title":"El 2 de junio comenzar\u00e1 un Foro Ambiental en R\u00edo Grande","og_url":"https:\/\/patagoniambiental.com.ar\/info\/el-2-de-junio-comenzara-un-foro-ambiental-en-rio-grande\/","og_site_name":"Patagonia Ambiental","article_publisher":"https:\/\/www.facebook.com\/patagonia.ambiental","article_published_time":"2021-05-29T10:00:00+00:00","og_image":[{"width":839,"height":500,"url":"https:\/\/patagoniambiental.com.ar\/info\/wp-content\/uploads\/2021\/05\/Sin-titulo-9.jpg","type":"image\/jpeg"}],"author":"BRAIAN ESTEVEZ","twitter_card":"summary_large_image","twitter_creator":"@PatAmb","twitter_site":"@PatAmb","schema":{"@context":"https:\/\/schema.org","@graph":[{"@type":"Article","@id":"https:\/\/patagoniambiental.com.ar\/info\/el-2-de-junio-comenzara-un-foro-ambiental-en-rio-grande\/#article","isPartOf":{"@id":"https:\/\/patagoniambiental.com.ar\/info\/el-2-de-junio-comenzara-un-foro-ambiental-en-rio-grande\/"},"author":{"name":"BRAIAN ESTEVEZ","@id":"https:\/\/patagoniambiental.com.ar\/info\/#\/schema\/person\/e5af09d700b2e82cb10c6b8800e0c691"},"headline":"El 2 de junio comenzar\u00e1 un Foro Ambiental en R\u00edo Grande","datePublished":"2021-05-29T10:00:00+00:00","mainEntityOfPage":{"@id":"https:\/\/patagoniambiental.com.ar\/info\/el-2-de-junio-comenzara-un-foro-ambiental-en-rio-grande\/"},"wordCount":666,"commentCount":0,"publisher":{"@id":"https:\/\/patagoniambiental.com.ar\/info\/#organization"},"image":{"@id":"https:\/\/patagoniambiental.com.ar\/info\/el-2-de-junio-comenzara-un-foro-ambiental-en-rio-grande\/#primaryimage"},"thumbnailUrl":"https:\/\/patagoniambiental.com.ar\/info\/wp-content\/uploads\/2021\/05\/Sin-titulo-9.jpg","articleSection":["Agenda Ambiental","Bolet\u00edn","GIRSU","Noticias","Rotador"],"inLanguage":"es","potentialAction":[{"@type":"CommentAction","name":"Comment","target":["https:\/\/patagoniambiental.com.ar\/info\/el-2-de-junio-comenzara-un-foro-ambiental-en-rio-grande\/#respond"]}]},{"@type":"WebPage","@id":"https:\/\/patagoniambiental.com.ar\/info\/el-2-de-junio-comenzara-un-foro-ambiental-en-rio-grande\/","url":"https:\/\/patagoniambiental.com.ar\/info\/el-2-de-junio-comenzara-un-foro-ambiental-en-rio-grande\/","name":"El 2 de junio comenzar\u00e1 un Foro Ambiental en R\u00edo Grande","isPartOf":{"@id":"https:\/\/patagoniambiental.com.ar\/info\/#website"},"primaryImageOfPage":{"@id":"https:\/\/patagoniambiental.com.ar\/info\/el-2-de-junio-comenzara-un-foro-ambiental-en-rio-grande\/#primaryimage"},"image":{"@id":"https:\/\/patagoniambiental.com.ar\/info\/el-2-de-junio-comenzara-un-foro-ambiental-en-rio-grande\/#primaryimage"},"thumbnailUrl":"https:\/\/patagoniambiental.com.ar\/info\/wp-content\/uploads\/2021\/05\/Sin-titulo-9.jpg","datePublished":"2021-05-29T10:00:00+00:00","breadcrumb":{"@id":"https:\/\/patagoniambiental.com.ar\/info\/el-2-de-junio-comenzara-un-foro-ambiental-en-rio-grande\/#breadcrumb"},"inLanguage":"es","potentialAction":[{"@type":"ReadAction","target":["https:\/\/patagoniambiental.com.ar\/info\/el-2-de-junio-comenzara-un-foro-ambiental-en-rio-grande\/"]}]},{"@type":"ImageObject","inLanguage":"es","@id":"https:\/\/patagoniambiental.com.ar\/info\/el-2-de-junio-comenzara-un-foro-ambiental-en-rio-grande\/#primaryimage","url":"https:\/\/patagoniambiental.com.ar\/info\/wp-content\/uploads\/2021\/05\/Sin-titulo-9.jpg","contentUrl":"https:\/\/patagoniambiental.com.ar\/info\/wp-content\/uploads\/2021\/05\/Sin-titulo-9.jpg","width":839,"height":500},{"@type":"BreadcrumbList","@id":"https:\/\/patagoniambiental.com.ar\/info\/el-2-de-junio-comenzara-un-foro-ambiental-en-rio-grande\/#breadcrumb","itemListElement":[{"@type":"ListItem","position":1,"name":"Inicio","item":"https:\/\/patagoniambiental.com.ar\/info\/"},{"@type":"ListItem","position":2,"name":"El 2 de junio comenzar\u00e1 un Foro Ambiental en R\u00edo Grande"}]},{"@type":"WebSite","@id":"https:\/\/patagoniambiental.com.ar\/info\/#website","url":"https:\/\/patagoniambiental.com.ar\/info\/","name":"Patagonia Ambiental","description":"Monitoreo y an\u00e1lisis de la situaci\u00f3n geopol\u00edtica en el mundo y su implicancia en la Patagonia","publisher":{"@id":"https:\/\/patagoniambiental.com.ar\/info\/#organization"},"potentialAction":[{"@type":"SearchAction","target":{"@type":"EntryPoint","urlTemplate":"https:\/\/patagoniambiental.com.ar\/info\/?s={search_term_string}"},"query-input":{"@type":"PropertyValueSpecification","valueRequired":true,"valueName":"search_term_string"}}],"inLanguage":"es"},{"@type":"Organization","@id":"https:\/\/patagoniambiental.com.ar\/info\/#organization","name":"Patagonia Ambiental","url":"https:\/\/patagoniambiental.com.ar\/info\/","logo":{"@type":"ImageObject","inLanguage":"es","@id":"https:\/\/patagoniambiental.com.ar\/info\/#\/schema\/logo\/image\/","url":"https:\/\/patagoniambiental.com.ar\/info\/wp-content\/uploads\/2025\/05\/LOGO-PATAGONIA-AMBIENTAL.png","contentUrl":"https:\/\/patagoniambiental.com.ar\/info\/wp-content\/uploads\/2025\/05\/LOGO-PATAGONIA-AMBIENTAL.png","width":433,"height":250,"caption":"Patagonia Ambiental"},"image":{"@id":"https:\/\/patagoniambiental.com.ar\/info\/#\/schema\/logo\/image\/"},"sameAs":["https:\/\/www.facebook.com\/patagonia.ambiental","https:\/\/x.com\/PatAmb"]},{"@type":"Person","@id":"https:\/\/patagoniambiental.com.ar\/info\/#\/schema\/person\/e5af09d700b2e82cb10c6b8800e0c691","name":"BRAIAN ESTEVEZ","sameAs":["http:\/\/www.patagoniambiental.com.ar"]}]}},"_links":{"self":[{"href":"https:\/\/patagoniambiental.com.ar\/info\/wp-json\/wp\/v2\/posts\/72584","targetHints":{"allow":["GET"]}}],"collection":[{"href":"https:\/\/patagoniambiental.com.ar\/info\/wp-json\/wp\/v2\/posts"}],"about":[{"href":"https:\/\/patagoniambiental.com.ar\/info\/wp-json\/wp\/v2\/types\/post"}],"author":[{"embeddable":true,"href":"https:\/\/patagoniambiental.com.ar\/info\/wp-json\/wp\/v2\/users\/6"}],"replies":[{"embeddable":true,"href":"https:\/\/patagoniambiental.com.ar\/info\/wp-json\/wp\/v2\/comments?post=72584"}],"version-history":[{"count":0,"href":"https:\/\/patagoniambiental.com.ar\/info\/wp-json\/wp\/v2\/posts\/72584\/revisions"}],"wp:featuredmedia":[{"embeddable":true,"href":"https:\/\/patagoniambiental.com.ar\/info\/wp-json\/wp\/v2\/media\/72585"}],"wp:attachment":[{"href":"https:\/\/patagoniambiental.com.ar\/info\/wp-json\/wp\/v2\/media?parent=72584"}],"wp:term":[{"taxonomy":"category","embeddable":true,"href":"https:\/\/patagoniambiental.com.ar\/info\/wp-json\/wp\/v2\/categories?post=72584"},{"taxonomy":"post_tag","embeddable":true,"href":"https:\/\/patagoniambiental.com.ar\/info\/wp-json\/wp\/v2\/tags?post=72584"}],"curies":[{"name":"wp","href":"https:\/\/api.w.org\/{rel}","templated":true}]}}