{"id":72775,"date":"2021-06-09T14:20:42","date_gmt":"2021-06-09T17:20:42","guid":{"rendered":"http:\/\/patagoniambiental.com.ar\/info\/?p=72775"},"modified":"2021-06-09T14:20:46","modified_gmt":"2021-06-09T17:20:46","slug":"gennuso-mucho-territorio-que-otorga-el-inai-queda-dentro-del-ejido-urbano","status":"publish","type":"post","link":"https:\/\/patagoniambiental.com.ar\/info\/gennuso-mucho-territorio-que-otorga-el-inai-queda-dentro-del-ejido-urbano\/","title":{"rendered":"Gennuso: \u201cMucho territorio que otorga el INAI queda dentro del ejido urbano\u201d"},"content":{"rendered":"\n<!--more-->\n\n\n\n<p>Bariloche.-El Intendente Municipal se refiri\u00f3 a los relevamientos que lleva adelante el organismo nacional y la afectaci\u00f3n sobre tierras del Estado Municipal. Pidi\u00f3 la nulidad del reconocimiento a la comunidad Celestino Quijada en el cerro Otto y conformar una mesa de di\u00e1logo para evitar problemas en la planificaci\u00f3n urbana.<\/p>\n\n\n\n<figure class=\"wp-block-image\"><img decoding=\"async\" src=\"https:\/\/cdn.bariloche2000.com\/uploads\/images\/2021\/06\/4e36fc12-1641-56f2-8329-11f16dc89fcf_mid.jpg\" alt=\"image\"\/><figcaption>&nbsp;Noticiero Seis<\/figcaption><\/figure>\n\n\n\n<p><canvas width=\"256\" height=\"80\"><\/canvas><em>play_arrow<\/em>0:00 \/ 6:28<\/p>\n\n\n\n<p>La posesi\u00f3n de tierras en la ladera sur del cerro Otto se ha convertido en una aut\u00e9ntica preocupaci\u00f3n para el municipio de Bariloche. La resoluci\u00f3n del Instituto Nacional de Asuntos Ind\u00edgenas (INAI), que reconoci\u00f3 la ocupaci\u00f3n tradicional de la Lofche Celestino Quijada sobre 300 hect\u00e1reas, alert\u00f3 al intendente&nbsp;<strong>Gustavo Gennuso<\/strong>, quien pidi\u00f3 que se declare nulo el documento para formar una mesa de di\u00e1logo con la comunidad mapuche y la Provincia.PUBLICIDAD<\/p>\n\n\n\n<p><strong><em>\u201cNo tenemos nada en contra de ellos, de hecho les estuvimos ayudando a que puedan hacer el camino de ingreso\u201d<\/em><\/strong>, confi\u00f3 Gennuso a Noticiero Seis y apunt\u00f3 contra el acto administrativo del organismo nacional por no haber consultado al municipio.<\/p>\n\n\n\n<p>Gennuso asegur\u00f3 que esta misma situaci\u00f3n se repite en&nbsp;<strong><em>\u201cmucho territorio que el INAI est\u00e1 otorgando queda dentro del ejido urbano\u201d<\/em><\/strong>&nbsp;y que afectar\u00eda a la planificaci\u00f3n urbana de la ciudad. Es que, seg\u00fan revel\u00f3,<strong>&nbsp;existen pretensiones sobre 2.900 de las 3.500 hect\u00e1reas bajo cuidado del Ej\u00e9rcito Argentino<\/strong>.<\/p>\n\n\n\n<p>Para el Intendente, uno de los problemas que podr\u00edan surgir se da porque dentro del territorio comunitario los pueblos originarios \u201cpueden invitar a vivir a quienes quieran\u201d, en una acci\u00f3n que consider\u00f3 preocupante ya que la ladera sur del cerro Otto \u201cest\u00e1 siendo muy impactada\u201d.<\/p>\n\n\n\n<p>Es que, seg\u00fan explic\u00f3, el conflicto surge con la presencia de este tipo de tierras comunitarias dentro de la ciudad.<em>&nbsp;\u201cNo es lo mismo cuando no hay nada que uno no considera dentro de la planificaci\u00f3n\u201d<\/em>, y puso como ejemplo el caso de otro particular al que el municipio no le permite construir sobre la ladera.<\/p>\n\n\n\n<p><strong><em>\u201cPedimos (al INAI) que declare la nulidad y que inicie con el municipio una mesa de trabajo para que todas las partes satisfagan su pedido\u201d<\/em><\/strong>, agreg\u00f3 sobre las 300 hect\u00e1reas que pertenecen al municipio:&nbsp;<em>\u201ces una tierra que la gente piensa que es del Ej\u00e9rcito. En realidad, entre comillas, s\u00ed lo es porque hay un acta de traspaso pero nunca se efectiviz\u00f3\u201d<\/em>, detall\u00f3.<\/p>\n\n\n\n<p>Pero Gennuso tambi\u00e9n alert\u00f3 sobre la continuidad de esta problem\u00e1tica en otras zonas de la ciudad, ya que el mapa de tierras en proceso de entrega por parte del INAI involucra a varios espacios verdes.&nbsp;<strong><em>\u201cQuiz\u00e1s dentro de 20 o 30 a\u00f1os podemos tener un problema urbano\u201d<\/em><\/strong>, anticip\u00f3.<\/p>\n\n\n\n<p><em>\u201cLo mejor ser\u00eda que el INAI retrotraiga, haga una mesa de di\u00e1logo y podamos resolver la situaci\u00f3n de todas las partes\u201d<\/em>, alent\u00f3 acerca del tr\u00e1mite que dio inicio con una presentaci\u00f3n ante la presidenta del organismo,<strong>&nbsp;Magdalena Odarda<\/strong>, que&nbsp;<a href=\"https:\/\/www.bariloche2000.com\/noticias\/leer\/el-municipio-pone-freno-al-reconocimiento-de-tierras-para-una-comunidad-mapuche-en-el-cerro-otto\/133312\" target=\"_blank\" rel=\"noreferrer noopener\">dio a conocer este medio<\/a>.<\/p>\n\n\n\n<p>En aquel documento, Gennuso tambi\u00e9n realiz\u00f3 un particular an\u00e1lisis sobre un \u201cimportante avance sobre tierras del Ej\u00e9rcito Argentino\u201d a partir del 2012. Seg\u00fan entendi\u00f3, en esas zonas se dan \u201cocupaciones y reivindicaciones\u201d en forma sistem\u00e1tica y por parte de comunidades mapuche reconocidas \u201cen fechas pr\u00e1cticamente recientes\u201d y que, explic\u00f3,\u00a0<strong><em>\u201cno han detentando la posesi\u00f3n tradicional, continuada y pac\u00edfica de las tierras que pretenden reinvindicar\u201d<\/em><\/strong>.<\/p>\n\n\n\n<p>Fuente: https:\/\/www.bariloche2000.com\/noticias\/leer\/gennuso-mucho-territorio-que-otorga-el-inai-queda-dentro-del-ejido-urbano-\/133323<\/p>\n","protected":false},"excerpt":{"rendered":"","protected":false},"author":6,"featured_media":72776,"comment_status":"open","ping_status":"open","sticky":false,"template":"","format":"standard","meta":{"site-sidebar-layout":"default","site-content-layout":"","ast-site-content-layout":"default","site-content-style":"default","site-sidebar-style":"default","ast-global-header-display":"","ast-banner-title-visibility":"","ast-main-header-display":"","ast-hfb-above-header-display":"","ast-hfb-below-header-display":"","ast-hfb-mobile-header-display":"","site-post-title":"","ast-breadcrumbs-content":"","ast-featured-img":"","footer-sml-layout":"","ast-disable-related-posts":"","theme-transparent-header-meta":"","adv-header-id-meta":"","stick-header-meta":"","header-above-stick-meta":"","header-main-stick-meta":"","header-below-stick-meta":"","astra-migrate-meta-layouts":"default","ast-page-background-enabled":"default","ast-page-background-meta":{"desktop":{"background-color":"var(--ast-global-color-5)","background-image":"","background-repeat":"repeat","background-position":"center center","background-size":"auto","background-attachment":"scroll","background-type":"","background-media":"","overlay-type":"","overlay-color":"","overlay-opacity":"","overlay-gradient":""},"tablet":{"background-color":"","background-image":"","background-repeat":"repeat","background-position":"center center","background-size":"auto","background-attachment":"scroll","background-type":"","background-media":"","overlay-type":"","overlay-color":"","overlay-opacity":"","overlay-gradient":""},"mobile":{"background-color":"","background-image":"","background-repeat":"repeat","background-position":"center center","background-size":"auto","background-attachment":"scroll","background-type":"","background-media":"","overlay-type":"","overlay-color":"","overlay-opacity":"","overlay-gradient":""}},"ast-content-background-meta":{"desktop":{"background-color":"var(--ast-global-color-4)","background-image":"","background-repeat":"repeat","background-position":"center center","background-size":"auto","background-attachment":"scroll","background-type":"","background-media":"","overlay-type":"","overlay-color":"","overlay-opacity":"","overlay-gradient":""},"tablet":{"background-color":"var(--ast-global-color-4)","background-image":"","background-repeat":"repeat","background-position":"center center","background-size":"auto","background-attachment":"scroll","background-type":"","background-media":"","overlay-type":"","overlay-color":"","overlay-opacity":"","overlay-gradient":""},"mobile":{"background-color":"var(--ast-global-color-4)","background-image":"","background-repeat":"repeat","background-position":"center center","background-size":"auto","background-attachment":"scroll","background-type":"","background-media":"","overlay-type":"","overlay-color":"","overlay-opacity":"","overlay-gradient":""}},"footnotes":""},"categories":[11,19,1,10],"tags":[],"class_list":["post-72775","post","type-post","status-publish","format-standard","has-post-thumbnail","hentry","category-boletin","category-nacionales","category-noticias","category-rotador"],"yoast_head":"<!-- This site is optimized with the Yoast SEO Premium plugin v23.0 (Yoast SEO v27.5) - https:\/\/yoast.com\/product\/yoast-seo-premium-wordpress\/ -->\n<title>Gennuso: \u201cMucho territorio que otorga el INAI queda dentro del ejido urbano\u201d<\/title>\n<meta name=\"robots\" content=\"index, follow, max-snippet:-1, max-image-preview:large, max-video-preview:-1\" \/>\n<link rel=\"canonical\" href=\"https:\/\/patagoniambiental.com.ar\/info\/gennuso-mucho-territorio-que-otorga-el-inai-queda-dentro-del-ejido-urbano\/\" \/>\n<meta property=\"og:locale\" content=\"es_ES\" \/>\n<meta property=\"og:type\" content=\"article\" \/>\n<meta property=\"og:title\" content=\"Gennuso: \u201cMucho territorio que otorga el INAI queda dentro del ejido urbano\u201d\" \/>\n<meta property=\"og:url\" content=\"https:\/\/patagoniambiental.com.ar\/info\/gennuso-mucho-territorio-que-otorga-el-inai-queda-dentro-del-ejido-urbano\/\" \/>\n<meta property=\"og:site_name\" content=\"Patagonia Ambiental\" \/>\n<meta property=\"article:publisher\" content=\"https:\/\/www.facebook.com\/patagonia.ambiental\" \/>\n<meta property=\"article:published_time\" content=\"2021-06-09T17:20:42+00:00\" \/>\n<meta property=\"article:modified_time\" content=\"2021-06-09T17:20:46+00:00\" \/>\n<meta property=\"og:image\" content=\"https:\/\/patagoniambiental.com.ar\/info\/wp-content\/uploads\/2021\/06\/4e36fc12-1641-56f2-8329-11f16dc89fcf_mid.jpg\" \/>\n\t<meta property=\"og:image:width\" content=\"1200\" \/>\n\t<meta property=\"og:image:height\" content=\"900\" \/>\n\t<meta property=\"og:image:type\" content=\"image\/jpeg\" \/>\n<meta name=\"author\" content=\"BRAIAN ESTEVEZ\" \/>\n<meta name=\"twitter:card\" content=\"summary_large_image\" \/>\n<meta name=\"twitter:creator\" content=\"@PatAmb\" \/>\n<meta name=\"twitter:site\" content=\"@PatAmb\" \/>\n<script type=\"application\/ld+json\" class=\"yoast-schema-graph\">{\"@context\":\"https:\\\/\\\/schema.org\",\"@graph\":[{\"@type\":\"Article\",\"@id\":\"https:\\\/\\\/patagoniambiental.com.ar\\\/info\\\/gennuso-mucho-territorio-que-otorga-el-inai-queda-dentro-del-ejido-urbano\\\/#article\",\"isPartOf\":{\"@id\":\"https:\\\/\\\/patagoniambiental.com.ar\\\/info\\\/gennuso-mucho-territorio-que-otorga-el-inai-queda-dentro-del-ejido-urbano\\\/\"},\"author\":{\"name\":\"BRAIAN ESTEVEZ\",\"@id\":\"https:\\\/\\\/patagoniambiental.com.ar\\\/info\\\/#\\\/schema\\\/person\\\/e5af09d700b2e82cb10c6b8800e0c691\"},\"headline\":\"Gennuso: \u201cMucho territorio que otorga el INAI queda dentro del ejido urbano\u201d\",\"datePublished\":\"2021-06-09T17:20:42+00:00\",\"dateModified\":\"2021-06-09T17:20:46+00:00\",\"mainEntityOfPage\":{\"@id\":\"https:\\\/\\\/patagoniambiental.com.ar\\\/info\\\/gennuso-mucho-territorio-que-otorga-el-inai-queda-dentro-del-ejido-urbano\\\/\"},\"wordCount\":597,\"commentCount\":0,\"publisher\":{\"@id\":\"https:\\\/\\\/patagoniambiental.com.ar\\\/info\\\/#organization\"},\"image\":{\"@id\":\"https:\\\/\\\/patagoniambiental.com.ar\\\/info\\\/gennuso-mucho-territorio-que-otorga-el-inai-queda-dentro-del-ejido-urbano\\\/#primaryimage\"},\"thumbnailUrl\":\"https:\\\/\\\/patagoniambiental.com.ar\\\/info\\\/wp-content\\\/uploads\\\/2021\\\/06\\\/4e36fc12-1641-56f2-8329-11f16dc89fcf_mid.jpg\",\"articleSection\":[\"Bolet\u00edn\",\"Nacionales\",\"Noticias\",\"Rotador\"],\"inLanguage\":\"es\",\"potentialAction\":[{\"@type\":\"CommentAction\",\"name\":\"Comment\",\"target\":[\"https:\\\/\\\/patagoniambiental.com.ar\\\/info\\\/gennuso-mucho-territorio-que-otorga-el-inai-queda-dentro-del-ejido-urbano\\\/#respond\"]}]},{\"@type\":\"WebPage\",\"@id\":\"https:\\\/\\\/patagoniambiental.com.ar\\\/info\\\/gennuso-mucho-territorio-que-otorga-el-inai-queda-dentro-del-ejido-urbano\\\/\",\"url\":\"https:\\\/\\\/patagoniambiental.com.ar\\\/info\\\/gennuso-mucho-territorio-que-otorga-el-inai-queda-dentro-del-ejido-urbano\\\/\",\"name\":\"Gennuso: \u201cMucho territorio que otorga el INAI queda dentro del ejido urbano\u201d\",\"isPartOf\":{\"@id\":\"https:\\\/\\\/patagoniambiental.com.ar\\\/info\\\/#website\"},\"primaryImageOfPage\":{\"@id\":\"https:\\\/\\\/patagoniambiental.com.ar\\\/info\\\/gennuso-mucho-territorio-que-otorga-el-inai-queda-dentro-del-ejido-urbano\\\/#primaryimage\"},\"image\":{\"@id\":\"https:\\\/\\\/patagoniambiental.com.ar\\\/info\\\/gennuso-mucho-territorio-que-otorga-el-inai-queda-dentro-del-ejido-urbano\\\/#primaryimage\"},\"thumbnailUrl\":\"https:\\\/\\\/patagoniambiental.com.ar\\\/info\\\/wp-content\\\/uploads\\\/2021\\\/06\\\/4e36fc12-1641-56f2-8329-11f16dc89fcf_mid.jpg\",\"datePublished\":\"2021-06-09T17:20:42+00:00\",\"dateModified\":\"2021-06-09T17:20:46+00:00\",\"breadcrumb\":{\"@id\":\"https:\\\/\\\/patagoniambiental.com.ar\\\/info\\\/gennuso-mucho-territorio-que-otorga-el-inai-queda-dentro-del-ejido-urbano\\\/#breadcrumb\"},\"inLanguage\":\"es\",\"potentialAction\":[{\"@type\":\"ReadAction\",\"target\":[\"https:\\\/\\\/patagoniambiental.com.ar\\\/info\\\/gennuso-mucho-territorio-que-otorga-el-inai-queda-dentro-del-ejido-urbano\\\/\"]}]},{\"@type\":\"ImageObject\",\"inLanguage\":\"es\",\"@id\":\"https:\\\/\\\/patagoniambiental.com.ar\\\/info\\\/gennuso-mucho-territorio-que-otorga-el-inai-queda-dentro-del-ejido-urbano\\\/#primaryimage\",\"url\":\"https:\\\/\\\/patagoniambiental.com.ar\\\/info\\\/wp-content\\\/uploads\\\/2021\\\/06\\\/4e36fc12-1641-56f2-8329-11f16dc89fcf_mid.jpg\",\"contentUrl\":\"https:\\\/\\\/patagoniambiental.com.ar\\\/info\\\/wp-content\\\/uploads\\\/2021\\\/06\\\/4e36fc12-1641-56f2-8329-11f16dc89fcf_mid.jpg\",\"width\":800,\"height\":600},{\"@type\":\"BreadcrumbList\",\"@id\":\"https:\\\/\\\/patagoniambiental.com.ar\\\/info\\\/gennuso-mucho-territorio-que-otorga-el-inai-queda-dentro-del-ejido-urbano\\\/#breadcrumb\",\"itemListElement\":[{\"@type\":\"ListItem\",\"position\":1,\"name\":\"Inicio\",\"item\":\"https:\\\/\\\/patagoniambiental.com.ar\\\/info\\\/\"},{\"@type\":\"ListItem\",\"position\":2,\"name\":\"Gennuso: \u201cMucho territorio que otorga el INAI queda dentro del ejido urbano\u201d\"}]},{\"@type\":\"WebSite\",\"@id\":\"https:\\\/\\\/patagoniambiental.com.ar\\\/info\\\/#website\",\"url\":\"https:\\\/\\\/patagoniambiental.com.ar\\\/info\\\/\",\"name\":\"Patagonia Ambiental\",\"description\":\"Monitoreo y an\u00e1lisis de la situaci\u00f3n geopol\u00edtica en el mundo y su implicancia en la Patagonia\",\"publisher\":{\"@id\":\"https:\\\/\\\/patagoniambiental.com.ar\\\/info\\\/#organization\"},\"potentialAction\":[{\"@type\":\"SearchAction\",\"target\":{\"@type\":\"EntryPoint\",\"urlTemplate\":\"https:\\\/\\\/patagoniambiental.com.ar\\\/info\\\/?s={search_term_string}\"},\"query-input\":{\"@type\":\"PropertyValueSpecification\",\"valueRequired\":true,\"valueName\":\"search_term_string\"}}],\"inLanguage\":\"es\"},{\"@type\":\"Organization\",\"@id\":\"https:\\\/\\\/patagoniambiental.com.ar\\\/info\\\/#organization\",\"name\":\"Patagonia Ambiental\",\"url\":\"https:\\\/\\\/patagoniambiental.com.ar\\\/info\\\/\",\"logo\":{\"@type\":\"ImageObject\",\"inLanguage\":\"es\",\"@id\":\"https:\\\/\\\/patagoniambiental.com.ar\\\/info\\\/#\\\/schema\\\/logo\\\/image\\\/\",\"url\":\"https:\\\/\\\/patagoniambiental.com.ar\\\/info\\\/wp-content\\\/uploads\\\/2025\\\/05\\\/LOGO-PATAGONIA-AMBIENTAL.png\",\"contentUrl\":\"https:\\\/\\\/patagoniambiental.com.ar\\\/info\\\/wp-content\\\/uploads\\\/2025\\\/05\\\/LOGO-PATAGONIA-AMBIENTAL.png\",\"width\":433,\"height\":250,\"caption\":\"Patagonia Ambiental\"},\"image\":{\"@id\":\"https:\\\/\\\/patagoniambiental.com.ar\\\/info\\\/#\\\/schema\\\/logo\\\/image\\\/\"},\"sameAs\":[\"https:\\\/\\\/www.facebook.com\\\/patagonia.ambiental\",\"https:\\\/\\\/x.com\\\/PatAmb\"]},{\"@type\":\"Person\",\"@id\":\"https:\\\/\\\/patagoniambiental.com.ar\\\/info\\\/#\\\/schema\\\/person\\\/e5af09d700b2e82cb10c6b8800e0c691\",\"name\":\"BRAIAN ESTEVEZ\",\"sameAs\":[\"http:\\\/\\\/www.patagoniambiental.com.ar\"]}]}<\/script>\n<!-- \/ Yoast SEO Premium plugin. -->","yoast_head_json":{"title":"Gennuso: \u201cMucho territorio que otorga el INAI queda dentro del ejido urbano\u201d","robots":{"index":"index","follow":"follow","max-snippet":"max-snippet:-1","max-image-preview":"max-image-preview:large","max-video-preview":"max-video-preview:-1"},"canonical":"https:\/\/patagoniambiental.com.ar\/info\/gennuso-mucho-territorio-que-otorga-el-inai-queda-dentro-del-ejido-urbano\/","og_locale":"es_ES","og_type":"article","og_title":"Gennuso: \u201cMucho territorio que otorga el INAI queda dentro del ejido urbano\u201d","og_url":"https:\/\/patagoniambiental.com.ar\/info\/gennuso-mucho-territorio-que-otorga-el-inai-queda-dentro-del-ejido-urbano\/","og_site_name":"Patagonia Ambiental","article_publisher":"https:\/\/www.facebook.com\/patagonia.ambiental","article_published_time":"2021-06-09T17:20:42+00:00","article_modified_time":"2021-06-09T17:20:46+00:00","og_image":[{"width":1200,"height":900,"url":"https:\/\/patagoniambiental.com.ar\/info\/wp-content\/uploads\/2021\/06\/4e36fc12-1641-56f2-8329-11f16dc89fcf_mid.jpg","type":"image\/jpeg"}],"author":"BRAIAN ESTEVEZ","twitter_card":"summary_large_image","twitter_creator":"@PatAmb","twitter_site":"@PatAmb","schema":{"@context":"https:\/\/schema.org","@graph":[{"@type":"Article","@id":"https:\/\/patagoniambiental.com.ar\/info\/gennuso-mucho-territorio-que-otorga-el-inai-queda-dentro-del-ejido-urbano\/#article","isPartOf":{"@id":"https:\/\/patagoniambiental.com.ar\/info\/gennuso-mucho-territorio-que-otorga-el-inai-queda-dentro-del-ejido-urbano\/"},"author":{"name":"BRAIAN ESTEVEZ","@id":"https:\/\/patagoniambiental.com.ar\/info\/#\/schema\/person\/e5af09d700b2e82cb10c6b8800e0c691"},"headline":"Gennuso: \u201cMucho territorio que otorga el INAI queda dentro del ejido urbano\u201d","datePublished":"2021-06-09T17:20:42+00:00","dateModified":"2021-06-09T17:20:46+00:00","mainEntityOfPage":{"@id":"https:\/\/patagoniambiental.com.ar\/info\/gennuso-mucho-territorio-que-otorga-el-inai-queda-dentro-del-ejido-urbano\/"},"wordCount":597,"commentCount":0,"publisher":{"@id":"https:\/\/patagoniambiental.com.ar\/info\/#organization"},"image":{"@id":"https:\/\/patagoniambiental.com.ar\/info\/gennuso-mucho-territorio-que-otorga-el-inai-queda-dentro-del-ejido-urbano\/#primaryimage"},"thumbnailUrl":"https:\/\/patagoniambiental.com.ar\/info\/wp-content\/uploads\/2021\/06\/4e36fc12-1641-56f2-8329-11f16dc89fcf_mid.jpg","articleSection":["Bolet\u00edn","Nacionales","Noticias","Rotador"],"inLanguage":"es","potentialAction":[{"@type":"CommentAction","name":"Comment","target":["https:\/\/patagoniambiental.com.ar\/info\/gennuso-mucho-territorio-que-otorga-el-inai-queda-dentro-del-ejido-urbano\/#respond"]}]},{"@type":"WebPage","@id":"https:\/\/patagoniambiental.com.ar\/info\/gennuso-mucho-territorio-que-otorga-el-inai-queda-dentro-del-ejido-urbano\/","url":"https:\/\/patagoniambiental.com.ar\/info\/gennuso-mucho-territorio-que-otorga-el-inai-queda-dentro-del-ejido-urbano\/","name":"Gennuso: \u201cMucho territorio que otorga el INAI queda dentro del ejido urbano\u201d","isPartOf":{"@id":"https:\/\/patagoniambiental.com.ar\/info\/#website"},"primaryImageOfPage":{"@id":"https:\/\/patagoniambiental.com.ar\/info\/gennuso-mucho-territorio-que-otorga-el-inai-queda-dentro-del-ejido-urbano\/#primaryimage"},"image":{"@id":"https:\/\/patagoniambiental.com.ar\/info\/gennuso-mucho-territorio-que-otorga-el-inai-queda-dentro-del-ejido-urbano\/#primaryimage"},"thumbnailUrl":"https:\/\/patagoniambiental.com.ar\/info\/wp-content\/uploads\/2021\/06\/4e36fc12-1641-56f2-8329-11f16dc89fcf_mid.jpg","datePublished":"2021-06-09T17:20:42+00:00","dateModified":"2021-06-09T17:20:46+00:00","breadcrumb":{"@id":"https:\/\/patagoniambiental.com.ar\/info\/gennuso-mucho-territorio-que-otorga-el-inai-queda-dentro-del-ejido-urbano\/#breadcrumb"},"inLanguage":"es","potentialAction":[{"@type":"ReadAction","target":["https:\/\/patagoniambiental.com.ar\/info\/gennuso-mucho-territorio-que-otorga-el-inai-queda-dentro-del-ejido-urbano\/"]}]},{"@type":"ImageObject","inLanguage":"es","@id":"https:\/\/patagoniambiental.com.ar\/info\/gennuso-mucho-territorio-que-otorga-el-inai-queda-dentro-del-ejido-urbano\/#primaryimage","url":"https:\/\/patagoniambiental.com.ar\/info\/wp-content\/uploads\/2021\/06\/4e36fc12-1641-56f2-8329-11f16dc89fcf_mid.jpg","contentUrl":"https:\/\/patagoniambiental.com.ar\/info\/wp-content\/uploads\/2021\/06\/4e36fc12-1641-56f2-8329-11f16dc89fcf_mid.jpg","width":800,"height":600},{"@type":"BreadcrumbList","@id":"https:\/\/patagoniambiental.com.ar\/info\/gennuso-mucho-territorio-que-otorga-el-inai-queda-dentro-del-ejido-urbano\/#breadcrumb","itemListElement":[{"@type":"ListItem","position":1,"name":"Inicio","item":"https:\/\/patagoniambiental.com.ar\/info\/"},{"@type":"ListItem","position":2,"name":"Gennuso: \u201cMucho territorio que otorga el INAI queda dentro del ejido urbano\u201d"}]},{"@type":"WebSite","@id":"https:\/\/patagoniambiental.com.ar\/info\/#website","url":"https:\/\/patagoniambiental.com.ar\/info\/","name":"Patagonia Ambiental","description":"Monitoreo y an\u00e1lisis de la situaci\u00f3n geopol\u00edtica en el mundo y su implicancia en la Patagonia","publisher":{"@id":"https:\/\/patagoniambiental.com.ar\/info\/#organization"},"potentialAction":[{"@type":"SearchAction","target":{"@type":"EntryPoint","urlTemplate":"https:\/\/patagoniambiental.com.ar\/info\/?s={search_term_string}"},"query-input":{"@type":"PropertyValueSpecification","valueRequired":true,"valueName":"search_term_string"}}],"inLanguage":"es"},{"@type":"Organization","@id":"https:\/\/patagoniambiental.com.ar\/info\/#organization","name":"Patagonia Ambiental","url":"https:\/\/patagoniambiental.com.ar\/info\/","logo":{"@type":"ImageObject","inLanguage":"es","@id":"https:\/\/patagoniambiental.com.ar\/info\/#\/schema\/logo\/image\/","url":"https:\/\/patagoniambiental.com.ar\/info\/wp-content\/uploads\/2025\/05\/LOGO-PATAGONIA-AMBIENTAL.png","contentUrl":"https:\/\/patagoniambiental.com.ar\/info\/wp-content\/uploads\/2025\/05\/LOGO-PATAGONIA-AMBIENTAL.png","width":433,"height":250,"caption":"Patagonia Ambiental"},"image":{"@id":"https:\/\/patagoniambiental.com.ar\/info\/#\/schema\/logo\/image\/"},"sameAs":["https:\/\/www.facebook.com\/patagonia.ambiental","https:\/\/x.com\/PatAmb"]},{"@type":"Person","@id":"https:\/\/patagoniambiental.com.ar\/info\/#\/schema\/person\/e5af09d700b2e82cb10c6b8800e0c691","name":"BRAIAN ESTEVEZ","sameAs":["http:\/\/www.patagoniambiental.com.ar"]}]}},"_links":{"self":[{"href":"https:\/\/patagoniambiental.com.ar\/info\/wp-json\/wp\/v2\/posts\/72775","targetHints":{"allow":["GET"]}}],"collection":[{"href":"https:\/\/patagoniambiental.com.ar\/info\/wp-json\/wp\/v2\/posts"}],"about":[{"href":"https:\/\/patagoniambiental.com.ar\/info\/wp-json\/wp\/v2\/types\/post"}],"author":[{"embeddable":true,"href":"https:\/\/patagoniambiental.com.ar\/info\/wp-json\/wp\/v2\/users\/6"}],"replies":[{"embeddable":true,"href":"https:\/\/patagoniambiental.com.ar\/info\/wp-json\/wp\/v2\/comments?post=72775"}],"version-history":[{"count":0,"href":"https:\/\/patagoniambiental.com.ar\/info\/wp-json\/wp\/v2\/posts\/72775\/revisions"}],"wp:featuredmedia":[{"embeddable":true,"href":"https:\/\/patagoniambiental.com.ar\/info\/wp-json\/wp\/v2\/media\/72776"}],"wp:attachment":[{"href":"https:\/\/patagoniambiental.com.ar\/info\/wp-json\/wp\/v2\/media?parent=72775"}],"wp:term":[{"taxonomy":"category","embeddable":true,"href":"https:\/\/patagoniambiental.com.ar\/info\/wp-json\/wp\/v2\/categories?post=72775"},{"taxonomy":"post_tag","embeddable":true,"href":"https:\/\/patagoniambiental.com.ar\/info\/wp-json\/wp\/v2\/tags?post=72775"}],"curies":[{"name":"wp","href":"https:\/\/api.w.org\/{rel}","templated":true}]}}