{"id":73102,"date":"2021-06-28T07:00:00","date_gmt":"2021-06-28T10:00:00","guid":{"rendered":"http:\/\/patagoniambiental.com.ar\/info\/?p=73102"},"modified":"2021-06-28T10:15:54","modified_gmt":"2021-06-28T13:15:54","slug":"cabandie-recorrio-la-obra-del-parque-ambiental-en-villa-pehuenia-neuquen","status":"publish","type":"post","link":"https:\/\/patagoniambiental.com.ar\/info\/cabandie-recorrio-la-obra-del-parque-ambiental-en-villa-pehuenia-neuquen\/","title":{"rendered":"Cabandi\u00e9 recorri\u00f3 la obra del Parque Ambiental en Villa Pehuenia, Neuqu\u00e9n"},"content":{"rendered":"\n<!--more-->\n\n\n\n<p>En el cierre de su visita a Neuqu\u00e9n, el ministro de Ambiente y Desarrollo Sostenible visit\u00f3 los avances del parque, ubicado en esa localidad del noroeste patag\u00f3nico, que ser\u00e1 de acceso p\u00fablico, y que es financiado con aportes del Plan Casa Com\u00fan, una iniciativa que impulsa la cartera nacional de Ambiente.<\/p>\n\n\n\n<p>Compartir en<br>redes sociales<\/p>\n\n\n\n<ul class=\"wp-block-list\"><li><a href=\"http:\/\/www.facebook.com\/sharer\/sharer.php?u=https:\/\/www.argentina.gob.ar\/noticias\/cabandie-recorrio-la-obra-del-parque-ambiental-en-villa-pehuenia-neuquen&amp;title=Cabandi%C3%A9%20recorri%C3%B3%20la%20obra%20del%20Parque%20Ambiental%20en%20Villa%20Pehuenia,%20Neuqu%C3%A9n\" target=\"_blank\" rel=\"noreferrer noopener\">Compartir en Facebook<\/a><\/li><li><a href=\"https:\/\/twitter.com\/share?url=https:\/\/www.argentina.gob.ar\/noticias\/cabandie-recorrio-la-obra-del-parque-ambiental-en-villa-pehuenia-neuquen&amp;text=Cabandi%C3%A9%20recorri%C3%B3%20la%20obra%20del%20Parque%20Ambiental%20en%20Villa%20Pehuenia,%20Neuqu%C3%A9n\" target=\"_blank\" rel=\"noreferrer noopener\">Compartir en Twitter<\/a><\/li><li><a href=\"https:\/\/www.linkedin.com\/shareArticle?mini=true&amp;url=https:\/\/www.argentina.gob.ar\/noticias\/cabandie-recorrio-la-obra-del-parque-ambiental-en-villa-pehuenia-neuquen\" target=\"_blank\" rel=\"noreferrer noopener\">Compartir en Linkedin<\/a><\/li><li><a href=\"https:\/\/web.whatsapp.com\/send?text=https:\/\/www.argentina.gob.ar\/noticias\/cabandie-recorrio-la-obra-del-parque-ambiental-en-villa-pehuenia-neuquen&amp;title=Cabandi%C3%A9%20recorri%C3%B3%20la%20obra%20del%20Parque%20Ambiental%20en%20Villa%20Pehuenia,%20Neuqu%C3%A9n\" target=\"_blank\" rel=\"noreferrer noopener\">Compartir en Whatsapp<\/a><\/li><li><a href=\"https:\/\/t.me\/share\/url?url=https:\/\/www.argentina.gob.ar\/noticias\/cabandie-recorrio-la-obra-del-parque-ambiental-en-villa-pehuenia-neuquen&amp;text=Cabandi%C3%A9%20recorri%C3%B3%20la%20obra%20del%20Parque%20Ambiental%20en%20Villa%20Pehuenia,%20Neuqu%C3%A9n\" target=\"_blank\" rel=\"noreferrer noopener\">Compartir en Telegram<\/a><\/li><\/ul>\n\n\n\n<p>Publicado el domingo 27 de junio de 2021<\/p>\n\n\n\n<hr class=\"wp-block-separator\"\/>\n\n\n\n<p>El titular de la cartera ambiental nacional, Juan Cabandi\u00e9, visit\u00f3 la localidad de Villa Pehuenia donde celebr\u00f3 los avances de la obra del Parque Ambiental, una de las primeras obras que se est\u00e1 ejecutando en el marco del Plan Casa Com\u00fan.<\/p>\n\n\n\n<p>Durante el recorrido, Cabandi\u00e9 afirm\u00f3 que \u00abel parque ser\u00e1 de acceso p\u00fablico para el disfrute de las y los ciudadanos de Villa Pehuenia y para las y los turistas que lleguen a este hermoso lugar de la provincia de Neuqu\u00e9n\u00bb. Adem\u00e1s, el ministro manifest\u00f3 que promover\u00e1 la intenci\u00f3n de \u00abconstruir ciudadan\u00eda y responsabilidad ambiental\u00bb.<\/p>\n\n\n\n<p>El proyecto que se enmarca en el Plan Casa Com\u00fan, iniciativa que impulsa la cartera nacional de Ambiente, demand\u00f3 una inversi\u00f3n de $17 millones, abarca m\u00e1s de 16 mil metros cuadrados y propone dividir el espacio en tres componentes: agua, personas, tierra y bosque.<\/p>\n\n\n\n<figure class=\"wp-block-image\"><img decoding=\"async\" src=\"https:\/\/www.argentina.gob.ar\/sites\/default\/files\/cabandie_parque_ambiental_villa_pehuenia_6.jpeg\" alt=\"\"\/><\/figure>\n\n\n\n<p>All\u00ed se prev\u00e9, adem\u00e1s, la incorporaci\u00f3n de puntos verdes, mobiliario de material recuperado, una unidad de carga solar y una estaci\u00f3n de educaci\u00f3n ambiental.<\/p>\n\n\n\n<p>Cabe recordar que el Ministerio de Ambiente y Desarrollo Sostenible lleva adelante distintas acciones en la provincia de Neuqu\u00e9n por un monto total superior a los $ 400 millones.<\/p>\n\n\n\n<p>Durante su visita en la provincia de Neuqu\u00e9n, desde San Mart\u00edn de los Andes, Cabandi\u00e9 firm\u00f3 un convenio para abastecer de energ\u00eda renovable a parques nacionales, adem\u00e1s, inaugur\u00f3 la subcentral de incendios de la Unidad de Gesti\u00f3n Descentralizada dentro del Parque Nacional Lan\u00edn, y desde la planta clasificadora de residuos de Alumin\u00e9, anunci\u00f3 inversiones para la gesti\u00f3n de residuos de esa localidad que impactar\u00e1 en la regi\u00f3n.<\/p>\n\n\n\n<p>Para conocer m\u00e1s sobre Casa Com\u00fan,&nbsp;<a href=\"https:\/\/casacomun.ambiente.gob.ar\/\">cliquear aqu\u00ed<\/a>.<\/p>\n\n\n\n<p>Para acceder al material fotogr\u00e1fico y audiovisual,\u00a0<a href=\"https:\/\/drive.google.com\/drive\/folders\/1Z81VFVs7AegtfpiJnMEq31HuCOOT7GM8?usp=sharing\">cliquear aqu\u00ed<\/a>.<\/p>\n\n\n\n<p>Fuente: https:\/\/www.argentina.gob.ar\/noticias\/cabandie-recorrio-la-obra-del-parque-ambiental-en-villa-pehuenia-neuquen<\/p>\n","protected":false},"excerpt":{"rendered":"","protected":false},"author":6,"featured_media":73103,"comment_status":"open","ping_status":"open","sticky":false,"template":"","format":"standard","meta":{"site-sidebar-layout":"default","site-content-layout":"","ast-site-content-layout":"default","site-content-style":"default","site-sidebar-style":"default","ast-global-header-display":"","ast-banner-title-visibility":"","ast-main-header-display":"","ast-hfb-above-header-display":"","ast-hfb-below-header-display":"","ast-hfb-mobile-header-display":"","site-post-title":"","ast-breadcrumbs-content":"","ast-featured-img":"","footer-sml-layout":"","ast-disable-related-posts":"","theme-transparent-header-meta":"","adv-header-id-meta":"","stick-header-meta":"","header-above-stick-meta":"","header-main-stick-meta":"","header-below-stick-meta":"","astra-migrate-meta-layouts":"default","ast-page-background-enabled":"default","ast-page-background-meta":{"desktop":{"background-color":"var(--ast-global-color-5)","background-image":"","background-repeat":"repeat","background-position":"center center","background-size":"auto","background-attachment":"scroll","background-type":"","background-media":"","overlay-type":"","overlay-color":"","overlay-opacity":"","overlay-gradient":""},"tablet":{"background-color":"","background-image":"","background-repeat":"repeat","background-position":"center center","background-size":"auto","background-attachment":"scroll","background-type":"","background-media":"","overlay-type":"","overlay-color":"","overlay-opacity":"","overlay-gradient":""},"mobile":{"background-color":"","background-image":"","background-repeat":"repeat","background-position":"center center","background-size":"auto","background-attachment":"scroll","background-type":"","background-media":"","overlay-type":"","overlay-color":"","overlay-opacity":"","overlay-gradient":""}},"ast-content-background-meta":{"desktop":{"background-color":"var(--ast-global-color-4)","background-image":"","background-repeat":"repeat","background-position":"center center","background-size":"auto","background-attachment":"scroll","background-type":"","background-media":"","overlay-type":"","overlay-color":"","overlay-opacity":"","overlay-gradient":""},"tablet":{"background-color":"var(--ast-global-color-4)","background-image":"","background-repeat":"repeat","background-position":"center center","background-size":"auto","background-attachment":"scroll","background-type":"","background-media":"","overlay-type":"","overlay-color":"","overlay-opacity":"","overlay-gradient":""},"mobile":{"background-color":"var(--ast-global-color-4)","background-image":"","background-repeat":"repeat","background-position":"center center","background-size":"auto","background-attachment":"scroll","background-type":"","background-media":"","overlay-type":"","overlay-color":"","overlay-opacity":"","overlay-gradient":""}},"footnotes":""},"categories":[11,19,1,10],"tags":[],"class_list":["post-73102","post","type-post","status-publish","format-standard","has-post-thumbnail","hentry","category-boletin","category-nacionales","category-noticias","category-rotador"],"yoast_head":"<!-- This site is optimized with the Yoast SEO Premium plugin v23.0 (Yoast SEO v27.5) - https:\/\/yoast.com\/product\/yoast-seo-premium-wordpress\/ -->\n<title>Cabandi\u00e9 recorri\u00f3 la obra del Parque Ambiental en Villa Pehuenia, Neuqu\u00e9n<\/title>\n<meta name=\"robots\" content=\"index, follow, max-snippet:-1, max-image-preview:large, max-video-preview:-1\" \/>\n<link rel=\"canonical\" href=\"https:\/\/patagoniambiental.com.ar\/info\/cabandie-recorrio-la-obra-del-parque-ambiental-en-villa-pehuenia-neuquen\/\" \/>\n<meta property=\"og:locale\" content=\"es_ES\" \/>\n<meta property=\"og:type\" content=\"article\" \/>\n<meta property=\"og:title\" content=\"Cabandi\u00e9 recorri\u00f3 la obra del Parque Ambiental en Villa Pehuenia, Neuqu\u00e9n\" \/>\n<meta property=\"og:url\" content=\"https:\/\/patagoniambiental.com.ar\/info\/cabandie-recorrio-la-obra-del-parque-ambiental-en-villa-pehuenia-neuquen\/\" \/>\n<meta property=\"og:site_name\" content=\"Patagonia Ambiental\" \/>\n<meta property=\"article:publisher\" content=\"https:\/\/www.facebook.com\/patagonia.ambiental\" \/>\n<meta property=\"article:published_time\" content=\"2021-06-28T10:00:00+00:00\" \/>\n<meta property=\"article:modified_time\" content=\"2021-06-28T13:15:54+00:00\" \/>\n<meta property=\"og:image\" content=\"https:\/\/patagoniambiental.com.ar\/info\/wp-content\/uploads\/2021\/06\/67.jpg\" \/>\n\t<meta property=\"og:image:width\" content=\"1327\" \/>\n\t<meta property=\"og:image:height\" content=\"349\" \/>\n\t<meta property=\"og:image:type\" content=\"image\/jpeg\" \/>\n<meta name=\"author\" content=\"BRAIAN ESTEVEZ\" \/>\n<meta name=\"twitter:card\" content=\"summary_large_image\" \/>\n<meta name=\"twitter:creator\" content=\"@PatAmb\" \/>\n<meta name=\"twitter:site\" content=\"@PatAmb\" \/>\n<script type=\"application\/ld+json\" class=\"yoast-schema-graph\">{\"@context\":\"https:\\\/\\\/schema.org\",\"@graph\":[{\"@type\":\"Article\",\"@id\":\"https:\\\/\\\/patagoniambiental.com.ar\\\/info\\\/cabandie-recorrio-la-obra-del-parque-ambiental-en-villa-pehuenia-neuquen\\\/#article\",\"isPartOf\":{\"@id\":\"https:\\\/\\\/patagoniambiental.com.ar\\\/info\\\/cabandie-recorrio-la-obra-del-parque-ambiental-en-villa-pehuenia-neuquen\\\/\"},\"author\":{\"name\":\"BRAIAN ESTEVEZ\",\"@id\":\"https:\\\/\\\/patagoniambiental.com.ar\\\/info\\\/#\\\/schema\\\/person\\\/e5af09d700b2e82cb10c6b8800e0c691\"},\"headline\":\"Cabandi\u00e9 recorri\u00f3 la obra del Parque Ambiental en Villa Pehuenia, Neuqu\u00e9n\",\"datePublished\":\"2021-06-28T10:00:00+00:00\",\"dateModified\":\"2021-06-28T13:15:54+00:00\",\"mainEntityOfPage\":{\"@id\":\"https:\\\/\\\/patagoniambiental.com.ar\\\/info\\\/cabandie-recorrio-la-obra-del-parque-ambiental-en-villa-pehuenia-neuquen\\\/\"},\"wordCount\":397,\"commentCount\":0,\"publisher\":{\"@id\":\"https:\\\/\\\/patagoniambiental.com.ar\\\/info\\\/#organization\"},\"image\":{\"@id\":\"https:\\\/\\\/patagoniambiental.com.ar\\\/info\\\/cabandie-recorrio-la-obra-del-parque-ambiental-en-villa-pehuenia-neuquen\\\/#primaryimage\"},\"thumbnailUrl\":\"https:\\\/\\\/patagoniambiental.com.ar\\\/info\\\/wp-content\\\/uploads\\\/2021\\\/06\\\/67.jpg\",\"articleSection\":[\"Bolet\u00edn\",\"Nacionales\",\"Noticias\",\"Rotador\"],\"inLanguage\":\"es\",\"potentialAction\":[{\"@type\":\"CommentAction\",\"name\":\"Comment\",\"target\":[\"https:\\\/\\\/patagoniambiental.com.ar\\\/info\\\/cabandie-recorrio-la-obra-del-parque-ambiental-en-villa-pehuenia-neuquen\\\/#respond\"]}]},{\"@type\":\"WebPage\",\"@id\":\"https:\\\/\\\/patagoniambiental.com.ar\\\/info\\\/cabandie-recorrio-la-obra-del-parque-ambiental-en-villa-pehuenia-neuquen\\\/\",\"url\":\"https:\\\/\\\/patagoniambiental.com.ar\\\/info\\\/cabandie-recorrio-la-obra-del-parque-ambiental-en-villa-pehuenia-neuquen\\\/\",\"name\":\"Cabandi\u00e9 recorri\u00f3 la obra del Parque Ambiental en Villa Pehuenia, Neuqu\u00e9n\",\"isPartOf\":{\"@id\":\"https:\\\/\\\/patagoniambiental.com.ar\\\/info\\\/#website\"},\"primaryImageOfPage\":{\"@id\":\"https:\\\/\\\/patagoniambiental.com.ar\\\/info\\\/cabandie-recorrio-la-obra-del-parque-ambiental-en-villa-pehuenia-neuquen\\\/#primaryimage\"},\"image\":{\"@id\":\"https:\\\/\\\/patagoniambiental.com.ar\\\/info\\\/cabandie-recorrio-la-obra-del-parque-ambiental-en-villa-pehuenia-neuquen\\\/#primaryimage\"},\"thumbnailUrl\":\"https:\\\/\\\/patagoniambiental.com.ar\\\/info\\\/wp-content\\\/uploads\\\/2021\\\/06\\\/67.jpg\",\"datePublished\":\"2021-06-28T10:00:00+00:00\",\"dateModified\":\"2021-06-28T13:15:54+00:00\",\"breadcrumb\":{\"@id\":\"https:\\\/\\\/patagoniambiental.com.ar\\\/info\\\/cabandie-recorrio-la-obra-del-parque-ambiental-en-villa-pehuenia-neuquen\\\/#breadcrumb\"},\"inLanguage\":\"es\",\"potentialAction\":[{\"@type\":\"ReadAction\",\"target\":[\"https:\\\/\\\/patagoniambiental.com.ar\\\/info\\\/cabandie-recorrio-la-obra-del-parque-ambiental-en-villa-pehuenia-neuquen\\\/\"]}]},{\"@type\":\"ImageObject\",\"inLanguage\":\"es\",\"@id\":\"https:\\\/\\\/patagoniambiental.com.ar\\\/info\\\/cabandie-recorrio-la-obra-del-parque-ambiental-en-villa-pehuenia-neuquen\\\/#primaryimage\",\"url\":\"https:\\\/\\\/patagoniambiental.com.ar\\\/info\\\/wp-content\\\/uploads\\\/2021\\\/06\\\/67.jpg\",\"contentUrl\":\"https:\\\/\\\/patagoniambiental.com.ar\\\/info\\\/wp-content\\\/uploads\\\/2021\\\/06\\\/67.jpg\",\"width\":1200,\"height\":316},{\"@type\":\"BreadcrumbList\",\"@id\":\"https:\\\/\\\/patagoniambiental.com.ar\\\/info\\\/cabandie-recorrio-la-obra-del-parque-ambiental-en-villa-pehuenia-neuquen\\\/#breadcrumb\",\"itemListElement\":[{\"@type\":\"ListItem\",\"position\":1,\"name\":\"Inicio\",\"item\":\"https:\\\/\\\/patagoniambiental.com.ar\\\/info\\\/\"},{\"@type\":\"ListItem\",\"position\":2,\"name\":\"Cabandi\u00e9 recorri\u00f3 la obra del Parque Ambiental en Villa Pehuenia, Neuqu\u00e9n\"}]},{\"@type\":\"WebSite\",\"@id\":\"https:\\\/\\\/patagoniambiental.com.ar\\\/info\\\/#website\",\"url\":\"https:\\\/\\\/patagoniambiental.com.ar\\\/info\\\/\",\"name\":\"Patagonia Ambiental\",\"description\":\"Monitoreo y an\u00e1lisis de la situaci\u00f3n geopol\u00edtica en el mundo y su implicancia en la Patagonia\",\"publisher\":{\"@id\":\"https:\\\/\\\/patagoniambiental.com.ar\\\/info\\\/#organization\"},\"potentialAction\":[{\"@type\":\"SearchAction\",\"target\":{\"@type\":\"EntryPoint\",\"urlTemplate\":\"https:\\\/\\\/patagoniambiental.com.ar\\\/info\\\/?s={search_term_string}\"},\"query-input\":{\"@type\":\"PropertyValueSpecification\",\"valueRequired\":true,\"valueName\":\"search_term_string\"}}],\"inLanguage\":\"es\"},{\"@type\":\"Organization\",\"@id\":\"https:\\\/\\\/patagoniambiental.com.ar\\\/info\\\/#organization\",\"name\":\"Patagonia Ambiental\",\"url\":\"https:\\\/\\\/patagoniambiental.com.ar\\\/info\\\/\",\"logo\":{\"@type\":\"ImageObject\",\"inLanguage\":\"es\",\"@id\":\"https:\\\/\\\/patagoniambiental.com.ar\\\/info\\\/#\\\/schema\\\/logo\\\/image\\\/\",\"url\":\"https:\\\/\\\/patagoniambiental.com.ar\\\/info\\\/wp-content\\\/uploads\\\/2025\\\/05\\\/LOGO-PATAGONIA-AMBIENTAL.png\",\"contentUrl\":\"https:\\\/\\\/patagoniambiental.com.ar\\\/info\\\/wp-content\\\/uploads\\\/2025\\\/05\\\/LOGO-PATAGONIA-AMBIENTAL.png\",\"width\":433,\"height\":250,\"caption\":\"Patagonia Ambiental\"},\"image\":{\"@id\":\"https:\\\/\\\/patagoniambiental.com.ar\\\/info\\\/#\\\/schema\\\/logo\\\/image\\\/\"},\"sameAs\":[\"https:\\\/\\\/www.facebook.com\\\/patagonia.ambiental\",\"https:\\\/\\\/x.com\\\/PatAmb\"]},{\"@type\":\"Person\",\"@id\":\"https:\\\/\\\/patagoniambiental.com.ar\\\/info\\\/#\\\/schema\\\/person\\\/e5af09d700b2e82cb10c6b8800e0c691\",\"name\":\"BRAIAN ESTEVEZ\",\"sameAs\":[\"http:\\\/\\\/www.patagoniambiental.com.ar\"]}]}<\/script>\n<!-- \/ Yoast SEO Premium plugin. -->","yoast_head_json":{"title":"Cabandi\u00e9 recorri\u00f3 la obra del Parque Ambiental en Villa Pehuenia, Neuqu\u00e9n","robots":{"index":"index","follow":"follow","max-snippet":"max-snippet:-1","max-image-preview":"max-image-preview:large","max-video-preview":"max-video-preview:-1"},"canonical":"https:\/\/patagoniambiental.com.ar\/info\/cabandie-recorrio-la-obra-del-parque-ambiental-en-villa-pehuenia-neuquen\/","og_locale":"es_ES","og_type":"article","og_title":"Cabandi\u00e9 recorri\u00f3 la obra del Parque Ambiental en Villa Pehuenia, Neuqu\u00e9n","og_url":"https:\/\/patagoniambiental.com.ar\/info\/cabandie-recorrio-la-obra-del-parque-ambiental-en-villa-pehuenia-neuquen\/","og_site_name":"Patagonia Ambiental","article_publisher":"https:\/\/www.facebook.com\/patagonia.ambiental","article_published_time":"2021-06-28T10:00:00+00:00","article_modified_time":"2021-06-28T13:15:54+00:00","og_image":[{"width":1327,"height":349,"url":"https:\/\/patagoniambiental.com.ar\/info\/wp-content\/uploads\/2021\/06\/67.jpg","type":"image\/jpeg"}],"author":"BRAIAN ESTEVEZ","twitter_card":"summary_large_image","twitter_creator":"@PatAmb","twitter_site":"@PatAmb","schema":{"@context":"https:\/\/schema.org","@graph":[{"@type":"Article","@id":"https:\/\/patagoniambiental.com.ar\/info\/cabandie-recorrio-la-obra-del-parque-ambiental-en-villa-pehuenia-neuquen\/#article","isPartOf":{"@id":"https:\/\/patagoniambiental.com.ar\/info\/cabandie-recorrio-la-obra-del-parque-ambiental-en-villa-pehuenia-neuquen\/"},"author":{"name":"BRAIAN ESTEVEZ","@id":"https:\/\/patagoniambiental.com.ar\/info\/#\/schema\/person\/e5af09d700b2e82cb10c6b8800e0c691"},"headline":"Cabandi\u00e9 recorri\u00f3 la obra del Parque Ambiental en Villa Pehuenia, Neuqu\u00e9n","datePublished":"2021-06-28T10:00:00+00:00","dateModified":"2021-06-28T13:15:54+00:00","mainEntityOfPage":{"@id":"https:\/\/patagoniambiental.com.ar\/info\/cabandie-recorrio-la-obra-del-parque-ambiental-en-villa-pehuenia-neuquen\/"},"wordCount":397,"commentCount":0,"publisher":{"@id":"https:\/\/patagoniambiental.com.ar\/info\/#organization"},"image":{"@id":"https:\/\/patagoniambiental.com.ar\/info\/cabandie-recorrio-la-obra-del-parque-ambiental-en-villa-pehuenia-neuquen\/#primaryimage"},"thumbnailUrl":"https:\/\/patagoniambiental.com.ar\/info\/wp-content\/uploads\/2021\/06\/67.jpg","articleSection":["Bolet\u00edn","Nacionales","Noticias","Rotador"],"inLanguage":"es","potentialAction":[{"@type":"CommentAction","name":"Comment","target":["https:\/\/patagoniambiental.com.ar\/info\/cabandie-recorrio-la-obra-del-parque-ambiental-en-villa-pehuenia-neuquen\/#respond"]}]},{"@type":"WebPage","@id":"https:\/\/patagoniambiental.com.ar\/info\/cabandie-recorrio-la-obra-del-parque-ambiental-en-villa-pehuenia-neuquen\/","url":"https:\/\/patagoniambiental.com.ar\/info\/cabandie-recorrio-la-obra-del-parque-ambiental-en-villa-pehuenia-neuquen\/","name":"Cabandi\u00e9 recorri\u00f3 la obra del Parque Ambiental en Villa Pehuenia, Neuqu\u00e9n","isPartOf":{"@id":"https:\/\/patagoniambiental.com.ar\/info\/#website"},"primaryImageOfPage":{"@id":"https:\/\/patagoniambiental.com.ar\/info\/cabandie-recorrio-la-obra-del-parque-ambiental-en-villa-pehuenia-neuquen\/#primaryimage"},"image":{"@id":"https:\/\/patagoniambiental.com.ar\/info\/cabandie-recorrio-la-obra-del-parque-ambiental-en-villa-pehuenia-neuquen\/#primaryimage"},"thumbnailUrl":"https:\/\/patagoniambiental.com.ar\/info\/wp-content\/uploads\/2021\/06\/67.jpg","datePublished":"2021-06-28T10:00:00+00:00","dateModified":"2021-06-28T13:15:54+00:00","breadcrumb":{"@id":"https:\/\/patagoniambiental.com.ar\/info\/cabandie-recorrio-la-obra-del-parque-ambiental-en-villa-pehuenia-neuquen\/#breadcrumb"},"inLanguage":"es","potentialAction":[{"@type":"ReadAction","target":["https:\/\/patagoniambiental.com.ar\/info\/cabandie-recorrio-la-obra-del-parque-ambiental-en-villa-pehuenia-neuquen\/"]}]},{"@type":"ImageObject","inLanguage":"es","@id":"https:\/\/patagoniambiental.com.ar\/info\/cabandie-recorrio-la-obra-del-parque-ambiental-en-villa-pehuenia-neuquen\/#primaryimage","url":"https:\/\/patagoniambiental.com.ar\/info\/wp-content\/uploads\/2021\/06\/67.jpg","contentUrl":"https:\/\/patagoniambiental.com.ar\/info\/wp-content\/uploads\/2021\/06\/67.jpg","width":1200,"height":316},{"@type":"BreadcrumbList","@id":"https:\/\/patagoniambiental.com.ar\/info\/cabandie-recorrio-la-obra-del-parque-ambiental-en-villa-pehuenia-neuquen\/#breadcrumb","itemListElement":[{"@type":"ListItem","position":1,"name":"Inicio","item":"https:\/\/patagoniambiental.com.ar\/info\/"},{"@type":"ListItem","position":2,"name":"Cabandi\u00e9 recorri\u00f3 la obra del Parque Ambiental en Villa Pehuenia, Neuqu\u00e9n"}]},{"@type":"WebSite","@id":"https:\/\/patagoniambiental.com.ar\/info\/#website","url":"https:\/\/patagoniambiental.com.ar\/info\/","name":"Patagonia Ambiental","description":"Monitoreo y an\u00e1lisis de la situaci\u00f3n geopol\u00edtica en el mundo y su implicancia en la Patagonia","publisher":{"@id":"https:\/\/patagoniambiental.com.ar\/info\/#organization"},"potentialAction":[{"@type":"SearchAction","target":{"@type":"EntryPoint","urlTemplate":"https:\/\/patagoniambiental.com.ar\/info\/?s={search_term_string}"},"query-input":{"@type":"PropertyValueSpecification","valueRequired":true,"valueName":"search_term_string"}}],"inLanguage":"es"},{"@type":"Organization","@id":"https:\/\/patagoniambiental.com.ar\/info\/#organization","name":"Patagonia Ambiental","url":"https:\/\/patagoniambiental.com.ar\/info\/","logo":{"@type":"ImageObject","inLanguage":"es","@id":"https:\/\/patagoniambiental.com.ar\/info\/#\/schema\/logo\/image\/","url":"https:\/\/patagoniambiental.com.ar\/info\/wp-content\/uploads\/2025\/05\/LOGO-PATAGONIA-AMBIENTAL.png","contentUrl":"https:\/\/patagoniambiental.com.ar\/info\/wp-content\/uploads\/2025\/05\/LOGO-PATAGONIA-AMBIENTAL.png","width":433,"height":250,"caption":"Patagonia Ambiental"},"image":{"@id":"https:\/\/patagoniambiental.com.ar\/info\/#\/schema\/logo\/image\/"},"sameAs":["https:\/\/www.facebook.com\/patagonia.ambiental","https:\/\/x.com\/PatAmb"]},{"@type":"Person","@id":"https:\/\/patagoniambiental.com.ar\/info\/#\/schema\/person\/e5af09d700b2e82cb10c6b8800e0c691","name":"BRAIAN ESTEVEZ","sameAs":["http:\/\/www.patagoniambiental.com.ar"]}]}},"_links":{"self":[{"href":"https:\/\/patagoniambiental.com.ar\/info\/wp-json\/wp\/v2\/posts\/73102","targetHints":{"allow":["GET"]}}],"collection":[{"href":"https:\/\/patagoniambiental.com.ar\/info\/wp-json\/wp\/v2\/posts"}],"about":[{"href":"https:\/\/patagoniambiental.com.ar\/info\/wp-json\/wp\/v2\/types\/post"}],"author":[{"embeddable":true,"href":"https:\/\/patagoniambiental.com.ar\/info\/wp-json\/wp\/v2\/users\/6"}],"replies":[{"embeddable":true,"href":"https:\/\/patagoniambiental.com.ar\/info\/wp-json\/wp\/v2\/comments?post=73102"}],"version-history":[{"count":0,"href":"https:\/\/patagoniambiental.com.ar\/info\/wp-json\/wp\/v2\/posts\/73102\/revisions"}],"wp:featuredmedia":[{"embeddable":true,"href":"https:\/\/patagoniambiental.com.ar\/info\/wp-json\/wp\/v2\/media\/73103"}],"wp:attachment":[{"href":"https:\/\/patagoniambiental.com.ar\/info\/wp-json\/wp\/v2\/media?parent=73102"}],"wp:term":[{"taxonomy":"category","embeddable":true,"href":"https:\/\/patagoniambiental.com.ar\/info\/wp-json\/wp\/v2\/categories?post=73102"},{"taxonomy":"post_tag","embeddable":true,"href":"https:\/\/patagoniambiental.com.ar\/info\/wp-json\/wp\/v2\/tags?post=73102"}],"curies":[{"name":"wp","href":"https:\/\/api.w.org\/{rel}","templated":true}]}}