{"id":73134,"date":"2021-06-30T07:00:00","date_gmt":"2021-06-30T10:00:00","guid":{"rendered":"http:\/\/patagoniambiental.com.ar\/info\/?p=73134"},"modified":"2021-06-30T09:36:21","modified_gmt":"2021-06-30T12:36:21","slug":"el-gobierno-de-rio-negro-da-consejos-para-proteger-las-canerias-de-agua-domiciliarias-ante-la-ola-de-frio","status":"publish","type":"post","link":"https:\/\/patagoniambiental.com.ar\/info\/el-gobierno-de-rio-negro-da-consejos-para-proteger-las-canerias-de-agua-domiciliarias-ante-la-ola-de-frio\/","title":{"rendered":"El Gobierno de Rio Negro da consejos para proteger las ca\u00f1er\u00edas de agua domiciliarias ante la ola de fr\u00edo"},"content":{"rendered":"\n<!--more-->\n\n\n\n<p>En invierno es necesario prestar atenci\u00f3n a las instalaciones sanitarias del hogar, ya que pueden congelarse y hasta fisurarse ante la exposici\u00f3n a las bajas temperaturas.<\/p>\n\n\n\n<p>Por este motivo y ante el pron\u00f3stico de intensos fr\u00edos en la regi\u00f3n, desde Aguas Rionegrinas compartieron recomendaciones&nbsp; para proteger las ca\u00f1er\u00edas externas y evitar su congelamiento.<\/p>\n\n\n\n<p>El&nbsp; primer paso es determinar cu\u00e1les son las ca\u00f1er\u00edas externas que tenemos en la casa y que tienen una alta exposici\u00f3n al fr\u00edo. El segundo paso ser\u00e1 cubrirlas con alguna cinta t\u00e9rmica o accesorio aislante. En caso no tener estos elementos se pueden cubrir con alguna tela o trapos en desuso.<\/p>\n\n\n\n<p>Otro aspecto a tener en cuenta es en el patio o jard\u00edn y verificar que las mangueras est\u00e9n vac\u00edas dado que si tienen agua dentro, puede congelarse y reventarse si se abre la canilla.<\/p>\n\n\n\n<p>Al respecto se informa que de no tomar el recaudo necesario por las bajas temperaturas, la vivienda puede sufrir la falta de agua como tambi\u00e9n producir roturas o fisuras en las ca\u00f1er\u00edas por&nbsp; congelamiento.<\/p>\n\n\n\n<p>Sin embargo, en el caso de haberse producido el congelamiento de una ca\u00f1er\u00eda, lo importante es abrir cada una de las canillas de la vivienda para determinar cu\u00e1l es la afectada, luego se puede dar calor directo sobre la canilla, continuando con la ca\u00f1er\u00eda como por ejemplo con un secador de pelo o bien podemos esperar hasta que la temperatura suba para que el agua se descongele.<\/p>\n\n\n\n<p>En caso de que la ca\u00f1er\u00eda contin\u00fae con hielo, se recomienda cerrar el paso de agua y llamar a un plomero para evitar mayores roturas.<\/p>\n\n\n\n<p>Fuente: Gobierno de Rio Negro<\/p>\n","protected":false},"excerpt":{"rendered":"","protected":false},"author":6,"featured_media":73135,"comment_status":"open","ping_status":"open","sticky":false,"template":"","format":"standard","meta":{"site-sidebar-layout":"default","site-content-layout":"","ast-site-content-layout":"default","site-content-style":"default","site-sidebar-style":"default","ast-global-header-display":"","ast-banner-title-visibility":"","ast-main-header-display":"","ast-hfb-above-header-display":"","ast-hfb-below-header-display":"","ast-hfb-mobile-header-display":"","site-post-title":"","ast-breadcrumbs-content":"","ast-featured-img":"","footer-sml-layout":"","ast-disable-related-posts":"","theme-transparent-header-meta":"","adv-header-id-meta":"","stick-header-meta":"","header-above-stick-meta":"","header-main-stick-meta":"","header-below-stick-meta":"","astra-migrate-meta-layouts":"default","ast-page-background-enabled":"default","ast-page-background-meta":{"desktop":{"background-color":"var(--ast-global-color-5)","background-image":"","background-repeat":"repeat","background-position":"center center","background-size":"auto","background-attachment":"scroll","background-type":"","background-media":"","overlay-type":"","overlay-color":"","overlay-opacity":"","overlay-gradient":""},"tablet":{"background-color":"","background-image":"","background-repeat":"repeat","background-position":"center center","background-size":"auto","background-attachment":"scroll","background-type":"","background-media":"","overlay-type":"","overlay-color":"","overlay-opacity":"","overlay-gradient":""},"mobile":{"background-color":"","background-image":"","background-repeat":"repeat","background-position":"center center","background-size":"auto","background-attachment":"scroll","background-type":"","background-media":"","overlay-type":"","overlay-color":"","overlay-opacity":"","overlay-gradient":""}},"ast-content-background-meta":{"desktop":{"background-color":"var(--ast-global-color-4)","background-image":"","background-repeat":"repeat","background-position":"center center","background-size":"auto","background-attachment":"scroll","background-type":"","background-media":"","overlay-type":"","overlay-color":"","overlay-opacity":"","overlay-gradient":""},"tablet":{"background-color":"var(--ast-global-color-4)","background-image":"","background-repeat":"repeat","background-position":"center center","background-size":"auto","background-attachment":"scroll","background-type":"","background-media":"","overlay-type":"","overlay-color":"","overlay-opacity":"","overlay-gradient":""},"mobile":{"background-color":"var(--ast-global-color-4)","background-image":"","background-repeat":"repeat","background-position":"center center","background-size":"auto","background-attachment":"scroll","background-type":"","background-media":"","overlay-type":"","overlay-color":"","overlay-opacity":"","overlay-gradient":""}},"footnotes":""},"categories":[1,13,14],"tags":[],"class_list":["post-73134","post","type-post","status-publish","format-standard","has-post-thumbnail","hentry","category-noticias","category-provinciales","category-rio-negro"],"yoast_head":"<!-- This site is optimized with the Yoast SEO Premium plugin v23.0 (Yoast SEO v27.5) - https:\/\/yoast.com\/product\/yoast-seo-premium-wordpress\/ -->\n<title>El Gobierno de Rio Negro da consejos para proteger las ca\u00f1er\u00edas de agua domiciliarias ante la ola de fr\u00edo<\/title>\n<meta name=\"robots\" content=\"index, follow, max-snippet:-1, max-image-preview:large, max-video-preview:-1\" \/>\n<link rel=\"canonical\" href=\"https:\/\/patagoniambiental.com.ar\/info\/el-gobierno-de-rio-negro-da-consejos-para-proteger-las-canerias-de-agua-domiciliarias-ante-la-ola-de-frio\/\" \/>\n<meta property=\"og:locale\" content=\"es_ES\" \/>\n<meta property=\"og:type\" content=\"article\" \/>\n<meta property=\"og:title\" content=\"El Gobierno de Rio Negro da consejos para proteger las ca\u00f1er\u00edas de agua domiciliarias ante la ola de fr\u00edo\" \/>\n<meta property=\"og:url\" content=\"https:\/\/patagoniambiental.com.ar\/info\/el-gobierno-de-rio-negro-da-consejos-para-proteger-las-canerias-de-agua-domiciliarias-ante-la-ola-de-frio\/\" \/>\n<meta property=\"og:site_name\" content=\"Patagonia Ambiental\" \/>\n<meta property=\"article:publisher\" content=\"https:\/\/www.facebook.com\/patagonia.ambiental\" \/>\n<meta property=\"article:published_time\" content=\"2021-06-30T10:00:00+00:00\" \/>\n<meta property=\"article:modified_time\" content=\"2021-06-30T12:36:21+00:00\" \/>\n<meta property=\"og:image\" content=\"https:\/\/patagoniambiental.com.ar\/info\/wp-content\/uploads\/2021\/06\/00058205.jpg\" \/>\n\t<meta property=\"og:image:width\" content=\"462\" \/>\n\t<meta property=\"og:image:height\" content=\"308\" \/>\n\t<meta property=\"og:image:type\" content=\"image\/jpeg\" \/>\n<meta name=\"author\" content=\"BRAIAN ESTEVEZ\" \/>\n<meta name=\"twitter:card\" content=\"summary_large_image\" \/>\n<meta name=\"twitter:creator\" content=\"@PatAmb\" \/>\n<meta name=\"twitter:site\" content=\"@PatAmb\" \/>\n<script type=\"application\/ld+json\" class=\"yoast-schema-graph\">{\"@context\":\"https:\\\/\\\/schema.org\",\"@graph\":[{\"@type\":\"Article\",\"@id\":\"https:\\\/\\\/patagoniambiental.com.ar\\\/info\\\/el-gobierno-de-rio-negro-da-consejos-para-proteger-las-canerias-de-agua-domiciliarias-ante-la-ola-de-frio\\\/#article\",\"isPartOf\":{\"@id\":\"https:\\\/\\\/patagoniambiental.com.ar\\\/info\\\/el-gobierno-de-rio-negro-da-consejos-para-proteger-las-canerias-de-agua-domiciliarias-ante-la-ola-de-frio\\\/\"},\"author\":{\"name\":\"BRAIAN ESTEVEZ\",\"@id\":\"https:\\\/\\\/patagoniambiental.com.ar\\\/info\\\/#\\\/schema\\\/person\\\/e5af09d700b2e82cb10c6b8800e0c691\"},\"headline\":\"El Gobierno de Rio Negro da consejos para proteger las ca\u00f1er\u00edas de agua domiciliarias ante la ola de fr\u00edo\",\"datePublished\":\"2021-06-30T10:00:00+00:00\",\"dateModified\":\"2021-06-30T12:36:21+00:00\",\"mainEntityOfPage\":{\"@id\":\"https:\\\/\\\/patagoniambiental.com.ar\\\/info\\\/el-gobierno-de-rio-negro-da-consejos-para-proteger-las-canerias-de-agua-domiciliarias-ante-la-ola-de-frio\\\/\"},\"wordCount\":321,\"commentCount\":0,\"publisher\":{\"@id\":\"https:\\\/\\\/patagoniambiental.com.ar\\\/info\\\/#organization\"},\"image\":{\"@id\":\"https:\\\/\\\/patagoniambiental.com.ar\\\/info\\\/el-gobierno-de-rio-negro-da-consejos-para-proteger-las-canerias-de-agua-domiciliarias-ante-la-ola-de-frio\\\/#primaryimage\"},\"thumbnailUrl\":\"https:\\\/\\\/patagoniambiental.com.ar\\\/info\\\/wp-content\\\/uploads\\\/2021\\\/06\\\/00058205.jpg\",\"articleSection\":[\"Noticias\",\"Provinciales\",\"R\u00edo Negro\"],\"inLanguage\":\"es\",\"potentialAction\":[{\"@type\":\"CommentAction\",\"name\":\"Comment\",\"target\":[\"https:\\\/\\\/patagoniambiental.com.ar\\\/info\\\/el-gobierno-de-rio-negro-da-consejos-para-proteger-las-canerias-de-agua-domiciliarias-ante-la-ola-de-frio\\\/#respond\"]}]},{\"@type\":\"WebPage\",\"@id\":\"https:\\\/\\\/patagoniambiental.com.ar\\\/info\\\/el-gobierno-de-rio-negro-da-consejos-para-proteger-las-canerias-de-agua-domiciliarias-ante-la-ola-de-frio\\\/\",\"url\":\"https:\\\/\\\/patagoniambiental.com.ar\\\/info\\\/el-gobierno-de-rio-negro-da-consejos-para-proteger-las-canerias-de-agua-domiciliarias-ante-la-ola-de-frio\\\/\",\"name\":\"El Gobierno de Rio Negro da consejos para proteger las ca\u00f1er\u00edas de agua domiciliarias ante la ola de fr\u00edo\",\"isPartOf\":{\"@id\":\"https:\\\/\\\/patagoniambiental.com.ar\\\/info\\\/#website\"},\"primaryImageOfPage\":{\"@id\":\"https:\\\/\\\/patagoniambiental.com.ar\\\/info\\\/el-gobierno-de-rio-negro-da-consejos-para-proteger-las-canerias-de-agua-domiciliarias-ante-la-ola-de-frio\\\/#primaryimage\"},\"image\":{\"@id\":\"https:\\\/\\\/patagoniambiental.com.ar\\\/info\\\/el-gobierno-de-rio-negro-da-consejos-para-proteger-las-canerias-de-agua-domiciliarias-ante-la-ola-de-frio\\\/#primaryimage\"},\"thumbnailUrl\":\"https:\\\/\\\/patagoniambiental.com.ar\\\/info\\\/wp-content\\\/uploads\\\/2021\\\/06\\\/00058205.jpg\",\"datePublished\":\"2021-06-30T10:00:00+00:00\",\"dateModified\":\"2021-06-30T12:36:21+00:00\",\"breadcrumb\":{\"@id\":\"https:\\\/\\\/patagoniambiental.com.ar\\\/info\\\/el-gobierno-de-rio-negro-da-consejos-para-proteger-las-canerias-de-agua-domiciliarias-ante-la-ola-de-frio\\\/#breadcrumb\"},\"inLanguage\":\"es\",\"potentialAction\":[{\"@type\":\"ReadAction\",\"target\":[\"https:\\\/\\\/patagoniambiental.com.ar\\\/info\\\/el-gobierno-de-rio-negro-da-consejos-para-proteger-las-canerias-de-agua-domiciliarias-ante-la-ola-de-frio\\\/\"]}]},{\"@type\":\"ImageObject\",\"inLanguage\":\"es\",\"@id\":\"https:\\\/\\\/patagoniambiental.com.ar\\\/info\\\/el-gobierno-de-rio-negro-da-consejos-para-proteger-las-canerias-de-agua-domiciliarias-ante-la-ola-de-frio\\\/#primaryimage\",\"url\":\"https:\\\/\\\/patagoniambiental.com.ar\\\/info\\\/wp-content\\\/uploads\\\/2021\\\/06\\\/00058205.jpg\",\"contentUrl\":\"https:\\\/\\\/patagoniambiental.com.ar\\\/info\\\/wp-content\\\/uploads\\\/2021\\\/06\\\/00058205.jpg\",\"width\":462,\"height\":308},{\"@type\":\"BreadcrumbList\",\"@id\":\"https:\\\/\\\/patagoniambiental.com.ar\\\/info\\\/el-gobierno-de-rio-negro-da-consejos-para-proteger-las-canerias-de-agua-domiciliarias-ante-la-ola-de-frio\\\/#breadcrumb\",\"itemListElement\":[{\"@type\":\"ListItem\",\"position\":1,\"name\":\"Inicio\",\"item\":\"https:\\\/\\\/patagoniambiental.com.ar\\\/info\\\/\"},{\"@type\":\"ListItem\",\"position\":2,\"name\":\"El Gobierno de Rio Negro da consejos para proteger las ca\u00f1er\u00edas de agua domiciliarias ante la ola de fr\u00edo\"}]},{\"@type\":\"WebSite\",\"@id\":\"https:\\\/\\\/patagoniambiental.com.ar\\\/info\\\/#website\",\"url\":\"https:\\\/\\\/patagoniambiental.com.ar\\\/info\\\/\",\"name\":\"Patagonia Ambiental\",\"description\":\"Monitoreo y an\u00e1lisis de la situaci\u00f3n geopol\u00edtica en el mundo y su implicancia en la Patagonia\",\"publisher\":{\"@id\":\"https:\\\/\\\/patagoniambiental.com.ar\\\/info\\\/#organization\"},\"potentialAction\":[{\"@type\":\"SearchAction\",\"target\":{\"@type\":\"EntryPoint\",\"urlTemplate\":\"https:\\\/\\\/patagoniambiental.com.ar\\\/info\\\/?s={search_term_string}\"},\"query-input\":{\"@type\":\"PropertyValueSpecification\",\"valueRequired\":true,\"valueName\":\"search_term_string\"}}],\"inLanguage\":\"es\"},{\"@type\":\"Organization\",\"@id\":\"https:\\\/\\\/patagoniambiental.com.ar\\\/info\\\/#organization\",\"name\":\"Patagonia Ambiental\",\"url\":\"https:\\\/\\\/patagoniambiental.com.ar\\\/info\\\/\",\"logo\":{\"@type\":\"ImageObject\",\"inLanguage\":\"es\",\"@id\":\"https:\\\/\\\/patagoniambiental.com.ar\\\/info\\\/#\\\/schema\\\/logo\\\/image\\\/\",\"url\":\"https:\\\/\\\/patagoniambiental.com.ar\\\/info\\\/wp-content\\\/uploads\\\/2025\\\/05\\\/LOGO-PATAGONIA-AMBIENTAL.png\",\"contentUrl\":\"https:\\\/\\\/patagoniambiental.com.ar\\\/info\\\/wp-content\\\/uploads\\\/2025\\\/05\\\/LOGO-PATAGONIA-AMBIENTAL.png\",\"width\":433,\"height\":250,\"caption\":\"Patagonia Ambiental\"},\"image\":{\"@id\":\"https:\\\/\\\/patagoniambiental.com.ar\\\/info\\\/#\\\/schema\\\/logo\\\/image\\\/\"},\"sameAs\":[\"https:\\\/\\\/www.facebook.com\\\/patagonia.ambiental\",\"https:\\\/\\\/x.com\\\/PatAmb\"]},{\"@type\":\"Person\",\"@id\":\"https:\\\/\\\/patagoniambiental.com.ar\\\/info\\\/#\\\/schema\\\/person\\\/e5af09d700b2e82cb10c6b8800e0c691\",\"name\":\"BRAIAN ESTEVEZ\",\"sameAs\":[\"http:\\\/\\\/www.patagoniambiental.com.ar\"]}]}<\/script>\n<!-- \/ Yoast SEO Premium plugin. -->","yoast_head_json":{"title":"El Gobierno de Rio Negro da consejos para proteger las ca\u00f1er\u00edas de agua domiciliarias ante la ola de fr\u00edo","robots":{"index":"index","follow":"follow","max-snippet":"max-snippet:-1","max-image-preview":"max-image-preview:large","max-video-preview":"max-video-preview:-1"},"canonical":"https:\/\/patagoniambiental.com.ar\/info\/el-gobierno-de-rio-negro-da-consejos-para-proteger-las-canerias-de-agua-domiciliarias-ante-la-ola-de-frio\/","og_locale":"es_ES","og_type":"article","og_title":"El Gobierno de Rio Negro da consejos para proteger las ca\u00f1er\u00edas de agua domiciliarias ante la ola de fr\u00edo","og_url":"https:\/\/patagoniambiental.com.ar\/info\/el-gobierno-de-rio-negro-da-consejos-para-proteger-las-canerias-de-agua-domiciliarias-ante-la-ola-de-frio\/","og_site_name":"Patagonia Ambiental","article_publisher":"https:\/\/www.facebook.com\/patagonia.ambiental","article_published_time":"2021-06-30T10:00:00+00:00","article_modified_time":"2021-06-30T12:36:21+00:00","og_image":[{"width":462,"height":308,"url":"https:\/\/patagoniambiental.com.ar\/info\/wp-content\/uploads\/2021\/06\/00058205.jpg","type":"image\/jpeg"}],"author":"BRAIAN ESTEVEZ","twitter_card":"summary_large_image","twitter_creator":"@PatAmb","twitter_site":"@PatAmb","schema":{"@context":"https:\/\/schema.org","@graph":[{"@type":"Article","@id":"https:\/\/patagoniambiental.com.ar\/info\/el-gobierno-de-rio-negro-da-consejos-para-proteger-las-canerias-de-agua-domiciliarias-ante-la-ola-de-frio\/#article","isPartOf":{"@id":"https:\/\/patagoniambiental.com.ar\/info\/el-gobierno-de-rio-negro-da-consejos-para-proteger-las-canerias-de-agua-domiciliarias-ante-la-ola-de-frio\/"},"author":{"name":"BRAIAN ESTEVEZ","@id":"https:\/\/patagoniambiental.com.ar\/info\/#\/schema\/person\/e5af09d700b2e82cb10c6b8800e0c691"},"headline":"El Gobierno de Rio Negro da consejos para proteger las ca\u00f1er\u00edas de agua domiciliarias ante la ola de fr\u00edo","datePublished":"2021-06-30T10:00:00+00:00","dateModified":"2021-06-30T12:36:21+00:00","mainEntityOfPage":{"@id":"https:\/\/patagoniambiental.com.ar\/info\/el-gobierno-de-rio-negro-da-consejos-para-proteger-las-canerias-de-agua-domiciliarias-ante-la-ola-de-frio\/"},"wordCount":321,"commentCount":0,"publisher":{"@id":"https:\/\/patagoniambiental.com.ar\/info\/#organization"},"image":{"@id":"https:\/\/patagoniambiental.com.ar\/info\/el-gobierno-de-rio-negro-da-consejos-para-proteger-las-canerias-de-agua-domiciliarias-ante-la-ola-de-frio\/#primaryimage"},"thumbnailUrl":"https:\/\/patagoniambiental.com.ar\/info\/wp-content\/uploads\/2021\/06\/00058205.jpg","articleSection":["Noticias","Provinciales","R\u00edo Negro"],"inLanguage":"es","potentialAction":[{"@type":"CommentAction","name":"Comment","target":["https:\/\/patagoniambiental.com.ar\/info\/el-gobierno-de-rio-negro-da-consejos-para-proteger-las-canerias-de-agua-domiciliarias-ante-la-ola-de-frio\/#respond"]}]},{"@type":"WebPage","@id":"https:\/\/patagoniambiental.com.ar\/info\/el-gobierno-de-rio-negro-da-consejos-para-proteger-las-canerias-de-agua-domiciliarias-ante-la-ola-de-frio\/","url":"https:\/\/patagoniambiental.com.ar\/info\/el-gobierno-de-rio-negro-da-consejos-para-proteger-las-canerias-de-agua-domiciliarias-ante-la-ola-de-frio\/","name":"El Gobierno de Rio Negro da consejos para proteger las ca\u00f1er\u00edas de agua domiciliarias ante la ola de fr\u00edo","isPartOf":{"@id":"https:\/\/patagoniambiental.com.ar\/info\/#website"},"primaryImageOfPage":{"@id":"https:\/\/patagoniambiental.com.ar\/info\/el-gobierno-de-rio-negro-da-consejos-para-proteger-las-canerias-de-agua-domiciliarias-ante-la-ola-de-frio\/#primaryimage"},"image":{"@id":"https:\/\/patagoniambiental.com.ar\/info\/el-gobierno-de-rio-negro-da-consejos-para-proteger-las-canerias-de-agua-domiciliarias-ante-la-ola-de-frio\/#primaryimage"},"thumbnailUrl":"https:\/\/patagoniambiental.com.ar\/info\/wp-content\/uploads\/2021\/06\/00058205.jpg","datePublished":"2021-06-30T10:00:00+00:00","dateModified":"2021-06-30T12:36:21+00:00","breadcrumb":{"@id":"https:\/\/patagoniambiental.com.ar\/info\/el-gobierno-de-rio-negro-da-consejos-para-proteger-las-canerias-de-agua-domiciliarias-ante-la-ola-de-frio\/#breadcrumb"},"inLanguage":"es","potentialAction":[{"@type":"ReadAction","target":["https:\/\/patagoniambiental.com.ar\/info\/el-gobierno-de-rio-negro-da-consejos-para-proteger-las-canerias-de-agua-domiciliarias-ante-la-ola-de-frio\/"]}]},{"@type":"ImageObject","inLanguage":"es","@id":"https:\/\/patagoniambiental.com.ar\/info\/el-gobierno-de-rio-negro-da-consejos-para-proteger-las-canerias-de-agua-domiciliarias-ante-la-ola-de-frio\/#primaryimage","url":"https:\/\/patagoniambiental.com.ar\/info\/wp-content\/uploads\/2021\/06\/00058205.jpg","contentUrl":"https:\/\/patagoniambiental.com.ar\/info\/wp-content\/uploads\/2021\/06\/00058205.jpg","width":462,"height":308},{"@type":"BreadcrumbList","@id":"https:\/\/patagoniambiental.com.ar\/info\/el-gobierno-de-rio-negro-da-consejos-para-proteger-las-canerias-de-agua-domiciliarias-ante-la-ola-de-frio\/#breadcrumb","itemListElement":[{"@type":"ListItem","position":1,"name":"Inicio","item":"https:\/\/patagoniambiental.com.ar\/info\/"},{"@type":"ListItem","position":2,"name":"El Gobierno de Rio Negro da consejos para proteger las ca\u00f1er\u00edas de agua domiciliarias ante la ola de fr\u00edo"}]},{"@type":"WebSite","@id":"https:\/\/patagoniambiental.com.ar\/info\/#website","url":"https:\/\/patagoniambiental.com.ar\/info\/","name":"Patagonia Ambiental","description":"Monitoreo y an\u00e1lisis de la situaci\u00f3n geopol\u00edtica en el mundo y su implicancia en la Patagonia","publisher":{"@id":"https:\/\/patagoniambiental.com.ar\/info\/#organization"},"potentialAction":[{"@type":"SearchAction","target":{"@type":"EntryPoint","urlTemplate":"https:\/\/patagoniambiental.com.ar\/info\/?s={search_term_string}"},"query-input":{"@type":"PropertyValueSpecification","valueRequired":true,"valueName":"search_term_string"}}],"inLanguage":"es"},{"@type":"Organization","@id":"https:\/\/patagoniambiental.com.ar\/info\/#organization","name":"Patagonia Ambiental","url":"https:\/\/patagoniambiental.com.ar\/info\/","logo":{"@type":"ImageObject","inLanguage":"es","@id":"https:\/\/patagoniambiental.com.ar\/info\/#\/schema\/logo\/image\/","url":"https:\/\/patagoniambiental.com.ar\/info\/wp-content\/uploads\/2025\/05\/LOGO-PATAGONIA-AMBIENTAL.png","contentUrl":"https:\/\/patagoniambiental.com.ar\/info\/wp-content\/uploads\/2025\/05\/LOGO-PATAGONIA-AMBIENTAL.png","width":433,"height":250,"caption":"Patagonia Ambiental"},"image":{"@id":"https:\/\/patagoniambiental.com.ar\/info\/#\/schema\/logo\/image\/"},"sameAs":["https:\/\/www.facebook.com\/patagonia.ambiental","https:\/\/x.com\/PatAmb"]},{"@type":"Person","@id":"https:\/\/patagoniambiental.com.ar\/info\/#\/schema\/person\/e5af09d700b2e82cb10c6b8800e0c691","name":"BRAIAN ESTEVEZ","sameAs":["http:\/\/www.patagoniambiental.com.ar"]}]}},"_links":{"self":[{"href":"https:\/\/patagoniambiental.com.ar\/info\/wp-json\/wp\/v2\/posts\/73134","targetHints":{"allow":["GET"]}}],"collection":[{"href":"https:\/\/patagoniambiental.com.ar\/info\/wp-json\/wp\/v2\/posts"}],"about":[{"href":"https:\/\/patagoniambiental.com.ar\/info\/wp-json\/wp\/v2\/types\/post"}],"author":[{"embeddable":true,"href":"https:\/\/patagoniambiental.com.ar\/info\/wp-json\/wp\/v2\/users\/6"}],"replies":[{"embeddable":true,"href":"https:\/\/patagoniambiental.com.ar\/info\/wp-json\/wp\/v2\/comments?post=73134"}],"version-history":[{"count":0,"href":"https:\/\/patagoniambiental.com.ar\/info\/wp-json\/wp\/v2\/posts\/73134\/revisions"}],"wp:featuredmedia":[{"embeddable":true,"href":"https:\/\/patagoniambiental.com.ar\/info\/wp-json\/wp\/v2\/media\/73135"}],"wp:attachment":[{"href":"https:\/\/patagoniambiental.com.ar\/info\/wp-json\/wp\/v2\/media?parent=73134"}],"wp:term":[{"taxonomy":"category","embeddable":true,"href":"https:\/\/patagoniambiental.com.ar\/info\/wp-json\/wp\/v2\/categories?post=73134"},{"taxonomy":"post_tag","embeddable":true,"href":"https:\/\/patagoniambiental.com.ar\/info\/wp-json\/wp\/v2\/tags?post=73134"}],"curies":[{"name":"wp","href":"https:\/\/api.w.org\/{rel}","templated":true}]}}