{"id":73149,"date":"2021-06-30T16:11:13","date_gmt":"2021-06-30T19:11:13","guid":{"rendered":"http:\/\/patagoniambiental.com.ar\/info\/?p=73149"},"modified":"2021-06-30T16:11:16","modified_gmt":"2021-06-30T19:11:16","slug":"con-muy-buen-ritmo-avanzan-los-paradores-del-circuito-la-trochita-en-la-estepa-rionegrina","status":"publish","type":"post","link":"https:\/\/patagoniambiental.com.ar\/info\/con-muy-buen-ritmo-avanzan-los-paradores-del-circuito-la-trochita-en-la-estepa-rionegrina\/","title":{"rendered":"Con muy buen ritmo avanzan los paradores del circuito \u00abLa Trochita\u00bb en la estepa rionegrina"},"content":{"rendered":"\n<!--more-->\n\n\n\n<figure class=\"wp-block-table\"><table><tbody><tr><td>Avanzan las obras de los paradores del circuito La Trochita en las estaciones de \u00d1orquinco, Ojos de Agua y del empalme Apeadero en Jacobacci. Ser\u00e1n paradores funcionales que brindar\u00e1n refugios, servicios sanitarios y \u00e1reas que faciliten a los pobladores locales ofrecer sus productos artesanales o servicios a los visitantes.Las obras fueron supervisadas hoy por el ministro de Obras y Servicios P\u00fablicos, Carlos Valeri, junto a la ministra de Turismo, Martha V\u00e9lez.Las obras&nbsp; del circuito de La Trochita buscan&nbsp; impulsar el desarrollo del producto tur\u00edstico ferroviario, diversificando la oferta hacia espacios de gran potencial de turismo-naturaleza como es la regi\u00f3n de la estepa rionegrina. En este sentido, Valeri, indic\u00f3 que se busca \u00abponer en valor el sistema de La Trochita, porque no solamente es el tren, sino tambi\u00e9n las paradas y estaciones que vamos construyendo\u00bb.Asimismo, la obra significa una proyecci\u00f3n tur\u00edstica provincial que beneficiar\u00e1 a residentes y turistas. El circuito que hace camino el tren es una regi\u00f3n que en la actualidad tiene la oportunidad de hacerse conocer, m\u00e1s all\u00e1 de sus paisajes, por su producci\u00f3n regional, ampliando sus servicios. Al respecto, la ministra Martha V\u00e9lez, se\u00f1al\u00f3 que \u00abes poner en movimiento a las econom\u00edas regionales, y con proyecci\u00f3n a futuro, con la finalizaci\u00f3n de la Ruta N\u00ba23\u00bb.<br><br><br>&nbsp;<strong>Obras<\/strong>&nbsp;Las obras de la Estaci\u00f3n Ojos de Agua apuntan a rescatar arquitect\u00f3nicamente una antigua vivienda ferroviaria que constituir\u00e1 un espacio con servicios gastron\u00f3micos de la cocina regional. Los avances de estos trabajos presentan un 78% de avance.&nbsp;En la Estaci\u00f3n Empalme Apeadero de Ingeniero Jacobacci, con un 28% de avance, actualmente se construye un centro de interpretaci\u00f3n de \u201cLa Trochita\u201d, incorporando material informativo sobre la historia del ferrocarril de trocha angosta, y la puesta en valor de elementos ferroviarios, representando en su conjunto un Complejo Museogr\u00e1fico.En&nbsp; tanto que en la Estaci\u00f3n \u00d1orquinco se construye&nbsp; un espacio que&nbsp; dar\u00e1 refugio a las actividades comerciales de productos artesanales y gastronom\u00eda local. Estas obras son las m\u00e1s avanzadas, registrando un progreso del 91%.En la recorrida de obras los ministros fueron acompa\u00f1ados por el secretario de Obras e Infraestructura, Alejandro Echarren, la Secretar\u00eda de Desarrollo de Infraestructura, Lucrecia Yunes, y el intendente, Carlos Toro.Las tres obras de infraestructura tur\u00edstica ferroviaria son totalmente financiadas por la Naci\u00f3n, aportando $20.588.381 para la obra de Estaci\u00f3n Ojos de Agua, $10.680.388 para el Parador Empalme Apeadero y $3.088.269 para la Estaci\u00f3n \u00d1orquinco, siendo un total de $34.357.038 de inversi\u00f3n en el producto tur\u00edstico provincial \u201cLa Trochita\u00bb. Las mismas&nbsp; corresponden a proyectos presentados por el Ministerio de Turismo de R\u00edo Negro en el marco del Programa Nacional 50 Destinos.<\/td><\/tr><\/tbody><\/table><\/figure>\n\n\n\n<figure class=\"wp-block-table\"><table><tbody><tr><td><a href=\"https:\/\/www.rionegro.gov.ar\/?contID=69860\" target=\"_blank\" rel=\"noreferrer noopener\">VER NOTA COMPLETA \u00bb<\/a>GOBIERNO DE R\u00cdO NEGROSecretar\u00eda de Comunicaci\u00f3n<a href=\"https:\/\/www.facebook.com\/rionegrogob\/\" target=\"_blank\" rel=\"noreferrer noopener\">Facebook<\/a><a href=\"https:\/\/twitter.com\/rionegrogob\" target=\"_blank\" rel=\"noreferrer noopener\">Twitter<\/a><a href=\"https:\/\/www.youtube.com\/channel\/UC6H8uadKTor1vy2y1EMqmLg\" target=\"_blank\" rel=\"noreferrer noopener\">Youtube<\/a><a href=\"https:\/\/www.flickr.com\/photos\/comunicacionrionegro\" target=\"_blank\" rel=\"noreferrer noopener\">Flickr<\/a>Laprida 212, Viedma, R.N.<br>comunicacionrionegro@gmail.com+54 02920 425700 \/ Interno 217<\/td><\/tr><\/tbody><\/table><figcaption>Fuente: Gobierno de Rio Negro<\/figcaption><\/figure>\n","protected":false},"excerpt":{"rendered":"","protected":false},"author":6,"featured_media":73150,"comment_status":"open","ping_status":"open","sticky":false,"template":"","format":"standard","meta":{"site-sidebar-layout":"default","site-content-layout":"","ast-site-content-layout":"default","site-content-style":"default","site-sidebar-style":"default","ast-global-header-display":"","ast-banner-title-visibility":"","ast-main-header-display":"","ast-hfb-above-header-display":"","ast-hfb-below-header-display":"","ast-hfb-mobile-header-display":"","site-post-title":"","ast-breadcrumbs-content":"","ast-featured-img":"","footer-sml-layout":"","ast-disable-related-posts":"","theme-transparent-header-meta":"","adv-header-id-meta":"","stick-header-meta":"","header-above-stick-meta":"","header-main-stick-meta":"","header-below-stick-meta":"","astra-migrate-meta-layouts":"default","ast-page-background-enabled":"default","ast-page-background-meta":{"desktop":{"background-color":"var(--ast-global-color-5)","background-image":"","background-repeat":"repeat","background-position":"center center","background-size":"auto","background-attachment":"scroll","background-type":"","background-media":"","overlay-type":"","overlay-color":"","overlay-opacity":"","overlay-gradient":""},"tablet":{"background-color":"","background-image":"","background-repeat":"repeat","background-position":"center center","background-size":"auto","background-attachment":"scroll","background-type":"","background-media":"","overlay-type":"","overlay-color":"","overlay-opacity":"","overlay-gradient":""},"mobile":{"background-color":"","background-image":"","background-repeat":"repeat","background-position":"center center","background-size":"auto","background-attachment":"scroll","background-type":"","background-media":"","overlay-type":"","overlay-color":"","overlay-opacity":"","overlay-gradient":""}},"ast-content-background-meta":{"desktop":{"background-color":"var(--ast-global-color-4)","background-image":"","background-repeat":"repeat","background-position":"center center","background-size":"auto","background-attachment":"scroll","background-type":"","background-media":"","overlay-type":"","overlay-color":"","overlay-opacity":"","overlay-gradient":""},"tablet":{"background-color":"var(--ast-global-color-4)","background-image":"","background-repeat":"repeat","background-position":"center center","background-size":"auto","background-attachment":"scroll","background-type":"","background-media":"","overlay-type":"","overlay-color":"","overlay-opacity":"","overlay-gradient":""},"mobile":{"background-color":"var(--ast-global-color-4)","background-image":"","background-repeat":"repeat","background-position":"center center","background-size":"auto","background-attachment":"scroll","background-type":"","background-media":"","overlay-type":"","overlay-color":"","overlay-opacity":"","overlay-gradient":""}},"footnotes":""},"categories":[1,13,14],"tags":[],"class_list":["post-73149","post","type-post","status-publish","format-standard","has-post-thumbnail","hentry","category-noticias","category-provinciales","category-rio-negro"],"yoast_head":"<!-- This site is optimized with the Yoast SEO Premium plugin v23.0 (Yoast SEO v27.5) - https:\/\/yoast.com\/product\/yoast-seo-premium-wordpress\/ -->\n<title>Con muy buen ritmo avanzan los paradores del circuito &quot;La Trochita&quot; en la estepa rionegrina<\/title>\n<meta name=\"robots\" content=\"index, follow, max-snippet:-1, max-image-preview:large, max-video-preview:-1\" \/>\n<link rel=\"canonical\" href=\"https:\/\/patagoniambiental.com.ar\/info\/con-muy-buen-ritmo-avanzan-los-paradores-del-circuito-la-trochita-en-la-estepa-rionegrina\/\" \/>\n<meta property=\"og:locale\" content=\"es_ES\" \/>\n<meta property=\"og:type\" content=\"article\" \/>\n<meta property=\"og:title\" content=\"Con muy buen ritmo avanzan los paradores del circuito &quot;La Trochita&quot; en la estepa rionegrina\" \/>\n<meta property=\"og:url\" content=\"https:\/\/patagoniambiental.com.ar\/info\/con-muy-buen-ritmo-avanzan-los-paradores-del-circuito-la-trochita-en-la-estepa-rionegrina\/\" \/>\n<meta property=\"og:site_name\" content=\"Patagonia Ambiental\" \/>\n<meta property=\"article:publisher\" content=\"https:\/\/www.facebook.com\/patagonia.ambiental\" \/>\n<meta property=\"article:published_time\" content=\"2021-06-30T19:11:13+00:00\" \/>\n<meta property=\"article:modified_time\" content=\"2021-06-30T19:11:16+00:00\" \/>\n<meta property=\"og:image\" content=\"https:\/\/patagoniambiental.com.ar\/info\/wp-content\/uploads\/2021\/06\/00058222.jpg\" \/>\n\t<meta property=\"og:image:width\" content=\"462\" \/>\n\t<meta property=\"og:image:height\" content=\"308\" \/>\n\t<meta property=\"og:image:type\" content=\"image\/jpeg\" \/>\n<meta name=\"author\" content=\"BRAIAN ESTEVEZ\" \/>\n<meta name=\"twitter:card\" content=\"summary_large_image\" \/>\n<meta name=\"twitter:creator\" content=\"@PatAmb\" \/>\n<meta name=\"twitter:site\" content=\"@PatAmb\" \/>\n<script type=\"application\/ld+json\" class=\"yoast-schema-graph\">{\"@context\":\"https:\\\/\\\/schema.org\",\"@graph\":[{\"@type\":\"Article\",\"@id\":\"https:\\\/\\\/patagoniambiental.com.ar\\\/info\\\/con-muy-buen-ritmo-avanzan-los-paradores-del-circuito-la-trochita-en-la-estepa-rionegrina\\\/#article\",\"isPartOf\":{\"@id\":\"https:\\\/\\\/patagoniambiental.com.ar\\\/info\\\/con-muy-buen-ritmo-avanzan-los-paradores-del-circuito-la-trochita-en-la-estepa-rionegrina\\\/\"},\"author\":{\"name\":\"BRAIAN ESTEVEZ\",\"@id\":\"https:\\\/\\\/patagoniambiental.com.ar\\\/info\\\/#\\\/schema\\\/person\\\/e5af09d700b2e82cb10c6b8800e0c691\"},\"headline\":\"Con muy buen ritmo avanzan los paradores del circuito \u00abLa Trochita\u00bb en la estepa rionegrina\",\"datePublished\":\"2021-06-30T19:11:13+00:00\",\"dateModified\":\"2021-06-30T19:11:16+00:00\",\"mainEntityOfPage\":{\"@id\":\"https:\\\/\\\/patagoniambiental.com.ar\\\/info\\\/con-muy-buen-ritmo-avanzan-los-paradores-del-circuito-la-trochita-en-la-estepa-rionegrina\\\/\"},\"wordCount\":512,\"commentCount\":0,\"publisher\":{\"@id\":\"https:\\\/\\\/patagoniambiental.com.ar\\\/info\\\/#organization\"},\"image\":{\"@id\":\"https:\\\/\\\/patagoniambiental.com.ar\\\/info\\\/con-muy-buen-ritmo-avanzan-los-paradores-del-circuito-la-trochita-en-la-estepa-rionegrina\\\/#primaryimage\"},\"thumbnailUrl\":\"https:\\\/\\\/patagoniambiental.com.ar\\\/info\\\/wp-content\\\/uploads\\\/2021\\\/06\\\/00058222.jpg\",\"articleSection\":[\"Noticias\",\"Provinciales\",\"R\u00edo Negro\"],\"inLanguage\":\"es\",\"potentialAction\":[{\"@type\":\"CommentAction\",\"name\":\"Comment\",\"target\":[\"https:\\\/\\\/patagoniambiental.com.ar\\\/info\\\/con-muy-buen-ritmo-avanzan-los-paradores-del-circuito-la-trochita-en-la-estepa-rionegrina\\\/#respond\"]}]},{\"@type\":\"WebPage\",\"@id\":\"https:\\\/\\\/patagoniambiental.com.ar\\\/info\\\/con-muy-buen-ritmo-avanzan-los-paradores-del-circuito-la-trochita-en-la-estepa-rionegrina\\\/\",\"url\":\"https:\\\/\\\/patagoniambiental.com.ar\\\/info\\\/con-muy-buen-ritmo-avanzan-los-paradores-del-circuito-la-trochita-en-la-estepa-rionegrina\\\/\",\"name\":\"Con muy buen ritmo avanzan los paradores del circuito \\\"La Trochita\\\" en la estepa rionegrina\",\"isPartOf\":{\"@id\":\"https:\\\/\\\/patagoniambiental.com.ar\\\/info\\\/#website\"},\"primaryImageOfPage\":{\"@id\":\"https:\\\/\\\/patagoniambiental.com.ar\\\/info\\\/con-muy-buen-ritmo-avanzan-los-paradores-del-circuito-la-trochita-en-la-estepa-rionegrina\\\/#primaryimage\"},\"image\":{\"@id\":\"https:\\\/\\\/patagoniambiental.com.ar\\\/info\\\/con-muy-buen-ritmo-avanzan-los-paradores-del-circuito-la-trochita-en-la-estepa-rionegrina\\\/#primaryimage\"},\"thumbnailUrl\":\"https:\\\/\\\/patagoniambiental.com.ar\\\/info\\\/wp-content\\\/uploads\\\/2021\\\/06\\\/00058222.jpg\",\"datePublished\":\"2021-06-30T19:11:13+00:00\",\"dateModified\":\"2021-06-30T19:11:16+00:00\",\"breadcrumb\":{\"@id\":\"https:\\\/\\\/patagoniambiental.com.ar\\\/info\\\/con-muy-buen-ritmo-avanzan-los-paradores-del-circuito-la-trochita-en-la-estepa-rionegrina\\\/#breadcrumb\"},\"inLanguage\":\"es\",\"potentialAction\":[{\"@type\":\"ReadAction\",\"target\":[\"https:\\\/\\\/patagoniambiental.com.ar\\\/info\\\/con-muy-buen-ritmo-avanzan-los-paradores-del-circuito-la-trochita-en-la-estepa-rionegrina\\\/\"]}]},{\"@type\":\"ImageObject\",\"inLanguage\":\"es\",\"@id\":\"https:\\\/\\\/patagoniambiental.com.ar\\\/info\\\/con-muy-buen-ritmo-avanzan-los-paradores-del-circuito-la-trochita-en-la-estepa-rionegrina\\\/#primaryimage\",\"url\":\"https:\\\/\\\/patagoniambiental.com.ar\\\/info\\\/wp-content\\\/uploads\\\/2021\\\/06\\\/00058222.jpg\",\"contentUrl\":\"https:\\\/\\\/patagoniambiental.com.ar\\\/info\\\/wp-content\\\/uploads\\\/2021\\\/06\\\/00058222.jpg\",\"width\":462,\"height\":308},{\"@type\":\"BreadcrumbList\",\"@id\":\"https:\\\/\\\/patagoniambiental.com.ar\\\/info\\\/con-muy-buen-ritmo-avanzan-los-paradores-del-circuito-la-trochita-en-la-estepa-rionegrina\\\/#breadcrumb\",\"itemListElement\":[{\"@type\":\"ListItem\",\"position\":1,\"name\":\"Inicio\",\"item\":\"https:\\\/\\\/patagoniambiental.com.ar\\\/info\\\/\"},{\"@type\":\"ListItem\",\"position\":2,\"name\":\"Con muy buen ritmo avanzan los paradores del circuito \u00abLa Trochita\u00bb en la estepa rionegrina\"}]},{\"@type\":\"WebSite\",\"@id\":\"https:\\\/\\\/patagoniambiental.com.ar\\\/info\\\/#website\",\"url\":\"https:\\\/\\\/patagoniambiental.com.ar\\\/info\\\/\",\"name\":\"Patagonia Ambiental\",\"description\":\"Monitoreo y an\u00e1lisis de la situaci\u00f3n geopol\u00edtica en el mundo y su implicancia en la Patagonia\",\"publisher\":{\"@id\":\"https:\\\/\\\/patagoniambiental.com.ar\\\/info\\\/#organization\"},\"potentialAction\":[{\"@type\":\"SearchAction\",\"target\":{\"@type\":\"EntryPoint\",\"urlTemplate\":\"https:\\\/\\\/patagoniambiental.com.ar\\\/info\\\/?s={search_term_string}\"},\"query-input\":{\"@type\":\"PropertyValueSpecification\",\"valueRequired\":true,\"valueName\":\"search_term_string\"}}],\"inLanguage\":\"es\"},{\"@type\":\"Organization\",\"@id\":\"https:\\\/\\\/patagoniambiental.com.ar\\\/info\\\/#organization\",\"name\":\"Patagonia Ambiental\",\"url\":\"https:\\\/\\\/patagoniambiental.com.ar\\\/info\\\/\",\"logo\":{\"@type\":\"ImageObject\",\"inLanguage\":\"es\",\"@id\":\"https:\\\/\\\/patagoniambiental.com.ar\\\/info\\\/#\\\/schema\\\/logo\\\/image\\\/\",\"url\":\"https:\\\/\\\/patagoniambiental.com.ar\\\/info\\\/wp-content\\\/uploads\\\/2025\\\/05\\\/LOGO-PATAGONIA-AMBIENTAL.png\",\"contentUrl\":\"https:\\\/\\\/patagoniambiental.com.ar\\\/info\\\/wp-content\\\/uploads\\\/2025\\\/05\\\/LOGO-PATAGONIA-AMBIENTAL.png\",\"width\":433,\"height\":250,\"caption\":\"Patagonia Ambiental\"},\"image\":{\"@id\":\"https:\\\/\\\/patagoniambiental.com.ar\\\/info\\\/#\\\/schema\\\/logo\\\/image\\\/\"},\"sameAs\":[\"https:\\\/\\\/www.facebook.com\\\/patagonia.ambiental\",\"https:\\\/\\\/x.com\\\/PatAmb\"]},{\"@type\":\"Person\",\"@id\":\"https:\\\/\\\/patagoniambiental.com.ar\\\/info\\\/#\\\/schema\\\/person\\\/e5af09d700b2e82cb10c6b8800e0c691\",\"name\":\"BRAIAN ESTEVEZ\",\"sameAs\":[\"http:\\\/\\\/www.patagoniambiental.com.ar\"]}]}<\/script>\n<!-- \/ Yoast SEO Premium plugin. -->","yoast_head_json":{"title":"Con muy buen ritmo avanzan los paradores del circuito \"La Trochita\" en la estepa rionegrina","robots":{"index":"index","follow":"follow","max-snippet":"max-snippet:-1","max-image-preview":"max-image-preview:large","max-video-preview":"max-video-preview:-1"},"canonical":"https:\/\/patagoniambiental.com.ar\/info\/con-muy-buen-ritmo-avanzan-los-paradores-del-circuito-la-trochita-en-la-estepa-rionegrina\/","og_locale":"es_ES","og_type":"article","og_title":"Con muy buen ritmo avanzan los paradores del circuito \"La Trochita\" en la estepa rionegrina","og_url":"https:\/\/patagoniambiental.com.ar\/info\/con-muy-buen-ritmo-avanzan-los-paradores-del-circuito-la-trochita-en-la-estepa-rionegrina\/","og_site_name":"Patagonia Ambiental","article_publisher":"https:\/\/www.facebook.com\/patagonia.ambiental","article_published_time":"2021-06-30T19:11:13+00:00","article_modified_time":"2021-06-30T19:11:16+00:00","og_image":[{"width":462,"height":308,"url":"https:\/\/patagoniambiental.com.ar\/info\/wp-content\/uploads\/2021\/06\/00058222.jpg","type":"image\/jpeg"}],"author":"BRAIAN ESTEVEZ","twitter_card":"summary_large_image","twitter_creator":"@PatAmb","twitter_site":"@PatAmb","schema":{"@context":"https:\/\/schema.org","@graph":[{"@type":"Article","@id":"https:\/\/patagoniambiental.com.ar\/info\/con-muy-buen-ritmo-avanzan-los-paradores-del-circuito-la-trochita-en-la-estepa-rionegrina\/#article","isPartOf":{"@id":"https:\/\/patagoniambiental.com.ar\/info\/con-muy-buen-ritmo-avanzan-los-paradores-del-circuito-la-trochita-en-la-estepa-rionegrina\/"},"author":{"name":"BRAIAN ESTEVEZ","@id":"https:\/\/patagoniambiental.com.ar\/info\/#\/schema\/person\/e5af09d700b2e82cb10c6b8800e0c691"},"headline":"Con muy buen ritmo avanzan los paradores del circuito \u00abLa Trochita\u00bb en la estepa rionegrina","datePublished":"2021-06-30T19:11:13+00:00","dateModified":"2021-06-30T19:11:16+00:00","mainEntityOfPage":{"@id":"https:\/\/patagoniambiental.com.ar\/info\/con-muy-buen-ritmo-avanzan-los-paradores-del-circuito-la-trochita-en-la-estepa-rionegrina\/"},"wordCount":512,"commentCount":0,"publisher":{"@id":"https:\/\/patagoniambiental.com.ar\/info\/#organization"},"image":{"@id":"https:\/\/patagoniambiental.com.ar\/info\/con-muy-buen-ritmo-avanzan-los-paradores-del-circuito-la-trochita-en-la-estepa-rionegrina\/#primaryimage"},"thumbnailUrl":"https:\/\/patagoniambiental.com.ar\/info\/wp-content\/uploads\/2021\/06\/00058222.jpg","articleSection":["Noticias","Provinciales","R\u00edo Negro"],"inLanguage":"es","potentialAction":[{"@type":"CommentAction","name":"Comment","target":["https:\/\/patagoniambiental.com.ar\/info\/con-muy-buen-ritmo-avanzan-los-paradores-del-circuito-la-trochita-en-la-estepa-rionegrina\/#respond"]}]},{"@type":"WebPage","@id":"https:\/\/patagoniambiental.com.ar\/info\/con-muy-buen-ritmo-avanzan-los-paradores-del-circuito-la-trochita-en-la-estepa-rionegrina\/","url":"https:\/\/patagoniambiental.com.ar\/info\/con-muy-buen-ritmo-avanzan-los-paradores-del-circuito-la-trochita-en-la-estepa-rionegrina\/","name":"Con muy buen ritmo avanzan los paradores del circuito \"La Trochita\" en la estepa rionegrina","isPartOf":{"@id":"https:\/\/patagoniambiental.com.ar\/info\/#website"},"primaryImageOfPage":{"@id":"https:\/\/patagoniambiental.com.ar\/info\/con-muy-buen-ritmo-avanzan-los-paradores-del-circuito-la-trochita-en-la-estepa-rionegrina\/#primaryimage"},"image":{"@id":"https:\/\/patagoniambiental.com.ar\/info\/con-muy-buen-ritmo-avanzan-los-paradores-del-circuito-la-trochita-en-la-estepa-rionegrina\/#primaryimage"},"thumbnailUrl":"https:\/\/patagoniambiental.com.ar\/info\/wp-content\/uploads\/2021\/06\/00058222.jpg","datePublished":"2021-06-30T19:11:13+00:00","dateModified":"2021-06-30T19:11:16+00:00","breadcrumb":{"@id":"https:\/\/patagoniambiental.com.ar\/info\/con-muy-buen-ritmo-avanzan-los-paradores-del-circuito-la-trochita-en-la-estepa-rionegrina\/#breadcrumb"},"inLanguage":"es","potentialAction":[{"@type":"ReadAction","target":["https:\/\/patagoniambiental.com.ar\/info\/con-muy-buen-ritmo-avanzan-los-paradores-del-circuito-la-trochita-en-la-estepa-rionegrina\/"]}]},{"@type":"ImageObject","inLanguage":"es","@id":"https:\/\/patagoniambiental.com.ar\/info\/con-muy-buen-ritmo-avanzan-los-paradores-del-circuito-la-trochita-en-la-estepa-rionegrina\/#primaryimage","url":"https:\/\/patagoniambiental.com.ar\/info\/wp-content\/uploads\/2021\/06\/00058222.jpg","contentUrl":"https:\/\/patagoniambiental.com.ar\/info\/wp-content\/uploads\/2021\/06\/00058222.jpg","width":462,"height":308},{"@type":"BreadcrumbList","@id":"https:\/\/patagoniambiental.com.ar\/info\/con-muy-buen-ritmo-avanzan-los-paradores-del-circuito-la-trochita-en-la-estepa-rionegrina\/#breadcrumb","itemListElement":[{"@type":"ListItem","position":1,"name":"Inicio","item":"https:\/\/patagoniambiental.com.ar\/info\/"},{"@type":"ListItem","position":2,"name":"Con muy buen ritmo avanzan los paradores del circuito \u00abLa Trochita\u00bb en la estepa rionegrina"}]},{"@type":"WebSite","@id":"https:\/\/patagoniambiental.com.ar\/info\/#website","url":"https:\/\/patagoniambiental.com.ar\/info\/","name":"Patagonia Ambiental","description":"Monitoreo y an\u00e1lisis de la situaci\u00f3n geopol\u00edtica en el mundo y su implicancia en la Patagonia","publisher":{"@id":"https:\/\/patagoniambiental.com.ar\/info\/#organization"},"potentialAction":[{"@type":"SearchAction","target":{"@type":"EntryPoint","urlTemplate":"https:\/\/patagoniambiental.com.ar\/info\/?s={search_term_string}"},"query-input":{"@type":"PropertyValueSpecification","valueRequired":true,"valueName":"search_term_string"}}],"inLanguage":"es"},{"@type":"Organization","@id":"https:\/\/patagoniambiental.com.ar\/info\/#organization","name":"Patagonia Ambiental","url":"https:\/\/patagoniambiental.com.ar\/info\/","logo":{"@type":"ImageObject","inLanguage":"es","@id":"https:\/\/patagoniambiental.com.ar\/info\/#\/schema\/logo\/image\/","url":"https:\/\/patagoniambiental.com.ar\/info\/wp-content\/uploads\/2025\/05\/LOGO-PATAGONIA-AMBIENTAL.png","contentUrl":"https:\/\/patagoniambiental.com.ar\/info\/wp-content\/uploads\/2025\/05\/LOGO-PATAGONIA-AMBIENTAL.png","width":433,"height":250,"caption":"Patagonia Ambiental"},"image":{"@id":"https:\/\/patagoniambiental.com.ar\/info\/#\/schema\/logo\/image\/"},"sameAs":["https:\/\/www.facebook.com\/patagonia.ambiental","https:\/\/x.com\/PatAmb"]},{"@type":"Person","@id":"https:\/\/patagoniambiental.com.ar\/info\/#\/schema\/person\/e5af09d700b2e82cb10c6b8800e0c691","name":"BRAIAN ESTEVEZ","sameAs":["http:\/\/www.patagoniambiental.com.ar"]}]}},"_links":{"self":[{"href":"https:\/\/patagoniambiental.com.ar\/info\/wp-json\/wp\/v2\/posts\/73149","targetHints":{"allow":["GET"]}}],"collection":[{"href":"https:\/\/patagoniambiental.com.ar\/info\/wp-json\/wp\/v2\/posts"}],"about":[{"href":"https:\/\/patagoniambiental.com.ar\/info\/wp-json\/wp\/v2\/types\/post"}],"author":[{"embeddable":true,"href":"https:\/\/patagoniambiental.com.ar\/info\/wp-json\/wp\/v2\/users\/6"}],"replies":[{"embeddable":true,"href":"https:\/\/patagoniambiental.com.ar\/info\/wp-json\/wp\/v2\/comments?post=73149"}],"version-history":[{"count":0,"href":"https:\/\/patagoniambiental.com.ar\/info\/wp-json\/wp\/v2\/posts\/73149\/revisions"}],"wp:featuredmedia":[{"embeddable":true,"href":"https:\/\/patagoniambiental.com.ar\/info\/wp-json\/wp\/v2\/media\/73150"}],"wp:attachment":[{"href":"https:\/\/patagoniambiental.com.ar\/info\/wp-json\/wp\/v2\/media?parent=73149"}],"wp:term":[{"taxonomy":"category","embeddable":true,"href":"https:\/\/patagoniambiental.com.ar\/info\/wp-json\/wp\/v2\/categories?post=73149"},{"taxonomy":"post_tag","embeddable":true,"href":"https:\/\/patagoniambiental.com.ar\/info\/wp-json\/wp\/v2\/tags?post=73149"}],"curies":[{"name":"wp","href":"https:\/\/api.w.org\/{rel}","templated":true}]}}